{"id":240562,"date":"2019-09-18T10:22:01","date_gmt":"2019-09-18T09:22:01","guid":{"rendered":"http:\/\/kapitalis.com\/tunisie\/?p=240562"},"modified":"2019-09-18T10:22:02","modified_gmt":"2019-09-18T09:22:02","slug":"saied-et-karoui-au-2e-tour-de-la-presidentielle-2019-la-tunisie-menacee-de-crash-democratique","status":"publish","type":"post","link":"https:\/\/kapitalis.com\/tunisie\/2019\/09\/18\/saied-et-karoui-au-2e-tour-de-la-presidentielle-2019-la-tunisie-menacee-de-crash-democratique\/","title":{"rendered":"Saied et Karoui au 2e tour de la pr\u00e9sidentielle 2019 : La Tunisie menac\u00e9e de crash d\u00e9mocratique"},"content":{"rendered":"\n<figure class=\"wp-block-image\"><img decoding=\"async\" src=\"http:\/\/kapitalis.com\/tunisie\/wp-content\/uploads\/2019\/09\/Kais-Saied-Nabil-Karoui.jpg\" alt=\"\" class=\"wp-image-240572\"\/><\/figure>\n\n\n\n<p><strong><em>Les Tunisiens qui se d\u00e9placeront pour \u00e9lire leur prochain pr\u00e9sident n\u2019auront m\u00eame pas la possibilit\u00e9 de voter utile ou de choisir le moins mauvais des deux candidats, dans la mesure o\u00f9 les deux pr\u00e9sentent une menace r\u00e9elle pour le pays.<\/em><\/strong><\/p>\n\n\n\n<p> Par <strong>Kh\u00e9maies Krimi <\/strong><\/p>\n\n\n\n<!--more-->\n\n\n\n<p> L\u2019Instance sup\u00e9rieure ind\u00e9pendante pour les \u00e9lections (Isie) a confirm\u00e9, hier mardi, 17 septembre 2019, ce qu\u2019avaient pronostiqu\u00e9 les bureaux de sondage, depuis quatre mois : la victoire, au premier tour de la pr\u00e9sidentielle anticip\u00e9e de 2019, organis\u00e9e deux jours auparavant, des candidats Kais Saied <em>\u00abind\u00e9pendant\u00bb<\/em> et Nabil Karoui du parti Qalb Toun\u00e8s, et ce,  sur un total de 26 postulants en lice. <\/p>\n\n\n\n<p> Le triomphe de ces deux outsiders populistes, sans pass\u00e9 militant connu, a \u00e9t\u00e9 interpr\u00e9t\u00e9, \u00e0 chaud, comme une claque d\u00e9mocratique, voire comme un vote sanction des partis modernistes et islamistes qui ont gouvern\u00e9 la Tunisie, \u00e0 la faveur d\u2019un improbable consensus, depuis le soul\u00e8vement du 14 janvier 2011. <\/p>\n\n\n\n<p> Selon les observateurs, ce vote constitue, non seulement, un tournant historique qui annonce une recomposition profonde du paysage politique dans le pays, mais \u00e9galement, un \u00e9clatement des<em> \u00abfamilles\u00bb<\/em> d\u00e9mocrate et moderniste et islamiste, qui sont all\u00e9s \u00e0 ce scrutin en rangs dispers\u00e9s. Et pour cause. Le succ\u00e8s de Kais Saied, l\u2019universitaire constitutionnaliste, et Nabil Karoui, le patron de la cha\u00eene de t\u00e9l\u00e9vision Nessma, est venu consacrer l\u2019\u00e9mergence, dans le pays, de deux nouvelles formes de populisme que l\u2019on peut qualifier, respectivement, de<em> \u00abmoral\u00bb<\/em> et d\u2019<em>\u00abalimentaire\u00bb<\/em>.<\/p>\n\n\n\n<h3 class=\"wp-block-heading\"> Kais Saied, champion du populisme moral <\/h3>\n\n\n\n<p> Kais Saied, qui a exploit\u00e9 le vivier \u00e9lectoral des exclus des partis politiques dont le tandem Nidaa Toun\u00e8s et Ennahdha, s\u2019est distingu\u00e9 par son discours conservateur et moralisateur, qui a subjugu\u00e9 des Tunisiens d\u00e9boussol\u00e9s en qu\u00eate de r\u00e9f\u00e9rence identitaire et d\u2019autres indign\u00e9s, qui sont descendus dans la rue, le 14 janvier 2011, pour faire tomber le r\u00e9gime de l\u2019ancien dictateur Zine El Abidine Ben Ali. Ce sont ces populations-l\u00e0 qui ont soutenu Kais Saied et l\u2019ont port\u00e9 au second tour. <\/p>\n\n\n\n<p> Ces gens-l\u00e0 s\u2019\u00e9taient regroup\u00e9s au sein de ce qui reste de la Ligue de protection de la r\u00e9volution (LPR), une milice islamiste cr\u00e9\u00e9e en mai 2012 avec l\u2019objectif de pr\u00e9server <em>\u00ables acquis de la r\u00e9volution\u00bb<\/em> et de<em> \u00abrenforcer l\u2019identit\u00e9 arabo-musulmane\u00bb <\/em>de la Tunisie. Des \u00e9l\u00e9ments issus de la gauche anarchiste et des nationalistes arabes en rupture de ban les ont rejoints pour constituer un corps \u00e9lectoral on ne peut plus disparate auquel seule la personnalit\u00e9 carr\u00e9 de Kaies Saied semble donner un semblant de coh\u00e9rence ou d\u2019unit\u00e9.    <\/p>\n\n\n\n<p> Pour revenir au programme de cet improbable candidat au palais de Carthage, rappelons qu\u2019il a promis aux int\u00e9gristes religieux, entre autres, d\u2019instaurer une d\u00e9mocratie directe \u00e0 la Kadhafi (comit\u00e9 populaires locaux), de retirer le projet de r\u00e9forme sur l\u2019\u00e9galit\u00e9 successorale entre l\u2019homme et la femme, d\u2019emp\u00eacher la d\u00e9p\u00e9nalisation de l\u2019homosexualit\u00e9, de maintenir la peine de mort et de veiller \u00e0 ce que les prochaines lois ne soient pas en contradiction avec les pr\u00e9ceptes de l\u2019islam, religion de l\u2019Etat tunisien. Et pour s\u2019attirer le vote des nationalistes arabes, il  a tenu un discours anti fran\u00e7ais, accusant la France d\u2019avoir pill\u00e9 les ressources du pays durant la p\u00e9riode coloniale, agitant ainsi de vieux d\u00e9mons que le renforcement de la coop\u00e9ration tuniso-fran\u00e7aise au cours des 60 derni\u00e8res ann\u00e9es a presque fait oublier. <\/p>\n\n\n\n<p> Aux Tunisiens dont les revendications tournaient essentiellement autour de l\u2019emploi et de l\u2019am\u00e9lioration des conditions de vie dans les r\u00e9gions d\u00e9sh\u00e9rit\u00e9es, Kais Saied, qui a \u00e9t\u00e9 soutenu par un r\u00e9seau de jeunes Facebookers r\u00e9partis sur tout le pays, il a promis d\u2019amnistier les hommes d\u2019affaires impliqu\u00e9s dans des affaires de corruption \u00e0 la seule condition qu\u2019ils investissent dans ces r\u00e9gions. Il n\u2019a cependant pas expliqu\u00e9 la mani\u00e8re avec laquelle il compte s\u2019y prendre.<\/p>\n\n\n\n<h3 class=\"wp-block-heading\"> Nabil Karoui, le p\u00e8re No\u00ebl du sous-prolitariat rural <\/h3>\n\n\n\n<p> Quant \u00e0 Nabil Karoui, incarc\u00e9r\u00e9 depuis le 13 ao\u00fbt et poursuivi dans des affaires de blanchiment d\u2019argent et de fraude fiscale, il a fait de la mis\u00e8re des d\u00e9munis un v\u00e9ritable business politique. <\/p>\n\n\n\n<p> Surnomm\u00e9, tour \u00e0 tour, Abb\u00e9 Pierre, M\u00e8re Teresa, P\u00e8re No\u00ebl, ou encore<em> \u00able Berlusconi tunisien\u00bb, <\/em>en r\u00e9f\u00e9rence \u00e0 l\u2019ancien pr\u00e9sident du conseil italien, lui aussi magnat de t\u00e9l\u00e9vision, ce candidat, est loin d\u2019\u00eatre anti- syst\u00e8me, comme le pr\u00e9sentent abusivement ses partisans, car il a toujours \u00e9t\u00e9 au c\u0153ur du syst\u00e8me politique. Co-fondateur de Nidaa Tounes, il \u00e9tait tr\u00e8s proche de l\u2019ex- pr\u00e9sident B\u00e9ji Ca\u00efd Essebsi, et du pr\u00e9sident du parti islamiste Rached Ghannouchi, et avait ses entr\u00e9es au Palais de Carthage et au si\u00e8ge d\u2019Ennahdha \u00e0 Monplaisir. <\/p>\n\n\n\n<p> On doit dire plut\u00f4t que cet homme du syst\u00e8me a rus\u00e9 avec le syst\u00e8me en exploitant ses porosit\u00e9s, notamment une mauvaise loi sur les associations, pour se lancer dans des actions en apparence caritatives, mais dont la port\u00e9e politique n\u2019a pas tard\u00e9 \u00e0 sauter aux yeux. <\/p>\n\n\n\n<p> En l\u2019absence de contr\u00f4le strict du financement des associations, la Fondation Khalil Tounes, cr\u00e9\u00e9e par Nabil Karoui, a sillonn\u00e9 la Tunisie rurale pour distribuer aux pauvres et \u00e9ternels exclus du d\u00e9veloppement toutes sortes d\u2019aides (denr\u00e9es alimentaires, v\u00eatements, couvertures, fournitures scolaires, soins de sant\u00e9\u2026). Et c\u2019est ainsi qu\u2019il s\u2019est forg\u00e9 une popularit\u00e9 aupr\u00e8s de ce sous-prol\u00e9tariat et qu\u2019il est mont\u00e9 dans les sondages, avant de se faire \u00e9lire au 2e tour de la pr\u00e9sidentielle anticip\u00e9e. <\/p>\n\n\n\n<p> Cependant, cet homme hors-la-loi (sa cha\u00eene Nessma diffuse ill\u00e9galement ses programmes), <em>\u00abborder line\u00bb<\/em> et sans scrupules, arrivera-t-il au bout de ses r\u00eaves : passer de la prison de Mornaguia au palais de Carthage et de la posture de repris de justice \u00e0 celui de magistrat supr\u00eame ? Ce serait, on s\u2019en doute, le signe de l\u2019\u00e9chec final de la transition d\u00e9mocratique tunisienne. <\/p>\n\n\n\n<h3 class=\"wp-block-heading\">Choisir entre la peste et le chol\u00e9ra<\/h3>\n\n\n\n<p> Par-del\u00e0 ces consid\u00e9rations sur les deux candidats au second tour de la pr\u00e9sidentielle anticip\u00e9e, tout Tunisien dou\u00e9 de bon sens, qui regarde de pr\u00e8s les programmes et projets de ces deux outsiders de mauvais aloi et les \u00e9tudie par rapport \u00e0 ce qui se passe dans le monde, et particuli\u00e8rement par rapport \u00e0 la 4e r\u00e9volution industrielle en cours, se rendra facilement compte qu\u2019ils ne m\u00e8neront la Tunisie nulle part, et ce, pour deux raisons. <br> La premi\u00e8re est qu\u2019il n\u2019existe aucun pays dans le monde qui a \u00e9difi\u00e9e sa prosp\u00e9rit\u00e9 sur des promesses de types identitaires ou d\u00e9magogiques. En Tunisie, les deux r\u00e9gimes post-r\u00e9volution, celui de la <em>\u00abTro\u00efka\u00bb<\/em> conduit par Rached Ghannouchi et celui de Nidaa Toun\u00e8s sous la houlette de feu B\u00e9ji Ca\u00efd Essebsi ont men\u00e9 le pays \u00e0 la banqueroute. Pis, partout dans le monde, les projets identitaires sont assimil\u00e9s, de nos jours, au sous-d\u00e9veloppement et \u00e0 ses corollaires, la violence et le terrorisme. <\/p>\n\n\n\n<p> D\u2019ailleurs, ce n\u2019est par hasard si les nostalgiques du 6e califat \u00e9taient les premiers \u00e0 annoncer leur soutien au candidat Kais Saied pour le 2e tour. Il s\u2019agit, notamment, d\u2019Ameur Larayadh et Abdellatif Mekki, dirigeants d\u2019Enahdha, Moncef Marzouki, ancien pr\u00e9sident provisoire d\u00e9sign\u00e9 par les islamistes, Seifeddine Makhlouf, l\u2019avocat pr\u00e9f\u00e9r\u00e9 des djihadistes, le conservateur Mohamed Lotfi Mraihi, le nationaliste arabe Ahmed Safi Said, le syndicaliste \u00e0 l\u2019origine de tous les malheurs du secteur de l\u2019\u00e9ducation, Lassaad Yakoubi\u2026 <\/p>\n\n\n\n<p> La seconde est qu\u2019aucun pays au monde n\u2019est parvenu \u00e0 se hisser au rang des pays d\u00e9velopp\u00e9s et industrialis\u00e9s par l\u2019assistance sociale ou par la charit\u00e9. L\u2019am\u00e9lioration de la situation mat\u00e9rielle et morale des gens, que ce soit en milieu urbain ou rural, passe par la construction d\u2019une \u00e9conomie solide, solidaire et p\u00e9renne, port\u00e9e par le travail, la production et l\u2019exportation.  <\/p>\n\n\n\n<p> Sur la base de cette remarque et au regard des multiples risques que font encourir les deux candidats au pays, les Tunisiens qui se d\u00e9placeront pour \u00e9lire leur prochain pr\u00e9sident n\u2019auront m\u00eame pas la possibilit\u00e9 de voter utile et de choisir le moins mauvais des deux candidats dans la mesure o\u00f9 les deux pr\u00e9sentent une menace r\u00e9elle pour le pays. Et si jamais ils le feraient, ils auraient \u00e0 choisir entre la peste et le chol\u00e9ra. Ce sont l\u00e0, h\u00e9las, les al\u00e9as de la d\u00e9mocratie. <\/p>\n\n\n\n<p> Le risque majeur pour le pays serait de voir sa transition d\u00e9mocratique bloqu\u00e9e de nouveau par l\u2019effet d\u2019\u00e9ventuels d\u00e9saccords entre un de ces deux futurs pr\u00e9sidents, sans majorit\u00e9 pr\u00e9sidentielle, avec le futur chef de gouvernement issu de cette majorit\u00e9.  <\/p>\n\n\n\n<p> Dans le cas du sc\u00e9nario o\u00f9 le futur pr\u00e9sident aurait une majorit\u00e9 parlementaire et serait en harmonie avec le chef de gouvernement, ce serait tout simplement la catastrophe. Car, qu\u2019est-ce qui emp\u00eacherait ces derniers de changer les r\u00e8gles de jeu, d\u2019imposer leur mainmise sur le pouvoir judiciaire, de faire lib\u00e9rer les barons de la corruption, d\u2019assurer l\u2019impunit\u00e9 aux autres encore en libert\u00e9 et d\u2019instaurer, progressivement, une nouvelle dictature ?<\/p>\n","protected":false},"excerpt":{"rendered":"<p>Les Tunisiens qui se d\u00e9placeront pour \u00e9lire leur prochain pr\u00e9sident n\u2019auront m\u00eame pas la possibilit\u00e9 de voter utile ou de choisir le moins mauvais des deux candidats, dans la mesure o\u00f9 les deux pr\u00e9sentent une menace r\u00e9elle pour le pays. Par Kh\u00e9maies Krimi<\/p>\n","protected":false},"author":8,"featured_media":240572,"comment_status":"open","ping_status":"open","sticky":false,"template":"","format":"standard","meta":{"footnotes":""},"categories":[992,997,2433],"tags":[1648,12235,651,30562],"class_list":["post-240562","post","type-post","status-publish","format-standard","has-post-thumbnail","hentry","category-a-la-une","category-politique","category-tunisie","tag-islamistes","tag-kais-saied","tag-nabil-karoui","tag-presidentielle-2019"],"yoast_head":"<!-- This site is optimized with the Yoast SEO plugin v26.6 - https:\/\/yoast.com\/wordpress\/plugins\/seo\/ -->\n<title>Saied et Karoui au 2e tour de la pr\u00e9sidentielle 2019 : La Tunisie menac\u00e9e de crash d\u00e9mocratique - Kapitalis<\/title>\n<meta name=\"robots\" content=\"index, follow, max-snippet:-1, max-image-preview:large, max-video-preview:-1\" \/>\n<link rel=\"canonical\" href=\"https:\/\/kapitalis.com\/tunisie\/2019\/09\/18\/saied-et-karoui-au-2e-tour-de-la-presidentielle-2019-la-tunisie-menacee-de-crash-democratique\/\" \/>\n<meta property=\"og:locale\" content=\"fr_FR\" \/>\n<meta property=\"og:type\" content=\"article\" \/>\n<meta property=\"og:title\" content=\"Saied et Karoui au 2e tour de la pr\u00e9sidentielle 2019 : La Tunisie menac\u00e9e de crash d\u00e9mocratique - Kapitalis\" \/>\n<meta property=\"og:description\" content=\"Les Tunisiens qui se d\u00e9placeront pour \u00e9lire leur prochain pr\u00e9sident n\u2019auront m\u00eame pas la possibilit\u00e9 de voter utile ou de choisir le moins mauvais des deux candidats, dans la mesure o\u00f9 les deux pr\u00e9sentent une menace r\u00e9elle pour le pays. Par Kh\u00e9maies Krimi\" \/>\n<meta property=\"og:url\" content=\"https:\/\/kapitalis.com\/tunisie\/2019\/09\/18\/saied-et-karoui-au-2e-tour-de-la-presidentielle-2019-la-tunisie-menacee-de-crash-democratique\/\" \/>\n<meta property=\"og:site_name\" content=\"Kapitalis\" \/>\n<meta property=\"article:publisher\" content=\"https:\/\/www.facebook.com\/KapitalisInfo\/\" \/>\n<meta property=\"article:published_time\" content=\"2019-09-18T09:22:01+00:00\" \/>\n<meta property=\"article:modified_time\" content=\"2019-09-18T09:22:02+00:00\" \/>\n<meta property=\"og:image\" content=\"https:\/\/kapitalis.com\/tunisie\/wp-content\/uploads\/2022\/05\/kapitalis-logo-fb.png\" \/>\n\t<meta property=\"og:image:width\" content=\"1200\" \/>\n\t<meta property=\"og:image:height\" content=\"630\" \/>\n\t<meta property=\"og:image:type\" content=\"image\/png\" \/>\n<meta name=\"author\" content=\"webmaster kapitalis\" \/>\n<meta name=\"twitter:card\" content=\"summary_large_image\" \/>\n<meta name=\"twitter:creator\" content=\"@KapitalisInfo\" \/>\n<meta name=\"twitter:site\" content=\"@KapitalisInfo\" \/>\n<meta name=\"twitter:label1\" content=\"\u00c9crit par\" \/>\n\t<meta name=\"twitter:data1\" content=\"webmaster kapitalis\" \/>\n\t<meta name=\"twitter:label2\" content=\"Dur\u00e9e de lecture estim\u00e9e\" \/>\n\t<meta name=\"twitter:data2\" content=\"8 minutes\" \/>\n<script type=\"application\/ld+json\" class=\"yoast-schema-graph\">{\"@context\":\"https:\/\/schema.org\",\"@graph\":[{\"@type\":\"Article\",\"@id\":\"https:\/\/kapitalis.com\/tunisie\/2019\/09\/18\/saied-et-karoui-au-2e-tour-de-la-presidentielle-2019-la-tunisie-menacee-de-crash-democratique\/#article\",\"isPartOf\":{\"@id\":\"https:\/\/kapitalis.com\/tunisie\/2019\/09\/18\/saied-et-karoui-au-2e-tour-de-la-presidentielle-2019-la-tunisie-menacee-de-crash-democratique\/\"},\"author\":{\"name\":\"webmaster kapitalis\",\"@id\":\"https:\/\/kapitalis.com\/tunisie\/#\/schema\/person\/d71f33a9ca44f7bad4698210b480c8e9\"},\"headline\":\"Saied et Karoui au 2e tour de la pr\u00e9sidentielle 2019 : La Tunisie menac\u00e9e de crash d\u00e9mocratique\",\"datePublished\":\"2019-09-18T09:22:01+00:00\",\"dateModified\":\"2019-09-18T09:22:02+00:00\",\"mainEntityOfPage\":{\"@id\":\"https:\/\/kapitalis.com\/tunisie\/2019\/09\/18\/saied-et-karoui-au-2e-tour-de-la-presidentielle-2019-la-tunisie-menacee-de-crash-democratique\/\"},\"wordCount\":1628,\"commentCount\":10,\"publisher\":{\"@id\":\"https:\/\/kapitalis.com\/tunisie\/#organization\"},\"image\":{\"@id\":\"https:\/\/kapitalis.com\/tunisie\/2019\/09\/18\/saied-et-karoui-au-2e-tour-de-la-presidentielle-2019-la-tunisie-menacee-de-crash-democratique\/#primaryimage\"},\"thumbnailUrl\":\"\",\"keywords\":[\"islamistes\",\"Ka\u00efs Saied\",\"Nabil Karoui\",\"pr\u00e9sidentielle 2019\"],\"articleSection\":[\"A LA UNE\",\"POLITIQUE\",\"Tunisie\"],\"inLanguage\":\"fr-FR\",\"potentialAction\":[{\"@type\":\"CommentAction\",\"name\":\"Comment\",\"target\":[\"https:\/\/kapitalis.com\/tunisie\/2019\/09\/18\/saied-et-karoui-au-2e-tour-de-la-presidentielle-2019-la-tunisie-menacee-de-crash-democratique\/#respond\"]}]},{\"@type\":\"WebPage\",\"@id\":\"https:\/\/kapitalis.com\/tunisie\/2019\/09\/18\/saied-et-karoui-au-2e-tour-de-la-presidentielle-2019-la-tunisie-menacee-de-crash-democratique\/\",\"url\":\"https:\/\/kapitalis.com\/tunisie\/2019\/09\/18\/saied-et-karoui-au-2e-tour-de-la-presidentielle-2019-la-tunisie-menacee-de-crash-democratique\/\",\"name\":\"Saied et Karoui au 2e tour de la pr\u00e9sidentielle 2019 : La Tunisie menac\u00e9e de crash d\u00e9mocratique - Kapitalis\",\"isPartOf\":{\"@id\":\"https:\/\/kapitalis.com\/tunisie\/#website\"},\"primaryImageOfPage\":{\"@id\":\"https:\/\/kapitalis.com\/tunisie\/2019\/09\/18\/saied-et-karoui-au-2e-tour-de-la-presidentielle-2019-la-tunisie-menacee-de-crash-democratique\/#primaryimage\"},\"image\":{\"@id\":\"https:\/\/kapitalis.com\/tunisie\/2019\/09\/18\/saied-et-karoui-au-2e-tour-de-la-presidentielle-2019-la-tunisie-menacee-de-crash-democratique\/#primaryimage\"},\"thumbnailUrl\":\"\",\"datePublished\":\"2019-09-18T09:22:01+00:00\",\"dateModified\":\"2019-09-18T09:22:02+00:00\",\"breadcrumb\":{\"@id\":\"https:\/\/kapitalis.com\/tunisie\/2019\/09\/18\/saied-et-karoui-au-2e-tour-de-la-presidentielle-2019-la-tunisie-menacee-de-crash-democratique\/#breadcrumb\"},\"inLanguage\":\"fr-FR\",\"potentialAction\":[{\"@type\":\"ReadAction\",\"target\":[\"https:\/\/kapitalis.com\/tunisie\/2019\/09\/18\/saied-et-karoui-au-2e-tour-de-la-presidentielle-2019-la-tunisie-menacee-de-crash-democratique\/\"]}]},{\"@type\":\"ImageObject\",\"inLanguage\":\"fr-FR\",\"@id\":\"https:\/\/kapitalis.com\/tunisie\/2019\/09\/18\/saied-et-karoui-au-2e-tour-de-la-presidentielle-2019-la-tunisie-menacee-de-crash-democratique\/#primaryimage\",\"url\":\"\",\"contentUrl\":\"\"},{\"@type\":\"BreadcrumbList\",\"@id\":\"https:\/\/kapitalis.com\/tunisie\/2019\/09\/18\/saied-et-karoui-au-2e-tour-de-la-presidentielle-2019-la-tunisie-menacee-de-crash-democratique\/#breadcrumb\",\"itemListElement\":[{\"@type\":\"ListItem\",\"position\":1,\"name\":\"Accueil\",\"item\":\"https:\/\/kapitalis.com\/tunisie\/\"},{\"@type\":\"ListItem\",\"position\":2,\"name\":\"Saied et Karoui au 2e tour de la pr\u00e9sidentielle 2019 : La Tunisie menac\u00e9e de crash d\u00e9mocratique\"}]},{\"@type\":\"WebSite\",\"@id\":\"https:\/\/kapitalis.com\/tunisie\/#website\",\"url\":\"https:\/\/kapitalis.com\/tunisie\/\",\"name\":\"Kapitalis\",\"description\":\"L&#039;actualit\u00e9 en Tunisie et dans le monde\",\"publisher\":{\"@id\":\"https:\/\/kapitalis.com\/tunisie\/#organization\"},\"potentialAction\":[{\"@type\":\"SearchAction\",\"target\":{\"@type\":\"EntryPoint\",\"urlTemplate\":\"https:\/\/kapitalis.com\/tunisie\/?s={search_term_string}\"},\"query-input\":{\"@type\":\"PropertyValueSpecification\",\"valueRequired\":true,\"valueName\":\"search_term_string\"}}],\"inLanguage\":\"fr-FR\"},{\"@type\":\"Organization\",\"@id\":\"https:\/\/kapitalis.com\/tunisie\/#organization\",\"name\":\"Kapitalis\",\"url\":\"https:\/\/kapitalis.com\/tunisie\/\",\"logo\":{\"@type\":\"ImageObject\",\"inLanguage\":\"fr-FR\",\"@id\":\"https:\/\/kapitalis.com\/tunisie\/#\/schema\/logo\/image\/\",\"url\":\"https:\/\/kapitalis.com\/tunisie\/wp-content\/uploads\/2022\/05\/Kapitalis-big-size.png\",\"contentUrl\":\"https:\/\/kapitalis.com\/tunisie\/wp-content\/uploads\/2022\/05\/Kapitalis-big-size.png\",\"width\":5000,\"height\":1500,\"caption\":\"Kapitalis\"},\"image\":{\"@id\":\"https:\/\/kapitalis.com\/tunisie\/#\/schema\/logo\/image\/\"},\"sameAs\":[\"https:\/\/www.facebook.com\/KapitalisInfo\/\",\"https:\/\/x.com\/KapitalisInfo\",\"https:\/\/www.youtube.com\/channel\/UC-yDYrHyfFBWWZaOw3FPg9Q\"]},{\"@type\":\"Person\",\"@id\":\"https:\/\/kapitalis.com\/tunisie\/#\/schema\/person\/d71f33a9ca44f7bad4698210b480c8e9\",\"name\":\"webmaster kapitalis\",\"url\":\"https:\/\/kapitalis.com\/tunisie\/author\/webmaster-kapitalis\/\"}]}<\/script>\n<!-- \/ Yoast SEO plugin. -->","yoast_head_json":{"title":"Saied et Karoui au 2e tour de la pr\u00e9sidentielle 2019 : La Tunisie menac\u00e9e de crash d\u00e9mocratique - Kapitalis","robots":{"index":"index","follow":"follow","max-snippet":"max-snippet:-1","max-image-preview":"max-image-preview:large","max-video-preview":"max-video-preview:-1"},"canonical":"https:\/\/kapitalis.com\/tunisie\/2019\/09\/18\/saied-et-karoui-au-2e-tour-de-la-presidentielle-2019-la-tunisie-menacee-de-crash-democratique\/","og_locale":"fr_FR","og_type":"article","og_title":"Saied et Karoui au 2e tour de la pr\u00e9sidentielle 2019 : La Tunisie menac\u00e9e de crash d\u00e9mocratique - Kapitalis","og_description":"Les Tunisiens qui se d\u00e9placeront pour \u00e9lire leur prochain pr\u00e9sident n\u2019auront m\u00eame pas la possibilit\u00e9 de voter utile ou de choisir le moins mauvais des deux candidats, dans la mesure o\u00f9 les deux pr\u00e9sentent une menace r\u00e9elle pour le pays. Par Kh\u00e9maies Krimi","og_url":"https:\/\/kapitalis.com\/tunisie\/2019\/09\/18\/saied-et-karoui-au-2e-tour-de-la-presidentielle-2019-la-tunisie-menacee-de-crash-democratique\/","og_site_name":"Kapitalis","article_publisher":"https:\/\/www.facebook.com\/KapitalisInfo\/","article_published_time":"2019-09-18T09:22:01+00:00","article_modified_time":"2019-09-18T09:22:02+00:00","og_image":[{"width":1200,"height":630,"url":"https:\/\/kapitalis.com\/tunisie\/wp-content\/uploads\/2022\/05\/kapitalis-logo-fb.png","type":"image\/png"}],"author":"webmaster kapitalis","twitter_card":"summary_large_image","twitter_creator":"@KapitalisInfo","twitter_site":"@KapitalisInfo","twitter_misc":{"\u00c9crit par":"webmaster kapitalis","Dur\u00e9e de lecture estim\u00e9e":"8 minutes"},"schema":{"@context":"https:\/\/schema.org","@graph":[{"@type":"Article","@id":"https:\/\/kapitalis.com\/tunisie\/2019\/09\/18\/saied-et-karoui-au-2e-tour-de-la-presidentielle-2019-la-tunisie-menacee-de-crash-democratique\/#article","isPartOf":{"@id":"https:\/\/kapitalis.com\/tunisie\/2019\/09\/18\/saied-et-karoui-au-2e-tour-de-la-presidentielle-2019-la-tunisie-menacee-de-crash-democratique\/"},"author":{"name":"webmaster kapitalis","@id":"https:\/\/kapitalis.com\/tunisie\/#\/schema\/person\/d71f33a9ca44f7bad4698210b480c8e9"},"headline":"Saied et Karoui au 2e tour de la pr\u00e9sidentielle 2019 : La Tunisie menac\u00e9e de crash d\u00e9mocratique","datePublished":"2019-09-18T09:22:01+00:00","dateModified":"2019-09-18T09:22:02+00:00","mainEntityOfPage":{"@id":"https:\/\/kapitalis.com\/tunisie\/2019\/09\/18\/saied-et-karoui-au-2e-tour-de-la-presidentielle-2019-la-tunisie-menacee-de-crash-democratique\/"},"wordCount":1628,"commentCount":10,"publisher":{"@id":"https:\/\/kapitalis.com\/tunisie\/#organization"},"image":{"@id":"https:\/\/kapitalis.com\/tunisie\/2019\/09\/18\/saied-et-karoui-au-2e-tour-de-la-presidentielle-2019-la-tunisie-menacee-de-crash-democratique\/#primaryimage"},"thumbnailUrl":"","keywords":["islamistes","Ka\u00efs Saied","Nabil Karoui","pr\u00e9sidentielle 2019"],"articleSection":["A LA UNE","POLITIQUE","Tunisie"],"inLanguage":"fr-FR","potentialAction":[{"@type":"CommentAction","name":"Comment","target":["https:\/\/kapitalis.com\/tunisie\/2019\/09\/18\/saied-et-karoui-au-2e-tour-de-la-presidentielle-2019-la-tunisie-menacee-de-crash-democratique\/#respond"]}]},{"@type":"WebPage","@id":"https:\/\/kapitalis.com\/tunisie\/2019\/09\/18\/saied-et-karoui-au-2e-tour-de-la-presidentielle-2019-la-tunisie-menacee-de-crash-democratique\/","url":"https:\/\/kapitalis.com\/tunisie\/2019\/09\/18\/saied-et-karoui-au-2e-tour-de-la-presidentielle-2019-la-tunisie-menacee-de-crash-democratique\/","name":"Saied et Karoui au 2e tour de la pr\u00e9sidentielle 2019 : La Tunisie menac\u00e9e de crash d\u00e9mocratique - Kapitalis","isPartOf":{"@id":"https:\/\/kapitalis.com\/tunisie\/#website"},"primaryImageOfPage":{"@id":"https:\/\/kapitalis.com\/tunisie\/2019\/09\/18\/saied-et-karoui-au-2e-tour-de-la-presidentielle-2019-la-tunisie-menacee-de-crash-democratique\/#primaryimage"},"image":{"@id":"https:\/\/kapitalis.com\/tunisie\/2019\/09\/18\/saied-et-karoui-au-2e-tour-de-la-presidentielle-2019-la-tunisie-menacee-de-crash-democratique\/#primaryimage"},"thumbnailUrl":"","datePublished":"2019-09-18T09:22:01+00:00","dateModified":"2019-09-18T09:22:02+00:00","breadcrumb":{"@id":"https:\/\/kapitalis.com\/tunisie\/2019\/09\/18\/saied-et-karoui-au-2e-tour-de-la-presidentielle-2019-la-tunisie-menacee-de-crash-democratique\/#breadcrumb"},"inLanguage":"fr-FR","potentialAction":[{"@type":"ReadAction","target":["https:\/\/kapitalis.com\/tunisie\/2019\/09\/18\/saied-et-karoui-au-2e-tour-de-la-presidentielle-2019-la-tunisie-menacee-de-crash-democratique\/"]}]},{"@type":"ImageObject","inLanguage":"fr-FR","@id":"https:\/\/kapitalis.com\/tunisie\/2019\/09\/18\/saied-et-karoui-au-2e-tour-de-la-presidentielle-2019-la-tunisie-menacee-de-crash-democratique\/#primaryimage","url":"","contentUrl":""},{"@type":"BreadcrumbList","@id":"https:\/\/kapitalis.com\/tunisie\/2019\/09\/18\/saied-et-karoui-au-2e-tour-de-la-presidentielle-2019-la-tunisie-menacee-de-crash-democratique\/#breadcrumb","itemListElement":[{"@type":"ListItem","position":1,"name":"Accueil","item":"https:\/\/kapitalis.com\/tunisie\/"},{"@type":"ListItem","position":2,"name":"Saied et Karoui au 2e tour de la pr\u00e9sidentielle 2019 : La Tunisie menac\u00e9e de crash d\u00e9mocratique"}]},{"@type":"WebSite","@id":"https:\/\/kapitalis.com\/tunisie\/#website","url":"https:\/\/kapitalis.com\/tunisie\/","name":"Kapitalis","description":"L&#039;actualit\u00e9 en Tunisie et dans le monde","publisher":{"@id":"https:\/\/kapitalis.com\/tunisie\/#organization"},"potentialAction":[{"@type":"SearchAction","target":{"@type":"EntryPoint","urlTemplate":"https:\/\/kapitalis.com\/tunisie\/?s={search_term_string}"},"query-input":{"@type":"PropertyValueSpecification","valueRequired":true,"valueName":"search_term_string"}}],"inLanguage":"fr-FR"},{"@type":"Organization","@id":"https:\/\/kapitalis.com\/tunisie\/#organization","name":"Kapitalis","url":"https:\/\/kapitalis.com\/tunisie\/","logo":{"@type":"ImageObject","inLanguage":"fr-FR","@id":"https:\/\/kapitalis.com\/tunisie\/#\/schema\/logo\/image\/","url":"https:\/\/kapitalis.com\/tunisie\/wp-content\/uploads\/2022\/05\/Kapitalis-big-size.png","contentUrl":"https:\/\/kapitalis.com\/tunisie\/wp-content\/uploads\/2022\/05\/Kapitalis-big-size.png","width":5000,"height":1500,"caption":"Kapitalis"},"image":{"@id":"https:\/\/kapitalis.com\/tunisie\/#\/schema\/logo\/image\/"},"sameAs":["https:\/\/www.facebook.com\/KapitalisInfo\/","https:\/\/x.com\/KapitalisInfo","https:\/\/www.youtube.com\/channel\/UC-yDYrHyfFBWWZaOw3FPg9Q"]},{"@type":"Person","@id":"https:\/\/kapitalis.com\/tunisie\/#\/schema\/person\/d71f33a9ca44f7bad4698210b480c8e9","name":"webmaster kapitalis","url":"https:\/\/kapitalis.com\/tunisie\/author\/webmaster-kapitalis\/"}]}},"_links":{"self":[{"href":"https:\/\/kapitalis.com\/tunisie\/wp-json\/wp\/v2\/posts\/240562","targetHints":{"allow":["GET"]}}],"collection":[{"href":"https:\/\/kapitalis.com\/tunisie\/wp-json\/wp\/v2\/posts"}],"about":[{"href":"https:\/\/kapitalis.com\/tunisie\/wp-json\/wp\/v2\/types\/post"}],"author":[{"embeddable":true,"href":"https:\/\/kapitalis.com\/tunisie\/wp-json\/wp\/v2\/users\/8"}],"replies":[{"embeddable":true,"href":"https:\/\/kapitalis.com\/tunisie\/wp-json\/wp\/v2\/comments?post=240562"}],"version-history":[{"count":0,"href":"https:\/\/kapitalis.com\/tunisie\/wp-json\/wp\/v2\/posts\/240562\/revisions"}],"wp:featuredmedia":[{"embeddable":true,"href":"https:\/\/kapitalis.com\/tunisie\/wp-json\/wp\/v2\/media\/240572"}],"wp:attachment":[{"href":"https:\/\/kapitalis.com\/tunisie\/wp-json\/wp\/v2\/media?parent=240562"}],"wp:term":[{"taxonomy":"category","embeddable":true,"href":"https:\/\/kapitalis.com\/tunisie\/wp-json\/wp\/v2\/categories?post=240562"},{"taxonomy":"post_tag","embeddable":true,"href":"https:\/\/kapitalis.com\/tunisie\/wp-json\/wp\/v2\/tags?post=240562"}],"curies":[{"name":"wp","href":"https:\/\/api.w.org\/{rel}","templated":true}]}}