{"id":241446,"date":"2019-09-20T16:38:51","date_gmt":"2019-09-20T15:38:51","guid":{"rendered":"http:\/\/kapitalis.com\/tunisie\/?p=241446"},"modified":"2019-09-20T16:38:53","modified_gmt":"2019-09-20T15:38:53","slug":"youssef-chahed-il-est-encore-possible-de-rassembler-la-famille-democrate-progressiste","status":"publish","type":"post","link":"https:\/\/kapitalis.com\/tunisie\/2019\/09\/20\/youssef-chahed-il-est-encore-possible-de-rassembler-la-famille-democrate-progressiste\/","title":{"rendered":"Youssef Chahed : \u00abIl est encore possible de rassembler la famille d\u00e9mocrate progressiste\u00bb"},"content":{"rendered":"\n<figure class=\"wp-block-image\"><img decoding=\"async\" src=\"http:\/\/kapitalis.com\/tunisie\/wp-content\/uploads\/2019\/09\/Youssef-Chahed.jpeg\" alt=\"\" class=\"wp-image-241453\"\/><\/figure>\n\n\n\n<p><strong><em>Tout en reconnaissant sa d\u00e9faite personnelle et celle de sa famille politique, dite d\u00e9mocratie, progressiste et centriste, au 1er tour de la pr\u00e9sidentielle anticip\u00e9e de dimanche dernier, 16 septembre 2019,  le chef du gouvernement et pr\u00e9sident du parti Tahya Tounes, a expliqu\u00e9 cette d\u00e9faite, essentiellement, par la crise \u00e9conomique. <\/em><\/strong><\/p>\n\n\n\n<p> Par <strong>Imed Bahri <\/strong><\/p>\n\n\n\n<!--more-->\n\n\n\n<p> M. Chahed, qui r\u00e9pondait aux questions d\u2019Elyes Gharbi, dans l\u2019\u00e9mission <em>\u2018\u2018Midi Show\u2019\u2019<\/em>, sur Mosa\u00efque FM, aujourd\u2019hui, vendredi 20 septembre, a affirm\u00e9 que <em>\u00ables \u00e9lecteurs ont voulu, en changeant le pouvoir, changer aussi leur situation actuelle\u00bb<\/em>, estimant que <em>\u00abla responsabilit\u00e9 de ce vote sanction est partag\u00e9e par la classe politique en place dans son ensemble, pouvoir et opposition, la sanction ayant atteint tous les partis, qui n\u2019ont atteint, ensemble que 30% des suffrages\u00bb. <\/em><\/p>\n\n\n\n<p> <em>\u00abLors de campagne \u00e9lectorale, le discours tenu par tous la majorit\u00e9 des candidats \u00e9tait hors des pr\u00e9occupations et des attentes des citoyens\u00bb<\/em>, a encore estim\u00e9 M. Chahed, en d\u00e9plorant que la plupart des candidats aient ax\u00e9 leurs interventions sur les attaques contre le chef du gouvernement, et les \u00e9lecteurs n\u2019ont pas tard\u00e9 \u00e0 les sanctionner eux-aussi, en donnant les r\u00e9sultats que l\u2019on sait. <\/p>\n\n\n\n<h3 class=\"wp-block-heading\"> \u00abNe nous trompons pas d\u2019adversaires !\u00bb<\/h3>\n\n\n\n<p> <em>\u00abLa diabolisation de Youssef Chahed a abouti \u00e0 la diabolisation de tout le syst\u00e8me politique en place, partis au pouvoir et partis de l\u2019opposition mis tous dans le m\u00eame sac\u00bb<\/em>, a aussi expliqu\u00e9 le chef du gouvernement, en ajoutant : <em>\u00abJe leur dis : vous vous \u00eates tromp\u00e9s d\u2019adversaire\u00bb.<\/em><\/p>\n\n\n\n<p> S\u2019adressant aux \u00e9lecteurs, M. Chahed les a appel\u00e9s \u00e0 voter en masse aux l\u00e9gislatives du   6 octobre prochain : <em>\u00abSanctionnez Chahed, sanctionnez le syst\u00e8me en place, mais, de gr\u00e2ce, ne sanctionnez pas la Tunisie!\u00bb<\/em>, a-t-il lanc\u00e9, tout en formant l\u2019espoir de voir les 4 millions d\u2019abstentionnistes, dont beaucoup votaient habituellement pour la famille d\u00e9mocrate, aller en grand nombre aux urnes d\u00e9but octobre prochain pour essayer de r\u00e9\u00e9quilibrer la sc\u00e8ne politique et permettre la constitution d\u2019une majorit\u00e9 parlementaire capable de former un gouvernement et \u00e9viter ainsi l\u2019instabilit\u00e9 gouvernementale. <\/p>\n\n\n\n<p> Tout en exprimant des craintes quant \u00e0 l\u2019avenir de la Tunisie, \u00e9tant bien plac\u00e9 pour conna\u00eetre ses probl\u00e8mes et l\u2019absence de solutions miracles, M. Chahed a d\u00e9plor\u00e9 l\u2019\u00e9miettement et la division de la famille d\u00e9mocrate et a appel\u00e9 toutes ses composantes \u00e0 discuter rapidement pour former un front commun et aller ensemble aux urnes, le 6 octobre. <\/p>\n\n\n\n<h3 class=\"wp-block-heading\"> \u00abIl faut mettre de l\u2019ordre au sein de notre famille\u00bb<\/h3>\n\n\n\n<p> <em>\u00abApr\u00e8s la d\u00e9faite, je suis soulag\u00e9, car les fortes pressions que je subissais se sont att\u00e9nu\u00e9es. Cependant, ma personne importe peu. Je suis jeune et je peux me projeter dans l\u2019avenir, mais j\u2019ai peur pour la Tunisie. C\u2019est pourquoi j\u2019appelle tous les d\u00e9mocrates, m\u00eame ceux qui ont pass\u00e9 toute leur campagne \u00e9lectorale \u00e0 me d\u00e9nigrer, \u00e0 se r\u00e9unir autour d\u2019une table pour mettre de l\u2019ordre au sein de notre famille\u00bb, <\/em>a d\u00e9clar\u00e9 M. Chahed, en citant, surtout, les noms de Abdelkarim Zbidi et Mehdi Jomaa, mais invitant tous les autres aussi autour de la m\u00eame table. <\/p>\n\n\n\n<p><em> \u00abMa candidature<\/em> (au 1er tour de la pr\u00e9sidentielle, Ndlr) <em>a recueilli 250.000 voix.  Cela peut donner un bloc parlementaire Tahya Tounes constitu\u00e9 de 30 d\u00e9put\u00e9s. C\u2019est tr\u00e8s peu pour peser sur les d\u00e9cisions de l\u2019Assembl\u00e9e. Mais en joignant nos forces \u00e0 celles des autres partis d\u00e9mocrates, nous pourrions r\u00e9\u00e9quilibrer la sc\u00e8ne politique, constituer une v\u00e9ritable politique et faire face aux mouvements populistes et d\u00e9magogiques qui font des promesses mirobolantes, irr\u00e9alistes et irr\u00e9alisables et vendent des illusions aux Tunisiens\u00bb, <\/em>a conclu le chef du gouvernement, tendant ainsi la main aux autres dirigeants de la famille d\u00e9mocrate. <\/p>\n\n\n\n<p>Il reste cependant \u00e0 esp\u00e9rer que cette r\u00e9union aura lieu rapidement, car le temps presse et les \u00e9lections l\u00e9gislatives se tiendront dans deux semaines   <\/p>\n","protected":false},"excerpt":{"rendered":"<p>Tout en reconnaissant sa d\u00e9faite personnelle et celle de sa famille politique, dite d\u00e9mocratie, progressiste et centriste, au 1er tour de la pr\u00e9sidentielle anticip\u00e9e de dimanche dernier, 16 septembre 2019, le chef du gouvernement et pr\u00e9sident du parti Tahya Tounes, a expliqu\u00e9 cette d\u00e9faite, essentiellement, par la crise \u00e9conomique. Par Imed Bahri<\/p>\n","protected":false},"author":8,"featured_media":241453,"comment_status":"open","ping_status":"open","sticky":false,"template":"","format":"standard","meta":{"footnotes":""},"categories":[992,997,2433],"tags":[63720,64500,9031,2965,4797,54991,11246],"class_list":["post-241446","post","type-post","status-publish","format-standard","has-post-thumbnail","hentry","category-a-la-une","category-politique","category-tunisie","tag-abdelkarim-zbidi","tag-famille-democrate","tag-legislatives","tag-mehdi-jomaa","tag-presidentielle","tag-tahya-tounes","tag-youssef-chahed"],"yoast_head":"<!-- This site is optimized with the Yoast SEO plugin v26.6 - https:\/\/yoast.com\/wordpress\/plugins\/seo\/ -->\n<title>Youssef Chahed : \u00abIl est encore possible de rassembler la famille d\u00e9mocrate progressiste\u00bb - Kapitalis<\/title>\n<meta name=\"robots\" content=\"index, follow, max-snippet:-1, max-image-preview:large, max-video-preview:-1\" \/>\n<link rel=\"canonical\" href=\"https:\/\/kapitalis.com\/tunisie\/2019\/09\/20\/youssef-chahed-il-est-encore-possible-de-rassembler-la-famille-democrate-progressiste\/\" \/>\n<meta property=\"og:locale\" content=\"fr_FR\" \/>\n<meta property=\"og:type\" content=\"article\" \/>\n<meta property=\"og:title\" content=\"Youssef Chahed : \u00abIl est encore possible de rassembler la famille d\u00e9mocrate progressiste\u00bb - Kapitalis\" \/>\n<meta property=\"og:description\" content=\"Tout en reconnaissant sa d\u00e9faite personnelle et celle de sa famille politique, dite d\u00e9mocratie, progressiste et centriste, au 1er tour de la pr\u00e9sidentielle anticip\u00e9e de dimanche dernier, 16 septembre 2019, le chef du gouvernement et pr\u00e9sident du parti Tahya Tounes, a expliqu\u00e9 cette d\u00e9faite, essentiellement, par la crise \u00e9conomique. Par Imed Bahri\" \/>\n<meta property=\"og:url\" content=\"https:\/\/kapitalis.com\/tunisie\/2019\/09\/20\/youssef-chahed-il-est-encore-possible-de-rassembler-la-famille-democrate-progressiste\/\" \/>\n<meta property=\"og:site_name\" content=\"Kapitalis\" \/>\n<meta property=\"article:publisher\" content=\"https:\/\/www.facebook.com\/KapitalisInfo\/\" \/>\n<meta property=\"article:published_time\" content=\"2019-09-20T15:38:51+00:00\" \/>\n<meta property=\"article:modified_time\" content=\"2019-09-20T15:38:53+00:00\" \/>\n<meta property=\"og:image\" content=\"https:\/\/kapitalis.com\/tunisie\/wp-content\/uploads\/2022\/05\/kapitalis-logo-fb.png\" \/>\n\t<meta property=\"og:image:width\" content=\"1200\" \/>\n\t<meta property=\"og:image:height\" content=\"630\" \/>\n\t<meta property=\"og:image:type\" content=\"image\/png\" \/>\n<meta name=\"author\" content=\"webmaster kapitalis\" \/>\n<meta name=\"twitter:card\" content=\"summary_large_image\" \/>\n<meta name=\"twitter:creator\" content=\"@KapitalisInfo\" \/>\n<meta name=\"twitter:site\" content=\"@KapitalisInfo\" \/>\n<meta name=\"twitter:label1\" content=\"\u00c9crit par\" \/>\n\t<meta name=\"twitter:data1\" content=\"webmaster kapitalis\" \/>\n\t<meta name=\"twitter:label2\" content=\"Dur\u00e9e de lecture estim\u00e9e\" \/>\n\t<meta name=\"twitter:data2\" content=\"3 minutes\" \/>\n<script type=\"application\/ld+json\" class=\"yoast-schema-graph\">{\"@context\":\"https:\/\/schema.org\",\"@graph\":[{\"@type\":\"Article\",\"@id\":\"https:\/\/kapitalis.com\/tunisie\/2019\/09\/20\/youssef-chahed-il-est-encore-possible-de-rassembler-la-famille-democrate-progressiste\/#article\",\"isPartOf\":{\"@id\":\"https:\/\/kapitalis.com\/tunisie\/2019\/09\/20\/youssef-chahed-il-est-encore-possible-de-rassembler-la-famille-democrate-progressiste\/\"},\"author\":{\"name\":\"webmaster kapitalis\",\"@id\":\"https:\/\/kapitalis.com\/tunisie\/#\/schema\/person\/d71f33a9ca44f7bad4698210b480c8e9\"},\"headline\":\"Youssef Chahed : \u00abIl est encore possible de rassembler la famille d\u00e9mocrate progressiste\u00bb\",\"datePublished\":\"2019-09-20T15:38:51+00:00\",\"dateModified\":\"2019-09-20T15:38:53+00:00\",\"mainEntityOfPage\":{\"@id\":\"https:\/\/kapitalis.com\/tunisie\/2019\/09\/20\/youssef-chahed-il-est-encore-possible-de-rassembler-la-famille-democrate-progressiste\/\"},\"wordCount\":682,\"commentCount\":6,\"publisher\":{\"@id\":\"https:\/\/kapitalis.com\/tunisie\/#organization\"},\"image\":{\"@id\":\"https:\/\/kapitalis.com\/tunisie\/2019\/09\/20\/youssef-chahed-il-est-encore-possible-de-rassembler-la-famille-democrate-progressiste\/#primaryimage\"},\"thumbnailUrl\":\"\",\"keywords\":[\"Abdelkarim Zbidi\",\"famille d\u00e9mocrate\",\"l\u00e9gislatives\",\"Mehdi Jomaa\",\"pr\u00e9sidentielle\",\"Tahya Tounes\",\"Youssef Chahed\"],\"articleSection\":[\"A LA UNE\",\"POLITIQUE\",\"Tunisie\"],\"inLanguage\":\"fr-FR\",\"potentialAction\":[{\"@type\":\"CommentAction\",\"name\":\"Comment\",\"target\":[\"https:\/\/kapitalis.com\/tunisie\/2019\/09\/20\/youssef-chahed-il-est-encore-possible-de-rassembler-la-famille-democrate-progressiste\/#respond\"]}]},{\"@type\":\"WebPage\",\"@id\":\"https:\/\/kapitalis.com\/tunisie\/2019\/09\/20\/youssef-chahed-il-est-encore-possible-de-rassembler-la-famille-democrate-progressiste\/\",\"url\":\"https:\/\/kapitalis.com\/tunisie\/2019\/09\/20\/youssef-chahed-il-est-encore-possible-de-rassembler-la-famille-democrate-progressiste\/\",\"name\":\"Youssef Chahed : \u00abIl est encore possible de rassembler la famille d\u00e9mocrate progressiste\u00bb - Kapitalis\",\"isPartOf\":{\"@id\":\"https:\/\/kapitalis.com\/tunisie\/#website\"},\"primaryImageOfPage\":{\"@id\":\"https:\/\/kapitalis.com\/tunisie\/2019\/09\/20\/youssef-chahed-il-est-encore-possible-de-rassembler-la-famille-democrate-progressiste\/#primaryimage\"},\"image\":{\"@id\":\"https:\/\/kapitalis.com\/tunisie\/2019\/09\/20\/youssef-chahed-il-est-encore-possible-de-rassembler-la-famille-democrate-progressiste\/#primaryimage\"},\"thumbnailUrl\":\"\",\"datePublished\":\"2019-09-20T15:38:51+00:00\",\"dateModified\":\"2019-09-20T15:38:53+00:00\",\"breadcrumb\":{\"@id\":\"https:\/\/kapitalis.com\/tunisie\/2019\/09\/20\/youssef-chahed-il-est-encore-possible-de-rassembler-la-famille-democrate-progressiste\/#breadcrumb\"},\"inLanguage\":\"fr-FR\",\"potentialAction\":[{\"@type\":\"ReadAction\",\"target\":[\"https:\/\/kapitalis.com\/tunisie\/2019\/09\/20\/youssef-chahed-il-est-encore-possible-de-rassembler-la-famille-democrate-progressiste\/\"]}]},{\"@type\":\"ImageObject\",\"inLanguage\":\"fr-FR\",\"@id\":\"https:\/\/kapitalis.com\/tunisie\/2019\/09\/20\/youssef-chahed-il-est-encore-possible-de-rassembler-la-famille-democrate-progressiste\/#primaryimage\",\"url\":\"\",\"contentUrl\":\"\"},{\"@type\":\"BreadcrumbList\",\"@id\":\"https:\/\/kapitalis.com\/tunisie\/2019\/09\/20\/youssef-chahed-il-est-encore-possible-de-rassembler-la-famille-democrate-progressiste\/#breadcrumb\",\"itemListElement\":[{\"@type\":\"ListItem\",\"position\":1,\"name\":\"Accueil\",\"item\":\"https:\/\/kapitalis.com\/tunisie\/\"},{\"@type\":\"ListItem\",\"position\":2,\"name\":\"Youssef Chahed : \u00abIl est encore possible de rassembler la famille d\u00e9mocrate progressiste\u00bb\"}]},{\"@type\":\"WebSite\",\"@id\":\"https:\/\/kapitalis.com\/tunisie\/#website\",\"url\":\"https:\/\/kapitalis.com\/tunisie\/\",\"name\":\"Kapitalis\",\"description\":\"L&#039;actualit\u00e9 en Tunisie et dans le monde\",\"publisher\":{\"@id\":\"https:\/\/kapitalis.com\/tunisie\/#organization\"},\"potentialAction\":[{\"@type\":\"SearchAction\",\"target\":{\"@type\":\"EntryPoint\",\"urlTemplate\":\"https:\/\/kapitalis.com\/tunisie\/?s={search_term_string}\"},\"query-input\":{\"@type\":\"PropertyValueSpecification\",\"valueRequired\":true,\"valueName\":\"search_term_string\"}}],\"inLanguage\":\"fr-FR\"},{\"@type\":\"Organization\",\"@id\":\"https:\/\/kapitalis.com\/tunisie\/#organization\",\"name\":\"Kapitalis\",\"url\":\"https:\/\/kapitalis.com\/tunisie\/\",\"logo\":{\"@type\":\"ImageObject\",\"inLanguage\":\"fr-FR\",\"@id\":\"https:\/\/kapitalis.com\/tunisie\/#\/schema\/logo\/image\/\",\"url\":\"https:\/\/kapitalis.com\/tunisie\/wp-content\/uploads\/2022\/05\/Kapitalis-big-size.png\",\"contentUrl\":\"https:\/\/kapitalis.com\/tunisie\/wp-content\/uploads\/2022\/05\/Kapitalis-big-size.png\",\"width\":5000,\"height\":1500,\"caption\":\"Kapitalis\"},\"image\":{\"@id\":\"https:\/\/kapitalis.com\/tunisie\/#\/schema\/logo\/image\/\"},\"sameAs\":[\"https:\/\/www.facebook.com\/KapitalisInfo\/\",\"https:\/\/x.com\/KapitalisInfo\",\"https:\/\/www.youtube.com\/channel\/UC-yDYrHyfFBWWZaOw3FPg9Q\"]},{\"@type\":\"Person\",\"@id\":\"https:\/\/kapitalis.com\/tunisie\/#\/schema\/person\/d71f33a9ca44f7bad4698210b480c8e9\",\"name\":\"webmaster kapitalis\",\"url\":\"https:\/\/kapitalis.com\/tunisie\/author\/webmaster-kapitalis\/\"}]}<\/script>\n<!-- \/ Yoast SEO plugin. -->","yoast_head_json":{"title":"Youssef Chahed : \u00abIl est encore possible de rassembler la famille d\u00e9mocrate progressiste\u00bb - Kapitalis","robots":{"index":"index","follow":"follow","max-snippet":"max-snippet:-1","max-image-preview":"max-image-preview:large","max-video-preview":"max-video-preview:-1"},"canonical":"https:\/\/kapitalis.com\/tunisie\/2019\/09\/20\/youssef-chahed-il-est-encore-possible-de-rassembler-la-famille-democrate-progressiste\/","og_locale":"fr_FR","og_type":"article","og_title":"Youssef Chahed : \u00abIl est encore possible de rassembler la famille d\u00e9mocrate progressiste\u00bb - Kapitalis","og_description":"Tout en reconnaissant sa d\u00e9faite personnelle et celle de sa famille politique, dite d\u00e9mocratie, progressiste et centriste, au 1er tour de la pr\u00e9sidentielle anticip\u00e9e de dimanche dernier, 16 septembre 2019, le chef du gouvernement et pr\u00e9sident du parti Tahya Tounes, a expliqu\u00e9 cette d\u00e9faite, essentiellement, par la crise \u00e9conomique. Par Imed Bahri","og_url":"https:\/\/kapitalis.com\/tunisie\/2019\/09\/20\/youssef-chahed-il-est-encore-possible-de-rassembler-la-famille-democrate-progressiste\/","og_site_name":"Kapitalis","article_publisher":"https:\/\/www.facebook.com\/KapitalisInfo\/","article_published_time":"2019-09-20T15:38:51+00:00","article_modified_time":"2019-09-20T15:38:53+00:00","og_image":[{"width":1200,"height":630,"url":"https:\/\/kapitalis.com\/tunisie\/wp-content\/uploads\/2022\/05\/kapitalis-logo-fb.png","type":"image\/png"}],"author":"webmaster kapitalis","twitter_card":"summary_large_image","twitter_creator":"@KapitalisInfo","twitter_site":"@KapitalisInfo","twitter_misc":{"\u00c9crit par":"webmaster kapitalis","Dur\u00e9e de lecture estim\u00e9e":"3 minutes"},"schema":{"@context":"https:\/\/schema.org","@graph":[{"@type":"Article","@id":"https:\/\/kapitalis.com\/tunisie\/2019\/09\/20\/youssef-chahed-il-est-encore-possible-de-rassembler-la-famille-democrate-progressiste\/#article","isPartOf":{"@id":"https:\/\/kapitalis.com\/tunisie\/2019\/09\/20\/youssef-chahed-il-est-encore-possible-de-rassembler-la-famille-democrate-progressiste\/"},"author":{"name":"webmaster kapitalis","@id":"https:\/\/kapitalis.com\/tunisie\/#\/schema\/person\/d71f33a9ca44f7bad4698210b480c8e9"},"headline":"Youssef Chahed : \u00abIl est encore possible de rassembler la famille d\u00e9mocrate progressiste\u00bb","datePublished":"2019-09-20T15:38:51+00:00","dateModified":"2019-09-20T15:38:53+00:00","mainEntityOfPage":{"@id":"https:\/\/kapitalis.com\/tunisie\/2019\/09\/20\/youssef-chahed-il-est-encore-possible-de-rassembler-la-famille-democrate-progressiste\/"},"wordCount":682,"commentCount":6,"publisher":{"@id":"https:\/\/kapitalis.com\/tunisie\/#organization"},"image":{"@id":"https:\/\/kapitalis.com\/tunisie\/2019\/09\/20\/youssef-chahed-il-est-encore-possible-de-rassembler-la-famille-democrate-progressiste\/#primaryimage"},"thumbnailUrl":"","keywords":["Abdelkarim Zbidi","famille d\u00e9mocrate","l\u00e9gislatives","Mehdi Jomaa","pr\u00e9sidentielle","Tahya Tounes","Youssef Chahed"],"articleSection":["A LA UNE","POLITIQUE","Tunisie"],"inLanguage":"fr-FR","potentialAction":[{"@type":"CommentAction","name":"Comment","target":["https:\/\/kapitalis.com\/tunisie\/2019\/09\/20\/youssef-chahed-il-est-encore-possible-de-rassembler-la-famille-democrate-progressiste\/#respond"]}]},{"@type":"WebPage","@id":"https:\/\/kapitalis.com\/tunisie\/2019\/09\/20\/youssef-chahed-il-est-encore-possible-de-rassembler-la-famille-democrate-progressiste\/","url":"https:\/\/kapitalis.com\/tunisie\/2019\/09\/20\/youssef-chahed-il-est-encore-possible-de-rassembler-la-famille-democrate-progressiste\/","name":"Youssef Chahed : \u00abIl est encore possible de rassembler la famille d\u00e9mocrate progressiste\u00bb - Kapitalis","isPartOf":{"@id":"https:\/\/kapitalis.com\/tunisie\/#website"},"primaryImageOfPage":{"@id":"https:\/\/kapitalis.com\/tunisie\/2019\/09\/20\/youssef-chahed-il-est-encore-possible-de-rassembler-la-famille-democrate-progressiste\/#primaryimage"},"image":{"@id":"https:\/\/kapitalis.com\/tunisie\/2019\/09\/20\/youssef-chahed-il-est-encore-possible-de-rassembler-la-famille-democrate-progressiste\/#primaryimage"},"thumbnailUrl":"","datePublished":"2019-09-20T15:38:51+00:00","dateModified":"2019-09-20T15:38:53+00:00","breadcrumb":{"@id":"https:\/\/kapitalis.com\/tunisie\/2019\/09\/20\/youssef-chahed-il-est-encore-possible-de-rassembler-la-famille-democrate-progressiste\/#breadcrumb"},"inLanguage":"fr-FR","potentialAction":[{"@type":"ReadAction","target":["https:\/\/kapitalis.com\/tunisie\/2019\/09\/20\/youssef-chahed-il-est-encore-possible-de-rassembler-la-famille-democrate-progressiste\/"]}]},{"@type":"ImageObject","inLanguage":"fr-FR","@id":"https:\/\/kapitalis.com\/tunisie\/2019\/09\/20\/youssef-chahed-il-est-encore-possible-de-rassembler-la-famille-democrate-progressiste\/#primaryimage","url":"","contentUrl":""},{"@type":"BreadcrumbList","@id":"https:\/\/kapitalis.com\/tunisie\/2019\/09\/20\/youssef-chahed-il-est-encore-possible-de-rassembler-la-famille-democrate-progressiste\/#breadcrumb","itemListElement":[{"@type":"ListItem","position":1,"name":"Accueil","item":"https:\/\/kapitalis.com\/tunisie\/"},{"@type":"ListItem","position":2,"name":"Youssef Chahed : \u00abIl est encore possible de rassembler la famille d\u00e9mocrate progressiste\u00bb"}]},{"@type":"WebSite","@id":"https:\/\/kapitalis.com\/tunisie\/#website","url":"https:\/\/kapitalis.com\/tunisie\/","name":"Kapitalis","description":"L&#039;actualit\u00e9 en Tunisie et dans le monde","publisher":{"@id":"https:\/\/kapitalis.com\/tunisie\/#organization"},"potentialAction":[{"@type":"SearchAction","target":{"@type":"EntryPoint","urlTemplate":"https:\/\/kapitalis.com\/tunisie\/?s={search_term_string}"},"query-input":{"@type":"PropertyValueSpecification","valueRequired":true,"valueName":"search_term_string"}}],"inLanguage":"fr-FR"},{"@type":"Organization","@id":"https:\/\/kapitalis.com\/tunisie\/#organization","name":"Kapitalis","url":"https:\/\/kapitalis.com\/tunisie\/","logo":{"@type":"ImageObject","inLanguage":"fr-FR","@id":"https:\/\/kapitalis.com\/tunisie\/#\/schema\/logo\/image\/","url":"https:\/\/kapitalis.com\/tunisie\/wp-content\/uploads\/2022\/05\/Kapitalis-big-size.png","contentUrl":"https:\/\/kapitalis.com\/tunisie\/wp-content\/uploads\/2022\/05\/Kapitalis-big-size.png","width":5000,"height":1500,"caption":"Kapitalis"},"image":{"@id":"https:\/\/kapitalis.com\/tunisie\/#\/schema\/logo\/image\/"},"sameAs":["https:\/\/www.facebook.com\/KapitalisInfo\/","https:\/\/x.com\/KapitalisInfo","https:\/\/www.youtube.com\/channel\/UC-yDYrHyfFBWWZaOw3FPg9Q"]},{"@type":"Person","@id":"https:\/\/kapitalis.com\/tunisie\/#\/schema\/person\/d71f33a9ca44f7bad4698210b480c8e9","name":"webmaster kapitalis","url":"https:\/\/kapitalis.com\/tunisie\/author\/webmaster-kapitalis\/"}]}},"_links":{"self":[{"href":"https:\/\/kapitalis.com\/tunisie\/wp-json\/wp\/v2\/posts\/241446","targetHints":{"allow":["GET"]}}],"collection":[{"href":"https:\/\/kapitalis.com\/tunisie\/wp-json\/wp\/v2\/posts"}],"about":[{"href":"https:\/\/kapitalis.com\/tunisie\/wp-json\/wp\/v2\/types\/post"}],"author":[{"embeddable":true,"href":"https:\/\/kapitalis.com\/tunisie\/wp-json\/wp\/v2\/users\/8"}],"replies":[{"embeddable":true,"href":"https:\/\/kapitalis.com\/tunisie\/wp-json\/wp\/v2\/comments?post=241446"}],"version-history":[{"count":0,"href":"https:\/\/kapitalis.com\/tunisie\/wp-json\/wp\/v2\/posts\/241446\/revisions"}],"wp:featuredmedia":[{"embeddable":true,"href":"https:\/\/kapitalis.com\/tunisie\/wp-json\/wp\/v2\/media\/241453"}],"wp:attachment":[{"href":"https:\/\/kapitalis.com\/tunisie\/wp-json\/wp\/v2\/media?parent=241446"}],"wp:term":[{"taxonomy":"category","embeddable":true,"href":"https:\/\/kapitalis.com\/tunisie\/wp-json\/wp\/v2\/categories?post=241446"},{"taxonomy":"post_tag","embeddable":true,"href":"https:\/\/kapitalis.com\/tunisie\/wp-json\/wp\/v2\/tags?post=241446"}],"curies":[{"name":"wp","href":"https:\/\/api.w.org\/{rel}","templated":true}]}}