{"id":241472,"date":"2019-09-20T17:31:30","date_gmt":"2019-09-20T16:31:30","guid":{"rendered":"http:\/\/kapitalis.com\/tunisie\/?p=241472"},"modified":"2019-09-20T18:51:08","modified_gmt":"2019-09-20T17:51:08","slug":"le-mouvement-des-jeunes-de-tunisie-menace-kais-saied-est-a-nous-on-va-occuper-son-bureau-electoral-video","status":"publish","type":"post","link":"https:\/\/kapitalis.com\/tunisie\/2019\/09\/20\/le-mouvement-des-jeunes-de-tunisie-menace-kais-saied-est-a-nous-on-va-occuper-son-bureau-electoral-video\/","title":{"rendered":"Le Mouvement des jeunes de Tunisie menace : \u00abKa\u00efs Sa\u00efed est \u00e0 nous, on va occuper son bureau \u00e9lectoral\u00bb (vid\u00e9o)"},"content":{"rendered":"\n<figure class=\"wp-block-image\"><img decoding=\"async\" src=\"http:\/\/kapitalis.com\/tunisie\/wp-content\/uploads\/2018\/11\/Kais-Saied.jpg\" alt=\"\" class=\"wp-image-182452\"\/><\/figure>\n\n\n\n<p><strong><em>Le Mouvement des jeunes de Tunisie (MJT), compos\u00e9 de Tunisiens apolitiques, se pr\u00e9sentant comme r\u00e9volutionnaires et partisans du candidat au 2e tour de la pr\u00e9sidentielle, Ka\u00efs Sa\u00efed, estime que ce dernier leur appartient et menacent d&rsquo;occuper son bureau \u00e9lectoral.<\/em><\/strong><\/p>\n\n\n\n<!--more-->\n\n\n\n<p>Dans un communiqu\u00e9 publi\u00e9 aujourd&rsquo;hui, vendredi 20 septembre 2019, le MJT a d\u00e9plor\u00e9 que des partis et des personnalit\u00e9s politiques apportent aujourd&rsquo;hui leur soutien \u00e0 Ka\u00efs Sa\u00efed, estimant que ces derniers sont int\u00e9ress\u00e9s et qu&rsquo;ils n&rsquo;ont rien fait pour le candidat avant qu&rsquo;il ne passe au 2e tour.<\/p>\n\n\n\n<p>\u00ab<em>Cela fait un an et demie que nous soutenons Ka\u00efs Sa\u00efed et c&rsquo;est nous qui avons men\u00e9 sa campagne \u00e9lectorale et m\u00eame collect\u00e9 les parrainages citoyens lui permettant de pr\u00e9senter sa candidature pour la pr\u00e9sidentielle. Des vautours viennent aujourd&rsquo;hui se positionner comme ses partisans, certains ont m\u00eame \u00e9t\u00e9 jusqu\u2019\u00e0 lui voler son t\u00e9l\u00e9phone et l&rsquo;\u00e9teindre pour que ne nous puissions pas le joindre<\/em>\u00bb, lit-on dans le communiqu\u00e9 o\u00f9 ce mouvement menace d&rsquo;occuper le bureau \u00e9lectoral de M. Sa\u00efed.<\/p>\n\n\n\n<figure class=\"wp-block-embed-facebook wp-block-embed is-type-video is-provider-facebook\"><div class=\"wp-block-embed__wrapper\">\nhttps:\/\/www.facebook.com\/chabebtunisi\/videos\/408987166665483\/?__xts__[0]=68.ARAHInXeec8qDW_GL0Sd9W90-NfZXpzG-XoJIz4vUNRLlPUMUc9wHMz_wsBL4t5MGs978Gx5KLTu1PywBUF54hHqyd0a8BCJ-ebKQ3sCkmhXjgQ49gBlcC9D2PBcEha696Q8SHSFNLItOxc9Qj2TZBDzpMcdyU9wcL6-JXd5iekOgjlUZ-vm-M43d4DzpFM5sCqsHQZqnJUqx0lQ3S9m3Dc9j85CNHnWV7SCOZH9FD-RgqvZEfbVkcMkUZJjhnABG0juRjLqjtD6mLC5b-0FKsHTA1iiAKUmqts-tRL2nHaaQ4ByvO5Dd4I7aGl-6WyMxCzvYzLg_J3At03c5FDLkRggiKE&#038;__tn__=k*F&#038;tn-str=k*F\n<\/div><\/figure>\n\n\n\n<p>De son c\u00f4t\u00e9 Thameur Bedida, se pr\u00e9sentant comme opposant et leader de ce mouvement, a publi\u00e9 une vid\u00e9o pour f\u00e9liciter les jeunes r\u00e9volutionnaires : \u00ab<em>Nous serons bient\u00f4t au pouvoir, <\/em>a-t-il lanc\u00e9 en assurant que,<em> le MJT n&rsquo;attend pas qu&rsquo;on le remercie pour l&rsquo;engagement de ses membres mais ces derniers refusent que des partis politiques se greffent \u00e0 la campagne \u00e9lectorale de Ka\u00efs Sa\u00efed. Il est mal entour\u00e9 mais on ne veut pas g\u00e2cher notre bonheur et apr\u00e8s avoir plac\u00e9 M. Sa\u00efed, on pense aux l\u00e9gislatives et j&rsquo;appelle les jeunes \u00e0 voter pour les partis des jeunes \u00e0 l&rsquo;instar de la coalition El Karama <\/em>(Seifeddine Makhlouf, Ndlr), <em>et le  mouvement Amal<\/em> (Yassine Ayari, Ndlr) (en d&rsquo;autres termes les listes islamistes, Ndlr)<em>. Votez contre le syst\u00e8me, on a gagn\u00e9 la premi\u00e8re partie de la guerre, il reste la seconde et on va l&#8217;emporter\u00bb<\/em>, a-t-il appel\u00e9.<\/p>\n\n\n\n<p>Ce m\u00eame mouvement a en effet montr\u00e9 son soutien \u00e0 M. Sa\u00efed depuis un certain temps et avait m\u00eame revendiqu\u00e9, en avril dernier, l&rsquo;agression des partisans d&rsquo;Abir Moussi, pr\u00e9sidente du Parti destourien libre (PDL), \u00e0 Sidi Bouzid, arguant que la r\u00e9volution qu&rsquo;ils ont faite (sic!), avait pour but d&rsquo;\u00e9carter les dirigeants de l&rsquo;ancien r\u00e9gime.<\/p>\n\n\n\n<p>Ka\u00efs Sa\u00efed, qui parle peu ou pas, n&rsquo;avait pas r\u00e9agi en avril dernier, r\u00e9agira-t-il aujourd&rsquo;hui, apr\u00e8s ce communiqu\u00e9 qui s&rsquo;apparente \u00e0 une menace ? t d&rsquo;abord contre lui, puisqu&rsquo;il semble \u00eatre devenu l&rsquo;otage de ces jeunes anarchistes. <\/p>\n\n\n\n<p style=\"text-align:right\"><strong>Y. N.<\/strong><\/p>\n\n\n\n<figure class=\"wp-block-embed-wordpress wp-block-embed is-type-wp-embed is-provider-kapitalis\"><div class=\"wp-block-embed__wrapper\">\n<blockquote class=\"wp-embedded-content\" data-secret=\"n2uqiihebl\"><a href=\"https:\/\/kapitalis.com\/tunisie\/2019\/04\/01\/des-partisans-de-saied-revendiquent-lattaque-contre-le-meeting-de-moussi-video\/\">Des partisans de Sa\u00efed revendiquent l&rsquo;attaque contre le meeting de Moussi (vid\u00e9o)<\/a><\/blockquote><iframe loading=\"lazy\" class=\"wp-embedded-content\" sandbox=\"allow-scripts\" security=\"restricted\" style=\"position: absolute; clip: rect(1px, 1px, 1px, 1px);\" title=\"\u00ab\u00a0Des partisans de Sa\u00efed revendiquent l&rsquo;attaque contre le meeting de Moussi (vid\u00e9o)\u00a0\u00bb &#8212; Kapitalis\" src=\"https:\/\/kapitalis.com\/tunisie\/2019\/04\/01\/des-partisans-de-saied-revendiquent-lattaque-contre-le-meeting-de-moussi-video\/embed\/#?secret=Zlz9A8nQ0G#?secret=n2uqiihebl\" data-secret=\"n2uqiihebl\" width=\"600\" height=\"338\" frameborder=\"0\" marginwidth=\"0\" marginheight=\"0\" scrolling=\"no\"><\/iframe>\n<\/div><\/figure>\n","protected":false},"excerpt":{"rendered":"<p>Le Mouvement des jeunes de Tunisie (MJT), compos\u00e9 de Tunisiens apolitiques, se pr\u00e9sentant comme r\u00e9volutionnaires et partisans du candidat au 2e tour de la pr\u00e9sidentielle, Ka\u00efs Sa\u00efed, estime que ce dernier leur appartient et menacent d&rsquo;occuper son bureau \u00e9lectoral.<\/p>\n","protected":false},"author":6,"featured_media":0,"comment_status":"open","ping_status":"open","sticky":false,"template":"","format":"standard","meta":{"footnotes":""},"categories":[997,2433,4806],"tags":[4758,64829,12235,33536,4797],"class_list":["post-241472","post","type-post","status-publish","format-standard","hentry","category-politique","category-tunisie","category-videos","tag-campagne-electorale","tag-coalition-el-karama","tag-kais-saied","tag-pdl","tag-presidentielle"],"yoast_head":"<!-- This site is optimized with the Yoast SEO plugin v26.6 - https:\/\/yoast.com\/wordpress\/plugins\/seo\/ -->\n<title>Le Mouvement des jeunes de Tunisie menace : \u00abKa\u00efs Sa\u00efed est \u00e0 nous, on va occuper son bureau \u00e9lectoral\u00bb (vid\u00e9o) - Kapitalis<\/title>\n<meta name=\"robots\" content=\"index, follow, max-snippet:-1, max-image-preview:large, max-video-preview:-1\" \/>\n<link rel=\"canonical\" href=\"https:\/\/kapitalis.com\/tunisie\/2019\/09\/20\/le-mouvement-des-jeunes-de-tunisie-menace-kais-saied-est-a-nous-on-va-occuper-son-bureau-electoral-video\/\" \/>\n<meta property=\"og:locale\" content=\"fr_FR\" \/>\n<meta property=\"og:type\" content=\"article\" \/>\n<meta property=\"og:title\" content=\"Le Mouvement des jeunes de Tunisie menace : \u00abKa\u00efs Sa\u00efed est \u00e0 nous, on va occuper son bureau \u00e9lectoral\u00bb (vid\u00e9o) - Kapitalis\" \/>\n<meta property=\"og:description\" content=\"Le Mouvement des jeunes de Tunisie (MJT), compos\u00e9 de Tunisiens apolitiques, se pr\u00e9sentant comme r\u00e9volutionnaires et partisans du candidat au 2e tour de la pr\u00e9sidentielle, Ka\u00efs Sa\u00efed, estime que ce dernier leur appartient et menacent d&rsquo;occuper son bureau \u00e9lectoral.\" \/>\n<meta property=\"og:url\" content=\"https:\/\/kapitalis.com\/tunisie\/2019\/09\/20\/le-mouvement-des-jeunes-de-tunisie-menace-kais-saied-est-a-nous-on-va-occuper-son-bureau-electoral-video\/\" \/>\n<meta property=\"og:site_name\" content=\"Kapitalis\" \/>\n<meta property=\"article:publisher\" content=\"https:\/\/www.facebook.com\/KapitalisInfo\/\" \/>\n<meta property=\"article:published_time\" content=\"2019-09-20T16:31:30+00:00\" \/>\n<meta property=\"article:modified_time\" content=\"2019-09-20T17:51:08+00:00\" \/>\n<meta property=\"og:image\" content=\"http:\/\/kapitalis.com\/tunisie\/wp-content\/uploads\/2018\/11\/Kais-Saied.jpg\" \/>\n<meta name=\"author\" content=\"Yusra NY\" \/>\n<meta name=\"twitter:card\" content=\"summary_large_image\" \/>\n<meta name=\"twitter:creator\" content=\"@KapitalisInfo\" \/>\n<meta name=\"twitter:site\" content=\"@KapitalisInfo\" \/>\n<meta name=\"twitter:label1\" content=\"\u00c9crit par\" \/>\n\t<meta name=\"twitter:data1\" content=\"Yusra NY\" \/>\n\t<meta name=\"twitter:label2\" content=\"Dur\u00e9e de lecture estim\u00e9e\" \/>\n\t<meta name=\"twitter:data2\" content=\"3 minutes\" \/>\n<script type=\"application\/ld+json\" class=\"yoast-schema-graph\">{\"@context\":\"https:\/\/schema.org\",\"@graph\":[{\"@type\":\"Article\",\"@id\":\"https:\/\/kapitalis.com\/tunisie\/2019\/09\/20\/le-mouvement-des-jeunes-de-tunisie-menace-kais-saied-est-a-nous-on-va-occuper-son-bureau-electoral-video\/#article\",\"isPartOf\":{\"@id\":\"https:\/\/kapitalis.com\/tunisie\/2019\/09\/20\/le-mouvement-des-jeunes-de-tunisie-menace-kais-saied-est-a-nous-on-va-occuper-son-bureau-electoral-video\/\"},\"author\":{\"name\":\"Yusra NY\",\"@id\":\"https:\/\/kapitalis.com\/tunisie\/#\/schema\/person\/74bbde0154d49d790a92aaeac5bc01d5\"},\"headline\":\"Le Mouvement des jeunes de Tunisie menace : \u00abKa\u00efs Sa\u00efed est \u00e0 nous, on va occuper son bureau \u00e9lectoral\u00bb (vid\u00e9o)\",\"datePublished\":\"2019-09-20T16:31:30+00:00\",\"dateModified\":\"2019-09-20T17:51:08+00:00\",\"mainEntityOfPage\":{\"@id\":\"https:\/\/kapitalis.com\/tunisie\/2019\/09\/20\/le-mouvement-des-jeunes-de-tunisie-menace-kais-saied-est-a-nous-on-va-occuper-son-bureau-electoral-video\/\"},\"wordCount\":532,\"commentCount\":18,\"publisher\":{\"@id\":\"https:\/\/kapitalis.com\/tunisie\/#organization\"},\"image\":{\"@id\":\"https:\/\/kapitalis.com\/tunisie\/2019\/09\/20\/le-mouvement-des-jeunes-de-tunisie-menace-kais-saied-est-a-nous-on-va-occuper-son-bureau-electoral-video\/#primaryimage\"},\"thumbnailUrl\":\"http:\/\/kapitalis.com\/tunisie\/wp-content\/uploads\/2018\/11\/Kais-Saied.jpg\",\"keywords\":[\"campagne \u00e9lectorale\",\"coalition El Karama\",\"Ka\u00efs Saied\",\"PDL\",\"pr\u00e9sidentielle\"],\"articleSection\":[\"POLITIQUE\",\"Tunisie\",\"VIDEOS\"],\"inLanguage\":\"fr-FR\",\"potentialAction\":[{\"@type\":\"CommentAction\",\"name\":\"Comment\",\"target\":[\"https:\/\/kapitalis.com\/tunisie\/2019\/09\/20\/le-mouvement-des-jeunes-de-tunisie-menace-kais-saied-est-a-nous-on-va-occuper-son-bureau-electoral-video\/#respond\"]}]},{\"@type\":\"WebPage\",\"@id\":\"https:\/\/kapitalis.com\/tunisie\/2019\/09\/20\/le-mouvement-des-jeunes-de-tunisie-menace-kais-saied-est-a-nous-on-va-occuper-son-bureau-electoral-video\/\",\"url\":\"https:\/\/kapitalis.com\/tunisie\/2019\/09\/20\/le-mouvement-des-jeunes-de-tunisie-menace-kais-saied-est-a-nous-on-va-occuper-son-bureau-electoral-video\/\",\"name\":\"Le Mouvement des jeunes de Tunisie menace : \u00abKa\u00efs Sa\u00efed est \u00e0 nous, on va occuper son bureau \u00e9lectoral\u00bb (vid\u00e9o) - Kapitalis\",\"isPartOf\":{\"@id\":\"https:\/\/kapitalis.com\/tunisie\/#website\"},\"primaryImageOfPage\":{\"@id\":\"https:\/\/kapitalis.com\/tunisie\/2019\/09\/20\/le-mouvement-des-jeunes-de-tunisie-menace-kais-saied-est-a-nous-on-va-occuper-son-bureau-electoral-video\/#primaryimage\"},\"image\":{\"@id\":\"https:\/\/kapitalis.com\/tunisie\/2019\/09\/20\/le-mouvement-des-jeunes-de-tunisie-menace-kais-saied-est-a-nous-on-va-occuper-son-bureau-electoral-video\/#primaryimage\"},\"thumbnailUrl\":\"http:\/\/kapitalis.com\/tunisie\/wp-content\/uploads\/2018\/11\/Kais-Saied.jpg\",\"datePublished\":\"2019-09-20T16:31:30+00:00\",\"dateModified\":\"2019-09-20T17:51:08+00:00\",\"breadcrumb\":{\"@id\":\"https:\/\/kapitalis.com\/tunisie\/2019\/09\/20\/le-mouvement-des-jeunes-de-tunisie-menace-kais-saied-est-a-nous-on-va-occuper-son-bureau-electoral-video\/#breadcrumb\"},\"inLanguage\":\"fr-FR\",\"potentialAction\":[{\"@type\":\"ReadAction\",\"target\":[\"https:\/\/kapitalis.com\/tunisie\/2019\/09\/20\/le-mouvement-des-jeunes-de-tunisie-menace-kais-saied-est-a-nous-on-va-occuper-son-bureau-electoral-video\/\"]}]},{\"@type\":\"ImageObject\",\"inLanguage\":\"fr-FR\",\"@id\":\"https:\/\/kapitalis.com\/tunisie\/2019\/09\/20\/le-mouvement-des-jeunes-de-tunisie-menace-kais-saied-est-a-nous-on-va-occuper-son-bureau-electoral-video\/#primaryimage\",\"url\":\"http:\/\/kapitalis.com\/tunisie\/wp-content\/uploads\/2018\/11\/Kais-Saied.jpg\",\"contentUrl\":\"http:\/\/kapitalis.com\/tunisie\/wp-content\/uploads\/2018\/11\/Kais-Saied.jpg\"},{\"@type\":\"BreadcrumbList\",\"@id\":\"https:\/\/kapitalis.com\/tunisie\/2019\/09\/20\/le-mouvement-des-jeunes-de-tunisie-menace-kais-saied-est-a-nous-on-va-occuper-son-bureau-electoral-video\/#breadcrumb\",\"itemListElement\":[{\"@type\":\"ListItem\",\"position\":1,\"name\":\"Accueil\",\"item\":\"https:\/\/kapitalis.com\/tunisie\/\"},{\"@type\":\"ListItem\",\"position\":2,\"name\":\"Le Mouvement des jeunes de Tunisie menace : \u00abKa\u00efs Sa\u00efed est \u00e0 nous, on va occuper son bureau \u00e9lectoral\u00bb (vid\u00e9o)\"}]},{\"@type\":\"WebSite\",\"@id\":\"https:\/\/kapitalis.com\/tunisie\/#website\",\"url\":\"https:\/\/kapitalis.com\/tunisie\/\",\"name\":\"Kapitalis\",\"description\":\"L&#039;actualit\u00e9 en Tunisie et dans le monde\",\"publisher\":{\"@id\":\"https:\/\/kapitalis.com\/tunisie\/#organization\"},\"potentialAction\":[{\"@type\":\"SearchAction\",\"target\":{\"@type\":\"EntryPoint\",\"urlTemplate\":\"https:\/\/kapitalis.com\/tunisie\/?s={search_term_string}\"},\"query-input\":{\"@type\":\"PropertyValueSpecification\",\"valueRequired\":true,\"valueName\":\"search_term_string\"}}],\"inLanguage\":\"fr-FR\"},{\"@type\":\"Organization\",\"@id\":\"https:\/\/kapitalis.com\/tunisie\/#organization\",\"name\":\"Kapitalis\",\"url\":\"https:\/\/kapitalis.com\/tunisie\/\",\"logo\":{\"@type\":\"ImageObject\",\"inLanguage\":\"fr-FR\",\"@id\":\"https:\/\/kapitalis.com\/tunisie\/#\/schema\/logo\/image\/\",\"url\":\"https:\/\/kapitalis.com\/tunisie\/wp-content\/uploads\/2022\/05\/Kapitalis-big-size.png\",\"contentUrl\":\"https:\/\/kapitalis.com\/tunisie\/wp-content\/uploads\/2022\/05\/Kapitalis-big-size.png\",\"width\":5000,\"height\":1500,\"caption\":\"Kapitalis\"},\"image\":{\"@id\":\"https:\/\/kapitalis.com\/tunisie\/#\/schema\/logo\/image\/\"},\"sameAs\":[\"https:\/\/www.facebook.com\/KapitalisInfo\/\",\"https:\/\/x.com\/KapitalisInfo\",\"https:\/\/www.youtube.com\/channel\/UC-yDYrHyfFBWWZaOw3FPg9Q\"]},{\"@type\":\"Person\",\"@id\":\"https:\/\/kapitalis.com\/tunisie\/#\/schema\/person\/74bbde0154d49d790a92aaeac5bc01d5\",\"name\":\"Yusra NY\",\"url\":\"https:\/\/kapitalis.com\/tunisie\/author\/yuza_adam\/\"}]}<\/script>\n<!-- \/ Yoast SEO plugin. -->","yoast_head_json":{"title":"Le Mouvement des jeunes de Tunisie menace : \u00abKa\u00efs Sa\u00efed est \u00e0 nous, on va occuper son bureau \u00e9lectoral\u00bb (vid\u00e9o) - Kapitalis","robots":{"index":"index","follow":"follow","max-snippet":"max-snippet:-1","max-image-preview":"max-image-preview:large","max-video-preview":"max-video-preview:-1"},"canonical":"https:\/\/kapitalis.com\/tunisie\/2019\/09\/20\/le-mouvement-des-jeunes-de-tunisie-menace-kais-saied-est-a-nous-on-va-occuper-son-bureau-electoral-video\/","og_locale":"fr_FR","og_type":"article","og_title":"Le Mouvement des jeunes de Tunisie menace : \u00abKa\u00efs Sa\u00efed est \u00e0 nous, on va occuper son bureau \u00e9lectoral\u00bb (vid\u00e9o) - Kapitalis","og_description":"Le Mouvement des jeunes de Tunisie (MJT), compos\u00e9 de Tunisiens apolitiques, se pr\u00e9sentant comme r\u00e9volutionnaires et partisans du candidat au 2e tour de la pr\u00e9sidentielle, Ka\u00efs Sa\u00efed, estime que ce dernier leur appartient et menacent d&rsquo;occuper son bureau \u00e9lectoral.","og_url":"https:\/\/kapitalis.com\/tunisie\/2019\/09\/20\/le-mouvement-des-jeunes-de-tunisie-menace-kais-saied-est-a-nous-on-va-occuper-son-bureau-electoral-video\/","og_site_name":"Kapitalis","article_publisher":"https:\/\/www.facebook.com\/KapitalisInfo\/","article_published_time":"2019-09-20T16:31:30+00:00","article_modified_time":"2019-09-20T17:51:08+00:00","og_image":[{"url":"http:\/\/kapitalis.com\/tunisie\/wp-content\/uploads\/2018\/11\/Kais-Saied.jpg","type":"","width":"","height":""}],"author":"Yusra NY","twitter_card":"summary_large_image","twitter_creator":"@KapitalisInfo","twitter_site":"@KapitalisInfo","twitter_misc":{"\u00c9crit par":"Yusra NY","Dur\u00e9e de lecture estim\u00e9e":"3 minutes"},"schema":{"@context":"https:\/\/schema.org","@graph":[{"@type":"Article","@id":"https:\/\/kapitalis.com\/tunisie\/2019\/09\/20\/le-mouvement-des-jeunes-de-tunisie-menace-kais-saied-est-a-nous-on-va-occuper-son-bureau-electoral-video\/#article","isPartOf":{"@id":"https:\/\/kapitalis.com\/tunisie\/2019\/09\/20\/le-mouvement-des-jeunes-de-tunisie-menace-kais-saied-est-a-nous-on-va-occuper-son-bureau-electoral-video\/"},"author":{"name":"Yusra NY","@id":"https:\/\/kapitalis.com\/tunisie\/#\/schema\/person\/74bbde0154d49d790a92aaeac5bc01d5"},"headline":"Le Mouvement des jeunes de Tunisie menace : \u00abKa\u00efs Sa\u00efed est \u00e0 nous, on va occuper son bureau \u00e9lectoral\u00bb (vid\u00e9o)","datePublished":"2019-09-20T16:31:30+00:00","dateModified":"2019-09-20T17:51:08+00:00","mainEntityOfPage":{"@id":"https:\/\/kapitalis.com\/tunisie\/2019\/09\/20\/le-mouvement-des-jeunes-de-tunisie-menace-kais-saied-est-a-nous-on-va-occuper-son-bureau-electoral-video\/"},"wordCount":532,"commentCount":18,"publisher":{"@id":"https:\/\/kapitalis.com\/tunisie\/#organization"},"image":{"@id":"https:\/\/kapitalis.com\/tunisie\/2019\/09\/20\/le-mouvement-des-jeunes-de-tunisie-menace-kais-saied-est-a-nous-on-va-occuper-son-bureau-electoral-video\/#primaryimage"},"thumbnailUrl":"http:\/\/kapitalis.com\/tunisie\/wp-content\/uploads\/2018\/11\/Kais-Saied.jpg","keywords":["campagne \u00e9lectorale","coalition El Karama","Ka\u00efs Saied","PDL","pr\u00e9sidentielle"],"articleSection":["POLITIQUE","Tunisie","VIDEOS"],"inLanguage":"fr-FR","potentialAction":[{"@type":"CommentAction","name":"Comment","target":["https:\/\/kapitalis.com\/tunisie\/2019\/09\/20\/le-mouvement-des-jeunes-de-tunisie-menace-kais-saied-est-a-nous-on-va-occuper-son-bureau-electoral-video\/#respond"]}]},{"@type":"WebPage","@id":"https:\/\/kapitalis.com\/tunisie\/2019\/09\/20\/le-mouvement-des-jeunes-de-tunisie-menace-kais-saied-est-a-nous-on-va-occuper-son-bureau-electoral-video\/","url":"https:\/\/kapitalis.com\/tunisie\/2019\/09\/20\/le-mouvement-des-jeunes-de-tunisie-menace-kais-saied-est-a-nous-on-va-occuper-son-bureau-electoral-video\/","name":"Le Mouvement des jeunes de Tunisie menace : \u00abKa\u00efs Sa\u00efed est \u00e0 nous, on va occuper son bureau \u00e9lectoral\u00bb (vid\u00e9o) - Kapitalis","isPartOf":{"@id":"https:\/\/kapitalis.com\/tunisie\/#website"},"primaryImageOfPage":{"@id":"https:\/\/kapitalis.com\/tunisie\/2019\/09\/20\/le-mouvement-des-jeunes-de-tunisie-menace-kais-saied-est-a-nous-on-va-occuper-son-bureau-electoral-video\/#primaryimage"},"image":{"@id":"https:\/\/kapitalis.com\/tunisie\/2019\/09\/20\/le-mouvement-des-jeunes-de-tunisie-menace-kais-saied-est-a-nous-on-va-occuper-son-bureau-electoral-video\/#primaryimage"},"thumbnailUrl":"http:\/\/kapitalis.com\/tunisie\/wp-content\/uploads\/2018\/11\/Kais-Saied.jpg","datePublished":"2019-09-20T16:31:30+00:00","dateModified":"2019-09-20T17:51:08+00:00","breadcrumb":{"@id":"https:\/\/kapitalis.com\/tunisie\/2019\/09\/20\/le-mouvement-des-jeunes-de-tunisie-menace-kais-saied-est-a-nous-on-va-occuper-son-bureau-electoral-video\/#breadcrumb"},"inLanguage":"fr-FR","potentialAction":[{"@type":"ReadAction","target":["https:\/\/kapitalis.com\/tunisie\/2019\/09\/20\/le-mouvement-des-jeunes-de-tunisie-menace-kais-saied-est-a-nous-on-va-occuper-son-bureau-electoral-video\/"]}]},{"@type":"ImageObject","inLanguage":"fr-FR","@id":"https:\/\/kapitalis.com\/tunisie\/2019\/09\/20\/le-mouvement-des-jeunes-de-tunisie-menace-kais-saied-est-a-nous-on-va-occuper-son-bureau-electoral-video\/#primaryimage","url":"http:\/\/kapitalis.com\/tunisie\/wp-content\/uploads\/2018\/11\/Kais-Saied.jpg","contentUrl":"http:\/\/kapitalis.com\/tunisie\/wp-content\/uploads\/2018\/11\/Kais-Saied.jpg"},{"@type":"BreadcrumbList","@id":"https:\/\/kapitalis.com\/tunisie\/2019\/09\/20\/le-mouvement-des-jeunes-de-tunisie-menace-kais-saied-est-a-nous-on-va-occuper-son-bureau-electoral-video\/#breadcrumb","itemListElement":[{"@type":"ListItem","position":1,"name":"Accueil","item":"https:\/\/kapitalis.com\/tunisie\/"},{"@type":"ListItem","position":2,"name":"Le Mouvement des jeunes de Tunisie menace : \u00abKa\u00efs Sa\u00efed est \u00e0 nous, on va occuper son bureau \u00e9lectoral\u00bb (vid\u00e9o)"}]},{"@type":"WebSite","@id":"https:\/\/kapitalis.com\/tunisie\/#website","url":"https:\/\/kapitalis.com\/tunisie\/","name":"Kapitalis","description":"L&#039;actualit\u00e9 en Tunisie et dans le monde","publisher":{"@id":"https:\/\/kapitalis.com\/tunisie\/#organization"},"potentialAction":[{"@type":"SearchAction","target":{"@type":"EntryPoint","urlTemplate":"https:\/\/kapitalis.com\/tunisie\/?s={search_term_string}"},"query-input":{"@type":"PropertyValueSpecification","valueRequired":true,"valueName":"search_term_string"}}],"inLanguage":"fr-FR"},{"@type":"Organization","@id":"https:\/\/kapitalis.com\/tunisie\/#organization","name":"Kapitalis","url":"https:\/\/kapitalis.com\/tunisie\/","logo":{"@type":"ImageObject","inLanguage":"fr-FR","@id":"https:\/\/kapitalis.com\/tunisie\/#\/schema\/logo\/image\/","url":"https:\/\/kapitalis.com\/tunisie\/wp-content\/uploads\/2022\/05\/Kapitalis-big-size.png","contentUrl":"https:\/\/kapitalis.com\/tunisie\/wp-content\/uploads\/2022\/05\/Kapitalis-big-size.png","width":5000,"height":1500,"caption":"Kapitalis"},"image":{"@id":"https:\/\/kapitalis.com\/tunisie\/#\/schema\/logo\/image\/"},"sameAs":["https:\/\/www.facebook.com\/KapitalisInfo\/","https:\/\/x.com\/KapitalisInfo","https:\/\/www.youtube.com\/channel\/UC-yDYrHyfFBWWZaOw3FPg9Q"]},{"@type":"Person","@id":"https:\/\/kapitalis.com\/tunisie\/#\/schema\/person\/74bbde0154d49d790a92aaeac5bc01d5","name":"Yusra NY","url":"https:\/\/kapitalis.com\/tunisie\/author\/yuza_adam\/"}]}},"_links":{"self":[{"href":"https:\/\/kapitalis.com\/tunisie\/wp-json\/wp\/v2\/posts\/241472","targetHints":{"allow":["GET"]}}],"collection":[{"href":"https:\/\/kapitalis.com\/tunisie\/wp-json\/wp\/v2\/posts"}],"about":[{"href":"https:\/\/kapitalis.com\/tunisie\/wp-json\/wp\/v2\/types\/post"}],"author":[{"embeddable":true,"href":"https:\/\/kapitalis.com\/tunisie\/wp-json\/wp\/v2\/users\/6"}],"replies":[{"embeddable":true,"href":"https:\/\/kapitalis.com\/tunisie\/wp-json\/wp\/v2\/comments?post=241472"}],"version-history":[{"count":0,"href":"https:\/\/kapitalis.com\/tunisie\/wp-json\/wp\/v2\/posts\/241472\/revisions"}],"wp:attachment":[{"href":"https:\/\/kapitalis.com\/tunisie\/wp-json\/wp\/v2\/media?parent=241472"}],"wp:term":[{"taxonomy":"category","embeddable":true,"href":"https:\/\/kapitalis.com\/tunisie\/wp-json\/wp\/v2\/categories?post=241472"},{"taxonomy":"post_tag","embeddable":true,"href":"https:\/\/kapitalis.com\/tunisie\/wp-json\/wp\/v2\/tags?post=241472"}],"curies":[{"name":"wp","href":"https:\/\/api.w.org\/{rel}","templated":true}]}}