{"id":241845,"date":"2019-09-22T14:22:10","date_gmt":"2019-09-22T13:22:10","guid":{"rendered":"http:\/\/kapitalis.com\/tunisie\/?p=241845"},"modified":"2019-09-22T14:22:12","modified_gmt":"2019-09-22T13:22:12","slug":"elections-presidentielles-en-tunisie-ou-le-degre-zero-de-la-democratie","status":"publish","type":"post","link":"https:\/\/kapitalis.com\/tunisie\/2019\/09\/22\/elections-presidentielles-en-tunisie-ou-le-degre-zero-de-la-democratie\/","title":{"rendered":"\u00c9lections pr\u00e9sidentielles en Tunisie ou le degr\u00e9 z\u00e9ro de la d\u00e9mocratie"},"content":{"rendered":"\n<figure class=\"wp-block-image\"><img decoding=\"async\" src=\"http:\/\/kapitalis.com\/tunisie\/wp-content\/uploads\/2019\/09\/Nabil-Karoui-Kais-Saied.jpg\" alt=\"\" class=\"wp-image-241846\"\/><\/figure>\n\n\n\n<p><strong><em>Des centaines de milliers de votants align\u00e9s comme les z\u00e9ros d\u2019une addition font triompher au premier tour de la pr\u00e9sidentielle anticip\u00e9e, en Tunisie, un candidat avec z\u00e9ro programme, ce qui est la forme la plus abusive de la d\u00e9mocratie. Quant au second, il a apparemment z\u00e9ro chance d\u2019\u00eatre lib\u00e9r\u00e9 pour le second tour.<\/em><\/strong><\/p>\n\n\n\n<p> Par <strong>Yassine Essid <\/strong><\/p>\n\n\n\n<!--more-->\n\n\n\n<div class=\"wp-block-image\"><figure class=\"alignleft\"><img decoding=\"async\" src=\"http:\/\/kapitalis.com\/tunisie\/wp-content\/uploads\/2017\/10\/Yassine-Essid.jpg\" alt=\"\" class=\"wp-image-118739\"\/><\/figure><\/div>\n\n\n\n<p> Tol\u00e9rance z\u00e9ro, d\u00e9ficit z\u00e9ro, risque z\u00e9ro, pr\u00eats \u00e0 taux z\u00e9ro, avoir les miches \u00e0 z\u00e9ro, compter pour z\u00e9ro, tomber \u00e0 z\u00e9ro, l\u2019ann\u00e9e z\u00e9ro, avoir la boule \u00e0 z\u00e9ro.  Le z\u00e9ro, cette valeur nulle, ce chiffre vide dans lequel un infini se mire, est vou\u00e9 \u00e0 remplacer dans tout r\u00e9gime politique les unit\u00e9s absentes : l\u2019Etat social incapable d\u2019enrayer un processus de d\u00e9gradation d\u00e9j\u00e0 bien engag\u00e9, les moyens de palier les mis\u00e8res et d\u2019am\u00e9liorer le bien-\u00eatre, la satisfaction sanitaire et s\u00e9curitaire, la protection environnementale, le d\u00e9veloppement d\u2019une nouvelle gouvernance des syst\u00e8mes scolaires, l\u2019enseignement du civisme, la comp\u00e9tence des \u00e9lus et l\u2019autorit\u00e9 des gouvernants. La construction <em>\u00abX + z\u00e9ro\u00bb<\/em> migre ainsi dans les domaines les plus divers, comme ceux de l\u2019\u00e9conomique, du social, du culturel  et du politique. <\/p>\n\n\n\n<p> On retrouve dans cet ensemble d\u00e9pourvu de tout contenu, qui correspond bien \u00e0 l\u2019actuelle comp\u00e9tition \u00e9lectorale, la force sp\u00e9cifique dont l\u2019avaient dot\u00e9 les math\u00e9maticiens qui l\u2019ont invent\u00e9 au Moyen \u00c2ge. <\/p>\n\n\n\n<h3 class=\"wp-block-heading\"> D\u00e9calage croissant entre le pays r\u00e9el et la classe politique<\/h3>\n\n\n\n<p> Des centaines de milliers de votants align\u00e9s comme les z\u00e9ros d\u2019une addition font triompher au premier tour de la pr\u00e9sidentielle anticip\u00e9e, organis\u00e9e dimanche dernier, 15 septembre 2019, un candidat avec z\u00e9ro programme, ce qui est la forme la plus abusive de la d\u00e9mocratie. Quant au second, il a apparemment z\u00e9ro chance d\u2019\u00eatre lib\u00e9r\u00e9 pour le second tour. Mais le z\u00e9ro n\u2019est pas toujours le seuil minimal \u00e0 la hauteur duquel les choses se tiennent avec une si grande obstination. Il comporte des degr\u00e9s, puisque plus d\u2019une dizaine de candidats,  dispos\u00e9s en rang serr\u00e9, sont s\u00e9par\u00e9s par ce petit trait courb\u00e9 vers la gauche qui pr\u00e9c\u00e8de une d\u00e9cimale flottante : les pitoyables candidats qu\u2019on d\u00e9signe sarcastiquement de z\u00e9ros virgule. <\/p>\n\n\n\n<p> Tout cela prend l\u2019allure, si l\u2019on ose ici une formule qui va finir par s\u2019imposer, d\u2019une <em>\u00abd\u00e9mocratie z\u00e9ro\u00bb<\/em>. Un r\u00e9gime de laisser-aller de geste et de parole, de n\u00e9gligence, de manque de rigueur, de rel\u00e2chement dans les affaires priv\u00e9es, d\u2019absence d\u2019autorit\u00e9 qui touche tous les services publics, de manque d\u2019application dans le travail, de je-m\u2019en-fichisme, d\u2019incomp\u00e9tence, de d\u00e9faillance \u00e0 tous les niveaux de formation et d\u2019\u00e9ducation, de laxisme et de vide politique. <\/p>\n\n\n\n<p> Le vote, quel que soit son mode, ne fait que r\u00e9v\u00e9ler un mouvement en profondeur. Les r\u00e9sultats du premier tour traduisent l\u2019indiff\u00e9rence protestataire qui s\u2019est largement nourrie de l\u2019incapacit\u00e9 des partis \u00e9tablis et reconnus \u00e0 rendre envisageable le tournant de la d\u00e9mocratisation des institutions comme  g\u00e9n\u00e9ratrice de la modernisation \u00e9conomique, sociale et culturelle de la soci\u00e9t\u00e9.<\/p>\n\n\n\n<p> Le virage d\u00e9mocratique ayant \u00e9t\u00e9 pris trop brusquement, il entra\u00eena des cons\u00e9quences sociales trop brutales. L\u2019impuissance de l\u2019Etat \u00e0 promouvoir les changements qui s\u2019imposent face aux d\u00e9fis pr\u00e9sents et futurs n\u2019a fait que g\u00e9n\u00e9rer  les incertitudes devenues telles qu\u2019il est d\u00e9sormais vain d\u2019essayer d\u2019anticiper ce que l\u2019avenir nous r\u00e9serve, car rien n\u2019a vraiment chang\u00e9 depuis cinq ans; les m\u00eames tendances ne faisant que se poursuivre, les m\u00eames probl\u00e8mes ne faisant que s\u2019aggraver. D\u2019o\u00f9 ce d\u00e9calage croissant entre le pays r\u00e9el et la classe politique, entre un syst\u00e8me plut\u00f4t fig\u00e9 et des soci\u00e9taires qui attendent la mise en \u0153uvre des objectifs fix\u00e9s mais jamais atteints. <\/p>\n\n\n\n<p> Lorsqu\u2019on n\u2019offre comme seule perspective celle de s\u2019adapter ou de mourir, lorsqu\u2019on n\u2019arr\u00eate pas de gaver l\u2019opinion publique de discours simplificateurs en l\u2019appelant \u00e0 se convertir au r\u00e9alisme \u00e9conomique des experts du FMI et de Banque Mondiale, l\u2019horizon s\u2019assombrit en m\u00eame temps qu\u2019appara\u00eet la ranc\u0153ur. Or, le r\u00e9alisme prive les gens de toute sensibilit\u00e9 s\u2019il ne s\u2019articule pas sur un projet social en faveur des plus d\u00e9munis. <\/p>\n\n\n\n<p> N\u00e9e en 2011 par l\u2019image, la d\u00e9mocratie tunisienne p\u00e9rira par l\u2019image<br> Depuis 2011, les relations d\u2019interd\u00e9pendance des m\u00e9dias et des politiques \u00e9taient devenues si denses que les rapports entre les journalistes et le pouvoir se sont mu\u00e9s en une affaire commerciale o\u00f9 il s\u2019agit d\u2019organiser la plus grande  captation d\u2019audience  possible au service des int\u00e9ress\u00e9s eux-m\u00eames : animateurs et propri\u00e9taires de cha\u00eenes priv\u00e9es, avec les d\u00e9plorables r\u00e9sultats que l\u2019on conna\u00eet. N\u00e9e en 2011 par l\u2019image, la d\u00e9mocratie tunisienne p\u00e9rira par l\u2019image.<\/p>\n\n\n\n<p> En l\u2019absence de r\u00e9els d\u00e9bats sur les projets de soci\u00e9t\u00e9, le public \u00e9tait en plus manipul\u00e9 en permanence par des mises en sc\u00e8ne qui n\u2019ont pas cess\u00e9 de d\u00e9tourner les repr\u00e9sentants du pouvoir de leur principale activit\u00e9 en les orientant  plut\u00f4t vers leur avenir politique \u00e0 travers des dispositifs qui pr\u00e9tendent mesurer  avec une pr\u00e9cision scientifique cet ind\u00e9finissable notion d\u2019opinion publique. Il en \u00e9tait ainsi des sondages, sollicit\u00e9s aupr\u00e8s de prestataires grassement r\u00e9tribu\u00e9s par des commanditaires exploitant toutes les possibilit\u00e9s du concept de<em> \u00abmajorit\u00e9 silencieuse\u00bb<\/em>, d\u00e9valuant par cons\u00e9quent l\u2019action des dirigeants et des militants de tel ou tel parti politique tout en mettant en avant d\u2019illustres inconnus. <\/p>\n\n\n\n<p> Cens\u00e9s s\u2019appuyer sur ce qu\u2019on pense \u00eatre l\u2019expression d\u2019une opinion publique \u00e9clair\u00e9e, consciente et  bien inform\u00e9e des enjeux d\u2019une \u00e9lection, les sondages s\u2019av\u00e8rent \u00eatre une addition d\u2019opinions individuelles d\u2019une population fictive port\u00e9es et \u00e9nonc\u00e9es en secret. Or la seule opinion digne d\u2019\u00eatre reconnue en d\u00e9mocratie est celle qui se prononce pour tel ou tel personnalit\u00e9 politique apr\u00e8s une information pr\u00e9alable et des \u00e9changes d\u2019arguments. <\/p>\n\n\n\n<h3 class=\"wp-block-heading\"> L\u2019Isie, Nabil Karoui et l\u2019\u00e9preuve des scandales<\/h3>\n\n\n\n<p> Il ne faut pas s\u2019\u00e9tonner dans ce cas des pronostics surprenants diffus\u00e9s tout au long de la p\u00e9riode pr\u00e9-\u00e9lectorale et des r\u00e9sultats d\u00e9routants de ce premier tour o\u00f9 il ne reste plus qu\u2019\u00e0  choisir entre deux personnalit\u00e9s qui d\u00e9raisonnent par impuissance et m\u00e9diocrit\u00e9 d\u2019esprit. C\u2019est  ainsi que nous approchons du degr\u00e9 z\u00e9ro de la d\u00e9mocratie. Nous sommes au fond et nous ignorons quant nous remonteront  \u00e0 la surface <\/p>\n\n\n\n<p> Il y a en effet, d\u2019un c\u00f4t\u00e9, Nabil Karoui, un porte-monnaie \u00e0 ciel ouvert, rong\u00e9 par l\u2019esprit bling-bling et fortement dou\u00e9 pour nouer les relations qui pourraient l\u2019enrichir en tr\u00e8s peu de temps. L\u2019av\u00e8nement de la d\u00e9mocratie en Tunisie, en contribuant au renforcement et \u00e0 l\u2019institutionnalisation de la fraude fiscale, de la fuite des capitaux, de la contrebande et du blanchiment d\u2019argent, a permis \u00e0 ce gros-bonnet de se payer une cha\u00eene de t\u00e9l\u00e9vision et un parti politique lui permettant d\u2019instrumentaliser plus efficacement la charit\u00e9 \u00e0 des fins \u00e9lectorales.<\/p>\n\n\n\n<p> L\u2019Instance sup\u00e9rieure ind\u00e9pendante pour les \u00e9lections (Isie), d\u00e9cid\u00e9ment \u00e0 l\u2019\u00e9preuve des scandales avec \u00e0 sa t\u00eate un pr\u00e9sident porteur d\u2019\u0153ill\u00e8res qui font de lui un animal presque aveugle, et qui ne se m\u00eale que de ses affaires car aux prises avec une r\u00e9alit\u00e9 qui le d\u00e9passe, jugea la candidature de Nabil Karoui \u00e0 l\u2019\u00e9lection pr\u00e9sidentielle parfaitement admissible. Or voil\u00e0 que ce dernier se retrouve \u00e9lu au premier tour avec 525.517 voix, moiti\u00e9 mendiants, moiti\u00e9 chercheurs d\u2019or et, partant, se voit qualifi\u00e9 pour participer au second tour. Sauf que dans ce monde  de fictions qu\u2019est le droit constitutionnel, Nabil Karoui, en d\u00e9pit du principe d\u00e9mocratique de la volont\u00e9 exprim\u00e9e par le peuple souverain, demeure toujours en d\u00e9tention pr\u00e9ventive et pourrait bien y demeurer jusqu\u2019\u00e0 la nuit des temps. <\/p>\n\n\n\n<h3 class=\"wp-block-heading\"> Ka\u00efs Saied \u00e0 la conqu\u00eate du pouvoir les mains vides<\/h3>\n\n\n\n<p> De l\u2019autre c\u00f4t\u00e9, il y a l\u2019activit\u00e9 solitaire de celui qui ne fut qu\u2019un modeste commentateur de la vie politique, ni \u00e9crivain, ni savant, ni philosophe : Ka\u00efs Sa\u00efed. <\/p>\n\n\n\n<p> La posture raide comme un piquet, un visage ferm\u00e9 dans lequel toute vell\u00e9it\u00e9 de sourire serait aussit\u00f4t fig\u00e9e, intransigeant dans ses certitudes morales et politiques, on ne lui conna\u00eet pas des relations, pas de parti, pas de partisans, pas de projet de soci\u00e9t\u00e9 non plus, mais une audience \u00e9parpill\u00e9e qui n\u2019a pas cess\u00e9 de lui renvoyer docilement son image. Il a \u00e9t\u00e9 d\u00e9clar\u00e9 premier de la classe par 620.711 voix d\u2019unilingues frustr\u00e9s et de conservateurs contrari\u00e9s sans culture et qui ont une revanche \u00e0 prendre. D\u2019anonymes contestataires des repr\u00e9sentations modernes du monde, de l\u2019\u00e9ducation, de la culture, de la famille qui militaient discr\u00e8tement pour imposer leurs valeurs. Les voil\u00e0 revigor\u00e9s par la personnalit\u00e9 de Ka\u00efs Sa\u00efed qui sera ainsi pr\u00e9sident de la R\u00e9publique sans qu\u2019aucune majorit\u00e9 parlementaire ne soit \u00e9lue dans son sillage. <\/p>\n\n\n\n<p> Pendant cinq ans la Tunisie a \u00e9t\u00e9 la proie de tous les maux et tares de la mauvaise gouvernance. Pour pallier ce terrible \u00e9tat, le sort nous a gratifi\u00e9s d\u2019une arme infaillible, un homme de chair et d\u2019os, dot\u00e9  d\u2019un caract\u00e8re d\u2019acier qui aura  pour mission de sauvegarder la tranquillit\u00e9 du pays : RoboCop, mi-homme, mi-robot. C\u2019est d\u2019ailleurs par ce sobriquet grotesque qu\u2019il a \u00e9t\u00e9 affubl\u00e9 par la <em>vox populi<\/em>. Mais ce Robocop, qui n\u2019a pas d\u2019\u00e9tat d\u2019\u00e2me, est pourtant dot\u00e9 d\u2019un cerveau qui lui permet de parler sans trop r\u00e9fl\u00e9chir. <\/p>\n\n\n\n<p> Avant m\u00eame qu\u2019il ne se soit engag\u00e9 dans la comp\u00e9tition \u00e9lectorale, Ka\u00efs Sa\u00efed \u00e9tait absorb\u00e9 dans la ronde que composent journalistes, hommes politiques et un corps nouveau d\u2019auxiliaires promus au rang d\u2019interpr\u00e8tes-participants patent\u00e9s du d\u00e9bat public. B\u00e9n\u00e9ficiant d\u2019une bonne audience m\u00e9diatique, il n\u2019arr\u00eate jamais d\u2019intervenir pour commenter chaque \u00e9v\u00e9nement politique et chaque th\u00e8me social en tant que juriste expert en affaires de soci\u00e9t\u00e9 sans pour autant remuer les foules. N\u2019ayant jamais \u00e9t\u00e9 confront\u00e9 \u00e0 des choix d\u2019ordre politique, ne se reconnaissant dans aucune structure ou th\u00e9matique sp\u00e9cifiques, sa vision du monde \u00e9tait r\u00e9duite \u00e0 quelques phrases simplistes qui lui avaient servi de slogans pour se faire comprendre et \u00eatre \u00e9cout\u00e9. Avec le temps, sa rh\u00e9torique, d\u2019un p\u00e9dantisme insupportable, d\u00e9nu\u00e9e d\u2019humanisme et barytonn\u00e9e d\u2019une  voix caverneuse, avait fini par tenir lieu d\u2019\u00e9loquence et par produire les retentissements de l\u2019oracle aupr\u00e8s d\u2019une frange de la population de plus en plus inculte et d\u00e8s lors de plus en plus sensible aux arguments de r\u00e9gression sociale et culturelle d\u2019inspiration salafiste.   <\/p>\n\n\n\n<h3 class=\"wp-block-heading\"> Pourvu que Robocop ne se d\u00e9r\u00e8gle pas, sinon \u00e7a risque <\/h3>\n\n\n\n<p> Alors que les diff\u00e9rents repr\u00e9sentants de l\u2019errance politicienne \u00e9taient emp\u00eatr\u00e9s dans les ritournelles et les m\u00eames travers d\u2019une politique d\u2019illusions, qui avaient tous des objectifs mais aucun moyen pour les atteindre, Ka\u00efs Sa\u00efed a pr\u00e9f\u00e9r\u00e9 laisser \u00e0 ses \u00e9lecteurs anonymes le soin de composer leur propre avenir autant que le n\u00f4tre. Il est ainsi parti \u00e0 la conqu\u00eate du pouvoir les mains vides, sans jamais rien promettre de concret except\u00e9 la fermet\u00e9 de ses principes et le fait de s\u2019enfoncer dans la bigoterie. Il en fut ainsi du projet de loi sur l\u2019\u00e9galit\u00e9 dans l\u2019h\u00e9ritage qu\u2019il rejeta car non conforme aux textes du Coran. <\/p>\n\n\n\n<p> Celui qui sera tr\u00e8s probablement le futur pr\u00e9sident de la r\u00e9publique compte-t-il  veiller  au respect de la constitution ou entend&#8211;til appliquer la charia ? Dans cette \u00e9ventualit\u00e9 il aurait amplement m\u00e9rit\u00e9 son surnom   Robocop, un  individu r\u00e9duit \u00e0 un produit format\u00e9 et lobotomis\u00e9, symbole par excellence de la mentalit\u00e9 qui r\u00e8gne au sein d\u2019une frange importante de la soci\u00e9t\u00e9 qui ne croit plus \u00e0 un possible progr\u00e8s.  <\/p>\n\n\n\n<p> Kais Sa\u00efed est le reflet bien triste d\u2019un r\u00e9gime politique devenu absurde o\u00f9 l\u2019humain obtemp\u00e8re au profit du m\u00e9canique, o\u00f9 le lucide c\u00e8de aux b\u00e9n\u00e9fices des valeurs \u00e9cul\u00e9es qui se posent comme le plus inqui\u00e9tant des vecteurs de l\u2019id\u00e9ologie islamiste. Pourvu que Robocop ne se d\u00e9r\u00e8gle pas, sinon \u00e7a risque de tourner au carnage et il faudrait alors  tout reprendre \u00e0 z\u00e9ro. <\/p>\n\n\n\n<h3 class=\"wp-block-heading\"><em>Articles du m\u00eame auteur dans Kapitalis: <\/em><\/h3>\n\n\n\n<figure class=\"wp-block-embed-wordpress wp-block-embed is-type-wp-embed is-provider-kapitalis\"><div class=\"wp-block-embed__wrapper\">\n<blockquote class=\"wp-embedded-content\" data-secret=\"SiL1LZtQTd\"><a href=\"https:\/\/kapitalis.com\/tunisie\/2019\/09\/13\/tunisie-une-journee-de-campagne-presidentielle-ordinaire\/\">Tunisie : Une journ\u00e9e de campagne pr\u00e9sidentielle ordinaire<\/a><\/blockquote><iframe loading=\"lazy\" class=\"wp-embedded-content\" sandbox=\"allow-scripts\" security=\"restricted\" style=\"position: absolute; clip: rect(1px, 1px, 1px, 1px);\" title=\"\u00ab\u00a0Tunisie : Une journ\u00e9e de campagne pr\u00e9sidentielle ordinaire\u00a0\u00bb &#8212; Kapitalis\" src=\"https:\/\/kapitalis.com\/tunisie\/2019\/09\/13\/tunisie-une-journee-de-campagne-presidentielle-ordinaire\/embed\/#?secret=Y8RYrrQhGE#?secret=SiL1LZtQTd\" data-secret=\"SiL1LZtQTd\" width=\"600\" height=\"338\" frameborder=\"0\" marginwidth=\"0\" marginheight=\"0\" scrolling=\"no\"><\/iframe>\n<\/div><\/figure>\n\n\n\n<figure class=\"wp-block-embed-wordpress wp-block-embed is-type-wp-embed is-provider-kapitalis\"><div class=\"wp-block-embed__wrapper\">\n<blockquote class=\"wp-embedded-content\" data-secret=\"kfZWlMIoVp\"><a href=\"https:\/\/kapitalis.com\/tunisie\/2019\/09\/08\/la-tunisie-en-campagne-presidentielle-ou-la-republique-aux-encheres\/\">La Tunisie en campagne pr\u00e9sidentielle ou la R\u00e9publique aux ench\u00e8res<\/a><\/blockquote><iframe loading=\"lazy\" class=\"wp-embedded-content\" sandbox=\"allow-scripts\" security=\"restricted\" style=\"position: absolute; clip: rect(1px, 1px, 1px, 1px);\" title=\"\u00ab\u00a0La Tunisie en campagne pr\u00e9sidentielle ou la R\u00e9publique aux ench\u00e8res\u00a0\u00bb &#8212; Kapitalis\" src=\"https:\/\/kapitalis.com\/tunisie\/2019\/09\/08\/la-tunisie-en-campagne-presidentielle-ou-la-republique-aux-encheres\/embed\/#?secret=1aa0dQ1sLy#?secret=kfZWlMIoVp\" data-secret=\"kfZWlMIoVp\" width=\"600\" height=\"338\" frameborder=\"0\" marginwidth=\"0\" marginheight=\"0\" scrolling=\"no\"><\/iframe>\n<\/div><\/figure>\n\n\n\n<figure class=\"wp-block-embed-wordpress wp-block-embed is-type-wp-embed is-provider-kapitalis\"><div class=\"wp-block-embed__wrapper\">\n<blockquote class=\"wp-embedded-content\" data-secret=\"AI5DIRqJqY\"><a href=\"https:\/\/kapitalis.com\/tunisie\/2019\/09\/01\/candidat-dennahdha-a-la-presidentielle-abdelfattah-mourou-ou-lart-du-simulacre\/\">Candidat d\u2019Ennahdha \u00e0 la pr\u00e9sidentielle : Abdelfattah Mourou ou l\u2019art du simulacre<\/a><\/blockquote><iframe loading=\"lazy\" class=\"wp-embedded-content\" sandbox=\"allow-scripts\" security=\"restricted\" style=\"position: absolute; clip: rect(1px, 1px, 1px, 1px);\" title=\"\u00ab\u00a0Candidat d\u2019Ennahdha \u00e0 la pr\u00e9sidentielle : Abdelfattah Mourou ou l\u2019art du simulacre\u00a0\u00bb &#8212; Kapitalis\" src=\"https:\/\/kapitalis.com\/tunisie\/2019\/09\/01\/candidat-dennahdha-a-la-presidentielle-abdelfattah-mourou-ou-lart-du-simulacre\/embed\/#?secret=9qXDNZhpUx#?secret=AI5DIRqJqY\" data-secret=\"AI5DIRqJqY\" width=\"600\" height=\"338\" frameborder=\"0\" marginwidth=\"0\" marginheight=\"0\" scrolling=\"no\"><\/iframe>\n<\/div><\/figure>\n","protected":false},"excerpt":{"rendered":"<p>Des centaines de milliers de votants align\u00e9s comme les z\u00e9ros d\u2019une addition font triompher au premier tour de la pr\u00e9sidentielle anticip\u00e9e, en Tunisie, un candidat avec z\u00e9ro programme, ce qui est la forme la plus abusive de la d\u00e9mocratie. Quant au second, il a apparemment z\u00e9ro chance d\u2019\u00eatre lib\u00e9r\u00e9 pour le second tour. Par Yassine&#8230;<\/p>\n","protected":false},"author":8,"featured_media":241846,"comment_status":"open","ping_status":"open","sticky":false,"template":"","format":"standard","meta":{"footnotes":""},"categories":[992,997,2433],"tags":[12235,651,30562],"class_list":["post-241845","post","type-post","status-publish","format-standard","has-post-thumbnail","hentry","category-a-la-une","category-politique","category-tunisie","tag-kais-saied","tag-nabil-karoui","tag-presidentielle-2019"],"yoast_head":"<!-- This site is optimized with the Yoast SEO plugin v26.6 - https:\/\/yoast.com\/wordpress\/plugins\/seo\/ -->\n<title>\u00c9lections pr\u00e9sidentielles en Tunisie ou le degr\u00e9 z\u00e9ro de la d\u00e9mocratie - Kapitalis<\/title>\n<meta name=\"robots\" content=\"index, follow, max-snippet:-1, max-image-preview:large, max-video-preview:-1\" \/>\n<link rel=\"canonical\" href=\"https:\/\/kapitalis.com\/tunisie\/2019\/09\/22\/elections-presidentielles-en-tunisie-ou-le-degre-zero-de-la-democratie\/\" \/>\n<meta property=\"og:locale\" content=\"fr_FR\" \/>\n<meta property=\"og:type\" content=\"article\" \/>\n<meta property=\"og:title\" content=\"\u00c9lections pr\u00e9sidentielles en Tunisie ou le degr\u00e9 z\u00e9ro de la d\u00e9mocratie - Kapitalis\" \/>\n<meta property=\"og:description\" content=\"Des centaines de milliers de votants align\u00e9s comme les z\u00e9ros d\u2019une addition font triompher au premier tour de la pr\u00e9sidentielle anticip\u00e9e, en Tunisie, un candidat avec z\u00e9ro programme, ce qui est la forme la plus abusive de la d\u00e9mocratie. Quant au second, il a apparemment z\u00e9ro chance d\u2019\u00eatre lib\u00e9r\u00e9 pour le second tour. Par Yassine...\" \/>\n<meta property=\"og:url\" content=\"https:\/\/kapitalis.com\/tunisie\/2019\/09\/22\/elections-presidentielles-en-tunisie-ou-le-degre-zero-de-la-democratie\/\" \/>\n<meta property=\"og:site_name\" content=\"Kapitalis\" \/>\n<meta property=\"article:publisher\" content=\"https:\/\/www.facebook.com\/KapitalisInfo\/\" \/>\n<meta property=\"article:published_time\" content=\"2019-09-22T13:22:10+00:00\" \/>\n<meta property=\"article:modified_time\" content=\"2019-09-22T13:22:12+00:00\" \/>\n<meta property=\"og:image\" content=\"https:\/\/kapitalis.com\/tunisie\/wp-content\/uploads\/2022\/05\/kapitalis-logo-fb.png\" \/>\n\t<meta property=\"og:image:width\" content=\"1200\" \/>\n\t<meta property=\"og:image:height\" content=\"630\" \/>\n\t<meta property=\"og:image:type\" content=\"image\/png\" \/>\n<meta name=\"author\" content=\"webmaster kapitalis\" \/>\n<meta name=\"twitter:card\" content=\"summary_large_image\" \/>\n<meta name=\"twitter:creator\" content=\"@KapitalisInfo\" \/>\n<meta name=\"twitter:site\" content=\"@KapitalisInfo\" \/>\n<meta name=\"twitter:label1\" content=\"\u00c9crit par\" \/>\n\t<meta name=\"twitter:data1\" content=\"webmaster kapitalis\" \/>\n\t<meta name=\"twitter:label2\" content=\"Dur\u00e9e de lecture estim\u00e9e\" \/>\n\t<meta name=\"twitter:data2\" content=\"11 minutes\" \/>\n<script type=\"application\/ld+json\" class=\"yoast-schema-graph\">{\"@context\":\"https:\/\/schema.org\",\"@graph\":[{\"@type\":\"Article\",\"@id\":\"https:\/\/kapitalis.com\/tunisie\/2019\/09\/22\/elections-presidentielles-en-tunisie-ou-le-degre-zero-de-la-democratie\/#article\",\"isPartOf\":{\"@id\":\"https:\/\/kapitalis.com\/tunisie\/2019\/09\/22\/elections-presidentielles-en-tunisie-ou-le-degre-zero-de-la-democratie\/\"},\"author\":{\"name\":\"webmaster kapitalis\",\"@id\":\"https:\/\/kapitalis.com\/tunisie\/#\/schema\/person\/d71f33a9ca44f7bad4698210b480c8e9\"},\"headline\":\"\u00c9lections pr\u00e9sidentielles en Tunisie ou le degr\u00e9 z\u00e9ro de la d\u00e9mocratie\",\"datePublished\":\"2019-09-22T13:22:10+00:00\",\"dateModified\":\"2019-09-22T13:22:12+00:00\",\"mainEntityOfPage\":{\"@id\":\"https:\/\/kapitalis.com\/tunisie\/2019\/09\/22\/elections-presidentielles-en-tunisie-ou-le-degre-zero-de-la-democratie\/\"},\"wordCount\":2251,\"commentCount\":27,\"publisher\":{\"@id\":\"https:\/\/kapitalis.com\/tunisie\/#organization\"},\"image\":{\"@id\":\"https:\/\/kapitalis.com\/tunisie\/2019\/09\/22\/elections-presidentielles-en-tunisie-ou-le-degre-zero-de-la-democratie\/#primaryimage\"},\"thumbnailUrl\":\"\",\"keywords\":[\"Ka\u00efs Saied\",\"Nabil Karoui\",\"pr\u00e9sidentielle 2019\"],\"articleSection\":[\"A LA UNE\",\"POLITIQUE\",\"Tunisie\"],\"inLanguage\":\"fr-FR\",\"potentialAction\":[{\"@type\":\"CommentAction\",\"name\":\"Comment\",\"target\":[\"https:\/\/kapitalis.com\/tunisie\/2019\/09\/22\/elections-presidentielles-en-tunisie-ou-le-degre-zero-de-la-democratie\/#respond\"]}]},{\"@type\":\"WebPage\",\"@id\":\"https:\/\/kapitalis.com\/tunisie\/2019\/09\/22\/elections-presidentielles-en-tunisie-ou-le-degre-zero-de-la-democratie\/\",\"url\":\"https:\/\/kapitalis.com\/tunisie\/2019\/09\/22\/elections-presidentielles-en-tunisie-ou-le-degre-zero-de-la-democratie\/\",\"name\":\"\u00c9lections pr\u00e9sidentielles en Tunisie ou le degr\u00e9 z\u00e9ro de la d\u00e9mocratie - Kapitalis\",\"isPartOf\":{\"@id\":\"https:\/\/kapitalis.com\/tunisie\/#website\"},\"primaryImageOfPage\":{\"@id\":\"https:\/\/kapitalis.com\/tunisie\/2019\/09\/22\/elections-presidentielles-en-tunisie-ou-le-degre-zero-de-la-democratie\/#primaryimage\"},\"image\":{\"@id\":\"https:\/\/kapitalis.com\/tunisie\/2019\/09\/22\/elections-presidentielles-en-tunisie-ou-le-degre-zero-de-la-democratie\/#primaryimage\"},\"thumbnailUrl\":\"\",\"datePublished\":\"2019-09-22T13:22:10+00:00\",\"dateModified\":\"2019-09-22T13:22:12+00:00\",\"breadcrumb\":{\"@id\":\"https:\/\/kapitalis.com\/tunisie\/2019\/09\/22\/elections-presidentielles-en-tunisie-ou-le-degre-zero-de-la-democratie\/#breadcrumb\"},\"inLanguage\":\"fr-FR\",\"potentialAction\":[{\"@type\":\"ReadAction\",\"target\":[\"https:\/\/kapitalis.com\/tunisie\/2019\/09\/22\/elections-presidentielles-en-tunisie-ou-le-degre-zero-de-la-democratie\/\"]}]},{\"@type\":\"ImageObject\",\"inLanguage\":\"fr-FR\",\"@id\":\"https:\/\/kapitalis.com\/tunisie\/2019\/09\/22\/elections-presidentielles-en-tunisie-ou-le-degre-zero-de-la-democratie\/#primaryimage\",\"url\":\"\",\"contentUrl\":\"\"},{\"@type\":\"BreadcrumbList\",\"@id\":\"https:\/\/kapitalis.com\/tunisie\/2019\/09\/22\/elections-presidentielles-en-tunisie-ou-le-degre-zero-de-la-democratie\/#breadcrumb\",\"itemListElement\":[{\"@type\":\"ListItem\",\"position\":1,\"name\":\"Accueil\",\"item\":\"https:\/\/kapitalis.com\/tunisie\/\"},{\"@type\":\"ListItem\",\"position\":2,\"name\":\"\u00c9lections pr\u00e9sidentielles en Tunisie ou le degr\u00e9 z\u00e9ro de la d\u00e9mocratie\"}]},{\"@type\":\"WebSite\",\"@id\":\"https:\/\/kapitalis.com\/tunisie\/#website\",\"url\":\"https:\/\/kapitalis.com\/tunisie\/\",\"name\":\"Kapitalis\",\"description\":\"L&#039;actualit\u00e9 en Tunisie et dans le monde\",\"publisher\":{\"@id\":\"https:\/\/kapitalis.com\/tunisie\/#organization\"},\"potentialAction\":[{\"@type\":\"SearchAction\",\"target\":{\"@type\":\"EntryPoint\",\"urlTemplate\":\"https:\/\/kapitalis.com\/tunisie\/?s={search_term_string}\"},\"query-input\":{\"@type\":\"PropertyValueSpecification\",\"valueRequired\":true,\"valueName\":\"search_term_string\"}}],\"inLanguage\":\"fr-FR\"},{\"@type\":\"Organization\",\"@id\":\"https:\/\/kapitalis.com\/tunisie\/#organization\",\"name\":\"Kapitalis\",\"url\":\"https:\/\/kapitalis.com\/tunisie\/\",\"logo\":{\"@type\":\"ImageObject\",\"inLanguage\":\"fr-FR\",\"@id\":\"https:\/\/kapitalis.com\/tunisie\/#\/schema\/logo\/image\/\",\"url\":\"https:\/\/kapitalis.com\/tunisie\/wp-content\/uploads\/2022\/05\/Kapitalis-big-size.png\",\"contentUrl\":\"https:\/\/kapitalis.com\/tunisie\/wp-content\/uploads\/2022\/05\/Kapitalis-big-size.png\",\"width\":5000,\"height\":1500,\"caption\":\"Kapitalis\"},\"image\":{\"@id\":\"https:\/\/kapitalis.com\/tunisie\/#\/schema\/logo\/image\/\"},\"sameAs\":[\"https:\/\/www.facebook.com\/KapitalisInfo\/\",\"https:\/\/x.com\/KapitalisInfo\",\"https:\/\/www.youtube.com\/channel\/UC-yDYrHyfFBWWZaOw3FPg9Q\"]},{\"@type\":\"Person\",\"@id\":\"https:\/\/kapitalis.com\/tunisie\/#\/schema\/person\/d71f33a9ca44f7bad4698210b480c8e9\",\"name\":\"webmaster kapitalis\",\"url\":\"https:\/\/kapitalis.com\/tunisie\/author\/webmaster-kapitalis\/\"}]}<\/script>\n<!-- \/ Yoast SEO plugin. -->","yoast_head_json":{"title":"\u00c9lections pr\u00e9sidentielles en Tunisie ou le degr\u00e9 z\u00e9ro de la d\u00e9mocratie - Kapitalis","robots":{"index":"index","follow":"follow","max-snippet":"max-snippet:-1","max-image-preview":"max-image-preview:large","max-video-preview":"max-video-preview:-1"},"canonical":"https:\/\/kapitalis.com\/tunisie\/2019\/09\/22\/elections-presidentielles-en-tunisie-ou-le-degre-zero-de-la-democratie\/","og_locale":"fr_FR","og_type":"article","og_title":"\u00c9lections pr\u00e9sidentielles en Tunisie ou le degr\u00e9 z\u00e9ro de la d\u00e9mocratie - Kapitalis","og_description":"Des centaines de milliers de votants align\u00e9s comme les z\u00e9ros d\u2019une addition font triompher au premier tour de la pr\u00e9sidentielle anticip\u00e9e, en Tunisie, un candidat avec z\u00e9ro programme, ce qui est la forme la plus abusive de la d\u00e9mocratie. Quant au second, il a apparemment z\u00e9ro chance d\u2019\u00eatre lib\u00e9r\u00e9 pour le second tour. Par Yassine...","og_url":"https:\/\/kapitalis.com\/tunisie\/2019\/09\/22\/elections-presidentielles-en-tunisie-ou-le-degre-zero-de-la-democratie\/","og_site_name":"Kapitalis","article_publisher":"https:\/\/www.facebook.com\/KapitalisInfo\/","article_published_time":"2019-09-22T13:22:10+00:00","article_modified_time":"2019-09-22T13:22:12+00:00","og_image":[{"width":1200,"height":630,"url":"https:\/\/kapitalis.com\/tunisie\/wp-content\/uploads\/2022\/05\/kapitalis-logo-fb.png","type":"image\/png"}],"author":"webmaster kapitalis","twitter_card":"summary_large_image","twitter_creator":"@KapitalisInfo","twitter_site":"@KapitalisInfo","twitter_misc":{"\u00c9crit par":"webmaster kapitalis","Dur\u00e9e de lecture estim\u00e9e":"11 minutes"},"schema":{"@context":"https:\/\/schema.org","@graph":[{"@type":"Article","@id":"https:\/\/kapitalis.com\/tunisie\/2019\/09\/22\/elections-presidentielles-en-tunisie-ou-le-degre-zero-de-la-democratie\/#article","isPartOf":{"@id":"https:\/\/kapitalis.com\/tunisie\/2019\/09\/22\/elections-presidentielles-en-tunisie-ou-le-degre-zero-de-la-democratie\/"},"author":{"name":"webmaster kapitalis","@id":"https:\/\/kapitalis.com\/tunisie\/#\/schema\/person\/d71f33a9ca44f7bad4698210b480c8e9"},"headline":"\u00c9lections pr\u00e9sidentielles en Tunisie ou le degr\u00e9 z\u00e9ro de la d\u00e9mocratie","datePublished":"2019-09-22T13:22:10+00:00","dateModified":"2019-09-22T13:22:12+00:00","mainEntityOfPage":{"@id":"https:\/\/kapitalis.com\/tunisie\/2019\/09\/22\/elections-presidentielles-en-tunisie-ou-le-degre-zero-de-la-democratie\/"},"wordCount":2251,"commentCount":27,"publisher":{"@id":"https:\/\/kapitalis.com\/tunisie\/#organization"},"image":{"@id":"https:\/\/kapitalis.com\/tunisie\/2019\/09\/22\/elections-presidentielles-en-tunisie-ou-le-degre-zero-de-la-democratie\/#primaryimage"},"thumbnailUrl":"","keywords":["Ka\u00efs Saied","Nabil Karoui","pr\u00e9sidentielle 2019"],"articleSection":["A LA UNE","POLITIQUE","Tunisie"],"inLanguage":"fr-FR","potentialAction":[{"@type":"CommentAction","name":"Comment","target":["https:\/\/kapitalis.com\/tunisie\/2019\/09\/22\/elections-presidentielles-en-tunisie-ou-le-degre-zero-de-la-democratie\/#respond"]}]},{"@type":"WebPage","@id":"https:\/\/kapitalis.com\/tunisie\/2019\/09\/22\/elections-presidentielles-en-tunisie-ou-le-degre-zero-de-la-democratie\/","url":"https:\/\/kapitalis.com\/tunisie\/2019\/09\/22\/elections-presidentielles-en-tunisie-ou-le-degre-zero-de-la-democratie\/","name":"\u00c9lections pr\u00e9sidentielles en Tunisie ou le degr\u00e9 z\u00e9ro de la d\u00e9mocratie - Kapitalis","isPartOf":{"@id":"https:\/\/kapitalis.com\/tunisie\/#website"},"primaryImageOfPage":{"@id":"https:\/\/kapitalis.com\/tunisie\/2019\/09\/22\/elections-presidentielles-en-tunisie-ou-le-degre-zero-de-la-democratie\/#primaryimage"},"image":{"@id":"https:\/\/kapitalis.com\/tunisie\/2019\/09\/22\/elections-presidentielles-en-tunisie-ou-le-degre-zero-de-la-democratie\/#primaryimage"},"thumbnailUrl":"","datePublished":"2019-09-22T13:22:10+00:00","dateModified":"2019-09-22T13:22:12+00:00","breadcrumb":{"@id":"https:\/\/kapitalis.com\/tunisie\/2019\/09\/22\/elections-presidentielles-en-tunisie-ou-le-degre-zero-de-la-democratie\/#breadcrumb"},"inLanguage":"fr-FR","potentialAction":[{"@type":"ReadAction","target":["https:\/\/kapitalis.com\/tunisie\/2019\/09\/22\/elections-presidentielles-en-tunisie-ou-le-degre-zero-de-la-democratie\/"]}]},{"@type":"ImageObject","inLanguage":"fr-FR","@id":"https:\/\/kapitalis.com\/tunisie\/2019\/09\/22\/elections-presidentielles-en-tunisie-ou-le-degre-zero-de-la-democratie\/#primaryimage","url":"","contentUrl":""},{"@type":"BreadcrumbList","@id":"https:\/\/kapitalis.com\/tunisie\/2019\/09\/22\/elections-presidentielles-en-tunisie-ou-le-degre-zero-de-la-democratie\/#breadcrumb","itemListElement":[{"@type":"ListItem","position":1,"name":"Accueil","item":"https:\/\/kapitalis.com\/tunisie\/"},{"@type":"ListItem","position":2,"name":"\u00c9lections pr\u00e9sidentielles en Tunisie ou le degr\u00e9 z\u00e9ro de la d\u00e9mocratie"}]},{"@type":"WebSite","@id":"https:\/\/kapitalis.com\/tunisie\/#website","url":"https:\/\/kapitalis.com\/tunisie\/","name":"Kapitalis","description":"L&#039;actualit\u00e9 en Tunisie et dans le monde","publisher":{"@id":"https:\/\/kapitalis.com\/tunisie\/#organization"},"potentialAction":[{"@type":"SearchAction","target":{"@type":"EntryPoint","urlTemplate":"https:\/\/kapitalis.com\/tunisie\/?s={search_term_string}"},"query-input":{"@type":"PropertyValueSpecification","valueRequired":true,"valueName":"search_term_string"}}],"inLanguage":"fr-FR"},{"@type":"Organization","@id":"https:\/\/kapitalis.com\/tunisie\/#organization","name":"Kapitalis","url":"https:\/\/kapitalis.com\/tunisie\/","logo":{"@type":"ImageObject","inLanguage":"fr-FR","@id":"https:\/\/kapitalis.com\/tunisie\/#\/schema\/logo\/image\/","url":"https:\/\/kapitalis.com\/tunisie\/wp-content\/uploads\/2022\/05\/Kapitalis-big-size.png","contentUrl":"https:\/\/kapitalis.com\/tunisie\/wp-content\/uploads\/2022\/05\/Kapitalis-big-size.png","width":5000,"height":1500,"caption":"Kapitalis"},"image":{"@id":"https:\/\/kapitalis.com\/tunisie\/#\/schema\/logo\/image\/"},"sameAs":["https:\/\/www.facebook.com\/KapitalisInfo\/","https:\/\/x.com\/KapitalisInfo","https:\/\/www.youtube.com\/channel\/UC-yDYrHyfFBWWZaOw3FPg9Q"]},{"@type":"Person","@id":"https:\/\/kapitalis.com\/tunisie\/#\/schema\/person\/d71f33a9ca44f7bad4698210b480c8e9","name":"webmaster kapitalis","url":"https:\/\/kapitalis.com\/tunisie\/author\/webmaster-kapitalis\/"}]}},"_links":{"self":[{"href":"https:\/\/kapitalis.com\/tunisie\/wp-json\/wp\/v2\/posts\/241845","targetHints":{"allow":["GET"]}}],"collection":[{"href":"https:\/\/kapitalis.com\/tunisie\/wp-json\/wp\/v2\/posts"}],"about":[{"href":"https:\/\/kapitalis.com\/tunisie\/wp-json\/wp\/v2\/types\/post"}],"author":[{"embeddable":true,"href":"https:\/\/kapitalis.com\/tunisie\/wp-json\/wp\/v2\/users\/8"}],"replies":[{"embeddable":true,"href":"https:\/\/kapitalis.com\/tunisie\/wp-json\/wp\/v2\/comments?post=241845"}],"version-history":[{"count":0,"href":"https:\/\/kapitalis.com\/tunisie\/wp-json\/wp\/v2\/posts\/241845\/revisions"}],"wp:featuredmedia":[{"embeddable":true,"href":"https:\/\/kapitalis.com\/tunisie\/wp-json\/wp\/v2\/media\/241846"}],"wp:attachment":[{"href":"https:\/\/kapitalis.com\/tunisie\/wp-json\/wp\/v2\/media?parent=241845"}],"wp:term":[{"taxonomy":"category","embeddable":true,"href":"https:\/\/kapitalis.com\/tunisie\/wp-json\/wp\/v2\/categories?post=241845"},{"taxonomy":"post_tag","embeddable":true,"href":"https:\/\/kapitalis.com\/tunisie\/wp-json\/wp\/v2\/tags?post=241845"}],"curies":[{"name":"wp","href":"https:\/\/api.w.org\/{rel}","templated":true}]}}