{"id":241860,"date":"2019-09-23T08:38:59","date_gmt":"2019-09-23T07:38:59","guid":{"rendered":"http:\/\/kapitalis.com\/tunisie\/?p=241860"},"modified":"2019-09-23T08:39:01","modified_gmt":"2019-09-23T07:39:01","slug":"compact-with-africa-reformstunisia-un-partenariat-pour-les-reformes-au-service-des-defis-economiques","status":"publish","type":"post","link":"https:\/\/kapitalis.com\/tunisie\/2019\/09\/23\/compact-with-africa-reformstunisia-un-partenariat-pour-les-reformes-au-service-des-defis-economiques\/","title":{"rendered":"Compact with Africa &#8211; Reforms@Tunisia : Un partenariat pour les r\u00e9formes au service des d\u00e9fis \u00e9conomiques"},"content":{"rendered":"\n<figure class=\"wp-block-image\"><img decoding=\"async\" src=\"http:\/\/kapitalis.com\/tunisie\/wp-content\/uploads\/2019\/09\/Compact-With-Africa.jpg\" alt=\"\" class=\"wp-image-241861\"\/><\/figure>\n\n\n\n<p><strong><em>Pour la Tunisie, l\u2019initiative Compact with Africa vise \u00e0 soutenir le gouvernement tunisien dans l\u2019impl\u00e9mentation des r\u00e9formes afin de se traduire concr\u00e8tement en meilleurs services pour les Tunisiennes et Tunisiens.<\/em><\/strong><\/p>\n\n\n\n<!--more-->\n\n\n\n<p> Le Groupe de la Banque mondiale (WBG), l\u2019ambassade d\u2019Allemagne \u00e0 Tunis,  la Deutsche Gesellschaft f\u00fcr Internationale Zusammenarbeit (GIZ),  la Coop\u00e9ration financi\u00e8re allemande (KfW) et la Chambre tuniso-allemande de l\u2019industrie et du commerce (AHK Tunisie), organisent un \u00e9v\u00e9nement conjoint qui s\u2019inscrit dans le cadre de l\u2019initiative Compact with Africa d\u00e9di\u00e9e \u00e0 l\u2019appui aux r\u00e9formes en Tunisie. <\/p>\n\n\n\n<p>\u00c0 cette occasion, pr\u00e8s de 300 hauts repr\u00e9sentants du secteur priv\u00e9, des institutions gouvernementales tunisiennes et allemandes, des organisations internationales, et des bailleurs de fonds se sont rassembl\u00e9s, \u00e0 Tunis, le 19 septembre 2019.<\/p>\n\n\n\n<p> Le Compact with Africa est une approche innovatrice de coop\u00e9ration multilat\u00e9rale avec l\u2019Afrique ax\u00e9e sur l&rsquo;am\u00e9lioration substantielle des conditions cadres d\u2019investissement. Lanc\u00e9 lors du sommet du G20 en 2017 sous la pr\u00e9sidence de l\u2019Allemagne, le Compact with Africa a pour but de catalyser l&rsquo;investissement priv\u00e9 en tant que levier pour une croissance \u00e9conomique durable, pr\u00e9condition favorable \u00e0 la cr\u00e9ation d\u2019emplois et \u00e0 l\u2019am\u00e9lioration des conditions de vie en Afrique.<\/p>\n\n\n\n<p> \u00c0  travers  des  partenariats  bilat\u00e9raux  autour  des  r\u00e9formes,  la  Coop\u00e9ration allemande, le Groupe de la  Banque mondiale, ainsi que leurs partenaires visent \u00e0 apporter une contribution suppl\u00e9mentaire sous la forme d\u2019un soutien financier aux pays qui font partie du \u00ab<em>Partenariat pour les R\u00e9formes<\/em>\u00bb et dont la Tunisie est pionni\u00e8re. <\/p>\n\n\n\n<p> \u00c0 travers ce partenariat, le gouvernement allemand a augment\u00e9 son soutien financier en 2017 et 2018 d\u2019un montant suppl\u00e9mentaire de 211,5 millions d\u2019euro et a mis \u00e0 disposition de la Tunisie un fonds suppl\u00e9mentaire de la KfW allant jusqu\u2019\u00e0 300 millions d\u2019euros.<\/p>\n\n\n\n<p> Concr\u00e8tement pour la Tunisie, l\u2019initiative Compact with Africa vise \u00e0 soutenir le gouvernement tunisien dans l\u2019impl\u00e9mentation des r\u00e9formes  afin de se traduire concr\u00e8tement en meilleurs services pour les  Tunisiennes et Tunisiens. Par exemple, l\u2019impl\u00e9mentation efficace des r\u00e9formes permettra une meilleure inclusion financi\u00e8re, une plus grande transparence et efficacit\u00e9 des institutions publiques et un meilleur cadre d\u2019investissement.<\/p>\n\n\n\n<p> <strong><em>Source<\/em><\/strong> : communiqu\u00e9.<\/p>\n","protected":false},"excerpt":{"rendered":"<p>Pour la Tunisie, l\u2019initiative Compact with Africa vise \u00e0 soutenir le gouvernement tunisien dans l\u2019impl\u00e9mentation des r\u00e9formes afin de se traduire concr\u00e8tement en meilleurs services pour les Tunisiennes et Tunisiens.<\/p>\n","protected":false},"author":8,"featured_media":241861,"comment_status":"open","ping_status":"open","sticky":false,"template":"","format":"standard","meta":{"footnotes":""},"categories":[995,2433],"tags":[],"class_list":["post-241860","post","type-post","status-publish","format-standard","has-post-thumbnail","hentry","category-economie","category-tunisie"],"yoast_head":"<!-- This site is optimized with the Yoast SEO plugin v26.6 - https:\/\/yoast.com\/wordpress\/plugins\/seo\/ -->\n<title>Compact with Africa - Reforms@Tunisia : Un partenariat pour les r\u00e9formes au service des d\u00e9fis \u00e9conomiques - Kapitalis<\/title>\n<meta name=\"robots\" content=\"index, follow, max-snippet:-1, max-image-preview:large, max-video-preview:-1\" \/>\n<link rel=\"canonical\" href=\"https:\/\/kapitalis.com\/tunisie\/2019\/09\/23\/compact-with-africa-reformstunisia-un-partenariat-pour-les-reformes-au-service-des-defis-economiques\/\" \/>\n<meta property=\"og:locale\" content=\"fr_FR\" \/>\n<meta property=\"og:type\" content=\"article\" \/>\n<meta property=\"og:title\" content=\"Compact with Africa - Reforms@Tunisia : Un partenariat pour les r\u00e9formes au service des d\u00e9fis \u00e9conomiques - Kapitalis\" \/>\n<meta property=\"og:description\" content=\"Pour la Tunisie, l\u2019initiative Compact with Africa vise \u00e0 soutenir le gouvernement tunisien dans l\u2019impl\u00e9mentation des r\u00e9formes afin de se traduire concr\u00e8tement en meilleurs services pour les Tunisiennes et Tunisiens.\" \/>\n<meta property=\"og:url\" content=\"https:\/\/kapitalis.com\/tunisie\/2019\/09\/23\/compact-with-africa-reformstunisia-un-partenariat-pour-les-reformes-au-service-des-defis-economiques\/\" \/>\n<meta property=\"og:site_name\" content=\"Kapitalis\" \/>\n<meta property=\"article:publisher\" content=\"https:\/\/www.facebook.com\/KapitalisInfo\/\" \/>\n<meta property=\"article:published_time\" content=\"2019-09-23T07:38:59+00:00\" \/>\n<meta property=\"article:modified_time\" content=\"2019-09-23T07:39:01+00:00\" \/>\n<meta property=\"og:image\" content=\"https:\/\/kapitalis.com\/tunisie\/wp-content\/uploads\/2022\/05\/kapitalis-logo-fb.png\" \/>\n\t<meta property=\"og:image:width\" content=\"1200\" \/>\n\t<meta property=\"og:image:height\" content=\"630\" \/>\n\t<meta property=\"og:image:type\" content=\"image\/png\" \/>\n<meta name=\"author\" content=\"webmaster kapitalis\" \/>\n<meta name=\"twitter:card\" content=\"summary_large_image\" \/>\n<meta name=\"twitter:creator\" content=\"@KapitalisInfo\" \/>\n<meta name=\"twitter:site\" content=\"@KapitalisInfo\" \/>\n<meta name=\"twitter:label1\" content=\"\u00c9crit par\" \/>\n\t<meta name=\"twitter:data1\" content=\"webmaster kapitalis\" \/>\n\t<meta name=\"twitter:label2\" content=\"Dur\u00e9e de lecture estim\u00e9e\" \/>\n\t<meta name=\"twitter:data2\" content=\"2 minutes\" \/>\n<script type=\"application\/ld+json\" class=\"yoast-schema-graph\">{\"@context\":\"https:\/\/schema.org\",\"@graph\":[{\"@type\":\"Article\",\"@id\":\"https:\/\/kapitalis.com\/tunisie\/2019\/09\/23\/compact-with-africa-reformstunisia-un-partenariat-pour-les-reformes-au-service-des-defis-economiques\/#article\",\"isPartOf\":{\"@id\":\"https:\/\/kapitalis.com\/tunisie\/2019\/09\/23\/compact-with-africa-reformstunisia-un-partenariat-pour-les-reformes-au-service-des-defis-economiques\/\"},\"author\":{\"name\":\"webmaster kapitalis\",\"@id\":\"https:\/\/kapitalis.com\/tunisie\/#\/schema\/person\/d71f33a9ca44f7bad4698210b480c8e9\"},\"headline\":\"Compact with Africa &#8211; Reforms@Tunisia : Un partenariat pour les r\u00e9formes au service des d\u00e9fis \u00e9conomiques\",\"datePublished\":\"2019-09-23T07:38:59+00:00\",\"dateModified\":\"2019-09-23T07:39:01+00:00\",\"mainEntityOfPage\":{\"@id\":\"https:\/\/kapitalis.com\/tunisie\/2019\/09\/23\/compact-with-africa-reformstunisia-un-partenariat-pour-les-reformes-au-service-des-defis-economiques\/\"},\"wordCount\":392,\"commentCount\":0,\"publisher\":{\"@id\":\"https:\/\/kapitalis.com\/tunisie\/#organization\"},\"image\":{\"@id\":\"https:\/\/kapitalis.com\/tunisie\/2019\/09\/23\/compact-with-africa-reformstunisia-un-partenariat-pour-les-reformes-au-service-des-defis-economiques\/#primaryimage\"},\"thumbnailUrl\":\"\",\"articleSection\":[\"ECONOMIE\",\"Tunisie\"],\"inLanguage\":\"fr-FR\",\"potentialAction\":[{\"@type\":\"CommentAction\",\"name\":\"Comment\",\"target\":[\"https:\/\/kapitalis.com\/tunisie\/2019\/09\/23\/compact-with-africa-reformstunisia-un-partenariat-pour-les-reformes-au-service-des-defis-economiques\/#respond\"]}]},{\"@type\":\"WebPage\",\"@id\":\"https:\/\/kapitalis.com\/tunisie\/2019\/09\/23\/compact-with-africa-reformstunisia-un-partenariat-pour-les-reformes-au-service-des-defis-economiques\/\",\"url\":\"https:\/\/kapitalis.com\/tunisie\/2019\/09\/23\/compact-with-africa-reformstunisia-un-partenariat-pour-les-reformes-au-service-des-defis-economiques\/\",\"name\":\"Compact with Africa - Reforms@Tunisia : Un partenariat pour les r\u00e9formes au service des d\u00e9fis \u00e9conomiques - Kapitalis\",\"isPartOf\":{\"@id\":\"https:\/\/kapitalis.com\/tunisie\/#website\"},\"primaryImageOfPage\":{\"@id\":\"https:\/\/kapitalis.com\/tunisie\/2019\/09\/23\/compact-with-africa-reformstunisia-un-partenariat-pour-les-reformes-au-service-des-defis-economiques\/#primaryimage\"},\"image\":{\"@id\":\"https:\/\/kapitalis.com\/tunisie\/2019\/09\/23\/compact-with-africa-reformstunisia-un-partenariat-pour-les-reformes-au-service-des-defis-economiques\/#primaryimage\"},\"thumbnailUrl\":\"\",\"datePublished\":\"2019-09-23T07:38:59+00:00\",\"dateModified\":\"2019-09-23T07:39:01+00:00\",\"breadcrumb\":{\"@id\":\"https:\/\/kapitalis.com\/tunisie\/2019\/09\/23\/compact-with-africa-reformstunisia-un-partenariat-pour-les-reformes-au-service-des-defis-economiques\/#breadcrumb\"},\"inLanguage\":\"fr-FR\",\"potentialAction\":[{\"@type\":\"ReadAction\",\"target\":[\"https:\/\/kapitalis.com\/tunisie\/2019\/09\/23\/compact-with-africa-reformstunisia-un-partenariat-pour-les-reformes-au-service-des-defis-economiques\/\"]}]},{\"@type\":\"ImageObject\",\"inLanguage\":\"fr-FR\",\"@id\":\"https:\/\/kapitalis.com\/tunisie\/2019\/09\/23\/compact-with-africa-reformstunisia-un-partenariat-pour-les-reformes-au-service-des-defis-economiques\/#primaryimage\",\"url\":\"\",\"contentUrl\":\"\"},{\"@type\":\"BreadcrumbList\",\"@id\":\"https:\/\/kapitalis.com\/tunisie\/2019\/09\/23\/compact-with-africa-reformstunisia-un-partenariat-pour-les-reformes-au-service-des-defis-economiques\/#breadcrumb\",\"itemListElement\":[{\"@type\":\"ListItem\",\"position\":1,\"name\":\"Accueil\",\"item\":\"https:\/\/kapitalis.com\/tunisie\/\"},{\"@type\":\"ListItem\",\"position\":2,\"name\":\"Compact with Africa &#8211; Reforms@Tunisia : Un partenariat pour les r\u00e9formes au service des d\u00e9fis \u00e9conomiques\"}]},{\"@type\":\"WebSite\",\"@id\":\"https:\/\/kapitalis.com\/tunisie\/#website\",\"url\":\"https:\/\/kapitalis.com\/tunisie\/\",\"name\":\"Kapitalis\",\"description\":\"L&#039;actualit\u00e9 en Tunisie et dans le monde\",\"publisher\":{\"@id\":\"https:\/\/kapitalis.com\/tunisie\/#organization\"},\"potentialAction\":[{\"@type\":\"SearchAction\",\"target\":{\"@type\":\"EntryPoint\",\"urlTemplate\":\"https:\/\/kapitalis.com\/tunisie\/?s={search_term_string}\"},\"query-input\":{\"@type\":\"PropertyValueSpecification\",\"valueRequired\":true,\"valueName\":\"search_term_string\"}}],\"inLanguage\":\"fr-FR\"},{\"@type\":\"Organization\",\"@id\":\"https:\/\/kapitalis.com\/tunisie\/#organization\",\"name\":\"Kapitalis\",\"url\":\"https:\/\/kapitalis.com\/tunisie\/\",\"logo\":{\"@type\":\"ImageObject\",\"inLanguage\":\"fr-FR\",\"@id\":\"https:\/\/kapitalis.com\/tunisie\/#\/schema\/logo\/image\/\",\"url\":\"https:\/\/kapitalis.com\/tunisie\/wp-content\/uploads\/2022\/05\/Kapitalis-big-size.png\",\"contentUrl\":\"https:\/\/kapitalis.com\/tunisie\/wp-content\/uploads\/2022\/05\/Kapitalis-big-size.png\",\"width\":5000,\"height\":1500,\"caption\":\"Kapitalis\"},\"image\":{\"@id\":\"https:\/\/kapitalis.com\/tunisie\/#\/schema\/logo\/image\/\"},\"sameAs\":[\"https:\/\/www.facebook.com\/KapitalisInfo\/\",\"https:\/\/x.com\/KapitalisInfo\",\"https:\/\/www.youtube.com\/channel\/UC-yDYrHyfFBWWZaOw3FPg9Q\"]},{\"@type\":\"Person\",\"@id\":\"https:\/\/kapitalis.com\/tunisie\/#\/schema\/person\/d71f33a9ca44f7bad4698210b480c8e9\",\"name\":\"webmaster kapitalis\",\"url\":\"https:\/\/kapitalis.com\/tunisie\/author\/webmaster-kapitalis\/\"}]}<\/script>\n<!-- \/ Yoast SEO plugin. -->","yoast_head_json":{"title":"Compact with Africa - Reforms@Tunisia : Un partenariat pour les r\u00e9formes au service des d\u00e9fis \u00e9conomiques - Kapitalis","robots":{"index":"index","follow":"follow","max-snippet":"max-snippet:-1","max-image-preview":"max-image-preview:large","max-video-preview":"max-video-preview:-1"},"canonical":"https:\/\/kapitalis.com\/tunisie\/2019\/09\/23\/compact-with-africa-reformstunisia-un-partenariat-pour-les-reformes-au-service-des-defis-economiques\/","og_locale":"fr_FR","og_type":"article","og_title":"Compact with Africa - Reforms@Tunisia : Un partenariat pour les r\u00e9formes au service des d\u00e9fis \u00e9conomiques - Kapitalis","og_description":"Pour la Tunisie, l\u2019initiative Compact with Africa vise \u00e0 soutenir le gouvernement tunisien dans l\u2019impl\u00e9mentation des r\u00e9formes afin de se traduire concr\u00e8tement en meilleurs services pour les Tunisiennes et Tunisiens.","og_url":"https:\/\/kapitalis.com\/tunisie\/2019\/09\/23\/compact-with-africa-reformstunisia-un-partenariat-pour-les-reformes-au-service-des-defis-economiques\/","og_site_name":"Kapitalis","article_publisher":"https:\/\/www.facebook.com\/KapitalisInfo\/","article_published_time":"2019-09-23T07:38:59+00:00","article_modified_time":"2019-09-23T07:39:01+00:00","og_image":[{"width":1200,"height":630,"url":"https:\/\/kapitalis.com\/tunisie\/wp-content\/uploads\/2022\/05\/kapitalis-logo-fb.png","type":"image\/png"}],"author":"webmaster kapitalis","twitter_card":"summary_large_image","twitter_creator":"@KapitalisInfo","twitter_site":"@KapitalisInfo","twitter_misc":{"\u00c9crit par":"webmaster kapitalis","Dur\u00e9e de lecture estim\u00e9e":"2 minutes"},"schema":{"@context":"https:\/\/schema.org","@graph":[{"@type":"Article","@id":"https:\/\/kapitalis.com\/tunisie\/2019\/09\/23\/compact-with-africa-reformstunisia-un-partenariat-pour-les-reformes-au-service-des-defis-economiques\/#article","isPartOf":{"@id":"https:\/\/kapitalis.com\/tunisie\/2019\/09\/23\/compact-with-africa-reformstunisia-un-partenariat-pour-les-reformes-au-service-des-defis-economiques\/"},"author":{"name":"webmaster kapitalis","@id":"https:\/\/kapitalis.com\/tunisie\/#\/schema\/person\/d71f33a9ca44f7bad4698210b480c8e9"},"headline":"Compact with Africa &#8211; Reforms@Tunisia : Un partenariat pour les r\u00e9formes au service des d\u00e9fis \u00e9conomiques","datePublished":"2019-09-23T07:38:59+00:00","dateModified":"2019-09-23T07:39:01+00:00","mainEntityOfPage":{"@id":"https:\/\/kapitalis.com\/tunisie\/2019\/09\/23\/compact-with-africa-reformstunisia-un-partenariat-pour-les-reformes-au-service-des-defis-economiques\/"},"wordCount":392,"commentCount":0,"publisher":{"@id":"https:\/\/kapitalis.com\/tunisie\/#organization"},"image":{"@id":"https:\/\/kapitalis.com\/tunisie\/2019\/09\/23\/compact-with-africa-reformstunisia-un-partenariat-pour-les-reformes-au-service-des-defis-economiques\/#primaryimage"},"thumbnailUrl":"","articleSection":["ECONOMIE","Tunisie"],"inLanguage":"fr-FR","potentialAction":[{"@type":"CommentAction","name":"Comment","target":["https:\/\/kapitalis.com\/tunisie\/2019\/09\/23\/compact-with-africa-reformstunisia-un-partenariat-pour-les-reformes-au-service-des-defis-economiques\/#respond"]}]},{"@type":"WebPage","@id":"https:\/\/kapitalis.com\/tunisie\/2019\/09\/23\/compact-with-africa-reformstunisia-un-partenariat-pour-les-reformes-au-service-des-defis-economiques\/","url":"https:\/\/kapitalis.com\/tunisie\/2019\/09\/23\/compact-with-africa-reformstunisia-un-partenariat-pour-les-reformes-au-service-des-defis-economiques\/","name":"Compact with Africa - Reforms@Tunisia : Un partenariat pour les r\u00e9formes au service des d\u00e9fis \u00e9conomiques - Kapitalis","isPartOf":{"@id":"https:\/\/kapitalis.com\/tunisie\/#website"},"primaryImageOfPage":{"@id":"https:\/\/kapitalis.com\/tunisie\/2019\/09\/23\/compact-with-africa-reformstunisia-un-partenariat-pour-les-reformes-au-service-des-defis-economiques\/#primaryimage"},"image":{"@id":"https:\/\/kapitalis.com\/tunisie\/2019\/09\/23\/compact-with-africa-reformstunisia-un-partenariat-pour-les-reformes-au-service-des-defis-economiques\/#primaryimage"},"thumbnailUrl":"","datePublished":"2019-09-23T07:38:59+00:00","dateModified":"2019-09-23T07:39:01+00:00","breadcrumb":{"@id":"https:\/\/kapitalis.com\/tunisie\/2019\/09\/23\/compact-with-africa-reformstunisia-un-partenariat-pour-les-reformes-au-service-des-defis-economiques\/#breadcrumb"},"inLanguage":"fr-FR","potentialAction":[{"@type":"ReadAction","target":["https:\/\/kapitalis.com\/tunisie\/2019\/09\/23\/compact-with-africa-reformstunisia-un-partenariat-pour-les-reformes-au-service-des-defis-economiques\/"]}]},{"@type":"ImageObject","inLanguage":"fr-FR","@id":"https:\/\/kapitalis.com\/tunisie\/2019\/09\/23\/compact-with-africa-reformstunisia-un-partenariat-pour-les-reformes-au-service-des-defis-economiques\/#primaryimage","url":"","contentUrl":""},{"@type":"BreadcrumbList","@id":"https:\/\/kapitalis.com\/tunisie\/2019\/09\/23\/compact-with-africa-reformstunisia-un-partenariat-pour-les-reformes-au-service-des-defis-economiques\/#breadcrumb","itemListElement":[{"@type":"ListItem","position":1,"name":"Accueil","item":"https:\/\/kapitalis.com\/tunisie\/"},{"@type":"ListItem","position":2,"name":"Compact with Africa &#8211; Reforms@Tunisia : Un partenariat pour les r\u00e9formes au service des d\u00e9fis \u00e9conomiques"}]},{"@type":"WebSite","@id":"https:\/\/kapitalis.com\/tunisie\/#website","url":"https:\/\/kapitalis.com\/tunisie\/","name":"Kapitalis","description":"L&#039;actualit\u00e9 en Tunisie et dans le monde","publisher":{"@id":"https:\/\/kapitalis.com\/tunisie\/#organization"},"potentialAction":[{"@type":"SearchAction","target":{"@type":"EntryPoint","urlTemplate":"https:\/\/kapitalis.com\/tunisie\/?s={search_term_string}"},"query-input":{"@type":"PropertyValueSpecification","valueRequired":true,"valueName":"search_term_string"}}],"inLanguage":"fr-FR"},{"@type":"Organization","@id":"https:\/\/kapitalis.com\/tunisie\/#organization","name":"Kapitalis","url":"https:\/\/kapitalis.com\/tunisie\/","logo":{"@type":"ImageObject","inLanguage":"fr-FR","@id":"https:\/\/kapitalis.com\/tunisie\/#\/schema\/logo\/image\/","url":"https:\/\/kapitalis.com\/tunisie\/wp-content\/uploads\/2022\/05\/Kapitalis-big-size.png","contentUrl":"https:\/\/kapitalis.com\/tunisie\/wp-content\/uploads\/2022\/05\/Kapitalis-big-size.png","width":5000,"height":1500,"caption":"Kapitalis"},"image":{"@id":"https:\/\/kapitalis.com\/tunisie\/#\/schema\/logo\/image\/"},"sameAs":["https:\/\/www.facebook.com\/KapitalisInfo\/","https:\/\/x.com\/KapitalisInfo","https:\/\/www.youtube.com\/channel\/UC-yDYrHyfFBWWZaOw3FPg9Q"]},{"@type":"Person","@id":"https:\/\/kapitalis.com\/tunisie\/#\/schema\/person\/d71f33a9ca44f7bad4698210b480c8e9","name":"webmaster kapitalis","url":"https:\/\/kapitalis.com\/tunisie\/author\/webmaster-kapitalis\/"}]}},"_links":{"self":[{"href":"https:\/\/kapitalis.com\/tunisie\/wp-json\/wp\/v2\/posts\/241860","targetHints":{"allow":["GET"]}}],"collection":[{"href":"https:\/\/kapitalis.com\/tunisie\/wp-json\/wp\/v2\/posts"}],"about":[{"href":"https:\/\/kapitalis.com\/tunisie\/wp-json\/wp\/v2\/types\/post"}],"author":[{"embeddable":true,"href":"https:\/\/kapitalis.com\/tunisie\/wp-json\/wp\/v2\/users\/8"}],"replies":[{"embeddable":true,"href":"https:\/\/kapitalis.com\/tunisie\/wp-json\/wp\/v2\/comments?post=241860"}],"version-history":[{"count":0,"href":"https:\/\/kapitalis.com\/tunisie\/wp-json\/wp\/v2\/posts\/241860\/revisions"}],"wp:featuredmedia":[{"embeddable":true,"href":"https:\/\/kapitalis.com\/tunisie\/wp-json\/wp\/v2\/media\/241861"}],"wp:attachment":[{"href":"https:\/\/kapitalis.com\/tunisie\/wp-json\/wp\/v2\/media?parent=241860"}],"wp:term":[{"taxonomy":"category","embeddable":true,"href":"https:\/\/kapitalis.com\/tunisie\/wp-json\/wp\/v2\/categories?post=241860"},{"taxonomy":"post_tag","embeddable":true,"href":"https:\/\/kapitalis.com\/tunisie\/wp-json\/wp\/v2\/tags?post=241860"}],"curies":[{"name":"wp","href":"https:\/\/api.w.org\/{rel}","templated":true}]}}