{"id":242237,"date":"2019-09-24T09:49:00","date_gmt":"2019-09-24T08:49:00","guid":{"rendered":"http:\/\/kapitalis.com\/tunisie\/?p=242237"},"modified":"2019-09-24T10:03:57","modified_gmt":"2019-09-24T09:03:57","slug":"rached-ghannouchi-associe-les-actions-du-comite-de-defense-de-belaid-brahmi-au-banditisme","status":"publish","type":"post","link":"https:\/\/kapitalis.com\/tunisie\/2019\/09\/24\/rached-ghannouchi-associe-les-actions-du-comite-de-defense-de-belaid-brahmi-au-banditisme\/","title":{"rendered":"Rached Ghannouchi associe les actions du comit\u00e9 de d\u00e9fense de Bela\u00efd-Brahmi au \u00abbanditisme\u00bb"},"content":{"rendered":"\n<div class=\"wp-block-image\"><figure class=\"aligncenter\"><img decoding=\"async\" src=\"http:\/\/kapitalis.com\/tunisie\/wp-content\/uploads\/2015\/05\/Rached-Ghannouchi1.jpg\" alt=\"\" class=\"wp-image-1061\"\/><\/figure><\/div>\n\n\n\n<p><strong><em>Dans une interview accord\u00e9e \u00e0 Jawhara FM, hier, 23 septembre 2019, le pr\u00e9sident du parti Ennahdha, Rached Ghannouchi, a qualifi\u00e9 le sit-in des avocats du comit\u00e9 de d\u00e9fense de Chokri Bela\u00efd et Mohamed Brahmi, devant le tribunal de premi\u00e8re instance de Tunis, de \u00abscandaleuse\u00bb, affirmant qu&rsquo;ils sont entr\u00e9s par effraction au bureau du procureur de la R\u00e9publique.<\/em><\/strong><\/p>\n\n\n\n<!--more-->\n\n\n\n<p>Concernant l\u2019implication du mouvement Ennahdha et de son pr\u00e9sum\u00e9 appareil secret dans ces deux assassinats politiques, perp\u00e9tr\u00e9s en 2013, M. Ghannouchi a simplement r\u00e9pondu que c\u2019est \u00e0 la justice seule de trancher dans cette affaire.<\/p>\n\n\n\n<p>\u00ab<em>C\u2019est clair que les courants politiques qui soutiennent ces avocats, comme le Front populaire (FP), sont d\u00e9sesp\u00e9r\u00e9s parce qu\u2019ils n\u2019ont pas r\u00e9ussi, jusqu\u2019\u00e0 pr\u00e9sent, \u00e0 battre Ennahdha dans les \u00e9lections. Laissez la justice faire son travail&nbsp;! Cessez de faire du banditisme\u00bb,&nbsp;<\/em>a-t-il d\u00e9velopp\u00e9, ajoutant que son parti a r\u00e9ussi \u00e0 \u00e9voluer, au fil de temps, contrairement \u00e0 la gauche tunisienne.<\/p>\n\n\n\n<p style=\"text-align:right\"><strong>C. B. Y.<\/strong><\/p>\n","protected":false},"excerpt":{"rendered":"<p>Dans une interview accord\u00e9e \u00e0 Jawhara FM, hier, 23 septembre 2019, le pr\u00e9sident du parti Ennahdha, Rached Ghannouchi, a qualifi\u00e9 le sit-in des avocats du comit\u00e9 de d\u00e9fense de Chokri Bela\u00efd et Mohamed Brahmi, devant le tribunal de premi\u00e8re instance de Tunis, de \u00abscandaleuse\u00bb, affirmant qu&rsquo;ils sont entr\u00e9s par effraction au bureau du procureur de&#8230;<\/p>\n","protected":false},"author":24,"featured_media":0,"comment_status":"open","ping_status":"open","sticky":false,"template":"","format":"standard","meta":{"footnotes":""},"categories":[997,2433],"tags":[64759,49543,758],"class_list":["post-242237","post","type-post","status-publish","format-standard","hentry","category-politique","category-tunisie","tag-comite-de-defense-brahmi-belaid","tag-ennahdha","tag-rached-ghannouchi"],"yoast_head":"<!-- This site is optimized with the Yoast SEO plugin v26.6 - https:\/\/yoast.com\/wordpress\/plugins\/seo\/ -->\n<title>Rached Ghannouchi associe les actions du comit\u00e9 de d\u00e9fense de Bela\u00efd-Brahmi au \u00abbanditisme\u00bb - Kapitalis<\/title>\n<meta name=\"robots\" content=\"index, follow, max-snippet:-1, max-image-preview:large, max-video-preview:-1\" \/>\n<link rel=\"canonical\" href=\"https:\/\/kapitalis.com\/tunisie\/2019\/09\/24\/rached-ghannouchi-associe-les-actions-du-comite-de-defense-de-belaid-brahmi-au-banditisme\/\" \/>\n<meta property=\"og:locale\" content=\"fr_FR\" \/>\n<meta property=\"og:type\" content=\"article\" \/>\n<meta property=\"og:title\" content=\"Rached Ghannouchi associe les actions du comit\u00e9 de d\u00e9fense de Bela\u00efd-Brahmi au \u00abbanditisme\u00bb - Kapitalis\" \/>\n<meta property=\"og:description\" content=\"Dans une interview accord\u00e9e \u00e0 Jawhara FM, hier, 23 septembre 2019, le pr\u00e9sident du parti Ennahdha, Rached Ghannouchi, a qualifi\u00e9 le sit-in des avocats du comit\u00e9 de d\u00e9fense de Chokri Bela\u00efd et Mohamed Brahmi, devant le tribunal de premi\u00e8re instance de Tunis, de \u00abscandaleuse\u00bb, affirmant qu&rsquo;ils sont entr\u00e9s par effraction au bureau du procureur de...\" \/>\n<meta property=\"og:url\" content=\"https:\/\/kapitalis.com\/tunisie\/2019\/09\/24\/rached-ghannouchi-associe-les-actions-du-comite-de-defense-de-belaid-brahmi-au-banditisme\/\" \/>\n<meta property=\"og:site_name\" content=\"Kapitalis\" \/>\n<meta property=\"article:publisher\" content=\"https:\/\/www.facebook.com\/KapitalisInfo\/\" \/>\n<meta property=\"article:published_time\" content=\"2019-09-24T08:49:00+00:00\" \/>\n<meta property=\"article:modified_time\" content=\"2019-09-24T09:03:57+00:00\" \/>\n<meta property=\"og:image\" content=\"http:\/\/kapitalis.com\/tunisie\/wp-content\/uploads\/2015\/05\/Rached-Ghannouchi1.jpg\" \/>\n<meta name=\"author\" content=\"Cherif Benyounes\" \/>\n<meta name=\"twitter:card\" content=\"summary_large_image\" \/>\n<meta name=\"twitter:creator\" content=\"@KapitalisInfo\" \/>\n<meta name=\"twitter:site\" content=\"@KapitalisInfo\" \/>\n<meta name=\"twitter:label1\" content=\"\u00c9crit par\" \/>\n\t<meta name=\"twitter:data1\" content=\"Cherif Benyounes\" \/>\n\t<meta name=\"twitter:label2\" content=\"Dur\u00e9e de lecture estim\u00e9e\" \/>\n\t<meta name=\"twitter:data2\" content=\"1 minute\" \/>\n<script type=\"application\/ld+json\" class=\"yoast-schema-graph\">{\"@context\":\"https:\/\/schema.org\",\"@graph\":[{\"@type\":\"Article\",\"@id\":\"https:\/\/kapitalis.com\/tunisie\/2019\/09\/24\/rached-ghannouchi-associe-les-actions-du-comite-de-defense-de-belaid-brahmi-au-banditisme\/#article\",\"isPartOf\":{\"@id\":\"https:\/\/kapitalis.com\/tunisie\/2019\/09\/24\/rached-ghannouchi-associe-les-actions-du-comite-de-defense-de-belaid-brahmi-au-banditisme\/\"},\"author\":{\"name\":\"Cherif Benyounes\",\"@id\":\"https:\/\/kapitalis.com\/tunisie\/#\/schema\/person\/b35b8d631961131107263178aeb8019e\"},\"headline\":\"Rached Ghannouchi associe les actions du comit\u00e9 de d\u00e9fense de Bela\u00efd-Brahmi au \u00abbanditisme\u00bb\",\"datePublished\":\"2019-09-24T08:49:00+00:00\",\"dateModified\":\"2019-09-24T09:03:57+00:00\",\"mainEntityOfPage\":{\"@id\":\"https:\/\/kapitalis.com\/tunisie\/2019\/09\/24\/rached-ghannouchi-associe-les-actions-du-comite-de-defense-de-belaid-brahmi-au-banditisme\/\"},\"wordCount\":187,\"commentCount\":9,\"publisher\":{\"@id\":\"https:\/\/kapitalis.com\/tunisie\/#organization\"},\"image\":{\"@id\":\"https:\/\/kapitalis.com\/tunisie\/2019\/09\/24\/rached-ghannouchi-associe-les-actions-du-comite-de-defense-de-belaid-brahmi-au-banditisme\/#primaryimage\"},\"thumbnailUrl\":\"http:\/\/kapitalis.com\/tunisie\/wp-content\/uploads\/2015\/05\/Rached-Ghannouchi1.jpg\",\"keywords\":[\"Comit\u00e9 de d\u00e9fense Brahmi-Belaid\",\"Ennahdha\",\"Rached Ghannouchi\"],\"articleSection\":[\"POLITIQUE\",\"Tunisie\"],\"inLanguage\":\"fr-FR\",\"potentialAction\":[{\"@type\":\"CommentAction\",\"name\":\"Comment\",\"target\":[\"https:\/\/kapitalis.com\/tunisie\/2019\/09\/24\/rached-ghannouchi-associe-les-actions-du-comite-de-defense-de-belaid-brahmi-au-banditisme\/#respond\"]}]},{\"@type\":\"WebPage\",\"@id\":\"https:\/\/kapitalis.com\/tunisie\/2019\/09\/24\/rached-ghannouchi-associe-les-actions-du-comite-de-defense-de-belaid-brahmi-au-banditisme\/\",\"url\":\"https:\/\/kapitalis.com\/tunisie\/2019\/09\/24\/rached-ghannouchi-associe-les-actions-du-comite-de-defense-de-belaid-brahmi-au-banditisme\/\",\"name\":\"Rached Ghannouchi associe les actions du comit\u00e9 de d\u00e9fense de Bela\u00efd-Brahmi au \u00abbanditisme\u00bb - Kapitalis\",\"isPartOf\":{\"@id\":\"https:\/\/kapitalis.com\/tunisie\/#website\"},\"primaryImageOfPage\":{\"@id\":\"https:\/\/kapitalis.com\/tunisie\/2019\/09\/24\/rached-ghannouchi-associe-les-actions-du-comite-de-defense-de-belaid-brahmi-au-banditisme\/#primaryimage\"},\"image\":{\"@id\":\"https:\/\/kapitalis.com\/tunisie\/2019\/09\/24\/rached-ghannouchi-associe-les-actions-du-comite-de-defense-de-belaid-brahmi-au-banditisme\/#primaryimage\"},\"thumbnailUrl\":\"http:\/\/kapitalis.com\/tunisie\/wp-content\/uploads\/2015\/05\/Rached-Ghannouchi1.jpg\",\"datePublished\":\"2019-09-24T08:49:00+00:00\",\"dateModified\":\"2019-09-24T09:03:57+00:00\",\"breadcrumb\":{\"@id\":\"https:\/\/kapitalis.com\/tunisie\/2019\/09\/24\/rached-ghannouchi-associe-les-actions-du-comite-de-defense-de-belaid-brahmi-au-banditisme\/#breadcrumb\"},\"inLanguage\":\"fr-FR\",\"potentialAction\":[{\"@type\":\"ReadAction\",\"target\":[\"https:\/\/kapitalis.com\/tunisie\/2019\/09\/24\/rached-ghannouchi-associe-les-actions-du-comite-de-defense-de-belaid-brahmi-au-banditisme\/\"]}]},{\"@type\":\"ImageObject\",\"inLanguage\":\"fr-FR\",\"@id\":\"https:\/\/kapitalis.com\/tunisie\/2019\/09\/24\/rached-ghannouchi-associe-les-actions-du-comite-de-defense-de-belaid-brahmi-au-banditisme\/#primaryimage\",\"url\":\"http:\/\/kapitalis.com\/tunisie\/wp-content\/uploads\/2015\/05\/Rached-Ghannouchi1.jpg\",\"contentUrl\":\"http:\/\/kapitalis.com\/tunisie\/wp-content\/uploads\/2015\/05\/Rached-Ghannouchi1.jpg\"},{\"@type\":\"BreadcrumbList\",\"@id\":\"https:\/\/kapitalis.com\/tunisie\/2019\/09\/24\/rached-ghannouchi-associe-les-actions-du-comite-de-defense-de-belaid-brahmi-au-banditisme\/#breadcrumb\",\"itemListElement\":[{\"@type\":\"ListItem\",\"position\":1,\"name\":\"Accueil\",\"item\":\"https:\/\/kapitalis.com\/tunisie\/\"},{\"@type\":\"ListItem\",\"position\":2,\"name\":\"Rached Ghannouchi associe les actions du comit\u00e9 de d\u00e9fense de Bela\u00efd-Brahmi au \u00abbanditisme\u00bb\"}]},{\"@type\":\"WebSite\",\"@id\":\"https:\/\/kapitalis.com\/tunisie\/#website\",\"url\":\"https:\/\/kapitalis.com\/tunisie\/\",\"name\":\"Kapitalis\",\"description\":\"L&#039;actualit\u00e9 en Tunisie et dans le monde\",\"publisher\":{\"@id\":\"https:\/\/kapitalis.com\/tunisie\/#organization\"},\"potentialAction\":[{\"@type\":\"SearchAction\",\"target\":{\"@type\":\"EntryPoint\",\"urlTemplate\":\"https:\/\/kapitalis.com\/tunisie\/?s={search_term_string}\"},\"query-input\":{\"@type\":\"PropertyValueSpecification\",\"valueRequired\":true,\"valueName\":\"search_term_string\"}}],\"inLanguage\":\"fr-FR\"},{\"@type\":\"Organization\",\"@id\":\"https:\/\/kapitalis.com\/tunisie\/#organization\",\"name\":\"Kapitalis\",\"url\":\"https:\/\/kapitalis.com\/tunisie\/\",\"logo\":{\"@type\":\"ImageObject\",\"inLanguage\":\"fr-FR\",\"@id\":\"https:\/\/kapitalis.com\/tunisie\/#\/schema\/logo\/image\/\",\"url\":\"https:\/\/kapitalis.com\/tunisie\/wp-content\/uploads\/2022\/05\/Kapitalis-big-size.png\",\"contentUrl\":\"https:\/\/kapitalis.com\/tunisie\/wp-content\/uploads\/2022\/05\/Kapitalis-big-size.png\",\"width\":5000,\"height\":1500,\"caption\":\"Kapitalis\"},\"image\":{\"@id\":\"https:\/\/kapitalis.com\/tunisie\/#\/schema\/logo\/image\/\"},\"sameAs\":[\"https:\/\/www.facebook.com\/KapitalisInfo\/\",\"https:\/\/x.com\/KapitalisInfo\",\"https:\/\/www.youtube.com\/channel\/UC-yDYrHyfFBWWZaOw3FPg9Q\"]},{\"@type\":\"Person\",\"@id\":\"https:\/\/kapitalis.com\/tunisie\/#\/schema\/person\/b35b8d631961131107263178aeb8019e\",\"name\":\"Cherif Benyounes\",\"url\":\"https:\/\/kapitalis.com\/tunisie\/author\/cherif\/\"}]}<\/script>\n<!-- \/ Yoast SEO plugin. -->","yoast_head_json":{"title":"Rached Ghannouchi associe les actions du comit\u00e9 de d\u00e9fense de Bela\u00efd-Brahmi au \u00abbanditisme\u00bb - Kapitalis","robots":{"index":"index","follow":"follow","max-snippet":"max-snippet:-1","max-image-preview":"max-image-preview:large","max-video-preview":"max-video-preview:-1"},"canonical":"https:\/\/kapitalis.com\/tunisie\/2019\/09\/24\/rached-ghannouchi-associe-les-actions-du-comite-de-defense-de-belaid-brahmi-au-banditisme\/","og_locale":"fr_FR","og_type":"article","og_title":"Rached Ghannouchi associe les actions du comit\u00e9 de d\u00e9fense de Bela\u00efd-Brahmi au \u00abbanditisme\u00bb - Kapitalis","og_description":"Dans une interview accord\u00e9e \u00e0 Jawhara FM, hier, 23 septembre 2019, le pr\u00e9sident du parti Ennahdha, Rached Ghannouchi, a qualifi\u00e9 le sit-in des avocats du comit\u00e9 de d\u00e9fense de Chokri Bela\u00efd et Mohamed Brahmi, devant le tribunal de premi\u00e8re instance de Tunis, de \u00abscandaleuse\u00bb, affirmant qu&rsquo;ils sont entr\u00e9s par effraction au bureau du procureur de...","og_url":"https:\/\/kapitalis.com\/tunisie\/2019\/09\/24\/rached-ghannouchi-associe-les-actions-du-comite-de-defense-de-belaid-brahmi-au-banditisme\/","og_site_name":"Kapitalis","article_publisher":"https:\/\/www.facebook.com\/KapitalisInfo\/","article_published_time":"2019-09-24T08:49:00+00:00","article_modified_time":"2019-09-24T09:03:57+00:00","og_image":[{"url":"http:\/\/kapitalis.com\/tunisie\/wp-content\/uploads\/2015\/05\/Rached-Ghannouchi1.jpg","type":"","width":"","height":""}],"author":"Cherif Benyounes","twitter_card":"summary_large_image","twitter_creator":"@KapitalisInfo","twitter_site":"@KapitalisInfo","twitter_misc":{"\u00c9crit par":"Cherif Benyounes","Dur\u00e9e de lecture estim\u00e9e":"1 minute"},"schema":{"@context":"https:\/\/schema.org","@graph":[{"@type":"Article","@id":"https:\/\/kapitalis.com\/tunisie\/2019\/09\/24\/rached-ghannouchi-associe-les-actions-du-comite-de-defense-de-belaid-brahmi-au-banditisme\/#article","isPartOf":{"@id":"https:\/\/kapitalis.com\/tunisie\/2019\/09\/24\/rached-ghannouchi-associe-les-actions-du-comite-de-defense-de-belaid-brahmi-au-banditisme\/"},"author":{"name":"Cherif Benyounes","@id":"https:\/\/kapitalis.com\/tunisie\/#\/schema\/person\/b35b8d631961131107263178aeb8019e"},"headline":"Rached Ghannouchi associe les actions du comit\u00e9 de d\u00e9fense de Bela\u00efd-Brahmi au \u00abbanditisme\u00bb","datePublished":"2019-09-24T08:49:00+00:00","dateModified":"2019-09-24T09:03:57+00:00","mainEntityOfPage":{"@id":"https:\/\/kapitalis.com\/tunisie\/2019\/09\/24\/rached-ghannouchi-associe-les-actions-du-comite-de-defense-de-belaid-brahmi-au-banditisme\/"},"wordCount":187,"commentCount":9,"publisher":{"@id":"https:\/\/kapitalis.com\/tunisie\/#organization"},"image":{"@id":"https:\/\/kapitalis.com\/tunisie\/2019\/09\/24\/rached-ghannouchi-associe-les-actions-du-comite-de-defense-de-belaid-brahmi-au-banditisme\/#primaryimage"},"thumbnailUrl":"http:\/\/kapitalis.com\/tunisie\/wp-content\/uploads\/2015\/05\/Rached-Ghannouchi1.jpg","keywords":["Comit\u00e9 de d\u00e9fense Brahmi-Belaid","Ennahdha","Rached Ghannouchi"],"articleSection":["POLITIQUE","Tunisie"],"inLanguage":"fr-FR","potentialAction":[{"@type":"CommentAction","name":"Comment","target":["https:\/\/kapitalis.com\/tunisie\/2019\/09\/24\/rached-ghannouchi-associe-les-actions-du-comite-de-defense-de-belaid-brahmi-au-banditisme\/#respond"]}]},{"@type":"WebPage","@id":"https:\/\/kapitalis.com\/tunisie\/2019\/09\/24\/rached-ghannouchi-associe-les-actions-du-comite-de-defense-de-belaid-brahmi-au-banditisme\/","url":"https:\/\/kapitalis.com\/tunisie\/2019\/09\/24\/rached-ghannouchi-associe-les-actions-du-comite-de-defense-de-belaid-brahmi-au-banditisme\/","name":"Rached Ghannouchi associe les actions du comit\u00e9 de d\u00e9fense de Bela\u00efd-Brahmi au \u00abbanditisme\u00bb - Kapitalis","isPartOf":{"@id":"https:\/\/kapitalis.com\/tunisie\/#website"},"primaryImageOfPage":{"@id":"https:\/\/kapitalis.com\/tunisie\/2019\/09\/24\/rached-ghannouchi-associe-les-actions-du-comite-de-defense-de-belaid-brahmi-au-banditisme\/#primaryimage"},"image":{"@id":"https:\/\/kapitalis.com\/tunisie\/2019\/09\/24\/rached-ghannouchi-associe-les-actions-du-comite-de-defense-de-belaid-brahmi-au-banditisme\/#primaryimage"},"thumbnailUrl":"http:\/\/kapitalis.com\/tunisie\/wp-content\/uploads\/2015\/05\/Rached-Ghannouchi1.jpg","datePublished":"2019-09-24T08:49:00+00:00","dateModified":"2019-09-24T09:03:57+00:00","breadcrumb":{"@id":"https:\/\/kapitalis.com\/tunisie\/2019\/09\/24\/rached-ghannouchi-associe-les-actions-du-comite-de-defense-de-belaid-brahmi-au-banditisme\/#breadcrumb"},"inLanguage":"fr-FR","potentialAction":[{"@type":"ReadAction","target":["https:\/\/kapitalis.com\/tunisie\/2019\/09\/24\/rached-ghannouchi-associe-les-actions-du-comite-de-defense-de-belaid-brahmi-au-banditisme\/"]}]},{"@type":"ImageObject","inLanguage":"fr-FR","@id":"https:\/\/kapitalis.com\/tunisie\/2019\/09\/24\/rached-ghannouchi-associe-les-actions-du-comite-de-defense-de-belaid-brahmi-au-banditisme\/#primaryimage","url":"http:\/\/kapitalis.com\/tunisie\/wp-content\/uploads\/2015\/05\/Rached-Ghannouchi1.jpg","contentUrl":"http:\/\/kapitalis.com\/tunisie\/wp-content\/uploads\/2015\/05\/Rached-Ghannouchi1.jpg"},{"@type":"BreadcrumbList","@id":"https:\/\/kapitalis.com\/tunisie\/2019\/09\/24\/rached-ghannouchi-associe-les-actions-du-comite-de-defense-de-belaid-brahmi-au-banditisme\/#breadcrumb","itemListElement":[{"@type":"ListItem","position":1,"name":"Accueil","item":"https:\/\/kapitalis.com\/tunisie\/"},{"@type":"ListItem","position":2,"name":"Rached Ghannouchi associe les actions du comit\u00e9 de d\u00e9fense de Bela\u00efd-Brahmi au \u00abbanditisme\u00bb"}]},{"@type":"WebSite","@id":"https:\/\/kapitalis.com\/tunisie\/#website","url":"https:\/\/kapitalis.com\/tunisie\/","name":"Kapitalis","description":"L&#039;actualit\u00e9 en Tunisie et dans le monde","publisher":{"@id":"https:\/\/kapitalis.com\/tunisie\/#organization"},"potentialAction":[{"@type":"SearchAction","target":{"@type":"EntryPoint","urlTemplate":"https:\/\/kapitalis.com\/tunisie\/?s={search_term_string}"},"query-input":{"@type":"PropertyValueSpecification","valueRequired":true,"valueName":"search_term_string"}}],"inLanguage":"fr-FR"},{"@type":"Organization","@id":"https:\/\/kapitalis.com\/tunisie\/#organization","name":"Kapitalis","url":"https:\/\/kapitalis.com\/tunisie\/","logo":{"@type":"ImageObject","inLanguage":"fr-FR","@id":"https:\/\/kapitalis.com\/tunisie\/#\/schema\/logo\/image\/","url":"https:\/\/kapitalis.com\/tunisie\/wp-content\/uploads\/2022\/05\/Kapitalis-big-size.png","contentUrl":"https:\/\/kapitalis.com\/tunisie\/wp-content\/uploads\/2022\/05\/Kapitalis-big-size.png","width":5000,"height":1500,"caption":"Kapitalis"},"image":{"@id":"https:\/\/kapitalis.com\/tunisie\/#\/schema\/logo\/image\/"},"sameAs":["https:\/\/www.facebook.com\/KapitalisInfo\/","https:\/\/x.com\/KapitalisInfo","https:\/\/www.youtube.com\/channel\/UC-yDYrHyfFBWWZaOw3FPg9Q"]},{"@type":"Person","@id":"https:\/\/kapitalis.com\/tunisie\/#\/schema\/person\/b35b8d631961131107263178aeb8019e","name":"Cherif Benyounes","url":"https:\/\/kapitalis.com\/tunisie\/author\/cherif\/"}]}},"_links":{"self":[{"href":"https:\/\/kapitalis.com\/tunisie\/wp-json\/wp\/v2\/posts\/242237","targetHints":{"allow":["GET"]}}],"collection":[{"href":"https:\/\/kapitalis.com\/tunisie\/wp-json\/wp\/v2\/posts"}],"about":[{"href":"https:\/\/kapitalis.com\/tunisie\/wp-json\/wp\/v2\/types\/post"}],"author":[{"embeddable":true,"href":"https:\/\/kapitalis.com\/tunisie\/wp-json\/wp\/v2\/users\/24"}],"replies":[{"embeddable":true,"href":"https:\/\/kapitalis.com\/tunisie\/wp-json\/wp\/v2\/comments?post=242237"}],"version-history":[{"count":0,"href":"https:\/\/kapitalis.com\/tunisie\/wp-json\/wp\/v2\/posts\/242237\/revisions"}],"wp:attachment":[{"href":"https:\/\/kapitalis.com\/tunisie\/wp-json\/wp\/v2\/media?parent=242237"}],"wp:term":[{"taxonomy":"category","embeddable":true,"href":"https:\/\/kapitalis.com\/tunisie\/wp-json\/wp\/v2\/categories?post=242237"},{"taxonomy":"post_tag","embeddable":true,"href":"https:\/\/kapitalis.com\/tunisie\/wp-json\/wp\/v2\/tags?post=242237"}],"curies":[{"name":"wp","href":"https:\/\/api.w.org\/{rel}","templated":true}]}}