{"id":24263,"date":"2015-11-10T10:38:34","date_gmt":"2015-11-10T09:38:34","guid":{"rendered":"http:\/\/kapitalis.com\/tunisie\/?p=24263"},"modified":"2015-11-10T11:18:41","modified_gmt":"2015-11-10T10:18:41","slug":"gabes-cafe-journalla-biblio-cafe-du-sud-qui-seduit","status":"publish","type":"post","link":"https:\/\/kapitalis.com\/tunisie\/2015\/11\/10\/gabes-cafe-journalla-biblio-cafe-du-sud-qui-seduit\/","title":{"rendered":"Gab\u00e8s : Caf\u00e9 Journal, la biblio-caf\u00e9 qui s\u00e9duit"},"content":{"rendered":"<p><img loading=\"lazy\" decoding=\"async\" class=\"wp-image-24274 size-full aligncenter\" src=\"http:\/\/kapitalis.com\/tunisie\/wp-content\/uploads\/2015\/11\/cafe-journal.jpg\" alt=\"\" width=\"626\" height=\"380\" \/><\/p>\n<p><em><strong>Une biblio-caf\u00e9 ouvre ses portes \u00e0 Gab\u00e8s : un espace de rencontre mixte dans cette ville du sud-est de Tunisie, d\u00e9di\u00e9 \u00e0 la d\u00e9tente, \u00e0 la culture et la lecture.<\/strong> <\/em><br \/>\n<!--more--><\/p>\n<p>Caf\u00e9 Journal Gab\u00e8s, un espace culturel et un resto lounge, qui a ouvert\u00a0r\u00e9cemment ses portes. On y sirote un caf\u00e9 ou un jus frais en feuilletant un livre et en \u00e9coutant de la musique.<\/p>\n<p>Situ\u00e9 \u00e0 la rue Bechir Djaziri, pr\u00e8s de l\u2019office de l&rsquo;artisanat et de la gare ferroviaire, il permet de joindre l\u2019utile \u00e0 l\u2019agr\u00e9able, redonne go\u00fbt \u00e0 la lecture et anime la vie intellectuelle et artistique, par ces temps o\u00f9 les jeunes sont souvent plong\u00e9s dans leurs tablettes et smartphones et ont du mal \u00e0 d\u00e9crocher du monde virtuel.<\/p>\n<p>L\u2019endroit est cosy et spacieux, il est dot\u00e9 d\u2019un espace \u00e0 l\u2019ext\u00e9rieur o\u00f9 les clients f\u00e9rus de lecture peuvent aussi profiter des rayons de soleil lorsque le temps le permet.<\/p>\n<p><img loading=\"lazy\" decoding=\"async\" class=\"wp-image-24273 size-full aligncenter\" src=\"http:\/\/kapitalis.com\/tunisie\/wp-content\/uploads\/2015\/11\/cafe-journal2.jpg\" alt=\"\" width=\"500\" height=\"300\" \/><\/p>\n<p>Caf\u00e9 Journal organise \u00e9galement des soir\u00e9es musicales et des expositions artistiques. Les clients ayant visit\u00e9 l\u2019endroit semblent \u00eatre ravis et satisfaits : \u00ab<em>C\u2019est une excellente initiative; c\u2019est exactement ce qu\u2019il nous manquait ici. Merci beaucoup pour ce joli endroit o\u00f9 la d\u00e9coration est top<\/em>\u00bb, a comment\u00e9 Aymen Bchir sur<a href=\"https:\/\/www.facebook.com\/Caf%C3%A9-Journal-Gab%C3%A8s-1541021946213655\/timeline?__mref=message\" target=\"_blank\"> la page Facebook du caf\u00e9<\/a>.<\/p>\n<p><img loading=\"lazy\" decoding=\"async\" class=\"alignnone size-full wp-image-24271 aligncenter\" src=\"http:\/\/kapitalis.com\/tunisie\/wp-content\/uploads\/2015\/11\/cafe-journal-gabes.jpg\" alt=\"cafe-journal-gabes\" width=\"500\" height=\"300\" \/><\/p>\n<p>\u00ab<em>Tr\u00e8s bonne initiative, enfin un lieu o\u00f9 on peut passer un moment de pure bonheur en lisant des livres tranquillement. En plus, le d\u00e9coration est impeccable. Bonne continuation<\/em>\u00bb, a jout\u00e9 Zaineb Jridi. Ou encore ce commentaire de Christine Badet: \u00ab<em>Tr\u00e8s bel endroit! D\u00e9coration impeccable !! Enfin un endroit \u00e0 Gab\u00e8s o\u00f9 une femme seule peut entrer! C\u2019est tr\u00e8s bien!!<\/em>\u00bb.<\/p>\n<p><img loading=\"lazy\" decoding=\"async\" class=\"alignnone size-full wp-image-24284 aligncenter\" src=\"http:\/\/kapitalis.com\/tunisie\/wp-content\/uploads\/2015\/11\/cafe-journal-gabes-3.jpg\" alt=\"cafe-journal-gabes-3\" width=\"500\" height=\"300\" \/><\/p>\n<p>&nbsp;<\/p>\n<p style=\"text-align: right;\"><strong>Y. N.<\/strong><\/p>\n","protected":false},"excerpt":{"rendered":"<p>Une biblio-caf\u00e9 ouvre ses portes \u00e0 Gab\u00e8s : un espace de rencontre mixte dans cette ville du sud-est de Tunisie, d\u00e9di\u00e9 \u00e0 la d\u00e9tente, \u00e0 la culture et la lecture.<\/p>\n","protected":false},"author":11,"featured_media":24265,"comment_status":"open","ping_status":"open","sticky":false,"template":"","format":"standard","meta":{"footnotes":""},"categories":[998,2433],"tags":[255,7003,340,4336],"class_list":["post-24263","post","type-post","status-publish","format-standard","has-post-thumbnail","hentry","category-societe","category-tunisie","tag-culture","tag-decoration","tag-espace-culturel","tag-livres"],"yoast_head":"<!-- This site is optimized with the Yoast SEO plugin v26.6 - https:\/\/yoast.com\/wordpress\/plugins\/seo\/ -->\n<title>Gab\u00e8s : Caf\u00e9 Journal, la biblio-caf\u00e9 qui s\u00e9duit - Kapitalis<\/title>\n<meta name=\"robots\" content=\"index, follow, max-snippet:-1, max-image-preview:large, max-video-preview:-1\" \/>\n<link rel=\"canonical\" href=\"https:\/\/kapitalis.com\/tunisie\/2015\/11\/10\/gabes-cafe-journalla-biblio-cafe-du-sud-qui-seduit\/\" \/>\n<meta property=\"og:locale\" content=\"fr_FR\" \/>\n<meta property=\"og:type\" content=\"article\" \/>\n<meta property=\"og:title\" content=\"Gab\u00e8s : Caf\u00e9 Journal, la biblio-caf\u00e9 qui s\u00e9duit - Kapitalis\" \/>\n<meta property=\"og:description\" content=\"Une biblio-caf\u00e9 ouvre ses portes \u00e0 Gab\u00e8s : un espace de rencontre mixte dans cette ville du sud-est de Tunisie, d\u00e9di\u00e9 \u00e0 la d\u00e9tente, \u00e0 la culture et la lecture.\" \/>\n<meta property=\"og:url\" content=\"https:\/\/kapitalis.com\/tunisie\/2015\/11\/10\/gabes-cafe-journalla-biblio-cafe-du-sud-qui-seduit\/\" \/>\n<meta property=\"og:site_name\" content=\"Kapitalis\" \/>\n<meta property=\"article:publisher\" content=\"https:\/\/www.facebook.com\/KapitalisInfo\/\" \/>\n<meta property=\"article:published_time\" content=\"2015-11-10T09:38:34+00:00\" \/>\n<meta property=\"article:modified_time\" content=\"2015-11-10T10:18:41+00:00\" \/>\n<meta property=\"og:image\" content=\"https:\/\/kapitalis.com\/tunisie\/wp-content\/uploads\/2022\/05\/kapitalis-logo-fb.png\" \/>\n\t<meta property=\"og:image:width\" content=\"1200\" \/>\n\t<meta property=\"og:image:height\" content=\"630\" \/>\n\t<meta property=\"og:image:type\" content=\"image\/png\" \/>\n<meta name=\"author\" content=\"benmansour3 benmansour\" \/>\n<meta name=\"twitter:card\" content=\"summary_large_image\" \/>\n<meta name=\"twitter:creator\" content=\"@KapitalisInfo\" \/>\n<meta name=\"twitter:site\" content=\"@KapitalisInfo\" \/>\n<meta name=\"twitter:label1\" content=\"\u00c9crit par\" \/>\n\t<meta name=\"twitter:data1\" content=\"benmansour3 benmansour\" \/>\n\t<meta name=\"twitter:label2\" content=\"Dur\u00e9e de lecture estim\u00e9e\" \/>\n\t<meta name=\"twitter:data2\" content=\"1 minute\" \/>\n<script type=\"application\/ld+json\" class=\"yoast-schema-graph\">{\"@context\":\"https:\/\/schema.org\",\"@graph\":[{\"@type\":\"Article\",\"@id\":\"https:\/\/kapitalis.com\/tunisie\/2015\/11\/10\/gabes-cafe-journalla-biblio-cafe-du-sud-qui-seduit\/#article\",\"isPartOf\":{\"@id\":\"https:\/\/kapitalis.com\/tunisie\/2015\/11\/10\/gabes-cafe-journalla-biblio-cafe-du-sud-qui-seduit\/\"},\"author\":{\"name\":\"benmansour3 benmansour\",\"@id\":\"https:\/\/kapitalis.com\/tunisie\/#\/schema\/person\/035372e645ad321edc01006468cd4c8b\"},\"headline\":\"Gab\u00e8s : Caf\u00e9 Journal, la biblio-caf\u00e9 qui s\u00e9duit\",\"datePublished\":\"2015-11-10T09:38:34+00:00\",\"dateModified\":\"2015-11-10T10:18:41+00:00\",\"mainEntityOfPage\":{\"@id\":\"https:\/\/kapitalis.com\/tunisie\/2015\/11\/10\/gabes-cafe-journalla-biblio-cafe-du-sud-qui-seduit\/\"},\"wordCount\":297,\"commentCount\":6,\"publisher\":{\"@id\":\"https:\/\/kapitalis.com\/tunisie\/#organization\"},\"image\":{\"@id\":\"https:\/\/kapitalis.com\/tunisie\/2015\/11\/10\/gabes-cafe-journalla-biblio-cafe-du-sud-qui-seduit\/#primaryimage\"},\"thumbnailUrl\":\"\",\"keywords\":[\"culture\",\"d\u00e9coration\",\"espace culturel\",\"livres\"],\"articleSection\":[\"SOCIETE\",\"Tunisie\"],\"inLanguage\":\"fr-FR\",\"potentialAction\":[{\"@type\":\"CommentAction\",\"name\":\"Comment\",\"target\":[\"https:\/\/kapitalis.com\/tunisie\/2015\/11\/10\/gabes-cafe-journalla-biblio-cafe-du-sud-qui-seduit\/#respond\"]}]},{\"@type\":\"WebPage\",\"@id\":\"https:\/\/kapitalis.com\/tunisie\/2015\/11\/10\/gabes-cafe-journalla-biblio-cafe-du-sud-qui-seduit\/\",\"url\":\"https:\/\/kapitalis.com\/tunisie\/2015\/11\/10\/gabes-cafe-journalla-biblio-cafe-du-sud-qui-seduit\/\",\"name\":\"Gab\u00e8s : Caf\u00e9 Journal, la biblio-caf\u00e9 qui s\u00e9duit - Kapitalis\",\"isPartOf\":{\"@id\":\"https:\/\/kapitalis.com\/tunisie\/#website\"},\"primaryImageOfPage\":{\"@id\":\"https:\/\/kapitalis.com\/tunisie\/2015\/11\/10\/gabes-cafe-journalla-biblio-cafe-du-sud-qui-seduit\/#primaryimage\"},\"image\":{\"@id\":\"https:\/\/kapitalis.com\/tunisie\/2015\/11\/10\/gabes-cafe-journalla-biblio-cafe-du-sud-qui-seduit\/#primaryimage\"},\"thumbnailUrl\":\"\",\"datePublished\":\"2015-11-10T09:38:34+00:00\",\"dateModified\":\"2015-11-10T10:18:41+00:00\",\"breadcrumb\":{\"@id\":\"https:\/\/kapitalis.com\/tunisie\/2015\/11\/10\/gabes-cafe-journalla-biblio-cafe-du-sud-qui-seduit\/#breadcrumb\"},\"inLanguage\":\"fr-FR\",\"potentialAction\":[{\"@type\":\"ReadAction\",\"target\":[\"https:\/\/kapitalis.com\/tunisie\/2015\/11\/10\/gabes-cafe-journalla-biblio-cafe-du-sud-qui-seduit\/\"]}]},{\"@type\":\"ImageObject\",\"inLanguage\":\"fr-FR\",\"@id\":\"https:\/\/kapitalis.com\/tunisie\/2015\/11\/10\/gabes-cafe-journalla-biblio-cafe-du-sud-qui-seduit\/#primaryimage\",\"url\":\"\",\"contentUrl\":\"\"},{\"@type\":\"BreadcrumbList\",\"@id\":\"https:\/\/kapitalis.com\/tunisie\/2015\/11\/10\/gabes-cafe-journalla-biblio-cafe-du-sud-qui-seduit\/#breadcrumb\",\"itemListElement\":[{\"@type\":\"ListItem\",\"position\":1,\"name\":\"Accueil\",\"item\":\"https:\/\/kapitalis.com\/tunisie\/\"},{\"@type\":\"ListItem\",\"position\":2,\"name\":\"Gab\u00e8s : Caf\u00e9 Journal, la biblio-caf\u00e9 qui s\u00e9duit\"}]},{\"@type\":\"WebSite\",\"@id\":\"https:\/\/kapitalis.com\/tunisie\/#website\",\"url\":\"https:\/\/kapitalis.com\/tunisie\/\",\"name\":\"Kapitalis\",\"description\":\"L&#039;actualit\u00e9 en Tunisie et dans le monde\",\"publisher\":{\"@id\":\"https:\/\/kapitalis.com\/tunisie\/#organization\"},\"potentialAction\":[{\"@type\":\"SearchAction\",\"target\":{\"@type\":\"EntryPoint\",\"urlTemplate\":\"https:\/\/kapitalis.com\/tunisie\/?s={search_term_string}\"},\"query-input\":{\"@type\":\"PropertyValueSpecification\",\"valueRequired\":true,\"valueName\":\"search_term_string\"}}],\"inLanguage\":\"fr-FR\"},{\"@type\":\"Organization\",\"@id\":\"https:\/\/kapitalis.com\/tunisie\/#organization\",\"name\":\"Kapitalis\",\"url\":\"https:\/\/kapitalis.com\/tunisie\/\",\"logo\":{\"@type\":\"ImageObject\",\"inLanguage\":\"fr-FR\",\"@id\":\"https:\/\/kapitalis.com\/tunisie\/#\/schema\/logo\/image\/\",\"url\":\"https:\/\/kapitalis.com\/tunisie\/wp-content\/uploads\/2022\/05\/Kapitalis-big-size.png\",\"contentUrl\":\"https:\/\/kapitalis.com\/tunisie\/wp-content\/uploads\/2022\/05\/Kapitalis-big-size.png\",\"width\":5000,\"height\":1500,\"caption\":\"Kapitalis\"},\"image\":{\"@id\":\"https:\/\/kapitalis.com\/tunisie\/#\/schema\/logo\/image\/\"},\"sameAs\":[\"https:\/\/www.facebook.com\/KapitalisInfo\/\",\"https:\/\/x.com\/KapitalisInfo\",\"https:\/\/www.youtube.com\/channel\/UC-yDYrHyfFBWWZaOw3FPg9Q\"]},{\"@type\":\"Person\",\"@id\":\"https:\/\/kapitalis.com\/tunisie\/#\/schema\/person\/035372e645ad321edc01006468cd4c8b\",\"name\":\"benmansour3 benmansour\",\"url\":\"https:\/\/kapitalis.com\/tunisie\/author\/benmansour3\/\"}]}<\/script>\n<!-- \/ Yoast SEO plugin. -->","yoast_head_json":{"title":"Gab\u00e8s : Caf\u00e9 Journal, la biblio-caf\u00e9 qui s\u00e9duit - Kapitalis","robots":{"index":"index","follow":"follow","max-snippet":"max-snippet:-1","max-image-preview":"max-image-preview:large","max-video-preview":"max-video-preview:-1"},"canonical":"https:\/\/kapitalis.com\/tunisie\/2015\/11\/10\/gabes-cafe-journalla-biblio-cafe-du-sud-qui-seduit\/","og_locale":"fr_FR","og_type":"article","og_title":"Gab\u00e8s : Caf\u00e9 Journal, la biblio-caf\u00e9 qui s\u00e9duit - Kapitalis","og_description":"Une biblio-caf\u00e9 ouvre ses portes \u00e0 Gab\u00e8s : un espace de rencontre mixte dans cette ville du sud-est de Tunisie, d\u00e9di\u00e9 \u00e0 la d\u00e9tente, \u00e0 la culture et la lecture.","og_url":"https:\/\/kapitalis.com\/tunisie\/2015\/11\/10\/gabes-cafe-journalla-biblio-cafe-du-sud-qui-seduit\/","og_site_name":"Kapitalis","article_publisher":"https:\/\/www.facebook.com\/KapitalisInfo\/","article_published_time":"2015-11-10T09:38:34+00:00","article_modified_time":"2015-11-10T10:18:41+00:00","og_image":[{"width":1200,"height":630,"url":"https:\/\/kapitalis.com\/tunisie\/wp-content\/uploads\/2022\/05\/kapitalis-logo-fb.png","type":"image\/png"}],"author":"benmansour3 benmansour","twitter_card":"summary_large_image","twitter_creator":"@KapitalisInfo","twitter_site":"@KapitalisInfo","twitter_misc":{"\u00c9crit par":"benmansour3 benmansour","Dur\u00e9e de lecture estim\u00e9e":"1 minute"},"schema":{"@context":"https:\/\/schema.org","@graph":[{"@type":"Article","@id":"https:\/\/kapitalis.com\/tunisie\/2015\/11\/10\/gabes-cafe-journalla-biblio-cafe-du-sud-qui-seduit\/#article","isPartOf":{"@id":"https:\/\/kapitalis.com\/tunisie\/2015\/11\/10\/gabes-cafe-journalla-biblio-cafe-du-sud-qui-seduit\/"},"author":{"name":"benmansour3 benmansour","@id":"https:\/\/kapitalis.com\/tunisie\/#\/schema\/person\/035372e645ad321edc01006468cd4c8b"},"headline":"Gab\u00e8s : Caf\u00e9 Journal, la biblio-caf\u00e9 qui s\u00e9duit","datePublished":"2015-11-10T09:38:34+00:00","dateModified":"2015-11-10T10:18:41+00:00","mainEntityOfPage":{"@id":"https:\/\/kapitalis.com\/tunisie\/2015\/11\/10\/gabes-cafe-journalla-biblio-cafe-du-sud-qui-seduit\/"},"wordCount":297,"commentCount":6,"publisher":{"@id":"https:\/\/kapitalis.com\/tunisie\/#organization"},"image":{"@id":"https:\/\/kapitalis.com\/tunisie\/2015\/11\/10\/gabes-cafe-journalla-biblio-cafe-du-sud-qui-seduit\/#primaryimage"},"thumbnailUrl":"","keywords":["culture","d\u00e9coration","espace culturel","livres"],"articleSection":["SOCIETE","Tunisie"],"inLanguage":"fr-FR","potentialAction":[{"@type":"CommentAction","name":"Comment","target":["https:\/\/kapitalis.com\/tunisie\/2015\/11\/10\/gabes-cafe-journalla-biblio-cafe-du-sud-qui-seduit\/#respond"]}]},{"@type":"WebPage","@id":"https:\/\/kapitalis.com\/tunisie\/2015\/11\/10\/gabes-cafe-journalla-biblio-cafe-du-sud-qui-seduit\/","url":"https:\/\/kapitalis.com\/tunisie\/2015\/11\/10\/gabes-cafe-journalla-biblio-cafe-du-sud-qui-seduit\/","name":"Gab\u00e8s : Caf\u00e9 Journal, la biblio-caf\u00e9 qui s\u00e9duit - Kapitalis","isPartOf":{"@id":"https:\/\/kapitalis.com\/tunisie\/#website"},"primaryImageOfPage":{"@id":"https:\/\/kapitalis.com\/tunisie\/2015\/11\/10\/gabes-cafe-journalla-biblio-cafe-du-sud-qui-seduit\/#primaryimage"},"image":{"@id":"https:\/\/kapitalis.com\/tunisie\/2015\/11\/10\/gabes-cafe-journalla-biblio-cafe-du-sud-qui-seduit\/#primaryimage"},"thumbnailUrl":"","datePublished":"2015-11-10T09:38:34+00:00","dateModified":"2015-11-10T10:18:41+00:00","breadcrumb":{"@id":"https:\/\/kapitalis.com\/tunisie\/2015\/11\/10\/gabes-cafe-journalla-biblio-cafe-du-sud-qui-seduit\/#breadcrumb"},"inLanguage":"fr-FR","potentialAction":[{"@type":"ReadAction","target":["https:\/\/kapitalis.com\/tunisie\/2015\/11\/10\/gabes-cafe-journalla-biblio-cafe-du-sud-qui-seduit\/"]}]},{"@type":"ImageObject","inLanguage":"fr-FR","@id":"https:\/\/kapitalis.com\/tunisie\/2015\/11\/10\/gabes-cafe-journalla-biblio-cafe-du-sud-qui-seduit\/#primaryimage","url":"","contentUrl":""},{"@type":"BreadcrumbList","@id":"https:\/\/kapitalis.com\/tunisie\/2015\/11\/10\/gabes-cafe-journalla-biblio-cafe-du-sud-qui-seduit\/#breadcrumb","itemListElement":[{"@type":"ListItem","position":1,"name":"Accueil","item":"https:\/\/kapitalis.com\/tunisie\/"},{"@type":"ListItem","position":2,"name":"Gab\u00e8s : Caf\u00e9 Journal, la biblio-caf\u00e9 qui s\u00e9duit"}]},{"@type":"WebSite","@id":"https:\/\/kapitalis.com\/tunisie\/#website","url":"https:\/\/kapitalis.com\/tunisie\/","name":"Kapitalis","description":"L&#039;actualit\u00e9 en Tunisie et dans le monde","publisher":{"@id":"https:\/\/kapitalis.com\/tunisie\/#organization"},"potentialAction":[{"@type":"SearchAction","target":{"@type":"EntryPoint","urlTemplate":"https:\/\/kapitalis.com\/tunisie\/?s={search_term_string}"},"query-input":{"@type":"PropertyValueSpecification","valueRequired":true,"valueName":"search_term_string"}}],"inLanguage":"fr-FR"},{"@type":"Organization","@id":"https:\/\/kapitalis.com\/tunisie\/#organization","name":"Kapitalis","url":"https:\/\/kapitalis.com\/tunisie\/","logo":{"@type":"ImageObject","inLanguage":"fr-FR","@id":"https:\/\/kapitalis.com\/tunisie\/#\/schema\/logo\/image\/","url":"https:\/\/kapitalis.com\/tunisie\/wp-content\/uploads\/2022\/05\/Kapitalis-big-size.png","contentUrl":"https:\/\/kapitalis.com\/tunisie\/wp-content\/uploads\/2022\/05\/Kapitalis-big-size.png","width":5000,"height":1500,"caption":"Kapitalis"},"image":{"@id":"https:\/\/kapitalis.com\/tunisie\/#\/schema\/logo\/image\/"},"sameAs":["https:\/\/www.facebook.com\/KapitalisInfo\/","https:\/\/x.com\/KapitalisInfo","https:\/\/www.youtube.com\/channel\/UC-yDYrHyfFBWWZaOw3FPg9Q"]},{"@type":"Person","@id":"https:\/\/kapitalis.com\/tunisie\/#\/schema\/person\/035372e645ad321edc01006468cd4c8b","name":"benmansour3 benmansour","url":"https:\/\/kapitalis.com\/tunisie\/author\/benmansour3\/"}]}},"_links":{"self":[{"href":"https:\/\/kapitalis.com\/tunisie\/wp-json\/wp\/v2\/posts\/24263","targetHints":{"allow":["GET"]}}],"collection":[{"href":"https:\/\/kapitalis.com\/tunisie\/wp-json\/wp\/v2\/posts"}],"about":[{"href":"https:\/\/kapitalis.com\/tunisie\/wp-json\/wp\/v2\/types\/post"}],"author":[{"embeddable":true,"href":"https:\/\/kapitalis.com\/tunisie\/wp-json\/wp\/v2\/users\/11"}],"replies":[{"embeddable":true,"href":"https:\/\/kapitalis.com\/tunisie\/wp-json\/wp\/v2\/comments?post=24263"}],"version-history":[{"count":0,"href":"https:\/\/kapitalis.com\/tunisie\/wp-json\/wp\/v2\/posts\/24263\/revisions"}],"wp:featuredmedia":[{"embeddable":true,"href":"https:\/\/kapitalis.com\/tunisie\/wp-json\/wp\/v2\/media\/24265"}],"wp:attachment":[{"href":"https:\/\/kapitalis.com\/tunisie\/wp-json\/wp\/v2\/media?parent=24263"}],"wp:term":[{"taxonomy":"category","embeddable":true,"href":"https:\/\/kapitalis.com\/tunisie\/wp-json\/wp\/v2\/categories?post=24263"},{"taxonomy":"post_tag","embeddable":true,"href":"https:\/\/kapitalis.com\/tunisie\/wp-json\/wp\/v2\/tags?post=24263"}],"curies":[{"name":"wp","href":"https:\/\/api.w.org\/{rel}","templated":true}]}}