{"id":2429662,"date":"2022-07-22T09:27:37","date_gmt":"2022-07-22T08:27:37","guid":{"rendered":"https:\/\/kapitalis.com\/tunisie\/?p=2429662"},"modified":"2022-07-22T09:27:39","modified_gmt":"2022-07-22T08:27:39","slug":"tunisie-politique-abir-moussi-un-feu-de-paille","status":"publish","type":"post","link":"https:\/\/kapitalis.com\/tunisie\/2022\/07\/22\/tunisie-politique-abir-moussi-un-feu-de-paille\/","title":{"rendered":"Tunisie &#8211; Politique : Abir Moussi, un feu de paille?"},"content":{"rendered":"\n<p><strong><em>Un constat s&rsquo;impose aujourd&rsquo;hui : la pr\u00e9sidente du Parti destourien libre (PDL) n&rsquo;est pas une politique, mais plut\u00f4t une agitatrice. Elle avait r\u00e9ussi \u00e0 \u00abcapitaliser\u00bb un \u00e9lectorat assez important dans sa bataille acharn\u00e9e contre les d\u00e9put\u00e9s islamistes\u00a0 d&rsquo;Ennahdha et d&rsquo;Al-Karama. Avec la dissolution du parlement et l&rsquo;affaiblissement\u00a0de ces derniers, son \u00e9lectorat glisse vers un effritement\u00a0irr\u00e9m\u00e9diable.\u00a0<\/em><\/strong><\/p>\n\n\n\n<p>Par <strong>Helal Jelali<\/strong> *<\/p>\n\n\n\n<!--more-->\n\n\n<div class=\"wp-block-image\">\n<figure class=\"alignleft size-full\"><img decoding=\"async\" src=\"http:\/\/kapitalis.com\/tunisie\/wp-content\/uploads\/2020\/08\/Helal-Jelali.jpg\" alt=\"\" class=\"wp-image-311626\"\/><\/figure>\n<\/div>\n\n\n<p>La prospective &#8211; grande sp\u00e9cialit\u00e9\u00a0 des Am\u00e9ricains \u2013 exige des moyens\u00a0 humains \u2013 des experts \u2013 et financiers importants. Mais pour Mme Moussi, nous allons nous contenter\u00a0de mieux cerner le personnage, de relever quelques indices sur les fractures au sein de son \u00e9lectorat et de d\u00e9couvrir\u00a0l&rsquo;arri\u00e8re-cour de son agitation. Ici, l&rsquo;intuition et le discernement pourraient nous conduire \u00e0\u00a0une analyse raisonnable.**<\/p>\n\n\n\n<p>Depuis 2013, Mme Moussi est contre tout et contre tous. Cette ann\u00e9e, elle voudrait\u00a0porter des plaintes contre le pr\u00e9sident de la r\u00e9publique, l&rsquo;Isie, la Haica, le gouvernement de Mme Bouden <em>\u00abill\u00e9gitime\u00bb<\/em> \u00e0 ses yeux\u2026 Elle fait feu de tout bois et \u00a0passe son temps \u00e0 g\u00e9rer\u00a0les scandales qu&rsquo;elle provoque elle-m\u00eame&#8230; Tapage, tohu-bohu, menaces, vocif\u00e9rations contre le gouverneur de Tunis, sans oublier une strat\u00e9gie de <em>\u00abvictimisation\u00bb<\/em> fond\u00e9e sur un <em>\u00abcomplotisme\u00bb<\/em> auquel ne croient que ses adeptes. Mme est pers\u00e9cut\u00e9e partout\u00a0et par tous.\u00a0Et elle tient \u00e0 le crier sur tous les toits.<\/p>\n\n\n\n<h2 class=\"wp-block-heading\">Un one woman show<\/h2>\n\n\n\n<p>Sous Ben Ali ou apr\u00e8s 2011, Abir Moussi a toujours&nbsp;choisi les querelles et les altercations comme mode de communication.&nbsp;<\/p>\n\n\n\n<p>Et les Tunisien(ne)s dans tout \u00e7a&#8230; Comme son \u00e9lectorat, elle les a compl\u00e8tement\u00a0 oubli\u00e9s. Concernant les questions \u00e9conomiques\u00a0et sociales \u2013 premi\u00e8res\u00a0 pr\u00e9occupations des Tunisiens \u2013 sa tactique se r\u00e9sume \u00e0 l&rsquo;esquive ou le service minimum avec des formules r\u00e9chauff\u00e9es.<\/p>\n\n\n\n<figure class=\"wp-block-embed is-type-wp-embed is-provider-kapitalis wp-block-embed-kapitalis\"><div class=\"wp-block-embed__wrapper\">\n<blockquote class=\"wp-embedded-content\" data-secret=\"vBe4cTcBgN\"><a href=\"https:\/\/kapitalis.com\/tunisie\/2022\/06\/28\/tunisie-le-cadeau-de-abir-moussi-a-kais-saied\/\">Tunisie\u00a0: le cadeau de Abir Moussi \u00e0 Ka\u00efs Sa\u00efed<\/a><\/blockquote><iframe loading=\"lazy\" class=\"wp-embedded-content\" sandbox=\"allow-scripts\" security=\"restricted\" style=\"position: absolute; clip: rect(1px, 1px, 1px, 1px);\" title=\"\u00ab\u00a0Tunisie\u00a0: le cadeau de Abir Moussi \u00e0 Ka\u00efs Sa\u00efed\u00a0\u00bb &#8212; Kapitalis\" src=\"https:\/\/kapitalis.com\/tunisie\/2022\/06\/28\/tunisie-le-cadeau-de-abir-moussi-a-kais-saied\/embed\/#?secret=ArSWqLuA2d#?secret=vBe4cTcBgN\" data-secret=\"vBe4cTcBgN\" width=\"600\" height=\"338\" frameborder=\"0\" marginwidth=\"0\" marginheight=\"0\" scrolling=\"no\"><\/iframe>\n<\/div><\/figure>\n\n\n\n<p>Quel est son cap politique? Quelle est son programme pour les l\u00e9gislatives du 17 d\u00e9cembre&nbsp; prochain? Apparemment,&nbsp;tout cela est secondaire,&nbsp;peut-\u00eatre&nbsp; m\u00eame&nbsp; futile. L\u2019essentiel \u00e0 ses yeux est qu\u2019on continue de parler d\u2019elle. Son programme, s\u2019il existe, n\u2019est pas assez <em>\u00absexy\u00bb <\/em>pour lui attirer la sympathie des Tunisien(ne)s. &nbsp;&nbsp;&nbsp;<\/p>\n\n\n\n<p>La pr\u00e9sidente&nbsp; du PDL se trompe&nbsp;largement : elle pense que la dramatisation de son action politique s\u2019est r\u00e9v\u00e9l\u00e9e jusque-l\u00e0 <em>\u00abrentable\u00bb<\/em>, alors m\u00eame&nbsp;que cette dramatisation tourne, aujourd&rsquo;hui, aux fanfaronnades et aux d\u00e9monstrations &nbsp;burlesques.&nbsp;<\/p>\n\n\n\n<p>La veille des r\u00e9seaux&nbsp;sociaux s&rsquo;est engag\u00e9e dans une dynamique&nbsp;assez n\u00e9gative \u00e0&nbsp; son \u00e9gard depuis une ann\u00e9e. M\u00eame son \u00e9lectorat f\u00e9minin commence \u00e0 l\u00e2cher&nbsp;prise. Et on n\u2019a pas l\u2019impression qu\u2019elle s\u2019en rend vraiment compte, car sinon comment expliquer qu\u2019elle poursuive dans la m\u00eame voie devenue non passante&nbsp;?<\/p>\n\n\n\n<p>Elle semble ignorer que les r\u00e9seaux sociaux ressemblent, quand m\u00eame, \u00e0 certains m\u00e9dias qui appliqueraient la formule : <em>\u00abJe&nbsp; l\u00e8che, je l\u00e2che, je lynche\u00bb<\/em>.<\/p>\n\n\n\n<p>Son \u00e9lectorat, qui s&rsquo;\u00e9tait mobilis\u00e9 contre les islamistes, commencerait \u00e0 exprimer, ouvertement, sur les r\u00e9seaux sociaux sa perplexit\u00e9 \u00e0 l&rsquo;\u00e9gard de son agitation. Les nostalgiques de Ben Ali, issus de la classe moyenne, sont carr\u00e9ment effray\u00e9s par sa logorrh\u00e9e incantatoire. Et commencent \u00e0 s\u2019interroger sur l\u2019utilit\u00e9 de leur appui \u00e0 une dame qui, comme celui auquel elle s\u2019attaque aujourd\u2019hui, le pr\u00e9sident Ka\u00efs Sa\u00efed en l\u2019occurrence, n\u2019\u00e9coute qu\u2019elle-m\u00eame.<\/p>\n\n\n\n<h2 class=\"wp-block-heading\">Un probl\u00e8me qui&nbsp;s&rsquo;appelle Abir Moussi<\/h2>\n\n\n\n<p>L&rsquo;histoire politique&nbsp;est&nbsp; riche de personnages fantasques, mais dangereux: le boulangisme du XIXe si\u00e8cle, le poujadisme&nbsp;des ann\u00e9es 1950 ou le lep\u00e9nisme des ann\u00e9es 1980 en France.<\/p>\n\n\n\n<p>Certes, en politique, les combats sont parfois\u00a0rudes, mais le climat a souvent besoin\u00a0de s\u00e9r\u00e9nit\u00e9, de <em>\u00abdistanciation\u00bb<\/em> et m\u00eame de biens\u00e9ance pour aboutir \u00e0 des perspectives et des ouvertures utiles pour le peuple.\u00a0<\/p>\n\n\n\n<figure class=\"wp-block-embed is-type-wp-embed is-provider-kapitalis wp-block-embed-kapitalis\"><div class=\"wp-block-embed__wrapper\">\n<blockquote class=\"wp-embedded-content\" data-secret=\"W1SftbkbIY\"><a href=\"https:\/\/kapitalis.com\/tunisie\/2022\/05\/18\/tunisie-politique-abir-moussi-doit-cesser-de-lacher-la-proie-pour-lombre\/\">Tunisie &#8211; Politique :  Abir Moussi doit cesser de l\u00e2cher la proie pour l&rsquo;ombre<\/a><\/blockquote><iframe loading=\"lazy\" class=\"wp-embedded-content\" sandbox=\"allow-scripts\" security=\"restricted\" style=\"position: absolute; clip: rect(1px, 1px, 1px, 1px);\" title=\"\u00ab\u00a0Tunisie &#8211; Politique :  Abir Moussi doit cesser de l\u00e2cher la proie pour l&rsquo;ombre\u00a0\u00bb &#8212; Kapitalis\" src=\"https:\/\/kapitalis.com\/tunisie\/2022\/05\/18\/tunisie-politique-abir-moussi-doit-cesser-de-lacher-la-proie-pour-lombre\/embed\/#?secret=QcQqFgajkg#?secret=W1SftbkbIY\" data-secret=\"W1SftbkbIY\" width=\"600\" height=\"338\" frameborder=\"0\" marginwidth=\"0\" marginheight=\"0\" scrolling=\"no\"><\/iframe>\n<\/div><\/figure>\n\n\n\n<p>Une question que de nombreux observateurs se posent \u00e0 propos de l&rsquo;arri\u00e8re-cour&nbsp; du PDL : le&nbsp; staff de Madame est inconnu, invisible, effac\u00e9&#8230; Sur les podiums, elle&nbsp; est seule. La direction du parti est absente&nbsp;des m\u00e9dias, les responsables r\u00e9gionaux&nbsp; aux abonn\u00e9s absents. \u00c9nigme, myst\u00e8re, jeu de la coquille vide et relents de <em>\u00abpouvoir&nbsp; personnel\u00bb<\/em> au sein d&rsquo;un parti dont nous ignorons le fonctionnement&nbsp; interne.<\/p>\n\n\n\n<p>Comme beaucoup&nbsp;de tunisien(ne)s, l&rsquo;\u00e9lectorat du PDL est frapp\u00e9&nbsp; par <em>\u00abla fatigue d\u00e9mocratique<\/em>\u00bb qui aboutira \u00e0 un absent\u00e9isme cons\u00e9quent&nbsp;lors du prochain scrutin.&nbsp;<\/p>\n\n\n\n<p>Quand le doute et surtout&nbsp; le scepticisme commence \u00e0 r\u00f4der autour d&rsquo;une personnalit\u00e9 politique, il n&rsquo;est pas difficile de voir sa trajectoire entamer la phase descendante.&nbsp;<\/p>\n\n\n\n<p>Enfin, dans le naufrage que connaissent tous les partis politiques depuis le 25 juillet&nbsp; 2021, le PDL pourrait-il se distinguer et r\u00e9ussir ses ambitions en cavalier seul? Difficile de l&rsquo;affirmer avec l&rsquo;enfumage de sa dirigeante : le PDL a un probl\u00e8me&nbsp;qui s&rsquo;appelle Abir Moussi.<\/p>\n\n\n\n<p>* <em>Ancien journaliste bas\u00e9 \u00e0 Paris. <\/em><\/p>\n\n\n\n<p><em>** Illustration : En politique, tout spectacle devient lassant \u00e0 la longue.  <\/em><\/p>\n","protected":false},"excerpt":{"rendered":"<p>Dans le naufrage que connaissent tous les partis politiques depuis le 25 juillet\u00a0 2021, le PDL pourrait-il se distinguer et r\u00e9ussir ses ambitions en cavalier seul? Difficile de l&rsquo;affirmer avec l&rsquo;enfumage de sa dirigeante : le PDL a un probl\u00e8me\u00a0qui s&rsquo;appelle Abir Moussi.<\/p>\n","protected":false},"author":8,"featured_media":2431623,"comment_status":"open","ping_status":"open","sticky":false,"template":"","format":"standard","meta":{"footnotes":""},"categories":[992,997,1000,2433],"tags":[15144,49543,82041,76012,23927,62643],"class_list":["post-2429662","post","type-post","status-publish","format-standard","has-post-thumbnail","hentry","category-a-la-une","category-politique","category-tribune","category-tunisie","tag-abir-moussi","tag-ennahdha","tag-helal-jelali","tag-kais-saied-2","tag-parti-destourien-libre","tag-tunisie"],"yoast_head":"<!-- This site is optimized with the Yoast SEO plugin v26.6 - https:\/\/yoast.com\/wordpress\/plugins\/seo\/ -->\n<title>Tunisie - Politique : Abir Moussi, un feu de paille? - Kapitalis<\/title>\n<meta name=\"robots\" content=\"index, follow, max-snippet:-1, max-image-preview:large, max-video-preview:-1\" \/>\n<link rel=\"canonical\" href=\"https:\/\/kapitalis.com\/tunisie\/2022\/07\/22\/tunisie-politique-abir-moussi-un-feu-de-paille\/\" \/>\n<meta property=\"og:locale\" content=\"fr_FR\" \/>\n<meta property=\"og:type\" content=\"article\" \/>\n<meta property=\"og:title\" content=\"Tunisie - Politique : Abir Moussi, un feu de paille? - Kapitalis\" \/>\n<meta property=\"og:description\" content=\"Dans le naufrage que connaissent tous les partis politiques depuis le 25 juillet\u00a0 2021, le PDL pourrait-il se distinguer et r\u00e9ussir ses ambitions en cavalier seul? Difficile de l&#039;affirmer avec l&#039;enfumage de sa dirigeante : le PDL a un probl\u00e8me\u00a0qui s&#039;appelle Abir Moussi.\" \/>\n<meta property=\"og:url\" content=\"https:\/\/kapitalis.com\/tunisie\/2022\/07\/22\/tunisie-politique-abir-moussi-un-feu-de-paille\/\" \/>\n<meta property=\"og:site_name\" content=\"Kapitalis\" \/>\n<meta property=\"article:publisher\" content=\"https:\/\/www.facebook.com\/KapitalisInfo\/\" \/>\n<meta property=\"article:published_time\" content=\"2022-07-22T08:27:37+00:00\" \/>\n<meta property=\"article:modified_time\" content=\"2022-07-22T08:27:39+00:00\" \/>\n<meta property=\"og:image\" content=\"https:\/\/kapitalis.com\/tunisie\/wp-content\/uploads\/2022\/07\/Abir-Moussi-1.jpg\" \/>\n\t<meta property=\"og:image:width\" content=\"1200\" \/>\n\t<meta property=\"og:image:height\" content=\"630\" \/>\n\t<meta property=\"og:image:type\" content=\"image\/jpeg\" \/>\n<meta name=\"author\" content=\"webmaster kapitalis\" \/>\n<meta name=\"twitter:card\" content=\"summary_large_image\" \/>\n<meta name=\"twitter:creator\" content=\"@KapitalisInfo\" \/>\n<meta name=\"twitter:site\" content=\"@KapitalisInfo\" \/>\n<meta name=\"twitter:label1\" content=\"\u00c9crit par\" \/>\n\t<meta name=\"twitter:data1\" content=\"webmaster kapitalis\" \/>\n\t<meta name=\"twitter:label2\" content=\"Dur\u00e9e de lecture estim\u00e9e\" \/>\n\t<meta name=\"twitter:data2\" content=\"4 minutes\" \/>\n<script type=\"application\/ld+json\" class=\"yoast-schema-graph\">{\"@context\":\"https:\/\/schema.org\",\"@graph\":[{\"@type\":\"Article\",\"@id\":\"https:\/\/kapitalis.com\/tunisie\/2022\/07\/22\/tunisie-politique-abir-moussi-un-feu-de-paille\/#article\",\"isPartOf\":{\"@id\":\"https:\/\/kapitalis.com\/tunisie\/2022\/07\/22\/tunisie-politique-abir-moussi-un-feu-de-paille\/\"},\"author\":{\"name\":\"webmaster kapitalis\",\"@id\":\"https:\/\/kapitalis.com\/tunisie\/#\/schema\/person\/d71f33a9ca44f7bad4698210b480c8e9\"},\"headline\":\"Tunisie &#8211; Politique : Abir Moussi, un feu de paille?\",\"datePublished\":\"2022-07-22T08:27:37+00:00\",\"dateModified\":\"2022-07-22T08:27:39+00:00\",\"mainEntityOfPage\":{\"@id\":\"https:\/\/kapitalis.com\/tunisie\/2022\/07\/22\/tunisie-politique-abir-moussi-un-feu-de-paille\/\"},\"wordCount\":876,\"commentCount\":13,\"publisher\":{\"@id\":\"https:\/\/kapitalis.com\/tunisie\/#organization\"},\"image\":{\"@id\":\"https:\/\/kapitalis.com\/tunisie\/2022\/07\/22\/tunisie-politique-abir-moussi-un-feu-de-paille\/#primaryimage\"},\"thumbnailUrl\":\"https:\/\/kapitalis.com\/tunisie\/wp-content\/uploads\/2022\/07\/Abir-Moussi-1.jpg\",\"keywords\":[\"Abir Moussi\",\"Ennahdha\",\"Helal Jelali\",\"Ka\u00efs Sa\u00efed\",\"Parti destourien libre\",\"Tunisie\"],\"articleSection\":[\"A LA UNE\",\"POLITIQUE\",\"TRIBUNE\",\"Tunisie\"],\"inLanguage\":\"fr-FR\",\"potentialAction\":[{\"@type\":\"CommentAction\",\"name\":\"Comment\",\"target\":[\"https:\/\/kapitalis.com\/tunisie\/2022\/07\/22\/tunisie-politique-abir-moussi-un-feu-de-paille\/#respond\"]}]},{\"@type\":\"WebPage\",\"@id\":\"https:\/\/kapitalis.com\/tunisie\/2022\/07\/22\/tunisie-politique-abir-moussi-un-feu-de-paille\/\",\"url\":\"https:\/\/kapitalis.com\/tunisie\/2022\/07\/22\/tunisie-politique-abir-moussi-un-feu-de-paille\/\",\"name\":\"Tunisie - Politique : Abir Moussi, un feu de paille? - Kapitalis\",\"isPartOf\":{\"@id\":\"https:\/\/kapitalis.com\/tunisie\/#website\"},\"primaryImageOfPage\":{\"@id\":\"https:\/\/kapitalis.com\/tunisie\/2022\/07\/22\/tunisie-politique-abir-moussi-un-feu-de-paille\/#primaryimage\"},\"image\":{\"@id\":\"https:\/\/kapitalis.com\/tunisie\/2022\/07\/22\/tunisie-politique-abir-moussi-un-feu-de-paille\/#primaryimage\"},\"thumbnailUrl\":\"https:\/\/kapitalis.com\/tunisie\/wp-content\/uploads\/2022\/07\/Abir-Moussi-1.jpg\",\"datePublished\":\"2022-07-22T08:27:37+00:00\",\"dateModified\":\"2022-07-22T08:27:39+00:00\",\"breadcrumb\":{\"@id\":\"https:\/\/kapitalis.com\/tunisie\/2022\/07\/22\/tunisie-politique-abir-moussi-un-feu-de-paille\/#breadcrumb\"},\"inLanguage\":\"fr-FR\",\"potentialAction\":[{\"@type\":\"ReadAction\",\"target\":[\"https:\/\/kapitalis.com\/tunisie\/2022\/07\/22\/tunisie-politique-abir-moussi-un-feu-de-paille\/\"]}]},{\"@type\":\"ImageObject\",\"inLanguage\":\"fr-FR\",\"@id\":\"https:\/\/kapitalis.com\/tunisie\/2022\/07\/22\/tunisie-politique-abir-moussi-un-feu-de-paille\/#primaryimage\",\"url\":\"https:\/\/kapitalis.com\/tunisie\/wp-content\/uploads\/2022\/07\/Abir-Moussi-1.jpg\",\"contentUrl\":\"https:\/\/kapitalis.com\/tunisie\/wp-content\/uploads\/2022\/07\/Abir-Moussi-1.jpg\",\"width\":1200,\"height\":630},{\"@type\":\"BreadcrumbList\",\"@id\":\"https:\/\/kapitalis.com\/tunisie\/2022\/07\/22\/tunisie-politique-abir-moussi-un-feu-de-paille\/#breadcrumb\",\"itemListElement\":[{\"@type\":\"ListItem\",\"position\":1,\"name\":\"Accueil\",\"item\":\"https:\/\/kapitalis.com\/tunisie\/\"},{\"@type\":\"ListItem\",\"position\":2,\"name\":\"Tunisie &#8211; Politique : Abir Moussi, un feu de paille?\"}]},{\"@type\":\"WebSite\",\"@id\":\"https:\/\/kapitalis.com\/tunisie\/#website\",\"url\":\"https:\/\/kapitalis.com\/tunisie\/\",\"name\":\"Kapitalis\",\"description\":\"L&#039;actualit\u00e9 en Tunisie et dans le monde\",\"publisher\":{\"@id\":\"https:\/\/kapitalis.com\/tunisie\/#organization\"},\"potentialAction\":[{\"@type\":\"SearchAction\",\"target\":{\"@type\":\"EntryPoint\",\"urlTemplate\":\"https:\/\/kapitalis.com\/tunisie\/?s={search_term_string}\"},\"query-input\":{\"@type\":\"PropertyValueSpecification\",\"valueRequired\":true,\"valueName\":\"search_term_string\"}}],\"inLanguage\":\"fr-FR\"},{\"@type\":\"Organization\",\"@id\":\"https:\/\/kapitalis.com\/tunisie\/#organization\",\"name\":\"Kapitalis\",\"url\":\"https:\/\/kapitalis.com\/tunisie\/\",\"logo\":{\"@type\":\"ImageObject\",\"inLanguage\":\"fr-FR\",\"@id\":\"https:\/\/kapitalis.com\/tunisie\/#\/schema\/logo\/image\/\",\"url\":\"https:\/\/kapitalis.com\/tunisie\/wp-content\/uploads\/2022\/05\/Kapitalis-big-size.png\",\"contentUrl\":\"https:\/\/kapitalis.com\/tunisie\/wp-content\/uploads\/2022\/05\/Kapitalis-big-size.png\",\"width\":5000,\"height\":1500,\"caption\":\"Kapitalis\"},\"image\":{\"@id\":\"https:\/\/kapitalis.com\/tunisie\/#\/schema\/logo\/image\/\"},\"sameAs\":[\"https:\/\/www.facebook.com\/KapitalisInfo\/\",\"https:\/\/x.com\/KapitalisInfo\",\"https:\/\/www.youtube.com\/channel\/UC-yDYrHyfFBWWZaOw3FPg9Q\"]},{\"@type\":\"Person\",\"@id\":\"https:\/\/kapitalis.com\/tunisie\/#\/schema\/person\/d71f33a9ca44f7bad4698210b480c8e9\",\"name\":\"webmaster kapitalis\",\"url\":\"https:\/\/kapitalis.com\/tunisie\/author\/webmaster-kapitalis\/\"}]}<\/script>\n<!-- \/ Yoast SEO plugin. -->","yoast_head_json":{"title":"Tunisie - Politique : Abir Moussi, un feu de paille? - Kapitalis","robots":{"index":"index","follow":"follow","max-snippet":"max-snippet:-1","max-image-preview":"max-image-preview:large","max-video-preview":"max-video-preview:-1"},"canonical":"https:\/\/kapitalis.com\/tunisie\/2022\/07\/22\/tunisie-politique-abir-moussi-un-feu-de-paille\/","og_locale":"fr_FR","og_type":"article","og_title":"Tunisie - Politique : Abir Moussi, un feu de paille? - Kapitalis","og_description":"Dans le naufrage que connaissent tous les partis politiques depuis le 25 juillet\u00a0 2021, le PDL pourrait-il se distinguer et r\u00e9ussir ses ambitions en cavalier seul? Difficile de l'affirmer avec l'enfumage de sa dirigeante : le PDL a un probl\u00e8me\u00a0qui s'appelle Abir Moussi.","og_url":"https:\/\/kapitalis.com\/tunisie\/2022\/07\/22\/tunisie-politique-abir-moussi-un-feu-de-paille\/","og_site_name":"Kapitalis","article_publisher":"https:\/\/www.facebook.com\/KapitalisInfo\/","article_published_time":"2022-07-22T08:27:37+00:00","article_modified_time":"2022-07-22T08:27:39+00:00","og_image":[{"width":1200,"height":630,"url":"https:\/\/kapitalis.com\/tunisie\/wp-content\/uploads\/2022\/07\/Abir-Moussi-1.jpg","type":"image\/jpeg"}],"author":"webmaster kapitalis","twitter_card":"summary_large_image","twitter_creator":"@KapitalisInfo","twitter_site":"@KapitalisInfo","twitter_misc":{"\u00c9crit par":"webmaster kapitalis","Dur\u00e9e de lecture estim\u00e9e":"4 minutes"},"schema":{"@context":"https:\/\/schema.org","@graph":[{"@type":"Article","@id":"https:\/\/kapitalis.com\/tunisie\/2022\/07\/22\/tunisie-politique-abir-moussi-un-feu-de-paille\/#article","isPartOf":{"@id":"https:\/\/kapitalis.com\/tunisie\/2022\/07\/22\/tunisie-politique-abir-moussi-un-feu-de-paille\/"},"author":{"name":"webmaster kapitalis","@id":"https:\/\/kapitalis.com\/tunisie\/#\/schema\/person\/d71f33a9ca44f7bad4698210b480c8e9"},"headline":"Tunisie &#8211; Politique : Abir Moussi, un feu de paille?","datePublished":"2022-07-22T08:27:37+00:00","dateModified":"2022-07-22T08:27:39+00:00","mainEntityOfPage":{"@id":"https:\/\/kapitalis.com\/tunisie\/2022\/07\/22\/tunisie-politique-abir-moussi-un-feu-de-paille\/"},"wordCount":876,"commentCount":13,"publisher":{"@id":"https:\/\/kapitalis.com\/tunisie\/#organization"},"image":{"@id":"https:\/\/kapitalis.com\/tunisie\/2022\/07\/22\/tunisie-politique-abir-moussi-un-feu-de-paille\/#primaryimage"},"thumbnailUrl":"https:\/\/kapitalis.com\/tunisie\/wp-content\/uploads\/2022\/07\/Abir-Moussi-1.jpg","keywords":["Abir Moussi","Ennahdha","Helal Jelali","Ka\u00efs Sa\u00efed","Parti destourien libre","Tunisie"],"articleSection":["A LA UNE","POLITIQUE","TRIBUNE","Tunisie"],"inLanguage":"fr-FR","potentialAction":[{"@type":"CommentAction","name":"Comment","target":["https:\/\/kapitalis.com\/tunisie\/2022\/07\/22\/tunisie-politique-abir-moussi-un-feu-de-paille\/#respond"]}]},{"@type":"WebPage","@id":"https:\/\/kapitalis.com\/tunisie\/2022\/07\/22\/tunisie-politique-abir-moussi-un-feu-de-paille\/","url":"https:\/\/kapitalis.com\/tunisie\/2022\/07\/22\/tunisie-politique-abir-moussi-un-feu-de-paille\/","name":"Tunisie - Politique : Abir Moussi, un feu de paille? - Kapitalis","isPartOf":{"@id":"https:\/\/kapitalis.com\/tunisie\/#website"},"primaryImageOfPage":{"@id":"https:\/\/kapitalis.com\/tunisie\/2022\/07\/22\/tunisie-politique-abir-moussi-un-feu-de-paille\/#primaryimage"},"image":{"@id":"https:\/\/kapitalis.com\/tunisie\/2022\/07\/22\/tunisie-politique-abir-moussi-un-feu-de-paille\/#primaryimage"},"thumbnailUrl":"https:\/\/kapitalis.com\/tunisie\/wp-content\/uploads\/2022\/07\/Abir-Moussi-1.jpg","datePublished":"2022-07-22T08:27:37+00:00","dateModified":"2022-07-22T08:27:39+00:00","breadcrumb":{"@id":"https:\/\/kapitalis.com\/tunisie\/2022\/07\/22\/tunisie-politique-abir-moussi-un-feu-de-paille\/#breadcrumb"},"inLanguage":"fr-FR","potentialAction":[{"@type":"ReadAction","target":["https:\/\/kapitalis.com\/tunisie\/2022\/07\/22\/tunisie-politique-abir-moussi-un-feu-de-paille\/"]}]},{"@type":"ImageObject","inLanguage":"fr-FR","@id":"https:\/\/kapitalis.com\/tunisie\/2022\/07\/22\/tunisie-politique-abir-moussi-un-feu-de-paille\/#primaryimage","url":"https:\/\/kapitalis.com\/tunisie\/wp-content\/uploads\/2022\/07\/Abir-Moussi-1.jpg","contentUrl":"https:\/\/kapitalis.com\/tunisie\/wp-content\/uploads\/2022\/07\/Abir-Moussi-1.jpg","width":1200,"height":630},{"@type":"BreadcrumbList","@id":"https:\/\/kapitalis.com\/tunisie\/2022\/07\/22\/tunisie-politique-abir-moussi-un-feu-de-paille\/#breadcrumb","itemListElement":[{"@type":"ListItem","position":1,"name":"Accueil","item":"https:\/\/kapitalis.com\/tunisie\/"},{"@type":"ListItem","position":2,"name":"Tunisie &#8211; Politique : Abir Moussi, un feu de paille?"}]},{"@type":"WebSite","@id":"https:\/\/kapitalis.com\/tunisie\/#website","url":"https:\/\/kapitalis.com\/tunisie\/","name":"Kapitalis","description":"L&#039;actualit\u00e9 en Tunisie et dans le monde","publisher":{"@id":"https:\/\/kapitalis.com\/tunisie\/#organization"},"potentialAction":[{"@type":"SearchAction","target":{"@type":"EntryPoint","urlTemplate":"https:\/\/kapitalis.com\/tunisie\/?s={search_term_string}"},"query-input":{"@type":"PropertyValueSpecification","valueRequired":true,"valueName":"search_term_string"}}],"inLanguage":"fr-FR"},{"@type":"Organization","@id":"https:\/\/kapitalis.com\/tunisie\/#organization","name":"Kapitalis","url":"https:\/\/kapitalis.com\/tunisie\/","logo":{"@type":"ImageObject","inLanguage":"fr-FR","@id":"https:\/\/kapitalis.com\/tunisie\/#\/schema\/logo\/image\/","url":"https:\/\/kapitalis.com\/tunisie\/wp-content\/uploads\/2022\/05\/Kapitalis-big-size.png","contentUrl":"https:\/\/kapitalis.com\/tunisie\/wp-content\/uploads\/2022\/05\/Kapitalis-big-size.png","width":5000,"height":1500,"caption":"Kapitalis"},"image":{"@id":"https:\/\/kapitalis.com\/tunisie\/#\/schema\/logo\/image\/"},"sameAs":["https:\/\/www.facebook.com\/KapitalisInfo\/","https:\/\/x.com\/KapitalisInfo","https:\/\/www.youtube.com\/channel\/UC-yDYrHyfFBWWZaOw3FPg9Q"]},{"@type":"Person","@id":"https:\/\/kapitalis.com\/tunisie\/#\/schema\/person\/d71f33a9ca44f7bad4698210b480c8e9","name":"webmaster kapitalis","url":"https:\/\/kapitalis.com\/tunisie\/author\/webmaster-kapitalis\/"}]}},"_links":{"self":[{"href":"https:\/\/kapitalis.com\/tunisie\/wp-json\/wp\/v2\/posts\/2429662","targetHints":{"allow":["GET"]}}],"collection":[{"href":"https:\/\/kapitalis.com\/tunisie\/wp-json\/wp\/v2\/posts"}],"about":[{"href":"https:\/\/kapitalis.com\/tunisie\/wp-json\/wp\/v2\/types\/post"}],"author":[{"embeddable":true,"href":"https:\/\/kapitalis.com\/tunisie\/wp-json\/wp\/v2\/users\/8"}],"replies":[{"embeddable":true,"href":"https:\/\/kapitalis.com\/tunisie\/wp-json\/wp\/v2\/comments?post=2429662"}],"version-history":[{"count":0,"href":"https:\/\/kapitalis.com\/tunisie\/wp-json\/wp\/v2\/posts\/2429662\/revisions"}],"wp:featuredmedia":[{"embeddable":true,"href":"https:\/\/kapitalis.com\/tunisie\/wp-json\/wp\/v2\/media\/2431623"}],"wp:attachment":[{"href":"https:\/\/kapitalis.com\/tunisie\/wp-json\/wp\/v2\/media?parent=2429662"}],"wp:term":[{"taxonomy":"category","embeddable":true,"href":"https:\/\/kapitalis.com\/tunisie\/wp-json\/wp\/v2\/categories?post=2429662"},{"taxonomy":"post_tag","embeddable":true,"href":"https:\/\/kapitalis.com\/tunisie\/wp-json\/wp\/v2\/tags?post=2429662"}],"curies":[{"name":"wp","href":"https:\/\/api.w.org\/{rel}","templated":true}]}}