{"id":243230,"date":"2019-09-27T11:59:53","date_gmt":"2019-09-27T10:59:53","guid":{"rendered":"http:\/\/kapitalis.com\/tunisie\/?p=243230"},"modified":"2019-09-27T12:03:07","modified_gmt":"2019-09-27T11:03:07","slug":"la-tunisie-et-la-rd-congo-vont-investir-dans-le-bbloc-smart-africa-de-100-millions-deuros","status":"publish","type":"post","link":"https:\/\/kapitalis.com\/tunisie\/2019\/09\/27\/la-tunisie-et-la-rd-congo-vont-investir-dans-le-bbloc-smart-africa-de-100-millions-deuros\/","title":{"rendered":"La Tunisie et la RD Congo vont investir dans le Bloc Smart Africa de 100 millions d&rsquo;euros"},"content":{"rendered":"\n<figure class=\"wp-block-image\"><img decoding=\"async\" src=\"http:\/\/kapitalis.com\/tunisie\/wp-content\/uploads\/2019\/09\/Augustin-Maarouf.jpg\" alt=\"\" class=\"wp-image-243238\"\/><figcaption><em> Augustin Kibassa Maliba (RD Congo) et Anouar Maarouf (Tunisie)<\/em>.<\/figcaption><\/figure>\n\n\n\n<p><strong><em>La Tunisie et la R\u00e9publique d\u00e9mocratique du Congo (RDC) ont d\u00e9cid\u00e9 d&rsquo;investir dans le Bloc Smart Africa, un fonds de capital risque de 100 millions d\u2019euros (312<\/em><\/strong><em> <\/em><strong><em>millions de dinars tunisiens, DT) d\u00e9di\u00e9 aux start-ups africaines, et on sign\u00e9 une d\u00e9claration d&rsquo;intention \u00e0 ce sujet, le 26 septembre 2019.<\/em><\/strong><\/p>\n\n\n\n<!--more-->\n\n\n\n<p>Le Bloc Smart Africa est le fruit d\u2019un partenariat sign\u00e9\u00a0le 16 mai 2019\u00a0entre l\u2019Alliance Smart Africa, organisation publique-priv\u00e9e pour la transformation num\u00e9rique de l\u2019Afrique,\u00a0et la plateforme d&rsquo;investissement  <a rel=\"noreferrer noopener\" href=\"https:\/\/www.agenceecofin.com\/investissement\/2609-69551-la-rdc-le-benin-et-le-burkina-faso-decident-de-rejoindre-le-fonds-dedie-aux-start-up-tic-de-l-alliance-smart-africa?utm_source=newsletter_10995&amp;utm_medium=email&amp;utm_campaign=ecofin-agro-26-09-2019\" target=\"_blank\">Bamboo Capital Partners<\/a>.  <\/p>\n\n\n\n<p>A cet effet, Anouar Maarouf, ministre des Technologies de la communication et de l&rsquo;Economie num\u00e9rique, et Augustin Kibassa Maliba, ministre des Postes, T\u00e9l\u00e9communications et Nouvelles technologies de l\u2019information et de la communication de la RDC ont sign\u00e9, le 26 septembre 2019, une d\u00e9claration d\u2019intention avec Bamboo\u00a0Capital Partners et Smart Africa, en marge du sommet Afric\u2019Up, d\u00e9di\u00e9 \u00e0 l\u2019innovation, l\u2019entrepreuneuriat, et \u00e0 la promotion des jeunes entreprises dans le domaine des technologies en Afrique, qui s&rsquo;est tenu \u00e0 Tunis du 24 au 25 septembre 2019. <\/p>\n\n\n\n<p>Djibouti, le Tchad et le Burkina Faso ont aussi annonc\u00e9 qu\u2019ils officialiseraient tr\u00e8s prochainement leur engagement dans le fonds Bloc Smart Africa.<\/p>\n\n\n<p style=\"text-align: right;\"><strong>Amina Mkada<\/strong><\/p>\n\n\n<p>  <\/p>\n","protected":false},"excerpt":{"rendered":"<p>La Tunisie et la R\u00e9publique d\u00e9mocratique du Congo (RDC) ont d\u00e9cid\u00e9 d&rsquo;investir dans le Bloc Smart Africa, un fonds de capital risque de 100 millions d\u2019euros (312 millions de dinars tunisiens, DT) d\u00e9di\u00e9 aux start-ups africaines, et on sign\u00e9 une d\u00e9claration d&rsquo;intention \u00e0 ce sujet, le 26 septembre 2019.<\/p>\n","protected":false},"author":22,"featured_media":243238,"comment_status":"open","ping_status":"open","sticky":false,"template":"","format":"standard","meta":{"footnotes":""},"categories":[995,2433],"tags":[35880],"class_list":["post-243230","post","type-post","status-publish","format-standard","has-post-thumbnail","hentry","category-economie","category-tunisie","tag-rdc"],"yoast_head":"<!-- This site is optimized with the Yoast SEO plugin v26.6 - https:\/\/yoast.com\/wordpress\/plugins\/seo\/ -->\n<title>La Tunisie et la RD Congo vont investir dans le Bloc Smart Africa de 100 millions d&#039;euros - Kapitalis<\/title>\n<meta name=\"robots\" content=\"index, follow, max-snippet:-1, max-image-preview:large, max-video-preview:-1\" \/>\n<link rel=\"canonical\" href=\"https:\/\/kapitalis.com\/tunisie\/2019\/09\/27\/la-tunisie-et-la-rd-congo-vont-investir-dans-le-bbloc-smart-africa-de-100-millions-deuros\/\" \/>\n<meta property=\"og:locale\" content=\"fr_FR\" \/>\n<meta property=\"og:type\" content=\"article\" \/>\n<meta property=\"og:title\" content=\"La Tunisie et la RD Congo vont investir dans le Bloc Smart Africa de 100 millions d&#039;euros - Kapitalis\" \/>\n<meta property=\"og:description\" content=\"La Tunisie et la R\u00e9publique d\u00e9mocratique du Congo (RDC) ont d\u00e9cid\u00e9 d&rsquo;investir dans le Bloc Smart Africa, un fonds de capital risque de 100 millions d\u2019euros (312 millions de dinars tunisiens, DT) d\u00e9di\u00e9 aux start-ups africaines, et on sign\u00e9 une d\u00e9claration d&rsquo;intention \u00e0 ce sujet, le 26 septembre 2019.\" \/>\n<meta property=\"og:url\" content=\"https:\/\/kapitalis.com\/tunisie\/2019\/09\/27\/la-tunisie-et-la-rd-congo-vont-investir-dans-le-bbloc-smart-africa-de-100-millions-deuros\/\" \/>\n<meta property=\"og:site_name\" content=\"Kapitalis\" \/>\n<meta property=\"article:publisher\" content=\"https:\/\/www.facebook.com\/KapitalisInfo\/\" \/>\n<meta property=\"article:published_time\" content=\"2019-09-27T10:59:53+00:00\" \/>\n<meta property=\"article:modified_time\" content=\"2019-09-27T11:03:07+00:00\" \/>\n<meta property=\"og:image\" content=\"https:\/\/kapitalis.com\/tunisie\/wp-content\/uploads\/2022\/05\/kapitalis-logo-fb.png\" \/>\n\t<meta property=\"og:image:width\" content=\"1200\" \/>\n\t<meta property=\"og:image:height\" content=\"630\" \/>\n\t<meta property=\"og:image:type\" content=\"image\/png\" \/>\n<meta name=\"author\" content=\"Amina Mkada\" \/>\n<meta name=\"twitter:card\" content=\"summary_large_image\" \/>\n<meta name=\"twitter:creator\" content=\"@KapitalisInfo\" \/>\n<meta name=\"twitter:site\" content=\"@KapitalisInfo\" \/>\n<meta name=\"twitter:label1\" content=\"\u00c9crit par\" \/>\n\t<meta name=\"twitter:data1\" content=\"Amina Mkada\" \/>\n\t<meta name=\"twitter:label2\" content=\"Dur\u00e9e de lecture estim\u00e9e\" \/>\n\t<meta name=\"twitter:data2\" content=\"1 minute\" \/>\n<script type=\"application\/ld+json\" class=\"yoast-schema-graph\">{\"@context\":\"https:\/\/schema.org\",\"@graph\":[{\"@type\":\"Article\",\"@id\":\"https:\/\/kapitalis.com\/tunisie\/2019\/09\/27\/la-tunisie-et-la-rd-congo-vont-investir-dans-le-bbloc-smart-africa-de-100-millions-deuros\/#article\",\"isPartOf\":{\"@id\":\"https:\/\/kapitalis.com\/tunisie\/2019\/09\/27\/la-tunisie-et-la-rd-congo-vont-investir-dans-le-bbloc-smart-africa-de-100-millions-deuros\/\"},\"author\":{\"name\":\"Amina Mkada\",\"@id\":\"https:\/\/kapitalis.com\/tunisie\/#\/schema\/person\/093913313d3017554cb3ad077fff3fbd\"},\"headline\":\"La Tunisie et la RD Congo vont investir dans le Bloc Smart Africa de 100 millions d&rsquo;euros\",\"datePublished\":\"2019-09-27T10:59:53+00:00\",\"dateModified\":\"2019-09-27T11:03:07+00:00\",\"mainEntityOfPage\":{\"@id\":\"https:\/\/kapitalis.com\/tunisie\/2019\/09\/27\/la-tunisie-et-la-rd-congo-vont-investir-dans-le-bbloc-smart-africa-de-100-millions-deuros\/\"},\"wordCount\":224,\"commentCount\":0,\"publisher\":{\"@id\":\"https:\/\/kapitalis.com\/tunisie\/#organization\"},\"image\":{\"@id\":\"https:\/\/kapitalis.com\/tunisie\/2019\/09\/27\/la-tunisie-et-la-rd-congo-vont-investir-dans-le-bbloc-smart-africa-de-100-millions-deuros\/#primaryimage\"},\"thumbnailUrl\":\"\",\"keywords\":[\"RDC\"],\"articleSection\":[\"ECONOMIE\",\"Tunisie\"],\"inLanguage\":\"fr-FR\",\"potentialAction\":[{\"@type\":\"CommentAction\",\"name\":\"Comment\",\"target\":[\"https:\/\/kapitalis.com\/tunisie\/2019\/09\/27\/la-tunisie-et-la-rd-congo-vont-investir-dans-le-bbloc-smart-africa-de-100-millions-deuros\/#respond\"]}]},{\"@type\":\"WebPage\",\"@id\":\"https:\/\/kapitalis.com\/tunisie\/2019\/09\/27\/la-tunisie-et-la-rd-congo-vont-investir-dans-le-bbloc-smart-africa-de-100-millions-deuros\/\",\"url\":\"https:\/\/kapitalis.com\/tunisie\/2019\/09\/27\/la-tunisie-et-la-rd-congo-vont-investir-dans-le-bbloc-smart-africa-de-100-millions-deuros\/\",\"name\":\"La Tunisie et la RD Congo vont investir dans le Bloc Smart Africa de 100 millions d'euros - Kapitalis\",\"isPartOf\":{\"@id\":\"https:\/\/kapitalis.com\/tunisie\/#website\"},\"primaryImageOfPage\":{\"@id\":\"https:\/\/kapitalis.com\/tunisie\/2019\/09\/27\/la-tunisie-et-la-rd-congo-vont-investir-dans-le-bbloc-smart-africa-de-100-millions-deuros\/#primaryimage\"},\"image\":{\"@id\":\"https:\/\/kapitalis.com\/tunisie\/2019\/09\/27\/la-tunisie-et-la-rd-congo-vont-investir-dans-le-bbloc-smart-africa-de-100-millions-deuros\/#primaryimage\"},\"thumbnailUrl\":\"\",\"datePublished\":\"2019-09-27T10:59:53+00:00\",\"dateModified\":\"2019-09-27T11:03:07+00:00\",\"breadcrumb\":{\"@id\":\"https:\/\/kapitalis.com\/tunisie\/2019\/09\/27\/la-tunisie-et-la-rd-congo-vont-investir-dans-le-bbloc-smart-africa-de-100-millions-deuros\/#breadcrumb\"},\"inLanguage\":\"fr-FR\",\"potentialAction\":[{\"@type\":\"ReadAction\",\"target\":[\"https:\/\/kapitalis.com\/tunisie\/2019\/09\/27\/la-tunisie-et-la-rd-congo-vont-investir-dans-le-bbloc-smart-africa-de-100-millions-deuros\/\"]}]},{\"@type\":\"ImageObject\",\"inLanguage\":\"fr-FR\",\"@id\":\"https:\/\/kapitalis.com\/tunisie\/2019\/09\/27\/la-tunisie-et-la-rd-congo-vont-investir-dans-le-bbloc-smart-africa-de-100-millions-deuros\/#primaryimage\",\"url\":\"\",\"contentUrl\":\"\"},{\"@type\":\"BreadcrumbList\",\"@id\":\"https:\/\/kapitalis.com\/tunisie\/2019\/09\/27\/la-tunisie-et-la-rd-congo-vont-investir-dans-le-bbloc-smart-africa-de-100-millions-deuros\/#breadcrumb\",\"itemListElement\":[{\"@type\":\"ListItem\",\"position\":1,\"name\":\"Accueil\",\"item\":\"https:\/\/kapitalis.com\/tunisie\/\"},{\"@type\":\"ListItem\",\"position\":2,\"name\":\"La Tunisie et la RD Congo vont investir dans le Bloc Smart Africa de 100 millions d&rsquo;euros\"}]},{\"@type\":\"WebSite\",\"@id\":\"https:\/\/kapitalis.com\/tunisie\/#website\",\"url\":\"https:\/\/kapitalis.com\/tunisie\/\",\"name\":\"Kapitalis\",\"description\":\"L&#039;actualit\u00e9 en Tunisie et dans le monde\",\"publisher\":{\"@id\":\"https:\/\/kapitalis.com\/tunisie\/#organization\"},\"potentialAction\":[{\"@type\":\"SearchAction\",\"target\":{\"@type\":\"EntryPoint\",\"urlTemplate\":\"https:\/\/kapitalis.com\/tunisie\/?s={search_term_string}\"},\"query-input\":{\"@type\":\"PropertyValueSpecification\",\"valueRequired\":true,\"valueName\":\"search_term_string\"}}],\"inLanguage\":\"fr-FR\"},{\"@type\":\"Organization\",\"@id\":\"https:\/\/kapitalis.com\/tunisie\/#organization\",\"name\":\"Kapitalis\",\"url\":\"https:\/\/kapitalis.com\/tunisie\/\",\"logo\":{\"@type\":\"ImageObject\",\"inLanguage\":\"fr-FR\",\"@id\":\"https:\/\/kapitalis.com\/tunisie\/#\/schema\/logo\/image\/\",\"url\":\"https:\/\/kapitalis.com\/tunisie\/wp-content\/uploads\/2022\/05\/Kapitalis-big-size.png\",\"contentUrl\":\"https:\/\/kapitalis.com\/tunisie\/wp-content\/uploads\/2022\/05\/Kapitalis-big-size.png\",\"width\":5000,\"height\":1500,\"caption\":\"Kapitalis\"},\"image\":{\"@id\":\"https:\/\/kapitalis.com\/tunisie\/#\/schema\/logo\/image\/\"},\"sameAs\":[\"https:\/\/www.facebook.com\/KapitalisInfo\/\",\"https:\/\/x.com\/KapitalisInfo\",\"https:\/\/www.youtube.com\/channel\/UC-yDYrHyfFBWWZaOw3FPg9Q\"]},{\"@type\":\"Person\",\"@id\":\"https:\/\/kapitalis.com\/tunisie\/#\/schema\/person\/093913313d3017554cb3ad077fff3fbd\",\"name\":\"Amina Mkada\",\"url\":\"https:\/\/kapitalis.com\/tunisie\/author\/amina\/\"}]}<\/script>\n<!-- \/ Yoast SEO plugin. -->","yoast_head_json":{"title":"La Tunisie et la RD Congo vont investir dans le Bloc Smart Africa de 100 millions d'euros - Kapitalis","robots":{"index":"index","follow":"follow","max-snippet":"max-snippet:-1","max-image-preview":"max-image-preview:large","max-video-preview":"max-video-preview:-1"},"canonical":"https:\/\/kapitalis.com\/tunisie\/2019\/09\/27\/la-tunisie-et-la-rd-congo-vont-investir-dans-le-bbloc-smart-africa-de-100-millions-deuros\/","og_locale":"fr_FR","og_type":"article","og_title":"La Tunisie et la RD Congo vont investir dans le Bloc Smart Africa de 100 millions d'euros - Kapitalis","og_description":"La Tunisie et la R\u00e9publique d\u00e9mocratique du Congo (RDC) ont d\u00e9cid\u00e9 d&rsquo;investir dans le Bloc Smart Africa, un fonds de capital risque de 100 millions d\u2019euros (312 millions de dinars tunisiens, DT) d\u00e9di\u00e9 aux start-ups africaines, et on sign\u00e9 une d\u00e9claration d&rsquo;intention \u00e0 ce sujet, le 26 septembre 2019.","og_url":"https:\/\/kapitalis.com\/tunisie\/2019\/09\/27\/la-tunisie-et-la-rd-congo-vont-investir-dans-le-bbloc-smart-africa-de-100-millions-deuros\/","og_site_name":"Kapitalis","article_publisher":"https:\/\/www.facebook.com\/KapitalisInfo\/","article_published_time":"2019-09-27T10:59:53+00:00","article_modified_time":"2019-09-27T11:03:07+00:00","og_image":[{"width":1200,"height":630,"url":"https:\/\/kapitalis.com\/tunisie\/wp-content\/uploads\/2022\/05\/kapitalis-logo-fb.png","type":"image\/png"}],"author":"Amina Mkada","twitter_card":"summary_large_image","twitter_creator":"@KapitalisInfo","twitter_site":"@KapitalisInfo","twitter_misc":{"\u00c9crit par":"Amina Mkada","Dur\u00e9e de lecture estim\u00e9e":"1 minute"},"schema":{"@context":"https:\/\/schema.org","@graph":[{"@type":"Article","@id":"https:\/\/kapitalis.com\/tunisie\/2019\/09\/27\/la-tunisie-et-la-rd-congo-vont-investir-dans-le-bbloc-smart-africa-de-100-millions-deuros\/#article","isPartOf":{"@id":"https:\/\/kapitalis.com\/tunisie\/2019\/09\/27\/la-tunisie-et-la-rd-congo-vont-investir-dans-le-bbloc-smart-africa-de-100-millions-deuros\/"},"author":{"name":"Amina Mkada","@id":"https:\/\/kapitalis.com\/tunisie\/#\/schema\/person\/093913313d3017554cb3ad077fff3fbd"},"headline":"La Tunisie et la RD Congo vont investir dans le Bloc Smart Africa de 100 millions d&rsquo;euros","datePublished":"2019-09-27T10:59:53+00:00","dateModified":"2019-09-27T11:03:07+00:00","mainEntityOfPage":{"@id":"https:\/\/kapitalis.com\/tunisie\/2019\/09\/27\/la-tunisie-et-la-rd-congo-vont-investir-dans-le-bbloc-smart-africa-de-100-millions-deuros\/"},"wordCount":224,"commentCount":0,"publisher":{"@id":"https:\/\/kapitalis.com\/tunisie\/#organization"},"image":{"@id":"https:\/\/kapitalis.com\/tunisie\/2019\/09\/27\/la-tunisie-et-la-rd-congo-vont-investir-dans-le-bbloc-smart-africa-de-100-millions-deuros\/#primaryimage"},"thumbnailUrl":"","keywords":["RDC"],"articleSection":["ECONOMIE","Tunisie"],"inLanguage":"fr-FR","potentialAction":[{"@type":"CommentAction","name":"Comment","target":["https:\/\/kapitalis.com\/tunisie\/2019\/09\/27\/la-tunisie-et-la-rd-congo-vont-investir-dans-le-bbloc-smart-africa-de-100-millions-deuros\/#respond"]}]},{"@type":"WebPage","@id":"https:\/\/kapitalis.com\/tunisie\/2019\/09\/27\/la-tunisie-et-la-rd-congo-vont-investir-dans-le-bbloc-smart-africa-de-100-millions-deuros\/","url":"https:\/\/kapitalis.com\/tunisie\/2019\/09\/27\/la-tunisie-et-la-rd-congo-vont-investir-dans-le-bbloc-smart-africa-de-100-millions-deuros\/","name":"La Tunisie et la RD Congo vont investir dans le Bloc Smart Africa de 100 millions d'euros - Kapitalis","isPartOf":{"@id":"https:\/\/kapitalis.com\/tunisie\/#website"},"primaryImageOfPage":{"@id":"https:\/\/kapitalis.com\/tunisie\/2019\/09\/27\/la-tunisie-et-la-rd-congo-vont-investir-dans-le-bbloc-smart-africa-de-100-millions-deuros\/#primaryimage"},"image":{"@id":"https:\/\/kapitalis.com\/tunisie\/2019\/09\/27\/la-tunisie-et-la-rd-congo-vont-investir-dans-le-bbloc-smart-africa-de-100-millions-deuros\/#primaryimage"},"thumbnailUrl":"","datePublished":"2019-09-27T10:59:53+00:00","dateModified":"2019-09-27T11:03:07+00:00","breadcrumb":{"@id":"https:\/\/kapitalis.com\/tunisie\/2019\/09\/27\/la-tunisie-et-la-rd-congo-vont-investir-dans-le-bbloc-smart-africa-de-100-millions-deuros\/#breadcrumb"},"inLanguage":"fr-FR","potentialAction":[{"@type":"ReadAction","target":["https:\/\/kapitalis.com\/tunisie\/2019\/09\/27\/la-tunisie-et-la-rd-congo-vont-investir-dans-le-bbloc-smart-africa-de-100-millions-deuros\/"]}]},{"@type":"ImageObject","inLanguage":"fr-FR","@id":"https:\/\/kapitalis.com\/tunisie\/2019\/09\/27\/la-tunisie-et-la-rd-congo-vont-investir-dans-le-bbloc-smart-africa-de-100-millions-deuros\/#primaryimage","url":"","contentUrl":""},{"@type":"BreadcrumbList","@id":"https:\/\/kapitalis.com\/tunisie\/2019\/09\/27\/la-tunisie-et-la-rd-congo-vont-investir-dans-le-bbloc-smart-africa-de-100-millions-deuros\/#breadcrumb","itemListElement":[{"@type":"ListItem","position":1,"name":"Accueil","item":"https:\/\/kapitalis.com\/tunisie\/"},{"@type":"ListItem","position":2,"name":"La Tunisie et la RD Congo vont investir dans le Bloc Smart Africa de 100 millions d&rsquo;euros"}]},{"@type":"WebSite","@id":"https:\/\/kapitalis.com\/tunisie\/#website","url":"https:\/\/kapitalis.com\/tunisie\/","name":"Kapitalis","description":"L&#039;actualit\u00e9 en Tunisie et dans le monde","publisher":{"@id":"https:\/\/kapitalis.com\/tunisie\/#organization"},"potentialAction":[{"@type":"SearchAction","target":{"@type":"EntryPoint","urlTemplate":"https:\/\/kapitalis.com\/tunisie\/?s={search_term_string}"},"query-input":{"@type":"PropertyValueSpecification","valueRequired":true,"valueName":"search_term_string"}}],"inLanguage":"fr-FR"},{"@type":"Organization","@id":"https:\/\/kapitalis.com\/tunisie\/#organization","name":"Kapitalis","url":"https:\/\/kapitalis.com\/tunisie\/","logo":{"@type":"ImageObject","inLanguage":"fr-FR","@id":"https:\/\/kapitalis.com\/tunisie\/#\/schema\/logo\/image\/","url":"https:\/\/kapitalis.com\/tunisie\/wp-content\/uploads\/2022\/05\/Kapitalis-big-size.png","contentUrl":"https:\/\/kapitalis.com\/tunisie\/wp-content\/uploads\/2022\/05\/Kapitalis-big-size.png","width":5000,"height":1500,"caption":"Kapitalis"},"image":{"@id":"https:\/\/kapitalis.com\/tunisie\/#\/schema\/logo\/image\/"},"sameAs":["https:\/\/www.facebook.com\/KapitalisInfo\/","https:\/\/x.com\/KapitalisInfo","https:\/\/www.youtube.com\/channel\/UC-yDYrHyfFBWWZaOw3FPg9Q"]},{"@type":"Person","@id":"https:\/\/kapitalis.com\/tunisie\/#\/schema\/person\/093913313d3017554cb3ad077fff3fbd","name":"Amina Mkada","url":"https:\/\/kapitalis.com\/tunisie\/author\/amina\/"}]}},"_links":{"self":[{"href":"https:\/\/kapitalis.com\/tunisie\/wp-json\/wp\/v2\/posts\/243230","targetHints":{"allow":["GET"]}}],"collection":[{"href":"https:\/\/kapitalis.com\/tunisie\/wp-json\/wp\/v2\/posts"}],"about":[{"href":"https:\/\/kapitalis.com\/tunisie\/wp-json\/wp\/v2\/types\/post"}],"author":[{"embeddable":true,"href":"https:\/\/kapitalis.com\/tunisie\/wp-json\/wp\/v2\/users\/22"}],"replies":[{"embeddable":true,"href":"https:\/\/kapitalis.com\/tunisie\/wp-json\/wp\/v2\/comments?post=243230"}],"version-history":[{"count":0,"href":"https:\/\/kapitalis.com\/tunisie\/wp-json\/wp\/v2\/posts\/243230\/revisions"}],"wp:featuredmedia":[{"embeddable":true,"href":"https:\/\/kapitalis.com\/tunisie\/wp-json\/wp\/v2\/media\/243238"}],"wp:attachment":[{"href":"https:\/\/kapitalis.com\/tunisie\/wp-json\/wp\/v2\/media?parent=243230"}],"wp:term":[{"taxonomy":"category","embeddable":true,"href":"https:\/\/kapitalis.com\/tunisie\/wp-json\/wp\/v2\/categories?post=243230"},{"taxonomy":"post_tag","embeddable":true,"href":"https:\/\/kapitalis.com\/tunisie\/wp-json\/wp\/v2\/tags?post=243230"}],"curies":[{"name":"wp","href":"https:\/\/api.w.org\/{rel}","templated":true}]}}