{"id":2432984,"date":"2022-07-22T11:40:01","date_gmt":"2022-07-22T10:40:01","guid":{"rendered":"https:\/\/kapitalis.com\/tunisie\/?p=2432984"},"modified":"2022-07-22T11:40:03","modified_gmt":"2022-07-22T10:40:03","slug":"le-groupe-americain-son-lux-sous-le-charme-de-la-ville-de-hammamet-photos","status":"publish","type":"post","link":"https:\/\/kapitalis.com\/tunisie\/2022\/07\/22\/le-groupe-americain-son-lux-sous-le-charme-de-la-ville-de-hammamet-photos\/","title":{"rendered":"Le groupe am\u00e9ricain Son Lux sous le charme de la ville de Hammamet (Photos)"},"content":{"rendered":"\n<p><em><strong>Le groupe am\u00e9ricain Son Lux donnera ce soir son premier concert en Tunisie dans le cadre du Festival international de Hammamet. Ryan Lott et Ian Chang ont profit\u00e9 de leur s\u00e9jour pour visiter la ville.<\/strong><\/em><\/p>\n\n\n\n<!--more-->\n\n\n\n<p>Son Lux est un groupe am\u00e9ricain de musique pop-exp\u00e9rimentale avec des influences rock et \u00e9lectronique qui s\u2019est connaitre du grand public notamment avec le tube \u00ab&nbsp;Easy&nbsp;\u00bb sorti en 2013.<\/p>\n\n\n<div class=\"wp-block-image\">\n<figure class=\"aligncenter size-large\"><img loading=\"lazy\" decoding=\"async\" width=\"1024\" height=\"538\" src=\"https:\/\/kapitalis.com\/tunisie\/wp-content\/uploads\/2022\/07\/Son-Lux....-1024x538.jpg\" alt=\"\" class=\"wp-image-2433418\" srcset=\"https:\/\/kapitalis.com\/tunisie\/wp-content\/uploads\/2022\/07\/Son-Lux....-1024x538.jpg 1024w, https:\/\/kapitalis.com\/tunisie\/wp-content\/uploads\/2022\/07\/Son-Lux....-300x158.jpg 300w, https:\/\/kapitalis.com\/tunisie\/wp-content\/uploads\/2022\/07\/Son-Lux....-768x403.jpg 768w, https:\/\/kapitalis.com\/tunisie\/wp-content\/uploads\/2022\/07\/Son-Lux....-580x305.jpg 580w, https:\/\/kapitalis.com\/tunisie\/wp-content\/uploads\/2022\/07\/Son-Lux....-860x452.jpg 860w, https:\/\/kapitalis.com\/tunisie\/wp-content\/uploads\/2022\/07\/Son-Lux....-1160x609.jpg 1160w, https:\/\/kapitalis.com\/tunisie\/wp-content\/uploads\/2022\/07\/Son-Lux.....jpg 1200w\" sizes=\"auto, (max-width: 1024px) 100vw, 1024px\" \/><\/figure>\n<\/div>\n\n\n<p>Au milieu de sa tourn\u00e9e internationale, le trio am\u00e9ricain donnera son tout premier concert en Tunisie ce soir, vendredi 22 juillet, dans le cadre de la 56<sup>e<\/sup> \u00e9dition du Festival international de Hammamet qui a d\u00e9marr\u00e9 le 13 juillet et qui se poursuivra jusqu\u2019au 19 ao\u00fbt.<\/p>\n\n\n<div class=\"wp-block-image\">\n<figure class=\"aligncenter size-large\"><img loading=\"lazy\" decoding=\"async\" width=\"1024\" height=\"538\" src=\"https:\/\/kapitalis.com\/tunisie\/wp-content\/uploads\/2022\/07\/Son-Lux...--1024x538.jpg\" alt=\"\" class=\"wp-image-2433427\" srcset=\"https:\/\/kapitalis.com\/tunisie\/wp-content\/uploads\/2022\/07\/Son-Lux...--1024x538.jpg 1024w, https:\/\/kapitalis.com\/tunisie\/wp-content\/uploads\/2022\/07\/Son-Lux...--300x158.jpg 300w, https:\/\/kapitalis.com\/tunisie\/wp-content\/uploads\/2022\/07\/Son-Lux...--768x403.jpg 768w, https:\/\/kapitalis.com\/tunisie\/wp-content\/uploads\/2022\/07\/Son-Lux...--580x305.jpg 580w, https:\/\/kapitalis.com\/tunisie\/wp-content\/uploads\/2022\/07\/Son-Lux...--860x452.jpg 860w, https:\/\/kapitalis.com\/tunisie\/wp-content\/uploads\/2022\/07\/Son-Lux...--1160x609.jpg 1160w, https:\/\/kapitalis.com\/tunisie\/wp-content\/uploads\/2022\/07\/Son-Lux...-.jpg 1200w\" sizes=\"auto, (max-width: 1024px) 100vw, 1024px\" \/><\/figure>\n<\/div>\n\n\n<p>Son Lux ont profit\u00e9 de leur pr\u00e9sence \u00e0 Hammamet pour visiter la ville et notamment la M\u00e9dina et la plage o\u00f9 ils n\u2019ont pas h\u00e9sit\u00e9 \u00e0 se prendre en photo pour immortalise leur s\u00e9jour.<\/p>\n\n\n<div class=\"wp-block-image\">\n<figure class=\"aligncenter size-large\"><img loading=\"lazy\" decoding=\"async\" width=\"1024\" height=\"538\" src=\"https:\/\/kapitalis.com\/tunisie\/wp-content\/uploads\/2022\/07\/Son-Lux..-1024x538.jpg\" alt=\"\" class=\"wp-image-2433441\" srcset=\"https:\/\/kapitalis.com\/tunisie\/wp-content\/uploads\/2022\/07\/Son-Lux..-1024x538.jpg 1024w, https:\/\/kapitalis.com\/tunisie\/wp-content\/uploads\/2022\/07\/Son-Lux..-300x158.jpg 300w, https:\/\/kapitalis.com\/tunisie\/wp-content\/uploads\/2022\/07\/Son-Lux..-768x403.jpg 768w, https:\/\/kapitalis.com\/tunisie\/wp-content\/uploads\/2022\/07\/Son-Lux..-580x305.jpg 580w, https:\/\/kapitalis.com\/tunisie\/wp-content\/uploads\/2022\/07\/Son-Lux..-860x452.jpg 860w, https:\/\/kapitalis.com\/tunisie\/wp-content\/uploads\/2022\/07\/Son-Lux..-1160x609.jpg 1160w, https:\/\/kapitalis.com\/tunisie\/wp-content\/uploads\/2022\/07\/Son-Lux...jpg 1200w\" sizes=\"auto, (max-width: 1024px) 100vw, 1024px\" \/><\/figure>\n<\/div>\n\n\n<p class=\"has-text-align-right\"><strong>F.B<\/strong><\/p>\n","protected":false},"excerpt":{"rendered":"<p>Le groupe am\u00e9ricain Son Lux donnera ce soir son premier concert en Tunisie dans le cadre du Festival international de Hammamet. Ryan Lott et Ian Chang ont profit\u00e9 de leur s\u00e9jour pour visiter la ville.<\/p>\n","protected":false},"author":26,"featured_media":2433314,"comment_status":"open","ping_status":"open","sticky":false,"template":"","format":"standard","meta":{"footnotes":""},"categories":[994,2433],"tags":[100866,439,101095,62643],"class_list":["post-2432984","post","type-post","status-publish","format-standard","has-post-thumbnail","hentry","category-culture","category-tunisie","tag-festival-international-de-hammamet-2022","tag-hammamet","tag-son-lux","tag-tunisie"],"yoast_head":"<!-- This site is optimized with the Yoast SEO plugin v26.6 - https:\/\/yoast.com\/wordpress\/plugins\/seo\/ -->\n<title>Le groupe am\u00e9ricain Son Lux sous le charme de la ville de Hammamet (Photos) - Kapitalis<\/title>\n<meta name=\"robots\" content=\"index, follow, max-snippet:-1, max-image-preview:large, max-video-preview:-1\" \/>\n<link rel=\"canonical\" href=\"https:\/\/kapitalis.com\/tunisie\/2022\/07\/22\/le-groupe-americain-son-lux-sous-le-charme-de-la-ville-de-hammamet-photos\/\" \/>\n<meta property=\"og:locale\" content=\"fr_FR\" \/>\n<meta property=\"og:type\" content=\"article\" \/>\n<meta property=\"og:title\" content=\"Le groupe am\u00e9ricain Son Lux sous le charme de la ville de Hammamet (Photos) - Kapitalis\" \/>\n<meta property=\"og:description\" content=\"Le groupe am\u00e9ricain Son Lux donnera ce soir son premier concert en Tunisie dans le cadre du Festival international de Hammamet. Ryan Lott et Ian Chang ont profit\u00e9 de leur s\u00e9jour pour visiter la ville.\" \/>\n<meta property=\"og:url\" content=\"https:\/\/kapitalis.com\/tunisie\/2022\/07\/22\/le-groupe-americain-son-lux-sous-le-charme-de-la-ville-de-hammamet-photos\/\" \/>\n<meta property=\"og:site_name\" content=\"Kapitalis\" \/>\n<meta property=\"article:publisher\" content=\"https:\/\/www.facebook.com\/KapitalisInfo\/\" \/>\n<meta property=\"article:published_time\" content=\"2022-07-22T10:40:01+00:00\" \/>\n<meta property=\"article:modified_time\" content=\"2022-07-22T10:40:03+00:00\" \/>\n<meta property=\"og:image\" content=\"https:\/\/kapitalis.com\/tunisie\/wp-content\/uploads\/2022\/07\/Son-Lux-1.jpg\" \/>\n\t<meta property=\"og:image:width\" content=\"1200\" \/>\n\t<meta property=\"og:image:height\" content=\"630\" \/>\n\t<meta property=\"og:image:type\" content=\"image\/jpeg\" \/>\n<meta name=\"author\" content=\"Fawz BenAli\" \/>\n<meta name=\"twitter:card\" content=\"summary_large_image\" \/>\n<meta name=\"twitter:creator\" content=\"@KapitalisInfo\" \/>\n<meta name=\"twitter:site\" content=\"@KapitalisInfo\" \/>\n<meta name=\"twitter:label1\" content=\"\u00c9crit par\" \/>\n\t<meta name=\"twitter:data1\" content=\"Fawz BenAli\" \/>\n\t<meta name=\"twitter:label2\" content=\"Dur\u00e9e de lecture estim\u00e9e\" \/>\n\t<meta name=\"twitter:data2\" content=\"2 minutes\" \/>\n<script type=\"application\/ld+json\" class=\"yoast-schema-graph\">{\"@context\":\"https:\/\/schema.org\",\"@graph\":[{\"@type\":\"Article\",\"@id\":\"https:\/\/kapitalis.com\/tunisie\/2022\/07\/22\/le-groupe-americain-son-lux-sous-le-charme-de-la-ville-de-hammamet-photos\/#article\",\"isPartOf\":{\"@id\":\"https:\/\/kapitalis.com\/tunisie\/2022\/07\/22\/le-groupe-americain-son-lux-sous-le-charme-de-la-ville-de-hammamet-photos\/\"},\"author\":{\"name\":\"Fawz BenAli\",\"@id\":\"https:\/\/kapitalis.com\/tunisie\/#\/schema\/person\/73a5ecc1f6ae540c6ed91342eadca948\"},\"headline\":\"Le groupe am\u00e9ricain Son Lux sous le charme de la ville de Hammamet (Photos)\",\"datePublished\":\"2022-07-22T10:40:01+00:00\",\"dateModified\":\"2022-07-22T10:40:03+00:00\",\"mainEntityOfPage\":{\"@id\":\"https:\/\/kapitalis.com\/tunisie\/2022\/07\/22\/le-groupe-americain-son-lux-sous-le-charme-de-la-ville-de-hammamet-photos\/\"},\"wordCount\":172,\"commentCount\":1,\"publisher\":{\"@id\":\"https:\/\/kapitalis.com\/tunisie\/#organization\"},\"image\":{\"@id\":\"https:\/\/kapitalis.com\/tunisie\/2022\/07\/22\/le-groupe-americain-son-lux-sous-le-charme-de-la-ville-de-hammamet-photos\/#primaryimage\"},\"thumbnailUrl\":\"https:\/\/kapitalis.com\/tunisie\/wp-content\/uploads\/2022\/07\/Son-Lux-1.jpg\",\"keywords\":[\"Festival international de Hammamet 2022\",\"Hammamet\",\"Son Lux\",\"Tunisie\"],\"articleSection\":[\"CULTURE\",\"Tunisie\"],\"inLanguage\":\"fr-FR\",\"potentialAction\":[{\"@type\":\"CommentAction\",\"name\":\"Comment\",\"target\":[\"https:\/\/kapitalis.com\/tunisie\/2022\/07\/22\/le-groupe-americain-son-lux-sous-le-charme-de-la-ville-de-hammamet-photos\/#respond\"]}]},{\"@type\":\"WebPage\",\"@id\":\"https:\/\/kapitalis.com\/tunisie\/2022\/07\/22\/le-groupe-americain-son-lux-sous-le-charme-de-la-ville-de-hammamet-photos\/\",\"url\":\"https:\/\/kapitalis.com\/tunisie\/2022\/07\/22\/le-groupe-americain-son-lux-sous-le-charme-de-la-ville-de-hammamet-photos\/\",\"name\":\"Le groupe am\u00e9ricain Son Lux sous le charme de la ville de Hammamet (Photos) - Kapitalis\",\"isPartOf\":{\"@id\":\"https:\/\/kapitalis.com\/tunisie\/#website\"},\"primaryImageOfPage\":{\"@id\":\"https:\/\/kapitalis.com\/tunisie\/2022\/07\/22\/le-groupe-americain-son-lux-sous-le-charme-de-la-ville-de-hammamet-photos\/#primaryimage\"},\"image\":{\"@id\":\"https:\/\/kapitalis.com\/tunisie\/2022\/07\/22\/le-groupe-americain-son-lux-sous-le-charme-de-la-ville-de-hammamet-photos\/#primaryimage\"},\"thumbnailUrl\":\"https:\/\/kapitalis.com\/tunisie\/wp-content\/uploads\/2022\/07\/Son-Lux-1.jpg\",\"datePublished\":\"2022-07-22T10:40:01+00:00\",\"dateModified\":\"2022-07-22T10:40:03+00:00\",\"breadcrumb\":{\"@id\":\"https:\/\/kapitalis.com\/tunisie\/2022\/07\/22\/le-groupe-americain-son-lux-sous-le-charme-de-la-ville-de-hammamet-photos\/#breadcrumb\"},\"inLanguage\":\"fr-FR\",\"potentialAction\":[{\"@type\":\"ReadAction\",\"target\":[\"https:\/\/kapitalis.com\/tunisie\/2022\/07\/22\/le-groupe-americain-son-lux-sous-le-charme-de-la-ville-de-hammamet-photos\/\"]}]},{\"@type\":\"ImageObject\",\"inLanguage\":\"fr-FR\",\"@id\":\"https:\/\/kapitalis.com\/tunisie\/2022\/07\/22\/le-groupe-americain-son-lux-sous-le-charme-de-la-ville-de-hammamet-photos\/#primaryimage\",\"url\":\"https:\/\/kapitalis.com\/tunisie\/wp-content\/uploads\/2022\/07\/Son-Lux-1.jpg\",\"contentUrl\":\"https:\/\/kapitalis.com\/tunisie\/wp-content\/uploads\/2022\/07\/Son-Lux-1.jpg\",\"width\":1200,\"height\":630},{\"@type\":\"BreadcrumbList\",\"@id\":\"https:\/\/kapitalis.com\/tunisie\/2022\/07\/22\/le-groupe-americain-son-lux-sous-le-charme-de-la-ville-de-hammamet-photos\/#breadcrumb\",\"itemListElement\":[{\"@type\":\"ListItem\",\"position\":1,\"name\":\"Accueil\",\"item\":\"https:\/\/kapitalis.com\/tunisie\/\"},{\"@type\":\"ListItem\",\"position\":2,\"name\":\"Le groupe am\u00e9ricain Son Lux sous le charme de la ville de Hammamet (Photos)\"}]},{\"@type\":\"WebSite\",\"@id\":\"https:\/\/kapitalis.com\/tunisie\/#website\",\"url\":\"https:\/\/kapitalis.com\/tunisie\/\",\"name\":\"Kapitalis\",\"description\":\"L&#039;actualit\u00e9 en Tunisie et dans le monde\",\"publisher\":{\"@id\":\"https:\/\/kapitalis.com\/tunisie\/#organization\"},\"potentialAction\":[{\"@type\":\"SearchAction\",\"target\":{\"@type\":\"EntryPoint\",\"urlTemplate\":\"https:\/\/kapitalis.com\/tunisie\/?s={search_term_string}\"},\"query-input\":{\"@type\":\"PropertyValueSpecification\",\"valueRequired\":true,\"valueName\":\"search_term_string\"}}],\"inLanguage\":\"fr-FR\"},{\"@type\":\"Organization\",\"@id\":\"https:\/\/kapitalis.com\/tunisie\/#organization\",\"name\":\"Kapitalis\",\"url\":\"https:\/\/kapitalis.com\/tunisie\/\",\"logo\":{\"@type\":\"ImageObject\",\"inLanguage\":\"fr-FR\",\"@id\":\"https:\/\/kapitalis.com\/tunisie\/#\/schema\/logo\/image\/\",\"url\":\"https:\/\/kapitalis.com\/tunisie\/wp-content\/uploads\/2022\/05\/Kapitalis-big-size.png\",\"contentUrl\":\"https:\/\/kapitalis.com\/tunisie\/wp-content\/uploads\/2022\/05\/Kapitalis-big-size.png\",\"width\":5000,\"height\":1500,\"caption\":\"Kapitalis\"},\"image\":{\"@id\":\"https:\/\/kapitalis.com\/tunisie\/#\/schema\/logo\/image\/\"},\"sameAs\":[\"https:\/\/www.facebook.com\/KapitalisInfo\/\",\"https:\/\/x.com\/KapitalisInfo\",\"https:\/\/www.youtube.com\/channel\/UC-yDYrHyfFBWWZaOw3FPg9Q\"]},{\"@type\":\"Person\",\"@id\":\"https:\/\/kapitalis.com\/tunisie\/#\/schema\/person\/73a5ecc1f6ae540c6ed91342eadca948\",\"name\":\"Fawz BenAli\",\"url\":\"https:\/\/kapitalis.com\/tunisie\/author\/fawz\/\"}]}<\/script>\n<!-- \/ Yoast SEO plugin. -->","yoast_head_json":{"title":"Le groupe am\u00e9ricain Son Lux sous le charme de la ville de Hammamet (Photos) - Kapitalis","robots":{"index":"index","follow":"follow","max-snippet":"max-snippet:-1","max-image-preview":"max-image-preview:large","max-video-preview":"max-video-preview:-1"},"canonical":"https:\/\/kapitalis.com\/tunisie\/2022\/07\/22\/le-groupe-americain-son-lux-sous-le-charme-de-la-ville-de-hammamet-photos\/","og_locale":"fr_FR","og_type":"article","og_title":"Le groupe am\u00e9ricain Son Lux sous le charme de la ville de Hammamet (Photos) - Kapitalis","og_description":"Le groupe am\u00e9ricain Son Lux donnera ce soir son premier concert en Tunisie dans le cadre du Festival international de Hammamet. Ryan Lott et Ian Chang ont profit\u00e9 de leur s\u00e9jour pour visiter la ville.","og_url":"https:\/\/kapitalis.com\/tunisie\/2022\/07\/22\/le-groupe-americain-son-lux-sous-le-charme-de-la-ville-de-hammamet-photos\/","og_site_name":"Kapitalis","article_publisher":"https:\/\/www.facebook.com\/KapitalisInfo\/","article_published_time":"2022-07-22T10:40:01+00:00","article_modified_time":"2022-07-22T10:40:03+00:00","og_image":[{"width":1200,"height":630,"url":"https:\/\/kapitalis.com\/tunisie\/wp-content\/uploads\/2022\/07\/Son-Lux-1.jpg","type":"image\/jpeg"}],"author":"Fawz BenAli","twitter_card":"summary_large_image","twitter_creator":"@KapitalisInfo","twitter_site":"@KapitalisInfo","twitter_misc":{"\u00c9crit par":"Fawz BenAli","Dur\u00e9e de lecture estim\u00e9e":"2 minutes"},"schema":{"@context":"https:\/\/schema.org","@graph":[{"@type":"Article","@id":"https:\/\/kapitalis.com\/tunisie\/2022\/07\/22\/le-groupe-americain-son-lux-sous-le-charme-de-la-ville-de-hammamet-photos\/#article","isPartOf":{"@id":"https:\/\/kapitalis.com\/tunisie\/2022\/07\/22\/le-groupe-americain-son-lux-sous-le-charme-de-la-ville-de-hammamet-photos\/"},"author":{"name":"Fawz BenAli","@id":"https:\/\/kapitalis.com\/tunisie\/#\/schema\/person\/73a5ecc1f6ae540c6ed91342eadca948"},"headline":"Le groupe am\u00e9ricain Son Lux sous le charme de la ville de Hammamet (Photos)","datePublished":"2022-07-22T10:40:01+00:00","dateModified":"2022-07-22T10:40:03+00:00","mainEntityOfPage":{"@id":"https:\/\/kapitalis.com\/tunisie\/2022\/07\/22\/le-groupe-americain-son-lux-sous-le-charme-de-la-ville-de-hammamet-photos\/"},"wordCount":172,"commentCount":1,"publisher":{"@id":"https:\/\/kapitalis.com\/tunisie\/#organization"},"image":{"@id":"https:\/\/kapitalis.com\/tunisie\/2022\/07\/22\/le-groupe-americain-son-lux-sous-le-charme-de-la-ville-de-hammamet-photos\/#primaryimage"},"thumbnailUrl":"https:\/\/kapitalis.com\/tunisie\/wp-content\/uploads\/2022\/07\/Son-Lux-1.jpg","keywords":["Festival international de Hammamet 2022","Hammamet","Son Lux","Tunisie"],"articleSection":["CULTURE","Tunisie"],"inLanguage":"fr-FR","potentialAction":[{"@type":"CommentAction","name":"Comment","target":["https:\/\/kapitalis.com\/tunisie\/2022\/07\/22\/le-groupe-americain-son-lux-sous-le-charme-de-la-ville-de-hammamet-photos\/#respond"]}]},{"@type":"WebPage","@id":"https:\/\/kapitalis.com\/tunisie\/2022\/07\/22\/le-groupe-americain-son-lux-sous-le-charme-de-la-ville-de-hammamet-photos\/","url":"https:\/\/kapitalis.com\/tunisie\/2022\/07\/22\/le-groupe-americain-son-lux-sous-le-charme-de-la-ville-de-hammamet-photos\/","name":"Le groupe am\u00e9ricain Son Lux sous le charme de la ville de Hammamet (Photos) - Kapitalis","isPartOf":{"@id":"https:\/\/kapitalis.com\/tunisie\/#website"},"primaryImageOfPage":{"@id":"https:\/\/kapitalis.com\/tunisie\/2022\/07\/22\/le-groupe-americain-son-lux-sous-le-charme-de-la-ville-de-hammamet-photos\/#primaryimage"},"image":{"@id":"https:\/\/kapitalis.com\/tunisie\/2022\/07\/22\/le-groupe-americain-son-lux-sous-le-charme-de-la-ville-de-hammamet-photos\/#primaryimage"},"thumbnailUrl":"https:\/\/kapitalis.com\/tunisie\/wp-content\/uploads\/2022\/07\/Son-Lux-1.jpg","datePublished":"2022-07-22T10:40:01+00:00","dateModified":"2022-07-22T10:40:03+00:00","breadcrumb":{"@id":"https:\/\/kapitalis.com\/tunisie\/2022\/07\/22\/le-groupe-americain-son-lux-sous-le-charme-de-la-ville-de-hammamet-photos\/#breadcrumb"},"inLanguage":"fr-FR","potentialAction":[{"@type":"ReadAction","target":["https:\/\/kapitalis.com\/tunisie\/2022\/07\/22\/le-groupe-americain-son-lux-sous-le-charme-de-la-ville-de-hammamet-photos\/"]}]},{"@type":"ImageObject","inLanguage":"fr-FR","@id":"https:\/\/kapitalis.com\/tunisie\/2022\/07\/22\/le-groupe-americain-son-lux-sous-le-charme-de-la-ville-de-hammamet-photos\/#primaryimage","url":"https:\/\/kapitalis.com\/tunisie\/wp-content\/uploads\/2022\/07\/Son-Lux-1.jpg","contentUrl":"https:\/\/kapitalis.com\/tunisie\/wp-content\/uploads\/2022\/07\/Son-Lux-1.jpg","width":1200,"height":630},{"@type":"BreadcrumbList","@id":"https:\/\/kapitalis.com\/tunisie\/2022\/07\/22\/le-groupe-americain-son-lux-sous-le-charme-de-la-ville-de-hammamet-photos\/#breadcrumb","itemListElement":[{"@type":"ListItem","position":1,"name":"Accueil","item":"https:\/\/kapitalis.com\/tunisie\/"},{"@type":"ListItem","position":2,"name":"Le groupe am\u00e9ricain Son Lux sous le charme de la ville de Hammamet (Photos)"}]},{"@type":"WebSite","@id":"https:\/\/kapitalis.com\/tunisie\/#website","url":"https:\/\/kapitalis.com\/tunisie\/","name":"Kapitalis","description":"L&#039;actualit\u00e9 en Tunisie et dans le monde","publisher":{"@id":"https:\/\/kapitalis.com\/tunisie\/#organization"},"potentialAction":[{"@type":"SearchAction","target":{"@type":"EntryPoint","urlTemplate":"https:\/\/kapitalis.com\/tunisie\/?s={search_term_string}"},"query-input":{"@type":"PropertyValueSpecification","valueRequired":true,"valueName":"search_term_string"}}],"inLanguage":"fr-FR"},{"@type":"Organization","@id":"https:\/\/kapitalis.com\/tunisie\/#organization","name":"Kapitalis","url":"https:\/\/kapitalis.com\/tunisie\/","logo":{"@type":"ImageObject","inLanguage":"fr-FR","@id":"https:\/\/kapitalis.com\/tunisie\/#\/schema\/logo\/image\/","url":"https:\/\/kapitalis.com\/tunisie\/wp-content\/uploads\/2022\/05\/Kapitalis-big-size.png","contentUrl":"https:\/\/kapitalis.com\/tunisie\/wp-content\/uploads\/2022\/05\/Kapitalis-big-size.png","width":5000,"height":1500,"caption":"Kapitalis"},"image":{"@id":"https:\/\/kapitalis.com\/tunisie\/#\/schema\/logo\/image\/"},"sameAs":["https:\/\/www.facebook.com\/KapitalisInfo\/","https:\/\/x.com\/KapitalisInfo","https:\/\/www.youtube.com\/channel\/UC-yDYrHyfFBWWZaOw3FPg9Q"]},{"@type":"Person","@id":"https:\/\/kapitalis.com\/tunisie\/#\/schema\/person\/73a5ecc1f6ae540c6ed91342eadca948","name":"Fawz BenAli","url":"https:\/\/kapitalis.com\/tunisie\/author\/fawz\/"}]}},"_links":{"self":[{"href":"https:\/\/kapitalis.com\/tunisie\/wp-json\/wp\/v2\/posts\/2432984","targetHints":{"allow":["GET"]}}],"collection":[{"href":"https:\/\/kapitalis.com\/tunisie\/wp-json\/wp\/v2\/posts"}],"about":[{"href":"https:\/\/kapitalis.com\/tunisie\/wp-json\/wp\/v2\/types\/post"}],"author":[{"embeddable":true,"href":"https:\/\/kapitalis.com\/tunisie\/wp-json\/wp\/v2\/users\/26"}],"replies":[{"embeddable":true,"href":"https:\/\/kapitalis.com\/tunisie\/wp-json\/wp\/v2\/comments?post=2432984"}],"version-history":[{"count":0,"href":"https:\/\/kapitalis.com\/tunisie\/wp-json\/wp\/v2\/posts\/2432984\/revisions"}],"wp:featuredmedia":[{"embeddable":true,"href":"https:\/\/kapitalis.com\/tunisie\/wp-json\/wp\/v2\/media\/2433314"}],"wp:attachment":[{"href":"https:\/\/kapitalis.com\/tunisie\/wp-json\/wp\/v2\/media?parent=2432984"}],"wp:term":[{"taxonomy":"category","embeddable":true,"href":"https:\/\/kapitalis.com\/tunisie\/wp-json\/wp\/v2\/categories?post=2432984"},{"taxonomy":"post_tag","embeddable":true,"href":"https:\/\/kapitalis.com\/tunisie\/wp-json\/wp\/v2\/tags?post=2432984"}],"curies":[{"name":"wp","href":"https:\/\/api.w.org\/{rel}","templated":true}]}}