{"id":24355,"date":"2015-11-10T16:58:13","date_gmt":"2015-11-10T15:58:13","guid":{"rendered":"http:\/\/kapitalis.com\/tunisie\/?p=24355"},"modified":"2015-11-10T17:21:29","modified_gmt":"2015-11-10T16:21:29","slug":"mourad-gharsalli-condamne-a-perpetuite","status":"publish","type":"post","link":"https:\/\/kapitalis.com\/tunisie\/2015\/11\/10\/mourad-gharsalli-condamne-a-perpetuite\/","title":{"rendered":"Terrorisme : Mourad Gharsalli condamn\u00e9 \u00e0 perp\u00e9tuit\u00e9"},"content":{"rendered":"<p><img loading=\"lazy\" decoding=\"async\" class=\"alignnone size-full wp-image-3837 aligncenter\" src=\"http:\/\/kapitalis.com\/tunisie\/wp-content\/uploads\/2015\/06\/Mourad-Gharsalli.jpg\" alt=\"Mourad-Gharsalli\" width=\"626\" height=\"380\" \/><\/p>\n<p><em><strong>Mourad Gharsalli, Mohamed Fethi Hajji et plusieurs autres pr\u00e9venus impliqu\u00e9s dans des affaires terroristes ont \u00e9t\u00e9 condamn\u00e9s \u00e0 perp\u00e9tuit\u00e9.<\/strong> <\/em><br \/>\n<!--more--><\/p>\n<p>Le Tribunal de premi\u00e8re instance de Tunis a condamn\u00e9 \u00e0 perp\u00e9tuit\u00e9, le 3 novembre 2015, Mourad Gharsalli et Mohamed Fethi Hajji, deux membres de la Katiba <span class=\"st\">Okba Ibn Nafa\u00e2, groupe arm\u00e9 relevant d&rsquo;Al-Qaida au Maghreb islamique<\/span> (Asmi), actif dans les r\u00e9gions montagneuses \u00e0la fronti\u00e8re tuniso-alg\u00e9riennes, ainsi que d&rsquo;autres personnes impliqu\u00e9es dans des crimes terroristes.<\/p>\n<p>Les pr\u00e9venus \u00e9taient accus\u00e9s de meurtre avec pr\u00e9m\u00e9ditation et d\u2019apologie de crimes terroristes. Ils ont \u00e9cop\u00e9 d&rsquo;autres peines pour diverses accusations, notamment une condamnation \u00e0 12 ans de prison pour appartenance \u00e0 un groupe terroriste et \u00e0 12 ans encore pour d\u00e9tention d\u2019armes, d\u2019explosifs et de munitions pour le compte d\u2019une organisation terroriste.<\/p>\n<p>Le tribunal a \u00e9galement condamn\u00e9 tous les accus\u00e9s \u00e0 un contr\u00f4le judiciaire durant 5 ans.<\/p>\n<p>A signaler que Mourad Gharsalli a \u00e9t\u00e9 condamn\u00e9 par contumace, alors que des informations du minist\u00e8re de l\u2019Int\u00e9rieur faisaient \u00e9tat de sa mort lors d&rsquo;une op\u00e9ration, le 4 juillet 2015 \u00e0 Gafsa (Jebel Orbata), mais le tribunal n\u2019a pas eu de document de confirmation officielle de cette mort.<\/p>\n<p style=\"text-align: right;\"><strong>A. B. M<\/strong>.<\/p>\n","protected":false},"excerpt":{"rendered":"<p>Mourad Gharsalli, Mohamed Fethi Hajji et plusieurs autres pr\u00e9venus impliqu\u00e9s dans des affaires terroristes ont \u00e9t\u00e9 condamn\u00e9s \u00e0 perp\u00e9tuit\u00e9.<\/p>\n","protected":false},"author":11,"featured_media":0,"comment_status":"open","ping_status":"open","sticky":false,"template":"","format":"standard","meta":{"footnotes":""},"categories":[998,2433],"tags":[2283,1939,5310,899,921],"class_list":["post-24355","post","type-post","status-publish","format-standard","hentry","category-societe","category-tunisie","tag-condamnation","tag-mourad-gharsalli","tag-perpetuite","tag-terroristes","tag-tribunal"],"yoast_head":"<!-- This site is optimized with the Yoast SEO plugin v26.6 - https:\/\/yoast.com\/wordpress\/plugins\/seo\/ -->\n<title>Terrorisme : Mourad Gharsalli condamn\u00e9 \u00e0 perp\u00e9tuit\u00e9 - Kapitalis<\/title>\n<meta name=\"robots\" content=\"index, follow, max-snippet:-1, max-image-preview:large, max-video-preview:-1\" \/>\n<link rel=\"canonical\" href=\"https:\/\/kapitalis.com\/tunisie\/2015\/11\/10\/mourad-gharsalli-condamne-a-perpetuite\/\" \/>\n<meta property=\"og:locale\" content=\"fr_FR\" \/>\n<meta property=\"og:type\" content=\"article\" \/>\n<meta property=\"og:title\" content=\"Terrorisme : Mourad Gharsalli condamn\u00e9 \u00e0 perp\u00e9tuit\u00e9 - Kapitalis\" \/>\n<meta property=\"og:description\" content=\"Mourad Gharsalli, Mohamed Fethi Hajji et plusieurs autres pr\u00e9venus impliqu\u00e9s dans des affaires terroristes ont \u00e9t\u00e9 condamn\u00e9s \u00e0 perp\u00e9tuit\u00e9.\" \/>\n<meta property=\"og:url\" content=\"https:\/\/kapitalis.com\/tunisie\/2015\/11\/10\/mourad-gharsalli-condamne-a-perpetuite\/\" \/>\n<meta property=\"og:site_name\" content=\"Kapitalis\" \/>\n<meta property=\"article:publisher\" content=\"https:\/\/www.facebook.com\/KapitalisInfo\/\" \/>\n<meta property=\"article:published_time\" content=\"2015-11-10T15:58:13+00:00\" \/>\n<meta property=\"article:modified_time\" content=\"2015-11-10T16:21:29+00:00\" \/>\n<meta property=\"og:image\" content=\"http:\/\/kapitalis.com\/tunisie\/wp-content\/uploads\/2015\/06\/Mourad-Gharsalli.jpg\" \/>\n<meta name=\"author\" content=\"benmansour3 benmansour\" \/>\n<meta name=\"twitter:card\" content=\"summary_large_image\" \/>\n<meta name=\"twitter:creator\" content=\"@KapitalisInfo\" \/>\n<meta name=\"twitter:site\" content=\"@KapitalisInfo\" \/>\n<meta name=\"twitter:label1\" content=\"\u00c9crit par\" \/>\n\t<meta name=\"twitter:data1\" content=\"benmansour3 benmansour\" \/>\n\t<meta name=\"twitter:label2\" content=\"Dur\u00e9e de lecture estim\u00e9e\" \/>\n\t<meta name=\"twitter:data2\" content=\"1 minute\" \/>\n<script type=\"application\/ld+json\" class=\"yoast-schema-graph\">{\"@context\":\"https:\/\/schema.org\",\"@graph\":[{\"@type\":\"Article\",\"@id\":\"https:\/\/kapitalis.com\/tunisie\/2015\/11\/10\/mourad-gharsalli-condamne-a-perpetuite\/#article\",\"isPartOf\":{\"@id\":\"https:\/\/kapitalis.com\/tunisie\/2015\/11\/10\/mourad-gharsalli-condamne-a-perpetuite\/\"},\"author\":{\"name\":\"benmansour3 benmansour\",\"@id\":\"https:\/\/kapitalis.com\/tunisie\/#\/schema\/person\/035372e645ad321edc01006468cd4c8b\"},\"headline\":\"Terrorisme : Mourad Gharsalli condamn\u00e9 \u00e0 perp\u00e9tuit\u00e9\",\"datePublished\":\"2015-11-10T15:58:13+00:00\",\"dateModified\":\"2015-11-10T16:21:29+00:00\",\"mainEntityOfPage\":{\"@id\":\"https:\/\/kapitalis.com\/tunisie\/2015\/11\/10\/mourad-gharsalli-condamne-a-perpetuite\/\"},\"wordCount\":210,\"commentCount\":0,\"publisher\":{\"@id\":\"https:\/\/kapitalis.com\/tunisie\/#organization\"},\"image\":{\"@id\":\"https:\/\/kapitalis.com\/tunisie\/2015\/11\/10\/mourad-gharsalli-condamne-a-perpetuite\/#primaryimage\"},\"thumbnailUrl\":\"http:\/\/kapitalis.com\/tunisie\/wp-content\/uploads\/2015\/06\/Mourad-Gharsalli.jpg\",\"keywords\":[\"condamnation\",\"Mourad Gharsalli\",\"perp\u00e9tuit\u00e9\",\"terroristes\",\"tribunal\"],\"articleSection\":[\"SOCIETE\",\"Tunisie\"],\"inLanguage\":\"fr-FR\",\"potentialAction\":[{\"@type\":\"CommentAction\",\"name\":\"Comment\",\"target\":[\"https:\/\/kapitalis.com\/tunisie\/2015\/11\/10\/mourad-gharsalli-condamne-a-perpetuite\/#respond\"]}]},{\"@type\":\"WebPage\",\"@id\":\"https:\/\/kapitalis.com\/tunisie\/2015\/11\/10\/mourad-gharsalli-condamne-a-perpetuite\/\",\"url\":\"https:\/\/kapitalis.com\/tunisie\/2015\/11\/10\/mourad-gharsalli-condamne-a-perpetuite\/\",\"name\":\"Terrorisme : Mourad Gharsalli condamn\u00e9 \u00e0 perp\u00e9tuit\u00e9 - Kapitalis\",\"isPartOf\":{\"@id\":\"https:\/\/kapitalis.com\/tunisie\/#website\"},\"primaryImageOfPage\":{\"@id\":\"https:\/\/kapitalis.com\/tunisie\/2015\/11\/10\/mourad-gharsalli-condamne-a-perpetuite\/#primaryimage\"},\"image\":{\"@id\":\"https:\/\/kapitalis.com\/tunisie\/2015\/11\/10\/mourad-gharsalli-condamne-a-perpetuite\/#primaryimage\"},\"thumbnailUrl\":\"http:\/\/kapitalis.com\/tunisie\/wp-content\/uploads\/2015\/06\/Mourad-Gharsalli.jpg\",\"datePublished\":\"2015-11-10T15:58:13+00:00\",\"dateModified\":\"2015-11-10T16:21:29+00:00\",\"breadcrumb\":{\"@id\":\"https:\/\/kapitalis.com\/tunisie\/2015\/11\/10\/mourad-gharsalli-condamne-a-perpetuite\/#breadcrumb\"},\"inLanguage\":\"fr-FR\",\"potentialAction\":[{\"@type\":\"ReadAction\",\"target\":[\"https:\/\/kapitalis.com\/tunisie\/2015\/11\/10\/mourad-gharsalli-condamne-a-perpetuite\/\"]}]},{\"@type\":\"ImageObject\",\"inLanguage\":\"fr-FR\",\"@id\":\"https:\/\/kapitalis.com\/tunisie\/2015\/11\/10\/mourad-gharsalli-condamne-a-perpetuite\/#primaryimage\",\"url\":\"http:\/\/kapitalis.com\/tunisie\/wp-content\/uploads\/2015\/06\/Mourad-Gharsalli.jpg\",\"contentUrl\":\"http:\/\/kapitalis.com\/tunisie\/wp-content\/uploads\/2015\/06\/Mourad-Gharsalli.jpg\"},{\"@type\":\"BreadcrumbList\",\"@id\":\"https:\/\/kapitalis.com\/tunisie\/2015\/11\/10\/mourad-gharsalli-condamne-a-perpetuite\/#breadcrumb\",\"itemListElement\":[{\"@type\":\"ListItem\",\"position\":1,\"name\":\"Accueil\",\"item\":\"https:\/\/kapitalis.com\/tunisie\/\"},{\"@type\":\"ListItem\",\"position\":2,\"name\":\"Terrorisme : Mourad Gharsalli condamn\u00e9 \u00e0 perp\u00e9tuit\u00e9\"}]},{\"@type\":\"WebSite\",\"@id\":\"https:\/\/kapitalis.com\/tunisie\/#website\",\"url\":\"https:\/\/kapitalis.com\/tunisie\/\",\"name\":\"Kapitalis\",\"description\":\"L&#039;actualit\u00e9 en Tunisie et dans le monde\",\"publisher\":{\"@id\":\"https:\/\/kapitalis.com\/tunisie\/#organization\"},\"potentialAction\":[{\"@type\":\"SearchAction\",\"target\":{\"@type\":\"EntryPoint\",\"urlTemplate\":\"https:\/\/kapitalis.com\/tunisie\/?s={search_term_string}\"},\"query-input\":{\"@type\":\"PropertyValueSpecification\",\"valueRequired\":true,\"valueName\":\"search_term_string\"}}],\"inLanguage\":\"fr-FR\"},{\"@type\":\"Organization\",\"@id\":\"https:\/\/kapitalis.com\/tunisie\/#organization\",\"name\":\"Kapitalis\",\"url\":\"https:\/\/kapitalis.com\/tunisie\/\",\"logo\":{\"@type\":\"ImageObject\",\"inLanguage\":\"fr-FR\",\"@id\":\"https:\/\/kapitalis.com\/tunisie\/#\/schema\/logo\/image\/\",\"url\":\"https:\/\/kapitalis.com\/tunisie\/wp-content\/uploads\/2022\/05\/Kapitalis-big-size.png\",\"contentUrl\":\"https:\/\/kapitalis.com\/tunisie\/wp-content\/uploads\/2022\/05\/Kapitalis-big-size.png\",\"width\":5000,\"height\":1500,\"caption\":\"Kapitalis\"},\"image\":{\"@id\":\"https:\/\/kapitalis.com\/tunisie\/#\/schema\/logo\/image\/\"},\"sameAs\":[\"https:\/\/www.facebook.com\/KapitalisInfo\/\",\"https:\/\/x.com\/KapitalisInfo\",\"https:\/\/www.youtube.com\/channel\/UC-yDYrHyfFBWWZaOw3FPg9Q\"]},{\"@type\":\"Person\",\"@id\":\"https:\/\/kapitalis.com\/tunisie\/#\/schema\/person\/035372e645ad321edc01006468cd4c8b\",\"name\":\"benmansour3 benmansour\",\"url\":\"https:\/\/kapitalis.com\/tunisie\/author\/benmansour3\/\"}]}<\/script>\n<!-- \/ Yoast SEO plugin. -->","yoast_head_json":{"title":"Terrorisme : Mourad Gharsalli condamn\u00e9 \u00e0 perp\u00e9tuit\u00e9 - Kapitalis","robots":{"index":"index","follow":"follow","max-snippet":"max-snippet:-1","max-image-preview":"max-image-preview:large","max-video-preview":"max-video-preview:-1"},"canonical":"https:\/\/kapitalis.com\/tunisie\/2015\/11\/10\/mourad-gharsalli-condamne-a-perpetuite\/","og_locale":"fr_FR","og_type":"article","og_title":"Terrorisme : Mourad Gharsalli condamn\u00e9 \u00e0 perp\u00e9tuit\u00e9 - Kapitalis","og_description":"Mourad Gharsalli, Mohamed Fethi Hajji et plusieurs autres pr\u00e9venus impliqu\u00e9s dans des affaires terroristes ont \u00e9t\u00e9 condamn\u00e9s \u00e0 perp\u00e9tuit\u00e9.","og_url":"https:\/\/kapitalis.com\/tunisie\/2015\/11\/10\/mourad-gharsalli-condamne-a-perpetuite\/","og_site_name":"Kapitalis","article_publisher":"https:\/\/www.facebook.com\/KapitalisInfo\/","article_published_time":"2015-11-10T15:58:13+00:00","article_modified_time":"2015-11-10T16:21:29+00:00","og_image":[{"url":"http:\/\/kapitalis.com\/tunisie\/wp-content\/uploads\/2015\/06\/Mourad-Gharsalli.jpg","type":"","width":"","height":""}],"author":"benmansour3 benmansour","twitter_card":"summary_large_image","twitter_creator":"@KapitalisInfo","twitter_site":"@KapitalisInfo","twitter_misc":{"\u00c9crit par":"benmansour3 benmansour","Dur\u00e9e de lecture estim\u00e9e":"1 minute"},"schema":{"@context":"https:\/\/schema.org","@graph":[{"@type":"Article","@id":"https:\/\/kapitalis.com\/tunisie\/2015\/11\/10\/mourad-gharsalli-condamne-a-perpetuite\/#article","isPartOf":{"@id":"https:\/\/kapitalis.com\/tunisie\/2015\/11\/10\/mourad-gharsalli-condamne-a-perpetuite\/"},"author":{"name":"benmansour3 benmansour","@id":"https:\/\/kapitalis.com\/tunisie\/#\/schema\/person\/035372e645ad321edc01006468cd4c8b"},"headline":"Terrorisme : Mourad Gharsalli condamn\u00e9 \u00e0 perp\u00e9tuit\u00e9","datePublished":"2015-11-10T15:58:13+00:00","dateModified":"2015-11-10T16:21:29+00:00","mainEntityOfPage":{"@id":"https:\/\/kapitalis.com\/tunisie\/2015\/11\/10\/mourad-gharsalli-condamne-a-perpetuite\/"},"wordCount":210,"commentCount":0,"publisher":{"@id":"https:\/\/kapitalis.com\/tunisie\/#organization"},"image":{"@id":"https:\/\/kapitalis.com\/tunisie\/2015\/11\/10\/mourad-gharsalli-condamne-a-perpetuite\/#primaryimage"},"thumbnailUrl":"http:\/\/kapitalis.com\/tunisie\/wp-content\/uploads\/2015\/06\/Mourad-Gharsalli.jpg","keywords":["condamnation","Mourad Gharsalli","perp\u00e9tuit\u00e9","terroristes","tribunal"],"articleSection":["SOCIETE","Tunisie"],"inLanguage":"fr-FR","potentialAction":[{"@type":"CommentAction","name":"Comment","target":["https:\/\/kapitalis.com\/tunisie\/2015\/11\/10\/mourad-gharsalli-condamne-a-perpetuite\/#respond"]}]},{"@type":"WebPage","@id":"https:\/\/kapitalis.com\/tunisie\/2015\/11\/10\/mourad-gharsalli-condamne-a-perpetuite\/","url":"https:\/\/kapitalis.com\/tunisie\/2015\/11\/10\/mourad-gharsalli-condamne-a-perpetuite\/","name":"Terrorisme : Mourad Gharsalli condamn\u00e9 \u00e0 perp\u00e9tuit\u00e9 - Kapitalis","isPartOf":{"@id":"https:\/\/kapitalis.com\/tunisie\/#website"},"primaryImageOfPage":{"@id":"https:\/\/kapitalis.com\/tunisie\/2015\/11\/10\/mourad-gharsalli-condamne-a-perpetuite\/#primaryimage"},"image":{"@id":"https:\/\/kapitalis.com\/tunisie\/2015\/11\/10\/mourad-gharsalli-condamne-a-perpetuite\/#primaryimage"},"thumbnailUrl":"http:\/\/kapitalis.com\/tunisie\/wp-content\/uploads\/2015\/06\/Mourad-Gharsalli.jpg","datePublished":"2015-11-10T15:58:13+00:00","dateModified":"2015-11-10T16:21:29+00:00","breadcrumb":{"@id":"https:\/\/kapitalis.com\/tunisie\/2015\/11\/10\/mourad-gharsalli-condamne-a-perpetuite\/#breadcrumb"},"inLanguage":"fr-FR","potentialAction":[{"@type":"ReadAction","target":["https:\/\/kapitalis.com\/tunisie\/2015\/11\/10\/mourad-gharsalli-condamne-a-perpetuite\/"]}]},{"@type":"ImageObject","inLanguage":"fr-FR","@id":"https:\/\/kapitalis.com\/tunisie\/2015\/11\/10\/mourad-gharsalli-condamne-a-perpetuite\/#primaryimage","url":"http:\/\/kapitalis.com\/tunisie\/wp-content\/uploads\/2015\/06\/Mourad-Gharsalli.jpg","contentUrl":"http:\/\/kapitalis.com\/tunisie\/wp-content\/uploads\/2015\/06\/Mourad-Gharsalli.jpg"},{"@type":"BreadcrumbList","@id":"https:\/\/kapitalis.com\/tunisie\/2015\/11\/10\/mourad-gharsalli-condamne-a-perpetuite\/#breadcrumb","itemListElement":[{"@type":"ListItem","position":1,"name":"Accueil","item":"https:\/\/kapitalis.com\/tunisie\/"},{"@type":"ListItem","position":2,"name":"Terrorisme : Mourad Gharsalli condamn\u00e9 \u00e0 perp\u00e9tuit\u00e9"}]},{"@type":"WebSite","@id":"https:\/\/kapitalis.com\/tunisie\/#website","url":"https:\/\/kapitalis.com\/tunisie\/","name":"Kapitalis","description":"L&#039;actualit\u00e9 en Tunisie et dans le monde","publisher":{"@id":"https:\/\/kapitalis.com\/tunisie\/#organization"},"potentialAction":[{"@type":"SearchAction","target":{"@type":"EntryPoint","urlTemplate":"https:\/\/kapitalis.com\/tunisie\/?s={search_term_string}"},"query-input":{"@type":"PropertyValueSpecification","valueRequired":true,"valueName":"search_term_string"}}],"inLanguage":"fr-FR"},{"@type":"Organization","@id":"https:\/\/kapitalis.com\/tunisie\/#organization","name":"Kapitalis","url":"https:\/\/kapitalis.com\/tunisie\/","logo":{"@type":"ImageObject","inLanguage":"fr-FR","@id":"https:\/\/kapitalis.com\/tunisie\/#\/schema\/logo\/image\/","url":"https:\/\/kapitalis.com\/tunisie\/wp-content\/uploads\/2022\/05\/Kapitalis-big-size.png","contentUrl":"https:\/\/kapitalis.com\/tunisie\/wp-content\/uploads\/2022\/05\/Kapitalis-big-size.png","width":5000,"height":1500,"caption":"Kapitalis"},"image":{"@id":"https:\/\/kapitalis.com\/tunisie\/#\/schema\/logo\/image\/"},"sameAs":["https:\/\/www.facebook.com\/KapitalisInfo\/","https:\/\/x.com\/KapitalisInfo","https:\/\/www.youtube.com\/channel\/UC-yDYrHyfFBWWZaOw3FPg9Q"]},{"@type":"Person","@id":"https:\/\/kapitalis.com\/tunisie\/#\/schema\/person\/035372e645ad321edc01006468cd4c8b","name":"benmansour3 benmansour","url":"https:\/\/kapitalis.com\/tunisie\/author\/benmansour3\/"}]}},"_links":{"self":[{"href":"https:\/\/kapitalis.com\/tunisie\/wp-json\/wp\/v2\/posts\/24355","targetHints":{"allow":["GET"]}}],"collection":[{"href":"https:\/\/kapitalis.com\/tunisie\/wp-json\/wp\/v2\/posts"}],"about":[{"href":"https:\/\/kapitalis.com\/tunisie\/wp-json\/wp\/v2\/types\/post"}],"author":[{"embeddable":true,"href":"https:\/\/kapitalis.com\/tunisie\/wp-json\/wp\/v2\/users\/11"}],"replies":[{"embeddable":true,"href":"https:\/\/kapitalis.com\/tunisie\/wp-json\/wp\/v2\/comments?post=24355"}],"version-history":[{"count":0,"href":"https:\/\/kapitalis.com\/tunisie\/wp-json\/wp\/v2\/posts\/24355\/revisions"}],"wp:attachment":[{"href":"https:\/\/kapitalis.com\/tunisie\/wp-json\/wp\/v2\/media?parent=24355"}],"wp:term":[{"taxonomy":"category","embeddable":true,"href":"https:\/\/kapitalis.com\/tunisie\/wp-json\/wp\/v2\/categories?post=24355"},{"taxonomy":"post_tag","embeddable":true,"href":"https:\/\/kapitalis.com\/tunisie\/wp-json\/wp\/v2\/tags?post=24355"}],"curies":[{"name":"wp","href":"https:\/\/api.w.org\/{rel}","templated":true}]}}