{"id":243720,"date":"2019-09-30T11:53:56","date_gmt":"2019-09-30T10:53:56","guid":{"rendered":"http:\/\/kapitalis.com\/tunisie\/?p=243720"},"modified":"2019-09-30T13:39:55","modified_gmt":"2019-09-30T12:39:55","slug":"report-de-laffaire-cactus-prod-au-mois-de-novembre","status":"publish","type":"post","link":"https:\/\/kapitalis.com\/tunisie\/2019\/09\/30\/report-de-laffaire-cactus-prod-au-mois-de-novembre\/","title":{"rendered":"L&rsquo;affaire Sami Fehri et Cactus Prod a \u00e9t\u00e9 report\u00e9e au mois de novembre"},"content":{"rendered":"\n<figure class=\"wp-block-image\"><img decoding=\"async\" src=\"http:\/\/kapitalis.com\/tunisie\/wp-content\/uploads\/2018\/04\/Cactus-prod-Sami-Fehri.jpg\" alt=\"\" class=\"wp-image-150571\"\/><\/figure>\n\n\n\n<p><strong><em>La chambre p\u00e9nale sp\u00e9cialis\u00e9e dans l\u2019examen des affaires de corruption financi\u00e8re pr\u00e8s du pole judiciaire et financier \u00e0 Tunis a d\u00e9cid\u00e9, aujourd&rsquo;hui, 30 septembre 2019, de reporter, \u00e0 la premi\u00e8re semaine du mois de novembre<\/em><\/strong> <strong><em>prochain<\/em><\/strong>, <strong><em>l&rsquo;examen de l&rsquo;affaire qui concerne Cactus Prod et Sami Fehri, d\u00e9pos\u00e9e par la t\u00e9l\u00e9vision nationale en 2011.<\/em><\/strong><\/p>\n\n\n\n<!--more-->\n\n\n\n<p>Ce report a \u00e9t\u00e9 justifi\u00e9 par le retard accus\u00e9 dans l\u2019\u00e9laboration du rapport final d\u00e9terminant la valeur des pertes subies par la t\u00e9l\u00e9vision nationale. <\/p>\n\n\n\n<p>Notons, par ailleurs, que plusieurs personnalit\u00e9s impliqu\u00e9es dans cette affaire ont comparu devant le juge d\u2019instruction, dont le principal int\u00e9ress\u00e9 et propri\u00e9taire de la cha\u00eene El Hiwar Ettounsi, Samir Fehri, l&rsquo;ancien ministre des Affaires \u00e9trang\u00e8res (2005-2010) Abdelwaheb Abdallah, et les 5 ex-directeurs g\u00e9n\u00e9raux de la t\u00e9l\u00e9vision nationale, Mohamed Fehri Chelbi, Moncef Gouja, Mustapha Khammari, Ibrahim Fridhi et Hedi Nasra. <\/p>\n\n\n\n<p>Impliqu\u00e9 lui aussi dans cette affaire, Belhassen Trabelsi, beau-fr\u00e8re de l&rsquo;ancien pr\u00e9sident Zine El-Abidine Ben Ali et associ\u00e9 de Sami Fehri dans Cactus Prod, soci\u00e9t\u00e9 confisqu\u00e9e par l&rsquo;Etat apr\u00e8s la chute de l&rsquo;ancien r\u00e9gime, n&rsquo;a pas comparu, quant \u00e0 lui, car il est en fuite \u00e0 l&rsquo;\u00e9tranger depuis le 14 janvier 2011. Il est m\u00eame en prison \u00e0 Marseille dans une autre affaire de blanchiment d&rsquo;argent.  <\/p>\n\n\n\n<p style=\"text-align:right\"><strong>C. B. Y.<\/strong><\/p>\n","protected":false},"excerpt":{"rendered":"<p>La chambre p\u00e9nale sp\u00e9cialis\u00e9e dans l\u2019examen des affaires de corruption financi\u00e8re pr\u00e8s du pole judiciaire et financier \u00e0 Tunis a d\u00e9cid\u00e9, aujourd&rsquo;hui, 30 septembre 2019, de reporter, \u00e0 la premi\u00e8re semaine du mois de novembre prochain, l&rsquo;examen de l&rsquo;affaire qui concerne Cactus Prod et Sami Fehri, d\u00e9pos\u00e9e par la t\u00e9l\u00e9vision nationale en 2011.<\/p>\n","protected":false},"author":24,"featured_media":0,"comment_status":"open","ping_status":"open","sticky":false,"template":"","format":"standard","meta":{"footnotes":""},"categories":[996,2433],"tags":[65537,1791,5532,310,3348,2939],"class_list":["post-243720","post","type-post","status-publish","format-standard","hentry","category-media","category-tunisie","tag-abdelwaheb-abdallah","tag-belhassen-trabelsi","tag-cactus-prod","tag-el-hiwar-ettounsi","tag-sami-fehri","tag-television-nationale"],"yoast_head":"<!-- This site is optimized with the Yoast SEO plugin v26.6 - https:\/\/yoast.com\/wordpress\/plugins\/seo\/ -->\n<title>L&#039;affaire Sami Fehri et Cactus Prod a \u00e9t\u00e9 report\u00e9e au mois de novembre - Kapitalis<\/title>\n<meta name=\"robots\" content=\"index, follow, max-snippet:-1, max-image-preview:large, max-video-preview:-1\" \/>\n<link rel=\"canonical\" href=\"https:\/\/kapitalis.com\/tunisie\/2019\/09\/30\/report-de-laffaire-cactus-prod-au-mois-de-novembre\/\" \/>\n<meta property=\"og:locale\" content=\"fr_FR\" \/>\n<meta property=\"og:type\" content=\"article\" \/>\n<meta property=\"og:title\" content=\"L&#039;affaire Sami Fehri et Cactus Prod a \u00e9t\u00e9 report\u00e9e au mois de novembre - Kapitalis\" \/>\n<meta property=\"og:description\" content=\"La chambre p\u00e9nale sp\u00e9cialis\u00e9e dans l\u2019examen des affaires de corruption financi\u00e8re pr\u00e8s du pole judiciaire et financier \u00e0 Tunis a d\u00e9cid\u00e9, aujourd&rsquo;hui, 30 septembre 2019, de reporter, \u00e0 la premi\u00e8re semaine du mois de novembre prochain, l&rsquo;examen de l&rsquo;affaire qui concerne Cactus Prod et Sami Fehri, d\u00e9pos\u00e9e par la t\u00e9l\u00e9vision nationale en 2011.\" \/>\n<meta property=\"og:url\" content=\"https:\/\/kapitalis.com\/tunisie\/2019\/09\/30\/report-de-laffaire-cactus-prod-au-mois-de-novembre\/\" \/>\n<meta property=\"og:site_name\" content=\"Kapitalis\" \/>\n<meta property=\"article:publisher\" content=\"https:\/\/www.facebook.com\/KapitalisInfo\/\" \/>\n<meta property=\"article:published_time\" content=\"2019-09-30T10:53:56+00:00\" \/>\n<meta property=\"article:modified_time\" content=\"2019-09-30T12:39:55+00:00\" \/>\n<meta property=\"og:image\" content=\"http:\/\/kapitalis.com\/tunisie\/wp-content\/uploads\/2018\/04\/Cactus-prod-Sami-Fehri.jpg\" \/>\n<meta name=\"author\" content=\"Cherif Benyounes\" \/>\n<meta name=\"twitter:card\" content=\"summary_large_image\" \/>\n<meta name=\"twitter:creator\" content=\"@KapitalisInfo\" \/>\n<meta name=\"twitter:site\" content=\"@KapitalisInfo\" \/>\n<meta name=\"twitter:label1\" content=\"\u00c9crit par\" \/>\n\t<meta name=\"twitter:data1\" content=\"Cherif Benyounes\" \/>\n\t<meta name=\"twitter:label2\" content=\"Dur\u00e9e de lecture estim\u00e9e\" \/>\n\t<meta name=\"twitter:data2\" content=\"1 minute\" \/>\n<script type=\"application\/ld+json\" class=\"yoast-schema-graph\">{\"@context\":\"https:\/\/schema.org\",\"@graph\":[{\"@type\":\"Article\",\"@id\":\"https:\/\/kapitalis.com\/tunisie\/2019\/09\/30\/report-de-laffaire-cactus-prod-au-mois-de-novembre\/#article\",\"isPartOf\":{\"@id\":\"https:\/\/kapitalis.com\/tunisie\/2019\/09\/30\/report-de-laffaire-cactus-prod-au-mois-de-novembre\/\"},\"author\":{\"name\":\"Cherif Benyounes\",\"@id\":\"https:\/\/kapitalis.com\/tunisie\/#\/schema\/person\/b35b8d631961131107263178aeb8019e\"},\"headline\":\"L&rsquo;affaire Sami Fehri et Cactus Prod a \u00e9t\u00e9 report\u00e9e au mois de novembre\",\"datePublished\":\"2019-09-30T10:53:56+00:00\",\"dateModified\":\"2019-09-30T12:39:55+00:00\",\"mainEntityOfPage\":{\"@id\":\"https:\/\/kapitalis.com\/tunisie\/2019\/09\/30\/report-de-laffaire-cactus-prod-au-mois-de-novembre\/\"},\"wordCount\":243,\"commentCount\":1,\"publisher\":{\"@id\":\"https:\/\/kapitalis.com\/tunisie\/#organization\"},\"image\":{\"@id\":\"https:\/\/kapitalis.com\/tunisie\/2019\/09\/30\/report-de-laffaire-cactus-prod-au-mois-de-novembre\/#primaryimage\"},\"thumbnailUrl\":\"http:\/\/kapitalis.com\/tunisie\/wp-content\/uploads\/2018\/04\/Cactus-prod-Sami-Fehri.jpg\",\"keywords\":[\"Abdelwaheb Abdallah\",\"Belhassen Trabelsi\",\"Cactus Prod\",\"El-Hiwar Ettounsi\",\"Sami Fehri\",\"t\u00e9l\u00e9vision nationale\"],\"articleSection\":[\"MEDIA\",\"Tunisie\"],\"inLanguage\":\"fr-FR\",\"potentialAction\":[{\"@type\":\"CommentAction\",\"name\":\"Comment\",\"target\":[\"https:\/\/kapitalis.com\/tunisie\/2019\/09\/30\/report-de-laffaire-cactus-prod-au-mois-de-novembre\/#respond\"]}]},{\"@type\":\"WebPage\",\"@id\":\"https:\/\/kapitalis.com\/tunisie\/2019\/09\/30\/report-de-laffaire-cactus-prod-au-mois-de-novembre\/\",\"url\":\"https:\/\/kapitalis.com\/tunisie\/2019\/09\/30\/report-de-laffaire-cactus-prod-au-mois-de-novembre\/\",\"name\":\"L'affaire Sami Fehri et Cactus Prod a \u00e9t\u00e9 report\u00e9e au mois de novembre - Kapitalis\",\"isPartOf\":{\"@id\":\"https:\/\/kapitalis.com\/tunisie\/#website\"},\"primaryImageOfPage\":{\"@id\":\"https:\/\/kapitalis.com\/tunisie\/2019\/09\/30\/report-de-laffaire-cactus-prod-au-mois-de-novembre\/#primaryimage\"},\"image\":{\"@id\":\"https:\/\/kapitalis.com\/tunisie\/2019\/09\/30\/report-de-laffaire-cactus-prod-au-mois-de-novembre\/#primaryimage\"},\"thumbnailUrl\":\"http:\/\/kapitalis.com\/tunisie\/wp-content\/uploads\/2018\/04\/Cactus-prod-Sami-Fehri.jpg\",\"datePublished\":\"2019-09-30T10:53:56+00:00\",\"dateModified\":\"2019-09-30T12:39:55+00:00\",\"breadcrumb\":{\"@id\":\"https:\/\/kapitalis.com\/tunisie\/2019\/09\/30\/report-de-laffaire-cactus-prod-au-mois-de-novembre\/#breadcrumb\"},\"inLanguage\":\"fr-FR\",\"potentialAction\":[{\"@type\":\"ReadAction\",\"target\":[\"https:\/\/kapitalis.com\/tunisie\/2019\/09\/30\/report-de-laffaire-cactus-prod-au-mois-de-novembre\/\"]}]},{\"@type\":\"ImageObject\",\"inLanguage\":\"fr-FR\",\"@id\":\"https:\/\/kapitalis.com\/tunisie\/2019\/09\/30\/report-de-laffaire-cactus-prod-au-mois-de-novembre\/#primaryimage\",\"url\":\"http:\/\/kapitalis.com\/tunisie\/wp-content\/uploads\/2018\/04\/Cactus-prod-Sami-Fehri.jpg\",\"contentUrl\":\"http:\/\/kapitalis.com\/tunisie\/wp-content\/uploads\/2018\/04\/Cactus-prod-Sami-Fehri.jpg\"},{\"@type\":\"BreadcrumbList\",\"@id\":\"https:\/\/kapitalis.com\/tunisie\/2019\/09\/30\/report-de-laffaire-cactus-prod-au-mois-de-novembre\/#breadcrumb\",\"itemListElement\":[{\"@type\":\"ListItem\",\"position\":1,\"name\":\"Accueil\",\"item\":\"https:\/\/kapitalis.com\/tunisie\/\"},{\"@type\":\"ListItem\",\"position\":2,\"name\":\"L&rsquo;affaire Sami Fehri et Cactus Prod a \u00e9t\u00e9 report\u00e9e au mois de novembre\"}]},{\"@type\":\"WebSite\",\"@id\":\"https:\/\/kapitalis.com\/tunisie\/#website\",\"url\":\"https:\/\/kapitalis.com\/tunisie\/\",\"name\":\"Kapitalis\",\"description\":\"L&#039;actualit\u00e9 en Tunisie et dans le monde\",\"publisher\":{\"@id\":\"https:\/\/kapitalis.com\/tunisie\/#organization\"},\"potentialAction\":[{\"@type\":\"SearchAction\",\"target\":{\"@type\":\"EntryPoint\",\"urlTemplate\":\"https:\/\/kapitalis.com\/tunisie\/?s={search_term_string}\"},\"query-input\":{\"@type\":\"PropertyValueSpecification\",\"valueRequired\":true,\"valueName\":\"search_term_string\"}}],\"inLanguage\":\"fr-FR\"},{\"@type\":\"Organization\",\"@id\":\"https:\/\/kapitalis.com\/tunisie\/#organization\",\"name\":\"Kapitalis\",\"url\":\"https:\/\/kapitalis.com\/tunisie\/\",\"logo\":{\"@type\":\"ImageObject\",\"inLanguage\":\"fr-FR\",\"@id\":\"https:\/\/kapitalis.com\/tunisie\/#\/schema\/logo\/image\/\",\"url\":\"https:\/\/kapitalis.com\/tunisie\/wp-content\/uploads\/2022\/05\/Kapitalis-big-size.png\",\"contentUrl\":\"https:\/\/kapitalis.com\/tunisie\/wp-content\/uploads\/2022\/05\/Kapitalis-big-size.png\",\"width\":5000,\"height\":1500,\"caption\":\"Kapitalis\"},\"image\":{\"@id\":\"https:\/\/kapitalis.com\/tunisie\/#\/schema\/logo\/image\/\"},\"sameAs\":[\"https:\/\/www.facebook.com\/KapitalisInfo\/\",\"https:\/\/x.com\/KapitalisInfo\",\"https:\/\/www.youtube.com\/channel\/UC-yDYrHyfFBWWZaOw3FPg9Q\"]},{\"@type\":\"Person\",\"@id\":\"https:\/\/kapitalis.com\/tunisie\/#\/schema\/person\/b35b8d631961131107263178aeb8019e\",\"name\":\"Cherif Benyounes\",\"url\":\"https:\/\/kapitalis.com\/tunisie\/author\/cherif\/\"}]}<\/script>\n<!-- \/ Yoast SEO plugin. -->","yoast_head_json":{"title":"L'affaire Sami Fehri et Cactus Prod a \u00e9t\u00e9 report\u00e9e au mois de novembre - Kapitalis","robots":{"index":"index","follow":"follow","max-snippet":"max-snippet:-1","max-image-preview":"max-image-preview:large","max-video-preview":"max-video-preview:-1"},"canonical":"https:\/\/kapitalis.com\/tunisie\/2019\/09\/30\/report-de-laffaire-cactus-prod-au-mois-de-novembre\/","og_locale":"fr_FR","og_type":"article","og_title":"L'affaire Sami Fehri et Cactus Prod a \u00e9t\u00e9 report\u00e9e au mois de novembre - Kapitalis","og_description":"La chambre p\u00e9nale sp\u00e9cialis\u00e9e dans l\u2019examen des affaires de corruption financi\u00e8re pr\u00e8s du pole judiciaire et financier \u00e0 Tunis a d\u00e9cid\u00e9, aujourd&rsquo;hui, 30 septembre 2019, de reporter, \u00e0 la premi\u00e8re semaine du mois de novembre prochain, l&rsquo;examen de l&rsquo;affaire qui concerne Cactus Prod et Sami Fehri, d\u00e9pos\u00e9e par la t\u00e9l\u00e9vision nationale en 2011.","og_url":"https:\/\/kapitalis.com\/tunisie\/2019\/09\/30\/report-de-laffaire-cactus-prod-au-mois-de-novembre\/","og_site_name":"Kapitalis","article_publisher":"https:\/\/www.facebook.com\/KapitalisInfo\/","article_published_time":"2019-09-30T10:53:56+00:00","article_modified_time":"2019-09-30T12:39:55+00:00","og_image":[{"url":"http:\/\/kapitalis.com\/tunisie\/wp-content\/uploads\/2018\/04\/Cactus-prod-Sami-Fehri.jpg","type":"","width":"","height":""}],"author":"Cherif Benyounes","twitter_card":"summary_large_image","twitter_creator":"@KapitalisInfo","twitter_site":"@KapitalisInfo","twitter_misc":{"\u00c9crit par":"Cherif Benyounes","Dur\u00e9e de lecture estim\u00e9e":"1 minute"},"schema":{"@context":"https:\/\/schema.org","@graph":[{"@type":"Article","@id":"https:\/\/kapitalis.com\/tunisie\/2019\/09\/30\/report-de-laffaire-cactus-prod-au-mois-de-novembre\/#article","isPartOf":{"@id":"https:\/\/kapitalis.com\/tunisie\/2019\/09\/30\/report-de-laffaire-cactus-prod-au-mois-de-novembre\/"},"author":{"name":"Cherif Benyounes","@id":"https:\/\/kapitalis.com\/tunisie\/#\/schema\/person\/b35b8d631961131107263178aeb8019e"},"headline":"L&rsquo;affaire Sami Fehri et Cactus Prod a \u00e9t\u00e9 report\u00e9e au mois de novembre","datePublished":"2019-09-30T10:53:56+00:00","dateModified":"2019-09-30T12:39:55+00:00","mainEntityOfPage":{"@id":"https:\/\/kapitalis.com\/tunisie\/2019\/09\/30\/report-de-laffaire-cactus-prod-au-mois-de-novembre\/"},"wordCount":243,"commentCount":1,"publisher":{"@id":"https:\/\/kapitalis.com\/tunisie\/#organization"},"image":{"@id":"https:\/\/kapitalis.com\/tunisie\/2019\/09\/30\/report-de-laffaire-cactus-prod-au-mois-de-novembre\/#primaryimage"},"thumbnailUrl":"http:\/\/kapitalis.com\/tunisie\/wp-content\/uploads\/2018\/04\/Cactus-prod-Sami-Fehri.jpg","keywords":["Abdelwaheb Abdallah","Belhassen Trabelsi","Cactus Prod","El-Hiwar Ettounsi","Sami Fehri","t\u00e9l\u00e9vision nationale"],"articleSection":["MEDIA","Tunisie"],"inLanguage":"fr-FR","potentialAction":[{"@type":"CommentAction","name":"Comment","target":["https:\/\/kapitalis.com\/tunisie\/2019\/09\/30\/report-de-laffaire-cactus-prod-au-mois-de-novembre\/#respond"]}]},{"@type":"WebPage","@id":"https:\/\/kapitalis.com\/tunisie\/2019\/09\/30\/report-de-laffaire-cactus-prod-au-mois-de-novembre\/","url":"https:\/\/kapitalis.com\/tunisie\/2019\/09\/30\/report-de-laffaire-cactus-prod-au-mois-de-novembre\/","name":"L'affaire Sami Fehri et Cactus Prod a \u00e9t\u00e9 report\u00e9e au mois de novembre - Kapitalis","isPartOf":{"@id":"https:\/\/kapitalis.com\/tunisie\/#website"},"primaryImageOfPage":{"@id":"https:\/\/kapitalis.com\/tunisie\/2019\/09\/30\/report-de-laffaire-cactus-prod-au-mois-de-novembre\/#primaryimage"},"image":{"@id":"https:\/\/kapitalis.com\/tunisie\/2019\/09\/30\/report-de-laffaire-cactus-prod-au-mois-de-novembre\/#primaryimage"},"thumbnailUrl":"http:\/\/kapitalis.com\/tunisie\/wp-content\/uploads\/2018\/04\/Cactus-prod-Sami-Fehri.jpg","datePublished":"2019-09-30T10:53:56+00:00","dateModified":"2019-09-30T12:39:55+00:00","breadcrumb":{"@id":"https:\/\/kapitalis.com\/tunisie\/2019\/09\/30\/report-de-laffaire-cactus-prod-au-mois-de-novembre\/#breadcrumb"},"inLanguage":"fr-FR","potentialAction":[{"@type":"ReadAction","target":["https:\/\/kapitalis.com\/tunisie\/2019\/09\/30\/report-de-laffaire-cactus-prod-au-mois-de-novembre\/"]}]},{"@type":"ImageObject","inLanguage":"fr-FR","@id":"https:\/\/kapitalis.com\/tunisie\/2019\/09\/30\/report-de-laffaire-cactus-prod-au-mois-de-novembre\/#primaryimage","url":"http:\/\/kapitalis.com\/tunisie\/wp-content\/uploads\/2018\/04\/Cactus-prod-Sami-Fehri.jpg","contentUrl":"http:\/\/kapitalis.com\/tunisie\/wp-content\/uploads\/2018\/04\/Cactus-prod-Sami-Fehri.jpg"},{"@type":"BreadcrumbList","@id":"https:\/\/kapitalis.com\/tunisie\/2019\/09\/30\/report-de-laffaire-cactus-prod-au-mois-de-novembre\/#breadcrumb","itemListElement":[{"@type":"ListItem","position":1,"name":"Accueil","item":"https:\/\/kapitalis.com\/tunisie\/"},{"@type":"ListItem","position":2,"name":"L&rsquo;affaire Sami Fehri et Cactus Prod a \u00e9t\u00e9 report\u00e9e au mois de novembre"}]},{"@type":"WebSite","@id":"https:\/\/kapitalis.com\/tunisie\/#website","url":"https:\/\/kapitalis.com\/tunisie\/","name":"Kapitalis","description":"L&#039;actualit\u00e9 en Tunisie et dans le monde","publisher":{"@id":"https:\/\/kapitalis.com\/tunisie\/#organization"},"potentialAction":[{"@type":"SearchAction","target":{"@type":"EntryPoint","urlTemplate":"https:\/\/kapitalis.com\/tunisie\/?s={search_term_string}"},"query-input":{"@type":"PropertyValueSpecification","valueRequired":true,"valueName":"search_term_string"}}],"inLanguage":"fr-FR"},{"@type":"Organization","@id":"https:\/\/kapitalis.com\/tunisie\/#organization","name":"Kapitalis","url":"https:\/\/kapitalis.com\/tunisie\/","logo":{"@type":"ImageObject","inLanguage":"fr-FR","@id":"https:\/\/kapitalis.com\/tunisie\/#\/schema\/logo\/image\/","url":"https:\/\/kapitalis.com\/tunisie\/wp-content\/uploads\/2022\/05\/Kapitalis-big-size.png","contentUrl":"https:\/\/kapitalis.com\/tunisie\/wp-content\/uploads\/2022\/05\/Kapitalis-big-size.png","width":5000,"height":1500,"caption":"Kapitalis"},"image":{"@id":"https:\/\/kapitalis.com\/tunisie\/#\/schema\/logo\/image\/"},"sameAs":["https:\/\/www.facebook.com\/KapitalisInfo\/","https:\/\/x.com\/KapitalisInfo","https:\/\/www.youtube.com\/channel\/UC-yDYrHyfFBWWZaOw3FPg9Q"]},{"@type":"Person","@id":"https:\/\/kapitalis.com\/tunisie\/#\/schema\/person\/b35b8d631961131107263178aeb8019e","name":"Cherif Benyounes","url":"https:\/\/kapitalis.com\/tunisie\/author\/cherif\/"}]}},"_links":{"self":[{"href":"https:\/\/kapitalis.com\/tunisie\/wp-json\/wp\/v2\/posts\/243720","targetHints":{"allow":["GET"]}}],"collection":[{"href":"https:\/\/kapitalis.com\/tunisie\/wp-json\/wp\/v2\/posts"}],"about":[{"href":"https:\/\/kapitalis.com\/tunisie\/wp-json\/wp\/v2\/types\/post"}],"author":[{"embeddable":true,"href":"https:\/\/kapitalis.com\/tunisie\/wp-json\/wp\/v2\/users\/24"}],"replies":[{"embeddable":true,"href":"https:\/\/kapitalis.com\/tunisie\/wp-json\/wp\/v2\/comments?post=243720"}],"version-history":[{"count":0,"href":"https:\/\/kapitalis.com\/tunisie\/wp-json\/wp\/v2\/posts\/243720\/revisions"}],"wp:attachment":[{"href":"https:\/\/kapitalis.com\/tunisie\/wp-json\/wp\/v2\/media?parent=243720"}],"wp:term":[{"taxonomy":"category","embeddable":true,"href":"https:\/\/kapitalis.com\/tunisie\/wp-json\/wp\/v2\/categories?post=243720"},{"taxonomy":"post_tag","embeddable":true,"href":"https:\/\/kapitalis.com\/tunisie\/wp-json\/wp\/v2\/tags?post=243720"}],"curies":[{"name":"wp","href":"https:\/\/api.w.org\/{rel}","templated":true}]}}