{"id":243958,"date":"2019-10-01T10:54:27","date_gmt":"2019-10-01T09:54:27","guid":{"rendered":"http:\/\/kapitalis.com\/tunisie\/?p=243958"},"modified":"2019-10-01T11:54:30","modified_gmt":"2019-10-01T10:54:30","slug":"la-demande-de-liberation-de-nabil-karoui-sera-exceptionnellement-examinee-aujourdhui","status":"publish","type":"post","link":"https:\/\/kapitalis.com\/tunisie\/2019\/10\/01\/la-demande-de-liberation-de-nabil-karoui-sera-exceptionnellement-examinee-aujourdhui\/","title":{"rendered":"La demande de lib\u00e9ration de Nabil Karoui sera exceptionnellement examin\u00e9e aujourd&rsquo;hui"},"content":{"rendered":"\n<figure class=\"wp-block-image\"><img decoding=\"async\" src=\"http:\/\/kapitalis.com\/tunisie\/wp-content\/uploads\/2017\/04\/Nabil-Karoui-.jpg\" alt=\"\" class=\"wp-image-91835\"\/><\/figure>\n\n\n\n<p><strong><em>Initialement pr\u00e9vu pour demain, l&rsquo;examen de la demande de lib\u00e9ration du candidat au second tour de la pr\u00e9sidentielle, Nabil Karoui, actuellement en d\u00e9tention pr\u00e9ventive, par la cour d\u2019appel, aura finalement lieu aujourd&rsquo;hui, 1er octobre 2019.<\/em><\/strong><\/p>\n\n\n\n<!--more-->\n\n\n\n<p>Rappelons que le comit\u00e9 de d\u00e9fense du candidat de Qalb Tounes, incarc\u00e9r\u00e9 depuis le 23 ao\u00fbt pour des affaires de corruption financi\u00e8re, a demand\u00e9 sa lib\u00e9ration, il y a plus de 10 jours, mais que la gr\u00e8ve des magistrats a emp\u00each\u00e9 la tenue d\u2019une audience \u00e0 cet effet.<\/p>\n\n\n\n<p>Au deuxi\u00e8me tour de la pr\u00e9sidentielle, dont le scrutin devrait avoir lieu le 13 octobre courant, M. Karoui sera oppos\u00e9 au candidat ind\u00e9pendant Ka\u00efs Sa\u00efed. <\/p>\n\n\n\n<p style=\"text-align:right\"><strong>C. B. Y.<\/strong><\/p>\n\n\n\n<figure class=\"wp-block-embed-wordpress wp-block-embed is-type-wp-embed is-provider-kapitalis\"><div class=\"wp-block-embed__wrapper\">\n<blockquote class=\"wp-embedded-content\" data-secret=\"8udV0auwGz\"><a href=\"https:\/\/kapitalis.com\/tunisie\/2019\/10\/01\/presidentielle-selon-hatem-el-euchi-nabil-karoui-sera-libere-et-acceptera-les-resultats-du-second-tour\/\">Pr\u00e9sidentielle : Selon Hatem El Euchi, Nabil Karoui sera lib\u00e9r\u00e9 et acceptera les r\u00e9sultats du second tour<\/a><\/blockquote><iframe loading=\"lazy\" class=\"wp-embedded-content\" sandbox=\"allow-scripts\" security=\"restricted\" style=\"position: absolute; clip: rect(1px, 1px, 1px, 1px);\" title=\"\u00ab\u00a0Pr\u00e9sidentielle : Selon Hatem El Euchi, Nabil Karoui sera lib\u00e9r\u00e9 et acceptera les r\u00e9sultats du second tour\u00a0\u00bb &#8212; Kapitalis\" src=\"https:\/\/kapitalis.com\/tunisie\/2019\/10\/01\/presidentielle-selon-hatem-el-euchi-nabil-karoui-sera-libere-et-acceptera-les-resultats-du-second-tour\/embed\/#?secret=rHLCmIvA7p#?secret=8udV0auwGz\" data-secret=\"8udV0auwGz\" width=\"600\" height=\"338\" frameborder=\"0\" marginwidth=\"0\" marginheight=\"0\" scrolling=\"no\"><\/iframe>\n<\/div><\/figure>\n","protected":false},"excerpt":{"rendered":"<p>Initialement pr\u00e9vu pour demain, l&rsquo;examen de la demande de lib\u00e9ration du candidat au second tour de la pr\u00e9sidentielle, Nabil Karoui, actuellement en d\u00e9tention pr\u00e9ventive, par la cour d\u2019appel, aura finalement lieu aujourd&rsquo;hui, 1er octobre 2019.<\/p>\n","protected":false},"author":24,"featured_media":0,"comment_status":"open","ping_status":"open","sticky":false,"template":"","format":"standard","meta":{"footnotes":""},"categories":[997,2433],"tags":[651,30562,61989],"class_list":["post-243958","post","type-post","status-publish","format-standard","hentry","category-politique","category-tunisie","tag-nabil-karoui","tag-presidentielle-2019","tag-qalb-tounes"],"yoast_head":"<!-- This site is optimized with the Yoast SEO plugin v26.6 - https:\/\/yoast.com\/wordpress\/plugins\/seo\/ -->\n<title>La demande de lib\u00e9ration de Nabil Karoui sera exceptionnellement examin\u00e9e aujourd&#039;hui - Kapitalis<\/title>\n<meta name=\"robots\" content=\"index, follow, max-snippet:-1, max-image-preview:large, max-video-preview:-1\" \/>\n<link rel=\"canonical\" href=\"https:\/\/kapitalis.com\/tunisie\/2019\/10\/01\/la-demande-de-liberation-de-nabil-karoui-sera-exceptionnellement-examinee-aujourdhui\/\" \/>\n<meta property=\"og:locale\" content=\"fr_FR\" \/>\n<meta property=\"og:type\" content=\"article\" \/>\n<meta property=\"og:title\" content=\"La demande de lib\u00e9ration de Nabil Karoui sera exceptionnellement examin\u00e9e aujourd&#039;hui - Kapitalis\" \/>\n<meta property=\"og:description\" content=\"Initialement pr\u00e9vu pour demain, l&rsquo;examen de la demande de lib\u00e9ration du candidat au second tour de la pr\u00e9sidentielle, Nabil Karoui, actuellement en d\u00e9tention pr\u00e9ventive, par la cour d\u2019appel, aura finalement lieu aujourd&rsquo;hui, 1er octobre 2019.\" \/>\n<meta property=\"og:url\" content=\"https:\/\/kapitalis.com\/tunisie\/2019\/10\/01\/la-demande-de-liberation-de-nabil-karoui-sera-exceptionnellement-examinee-aujourdhui\/\" \/>\n<meta property=\"og:site_name\" content=\"Kapitalis\" \/>\n<meta property=\"article:publisher\" content=\"https:\/\/www.facebook.com\/KapitalisInfo\/\" \/>\n<meta property=\"article:published_time\" content=\"2019-10-01T09:54:27+00:00\" \/>\n<meta property=\"article:modified_time\" content=\"2019-10-01T10:54:30+00:00\" \/>\n<meta property=\"og:image\" content=\"http:\/\/kapitalis.com\/tunisie\/wp-content\/uploads\/2017\/04\/Nabil-Karoui-.jpg\" \/>\n<meta name=\"author\" content=\"Cherif Benyounes\" \/>\n<meta name=\"twitter:card\" content=\"summary_large_image\" \/>\n<meta name=\"twitter:creator\" content=\"@KapitalisInfo\" \/>\n<meta name=\"twitter:site\" content=\"@KapitalisInfo\" \/>\n<meta name=\"twitter:label1\" content=\"\u00c9crit par\" \/>\n\t<meta name=\"twitter:data1\" content=\"Cherif Benyounes\" \/>\n\t<meta name=\"twitter:label2\" content=\"Dur\u00e9e de lecture estim\u00e9e\" \/>\n\t<meta name=\"twitter:data2\" content=\"1 minute\" \/>\n<script type=\"application\/ld+json\" class=\"yoast-schema-graph\">{\"@context\":\"https:\/\/schema.org\",\"@graph\":[{\"@type\":\"Article\",\"@id\":\"https:\/\/kapitalis.com\/tunisie\/2019\/10\/01\/la-demande-de-liberation-de-nabil-karoui-sera-exceptionnellement-examinee-aujourdhui\/#article\",\"isPartOf\":{\"@id\":\"https:\/\/kapitalis.com\/tunisie\/2019\/10\/01\/la-demande-de-liberation-de-nabil-karoui-sera-exceptionnellement-examinee-aujourdhui\/\"},\"author\":{\"name\":\"Cherif Benyounes\",\"@id\":\"https:\/\/kapitalis.com\/tunisie\/#\/schema\/person\/b35b8d631961131107263178aeb8019e\"},\"headline\":\"La demande de lib\u00e9ration de Nabil Karoui sera exceptionnellement examin\u00e9e aujourd&rsquo;hui\",\"datePublished\":\"2019-10-01T09:54:27+00:00\",\"dateModified\":\"2019-10-01T10:54:30+00:00\",\"mainEntityOfPage\":{\"@id\":\"https:\/\/kapitalis.com\/tunisie\/2019\/10\/01\/la-demande-de-liberation-de-nabil-karoui-sera-exceptionnellement-examinee-aujourdhui\/\"},\"wordCount\":143,\"commentCount\":7,\"publisher\":{\"@id\":\"https:\/\/kapitalis.com\/tunisie\/#organization\"},\"image\":{\"@id\":\"https:\/\/kapitalis.com\/tunisie\/2019\/10\/01\/la-demande-de-liberation-de-nabil-karoui-sera-exceptionnellement-examinee-aujourdhui\/#primaryimage\"},\"thumbnailUrl\":\"http:\/\/kapitalis.com\/tunisie\/wp-content\/uploads\/2017\/04\/Nabil-Karoui-.jpg\",\"keywords\":[\"Nabil Karoui\",\"pr\u00e9sidentielle 2019\",\"Qalb Tounes\"],\"articleSection\":[\"POLITIQUE\",\"Tunisie\"],\"inLanguage\":\"fr-FR\",\"potentialAction\":[{\"@type\":\"CommentAction\",\"name\":\"Comment\",\"target\":[\"https:\/\/kapitalis.com\/tunisie\/2019\/10\/01\/la-demande-de-liberation-de-nabil-karoui-sera-exceptionnellement-examinee-aujourdhui\/#respond\"]}]},{\"@type\":\"WebPage\",\"@id\":\"https:\/\/kapitalis.com\/tunisie\/2019\/10\/01\/la-demande-de-liberation-de-nabil-karoui-sera-exceptionnellement-examinee-aujourdhui\/\",\"url\":\"https:\/\/kapitalis.com\/tunisie\/2019\/10\/01\/la-demande-de-liberation-de-nabil-karoui-sera-exceptionnellement-examinee-aujourdhui\/\",\"name\":\"La demande de lib\u00e9ration de Nabil Karoui sera exceptionnellement examin\u00e9e aujourd'hui - Kapitalis\",\"isPartOf\":{\"@id\":\"https:\/\/kapitalis.com\/tunisie\/#website\"},\"primaryImageOfPage\":{\"@id\":\"https:\/\/kapitalis.com\/tunisie\/2019\/10\/01\/la-demande-de-liberation-de-nabil-karoui-sera-exceptionnellement-examinee-aujourdhui\/#primaryimage\"},\"image\":{\"@id\":\"https:\/\/kapitalis.com\/tunisie\/2019\/10\/01\/la-demande-de-liberation-de-nabil-karoui-sera-exceptionnellement-examinee-aujourdhui\/#primaryimage\"},\"thumbnailUrl\":\"http:\/\/kapitalis.com\/tunisie\/wp-content\/uploads\/2017\/04\/Nabil-Karoui-.jpg\",\"datePublished\":\"2019-10-01T09:54:27+00:00\",\"dateModified\":\"2019-10-01T10:54:30+00:00\",\"breadcrumb\":{\"@id\":\"https:\/\/kapitalis.com\/tunisie\/2019\/10\/01\/la-demande-de-liberation-de-nabil-karoui-sera-exceptionnellement-examinee-aujourdhui\/#breadcrumb\"},\"inLanguage\":\"fr-FR\",\"potentialAction\":[{\"@type\":\"ReadAction\",\"target\":[\"https:\/\/kapitalis.com\/tunisie\/2019\/10\/01\/la-demande-de-liberation-de-nabil-karoui-sera-exceptionnellement-examinee-aujourdhui\/\"]}]},{\"@type\":\"ImageObject\",\"inLanguage\":\"fr-FR\",\"@id\":\"https:\/\/kapitalis.com\/tunisie\/2019\/10\/01\/la-demande-de-liberation-de-nabil-karoui-sera-exceptionnellement-examinee-aujourdhui\/#primaryimage\",\"url\":\"http:\/\/kapitalis.com\/tunisie\/wp-content\/uploads\/2017\/04\/Nabil-Karoui-.jpg\",\"contentUrl\":\"http:\/\/kapitalis.com\/tunisie\/wp-content\/uploads\/2017\/04\/Nabil-Karoui-.jpg\"},{\"@type\":\"BreadcrumbList\",\"@id\":\"https:\/\/kapitalis.com\/tunisie\/2019\/10\/01\/la-demande-de-liberation-de-nabil-karoui-sera-exceptionnellement-examinee-aujourdhui\/#breadcrumb\",\"itemListElement\":[{\"@type\":\"ListItem\",\"position\":1,\"name\":\"Accueil\",\"item\":\"https:\/\/kapitalis.com\/tunisie\/\"},{\"@type\":\"ListItem\",\"position\":2,\"name\":\"La demande de lib\u00e9ration de Nabil Karoui sera exceptionnellement examin\u00e9e aujourd&rsquo;hui\"}]},{\"@type\":\"WebSite\",\"@id\":\"https:\/\/kapitalis.com\/tunisie\/#website\",\"url\":\"https:\/\/kapitalis.com\/tunisie\/\",\"name\":\"Kapitalis\",\"description\":\"L&#039;actualit\u00e9 en Tunisie et dans le monde\",\"publisher\":{\"@id\":\"https:\/\/kapitalis.com\/tunisie\/#organization\"},\"potentialAction\":[{\"@type\":\"SearchAction\",\"target\":{\"@type\":\"EntryPoint\",\"urlTemplate\":\"https:\/\/kapitalis.com\/tunisie\/?s={search_term_string}\"},\"query-input\":{\"@type\":\"PropertyValueSpecification\",\"valueRequired\":true,\"valueName\":\"search_term_string\"}}],\"inLanguage\":\"fr-FR\"},{\"@type\":\"Organization\",\"@id\":\"https:\/\/kapitalis.com\/tunisie\/#organization\",\"name\":\"Kapitalis\",\"url\":\"https:\/\/kapitalis.com\/tunisie\/\",\"logo\":{\"@type\":\"ImageObject\",\"inLanguage\":\"fr-FR\",\"@id\":\"https:\/\/kapitalis.com\/tunisie\/#\/schema\/logo\/image\/\",\"url\":\"https:\/\/kapitalis.com\/tunisie\/wp-content\/uploads\/2022\/05\/Kapitalis-big-size.png\",\"contentUrl\":\"https:\/\/kapitalis.com\/tunisie\/wp-content\/uploads\/2022\/05\/Kapitalis-big-size.png\",\"width\":5000,\"height\":1500,\"caption\":\"Kapitalis\"},\"image\":{\"@id\":\"https:\/\/kapitalis.com\/tunisie\/#\/schema\/logo\/image\/\"},\"sameAs\":[\"https:\/\/www.facebook.com\/KapitalisInfo\/\",\"https:\/\/x.com\/KapitalisInfo\",\"https:\/\/www.youtube.com\/channel\/UC-yDYrHyfFBWWZaOw3FPg9Q\"]},{\"@type\":\"Person\",\"@id\":\"https:\/\/kapitalis.com\/tunisie\/#\/schema\/person\/b35b8d631961131107263178aeb8019e\",\"name\":\"Cherif Benyounes\",\"url\":\"https:\/\/kapitalis.com\/tunisie\/author\/cherif\/\"}]}<\/script>\n<!-- \/ Yoast SEO plugin. -->","yoast_head_json":{"title":"La demande de lib\u00e9ration de Nabil Karoui sera exceptionnellement examin\u00e9e aujourd'hui - Kapitalis","robots":{"index":"index","follow":"follow","max-snippet":"max-snippet:-1","max-image-preview":"max-image-preview:large","max-video-preview":"max-video-preview:-1"},"canonical":"https:\/\/kapitalis.com\/tunisie\/2019\/10\/01\/la-demande-de-liberation-de-nabil-karoui-sera-exceptionnellement-examinee-aujourdhui\/","og_locale":"fr_FR","og_type":"article","og_title":"La demande de lib\u00e9ration de Nabil Karoui sera exceptionnellement examin\u00e9e aujourd'hui - Kapitalis","og_description":"Initialement pr\u00e9vu pour demain, l&rsquo;examen de la demande de lib\u00e9ration du candidat au second tour de la pr\u00e9sidentielle, Nabil Karoui, actuellement en d\u00e9tention pr\u00e9ventive, par la cour d\u2019appel, aura finalement lieu aujourd&rsquo;hui, 1er octobre 2019.","og_url":"https:\/\/kapitalis.com\/tunisie\/2019\/10\/01\/la-demande-de-liberation-de-nabil-karoui-sera-exceptionnellement-examinee-aujourdhui\/","og_site_name":"Kapitalis","article_publisher":"https:\/\/www.facebook.com\/KapitalisInfo\/","article_published_time":"2019-10-01T09:54:27+00:00","article_modified_time":"2019-10-01T10:54:30+00:00","og_image":[{"url":"http:\/\/kapitalis.com\/tunisie\/wp-content\/uploads\/2017\/04\/Nabil-Karoui-.jpg","type":"","width":"","height":""}],"author":"Cherif Benyounes","twitter_card":"summary_large_image","twitter_creator":"@KapitalisInfo","twitter_site":"@KapitalisInfo","twitter_misc":{"\u00c9crit par":"Cherif Benyounes","Dur\u00e9e de lecture estim\u00e9e":"1 minute"},"schema":{"@context":"https:\/\/schema.org","@graph":[{"@type":"Article","@id":"https:\/\/kapitalis.com\/tunisie\/2019\/10\/01\/la-demande-de-liberation-de-nabil-karoui-sera-exceptionnellement-examinee-aujourdhui\/#article","isPartOf":{"@id":"https:\/\/kapitalis.com\/tunisie\/2019\/10\/01\/la-demande-de-liberation-de-nabil-karoui-sera-exceptionnellement-examinee-aujourdhui\/"},"author":{"name":"Cherif Benyounes","@id":"https:\/\/kapitalis.com\/tunisie\/#\/schema\/person\/b35b8d631961131107263178aeb8019e"},"headline":"La demande de lib\u00e9ration de Nabil Karoui sera exceptionnellement examin\u00e9e aujourd&rsquo;hui","datePublished":"2019-10-01T09:54:27+00:00","dateModified":"2019-10-01T10:54:30+00:00","mainEntityOfPage":{"@id":"https:\/\/kapitalis.com\/tunisie\/2019\/10\/01\/la-demande-de-liberation-de-nabil-karoui-sera-exceptionnellement-examinee-aujourdhui\/"},"wordCount":143,"commentCount":7,"publisher":{"@id":"https:\/\/kapitalis.com\/tunisie\/#organization"},"image":{"@id":"https:\/\/kapitalis.com\/tunisie\/2019\/10\/01\/la-demande-de-liberation-de-nabil-karoui-sera-exceptionnellement-examinee-aujourdhui\/#primaryimage"},"thumbnailUrl":"http:\/\/kapitalis.com\/tunisie\/wp-content\/uploads\/2017\/04\/Nabil-Karoui-.jpg","keywords":["Nabil Karoui","pr\u00e9sidentielle 2019","Qalb Tounes"],"articleSection":["POLITIQUE","Tunisie"],"inLanguage":"fr-FR","potentialAction":[{"@type":"CommentAction","name":"Comment","target":["https:\/\/kapitalis.com\/tunisie\/2019\/10\/01\/la-demande-de-liberation-de-nabil-karoui-sera-exceptionnellement-examinee-aujourdhui\/#respond"]}]},{"@type":"WebPage","@id":"https:\/\/kapitalis.com\/tunisie\/2019\/10\/01\/la-demande-de-liberation-de-nabil-karoui-sera-exceptionnellement-examinee-aujourdhui\/","url":"https:\/\/kapitalis.com\/tunisie\/2019\/10\/01\/la-demande-de-liberation-de-nabil-karoui-sera-exceptionnellement-examinee-aujourdhui\/","name":"La demande de lib\u00e9ration de Nabil Karoui sera exceptionnellement examin\u00e9e aujourd'hui - Kapitalis","isPartOf":{"@id":"https:\/\/kapitalis.com\/tunisie\/#website"},"primaryImageOfPage":{"@id":"https:\/\/kapitalis.com\/tunisie\/2019\/10\/01\/la-demande-de-liberation-de-nabil-karoui-sera-exceptionnellement-examinee-aujourdhui\/#primaryimage"},"image":{"@id":"https:\/\/kapitalis.com\/tunisie\/2019\/10\/01\/la-demande-de-liberation-de-nabil-karoui-sera-exceptionnellement-examinee-aujourdhui\/#primaryimage"},"thumbnailUrl":"http:\/\/kapitalis.com\/tunisie\/wp-content\/uploads\/2017\/04\/Nabil-Karoui-.jpg","datePublished":"2019-10-01T09:54:27+00:00","dateModified":"2019-10-01T10:54:30+00:00","breadcrumb":{"@id":"https:\/\/kapitalis.com\/tunisie\/2019\/10\/01\/la-demande-de-liberation-de-nabil-karoui-sera-exceptionnellement-examinee-aujourdhui\/#breadcrumb"},"inLanguage":"fr-FR","potentialAction":[{"@type":"ReadAction","target":["https:\/\/kapitalis.com\/tunisie\/2019\/10\/01\/la-demande-de-liberation-de-nabil-karoui-sera-exceptionnellement-examinee-aujourdhui\/"]}]},{"@type":"ImageObject","inLanguage":"fr-FR","@id":"https:\/\/kapitalis.com\/tunisie\/2019\/10\/01\/la-demande-de-liberation-de-nabil-karoui-sera-exceptionnellement-examinee-aujourdhui\/#primaryimage","url":"http:\/\/kapitalis.com\/tunisie\/wp-content\/uploads\/2017\/04\/Nabil-Karoui-.jpg","contentUrl":"http:\/\/kapitalis.com\/tunisie\/wp-content\/uploads\/2017\/04\/Nabil-Karoui-.jpg"},{"@type":"BreadcrumbList","@id":"https:\/\/kapitalis.com\/tunisie\/2019\/10\/01\/la-demande-de-liberation-de-nabil-karoui-sera-exceptionnellement-examinee-aujourdhui\/#breadcrumb","itemListElement":[{"@type":"ListItem","position":1,"name":"Accueil","item":"https:\/\/kapitalis.com\/tunisie\/"},{"@type":"ListItem","position":2,"name":"La demande de lib\u00e9ration de Nabil Karoui sera exceptionnellement examin\u00e9e aujourd&rsquo;hui"}]},{"@type":"WebSite","@id":"https:\/\/kapitalis.com\/tunisie\/#website","url":"https:\/\/kapitalis.com\/tunisie\/","name":"Kapitalis","description":"L&#039;actualit\u00e9 en Tunisie et dans le monde","publisher":{"@id":"https:\/\/kapitalis.com\/tunisie\/#organization"},"potentialAction":[{"@type":"SearchAction","target":{"@type":"EntryPoint","urlTemplate":"https:\/\/kapitalis.com\/tunisie\/?s={search_term_string}"},"query-input":{"@type":"PropertyValueSpecification","valueRequired":true,"valueName":"search_term_string"}}],"inLanguage":"fr-FR"},{"@type":"Organization","@id":"https:\/\/kapitalis.com\/tunisie\/#organization","name":"Kapitalis","url":"https:\/\/kapitalis.com\/tunisie\/","logo":{"@type":"ImageObject","inLanguage":"fr-FR","@id":"https:\/\/kapitalis.com\/tunisie\/#\/schema\/logo\/image\/","url":"https:\/\/kapitalis.com\/tunisie\/wp-content\/uploads\/2022\/05\/Kapitalis-big-size.png","contentUrl":"https:\/\/kapitalis.com\/tunisie\/wp-content\/uploads\/2022\/05\/Kapitalis-big-size.png","width":5000,"height":1500,"caption":"Kapitalis"},"image":{"@id":"https:\/\/kapitalis.com\/tunisie\/#\/schema\/logo\/image\/"},"sameAs":["https:\/\/www.facebook.com\/KapitalisInfo\/","https:\/\/x.com\/KapitalisInfo","https:\/\/www.youtube.com\/channel\/UC-yDYrHyfFBWWZaOw3FPg9Q"]},{"@type":"Person","@id":"https:\/\/kapitalis.com\/tunisie\/#\/schema\/person\/b35b8d631961131107263178aeb8019e","name":"Cherif Benyounes","url":"https:\/\/kapitalis.com\/tunisie\/author\/cherif\/"}]}},"_links":{"self":[{"href":"https:\/\/kapitalis.com\/tunisie\/wp-json\/wp\/v2\/posts\/243958","targetHints":{"allow":["GET"]}}],"collection":[{"href":"https:\/\/kapitalis.com\/tunisie\/wp-json\/wp\/v2\/posts"}],"about":[{"href":"https:\/\/kapitalis.com\/tunisie\/wp-json\/wp\/v2\/types\/post"}],"author":[{"embeddable":true,"href":"https:\/\/kapitalis.com\/tunisie\/wp-json\/wp\/v2\/users\/24"}],"replies":[{"embeddable":true,"href":"https:\/\/kapitalis.com\/tunisie\/wp-json\/wp\/v2\/comments?post=243958"}],"version-history":[{"count":0,"href":"https:\/\/kapitalis.com\/tunisie\/wp-json\/wp\/v2\/posts\/243958\/revisions"}],"wp:attachment":[{"href":"https:\/\/kapitalis.com\/tunisie\/wp-json\/wp\/v2\/media?parent=243958"}],"wp:term":[{"taxonomy":"category","embeddable":true,"href":"https:\/\/kapitalis.com\/tunisie\/wp-json\/wp\/v2\/categories?post=243958"},{"taxonomy":"post_tag","embeddable":true,"href":"https:\/\/kapitalis.com\/tunisie\/wp-json\/wp\/v2\/tags?post=243958"}],"curies":[{"name":"wp","href":"https:\/\/api.w.org\/{rel}","templated":true}]}}