{"id":2443975,"date":"2022-07-22T20:50:43","date_gmt":"2022-07-22T19:50:43","guid":{"rendered":"https:\/\/kapitalis.com\/tunisie\/?p=2443975"},"modified":"2022-07-22T20:52:42","modified_gmt":"2022-07-22T19:52:42","slug":"tunisie-la-societe-civile-denonce-les-violences-policieres-a-tunis-lors-de-la-manifestation-contre-le-referendum","status":"publish","type":"post","link":"https:\/\/kapitalis.com\/tunisie\/2022\/07\/22\/tunisie-la-societe-civile-denonce-les-violences-policieres-a-tunis-lors-de-la-manifestation-contre-le-referendum\/","title":{"rendered":"Tunisie : La soci\u00e9t\u00e9 civile d\u00e9nonce les violences polici\u00e8res, \u00e0 Tunis, lors de la manifestation contre le r\u00e9f\u00e9rendum"},"content":{"rendered":"\n<p><strong><em>Les manifestants et des activistes de la soci\u00e9t\u00e9 civile ainsi que des militants de plusieurs partis ont d\u00e9nonc\u00e9 la r\u00e9pression polici\u00e8re, lors du rassemblement contre le r\u00e9f\u00e9rendum du 25 juillet, organis\u00e9 ce vendredi 22 juillet 2022 \u00e0 l&rsquo;Av. Bourguiba \u00e0 Tunis, tout en mettant en garde contre le retour de la dictature en Tunisie.<\/em><\/strong><\/p>\n\n\n\n<!--more-->\n\n\n\n<p>Plusieurs organisations et associations, ainsi que les partis menant la campagne nationale contre le r\u00e9f\u00e9rendum ont manifest\u00e9 pour exprimer leur rejet du projet de la nouvelle constitution et d\u00e9noncer la voie adopt\u00e9e par  le pr\u00e9sident de la r\u00e9publique Ka\u00efs Sa\u00efed depuis le 25 juillet 2021, accus\u00e9 de<em> \u00abchercher \u00e0 avoir la mainmise sur tous les pouvoirs et \u00e0 instaurer un r\u00e9gime dictatorial, portant atteinte aux droits et aux libert\u00e9s\u00bb.<\/em><\/p>\n\n\n\n<p>Les forces de l\u2019ordre ont fait usage de gaz lacrymog\u00e8ne et de coups de matraque pour disperser les manifestants, dont certains ont \u00e9t\u00e9 arr\u00eat\u00e9s, sachant que des agents ont \u00e9galement asperg\u00e9, le pr\u00e9sident du Syndicat national des journalistes tunisiens (SNJT) Mehdi Jelassi, de gaz lacrymog\u00e8ne en plein visage, et qu&rsquo;il a \u00e9t\u00e9 pris en charge par les \u00e9quipes de la protection civile.<\/p>\n\n\n\n<p>\u00ab<em>Ces agressions et cette violence d\u00e9montrent le danger du r\u00e9gime que cherche \u00e0 installer le chef de l&rsquo;Etat et repr\u00e9sente une v\u00e9ritable atteinte aux droits et aux libert\u00e9s et en particulier \u00e0 la libert\u00e9 d&rsquo;expression et celle des m\u00e9dias, d&rsquo;autant que d&rsquo;autres journalistes ont \u00e9galement \u00e9t\u00e9 agress\u00e9s\u00bb<\/em>, d\u00e9noncent les activistes de la soci\u00e9t\u00e9 civile, qui ont point\u00e9 du doigt \u00ab<em>un r\u00e9gime dictatorial en marche\u00bb.<\/em><\/p>\n\n\n\n<p class=\"has-text-align-right\"><strong>Y. N.<\/strong><\/p>\n","protected":false},"excerpt":{"rendered":"<p>Tunisie : La soci\u00e9t\u00e9 civile d\u00e9nonce les violences polici\u00e8res, \u00e0 Tunis, lors de la manifestation contre le r\u00e9f\u00e9rendum<\/p>\n","protected":false},"author":6,"featured_media":2444208,"comment_status":"open","ping_status":"open","sticky":false,"template":"","format":"standard","meta":{"footnotes":""},"categories":[998,2433],"tags":[76920,86682,76012,5462,2889,64491,62643,80021],"class_list":["post-2443975","post","type-post","status-publish","format-standard","has-post-thumbnail","hentry","category-societe","category-tunisie","tag-25-juillet","tag-av-bourguiba","tag-kais-saied-2","tag-manifestants","tag-referendum","tag-tunis","tag-tunisie","tag-violences-policieres"],"yoast_head":"<!-- This site is optimized with the Yoast SEO plugin v26.6 - https:\/\/yoast.com\/wordpress\/plugins\/seo\/ -->\n<title>Tunisie : La soci\u00e9t\u00e9 civile d\u00e9nonce les violences polici\u00e8res, \u00e0 Tunis, lors de la manifestation contre le r\u00e9f\u00e9rendum - Kapitalis<\/title>\n<meta name=\"description\" content=\"Les manifestants et des activistes ainsi que des militants de plusieurs partis ont d\u00e9nonc\u00e9 la r\u00e9pression polici\u00e8re, lors du rassemblement contre le r\u00e9f\u00e9rendum du 25 juillet, organis\u00e9 ce vendredi 22 juillet 2022 \u00e0 l&#039;Av. Bourguiba \u00e0 Tunis, tout en mettant en garde contre le retour de la dictature en Tunisie.\" \/>\n<meta name=\"robots\" content=\"index, follow, max-snippet:-1, max-image-preview:large, max-video-preview:-1\" \/>\n<link rel=\"canonical\" href=\"https:\/\/kapitalis.com\/tunisie\/2022\/07\/22\/tunisie-la-societe-civile-denonce-les-violences-policieres-a-tunis-lors-de-la-manifestation-contre-le-referendum\/\" \/>\n<meta property=\"og:locale\" content=\"fr_FR\" \/>\n<meta property=\"og:type\" content=\"article\" \/>\n<meta property=\"og:title\" content=\"Tunisie : La soci\u00e9t\u00e9 civile d\u00e9nonce les violences polici\u00e8res, \u00e0 Tunis, lors de la manifestation contre le r\u00e9f\u00e9rendum - Kapitalis\" \/>\n<meta property=\"og:description\" content=\"Les manifestants et des activistes ainsi que des militants de plusieurs partis ont d\u00e9nonc\u00e9 la r\u00e9pression polici\u00e8re, lors du rassemblement contre le r\u00e9f\u00e9rendum du 25 juillet, organis\u00e9 ce vendredi 22 juillet 2022 \u00e0 l&#039;Av. Bourguiba \u00e0 Tunis, tout en mettant en garde contre le retour de la dictature en Tunisie.\" \/>\n<meta property=\"og:url\" content=\"https:\/\/kapitalis.com\/tunisie\/2022\/07\/22\/tunisie-la-societe-civile-denonce-les-violences-policieres-a-tunis-lors-de-la-manifestation-contre-le-referendum\/\" \/>\n<meta property=\"og:site_name\" content=\"Kapitalis\" \/>\n<meta property=\"article:publisher\" content=\"https:\/\/www.facebook.com\/KapitalisInfo\/\" \/>\n<meta property=\"article:published_time\" content=\"2022-07-22T19:50:43+00:00\" \/>\n<meta property=\"article:modified_time\" content=\"2022-07-22T19:52:42+00:00\" \/>\n<meta property=\"og:image\" content=\"https:\/\/kapitalis.com\/tunisie\/wp-content\/uploads\/2022\/07\/manif-violences-policieres.jpg\" \/>\n\t<meta property=\"og:image:width\" content=\"1200\" \/>\n\t<meta property=\"og:image:height\" content=\"630\" \/>\n\t<meta property=\"og:image:type\" content=\"image\/jpeg\" \/>\n<meta name=\"author\" content=\"Yusra NY\" \/>\n<meta name=\"twitter:card\" content=\"summary_large_image\" \/>\n<meta name=\"twitter:creator\" content=\"@KapitalisInfo\" \/>\n<meta name=\"twitter:site\" content=\"@KapitalisInfo\" \/>\n<meta name=\"twitter:label1\" content=\"\u00c9crit par\" \/>\n\t<meta name=\"twitter:data1\" content=\"Yusra NY\" \/>\n\t<meta name=\"twitter:label2\" content=\"Dur\u00e9e de lecture estim\u00e9e\" \/>\n\t<meta name=\"twitter:data2\" content=\"2 minutes\" \/>\n<script type=\"application\/ld+json\" class=\"yoast-schema-graph\">{\"@context\":\"https:\/\/schema.org\",\"@graph\":[{\"@type\":\"Article\",\"@id\":\"https:\/\/kapitalis.com\/tunisie\/2022\/07\/22\/tunisie-la-societe-civile-denonce-les-violences-policieres-a-tunis-lors-de-la-manifestation-contre-le-referendum\/#article\",\"isPartOf\":{\"@id\":\"https:\/\/kapitalis.com\/tunisie\/2022\/07\/22\/tunisie-la-societe-civile-denonce-les-violences-policieres-a-tunis-lors-de-la-manifestation-contre-le-referendum\/\"},\"author\":{\"name\":\"Yusra NY\",\"@id\":\"https:\/\/kapitalis.com\/tunisie\/#\/schema\/person\/74bbde0154d49d790a92aaeac5bc01d5\"},\"headline\":\"Tunisie : La soci\u00e9t\u00e9 civile d\u00e9nonce les violences polici\u00e8res, \u00e0 Tunis, lors de la manifestation contre le r\u00e9f\u00e9rendum\",\"datePublished\":\"2022-07-22T19:50:43+00:00\",\"dateModified\":\"2022-07-22T19:52:42+00:00\",\"mainEntityOfPage\":{\"@id\":\"https:\/\/kapitalis.com\/tunisie\/2022\/07\/22\/tunisie-la-societe-civile-denonce-les-violences-policieres-a-tunis-lors-de-la-manifestation-contre-le-referendum\/\"},\"wordCount\":293,\"commentCount\":1,\"publisher\":{\"@id\":\"https:\/\/kapitalis.com\/tunisie\/#organization\"},\"image\":{\"@id\":\"https:\/\/kapitalis.com\/tunisie\/2022\/07\/22\/tunisie-la-societe-civile-denonce-les-violences-policieres-a-tunis-lors-de-la-manifestation-contre-le-referendum\/#primaryimage\"},\"thumbnailUrl\":\"https:\/\/kapitalis.com\/tunisie\/wp-content\/uploads\/2022\/07\/manif-violences-policieres.jpg\",\"keywords\":[\"25 juillet\",\"Av. Bourguiba\",\"Ka\u00efs Sa\u00efed\",\"manifestants\",\"r\u00e9f\u00e9rendum\",\"Tunis\",\"Tunisie\",\"violences polici\u00e8res\"],\"articleSection\":[\"SOCIETE\",\"Tunisie\"],\"inLanguage\":\"fr-FR\",\"potentialAction\":[{\"@type\":\"CommentAction\",\"name\":\"Comment\",\"target\":[\"https:\/\/kapitalis.com\/tunisie\/2022\/07\/22\/tunisie-la-societe-civile-denonce-les-violences-policieres-a-tunis-lors-de-la-manifestation-contre-le-referendum\/#respond\"]}]},{\"@type\":\"WebPage\",\"@id\":\"https:\/\/kapitalis.com\/tunisie\/2022\/07\/22\/tunisie-la-societe-civile-denonce-les-violences-policieres-a-tunis-lors-de-la-manifestation-contre-le-referendum\/\",\"url\":\"https:\/\/kapitalis.com\/tunisie\/2022\/07\/22\/tunisie-la-societe-civile-denonce-les-violences-policieres-a-tunis-lors-de-la-manifestation-contre-le-referendum\/\",\"name\":\"Tunisie : La soci\u00e9t\u00e9 civile d\u00e9nonce les violences polici\u00e8res, \u00e0 Tunis, lors de la manifestation contre le r\u00e9f\u00e9rendum - Kapitalis\",\"isPartOf\":{\"@id\":\"https:\/\/kapitalis.com\/tunisie\/#website\"},\"primaryImageOfPage\":{\"@id\":\"https:\/\/kapitalis.com\/tunisie\/2022\/07\/22\/tunisie-la-societe-civile-denonce-les-violences-policieres-a-tunis-lors-de-la-manifestation-contre-le-referendum\/#primaryimage\"},\"image\":{\"@id\":\"https:\/\/kapitalis.com\/tunisie\/2022\/07\/22\/tunisie-la-societe-civile-denonce-les-violences-policieres-a-tunis-lors-de-la-manifestation-contre-le-referendum\/#primaryimage\"},\"thumbnailUrl\":\"https:\/\/kapitalis.com\/tunisie\/wp-content\/uploads\/2022\/07\/manif-violences-policieres.jpg\",\"datePublished\":\"2022-07-22T19:50:43+00:00\",\"dateModified\":\"2022-07-22T19:52:42+00:00\",\"description\":\"Les manifestants et des activistes ainsi que des militants de plusieurs partis ont d\u00e9nonc\u00e9 la r\u00e9pression polici\u00e8re, lors du rassemblement contre le r\u00e9f\u00e9rendum du 25 juillet, organis\u00e9 ce vendredi 22 juillet 2022 \u00e0 l'Av. Bourguiba \u00e0 Tunis, tout en mettant en garde contre le retour de la dictature en Tunisie.\",\"breadcrumb\":{\"@id\":\"https:\/\/kapitalis.com\/tunisie\/2022\/07\/22\/tunisie-la-societe-civile-denonce-les-violences-policieres-a-tunis-lors-de-la-manifestation-contre-le-referendum\/#breadcrumb\"},\"inLanguage\":\"fr-FR\",\"potentialAction\":[{\"@type\":\"ReadAction\",\"target\":[\"https:\/\/kapitalis.com\/tunisie\/2022\/07\/22\/tunisie-la-societe-civile-denonce-les-violences-policieres-a-tunis-lors-de-la-manifestation-contre-le-referendum\/\"]}]},{\"@type\":\"ImageObject\",\"inLanguage\":\"fr-FR\",\"@id\":\"https:\/\/kapitalis.com\/tunisie\/2022\/07\/22\/tunisie-la-societe-civile-denonce-les-violences-policieres-a-tunis-lors-de-la-manifestation-contre-le-referendum\/#primaryimage\",\"url\":\"https:\/\/kapitalis.com\/tunisie\/wp-content\/uploads\/2022\/07\/manif-violences-policieres.jpg\",\"contentUrl\":\"https:\/\/kapitalis.com\/tunisie\/wp-content\/uploads\/2022\/07\/manif-violences-policieres.jpg\",\"width\":1200,\"height\":630},{\"@type\":\"BreadcrumbList\",\"@id\":\"https:\/\/kapitalis.com\/tunisie\/2022\/07\/22\/tunisie-la-societe-civile-denonce-les-violences-policieres-a-tunis-lors-de-la-manifestation-contre-le-referendum\/#breadcrumb\",\"itemListElement\":[{\"@type\":\"ListItem\",\"position\":1,\"name\":\"Accueil\",\"item\":\"https:\/\/kapitalis.com\/tunisie\/\"},{\"@type\":\"ListItem\",\"position\":2,\"name\":\"Tunisie : La soci\u00e9t\u00e9 civile d\u00e9nonce les violences polici\u00e8res, \u00e0 Tunis, lors de la manifestation contre le r\u00e9f\u00e9rendum\"}]},{\"@type\":\"WebSite\",\"@id\":\"https:\/\/kapitalis.com\/tunisie\/#website\",\"url\":\"https:\/\/kapitalis.com\/tunisie\/\",\"name\":\"Kapitalis\",\"description\":\"L&#039;actualit\u00e9 en Tunisie et dans le monde\",\"publisher\":{\"@id\":\"https:\/\/kapitalis.com\/tunisie\/#organization\"},\"potentialAction\":[{\"@type\":\"SearchAction\",\"target\":{\"@type\":\"EntryPoint\",\"urlTemplate\":\"https:\/\/kapitalis.com\/tunisie\/?s={search_term_string}\"},\"query-input\":{\"@type\":\"PropertyValueSpecification\",\"valueRequired\":true,\"valueName\":\"search_term_string\"}}],\"inLanguage\":\"fr-FR\"},{\"@type\":\"Organization\",\"@id\":\"https:\/\/kapitalis.com\/tunisie\/#organization\",\"name\":\"Kapitalis\",\"url\":\"https:\/\/kapitalis.com\/tunisie\/\",\"logo\":{\"@type\":\"ImageObject\",\"inLanguage\":\"fr-FR\",\"@id\":\"https:\/\/kapitalis.com\/tunisie\/#\/schema\/logo\/image\/\",\"url\":\"https:\/\/kapitalis.com\/tunisie\/wp-content\/uploads\/2022\/05\/Kapitalis-big-size.png\",\"contentUrl\":\"https:\/\/kapitalis.com\/tunisie\/wp-content\/uploads\/2022\/05\/Kapitalis-big-size.png\",\"width\":5000,\"height\":1500,\"caption\":\"Kapitalis\"},\"image\":{\"@id\":\"https:\/\/kapitalis.com\/tunisie\/#\/schema\/logo\/image\/\"},\"sameAs\":[\"https:\/\/www.facebook.com\/KapitalisInfo\/\",\"https:\/\/x.com\/KapitalisInfo\",\"https:\/\/www.youtube.com\/channel\/UC-yDYrHyfFBWWZaOw3FPg9Q\"]},{\"@type\":\"Person\",\"@id\":\"https:\/\/kapitalis.com\/tunisie\/#\/schema\/person\/74bbde0154d49d790a92aaeac5bc01d5\",\"name\":\"Yusra NY\",\"url\":\"https:\/\/kapitalis.com\/tunisie\/author\/yuza_adam\/\"}]}<\/script>\n<!-- \/ Yoast SEO plugin. -->","yoast_head_json":{"title":"Tunisie : La soci\u00e9t\u00e9 civile d\u00e9nonce les violences polici\u00e8res, \u00e0 Tunis, lors de la manifestation contre le r\u00e9f\u00e9rendum - Kapitalis","description":"Les manifestants et des activistes ainsi que des militants de plusieurs partis ont d\u00e9nonc\u00e9 la r\u00e9pression polici\u00e8re, lors du rassemblement contre le r\u00e9f\u00e9rendum du 25 juillet, organis\u00e9 ce vendredi 22 juillet 2022 \u00e0 l'Av. Bourguiba \u00e0 Tunis, tout en mettant en garde contre le retour de la dictature en Tunisie.","robots":{"index":"index","follow":"follow","max-snippet":"max-snippet:-1","max-image-preview":"max-image-preview:large","max-video-preview":"max-video-preview:-1"},"canonical":"https:\/\/kapitalis.com\/tunisie\/2022\/07\/22\/tunisie-la-societe-civile-denonce-les-violences-policieres-a-tunis-lors-de-la-manifestation-contre-le-referendum\/","og_locale":"fr_FR","og_type":"article","og_title":"Tunisie : La soci\u00e9t\u00e9 civile d\u00e9nonce les violences polici\u00e8res, \u00e0 Tunis, lors de la manifestation contre le r\u00e9f\u00e9rendum - Kapitalis","og_description":"Les manifestants et des activistes ainsi que des militants de plusieurs partis ont d\u00e9nonc\u00e9 la r\u00e9pression polici\u00e8re, lors du rassemblement contre le r\u00e9f\u00e9rendum du 25 juillet, organis\u00e9 ce vendredi 22 juillet 2022 \u00e0 l'Av. Bourguiba \u00e0 Tunis, tout en mettant en garde contre le retour de la dictature en Tunisie.","og_url":"https:\/\/kapitalis.com\/tunisie\/2022\/07\/22\/tunisie-la-societe-civile-denonce-les-violences-policieres-a-tunis-lors-de-la-manifestation-contre-le-referendum\/","og_site_name":"Kapitalis","article_publisher":"https:\/\/www.facebook.com\/KapitalisInfo\/","article_published_time":"2022-07-22T19:50:43+00:00","article_modified_time":"2022-07-22T19:52:42+00:00","og_image":[{"width":1200,"height":630,"url":"https:\/\/kapitalis.com\/tunisie\/wp-content\/uploads\/2022\/07\/manif-violences-policieres.jpg","type":"image\/jpeg"}],"author":"Yusra NY","twitter_card":"summary_large_image","twitter_creator":"@KapitalisInfo","twitter_site":"@KapitalisInfo","twitter_misc":{"\u00c9crit par":"Yusra NY","Dur\u00e9e de lecture estim\u00e9e":"2 minutes"},"schema":{"@context":"https:\/\/schema.org","@graph":[{"@type":"Article","@id":"https:\/\/kapitalis.com\/tunisie\/2022\/07\/22\/tunisie-la-societe-civile-denonce-les-violences-policieres-a-tunis-lors-de-la-manifestation-contre-le-referendum\/#article","isPartOf":{"@id":"https:\/\/kapitalis.com\/tunisie\/2022\/07\/22\/tunisie-la-societe-civile-denonce-les-violences-policieres-a-tunis-lors-de-la-manifestation-contre-le-referendum\/"},"author":{"name":"Yusra NY","@id":"https:\/\/kapitalis.com\/tunisie\/#\/schema\/person\/74bbde0154d49d790a92aaeac5bc01d5"},"headline":"Tunisie : La soci\u00e9t\u00e9 civile d\u00e9nonce les violences polici\u00e8res, \u00e0 Tunis, lors de la manifestation contre le r\u00e9f\u00e9rendum","datePublished":"2022-07-22T19:50:43+00:00","dateModified":"2022-07-22T19:52:42+00:00","mainEntityOfPage":{"@id":"https:\/\/kapitalis.com\/tunisie\/2022\/07\/22\/tunisie-la-societe-civile-denonce-les-violences-policieres-a-tunis-lors-de-la-manifestation-contre-le-referendum\/"},"wordCount":293,"commentCount":1,"publisher":{"@id":"https:\/\/kapitalis.com\/tunisie\/#organization"},"image":{"@id":"https:\/\/kapitalis.com\/tunisie\/2022\/07\/22\/tunisie-la-societe-civile-denonce-les-violences-policieres-a-tunis-lors-de-la-manifestation-contre-le-referendum\/#primaryimage"},"thumbnailUrl":"https:\/\/kapitalis.com\/tunisie\/wp-content\/uploads\/2022\/07\/manif-violences-policieres.jpg","keywords":["25 juillet","Av. Bourguiba","Ka\u00efs Sa\u00efed","manifestants","r\u00e9f\u00e9rendum","Tunis","Tunisie","violences polici\u00e8res"],"articleSection":["SOCIETE","Tunisie"],"inLanguage":"fr-FR","potentialAction":[{"@type":"CommentAction","name":"Comment","target":["https:\/\/kapitalis.com\/tunisie\/2022\/07\/22\/tunisie-la-societe-civile-denonce-les-violences-policieres-a-tunis-lors-de-la-manifestation-contre-le-referendum\/#respond"]}]},{"@type":"WebPage","@id":"https:\/\/kapitalis.com\/tunisie\/2022\/07\/22\/tunisie-la-societe-civile-denonce-les-violences-policieres-a-tunis-lors-de-la-manifestation-contre-le-referendum\/","url":"https:\/\/kapitalis.com\/tunisie\/2022\/07\/22\/tunisie-la-societe-civile-denonce-les-violences-policieres-a-tunis-lors-de-la-manifestation-contre-le-referendum\/","name":"Tunisie : La soci\u00e9t\u00e9 civile d\u00e9nonce les violences polici\u00e8res, \u00e0 Tunis, lors de la manifestation contre le r\u00e9f\u00e9rendum - Kapitalis","isPartOf":{"@id":"https:\/\/kapitalis.com\/tunisie\/#website"},"primaryImageOfPage":{"@id":"https:\/\/kapitalis.com\/tunisie\/2022\/07\/22\/tunisie-la-societe-civile-denonce-les-violences-policieres-a-tunis-lors-de-la-manifestation-contre-le-referendum\/#primaryimage"},"image":{"@id":"https:\/\/kapitalis.com\/tunisie\/2022\/07\/22\/tunisie-la-societe-civile-denonce-les-violences-policieres-a-tunis-lors-de-la-manifestation-contre-le-referendum\/#primaryimage"},"thumbnailUrl":"https:\/\/kapitalis.com\/tunisie\/wp-content\/uploads\/2022\/07\/manif-violences-policieres.jpg","datePublished":"2022-07-22T19:50:43+00:00","dateModified":"2022-07-22T19:52:42+00:00","description":"Les manifestants et des activistes ainsi que des militants de plusieurs partis ont d\u00e9nonc\u00e9 la r\u00e9pression polici\u00e8re, lors du rassemblement contre le r\u00e9f\u00e9rendum du 25 juillet, organis\u00e9 ce vendredi 22 juillet 2022 \u00e0 l'Av. Bourguiba \u00e0 Tunis, tout en mettant en garde contre le retour de la dictature en Tunisie.","breadcrumb":{"@id":"https:\/\/kapitalis.com\/tunisie\/2022\/07\/22\/tunisie-la-societe-civile-denonce-les-violences-policieres-a-tunis-lors-de-la-manifestation-contre-le-referendum\/#breadcrumb"},"inLanguage":"fr-FR","potentialAction":[{"@type":"ReadAction","target":["https:\/\/kapitalis.com\/tunisie\/2022\/07\/22\/tunisie-la-societe-civile-denonce-les-violences-policieres-a-tunis-lors-de-la-manifestation-contre-le-referendum\/"]}]},{"@type":"ImageObject","inLanguage":"fr-FR","@id":"https:\/\/kapitalis.com\/tunisie\/2022\/07\/22\/tunisie-la-societe-civile-denonce-les-violences-policieres-a-tunis-lors-de-la-manifestation-contre-le-referendum\/#primaryimage","url":"https:\/\/kapitalis.com\/tunisie\/wp-content\/uploads\/2022\/07\/manif-violences-policieres.jpg","contentUrl":"https:\/\/kapitalis.com\/tunisie\/wp-content\/uploads\/2022\/07\/manif-violences-policieres.jpg","width":1200,"height":630},{"@type":"BreadcrumbList","@id":"https:\/\/kapitalis.com\/tunisie\/2022\/07\/22\/tunisie-la-societe-civile-denonce-les-violences-policieres-a-tunis-lors-de-la-manifestation-contre-le-referendum\/#breadcrumb","itemListElement":[{"@type":"ListItem","position":1,"name":"Accueil","item":"https:\/\/kapitalis.com\/tunisie\/"},{"@type":"ListItem","position":2,"name":"Tunisie : La soci\u00e9t\u00e9 civile d\u00e9nonce les violences polici\u00e8res, \u00e0 Tunis, lors de la manifestation contre le r\u00e9f\u00e9rendum"}]},{"@type":"WebSite","@id":"https:\/\/kapitalis.com\/tunisie\/#website","url":"https:\/\/kapitalis.com\/tunisie\/","name":"Kapitalis","description":"L&#039;actualit\u00e9 en Tunisie et dans le monde","publisher":{"@id":"https:\/\/kapitalis.com\/tunisie\/#organization"},"potentialAction":[{"@type":"SearchAction","target":{"@type":"EntryPoint","urlTemplate":"https:\/\/kapitalis.com\/tunisie\/?s={search_term_string}"},"query-input":{"@type":"PropertyValueSpecification","valueRequired":true,"valueName":"search_term_string"}}],"inLanguage":"fr-FR"},{"@type":"Organization","@id":"https:\/\/kapitalis.com\/tunisie\/#organization","name":"Kapitalis","url":"https:\/\/kapitalis.com\/tunisie\/","logo":{"@type":"ImageObject","inLanguage":"fr-FR","@id":"https:\/\/kapitalis.com\/tunisie\/#\/schema\/logo\/image\/","url":"https:\/\/kapitalis.com\/tunisie\/wp-content\/uploads\/2022\/05\/Kapitalis-big-size.png","contentUrl":"https:\/\/kapitalis.com\/tunisie\/wp-content\/uploads\/2022\/05\/Kapitalis-big-size.png","width":5000,"height":1500,"caption":"Kapitalis"},"image":{"@id":"https:\/\/kapitalis.com\/tunisie\/#\/schema\/logo\/image\/"},"sameAs":["https:\/\/www.facebook.com\/KapitalisInfo\/","https:\/\/x.com\/KapitalisInfo","https:\/\/www.youtube.com\/channel\/UC-yDYrHyfFBWWZaOw3FPg9Q"]},{"@type":"Person","@id":"https:\/\/kapitalis.com\/tunisie\/#\/schema\/person\/74bbde0154d49d790a92aaeac5bc01d5","name":"Yusra NY","url":"https:\/\/kapitalis.com\/tunisie\/author\/yuza_adam\/"}]}},"_links":{"self":[{"href":"https:\/\/kapitalis.com\/tunisie\/wp-json\/wp\/v2\/posts\/2443975","targetHints":{"allow":["GET"]}}],"collection":[{"href":"https:\/\/kapitalis.com\/tunisie\/wp-json\/wp\/v2\/posts"}],"about":[{"href":"https:\/\/kapitalis.com\/tunisie\/wp-json\/wp\/v2\/types\/post"}],"author":[{"embeddable":true,"href":"https:\/\/kapitalis.com\/tunisie\/wp-json\/wp\/v2\/users\/6"}],"replies":[{"embeddable":true,"href":"https:\/\/kapitalis.com\/tunisie\/wp-json\/wp\/v2\/comments?post=2443975"}],"version-history":[{"count":0,"href":"https:\/\/kapitalis.com\/tunisie\/wp-json\/wp\/v2\/posts\/2443975\/revisions"}],"wp:featuredmedia":[{"embeddable":true,"href":"https:\/\/kapitalis.com\/tunisie\/wp-json\/wp\/v2\/media\/2444208"}],"wp:attachment":[{"href":"https:\/\/kapitalis.com\/tunisie\/wp-json\/wp\/v2\/media?parent=2443975"}],"wp:term":[{"taxonomy":"category","embeddable":true,"href":"https:\/\/kapitalis.com\/tunisie\/wp-json\/wp\/v2\/categories?post=2443975"},{"taxonomy":"post_tag","embeddable":true,"href":"https:\/\/kapitalis.com\/tunisie\/wp-json\/wp\/v2\/tags?post=2443975"}],"curies":[{"name":"wp","href":"https:\/\/api.w.org\/{rel}","templated":true}]}}