{"id":244922,"date":"2019-10-04T18:29:25","date_gmt":"2019-10-04T17:29:25","guid":{"rendered":"http:\/\/kapitalis.com\/tunisie\/?p=244922"},"modified":"2019-10-04T18:32:38","modified_gmt":"2019-10-04T17:32:38","slug":"mohamed-ennaceur-lindependance-de-la-justice-est-un-principe-non-negociable-video","status":"publish","type":"post","link":"https:\/\/kapitalis.com\/tunisie\/2019\/10\/04\/mohamed-ennaceur-lindependance-de-la-justice-est-un-principe-non-negociable-video\/","title":{"rendered":"Mohamed Ennaceur : \u00abL&rsquo;ind\u00e9pendance de la justice est un principe non n\u00e9gociable\u00bb (vid\u00e9o)"},"content":{"rendered":"\n<figure class=\"wp-block-image\"><img decoding=\"async\" src=\"http:\/\/kapitalis.com\/tunisie\/wp-content\/uploads\/2019\/10\/Med-Ennaceur-4-oct-2019.jpg\" alt=\"\" class=\"wp-image-244902\"\/><\/figure>\n\n\n\n<p><strong><em>Le pr\u00e9sident de la r\u00e9publique par int\u00e9rim, Mohamed Ennaceur, a appel\u00e9 \u00e0 prot\u00e9ger la cr\u00e9dibilit\u00e9 des \u00e9lections et de la transition d\u00e9mocratique, tout trouvant une solution pour assurer le principe de l&rsquo;\u00e9galit\u00e9 des chances entre les 2 candidats \u00e0 la pr\u00e9sidentielle.<\/em><\/strong><\/p>\n\n\n\n<!--more-->\n\n\n\n<p>\u00ab<em>L&rsquo;ind\u00e9pendance de la justice est un principe non n\u00e9gociable<\/em>\u00bb, a-t-il indiqu\u00e9 cet apr\u00e8s-midi, vendredi 4 octobre 2019, lors de son allocution sur la cha\u00eene nationale Watania 1, en ajoutant que tout en respectant ce principe, il faut trouver une solution pour que Nabil Karoui, candidat au 2e tour de la pr\u00e9sidentielle, puisse mener sa campagne \u00e9lectorale et s&rsquo;adresser aux Tunisiens, au m\u00eame titre que son concurrent Ka\u00efs Sa\u00efed.<\/p>\n\n\n\n<figure class=\"wp-block-embed-facebook wp-block-embed is-type-video is-provider-facebook\"><div class=\"wp-block-embed__wrapper\">\nhttps:\/\/www.facebook.com\/Presidence.tn\/videos\/409912069669975\/?q=pr%C3%A9sidence%20tunisie%20%D8%B1%D8%A6%D8%A7%D8%B3%D8%A9%20%D8%A7%D9%84%D8%AC%D9%85%D9%87%D9%88%D8%B1%D9%8A%D8%A9%20%D8%A7%D9%84%D8%AA%D9%88%D9%86%D8%B3%D9%8A%D8%A9&#038;epa=SEARCH_BOX\n<\/div><\/figure>\n\n\n\n<p>Mohamed Ennaceur a \u00e9galement appel\u00e9 les Tunisiens \u00e0 aller voter le 13 octobre 2019 pour choisir leur pr\u00e9sident et r\u00e9ussir cette \u00e9tape \u00e9lectorale qui jouera un r\u00f4le d\u00e9terminant dans l\u2019avenir du pays, pour les 5 prochaines ann\u00e9es, a-t-il dit, en ajoutant qu&rsquo;il suit de pr\u00e8s le dossier de Nabil Karoui et qu&rsquo;il s&rsquo;est entretenu \u00e0 ce propos avec le ministre de la justice et le pr\u00e9sident de l&rsquo;Instance sup\u00e9rieure ind\u00e9pendante pour les \u00e9lections (Isie).<\/p>\n\n\n\n<p>Le pr\u00e9sident de la r\u00e9publique par int\u00e9rim n&rsquo;a finalement rien apport\u00e9 de nouveau, si ce n&rsquo;est qu&rsquo;il a encore \u00e9voqu\u00e9 ce fameux principe d&rsquo;\u00e9galit\u00e9 des chances entre les candidats, un principe soudain devenu primordial, alors que Nabil Karoui a durant des ann\u00e9es utilis\u00e9 son association et sa cha\u00eene  Nessma TV (et \u00e7a continue au d\u00e9pens de la loi et malgr\u00e9 les alertes de la Haica), pour faire sa publicit\u00e9 politique, sans que ni l&rsquo;Isie, ni la pr\u00e9sidence , ni ceux qui nous bassinent avec cet argument n&rsquo;aient senti le besoin d\u2019invertir&#8230;<\/p>\n\n\n\n<p style=\"text-align:right\"><strong>Y. N.<\/strong><\/p>\n","protected":false},"excerpt":{"rendered":"<p>Le pr\u00e9sident de la r\u00e9publique par int\u00e9rim, Mohamed Ennaceur, a appel\u00e9 \u00e0 prot\u00e9ger la cr\u00e9dibilit\u00e9 des \u00e9lections et de la transition d\u00e9mocratique, tout trouvant une solution pour assurer le principe de l&rsquo;\u00e9galit\u00e9 des chances entre les 2 candidats \u00e0 la pr\u00e9sidentielle.<\/p>\n","protected":false},"author":6,"featured_media":0,"comment_status":"open","ping_status":"open","sticky":false,"template":"","format":"standard","meta":{"footnotes":""},"categories":[997,2433,4806],"tags":[65886,313,1710,651,4797,62643],"class_list":["post-244922","post","type-post","status-publish","format-standard","hentry","category-politique","category-tunisie","category-videos","tag-egalite-chances","tag-elections","tag-mohamed-ennaceur","tag-nabil-karoui","tag-presidentielle","tag-tunisie"],"yoast_head":"<!-- This site is optimized with the Yoast SEO plugin v26.6 - https:\/\/yoast.com\/wordpress\/plugins\/seo\/ -->\n<title>Mohamed Ennaceur : \u00abL&#039;ind\u00e9pendance de la justice est un principe non n\u00e9gociable\u00bb (vid\u00e9o) - Kapitalis<\/title>\n<meta name=\"robots\" content=\"index, follow, max-snippet:-1, max-image-preview:large, max-video-preview:-1\" \/>\n<link rel=\"canonical\" href=\"https:\/\/kapitalis.com\/tunisie\/2019\/10\/04\/mohamed-ennaceur-lindependance-de-la-justice-est-un-principe-non-negociable-video\/\" \/>\n<meta property=\"og:locale\" content=\"fr_FR\" \/>\n<meta property=\"og:type\" content=\"article\" \/>\n<meta property=\"og:title\" content=\"Mohamed Ennaceur : \u00abL&#039;ind\u00e9pendance de la justice est un principe non n\u00e9gociable\u00bb (vid\u00e9o) - Kapitalis\" \/>\n<meta property=\"og:description\" content=\"Le pr\u00e9sident de la r\u00e9publique par int\u00e9rim, Mohamed Ennaceur, a appel\u00e9 \u00e0 prot\u00e9ger la cr\u00e9dibilit\u00e9 des \u00e9lections et de la transition d\u00e9mocratique, tout trouvant une solution pour assurer le principe de l&rsquo;\u00e9galit\u00e9 des chances entre les 2 candidats \u00e0 la pr\u00e9sidentielle.\" \/>\n<meta property=\"og:url\" content=\"https:\/\/kapitalis.com\/tunisie\/2019\/10\/04\/mohamed-ennaceur-lindependance-de-la-justice-est-un-principe-non-negociable-video\/\" \/>\n<meta property=\"og:site_name\" content=\"Kapitalis\" \/>\n<meta property=\"article:publisher\" content=\"https:\/\/www.facebook.com\/KapitalisInfo\/\" \/>\n<meta property=\"article:published_time\" content=\"2019-10-04T17:29:25+00:00\" \/>\n<meta property=\"article:modified_time\" content=\"2019-10-04T17:32:38+00:00\" \/>\n<meta property=\"og:image\" content=\"http:\/\/kapitalis.com\/tunisie\/wp-content\/uploads\/2019\/10\/Med-Ennaceur-4-oct-2019.jpg\" \/>\n<meta name=\"author\" content=\"Yusra NY\" \/>\n<meta name=\"twitter:card\" content=\"summary_large_image\" \/>\n<meta name=\"twitter:creator\" content=\"@KapitalisInfo\" \/>\n<meta name=\"twitter:site\" content=\"@KapitalisInfo\" \/>\n<meta name=\"twitter:label1\" content=\"\u00c9crit par\" \/>\n\t<meta name=\"twitter:data1\" content=\"Yusra NY\" \/>\n\t<meta name=\"twitter:label2\" content=\"Dur\u00e9e de lecture estim\u00e9e\" \/>\n\t<meta name=\"twitter:data2\" content=\"2 minutes\" \/>\n<script type=\"application\/ld+json\" class=\"yoast-schema-graph\">{\"@context\":\"https:\/\/schema.org\",\"@graph\":[{\"@type\":\"Article\",\"@id\":\"https:\/\/kapitalis.com\/tunisie\/2019\/10\/04\/mohamed-ennaceur-lindependance-de-la-justice-est-un-principe-non-negociable-video\/#article\",\"isPartOf\":{\"@id\":\"https:\/\/kapitalis.com\/tunisie\/2019\/10\/04\/mohamed-ennaceur-lindependance-de-la-justice-est-un-principe-non-negociable-video\/\"},\"author\":{\"name\":\"Yusra NY\",\"@id\":\"https:\/\/kapitalis.com\/tunisie\/#\/schema\/person\/74bbde0154d49d790a92aaeac5bc01d5\"},\"headline\":\"Mohamed Ennaceur : \u00abL&rsquo;ind\u00e9pendance de la justice est un principe non n\u00e9gociable\u00bb (vid\u00e9o)\",\"datePublished\":\"2019-10-04T17:29:25+00:00\",\"dateModified\":\"2019-10-04T17:32:38+00:00\",\"mainEntityOfPage\":{\"@id\":\"https:\/\/kapitalis.com\/tunisie\/2019\/10\/04\/mohamed-ennaceur-lindependance-de-la-justice-est-un-principe-non-negociable-video\/\"},\"wordCount\":368,\"commentCount\":6,\"publisher\":{\"@id\":\"https:\/\/kapitalis.com\/tunisie\/#organization\"},\"image\":{\"@id\":\"https:\/\/kapitalis.com\/tunisie\/2019\/10\/04\/mohamed-ennaceur-lindependance-de-la-justice-est-un-principe-non-negociable-video\/#primaryimage\"},\"thumbnailUrl\":\"http:\/\/kapitalis.com\/tunisie\/wp-content\/uploads\/2019\/10\/Med-Ennaceur-4-oct-2019.jpg\",\"keywords\":[\"\u00e9galit\u00e9 chances\",\"\u00e9lections\",\"Mohamed Ennaceur\",\"Nabil Karoui\",\"pr\u00e9sidentielle\",\"Tunisie\"],\"articleSection\":[\"POLITIQUE\",\"Tunisie\",\"VIDEOS\"],\"inLanguage\":\"fr-FR\",\"potentialAction\":[{\"@type\":\"CommentAction\",\"name\":\"Comment\",\"target\":[\"https:\/\/kapitalis.com\/tunisie\/2019\/10\/04\/mohamed-ennaceur-lindependance-de-la-justice-est-un-principe-non-negociable-video\/#respond\"]}]},{\"@type\":\"WebPage\",\"@id\":\"https:\/\/kapitalis.com\/tunisie\/2019\/10\/04\/mohamed-ennaceur-lindependance-de-la-justice-est-un-principe-non-negociable-video\/\",\"url\":\"https:\/\/kapitalis.com\/tunisie\/2019\/10\/04\/mohamed-ennaceur-lindependance-de-la-justice-est-un-principe-non-negociable-video\/\",\"name\":\"Mohamed Ennaceur : \u00abL'ind\u00e9pendance de la justice est un principe non n\u00e9gociable\u00bb (vid\u00e9o) - Kapitalis\",\"isPartOf\":{\"@id\":\"https:\/\/kapitalis.com\/tunisie\/#website\"},\"primaryImageOfPage\":{\"@id\":\"https:\/\/kapitalis.com\/tunisie\/2019\/10\/04\/mohamed-ennaceur-lindependance-de-la-justice-est-un-principe-non-negociable-video\/#primaryimage\"},\"image\":{\"@id\":\"https:\/\/kapitalis.com\/tunisie\/2019\/10\/04\/mohamed-ennaceur-lindependance-de-la-justice-est-un-principe-non-negociable-video\/#primaryimage\"},\"thumbnailUrl\":\"http:\/\/kapitalis.com\/tunisie\/wp-content\/uploads\/2019\/10\/Med-Ennaceur-4-oct-2019.jpg\",\"datePublished\":\"2019-10-04T17:29:25+00:00\",\"dateModified\":\"2019-10-04T17:32:38+00:00\",\"breadcrumb\":{\"@id\":\"https:\/\/kapitalis.com\/tunisie\/2019\/10\/04\/mohamed-ennaceur-lindependance-de-la-justice-est-un-principe-non-negociable-video\/#breadcrumb\"},\"inLanguage\":\"fr-FR\",\"potentialAction\":[{\"@type\":\"ReadAction\",\"target\":[\"https:\/\/kapitalis.com\/tunisie\/2019\/10\/04\/mohamed-ennaceur-lindependance-de-la-justice-est-un-principe-non-negociable-video\/\"]}]},{\"@type\":\"ImageObject\",\"inLanguage\":\"fr-FR\",\"@id\":\"https:\/\/kapitalis.com\/tunisie\/2019\/10\/04\/mohamed-ennaceur-lindependance-de-la-justice-est-un-principe-non-negociable-video\/#primaryimage\",\"url\":\"\",\"contentUrl\":\"\"},{\"@type\":\"BreadcrumbList\",\"@id\":\"https:\/\/kapitalis.com\/tunisie\/2019\/10\/04\/mohamed-ennaceur-lindependance-de-la-justice-est-un-principe-non-negociable-video\/#breadcrumb\",\"itemListElement\":[{\"@type\":\"ListItem\",\"position\":1,\"name\":\"Accueil\",\"item\":\"https:\/\/kapitalis.com\/tunisie\/\"},{\"@type\":\"ListItem\",\"position\":2,\"name\":\"Mohamed Ennaceur : \u00abL&rsquo;ind\u00e9pendance de la justice est un principe non n\u00e9gociable\u00bb (vid\u00e9o)\"}]},{\"@type\":\"WebSite\",\"@id\":\"https:\/\/kapitalis.com\/tunisie\/#website\",\"url\":\"https:\/\/kapitalis.com\/tunisie\/\",\"name\":\"Kapitalis\",\"description\":\"L&#039;actualit\u00e9 en Tunisie et dans le monde\",\"publisher\":{\"@id\":\"https:\/\/kapitalis.com\/tunisie\/#organization\"},\"potentialAction\":[{\"@type\":\"SearchAction\",\"target\":{\"@type\":\"EntryPoint\",\"urlTemplate\":\"https:\/\/kapitalis.com\/tunisie\/?s={search_term_string}\"},\"query-input\":{\"@type\":\"PropertyValueSpecification\",\"valueRequired\":true,\"valueName\":\"search_term_string\"}}],\"inLanguage\":\"fr-FR\"},{\"@type\":\"Organization\",\"@id\":\"https:\/\/kapitalis.com\/tunisie\/#organization\",\"name\":\"Kapitalis\",\"url\":\"https:\/\/kapitalis.com\/tunisie\/\",\"logo\":{\"@type\":\"ImageObject\",\"inLanguage\":\"fr-FR\",\"@id\":\"https:\/\/kapitalis.com\/tunisie\/#\/schema\/logo\/image\/\",\"url\":\"https:\/\/kapitalis.com\/tunisie\/wp-content\/uploads\/2022\/05\/Kapitalis-big-size.png\",\"contentUrl\":\"https:\/\/kapitalis.com\/tunisie\/wp-content\/uploads\/2022\/05\/Kapitalis-big-size.png\",\"width\":5000,\"height\":1500,\"caption\":\"Kapitalis\"},\"image\":{\"@id\":\"https:\/\/kapitalis.com\/tunisie\/#\/schema\/logo\/image\/\"},\"sameAs\":[\"https:\/\/www.facebook.com\/KapitalisInfo\/\",\"https:\/\/x.com\/KapitalisInfo\",\"https:\/\/www.youtube.com\/channel\/UC-yDYrHyfFBWWZaOw3FPg9Q\"]},{\"@type\":\"Person\",\"@id\":\"https:\/\/kapitalis.com\/tunisie\/#\/schema\/person\/74bbde0154d49d790a92aaeac5bc01d5\",\"name\":\"Yusra NY\",\"url\":\"https:\/\/kapitalis.com\/tunisie\/author\/yuza_adam\/\"}]}<\/script>\n<!-- \/ Yoast SEO plugin. -->","yoast_head_json":{"title":"Mohamed Ennaceur : \u00abL'ind\u00e9pendance de la justice est un principe non n\u00e9gociable\u00bb (vid\u00e9o) - Kapitalis","robots":{"index":"index","follow":"follow","max-snippet":"max-snippet:-1","max-image-preview":"max-image-preview:large","max-video-preview":"max-video-preview:-1"},"canonical":"https:\/\/kapitalis.com\/tunisie\/2019\/10\/04\/mohamed-ennaceur-lindependance-de-la-justice-est-un-principe-non-negociable-video\/","og_locale":"fr_FR","og_type":"article","og_title":"Mohamed Ennaceur : \u00abL'ind\u00e9pendance de la justice est un principe non n\u00e9gociable\u00bb (vid\u00e9o) - Kapitalis","og_description":"Le pr\u00e9sident de la r\u00e9publique par int\u00e9rim, Mohamed Ennaceur, a appel\u00e9 \u00e0 prot\u00e9ger la cr\u00e9dibilit\u00e9 des \u00e9lections et de la transition d\u00e9mocratique, tout trouvant une solution pour assurer le principe de l&rsquo;\u00e9galit\u00e9 des chances entre les 2 candidats \u00e0 la pr\u00e9sidentielle.","og_url":"https:\/\/kapitalis.com\/tunisie\/2019\/10\/04\/mohamed-ennaceur-lindependance-de-la-justice-est-un-principe-non-negociable-video\/","og_site_name":"Kapitalis","article_publisher":"https:\/\/www.facebook.com\/KapitalisInfo\/","article_published_time":"2019-10-04T17:29:25+00:00","article_modified_time":"2019-10-04T17:32:38+00:00","og_image":[{"url":"http:\/\/kapitalis.com\/tunisie\/wp-content\/uploads\/2019\/10\/Med-Ennaceur-4-oct-2019.jpg","type":"","width":"","height":""}],"author":"Yusra NY","twitter_card":"summary_large_image","twitter_creator":"@KapitalisInfo","twitter_site":"@KapitalisInfo","twitter_misc":{"\u00c9crit par":"Yusra NY","Dur\u00e9e de lecture estim\u00e9e":"2 minutes"},"schema":{"@context":"https:\/\/schema.org","@graph":[{"@type":"Article","@id":"https:\/\/kapitalis.com\/tunisie\/2019\/10\/04\/mohamed-ennaceur-lindependance-de-la-justice-est-un-principe-non-negociable-video\/#article","isPartOf":{"@id":"https:\/\/kapitalis.com\/tunisie\/2019\/10\/04\/mohamed-ennaceur-lindependance-de-la-justice-est-un-principe-non-negociable-video\/"},"author":{"name":"Yusra NY","@id":"https:\/\/kapitalis.com\/tunisie\/#\/schema\/person\/74bbde0154d49d790a92aaeac5bc01d5"},"headline":"Mohamed Ennaceur : \u00abL&rsquo;ind\u00e9pendance de la justice est un principe non n\u00e9gociable\u00bb (vid\u00e9o)","datePublished":"2019-10-04T17:29:25+00:00","dateModified":"2019-10-04T17:32:38+00:00","mainEntityOfPage":{"@id":"https:\/\/kapitalis.com\/tunisie\/2019\/10\/04\/mohamed-ennaceur-lindependance-de-la-justice-est-un-principe-non-negociable-video\/"},"wordCount":368,"commentCount":6,"publisher":{"@id":"https:\/\/kapitalis.com\/tunisie\/#organization"},"image":{"@id":"https:\/\/kapitalis.com\/tunisie\/2019\/10\/04\/mohamed-ennaceur-lindependance-de-la-justice-est-un-principe-non-negociable-video\/#primaryimage"},"thumbnailUrl":"http:\/\/kapitalis.com\/tunisie\/wp-content\/uploads\/2019\/10\/Med-Ennaceur-4-oct-2019.jpg","keywords":["\u00e9galit\u00e9 chances","\u00e9lections","Mohamed Ennaceur","Nabil Karoui","pr\u00e9sidentielle","Tunisie"],"articleSection":["POLITIQUE","Tunisie","VIDEOS"],"inLanguage":"fr-FR","potentialAction":[{"@type":"CommentAction","name":"Comment","target":["https:\/\/kapitalis.com\/tunisie\/2019\/10\/04\/mohamed-ennaceur-lindependance-de-la-justice-est-un-principe-non-negociable-video\/#respond"]}]},{"@type":"WebPage","@id":"https:\/\/kapitalis.com\/tunisie\/2019\/10\/04\/mohamed-ennaceur-lindependance-de-la-justice-est-un-principe-non-negociable-video\/","url":"https:\/\/kapitalis.com\/tunisie\/2019\/10\/04\/mohamed-ennaceur-lindependance-de-la-justice-est-un-principe-non-negociable-video\/","name":"Mohamed Ennaceur : \u00abL'ind\u00e9pendance de la justice est un principe non n\u00e9gociable\u00bb (vid\u00e9o) - Kapitalis","isPartOf":{"@id":"https:\/\/kapitalis.com\/tunisie\/#website"},"primaryImageOfPage":{"@id":"https:\/\/kapitalis.com\/tunisie\/2019\/10\/04\/mohamed-ennaceur-lindependance-de-la-justice-est-un-principe-non-negociable-video\/#primaryimage"},"image":{"@id":"https:\/\/kapitalis.com\/tunisie\/2019\/10\/04\/mohamed-ennaceur-lindependance-de-la-justice-est-un-principe-non-negociable-video\/#primaryimage"},"thumbnailUrl":"http:\/\/kapitalis.com\/tunisie\/wp-content\/uploads\/2019\/10\/Med-Ennaceur-4-oct-2019.jpg","datePublished":"2019-10-04T17:29:25+00:00","dateModified":"2019-10-04T17:32:38+00:00","breadcrumb":{"@id":"https:\/\/kapitalis.com\/tunisie\/2019\/10\/04\/mohamed-ennaceur-lindependance-de-la-justice-est-un-principe-non-negociable-video\/#breadcrumb"},"inLanguage":"fr-FR","potentialAction":[{"@type":"ReadAction","target":["https:\/\/kapitalis.com\/tunisie\/2019\/10\/04\/mohamed-ennaceur-lindependance-de-la-justice-est-un-principe-non-negociable-video\/"]}]},{"@type":"ImageObject","inLanguage":"fr-FR","@id":"https:\/\/kapitalis.com\/tunisie\/2019\/10\/04\/mohamed-ennaceur-lindependance-de-la-justice-est-un-principe-non-negociable-video\/#primaryimage","url":"","contentUrl":""},{"@type":"BreadcrumbList","@id":"https:\/\/kapitalis.com\/tunisie\/2019\/10\/04\/mohamed-ennaceur-lindependance-de-la-justice-est-un-principe-non-negociable-video\/#breadcrumb","itemListElement":[{"@type":"ListItem","position":1,"name":"Accueil","item":"https:\/\/kapitalis.com\/tunisie\/"},{"@type":"ListItem","position":2,"name":"Mohamed Ennaceur : \u00abL&rsquo;ind\u00e9pendance de la justice est un principe non n\u00e9gociable\u00bb (vid\u00e9o)"}]},{"@type":"WebSite","@id":"https:\/\/kapitalis.com\/tunisie\/#website","url":"https:\/\/kapitalis.com\/tunisie\/","name":"Kapitalis","description":"L&#039;actualit\u00e9 en Tunisie et dans le monde","publisher":{"@id":"https:\/\/kapitalis.com\/tunisie\/#organization"},"potentialAction":[{"@type":"SearchAction","target":{"@type":"EntryPoint","urlTemplate":"https:\/\/kapitalis.com\/tunisie\/?s={search_term_string}"},"query-input":{"@type":"PropertyValueSpecification","valueRequired":true,"valueName":"search_term_string"}}],"inLanguage":"fr-FR"},{"@type":"Organization","@id":"https:\/\/kapitalis.com\/tunisie\/#organization","name":"Kapitalis","url":"https:\/\/kapitalis.com\/tunisie\/","logo":{"@type":"ImageObject","inLanguage":"fr-FR","@id":"https:\/\/kapitalis.com\/tunisie\/#\/schema\/logo\/image\/","url":"https:\/\/kapitalis.com\/tunisie\/wp-content\/uploads\/2022\/05\/Kapitalis-big-size.png","contentUrl":"https:\/\/kapitalis.com\/tunisie\/wp-content\/uploads\/2022\/05\/Kapitalis-big-size.png","width":5000,"height":1500,"caption":"Kapitalis"},"image":{"@id":"https:\/\/kapitalis.com\/tunisie\/#\/schema\/logo\/image\/"},"sameAs":["https:\/\/www.facebook.com\/KapitalisInfo\/","https:\/\/x.com\/KapitalisInfo","https:\/\/www.youtube.com\/channel\/UC-yDYrHyfFBWWZaOw3FPg9Q"]},{"@type":"Person","@id":"https:\/\/kapitalis.com\/tunisie\/#\/schema\/person\/74bbde0154d49d790a92aaeac5bc01d5","name":"Yusra NY","url":"https:\/\/kapitalis.com\/tunisie\/author\/yuza_adam\/"}]}},"_links":{"self":[{"href":"https:\/\/kapitalis.com\/tunisie\/wp-json\/wp\/v2\/posts\/244922","targetHints":{"allow":["GET"]}}],"collection":[{"href":"https:\/\/kapitalis.com\/tunisie\/wp-json\/wp\/v2\/posts"}],"about":[{"href":"https:\/\/kapitalis.com\/tunisie\/wp-json\/wp\/v2\/types\/post"}],"author":[{"embeddable":true,"href":"https:\/\/kapitalis.com\/tunisie\/wp-json\/wp\/v2\/users\/6"}],"replies":[{"embeddable":true,"href":"https:\/\/kapitalis.com\/tunisie\/wp-json\/wp\/v2\/comments?post=244922"}],"version-history":[{"count":0,"href":"https:\/\/kapitalis.com\/tunisie\/wp-json\/wp\/v2\/posts\/244922\/revisions"}],"wp:attachment":[{"href":"https:\/\/kapitalis.com\/tunisie\/wp-json\/wp\/v2\/media?parent=244922"}],"wp:term":[{"taxonomy":"category","embeddable":true,"href":"https:\/\/kapitalis.com\/tunisie\/wp-json\/wp\/v2\/categories?post=244922"},{"taxonomy":"post_tag","embeddable":true,"href":"https:\/\/kapitalis.com\/tunisie\/wp-json\/wp\/v2\/tags?post=244922"}],"curies":[{"name":"wp","href":"https:\/\/api.w.org\/{rel}","templated":true}]}}