{"id":2454403,"date":"2022-07-23T12:32:44","date_gmt":"2022-07-23T11:32:44","guid":{"rendered":"https:\/\/kapitalis.com\/tunisie\/?p=2454403"},"modified":"2022-07-23T12:32:47","modified_gmt":"2022-07-23T11:32:47","slug":"tunisie-le-festival-cinetoile-de-retour-avec-ses-projections-a-la-belle-etoile","status":"publish","type":"post","link":"https:\/\/kapitalis.com\/tunisie\/2022\/07\/23\/tunisie-le-festival-cinetoile-de-retour-avec-ses-projections-a-la-belle-etoile\/","title":{"rendered":"Tunisie : Le festival Cin\u00e9toile de retour avec ses projections \u00e0 la belle \u00e9toile"},"content":{"rendered":"\n<p><em><strong>La cinqui\u00e8me \u00e9dition du Festival Cin\u00e9toile d\u00e9marre aujourd\u2019hui, samedi 23 juillet, et se poursuit jusqu\u2019au 30 juillet \u00e0 Nabeul et \u00e0 Hammamet. Une belle s\u00e9lection de films, ainsi qu\u2019un atelier d\u2019\u00e9criture sc\u00e9naristique sont propos\u00e9s au public cin\u00e9phile.<\/strong><\/em><\/p>\n\n\n\n<!--more-->\n\n\n\n<p>Depuis sa cr\u00e9ation en 2017, le festival Cin\u00e9toile propose des projections de films \u00e0 la belle \u00e9toile et offre au public une panoplie de films et de rencontre autour du 7<sup>e<\/sup> art.<\/p>\n\n\n\n<p>Le festival arrive cette ann\u00e9e \u00e0 sa cinqui\u00e8me \u00e9dition qui se tiendra \u00e0 la plage Sidi Mahersi \u00e0 Nabeul ainsi qu\u2019\u00e0 la plage de Hammamet, et sera consacr\u00e9 au court-m\u00e9trage de genre, a annonc\u00e9 le comit\u00e9 directeur du festival.<\/p>\n\n\n\n<p>En plus des projections de films, le festival propose un atelier d\u2019\u00e9criture sc\u00e9naristique qui sera anim\u00e9 par Sami Isma\u00efl.<\/p>\n\n\n\n<p class=\"has-text-align-right\"><strong>F.B<\/strong><\/p>\n","protected":false},"excerpt":{"rendered":"<p>La cinqui\u00e8me \u00e9dition du Festival Cin\u00e9toile d\u00e9marre aujourd\u2019hui, samedi 23 juillet, et se poursuit jusqu\u2019au 30 juillet \u00e0 Nabeul et \u00e0 Hammamet. Une belle s\u00e9lection de films, ainsi qu\u2019un atelier d\u2019\u00e9criture sc\u00e9naristique sont propos\u00e9s au public cin\u00e9phile.<\/p>\n","protected":false},"author":26,"featured_media":2454733,"comment_status":"open","ping_status":"open","sticky":false,"template":"","format":"standard","meta":{"footnotes":""},"categories":[994,2433],"tags":[101563,95007,439,650,62643],"class_list":["post-2454403","post","type-post","status-publish","format-standard","has-post-thumbnail","hentry","category-culture","category-tunisie","tag-cinema-en-plein-air-2","tag-cinetoile","tag-hammamet","tag-nabeul","tag-tunisie"],"yoast_head":"<!-- This site is optimized with the Yoast SEO plugin v26.6 - https:\/\/yoast.com\/wordpress\/plugins\/seo\/ -->\n<title>Tunisie : Le festival Cin\u00e9toile de retour avec ses projections \u00e0 la belle \u00e9toile - Kapitalis<\/title>\n<meta name=\"robots\" content=\"index, follow, max-snippet:-1, max-image-preview:large, max-video-preview:-1\" \/>\n<link rel=\"canonical\" href=\"https:\/\/kapitalis.com\/tunisie\/2022\/07\/23\/tunisie-le-festival-cinetoile-de-retour-avec-ses-projections-a-la-belle-etoile\/\" \/>\n<meta property=\"og:locale\" content=\"fr_FR\" \/>\n<meta property=\"og:type\" content=\"article\" \/>\n<meta property=\"og:title\" content=\"Tunisie : Le festival Cin\u00e9toile de retour avec ses projections \u00e0 la belle \u00e9toile - Kapitalis\" \/>\n<meta property=\"og:description\" content=\"La cinqui\u00e8me \u00e9dition du Festival Cin\u00e9toile d\u00e9marre aujourd\u2019hui, samedi 23 juillet, et se poursuit jusqu\u2019au 30 juillet \u00e0 Nabeul et \u00e0 Hammamet. Une belle s\u00e9lection de films, ainsi qu\u2019un atelier d\u2019\u00e9criture sc\u00e9naristique sont propos\u00e9s au public cin\u00e9phile.\" \/>\n<meta property=\"og:url\" content=\"https:\/\/kapitalis.com\/tunisie\/2022\/07\/23\/tunisie-le-festival-cinetoile-de-retour-avec-ses-projections-a-la-belle-etoile\/\" \/>\n<meta property=\"og:site_name\" content=\"Kapitalis\" \/>\n<meta property=\"article:publisher\" content=\"https:\/\/www.facebook.com\/KapitalisInfo\/\" \/>\n<meta property=\"article:published_time\" content=\"2022-07-23T11:32:44+00:00\" \/>\n<meta property=\"article:modified_time\" content=\"2022-07-23T11:32:47+00:00\" \/>\n<meta property=\"og:image\" content=\"https:\/\/kapitalis.com\/tunisie\/wp-content\/uploads\/2022\/07\/Cinetoile.jpg\" \/>\n\t<meta property=\"og:image:width\" content=\"1200\" \/>\n\t<meta property=\"og:image:height\" content=\"630\" \/>\n\t<meta property=\"og:image:type\" content=\"image\/jpeg\" \/>\n<meta name=\"author\" content=\"Fawz BenAli\" \/>\n<meta name=\"twitter:card\" content=\"summary_large_image\" \/>\n<meta name=\"twitter:creator\" content=\"@KapitalisInfo\" \/>\n<meta name=\"twitter:site\" content=\"@KapitalisInfo\" \/>\n<meta name=\"twitter:label1\" content=\"\u00c9crit par\" \/>\n\t<meta name=\"twitter:data1\" content=\"Fawz BenAli\" \/>\n\t<meta name=\"twitter:label2\" content=\"Dur\u00e9e de lecture estim\u00e9e\" \/>\n\t<meta name=\"twitter:data2\" content=\"1 minute\" \/>\n<script type=\"application\/ld+json\" class=\"yoast-schema-graph\">{\"@context\":\"https:\/\/schema.org\",\"@graph\":[{\"@type\":\"Article\",\"@id\":\"https:\/\/kapitalis.com\/tunisie\/2022\/07\/23\/tunisie-le-festival-cinetoile-de-retour-avec-ses-projections-a-la-belle-etoile\/#article\",\"isPartOf\":{\"@id\":\"https:\/\/kapitalis.com\/tunisie\/2022\/07\/23\/tunisie-le-festival-cinetoile-de-retour-avec-ses-projections-a-la-belle-etoile\/\"},\"author\":{\"name\":\"Fawz BenAli\",\"@id\":\"https:\/\/kapitalis.com\/tunisie\/#\/schema\/person\/73a5ecc1f6ae540c6ed91342eadca948\"},\"headline\":\"Tunisie : Le festival Cin\u00e9toile de retour avec ses projections \u00e0 la belle \u00e9toile\",\"datePublished\":\"2022-07-23T11:32:44+00:00\",\"dateModified\":\"2022-07-23T11:32:47+00:00\",\"mainEntityOfPage\":{\"@id\":\"https:\/\/kapitalis.com\/tunisie\/2022\/07\/23\/tunisie-le-festival-cinetoile-de-retour-avec-ses-projections-a-la-belle-etoile\/\"},\"wordCount\":152,\"commentCount\":0,\"publisher\":{\"@id\":\"https:\/\/kapitalis.com\/tunisie\/#organization\"},\"image\":{\"@id\":\"https:\/\/kapitalis.com\/tunisie\/2022\/07\/23\/tunisie-le-festival-cinetoile-de-retour-avec-ses-projections-a-la-belle-etoile\/#primaryimage\"},\"thumbnailUrl\":\"https:\/\/kapitalis.com\/tunisie\/wp-content\/uploads\/2022\/07\/Cinetoile.jpg\",\"keywords\":[\"cin\u00e9ma en plein-air\",\"Cin\u00e9toile\",\"Hammamet\",\"Nabeul\",\"Tunisie\"],\"articleSection\":[\"CULTURE\",\"Tunisie\"],\"inLanguage\":\"fr-FR\",\"potentialAction\":[{\"@type\":\"CommentAction\",\"name\":\"Comment\",\"target\":[\"https:\/\/kapitalis.com\/tunisie\/2022\/07\/23\/tunisie-le-festival-cinetoile-de-retour-avec-ses-projections-a-la-belle-etoile\/#respond\"]}]},{\"@type\":\"WebPage\",\"@id\":\"https:\/\/kapitalis.com\/tunisie\/2022\/07\/23\/tunisie-le-festival-cinetoile-de-retour-avec-ses-projections-a-la-belle-etoile\/\",\"url\":\"https:\/\/kapitalis.com\/tunisie\/2022\/07\/23\/tunisie-le-festival-cinetoile-de-retour-avec-ses-projections-a-la-belle-etoile\/\",\"name\":\"Tunisie : Le festival Cin\u00e9toile de retour avec ses projections \u00e0 la belle \u00e9toile - Kapitalis\",\"isPartOf\":{\"@id\":\"https:\/\/kapitalis.com\/tunisie\/#website\"},\"primaryImageOfPage\":{\"@id\":\"https:\/\/kapitalis.com\/tunisie\/2022\/07\/23\/tunisie-le-festival-cinetoile-de-retour-avec-ses-projections-a-la-belle-etoile\/#primaryimage\"},\"image\":{\"@id\":\"https:\/\/kapitalis.com\/tunisie\/2022\/07\/23\/tunisie-le-festival-cinetoile-de-retour-avec-ses-projections-a-la-belle-etoile\/#primaryimage\"},\"thumbnailUrl\":\"https:\/\/kapitalis.com\/tunisie\/wp-content\/uploads\/2022\/07\/Cinetoile.jpg\",\"datePublished\":\"2022-07-23T11:32:44+00:00\",\"dateModified\":\"2022-07-23T11:32:47+00:00\",\"breadcrumb\":{\"@id\":\"https:\/\/kapitalis.com\/tunisie\/2022\/07\/23\/tunisie-le-festival-cinetoile-de-retour-avec-ses-projections-a-la-belle-etoile\/#breadcrumb\"},\"inLanguage\":\"fr-FR\",\"potentialAction\":[{\"@type\":\"ReadAction\",\"target\":[\"https:\/\/kapitalis.com\/tunisie\/2022\/07\/23\/tunisie-le-festival-cinetoile-de-retour-avec-ses-projections-a-la-belle-etoile\/\"]}]},{\"@type\":\"ImageObject\",\"inLanguage\":\"fr-FR\",\"@id\":\"https:\/\/kapitalis.com\/tunisie\/2022\/07\/23\/tunisie-le-festival-cinetoile-de-retour-avec-ses-projections-a-la-belle-etoile\/#primaryimage\",\"url\":\"https:\/\/kapitalis.com\/tunisie\/wp-content\/uploads\/2022\/07\/Cinetoile.jpg\",\"contentUrl\":\"https:\/\/kapitalis.com\/tunisie\/wp-content\/uploads\/2022\/07\/Cinetoile.jpg\",\"width\":1200,\"height\":630},{\"@type\":\"BreadcrumbList\",\"@id\":\"https:\/\/kapitalis.com\/tunisie\/2022\/07\/23\/tunisie-le-festival-cinetoile-de-retour-avec-ses-projections-a-la-belle-etoile\/#breadcrumb\",\"itemListElement\":[{\"@type\":\"ListItem\",\"position\":1,\"name\":\"Accueil\",\"item\":\"https:\/\/kapitalis.com\/tunisie\/\"},{\"@type\":\"ListItem\",\"position\":2,\"name\":\"Tunisie : Le festival Cin\u00e9toile de retour avec ses projections \u00e0 la belle \u00e9toile\"}]},{\"@type\":\"WebSite\",\"@id\":\"https:\/\/kapitalis.com\/tunisie\/#website\",\"url\":\"https:\/\/kapitalis.com\/tunisie\/\",\"name\":\"Kapitalis\",\"description\":\"L&#039;actualit\u00e9 en Tunisie et dans le monde\",\"publisher\":{\"@id\":\"https:\/\/kapitalis.com\/tunisie\/#organization\"},\"potentialAction\":[{\"@type\":\"SearchAction\",\"target\":{\"@type\":\"EntryPoint\",\"urlTemplate\":\"https:\/\/kapitalis.com\/tunisie\/?s={search_term_string}\"},\"query-input\":{\"@type\":\"PropertyValueSpecification\",\"valueRequired\":true,\"valueName\":\"search_term_string\"}}],\"inLanguage\":\"fr-FR\"},{\"@type\":\"Organization\",\"@id\":\"https:\/\/kapitalis.com\/tunisie\/#organization\",\"name\":\"Kapitalis\",\"url\":\"https:\/\/kapitalis.com\/tunisie\/\",\"logo\":{\"@type\":\"ImageObject\",\"inLanguage\":\"fr-FR\",\"@id\":\"https:\/\/kapitalis.com\/tunisie\/#\/schema\/logo\/image\/\",\"url\":\"https:\/\/kapitalis.com\/tunisie\/wp-content\/uploads\/2022\/05\/Kapitalis-big-size.png\",\"contentUrl\":\"https:\/\/kapitalis.com\/tunisie\/wp-content\/uploads\/2022\/05\/Kapitalis-big-size.png\",\"width\":5000,\"height\":1500,\"caption\":\"Kapitalis\"},\"image\":{\"@id\":\"https:\/\/kapitalis.com\/tunisie\/#\/schema\/logo\/image\/\"},\"sameAs\":[\"https:\/\/www.facebook.com\/KapitalisInfo\/\",\"https:\/\/x.com\/KapitalisInfo\",\"https:\/\/www.youtube.com\/channel\/UC-yDYrHyfFBWWZaOw3FPg9Q\"]},{\"@type\":\"Person\",\"@id\":\"https:\/\/kapitalis.com\/tunisie\/#\/schema\/person\/73a5ecc1f6ae540c6ed91342eadca948\",\"name\":\"Fawz BenAli\",\"url\":\"https:\/\/kapitalis.com\/tunisie\/author\/fawz\/\"}]}<\/script>\n<!-- \/ Yoast SEO plugin. -->","yoast_head_json":{"title":"Tunisie : Le festival Cin\u00e9toile de retour avec ses projections \u00e0 la belle \u00e9toile - Kapitalis","robots":{"index":"index","follow":"follow","max-snippet":"max-snippet:-1","max-image-preview":"max-image-preview:large","max-video-preview":"max-video-preview:-1"},"canonical":"https:\/\/kapitalis.com\/tunisie\/2022\/07\/23\/tunisie-le-festival-cinetoile-de-retour-avec-ses-projections-a-la-belle-etoile\/","og_locale":"fr_FR","og_type":"article","og_title":"Tunisie : Le festival Cin\u00e9toile de retour avec ses projections \u00e0 la belle \u00e9toile - Kapitalis","og_description":"La cinqui\u00e8me \u00e9dition du Festival Cin\u00e9toile d\u00e9marre aujourd\u2019hui, samedi 23 juillet, et se poursuit jusqu\u2019au 30 juillet \u00e0 Nabeul et \u00e0 Hammamet. Une belle s\u00e9lection de films, ainsi qu\u2019un atelier d\u2019\u00e9criture sc\u00e9naristique sont propos\u00e9s au public cin\u00e9phile.","og_url":"https:\/\/kapitalis.com\/tunisie\/2022\/07\/23\/tunisie-le-festival-cinetoile-de-retour-avec-ses-projections-a-la-belle-etoile\/","og_site_name":"Kapitalis","article_publisher":"https:\/\/www.facebook.com\/KapitalisInfo\/","article_published_time":"2022-07-23T11:32:44+00:00","article_modified_time":"2022-07-23T11:32:47+00:00","og_image":[{"width":1200,"height":630,"url":"https:\/\/kapitalis.com\/tunisie\/wp-content\/uploads\/2022\/07\/Cinetoile.jpg","type":"image\/jpeg"}],"author":"Fawz BenAli","twitter_card":"summary_large_image","twitter_creator":"@KapitalisInfo","twitter_site":"@KapitalisInfo","twitter_misc":{"\u00c9crit par":"Fawz BenAli","Dur\u00e9e de lecture estim\u00e9e":"1 minute"},"schema":{"@context":"https:\/\/schema.org","@graph":[{"@type":"Article","@id":"https:\/\/kapitalis.com\/tunisie\/2022\/07\/23\/tunisie-le-festival-cinetoile-de-retour-avec-ses-projections-a-la-belle-etoile\/#article","isPartOf":{"@id":"https:\/\/kapitalis.com\/tunisie\/2022\/07\/23\/tunisie-le-festival-cinetoile-de-retour-avec-ses-projections-a-la-belle-etoile\/"},"author":{"name":"Fawz BenAli","@id":"https:\/\/kapitalis.com\/tunisie\/#\/schema\/person\/73a5ecc1f6ae540c6ed91342eadca948"},"headline":"Tunisie : Le festival Cin\u00e9toile de retour avec ses projections \u00e0 la belle \u00e9toile","datePublished":"2022-07-23T11:32:44+00:00","dateModified":"2022-07-23T11:32:47+00:00","mainEntityOfPage":{"@id":"https:\/\/kapitalis.com\/tunisie\/2022\/07\/23\/tunisie-le-festival-cinetoile-de-retour-avec-ses-projections-a-la-belle-etoile\/"},"wordCount":152,"commentCount":0,"publisher":{"@id":"https:\/\/kapitalis.com\/tunisie\/#organization"},"image":{"@id":"https:\/\/kapitalis.com\/tunisie\/2022\/07\/23\/tunisie-le-festival-cinetoile-de-retour-avec-ses-projections-a-la-belle-etoile\/#primaryimage"},"thumbnailUrl":"https:\/\/kapitalis.com\/tunisie\/wp-content\/uploads\/2022\/07\/Cinetoile.jpg","keywords":["cin\u00e9ma en plein-air","Cin\u00e9toile","Hammamet","Nabeul","Tunisie"],"articleSection":["CULTURE","Tunisie"],"inLanguage":"fr-FR","potentialAction":[{"@type":"CommentAction","name":"Comment","target":["https:\/\/kapitalis.com\/tunisie\/2022\/07\/23\/tunisie-le-festival-cinetoile-de-retour-avec-ses-projections-a-la-belle-etoile\/#respond"]}]},{"@type":"WebPage","@id":"https:\/\/kapitalis.com\/tunisie\/2022\/07\/23\/tunisie-le-festival-cinetoile-de-retour-avec-ses-projections-a-la-belle-etoile\/","url":"https:\/\/kapitalis.com\/tunisie\/2022\/07\/23\/tunisie-le-festival-cinetoile-de-retour-avec-ses-projections-a-la-belle-etoile\/","name":"Tunisie : Le festival Cin\u00e9toile de retour avec ses projections \u00e0 la belle \u00e9toile - Kapitalis","isPartOf":{"@id":"https:\/\/kapitalis.com\/tunisie\/#website"},"primaryImageOfPage":{"@id":"https:\/\/kapitalis.com\/tunisie\/2022\/07\/23\/tunisie-le-festival-cinetoile-de-retour-avec-ses-projections-a-la-belle-etoile\/#primaryimage"},"image":{"@id":"https:\/\/kapitalis.com\/tunisie\/2022\/07\/23\/tunisie-le-festival-cinetoile-de-retour-avec-ses-projections-a-la-belle-etoile\/#primaryimage"},"thumbnailUrl":"https:\/\/kapitalis.com\/tunisie\/wp-content\/uploads\/2022\/07\/Cinetoile.jpg","datePublished":"2022-07-23T11:32:44+00:00","dateModified":"2022-07-23T11:32:47+00:00","breadcrumb":{"@id":"https:\/\/kapitalis.com\/tunisie\/2022\/07\/23\/tunisie-le-festival-cinetoile-de-retour-avec-ses-projections-a-la-belle-etoile\/#breadcrumb"},"inLanguage":"fr-FR","potentialAction":[{"@type":"ReadAction","target":["https:\/\/kapitalis.com\/tunisie\/2022\/07\/23\/tunisie-le-festival-cinetoile-de-retour-avec-ses-projections-a-la-belle-etoile\/"]}]},{"@type":"ImageObject","inLanguage":"fr-FR","@id":"https:\/\/kapitalis.com\/tunisie\/2022\/07\/23\/tunisie-le-festival-cinetoile-de-retour-avec-ses-projections-a-la-belle-etoile\/#primaryimage","url":"https:\/\/kapitalis.com\/tunisie\/wp-content\/uploads\/2022\/07\/Cinetoile.jpg","contentUrl":"https:\/\/kapitalis.com\/tunisie\/wp-content\/uploads\/2022\/07\/Cinetoile.jpg","width":1200,"height":630},{"@type":"BreadcrumbList","@id":"https:\/\/kapitalis.com\/tunisie\/2022\/07\/23\/tunisie-le-festival-cinetoile-de-retour-avec-ses-projections-a-la-belle-etoile\/#breadcrumb","itemListElement":[{"@type":"ListItem","position":1,"name":"Accueil","item":"https:\/\/kapitalis.com\/tunisie\/"},{"@type":"ListItem","position":2,"name":"Tunisie : Le festival Cin\u00e9toile de retour avec ses projections \u00e0 la belle \u00e9toile"}]},{"@type":"WebSite","@id":"https:\/\/kapitalis.com\/tunisie\/#website","url":"https:\/\/kapitalis.com\/tunisie\/","name":"Kapitalis","description":"L&#039;actualit\u00e9 en Tunisie et dans le monde","publisher":{"@id":"https:\/\/kapitalis.com\/tunisie\/#organization"},"potentialAction":[{"@type":"SearchAction","target":{"@type":"EntryPoint","urlTemplate":"https:\/\/kapitalis.com\/tunisie\/?s={search_term_string}"},"query-input":{"@type":"PropertyValueSpecification","valueRequired":true,"valueName":"search_term_string"}}],"inLanguage":"fr-FR"},{"@type":"Organization","@id":"https:\/\/kapitalis.com\/tunisie\/#organization","name":"Kapitalis","url":"https:\/\/kapitalis.com\/tunisie\/","logo":{"@type":"ImageObject","inLanguage":"fr-FR","@id":"https:\/\/kapitalis.com\/tunisie\/#\/schema\/logo\/image\/","url":"https:\/\/kapitalis.com\/tunisie\/wp-content\/uploads\/2022\/05\/Kapitalis-big-size.png","contentUrl":"https:\/\/kapitalis.com\/tunisie\/wp-content\/uploads\/2022\/05\/Kapitalis-big-size.png","width":5000,"height":1500,"caption":"Kapitalis"},"image":{"@id":"https:\/\/kapitalis.com\/tunisie\/#\/schema\/logo\/image\/"},"sameAs":["https:\/\/www.facebook.com\/KapitalisInfo\/","https:\/\/x.com\/KapitalisInfo","https:\/\/www.youtube.com\/channel\/UC-yDYrHyfFBWWZaOw3FPg9Q"]},{"@type":"Person","@id":"https:\/\/kapitalis.com\/tunisie\/#\/schema\/person\/73a5ecc1f6ae540c6ed91342eadca948","name":"Fawz BenAli","url":"https:\/\/kapitalis.com\/tunisie\/author\/fawz\/"}]}},"_links":{"self":[{"href":"https:\/\/kapitalis.com\/tunisie\/wp-json\/wp\/v2\/posts\/2454403","targetHints":{"allow":["GET"]}}],"collection":[{"href":"https:\/\/kapitalis.com\/tunisie\/wp-json\/wp\/v2\/posts"}],"about":[{"href":"https:\/\/kapitalis.com\/tunisie\/wp-json\/wp\/v2\/types\/post"}],"author":[{"embeddable":true,"href":"https:\/\/kapitalis.com\/tunisie\/wp-json\/wp\/v2\/users\/26"}],"replies":[{"embeddable":true,"href":"https:\/\/kapitalis.com\/tunisie\/wp-json\/wp\/v2\/comments?post=2454403"}],"version-history":[{"count":0,"href":"https:\/\/kapitalis.com\/tunisie\/wp-json\/wp\/v2\/posts\/2454403\/revisions"}],"wp:featuredmedia":[{"embeddable":true,"href":"https:\/\/kapitalis.com\/tunisie\/wp-json\/wp\/v2\/media\/2454733"}],"wp:attachment":[{"href":"https:\/\/kapitalis.com\/tunisie\/wp-json\/wp\/v2\/media?parent=2454403"}],"wp:term":[{"taxonomy":"category","embeddable":true,"href":"https:\/\/kapitalis.com\/tunisie\/wp-json\/wp\/v2\/categories?post=2454403"},{"taxonomy":"post_tag","embeddable":true,"href":"https:\/\/kapitalis.com\/tunisie\/wp-json\/wp\/v2\/tags?post=2454403"}],"curies":[{"name":"wp","href":"https:\/\/api.w.org\/{rel}","templated":true}]}}