{"id":245642,"date":"2019-10-08T15:24:26","date_gmt":"2019-10-08T14:24:26","guid":{"rendered":"http:\/\/kapitalis.com\/tunisie\/?p=245642"},"modified":"2019-10-08T15:24:31","modified_gmt":"2019-10-08T14:24:31","slug":"le-vaccin-anti-grippe-sera-disponible-en-tunisie-vers-la-fin-octobre-2019","status":"publish","type":"post","link":"https:\/\/kapitalis.com\/tunisie\/2019\/10\/08\/le-vaccin-anti-grippe-sera-disponible-en-tunisie-vers-la-fin-octobre-2019\/","title":{"rendered":"Le vaccin anti-grippe sera disponible en Tunisie vers la fin octobre 2019"},"content":{"rendered":"\n<figure class=\"wp-block-image\"><img decoding=\"async\" src=\"http:\/\/kapitalis.com\/tunisie\/wp-content\/uploads\/2019\/10\/vaccin-grippe-....jpg\" alt=\"\" class=\"wp-image-245652\"\/><\/figure>\n\n\n\n<p><strong><em>Dr Jalila Ben Khelil,<\/em><\/strong> <strong><em>professeur en m\u00e9decine, responsable du suivi des cas aigus et de rhumatologie, r\u00e9animatrice \u00e0 l&rsquo;h\u00f4pital Abderrahmen Mami \u00e0 l&rsquo;Ariana<\/em><\/strong>,<strong><em> a fait part de la disponibilit\u00e9 du vaccin contre la grippe saisonni\u00e8re en Tunisie d&rsquo;ici la fin du mois d&rsquo;octobre 2019.<\/em><\/strong><\/p>\n\n\n\n<!--more-->\n\n\n\n<p>Les quantit\u00e9s requises de ce vaccin seront disponibles et n&rsquo;auront aucun effet n\u00e9gatif sur la sant\u00e9 des utilisateurs, a pr\u00e9cis\u00e9 , ajoutant que ces vaccinations sont recommand\u00e9es aux personnes \u00e2g\u00e9es, aux personnes de plus de 65 ans, et aux personnes souffrant de maladies chroniques telles que la pression art\u00e9rielle, le diab\u00e8te, les maladies cardiaques, et les maladies du rein. <\/p>\n\n\n\n<p>Les femmes enceintes peuvent \u00e9galement se faire vacciner, affirme Dr Ben Khelil. <\/p>\n\n\n\n<p style=\"text-align:right\"><strong>A. M.<\/strong><\/p>\n","protected":false},"excerpt":{"rendered":"<p>Dr Jalila Ben Khelil, professeur en m\u00e9decine, responsable du suivi des cas aigus et de rhumatologie, r\u00e9animatrice \u00e0 l&rsquo;h\u00f4pital Abderrahmen Mami \u00e0 l&rsquo;Ariana, a fait part de la disponibilit\u00e9 du vaccin contre la grippe saisonni\u00e8re en Tunisie d&rsquo;ici la fin du mois d&rsquo;octobre 2019.<\/p>\n","protected":false},"author":22,"featured_media":245652,"comment_status":"open","ping_status":"open","sticky":false,"template":"","format":"standard","meta":{"footnotes":""},"categories":[998,2433],"tags":[],"class_list":["post-245642","post","type-post","status-publish","format-standard","has-post-thumbnail","hentry","category-societe","category-tunisie"],"yoast_head":"<!-- This site is optimized with the Yoast SEO plugin v26.6 - https:\/\/yoast.com\/wordpress\/plugins\/seo\/ -->\n<title>Le vaccin anti-grippe sera disponible en Tunisie vers la fin octobre 2019 - Kapitalis<\/title>\n<meta name=\"robots\" content=\"index, follow, max-snippet:-1, max-image-preview:large, max-video-preview:-1\" \/>\n<link rel=\"canonical\" href=\"https:\/\/kapitalis.com\/tunisie\/2019\/10\/08\/le-vaccin-anti-grippe-sera-disponible-en-tunisie-vers-la-fin-octobre-2019\/\" \/>\n<meta property=\"og:locale\" content=\"fr_FR\" \/>\n<meta property=\"og:type\" content=\"article\" \/>\n<meta property=\"og:title\" content=\"Le vaccin anti-grippe sera disponible en Tunisie vers la fin octobre 2019 - Kapitalis\" \/>\n<meta property=\"og:description\" content=\"Dr Jalila Ben Khelil, professeur en m\u00e9decine, responsable du suivi des cas aigus et de rhumatologie, r\u00e9animatrice \u00e0 l&rsquo;h\u00f4pital Abderrahmen Mami \u00e0 l&rsquo;Ariana, a fait part de la disponibilit\u00e9 du vaccin contre la grippe saisonni\u00e8re en Tunisie d&rsquo;ici la fin du mois d&rsquo;octobre 2019.\" \/>\n<meta property=\"og:url\" content=\"https:\/\/kapitalis.com\/tunisie\/2019\/10\/08\/le-vaccin-anti-grippe-sera-disponible-en-tunisie-vers-la-fin-octobre-2019\/\" \/>\n<meta property=\"og:site_name\" content=\"Kapitalis\" \/>\n<meta property=\"article:publisher\" content=\"https:\/\/www.facebook.com\/KapitalisInfo\/\" \/>\n<meta property=\"article:published_time\" content=\"2019-10-08T14:24:26+00:00\" \/>\n<meta property=\"article:modified_time\" content=\"2019-10-08T14:24:31+00:00\" \/>\n<meta property=\"og:image\" content=\"https:\/\/kapitalis.com\/tunisie\/wp-content\/uploads\/2022\/05\/kapitalis-logo-fb.png\" \/>\n\t<meta property=\"og:image:width\" content=\"1200\" \/>\n\t<meta property=\"og:image:height\" content=\"630\" \/>\n\t<meta property=\"og:image:type\" content=\"image\/png\" \/>\n<meta name=\"author\" content=\"Amina Mkada\" \/>\n<meta name=\"twitter:card\" content=\"summary_large_image\" \/>\n<meta name=\"twitter:creator\" content=\"@KapitalisInfo\" \/>\n<meta name=\"twitter:site\" content=\"@KapitalisInfo\" \/>\n<meta name=\"twitter:label1\" content=\"\u00c9crit par\" \/>\n\t<meta name=\"twitter:data1\" content=\"Amina Mkada\" \/>\n\t<meta name=\"twitter:label2\" content=\"Dur\u00e9e de lecture estim\u00e9e\" \/>\n\t<meta name=\"twitter:data2\" content=\"1 minute\" \/>\n<script type=\"application\/ld+json\" class=\"yoast-schema-graph\">{\"@context\":\"https:\/\/schema.org\",\"@graph\":[{\"@type\":\"Article\",\"@id\":\"https:\/\/kapitalis.com\/tunisie\/2019\/10\/08\/le-vaccin-anti-grippe-sera-disponible-en-tunisie-vers-la-fin-octobre-2019\/#article\",\"isPartOf\":{\"@id\":\"https:\/\/kapitalis.com\/tunisie\/2019\/10\/08\/le-vaccin-anti-grippe-sera-disponible-en-tunisie-vers-la-fin-octobre-2019\/\"},\"author\":{\"name\":\"Amina Mkada\",\"@id\":\"https:\/\/kapitalis.com\/tunisie\/#\/schema\/person\/093913313d3017554cb3ad077fff3fbd\"},\"headline\":\"Le vaccin anti-grippe sera disponible en Tunisie vers la fin octobre 2019\",\"datePublished\":\"2019-10-08T14:24:26+00:00\",\"dateModified\":\"2019-10-08T14:24:31+00:00\",\"mainEntityOfPage\":{\"@id\":\"https:\/\/kapitalis.com\/tunisie\/2019\/10\/08\/le-vaccin-anti-grippe-sera-disponible-en-tunisie-vers-la-fin-octobre-2019\/\"},\"wordCount\":134,\"commentCount\":2,\"publisher\":{\"@id\":\"https:\/\/kapitalis.com\/tunisie\/#organization\"},\"image\":{\"@id\":\"https:\/\/kapitalis.com\/tunisie\/2019\/10\/08\/le-vaccin-anti-grippe-sera-disponible-en-tunisie-vers-la-fin-octobre-2019\/#primaryimage\"},\"thumbnailUrl\":\"\",\"articleSection\":[\"SOCIETE\",\"Tunisie\"],\"inLanguage\":\"fr-FR\",\"potentialAction\":[{\"@type\":\"CommentAction\",\"name\":\"Comment\",\"target\":[\"https:\/\/kapitalis.com\/tunisie\/2019\/10\/08\/le-vaccin-anti-grippe-sera-disponible-en-tunisie-vers-la-fin-octobre-2019\/#respond\"]}]},{\"@type\":\"WebPage\",\"@id\":\"https:\/\/kapitalis.com\/tunisie\/2019\/10\/08\/le-vaccin-anti-grippe-sera-disponible-en-tunisie-vers-la-fin-octobre-2019\/\",\"url\":\"https:\/\/kapitalis.com\/tunisie\/2019\/10\/08\/le-vaccin-anti-grippe-sera-disponible-en-tunisie-vers-la-fin-octobre-2019\/\",\"name\":\"Le vaccin anti-grippe sera disponible en Tunisie vers la fin octobre 2019 - Kapitalis\",\"isPartOf\":{\"@id\":\"https:\/\/kapitalis.com\/tunisie\/#website\"},\"primaryImageOfPage\":{\"@id\":\"https:\/\/kapitalis.com\/tunisie\/2019\/10\/08\/le-vaccin-anti-grippe-sera-disponible-en-tunisie-vers-la-fin-octobre-2019\/#primaryimage\"},\"image\":{\"@id\":\"https:\/\/kapitalis.com\/tunisie\/2019\/10\/08\/le-vaccin-anti-grippe-sera-disponible-en-tunisie-vers-la-fin-octobre-2019\/#primaryimage\"},\"thumbnailUrl\":\"\",\"datePublished\":\"2019-10-08T14:24:26+00:00\",\"dateModified\":\"2019-10-08T14:24:31+00:00\",\"breadcrumb\":{\"@id\":\"https:\/\/kapitalis.com\/tunisie\/2019\/10\/08\/le-vaccin-anti-grippe-sera-disponible-en-tunisie-vers-la-fin-octobre-2019\/#breadcrumb\"},\"inLanguage\":\"fr-FR\",\"potentialAction\":[{\"@type\":\"ReadAction\",\"target\":[\"https:\/\/kapitalis.com\/tunisie\/2019\/10\/08\/le-vaccin-anti-grippe-sera-disponible-en-tunisie-vers-la-fin-octobre-2019\/\"]}]},{\"@type\":\"ImageObject\",\"inLanguage\":\"fr-FR\",\"@id\":\"https:\/\/kapitalis.com\/tunisie\/2019\/10\/08\/le-vaccin-anti-grippe-sera-disponible-en-tunisie-vers-la-fin-octobre-2019\/#primaryimage\",\"url\":\"\",\"contentUrl\":\"\"},{\"@type\":\"BreadcrumbList\",\"@id\":\"https:\/\/kapitalis.com\/tunisie\/2019\/10\/08\/le-vaccin-anti-grippe-sera-disponible-en-tunisie-vers-la-fin-octobre-2019\/#breadcrumb\",\"itemListElement\":[{\"@type\":\"ListItem\",\"position\":1,\"name\":\"Accueil\",\"item\":\"https:\/\/kapitalis.com\/tunisie\/\"},{\"@type\":\"ListItem\",\"position\":2,\"name\":\"Le vaccin anti-grippe sera disponible en Tunisie vers la fin octobre 2019\"}]},{\"@type\":\"WebSite\",\"@id\":\"https:\/\/kapitalis.com\/tunisie\/#website\",\"url\":\"https:\/\/kapitalis.com\/tunisie\/\",\"name\":\"Kapitalis\",\"description\":\"L&#039;actualit\u00e9 en Tunisie et dans le monde\",\"publisher\":{\"@id\":\"https:\/\/kapitalis.com\/tunisie\/#organization\"},\"potentialAction\":[{\"@type\":\"SearchAction\",\"target\":{\"@type\":\"EntryPoint\",\"urlTemplate\":\"https:\/\/kapitalis.com\/tunisie\/?s={search_term_string}\"},\"query-input\":{\"@type\":\"PropertyValueSpecification\",\"valueRequired\":true,\"valueName\":\"search_term_string\"}}],\"inLanguage\":\"fr-FR\"},{\"@type\":\"Organization\",\"@id\":\"https:\/\/kapitalis.com\/tunisie\/#organization\",\"name\":\"Kapitalis\",\"url\":\"https:\/\/kapitalis.com\/tunisie\/\",\"logo\":{\"@type\":\"ImageObject\",\"inLanguage\":\"fr-FR\",\"@id\":\"https:\/\/kapitalis.com\/tunisie\/#\/schema\/logo\/image\/\",\"url\":\"https:\/\/kapitalis.com\/tunisie\/wp-content\/uploads\/2022\/05\/Kapitalis-big-size.png\",\"contentUrl\":\"https:\/\/kapitalis.com\/tunisie\/wp-content\/uploads\/2022\/05\/Kapitalis-big-size.png\",\"width\":5000,\"height\":1500,\"caption\":\"Kapitalis\"},\"image\":{\"@id\":\"https:\/\/kapitalis.com\/tunisie\/#\/schema\/logo\/image\/\"},\"sameAs\":[\"https:\/\/www.facebook.com\/KapitalisInfo\/\",\"https:\/\/x.com\/KapitalisInfo\",\"https:\/\/www.youtube.com\/channel\/UC-yDYrHyfFBWWZaOw3FPg9Q\"]},{\"@type\":\"Person\",\"@id\":\"https:\/\/kapitalis.com\/tunisie\/#\/schema\/person\/093913313d3017554cb3ad077fff3fbd\",\"name\":\"Amina Mkada\",\"url\":\"https:\/\/kapitalis.com\/tunisie\/author\/amina\/\"}]}<\/script>\n<!-- \/ Yoast SEO plugin. -->","yoast_head_json":{"title":"Le vaccin anti-grippe sera disponible en Tunisie vers la fin octobre 2019 - Kapitalis","robots":{"index":"index","follow":"follow","max-snippet":"max-snippet:-1","max-image-preview":"max-image-preview:large","max-video-preview":"max-video-preview:-1"},"canonical":"https:\/\/kapitalis.com\/tunisie\/2019\/10\/08\/le-vaccin-anti-grippe-sera-disponible-en-tunisie-vers-la-fin-octobre-2019\/","og_locale":"fr_FR","og_type":"article","og_title":"Le vaccin anti-grippe sera disponible en Tunisie vers la fin octobre 2019 - Kapitalis","og_description":"Dr Jalila Ben Khelil, professeur en m\u00e9decine, responsable du suivi des cas aigus et de rhumatologie, r\u00e9animatrice \u00e0 l&rsquo;h\u00f4pital Abderrahmen Mami \u00e0 l&rsquo;Ariana, a fait part de la disponibilit\u00e9 du vaccin contre la grippe saisonni\u00e8re en Tunisie d&rsquo;ici la fin du mois d&rsquo;octobre 2019.","og_url":"https:\/\/kapitalis.com\/tunisie\/2019\/10\/08\/le-vaccin-anti-grippe-sera-disponible-en-tunisie-vers-la-fin-octobre-2019\/","og_site_name":"Kapitalis","article_publisher":"https:\/\/www.facebook.com\/KapitalisInfo\/","article_published_time":"2019-10-08T14:24:26+00:00","article_modified_time":"2019-10-08T14:24:31+00:00","og_image":[{"width":1200,"height":630,"url":"https:\/\/kapitalis.com\/tunisie\/wp-content\/uploads\/2022\/05\/kapitalis-logo-fb.png","type":"image\/png"}],"author":"Amina Mkada","twitter_card":"summary_large_image","twitter_creator":"@KapitalisInfo","twitter_site":"@KapitalisInfo","twitter_misc":{"\u00c9crit par":"Amina Mkada","Dur\u00e9e de lecture estim\u00e9e":"1 minute"},"schema":{"@context":"https:\/\/schema.org","@graph":[{"@type":"Article","@id":"https:\/\/kapitalis.com\/tunisie\/2019\/10\/08\/le-vaccin-anti-grippe-sera-disponible-en-tunisie-vers-la-fin-octobre-2019\/#article","isPartOf":{"@id":"https:\/\/kapitalis.com\/tunisie\/2019\/10\/08\/le-vaccin-anti-grippe-sera-disponible-en-tunisie-vers-la-fin-octobre-2019\/"},"author":{"name":"Amina Mkada","@id":"https:\/\/kapitalis.com\/tunisie\/#\/schema\/person\/093913313d3017554cb3ad077fff3fbd"},"headline":"Le vaccin anti-grippe sera disponible en Tunisie vers la fin octobre 2019","datePublished":"2019-10-08T14:24:26+00:00","dateModified":"2019-10-08T14:24:31+00:00","mainEntityOfPage":{"@id":"https:\/\/kapitalis.com\/tunisie\/2019\/10\/08\/le-vaccin-anti-grippe-sera-disponible-en-tunisie-vers-la-fin-octobre-2019\/"},"wordCount":134,"commentCount":2,"publisher":{"@id":"https:\/\/kapitalis.com\/tunisie\/#organization"},"image":{"@id":"https:\/\/kapitalis.com\/tunisie\/2019\/10\/08\/le-vaccin-anti-grippe-sera-disponible-en-tunisie-vers-la-fin-octobre-2019\/#primaryimage"},"thumbnailUrl":"","articleSection":["SOCIETE","Tunisie"],"inLanguage":"fr-FR","potentialAction":[{"@type":"CommentAction","name":"Comment","target":["https:\/\/kapitalis.com\/tunisie\/2019\/10\/08\/le-vaccin-anti-grippe-sera-disponible-en-tunisie-vers-la-fin-octobre-2019\/#respond"]}]},{"@type":"WebPage","@id":"https:\/\/kapitalis.com\/tunisie\/2019\/10\/08\/le-vaccin-anti-grippe-sera-disponible-en-tunisie-vers-la-fin-octobre-2019\/","url":"https:\/\/kapitalis.com\/tunisie\/2019\/10\/08\/le-vaccin-anti-grippe-sera-disponible-en-tunisie-vers-la-fin-octobre-2019\/","name":"Le vaccin anti-grippe sera disponible en Tunisie vers la fin octobre 2019 - Kapitalis","isPartOf":{"@id":"https:\/\/kapitalis.com\/tunisie\/#website"},"primaryImageOfPage":{"@id":"https:\/\/kapitalis.com\/tunisie\/2019\/10\/08\/le-vaccin-anti-grippe-sera-disponible-en-tunisie-vers-la-fin-octobre-2019\/#primaryimage"},"image":{"@id":"https:\/\/kapitalis.com\/tunisie\/2019\/10\/08\/le-vaccin-anti-grippe-sera-disponible-en-tunisie-vers-la-fin-octobre-2019\/#primaryimage"},"thumbnailUrl":"","datePublished":"2019-10-08T14:24:26+00:00","dateModified":"2019-10-08T14:24:31+00:00","breadcrumb":{"@id":"https:\/\/kapitalis.com\/tunisie\/2019\/10\/08\/le-vaccin-anti-grippe-sera-disponible-en-tunisie-vers-la-fin-octobre-2019\/#breadcrumb"},"inLanguage":"fr-FR","potentialAction":[{"@type":"ReadAction","target":["https:\/\/kapitalis.com\/tunisie\/2019\/10\/08\/le-vaccin-anti-grippe-sera-disponible-en-tunisie-vers-la-fin-octobre-2019\/"]}]},{"@type":"ImageObject","inLanguage":"fr-FR","@id":"https:\/\/kapitalis.com\/tunisie\/2019\/10\/08\/le-vaccin-anti-grippe-sera-disponible-en-tunisie-vers-la-fin-octobre-2019\/#primaryimage","url":"","contentUrl":""},{"@type":"BreadcrumbList","@id":"https:\/\/kapitalis.com\/tunisie\/2019\/10\/08\/le-vaccin-anti-grippe-sera-disponible-en-tunisie-vers-la-fin-octobre-2019\/#breadcrumb","itemListElement":[{"@type":"ListItem","position":1,"name":"Accueil","item":"https:\/\/kapitalis.com\/tunisie\/"},{"@type":"ListItem","position":2,"name":"Le vaccin anti-grippe sera disponible en Tunisie vers la fin octobre 2019"}]},{"@type":"WebSite","@id":"https:\/\/kapitalis.com\/tunisie\/#website","url":"https:\/\/kapitalis.com\/tunisie\/","name":"Kapitalis","description":"L&#039;actualit\u00e9 en Tunisie et dans le monde","publisher":{"@id":"https:\/\/kapitalis.com\/tunisie\/#organization"},"potentialAction":[{"@type":"SearchAction","target":{"@type":"EntryPoint","urlTemplate":"https:\/\/kapitalis.com\/tunisie\/?s={search_term_string}"},"query-input":{"@type":"PropertyValueSpecification","valueRequired":true,"valueName":"search_term_string"}}],"inLanguage":"fr-FR"},{"@type":"Organization","@id":"https:\/\/kapitalis.com\/tunisie\/#organization","name":"Kapitalis","url":"https:\/\/kapitalis.com\/tunisie\/","logo":{"@type":"ImageObject","inLanguage":"fr-FR","@id":"https:\/\/kapitalis.com\/tunisie\/#\/schema\/logo\/image\/","url":"https:\/\/kapitalis.com\/tunisie\/wp-content\/uploads\/2022\/05\/Kapitalis-big-size.png","contentUrl":"https:\/\/kapitalis.com\/tunisie\/wp-content\/uploads\/2022\/05\/Kapitalis-big-size.png","width":5000,"height":1500,"caption":"Kapitalis"},"image":{"@id":"https:\/\/kapitalis.com\/tunisie\/#\/schema\/logo\/image\/"},"sameAs":["https:\/\/www.facebook.com\/KapitalisInfo\/","https:\/\/x.com\/KapitalisInfo","https:\/\/www.youtube.com\/channel\/UC-yDYrHyfFBWWZaOw3FPg9Q"]},{"@type":"Person","@id":"https:\/\/kapitalis.com\/tunisie\/#\/schema\/person\/093913313d3017554cb3ad077fff3fbd","name":"Amina Mkada","url":"https:\/\/kapitalis.com\/tunisie\/author\/amina\/"}]}},"_links":{"self":[{"href":"https:\/\/kapitalis.com\/tunisie\/wp-json\/wp\/v2\/posts\/245642","targetHints":{"allow":["GET"]}}],"collection":[{"href":"https:\/\/kapitalis.com\/tunisie\/wp-json\/wp\/v2\/posts"}],"about":[{"href":"https:\/\/kapitalis.com\/tunisie\/wp-json\/wp\/v2\/types\/post"}],"author":[{"embeddable":true,"href":"https:\/\/kapitalis.com\/tunisie\/wp-json\/wp\/v2\/users\/22"}],"replies":[{"embeddable":true,"href":"https:\/\/kapitalis.com\/tunisie\/wp-json\/wp\/v2\/comments?post=245642"}],"version-history":[{"count":0,"href":"https:\/\/kapitalis.com\/tunisie\/wp-json\/wp\/v2\/posts\/245642\/revisions"}],"wp:featuredmedia":[{"embeddable":true,"href":"https:\/\/kapitalis.com\/tunisie\/wp-json\/wp\/v2\/media\/245652"}],"wp:attachment":[{"href":"https:\/\/kapitalis.com\/tunisie\/wp-json\/wp\/v2\/media?parent=245642"}],"wp:term":[{"taxonomy":"category","embeddable":true,"href":"https:\/\/kapitalis.com\/tunisie\/wp-json\/wp\/v2\/categories?post=245642"},{"taxonomy":"post_tag","embeddable":true,"href":"https:\/\/kapitalis.com\/tunisie\/wp-json\/wp\/v2\/tags?post=245642"}],"curies":[{"name":"wp","href":"https:\/\/api.w.org\/{rel}","templated":true}]}}