{"id":245828,"date":"2019-10-09T09:35:52","date_gmt":"2019-10-09T08:35:52","guid":{"rendered":"http:\/\/kapitalis.com\/tunisie\/?p=245828"},"modified":"2019-10-09T11:26:02","modified_gmt":"2019-10-09T10:26:02","slug":"de-recentes-declarations-dari-ben-menashe-contribuent-a-impliquer-nabil-karoui-encore-plus-dans-laffaire-du-lobbying","status":"publish","type":"post","link":"https:\/\/kapitalis.com\/tunisie\/2019\/10\/09\/de-recentes-declarations-dari-ben-menashe-contribuent-a-impliquer-nabil-karoui-encore-plus-dans-laffaire-du-lobbying\/","title":{"rendered":"De r\u00e9centes d\u00e9clarations d&rsquo;Ari Ben-Menashe contribuent \u00e0 impliquer Nabil Karoui, encore plus, dans l&rsquo;affaire du lobbying"},"content":{"rendered":"\n<figure class=\"wp-block-image\"><img decoding=\"async\" src=\"http:\/\/kapitalis.com\/tunisie\/wp-content\/uploads\/2019\/10\/karoui-smaoui-menashe-1.jpg\" alt=\"\" class=\"wp-image-245842\"\/><\/figure>\n\n\n\n<p><strong><em>Le feuilleton du contrat de lobbying qu&rsquo;aurait conclu Nabil Karoui avec la bo\u00eete Dickens and Madson se poursuit. Et les r\u00e9v\u00e9lations plaidant en faveur de la v\u00e9racit\u00e9 de cette affaire se succ\u00e8dent&#8230;<\/em><\/strong><\/p>\n\n\n\n<p>Par <strong>Cherif Ben Youn\u00e8s<\/strong><\/p>\n\n\n\n<!--more-->\n\n\n\n<p>La derni\u00e8re en date consiste en une interview, parue hier, 8 octobre 2019, dans le journal canadien <em>\u00ab\u00a0The Globe and mail\u00a0\u00bb<\/em>, avec Ari Ben-Menashe, le dirigeant de ladite bo\u00eete, et dans laquelle il dit avoir rencontr\u00e9 le candidat \u00e0 la pr\u00e9sidentielle, ainsi que sa femme Salwa Smaoui et son fr\u00e8re Ghazi Karoui, en Tunisie m\u00eame, le 18 ao\u00fbt dernier, date de la signature du contrat. Curieuse co\u00efncidence tout de m\u00eame&#8230;<\/p>\n\n\n\n<h3 class=\"wp-block-heading\">La femme de Nabil aurait pay\u00e9 150.000 $US d&rsquo;un compte \u00e0 Duba\u00ef<\/h3>\n\n\n\n<p> Ce n&rsquo;est pas tout, puisque M. Ben-Menashe, a indiqu\u00e9 avoir d\u00e9j\u00e0 re\u00e7u 250.000 dollars am\u00e9ricains ($US), dont 150.000 $US de la part Mme Smaoui d&rsquo;un compte de Duba\u00ef. Et 100.000 ($US) d&rsquo;un ressortissant alg\u00e9rien ami de M. Karoui r\u00e9sidant au Canada. Sachant que le prix total du contrat en question est de 1 million de dollars, d&rsquo;apr\u00e8s les documents publi\u00e9s dans le site internet officiel du minist\u00e8re de la Justice am\u00e9ricain.<\/p>\n\n\n\n<p>Celui qui a sign\u00e9 le contrat, Mohamed Bouderbala, servant jusque l\u00e0 d&rsquo;alibi pour M. Karoui, puisqu&rsquo;il demeure silencieux et inconnu, est d\u00e9crit par le lobbyiste isra\u00e9lien comme \u00e9tant \u00ab<em>le repr\u00e9sentant de l&rsquo;avocat de Nabil Karoui, Mohamed Zaanouni<\/em>\u00bb, pr\u00e9sent lors de la rencontre.<\/p>\n\n\n\n<p>M. Ben-Menash\u00e9 a assur\u00e9, cependant, qu&rsquo;il n&rsquo;a pas rencontr\u00e9 le sieur Bouderbala, et le journal canadien assure que ses efforts pour d\u00e9terminer l&rsquo;identit\u00e9 de cet illustre inconnu ou sa localisation n&rsquo;ont pas \u00e9t\u00e9 couronn\u00e9s de succ\u00e8s.  \u00ab<em>Des diplomates tunisiens, des journalistes et d&rsquo;autres personnes contact\u00e9es ont dit qu&rsquo;ils n&rsquo;avaient jamais entendu parler de lui<\/em>\u00bb, assure le journal. <\/p>\n\n\n\n<h3 class=\"wp-block-heading\">Nabil Karoui voudrait-il nous ramener des combattants de Libye ?<\/h3>\n\n\n\n<p>En ce qui concerne la rencontre de M. Ben-Menashe avec les membres du clan Karoui, qui aurait eu lieu \u00e0 leur r\u00e9sidence, \u00e0 Tunis, le lobbyiste a racont\u00e9 que ce soir-l\u00e0, \u00ab<em>M. Nabil Karoui \u00e9tait tr\u00e8s \u00e9motif en raison de l&rsquo;anniversaire de la mort de son fils. Il voulait transformer Tunis en centre de paix. Il voulait nous engager, pas seulement pour l&rsquo;\u00e9lection, mais aussi pour que nous apportions des parties bellig\u00e9rantes libyennes \u00e0 Tunis avec la supervision du pr\u00e9sident [russe] Poutine. Il croyait que c&rsquo;\u00e9tait sa vocation.<\/em>\u00bb<\/p>\n\n\n\n<div class=\"wp-block-image\"><figure class=\"aligncenter is-resized\"><img loading=\"lazy\" decoding=\"async\" src=\"http:\/\/kapitalis.com\/tunisie\/wp-content\/uploads\/2019\/10\/the-globe-and-mail-1.jpg\" alt=\"\" class=\"wp-image-245858\" width=\"500\" height=\"555\"\/><figcaption><em>Extraits de l&rsquo;article du Globe and mail<\/em>.<\/figcaption><\/figure><\/div>\n\n\n\n<p>Ari Ben-Menashe a \u00e9galement d\u00e9clar\u00e9 qu&rsquo;il continuera de faire pression au nom du candidat de Qalb Tounes, bien qu&rsquo;il ne s&rsquo;attend pas \u00e0 recevoir un autre paiement ! <em>\u00abC &lsquo;est une personnalit\u00e9 s\u00e9duisante. Je pense qu&rsquo;il pourrait \u00eatre un tr\u00e8s bon pr\u00e9sident\u00bb,<\/em> a-t-il ajout\u00e9.<\/p>\n\n\n\n<p>Rappelons que l&rsquo;identit\u00e9 du lobbyiste d&rsquo;origine iranienne a contribu\u00e9 \u00e0 alimenter la pol\u00e9mique autour de cette affaire en Tunisie, \u00e9tant donn\u00e9 qu&rsquo;il est un ancien commer\u00e7ant d&rsquo;armes et traducteur dans les services de renseignement isra\u00e9liens, et qu&rsquo;il est soup\u00e7onn\u00e9 d&rsquo;avoir arnaqu\u00e9 plusieurs entreprises et politiciens auparavant.<\/p>\n\n\n\n<p>Pour ce qui est du \u00ab\u00a0Globe and mail\u00a0\u00bb, il s&rsquo;agit d&rsquo;un journal  quotidien\u00a0canadien\u00a0de\u00a0langue anglaise, bas\u00e9 \u00e0\u00a0Toronto. Tir\u00e9 \u00e0 2 millions d&rsquo;exemplaires par semaine, il s&rsquo;agit du journal national \u00e0 plus fort tirage au Canada, en plus d&rsquo;\u00eatre le second quotidien en importance, apr\u00e8s le\u00a0<em>\u00ab\u00a0Toronto Star\u00a0\u00bb<\/em>.<\/p>\n\n\n\n<figure class=\"wp-block-embed-wordpress wp-block-embed is-type-wp-embed is-provider-kapitalis\"><div class=\"wp-block-embed__wrapper\">\n<blockquote class=\"wp-embedded-content\" data-secret=\"WNHyek9MB7\"><a href=\"https:\/\/kapitalis.com\/tunisie\/2019\/10\/07\/ari-ben-menashe\/\">Les scandales d&rsquo;Ari Ben-Menashe, celui avec qui Nabil Karoui aurait conclu un contrat de lobbying<\/a><\/blockquote><iframe loading=\"lazy\" class=\"wp-embedded-content\" sandbox=\"allow-scripts\" security=\"restricted\" style=\"position: absolute; clip: rect(1px, 1px, 1px, 1px);\" title=\"\u00ab\u00a0Les scandales d&rsquo;Ari Ben-Menashe, celui avec qui Nabil Karoui aurait conclu un contrat de lobbying\u00a0\u00bb &#8212; Kapitalis\" src=\"https:\/\/kapitalis.com\/tunisie\/2019\/10\/07\/ari-ben-menashe\/embed\/#?secret=LHQeU99VyZ#?secret=WNHyek9MB7\" data-secret=\"WNHyek9MB7\" width=\"600\" height=\"338\" frameborder=\"0\" marginwidth=\"0\" marginheight=\"0\" scrolling=\"no\"><\/iframe>\n<\/div><\/figure>\n\n\n\n<figure class=\"wp-block-embed-wordpress wp-block-embed is-type-wp-embed is-provider-kapitalis\"><div class=\"wp-block-embed__wrapper\">\n<blockquote class=\"wp-embedded-content\" data-secret=\"kRQPA3pADT\"><a href=\"https:\/\/kapitalis.com\/tunisie\/2019\/10\/03\/revelations-sur-le-lobbying-international-pour-la-campagne-electorale-de-nabil-karoui\/\">R\u00e9v\u00e9lations sur le lobbying international pour la campagne \u00e9lectorale de Nabil Karoui<\/a><\/blockquote><iframe loading=\"lazy\" class=\"wp-embedded-content\" sandbox=\"allow-scripts\" security=\"restricted\" style=\"position: absolute; clip: rect(1px, 1px, 1px, 1px);\" title=\"\u00ab\u00a0R\u00e9v\u00e9lations sur le lobbying international pour la campagne \u00e9lectorale de Nabil Karoui\u00a0\u00bb &#8212; Kapitalis\" src=\"https:\/\/kapitalis.com\/tunisie\/2019\/10\/03\/revelations-sur-le-lobbying-international-pour-la-campagne-electorale-de-nabil-karoui\/embed\/#?secret=qvM9GUbEdr#?secret=kRQPA3pADT\" data-secret=\"kRQPA3pADT\" width=\"600\" height=\"338\" frameborder=\"0\" marginwidth=\"0\" marginheight=\"0\" scrolling=\"no\"><\/iframe>\n<\/div><\/figure>\n","protected":false},"excerpt":{"rendered":"<p>Le feuilleton du contrat de lobbying qu&rsquo;aurait conclu Nabil Karoui avec la bo\u00eete Dickens and Madson se poursuit. Et les r\u00e9v\u00e9lations plaidant en faveur de la v\u00e9racit\u00e9 de cette affaire se succ\u00e8dent&#8230; Par Cherif Ben Youn\u00e8s<\/p>\n","protected":false},"author":24,"featured_media":245838,"comment_status":"open","ping_status":"open","sticky":false,"template":"","format":"standard","meta":{"footnotes":""},"categories":[992,997,2433],"tags":[65770,65769,651,65453],"class_list":["post-245828","post","type-post","status-publish","format-standard","has-post-thumbnail","hentry","category-a-la-une","category-politique","category-tunisie","tag-ari-ben-menashe","tag-dickens-and-madson","tag-nabil-karoui","tag-salwa-smaoui"],"yoast_head":"<!-- This site is optimized with the Yoast SEO plugin v26.6 - https:\/\/yoast.com\/wordpress\/plugins\/seo\/ -->\n<title>De r\u00e9centes d\u00e9clarations d&#039;Ari Ben-Menashe contribuent \u00e0 impliquer Nabil Karoui, encore plus, dans l&#039;affaire du lobbying - Kapitalis<\/title>\n<meta name=\"robots\" content=\"index, follow, max-snippet:-1, max-image-preview:large, max-video-preview:-1\" \/>\n<link rel=\"canonical\" href=\"https:\/\/kapitalis.com\/tunisie\/2019\/10\/09\/de-recentes-declarations-dari-ben-menashe-contribuent-a-impliquer-nabil-karoui-encore-plus-dans-laffaire-du-lobbying\/\" \/>\n<meta property=\"og:locale\" content=\"fr_FR\" \/>\n<meta property=\"og:type\" content=\"article\" \/>\n<meta property=\"og:title\" content=\"De r\u00e9centes d\u00e9clarations d&#039;Ari Ben-Menashe contribuent \u00e0 impliquer Nabil Karoui, encore plus, dans l&#039;affaire du lobbying - Kapitalis\" \/>\n<meta property=\"og:description\" content=\"Le feuilleton du contrat de lobbying qu&rsquo;aurait conclu Nabil Karoui avec la bo\u00eete Dickens and Madson se poursuit. Et les r\u00e9v\u00e9lations plaidant en faveur de la v\u00e9racit\u00e9 de cette affaire se succ\u00e8dent&#8230; Par Cherif Ben Youn\u00e8s\" \/>\n<meta property=\"og:url\" content=\"https:\/\/kapitalis.com\/tunisie\/2019\/10\/09\/de-recentes-declarations-dari-ben-menashe-contribuent-a-impliquer-nabil-karoui-encore-plus-dans-laffaire-du-lobbying\/\" \/>\n<meta property=\"og:site_name\" content=\"Kapitalis\" \/>\n<meta property=\"article:publisher\" content=\"https:\/\/www.facebook.com\/KapitalisInfo\/\" \/>\n<meta property=\"article:published_time\" content=\"2019-10-09T08:35:52+00:00\" \/>\n<meta property=\"article:modified_time\" content=\"2019-10-09T10:26:02+00:00\" \/>\n<meta property=\"og:image\" content=\"https:\/\/kapitalis.com\/tunisie\/wp-content\/uploads\/2022\/05\/kapitalis-logo-fb.png\" \/>\n\t<meta property=\"og:image:width\" content=\"1200\" \/>\n\t<meta property=\"og:image:height\" content=\"630\" \/>\n\t<meta property=\"og:image:type\" content=\"image\/png\" \/>\n<meta name=\"author\" content=\"Cherif Benyounes\" \/>\n<meta name=\"twitter:card\" content=\"summary_large_image\" \/>\n<meta name=\"twitter:creator\" content=\"@KapitalisInfo\" \/>\n<meta name=\"twitter:site\" content=\"@KapitalisInfo\" \/>\n<meta name=\"twitter:label1\" content=\"\u00c9crit par\" \/>\n\t<meta name=\"twitter:data1\" content=\"Cherif Benyounes\" \/>\n\t<meta name=\"twitter:label2\" content=\"Dur\u00e9e de lecture estim\u00e9e\" \/>\n\t<meta name=\"twitter:data2\" content=\"3 minutes\" \/>\n<script type=\"application\/ld+json\" class=\"yoast-schema-graph\">{\"@context\":\"https:\/\/schema.org\",\"@graph\":[{\"@type\":\"Article\",\"@id\":\"https:\/\/kapitalis.com\/tunisie\/2019\/10\/09\/de-recentes-declarations-dari-ben-menashe-contribuent-a-impliquer-nabil-karoui-encore-plus-dans-laffaire-du-lobbying\/#article\",\"isPartOf\":{\"@id\":\"https:\/\/kapitalis.com\/tunisie\/2019\/10\/09\/de-recentes-declarations-dari-ben-menashe-contribuent-a-impliquer-nabil-karoui-encore-plus-dans-laffaire-du-lobbying\/\"},\"author\":{\"name\":\"Cherif Benyounes\",\"@id\":\"https:\/\/kapitalis.com\/tunisie\/#\/schema\/person\/b35b8d631961131107263178aeb8019e\"},\"headline\":\"De r\u00e9centes d\u00e9clarations d&rsquo;Ari Ben-Menashe contribuent \u00e0 impliquer Nabil Karoui, encore plus, dans l&rsquo;affaire du lobbying\",\"datePublished\":\"2019-10-09T08:35:52+00:00\",\"dateModified\":\"2019-10-09T10:26:02+00:00\",\"mainEntityOfPage\":{\"@id\":\"https:\/\/kapitalis.com\/tunisie\/2019\/10\/09\/de-recentes-declarations-dari-ben-menashe-contribuent-a-impliquer-nabil-karoui-encore-plus-dans-laffaire-du-lobbying\/\"},\"wordCount\":586,\"commentCount\":24,\"publisher\":{\"@id\":\"https:\/\/kapitalis.com\/tunisie\/#organization\"},\"image\":{\"@id\":\"https:\/\/kapitalis.com\/tunisie\/2019\/10\/09\/de-recentes-declarations-dari-ben-menashe-contribuent-a-impliquer-nabil-karoui-encore-plus-dans-laffaire-du-lobbying\/#primaryimage\"},\"thumbnailUrl\":\"\",\"keywords\":[\"Ari Ben-Menashe\",\"Dickens and Madson\",\"Nabil Karoui\",\"Salwa Smaoui\"],\"articleSection\":[\"A LA UNE\",\"POLITIQUE\",\"Tunisie\"],\"inLanguage\":\"fr-FR\",\"potentialAction\":[{\"@type\":\"CommentAction\",\"name\":\"Comment\",\"target\":[\"https:\/\/kapitalis.com\/tunisie\/2019\/10\/09\/de-recentes-declarations-dari-ben-menashe-contribuent-a-impliquer-nabil-karoui-encore-plus-dans-laffaire-du-lobbying\/#respond\"]}]},{\"@type\":\"WebPage\",\"@id\":\"https:\/\/kapitalis.com\/tunisie\/2019\/10\/09\/de-recentes-declarations-dari-ben-menashe-contribuent-a-impliquer-nabil-karoui-encore-plus-dans-laffaire-du-lobbying\/\",\"url\":\"https:\/\/kapitalis.com\/tunisie\/2019\/10\/09\/de-recentes-declarations-dari-ben-menashe-contribuent-a-impliquer-nabil-karoui-encore-plus-dans-laffaire-du-lobbying\/\",\"name\":\"De r\u00e9centes d\u00e9clarations d'Ari Ben-Menashe contribuent \u00e0 impliquer Nabil Karoui, encore plus, dans l'affaire du lobbying - Kapitalis\",\"isPartOf\":{\"@id\":\"https:\/\/kapitalis.com\/tunisie\/#website\"},\"primaryImageOfPage\":{\"@id\":\"https:\/\/kapitalis.com\/tunisie\/2019\/10\/09\/de-recentes-declarations-dari-ben-menashe-contribuent-a-impliquer-nabil-karoui-encore-plus-dans-laffaire-du-lobbying\/#primaryimage\"},\"image\":{\"@id\":\"https:\/\/kapitalis.com\/tunisie\/2019\/10\/09\/de-recentes-declarations-dari-ben-menashe-contribuent-a-impliquer-nabil-karoui-encore-plus-dans-laffaire-du-lobbying\/#primaryimage\"},\"thumbnailUrl\":\"\",\"datePublished\":\"2019-10-09T08:35:52+00:00\",\"dateModified\":\"2019-10-09T10:26:02+00:00\",\"breadcrumb\":{\"@id\":\"https:\/\/kapitalis.com\/tunisie\/2019\/10\/09\/de-recentes-declarations-dari-ben-menashe-contribuent-a-impliquer-nabil-karoui-encore-plus-dans-laffaire-du-lobbying\/#breadcrumb\"},\"inLanguage\":\"fr-FR\",\"potentialAction\":[{\"@type\":\"ReadAction\",\"target\":[\"https:\/\/kapitalis.com\/tunisie\/2019\/10\/09\/de-recentes-declarations-dari-ben-menashe-contribuent-a-impliquer-nabil-karoui-encore-plus-dans-laffaire-du-lobbying\/\"]}]},{\"@type\":\"ImageObject\",\"inLanguage\":\"fr-FR\",\"@id\":\"https:\/\/kapitalis.com\/tunisie\/2019\/10\/09\/de-recentes-declarations-dari-ben-menashe-contribuent-a-impliquer-nabil-karoui-encore-plus-dans-laffaire-du-lobbying\/#primaryimage\",\"url\":\"\",\"contentUrl\":\"\"},{\"@type\":\"BreadcrumbList\",\"@id\":\"https:\/\/kapitalis.com\/tunisie\/2019\/10\/09\/de-recentes-declarations-dari-ben-menashe-contribuent-a-impliquer-nabil-karoui-encore-plus-dans-laffaire-du-lobbying\/#breadcrumb\",\"itemListElement\":[{\"@type\":\"ListItem\",\"position\":1,\"name\":\"Accueil\",\"item\":\"https:\/\/kapitalis.com\/tunisie\/\"},{\"@type\":\"ListItem\",\"position\":2,\"name\":\"De r\u00e9centes d\u00e9clarations d&rsquo;Ari Ben-Menashe contribuent \u00e0 impliquer Nabil Karoui, encore plus, dans l&rsquo;affaire du lobbying\"}]},{\"@type\":\"WebSite\",\"@id\":\"https:\/\/kapitalis.com\/tunisie\/#website\",\"url\":\"https:\/\/kapitalis.com\/tunisie\/\",\"name\":\"Kapitalis\",\"description\":\"L&#039;actualit\u00e9 en Tunisie et dans le monde\",\"publisher\":{\"@id\":\"https:\/\/kapitalis.com\/tunisie\/#organization\"},\"potentialAction\":[{\"@type\":\"SearchAction\",\"target\":{\"@type\":\"EntryPoint\",\"urlTemplate\":\"https:\/\/kapitalis.com\/tunisie\/?s={search_term_string}\"},\"query-input\":{\"@type\":\"PropertyValueSpecification\",\"valueRequired\":true,\"valueName\":\"search_term_string\"}}],\"inLanguage\":\"fr-FR\"},{\"@type\":\"Organization\",\"@id\":\"https:\/\/kapitalis.com\/tunisie\/#organization\",\"name\":\"Kapitalis\",\"url\":\"https:\/\/kapitalis.com\/tunisie\/\",\"logo\":{\"@type\":\"ImageObject\",\"inLanguage\":\"fr-FR\",\"@id\":\"https:\/\/kapitalis.com\/tunisie\/#\/schema\/logo\/image\/\",\"url\":\"https:\/\/kapitalis.com\/tunisie\/wp-content\/uploads\/2022\/05\/Kapitalis-big-size.png\",\"contentUrl\":\"https:\/\/kapitalis.com\/tunisie\/wp-content\/uploads\/2022\/05\/Kapitalis-big-size.png\",\"width\":5000,\"height\":1500,\"caption\":\"Kapitalis\"},\"image\":{\"@id\":\"https:\/\/kapitalis.com\/tunisie\/#\/schema\/logo\/image\/\"},\"sameAs\":[\"https:\/\/www.facebook.com\/KapitalisInfo\/\",\"https:\/\/x.com\/KapitalisInfo\",\"https:\/\/www.youtube.com\/channel\/UC-yDYrHyfFBWWZaOw3FPg9Q\"]},{\"@type\":\"Person\",\"@id\":\"https:\/\/kapitalis.com\/tunisie\/#\/schema\/person\/b35b8d631961131107263178aeb8019e\",\"name\":\"Cherif Benyounes\",\"url\":\"https:\/\/kapitalis.com\/tunisie\/author\/cherif\/\"}]}<\/script>\n<!-- \/ Yoast SEO plugin. -->","yoast_head_json":{"title":"De r\u00e9centes d\u00e9clarations d'Ari Ben-Menashe contribuent \u00e0 impliquer Nabil Karoui, encore plus, dans l'affaire du lobbying - Kapitalis","robots":{"index":"index","follow":"follow","max-snippet":"max-snippet:-1","max-image-preview":"max-image-preview:large","max-video-preview":"max-video-preview:-1"},"canonical":"https:\/\/kapitalis.com\/tunisie\/2019\/10\/09\/de-recentes-declarations-dari-ben-menashe-contribuent-a-impliquer-nabil-karoui-encore-plus-dans-laffaire-du-lobbying\/","og_locale":"fr_FR","og_type":"article","og_title":"De r\u00e9centes d\u00e9clarations d'Ari Ben-Menashe contribuent \u00e0 impliquer Nabil Karoui, encore plus, dans l'affaire du lobbying - Kapitalis","og_description":"Le feuilleton du contrat de lobbying qu&rsquo;aurait conclu Nabil Karoui avec la bo\u00eete Dickens and Madson se poursuit. Et les r\u00e9v\u00e9lations plaidant en faveur de la v\u00e9racit\u00e9 de cette affaire se succ\u00e8dent&#8230; Par Cherif Ben Youn\u00e8s","og_url":"https:\/\/kapitalis.com\/tunisie\/2019\/10\/09\/de-recentes-declarations-dari-ben-menashe-contribuent-a-impliquer-nabil-karoui-encore-plus-dans-laffaire-du-lobbying\/","og_site_name":"Kapitalis","article_publisher":"https:\/\/www.facebook.com\/KapitalisInfo\/","article_published_time":"2019-10-09T08:35:52+00:00","article_modified_time":"2019-10-09T10:26:02+00:00","og_image":[{"width":1200,"height":630,"url":"https:\/\/kapitalis.com\/tunisie\/wp-content\/uploads\/2022\/05\/kapitalis-logo-fb.png","type":"image\/png"}],"author":"Cherif Benyounes","twitter_card":"summary_large_image","twitter_creator":"@KapitalisInfo","twitter_site":"@KapitalisInfo","twitter_misc":{"\u00c9crit par":"Cherif Benyounes","Dur\u00e9e de lecture estim\u00e9e":"3 minutes"},"schema":{"@context":"https:\/\/schema.org","@graph":[{"@type":"Article","@id":"https:\/\/kapitalis.com\/tunisie\/2019\/10\/09\/de-recentes-declarations-dari-ben-menashe-contribuent-a-impliquer-nabil-karoui-encore-plus-dans-laffaire-du-lobbying\/#article","isPartOf":{"@id":"https:\/\/kapitalis.com\/tunisie\/2019\/10\/09\/de-recentes-declarations-dari-ben-menashe-contribuent-a-impliquer-nabil-karoui-encore-plus-dans-laffaire-du-lobbying\/"},"author":{"name":"Cherif Benyounes","@id":"https:\/\/kapitalis.com\/tunisie\/#\/schema\/person\/b35b8d631961131107263178aeb8019e"},"headline":"De r\u00e9centes d\u00e9clarations d&rsquo;Ari Ben-Menashe contribuent \u00e0 impliquer Nabil Karoui, encore plus, dans l&rsquo;affaire du lobbying","datePublished":"2019-10-09T08:35:52+00:00","dateModified":"2019-10-09T10:26:02+00:00","mainEntityOfPage":{"@id":"https:\/\/kapitalis.com\/tunisie\/2019\/10\/09\/de-recentes-declarations-dari-ben-menashe-contribuent-a-impliquer-nabil-karoui-encore-plus-dans-laffaire-du-lobbying\/"},"wordCount":586,"commentCount":24,"publisher":{"@id":"https:\/\/kapitalis.com\/tunisie\/#organization"},"image":{"@id":"https:\/\/kapitalis.com\/tunisie\/2019\/10\/09\/de-recentes-declarations-dari-ben-menashe-contribuent-a-impliquer-nabil-karoui-encore-plus-dans-laffaire-du-lobbying\/#primaryimage"},"thumbnailUrl":"","keywords":["Ari Ben-Menashe","Dickens and Madson","Nabil Karoui","Salwa Smaoui"],"articleSection":["A LA UNE","POLITIQUE","Tunisie"],"inLanguage":"fr-FR","potentialAction":[{"@type":"CommentAction","name":"Comment","target":["https:\/\/kapitalis.com\/tunisie\/2019\/10\/09\/de-recentes-declarations-dari-ben-menashe-contribuent-a-impliquer-nabil-karoui-encore-plus-dans-laffaire-du-lobbying\/#respond"]}]},{"@type":"WebPage","@id":"https:\/\/kapitalis.com\/tunisie\/2019\/10\/09\/de-recentes-declarations-dari-ben-menashe-contribuent-a-impliquer-nabil-karoui-encore-plus-dans-laffaire-du-lobbying\/","url":"https:\/\/kapitalis.com\/tunisie\/2019\/10\/09\/de-recentes-declarations-dari-ben-menashe-contribuent-a-impliquer-nabil-karoui-encore-plus-dans-laffaire-du-lobbying\/","name":"De r\u00e9centes d\u00e9clarations d'Ari Ben-Menashe contribuent \u00e0 impliquer Nabil Karoui, encore plus, dans l'affaire du lobbying - Kapitalis","isPartOf":{"@id":"https:\/\/kapitalis.com\/tunisie\/#website"},"primaryImageOfPage":{"@id":"https:\/\/kapitalis.com\/tunisie\/2019\/10\/09\/de-recentes-declarations-dari-ben-menashe-contribuent-a-impliquer-nabil-karoui-encore-plus-dans-laffaire-du-lobbying\/#primaryimage"},"image":{"@id":"https:\/\/kapitalis.com\/tunisie\/2019\/10\/09\/de-recentes-declarations-dari-ben-menashe-contribuent-a-impliquer-nabil-karoui-encore-plus-dans-laffaire-du-lobbying\/#primaryimage"},"thumbnailUrl":"","datePublished":"2019-10-09T08:35:52+00:00","dateModified":"2019-10-09T10:26:02+00:00","breadcrumb":{"@id":"https:\/\/kapitalis.com\/tunisie\/2019\/10\/09\/de-recentes-declarations-dari-ben-menashe-contribuent-a-impliquer-nabil-karoui-encore-plus-dans-laffaire-du-lobbying\/#breadcrumb"},"inLanguage":"fr-FR","potentialAction":[{"@type":"ReadAction","target":["https:\/\/kapitalis.com\/tunisie\/2019\/10\/09\/de-recentes-declarations-dari-ben-menashe-contribuent-a-impliquer-nabil-karoui-encore-plus-dans-laffaire-du-lobbying\/"]}]},{"@type":"ImageObject","inLanguage":"fr-FR","@id":"https:\/\/kapitalis.com\/tunisie\/2019\/10\/09\/de-recentes-declarations-dari-ben-menashe-contribuent-a-impliquer-nabil-karoui-encore-plus-dans-laffaire-du-lobbying\/#primaryimage","url":"","contentUrl":""},{"@type":"BreadcrumbList","@id":"https:\/\/kapitalis.com\/tunisie\/2019\/10\/09\/de-recentes-declarations-dari-ben-menashe-contribuent-a-impliquer-nabil-karoui-encore-plus-dans-laffaire-du-lobbying\/#breadcrumb","itemListElement":[{"@type":"ListItem","position":1,"name":"Accueil","item":"https:\/\/kapitalis.com\/tunisie\/"},{"@type":"ListItem","position":2,"name":"De r\u00e9centes d\u00e9clarations d&rsquo;Ari Ben-Menashe contribuent \u00e0 impliquer Nabil Karoui, encore plus, dans l&rsquo;affaire du lobbying"}]},{"@type":"WebSite","@id":"https:\/\/kapitalis.com\/tunisie\/#website","url":"https:\/\/kapitalis.com\/tunisie\/","name":"Kapitalis","description":"L&#039;actualit\u00e9 en Tunisie et dans le monde","publisher":{"@id":"https:\/\/kapitalis.com\/tunisie\/#organization"},"potentialAction":[{"@type":"SearchAction","target":{"@type":"EntryPoint","urlTemplate":"https:\/\/kapitalis.com\/tunisie\/?s={search_term_string}"},"query-input":{"@type":"PropertyValueSpecification","valueRequired":true,"valueName":"search_term_string"}}],"inLanguage":"fr-FR"},{"@type":"Organization","@id":"https:\/\/kapitalis.com\/tunisie\/#organization","name":"Kapitalis","url":"https:\/\/kapitalis.com\/tunisie\/","logo":{"@type":"ImageObject","inLanguage":"fr-FR","@id":"https:\/\/kapitalis.com\/tunisie\/#\/schema\/logo\/image\/","url":"https:\/\/kapitalis.com\/tunisie\/wp-content\/uploads\/2022\/05\/Kapitalis-big-size.png","contentUrl":"https:\/\/kapitalis.com\/tunisie\/wp-content\/uploads\/2022\/05\/Kapitalis-big-size.png","width":5000,"height":1500,"caption":"Kapitalis"},"image":{"@id":"https:\/\/kapitalis.com\/tunisie\/#\/schema\/logo\/image\/"},"sameAs":["https:\/\/www.facebook.com\/KapitalisInfo\/","https:\/\/x.com\/KapitalisInfo","https:\/\/www.youtube.com\/channel\/UC-yDYrHyfFBWWZaOw3FPg9Q"]},{"@type":"Person","@id":"https:\/\/kapitalis.com\/tunisie\/#\/schema\/person\/b35b8d631961131107263178aeb8019e","name":"Cherif Benyounes","url":"https:\/\/kapitalis.com\/tunisie\/author\/cherif\/"}]}},"_links":{"self":[{"href":"https:\/\/kapitalis.com\/tunisie\/wp-json\/wp\/v2\/posts\/245828","targetHints":{"allow":["GET"]}}],"collection":[{"href":"https:\/\/kapitalis.com\/tunisie\/wp-json\/wp\/v2\/posts"}],"about":[{"href":"https:\/\/kapitalis.com\/tunisie\/wp-json\/wp\/v2\/types\/post"}],"author":[{"embeddable":true,"href":"https:\/\/kapitalis.com\/tunisie\/wp-json\/wp\/v2\/users\/24"}],"replies":[{"embeddable":true,"href":"https:\/\/kapitalis.com\/tunisie\/wp-json\/wp\/v2\/comments?post=245828"}],"version-history":[{"count":0,"href":"https:\/\/kapitalis.com\/tunisie\/wp-json\/wp\/v2\/posts\/245828\/revisions"}],"wp:featuredmedia":[{"embeddable":true,"href":"https:\/\/kapitalis.com\/tunisie\/wp-json\/wp\/v2\/media\/245838"}],"wp:attachment":[{"href":"https:\/\/kapitalis.com\/tunisie\/wp-json\/wp\/v2\/media?parent=245828"}],"wp:term":[{"taxonomy":"category","embeddable":true,"href":"https:\/\/kapitalis.com\/tunisie\/wp-json\/wp\/v2\/categories?post=245828"},{"taxonomy":"post_tag","embeddable":true,"href":"https:\/\/kapitalis.com\/tunisie\/wp-json\/wp\/v2\/tags?post=245828"}],"curies":[{"name":"wp","href":"https:\/\/api.w.org\/{rel}","templated":true}]}}