{"id":246022,"date":"2019-10-09T17:50:25","date_gmt":"2019-10-09T16:50:25","guid":{"rendered":"http:\/\/kapitalis.com\/tunisie\/?p=246022"},"modified":"2019-10-09T18:30:46","modified_gmt":"2019-10-09T17:30:46","slug":"affaire-karoui-la-justice-est-independante-du-pouvoir-executif-affirme-youssef-bouzakher","status":"publish","type":"post","link":"https:\/\/kapitalis.com\/tunisie\/2019\/10\/09\/affaire-karoui-la-justice-est-independante-du-pouvoir-executif-affirme-youssef-bouzakher\/","title":{"rendered":"Affaire Karoui: La justice est ind\u00e9pendante du pouvoir ex\u00e9cutif, affirme Youssef Bouzakher"},"content":{"rendered":"\n<figure class=\"wp-block-image\"><img decoding=\"async\" src=\"http:\/\/kapitalis.com\/tunisie\/wp-content\/uploads\/2019\/10\/Youssef-Bouzakher-CSM.jpg\" alt=\"\" class=\"wp-image-246031\"\/><\/figure>\n\n\n\n<p><strong><em>Dans une interview avec le journal fran\u00e7ais \u00ab\u00a0<a rel=\"noreferrer noopener\" aria-label=\"Le Monde (s\u2019ouvre dans un nouvel onglet)\" href=\"https:\/\/www.lemonde.fr\/afrique\/article\/2019\/10\/09\/presidentielle-tunisienne-aucun-juge-ne-s-est-plaint-d-ingerence-politique_6014833_3212.html?fbclid=IwAR3oAZBRrvfqsUeCD1EZqx1EcLmNm4rXROGdjaH_8YEFxeciPuA9RC_nd6c\" target=\"_blank\">Le Monde<\/a>\u00ab\u00a0, publi\u00e9e aujourd&rsquo;hui, mercredi 8 octobre 2019, Youssef Bouzakher, pr\u00e9sident du Conseil sup\u00e9rieur de la magistrature (CSM), a assur\u00e9 que la justice en Tunisie est ind\u00e9pendante du pouvoir ex\u00e9cutif, estimant ainsi qu&rsquo;il n&rsquo;y a pas eu d&rsquo;ing\u00e9rence dans le dossier Nabil Karoui, qui vient finalement d&rsquo;\u00eatre lib\u00e9r\u00e9 cet apr\u00e8s-midi.<\/em><\/strong><\/p>\n\n\n\n<!--more-->\n\n\n\n<p>L&rsquo;affaire de Nabil Karoui, candidat au 2e tour de la pr\u00e9sidentielle, incarc\u00e9r\u00e9 le 23 ao\u00fbt dernier, pour des affaires de corruption financi\u00e8re et de blanchiment d\u2019argent, a donn\u00e9 lieu \u00e0 des supputations voire des accusations de la part notamment des partisans et des dirigeants de son parti, Qalb Tounes, contre la justice, pr\u00e9sent\u00e9e comme soumise au pouvoir ex\u00e9cutif.<\/p>\n\n\n\n<p>Dans son interview avec <em>\u00ab\u00a0Le Monde\u00a0\u00bb,<\/em> Youssef Bouzakher, assure que cela est faux : \u00ab<em>Je n\u2019ai aucun \u00e9l\u00e9ment qui me permette de le dire. Aucun juge ne s\u2019est plaint d\u2019ing\u00e9rence, de mani\u00e8re claire ou implicite. Le dossier est selon moi bien g\u00e9r\u00e9 et j\u2019ai confiance dans mes confr\u00e8res qui le supervisent<\/em>\u00bb, a affirm\u00e9 Youssef Bouzakher, en ajoutant que, contrairement \u00e0 ce qui se raconte, la justice est ind\u00e9pendante et n\u2019ob\u00e9it pas aux instructions du chef du gouvernement et n&rsquo;est pas instrumentalis\u00e9e par la politique.<\/p>\n\n\n\n<p>Le pr\u00e9sident du CSM a ajout\u00e9 que les magistrats ne sont plus d\u00e9pendants de l\u2019ex\u00e9cutif : \u00ab<em>L\u2019ex\u00e9cutif a contr\u00f4l\u00e9 la justice durant des d\u00e9cennies, ce n\u2019est pas facile de lui arracher une partie de ses pr\u00e9rogatives historiques en un an ou deux<\/em>\u00bb, a-t-il cependant pr\u00e9cis\u00e9.<\/p>\n\n\n\n<p>Notons que la Cour de cassation a finalement lib\u00e9r\u00e9 Karoui, \u00e0 la demande de ses avocats, \u00e0 quelques jours du 2e tour de la pr\u00e9sidentielle, qui se tiendra dimanche prochain, 13 octobre, apr\u00e8s avoir refus\u00e9 3 recours formul\u00e9s par son comit\u00e9 de d\u00e9fense et ce afin qu&rsquo;il puisse mener sa campagne \u00e9lectorale pour le 2e tour de ce scrutin.<\/p>\n\n\n\n<p style=\"text-align:right\"><strong>Y. N.<\/strong><\/p>\n","protected":false},"excerpt":{"rendered":"<p>Dans une interview avec le journal fran\u00e7ais \u00ab\u00a0Le Monde\u00ab\u00a0, publi\u00e9e aujourd&rsquo;hui, mercredi 8 octobre 2019, Youssef Bouzakher, pr\u00e9sident du Conseil sup\u00e9rieur de la magistrature (CSM), a assur\u00e9 que la justice en Tunisie est ind\u00e9pendante du pouvoir ex\u00e9cutif, estimant ainsi qu&rsquo;il n&rsquo;y a pas eu d&rsquo;ing\u00e9rence dans le dossier Nabil Karoui, qui vient finalement d&rsquo;\u00eatre lib\u00e9r\u00e9&#8230;<\/p>\n","protected":false},"author":6,"featured_media":0,"comment_status":"open","ping_status":"open","sticky":false,"template":"","format":"standard","meta":{"footnotes":""},"categories":[997,2433],"tags":[64471,251,313,64355,4650,651,4797,62643,65427],"class_list":["post-246022","post","type-post","status-publish","format-standard","hentry","category-politique","category-tunisie","tag-corruption","tag-csm","tag-elections","tag-justice","tag-magistrats","tag-nabil-karoui","tag-presidentielle","tag-tunisie","tag-youssef-bouzakher"],"yoast_head":"<!-- This site is optimized with the Yoast SEO plugin v26.6 - https:\/\/yoast.com\/wordpress\/plugins\/seo\/ -->\n<title>Affaire Karoui: La justice est ind\u00e9pendante du pouvoir ex\u00e9cutif, affirme Youssef Bouzakher - Kapitalis<\/title>\n<meta name=\"robots\" content=\"index, follow, max-snippet:-1, max-image-preview:large, max-video-preview:-1\" \/>\n<link rel=\"canonical\" href=\"https:\/\/kapitalis.com\/tunisie\/2019\/10\/09\/affaire-karoui-la-justice-est-independante-du-pouvoir-executif-affirme-youssef-bouzakher\/\" \/>\n<meta property=\"og:locale\" content=\"fr_FR\" \/>\n<meta property=\"og:type\" content=\"article\" \/>\n<meta property=\"og:title\" content=\"Affaire Karoui: La justice est ind\u00e9pendante du pouvoir ex\u00e9cutif, affirme Youssef Bouzakher - Kapitalis\" \/>\n<meta property=\"og:description\" content=\"Dans une interview avec le journal fran\u00e7ais \u00ab\u00a0Le Monde\u00ab\u00a0, publi\u00e9e aujourd&rsquo;hui, mercredi 8 octobre 2019, Youssef Bouzakher, pr\u00e9sident du Conseil sup\u00e9rieur de la magistrature (CSM), a assur\u00e9 que la justice en Tunisie est ind\u00e9pendante du pouvoir ex\u00e9cutif, estimant ainsi qu&rsquo;il n&rsquo;y a pas eu d&rsquo;ing\u00e9rence dans le dossier Nabil Karoui, qui vient finalement d&rsquo;\u00eatre lib\u00e9r\u00e9...\" \/>\n<meta property=\"og:url\" content=\"https:\/\/kapitalis.com\/tunisie\/2019\/10\/09\/affaire-karoui-la-justice-est-independante-du-pouvoir-executif-affirme-youssef-bouzakher\/\" \/>\n<meta property=\"og:site_name\" content=\"Kapitalis\" \/>\n<meta property=\"article:publisher\" content=\"https:\/\/www.facebook.com\/KapitalisInfo\/\" \/>\n<meta property=\"article:published_time\" content=\"2019-10-09T16:50:25+00:00\" \/>\n<meta property=\"article:modified_time\" content=\"2019-10-09T17:30:46+00:00\" \/>\n<meta property=\"og:image\" content=\"http:\/\/kapitalis.com\/tunisie\/wp-content\/uploads\/2019\/10\/Youssef-Bouzakher-CSM.jpg\" \/>\n<meta name=\"author\" content=\"Yusra NY\" \/>\n<meta name=\"twitter:card\" content=\"summary_large_image\" \/>\n<meta name=\"twitter:creator\" content=\"@KapitalisInfo\" \/>\n<meta name=\"twitter:site\" content=\"@KapitalisInfo\" \/>\n<meta name=\"twitter:label1\" content=\"\u00c9crit par\" \/>\n\t<meta name=\"twitter:data1\" content=\"Yusra NY\" \/>\n\t<meta name=\"twitter:label2\" content=\"Dur\u00e9e de lecture estim\u00e9e\" \/>\n\t<meta name=\"twitter:data2\" content=\"2 minutes\" \/>\n<script type=\"application\/ld+json\" class=\"yoast-schema-graph\">{\"@context\":\"https:\/\/schema.org\",\"@graph\":[{\"@type\":\"Article\",\"@id\":\"https:\/\/kapitalis.com\/tunisie\/2019\/10\/09\/affaire-karoui-la-justice-est-independante-du-pouvoir-executif-affirme-youssef-bouzakher\/#article\",\"isPartOf\":{\"@id\":\"https:\/\/kapitalis.com\/tunisie\/2019\/10\/09\/affaire-karoui-la-justice-est-independante-du-pouvoir-executif-affirme-youssef-bouzakher\/\"},\"author\":{\"name\":\"Yusra NY\",\"@id\":\"https:\/\/kapitalis.com\/tunisie\/#\/schema\/person\/74bbde0154d49d790a92aaeac5bc01d5\"},\"headline\":\"Affaire Karoui: La justice est ind\u00e9pendante du pouvoir ex\u00e9cutif, affirme Youssef Bouzakher\",\"datePublished\":\"2019-10-09T16:50:25+00:00\",\"dateModified\":\"2019-10-09T17:30:46+00:00\",\"mainEntityOfPage\":{\"@id\":\"https:\/\/kapitalis.com\/tunisie\/2019\/10\/09\/affaire-karoui-la-justice-est-independante-du-pouvoir-executif-affirme-youssef-bouzakher\/\"},\"wordCount\":355,\"commentCount\":4,\"publisher\":{\"@id\":\"https:\/\/kapitalis.com\/tunisie\/#organization\"},\"image\":{\"@id\":\"https:\/\/kapitalis.com\/tunisie\/2019\/10\/09\/affaire-karoui-la-justice-est-independante-du-pouvoir-executif-affirme-youssef-bouzakher\/#primaryimage\"},\"thumbnailUrl\":\"http:\/\/kapitalis.com\/tunisie\/wp-content\/uploads\/2019\/10\/Youssef-Bouzakher-CSM.jpg\",\"keywords\":[\"corruption\",\"CSM\",\"\u00e9lections\",\"justice\",\"magistrats\",\"Nabil Karoui\",\"pr\u00e9sidentielle\",\"Tunisie\",\"Youssef Bouzakher\"],\"articleSection\":[\"POLITIQUE\",\"Tunisie\"],\"inLanguage\":\"fr-FR\",\"potentialAction\":[{\"@type\":\"CommentAction\",\"name\":\"Comment\",\"target\":[\"https:\/\/kapitalis.com\/tunisie\/2019\/10\/09\/affaire-karoui-la-justice-est-independante-du-pouvoir-executif-affirme-youssef-bouzakher\/#respond\"]}]},{\"@type\":\"WebPage\",\"@id\":\"https:\/\/kapitalis.com\/tunisie\/2019\/10\/09\/affaire-karoui-la-justice-est-independante-du-pouvoir-executif-affirme-youssef-bouzakher\/\",\"url\":\"https:\/\/kapitalis.com\/tunisie\/2019\/10\/09\/affaire-karoui-la-justice-est-independante-du-pouvoir-executif-affirme-youssef-bouzakher\/\",\"name\":\"Affaire Karoui: La justice est ind\u00e9pendante du pouvoir ex\u00e9cutif, affirme Youssef Bouzakher - Kapitalis\",\"isPartOf\":{\"@id\":\"https:\/\/kapitalis.com\/tunisie\/#website\"},\"primaryImageOfPage\":{\"@id\":\"https:\/\/kapitalis.com\/tunisie\/2019\/10\/09\/affaire-karoui-la-justice-est-independante-du-pouvoir-executif-affirme-youssef-bouzakher\/#primaryimage\"},\"image\":{\"@id\":\"https:\/\/kapitalis.com\/tunisie\/2019\/10\/09\/affaire-karoui-la-justice-est-independante-du-pouvoir-executif-affirme-youssef-bouzakher\/#primaryimage\"},\"thumbnailUrl\":\"http:\/\/kapitalis.com\/tunisie\/wp-content\/uploads\/2019\/10\/Youssef-Bouzakher-CSM.jpg\",\"datePublished\":\"2019-10-09T16:50:25+00:00\",\"dateModified\":\"2019-10-09T17:30:46+00:00\",\"breadcrumb\":{\"@id\":\"https:\/\/kapitalis.com\/tunisie\/2019\/10\/09\/affaire-karoui-la-justice-est-independante-du-pouvoir-executif-affirme-youssef-bouzakher\/#breadcrumb\"},\"inLanguage\":\"fr-FR\",\"potentialAction\":[{\"@type\":\"ReadAction\",\"target\":[\"https:\/\/kapitalis.com\/tunisie\/2019\/10\/09\/affaire-karoui-la-justice-est-independante-du-pouvoir-executif-affirme-youssef-bouzakher\/\"]}]},{\"@type\":\"ImageObject\",\"inLanguage\":\"fr-FR\",\"@id\":\"https:\/\/kapitalis.com\/tunisie\/2019\/10\/09\/affaire-karoui-la-justice-est-independante-du-pouvoir-executif-affirme-youssef-bouzakher\/#primaryimage\",\"url\":\"\",\"contentUrl\":\"\"},{\"@type\":\"BreadcrumbList\",\"@id\":\"https:\/\/kapitalis.com\/tunisie\/2019\/10\/09\/affaire-karoui-la-justice-est-independante-du-pouvoir-executif-affirme-youssef-bouzakher\/#breadcrumb\",\"itemListElement\":[{\"@type\":\"ListItem\",\"position\":1,\"name\":\"Accueil\",\"item\":\"https:\/\/kapitalis.com\/tunisie\/\"},{\"@type\":\"ListItem\",\"position\":2,\"name\":\"Affaire Karoui: La justice est ind\u00e9pendante du pouvoir ex\u00e9cutif, affirme Youssef Bouzakher\"}]},{\"@type\":\"WebSite\",\"@id\":\"https:\/\/kapitalis.com\/tunisie\/#website\",\"url\":\"https:\/\/kapitalis.com\/tunisie\/\",\"name\":\"Kapitalis\",\"description\":\"L&#039;actualit\u00e9 en Tunisie et dans le monde\",\"publisher\":{\"@id\":\"https:\/\/kapitalis.com\/tunisie\/#organization\"},\"potentialAction\":[{\"@type\":\"SearchAction\",\"target\":{\"@type\":\"EntryPoint\",\"urlTemplate\":\"https:\/\/kapitalis.com\/tunisie\/?s={search_term_string}\"},\"query-input\":{\"@type\":\"PropertyValueSpecification\",\"valueRequired\":true,\"valueName\":\"search_term_string\"}}],\"inLanguage\":\"fr-FR\"},{\"@type\":\"Organization\",\"@id\":\"https:\/\/kapitalis.com\/tunisie\/#organization\",\"name\":\"Kapitalis\",\"url\":\"https:\/\/kapitalis.com\/tunisie\/\",\"logo\":{\"@type\":\"ImageObject\",\"inLanguage\":\"fr-FR\",\"@id\":\"https:\/\/kapitalis.com\/tunisie\/#\/schema\/logo\/image\/\",\"url\":\"https:\/\/kapitalis.com\/tunisie\/wp-content\/uploads\/2022\/05\/Kapitalis-big-size.png\",\"contentUrl\":\"https:\/\/kapitalis.com\/tunisie\/wp-content\/uploads\/2022\/05\/Kapitalis-big-size.png\",\"width\":5000,\"height\":1500,\"caption\":\"Kapitalis\"},\"image\":{\"@id\":\"https:\/\/kapitalis.com\/tunisie\/#\/schema\/logo\/image\/\"},\"sameAs\":[\"https:\/\/www.facebook.com\/KapitalisInfo\/\",\"https:\/\/x.com\/KapitalisInfo\",\"https:\/\/www.youtube.com\/channel\/UC-yDYrHyfFBWWZaOw3FPg9Q\"]},{\"@type\":\"Person\",\"@id\":\"https:\/\/kapitalis.com\/tunisie\/#\/schema\/person\/74bbde0154d49d790a92aaeac5bc01d5\",\"name\":\"Yusra NY\",\"url\":\"https:\/\/kapitalis.com\/tunisie\/author\/yuza_adam\/\"}]}<\/script>\n<!-- \/ Yoast SEO plugin. -->","yoast_head_json":{"title":"Affaire Karoui: La justice est ind\u00e9pendante du pouvoir ex\u00e9cutif, affirme Youssef Bouzakher - Kapitalis","robots":{"index":"index","follow":"follow","max-snippet":"max-snippet:-1","max-image-preview":"max-image-preview:large","max-video-preview":"max-video-preview:-1"},"canonical":"https:\/\/kapitalis.com\/tunisie\/2019\/10\/09\/affaire-karoui-la-justice-est-independante-du-pouvoir-executif-affirme-youssef-bouzakher\/","og_locale":"fr_FR","og_type":"article","og_title":"Affaire Karoui: La justice est ind\u00e9pendante du pouvoir ex\u00e9cutif, affirme Youssef Bouzakher - Kapitalis","og_description":"Dans une interview avec le journal fran\u00e7ais \u00ab\u00a0Le Monde\u00ab\u00a0, publi\u00e9e aujourd&rsquo;hui, mercredi 8 octobre 2019, Youssef Bouzakher, pr\u00e9sident du Conseil sup\u00e9rieur de la magistrature (CSM), a assur\u00e9 que la justice en Tunisie est ind\u00e9pendante du pouvoir ex\u00e9cutif, estimant ainsi qu&rsquo;il n&rsquo;y a pas eu d&rsquo;ing\u00e9rence dans le dossier Nabil Karoui, qui vient finalement d&rsquo;\u00eatre lib\u00e9r\u00e9...","og_url":"https:\/\/kapitalis.com\/tunisie\/2019\/10\/09\/affaire-karoui-la-justice-est-independante-du-pouvoir-executif-affirme-youssef-bouzakher\/","og_site_name":"Kapitalis","article_publisher":"https:\/\/www.facebook.com\/KapitalisInfo\/","article_published_time":"2019-10-09T16:50:25+00:00","article_modified_time":"2019-10-09T17:30:46+00:00","og_image":[{"url":"http:\/\/kapitalis.com\/tunisie\/wp-content\/uploads\/2019\/10\/Youssef-Bouzakher-CSM.jpg","type":"","width":"","height":""}],"author":"Yusra NY","twitter_card":"summary_large_image","twitter_creator":"@KapitalisInfo","twitter_site":"@KapitalisInfo","twitter_misc":{"\u00c9crit par":"Yusra NY","Dur\u00e9e de lecture estim\u00e9e":"2 minutes"},"schema":{"@context":"https:\/\/schema.org","@graph":[{"@type":"Article","@id":"https:\/\/kapitalis.com\/tunisie\/2019\/10\/09\/affaire-karoui-la-justice-est-independante-du-pouvoir-executif-affirme-youssef-bouzakher\/#article","isPartOf":{"@id":"https:\/\/kapitalis.com\/tunisie\/2019\/10\/09\/affaire-karoui-la-justice-est-independante-du-pouvoir-executif-affirme-youssef-bouzakher\/"},"author":{"name":"Yusra NY","@id":"https:\/\/kapitalis.com\/tunisie\/#\/schema\/person\/74bbde0154d49d790a92aaeac5bc01d5"},"headline":"Affaire Karoui: La justice est ind\u00e9pendante du pouvoir ex\u00e9cutif, affirme Youssef Bouzakher","datePublished":"2019-10-09T16:50:25+00:00","dateModified":"2019-10-09T17:30:46+00:00","mainEntityOfPage":{"@id":"https:\/\/kapitalis.com\/tunisie\/2019\/10\/09\/affaire-karoui-la-justice-est-independante-du-pouvoir-executif-affirme-youssef-bouzakher\/"},"wordCount":355,"commentCount":4,"publisher":{"@id":"https:\/\/kapitalis.com\/tunisie\/#organization"},"image":{"@id":"https:\/\/kapitalis.com\/tunisie\/2019\/10\/09\/affaire-karoui-la-justice-est-independante-du-pouvoir-executif-affirme-youssef-bouzakher\/#primaryimage"},"thumbnailUrl":"http:\/\/kapitalis.com\/tunisie\/wp-content\/uploads\/2019\/10\/Youssef-Bouzakher-CSM.jpg","keywords":["corruption","CSM","\u00e9lections","justice","magistrats","Nabil Karoui","pr\u00e9sidentielle","Tunisie","Youssef Bouzakher"],"articleSection":["POLITIQUE","Tunisie"],"inLanguage":"fr-FR","potentialAction":[{"@type":"CommentAction","name":"Comment","target":["https:\/\/kapitalis.com\/tunisie\/2019\/10\/09\/affaire-karoui-la-justice-est-independante-du-pouvoir-executif-affirme-youssef-bouzakher\/#respond"]}]},{"@type":"WebPage","@id":"https:\/\/kapitalis.com\/tunisie\/2019\/10\/09\/affaire-karoui-la-justice-est-independante-du-pouvoir-executif-affirme-youssef-bouzakher\/","url":"https:\/\/kapitalis.com\/tunisie\/2019\/10\/09\/affaire-karoui-la-justice-est-independante-du-pouvoir-executif-affirme-youssef-bouzakher\/","name":"Affaire Karoui: La justice est ind\u00e9pendante du pouvoir ex\u00e9cutif, affirme Youssef Bouzakher - Kapitalis","isPartOf":{"@id":"https:\/\/kapitalis.com\/tunisie\/#website"},"primaryImageOfPage":{"@id":"https:\/\/kapitalis.com\/tunisie\/2019\/10\/09\/affaire-karoui-la-justice-est-independante-du-pouvoir-executif-affirme-youssef-bouzakher\/#primaryimage"},"image":{"@id":"https:\/\/kapitalis.com\/tunisie\/2019\/10\/09\/affaire-karoui-la-justice-est-independante-du-pouvoir-executif-affirme-youssef-bouzakher\/#primaryimage"},"thumbnailUrl":"http:\/\/kapitalis.com\/tunisie\/wp-content\/uploads\/2019\/10\/Youssef-Bouzakher-CSM.jpg","datePublished":"2019-10-09T16:50:25+00:00","dateModified":"2019-10-09T17:30:46+00:00","breadcrumb":{"@id":"https:\/\/kapitalis.com\/tunisie\/2019\/10\/09\/affaire-karoui-la-justice-est-independante-du-pouvoir-executif-affirme-youssef-bouzakher\/#breadcrumb"},"inLanguage":"fr-FR","potentialAction":[{"@type":"ReadAction","target":["https:\/\/kapitalis.com\/tunisie\/2019\/10\/09\/affaire-karoui-la-justice-est-independante-du-pouvoir-executif-affirme-youssef-bouzakher\/"]}]},{"@type":"ImageObject","inLanguage":"fr-FR","@id":"https:\/\/kapitalis.com\/tunisie\/2019\/10\/09\/affaire-karoui-la-justice-est-independante-du-pouvoir-executif-affirme-youssef-bouzakher\/#primaryimage","url":"","contentUrl":""},{"@type":"BreadcrumbList","@id":"https:\/\/kapitalis.com\/tunisie\/2019\/10\/09\/affaire-karoui-la-justice-est-independante-du-pouvoir-executif-affirme-youssef-bouzakher\/#breadcrumb","itemListElement":[{"@type":"ListItem","position":1,"name":"Accueil","item":"https:\/\/kapitalis.com\/tunisie\/"},{"@type":"ListItem","position":2,"name":"Affaire Karoui: La justice est ind\u00e9pendante du pouvoir ex\u00e9cutif, affirme Youssef Bouzakher"}]},{"@type":"WebSite","@id":"https:\/\/kapitalis.com\/tunisie\/#website","url":"https:\/\/kapitalis.com\/tunisie\/","name":"Kapitalis","description":"L&#039;actualit\u00e9 en Tunisie et dans le monde","publisher":{"@id":"https:\/\/kapitalis.com\/tunisie\/#organization"},"potentialAction":[{"@type":"SearchAction","target":{"@type":"EntryPoint","urlTemplate":"https:\/\/kapitalis.com\/tunisie\/?s={search_term_string}"},"query-input":{"@type":"PropertyValueSpecification","valueRequired":true,"valueName":"search_term_string"}}],"inLanguage":"fr-FR"},{"@type":"Organization","@id":"https:\/\/kapitalis.com\/tunisie\/#organization","name":"Kapitalis","url":"https:\/\/kapitalis.com\/tunisie\/","logo":{"@type":"ImageObject","inLanguage":"fr-FR","@id":"https:\/\/kapitalis.com\/tunisie\/#\/schema\/logo\/image\/","url":"https:\/\/kapitalis.com\/tunisie\/wp-content\/uploads\/2022\/05\/Kapitalis-big-size.png","contentUrl":"https:\/\/kapitalis.com\/tunisie\/wp-content\/uploads\/2022\/05\/Kapitalis-big-size.png","width":5000,"height":1500,"caption":"Kapitalis"},"image":{"@id":"https:\/\/kapitalis.com\/tunisie\/#\/schema\/logo\/image\/"},"sameAs":["https:\/\/www.facebook.com\/KapitalisInfo\/","https:\/\/x.com\/KapitalisInfo","https:\/\/www.youtube.com\/channel\/UC-yDYrHyfFBWWZaOw3FPg9Q"]},{"@type":"Person","@id":"https:\/\/kapitalis.com\/tunisie\/#\/schema\/person\/74bbde0154d49d790a92aaeac5bc01d5","name":"Yusra NY","url":"https:\/\/kapitalis.com\/tunisie\/author\/yuza_adam\/"}]}},"_links":{"self":[{"href":"https:\/\/kapitalis.com\/tunisie\/wp-json\/wp\/v2\/posts\/246022","targetHints":{"allow":["GET"]}}],"collection":[{"href":"https:\/\/kapitalis.com\/tunisie\/wp-json\/wp\/v2\/posts"}],"about":[{"href":"https:\/\/kapitalis.com\/tunisie\/wp-json\/wp\/v2\/types\/post"}],"author":[{"embeddable":true,"href":"https:\/\/kapitalis.com\/tunisie\/wp-json\/wp\/v2\/users\/6"}],"replies":[{"embeddable":true,"href":"https:\/\/kapitalis.com\/tunisie\/wp-json\/wp\/v2\/comments?post=246022"}],"version-history":[{"count":0,"href":"https:\/\/kapitalis.com\/tunisie\/wp-json\/wp\/v2\/posts\/246022\/revisions"}],"wp:attachment":[{"href":"https:\/\/kapitalis.com\/tunisie\/wp-json\/wp\/v2\/media?parent=246022"}],"wp:term":[{"taxonomy":"category","embeddable":true,"href":"https:\/\/kapitalis.com\/tunisie\/wp-json\/wp\/v2\/categories?post=246022"},{"taxonomy":"post_tag","embeddable":true,"href":"https:\/\/kapitalis.com\/tunisie\/wp-json\/wp\/v2\/tags?post=246022"}],"curies":[{"name":"wp","href":"https:\/\/api.w.org\/{rel}","templated":true}]}}