{"id":246129,"date":"2019-10-10T10:02:18","date_gmt":"2019-10-10T09:02:18","guid":{"rendered":"http:\/\/kapitalis.com\/tunisie\/?p=246129"},"modified":"2019-10-10T10:08:07","modified_gmt":"2019-10-10T09:08:07","slug":"le-cineaste-tunisien-chawki-mejri-sest-eteint-a-lage-de-58-ans","status":"publish","type":"post","link":"https:\/\/kapitalis.com\/tunisie\/2019\/10\/10\/le-cineaste-tunisien-chawki-mejri-sest-eteint-a-lage-de-58-ans\/","title":{"rendered":"Le cin\u00e9aste tunisien Chawki Mejri s&rsquo;est \u00e9teint \u00e0 l&rsquo;\u00e2ge de 58 ans"},"content":{"rendered":"\n<figure class=\"wp-block-image\"><img decoding=\"async\" src=\"http:\/\/kapitalis.com\/tunisie\/wp-content\/uploads\/2019\/10\/Chawki-Mejri-....jpg\" alt=\"\" class=\"wp-image-246134\"\/><\/figure>\n\n\n\n<p><strong><em>Le cin\u00e9aste tunisien Chawki Mejri vient de succomber \u00e0 une crise cardiaque, en Egypte, o\u00f9 il vit. Il avait 58 ans et plusieurs projets de films et de s\u00e9ries t\u00e9l\u00e9vis\u00e9es en chantier.<\/em><\/strong><\/p>\n\n\n\n<!--more-->\n\n\n\n<p>Chawki Mejri, connu pour ses productions dramatiques t\u00e9l\u00e9visuelles, a r\u00e9alis\u00e9 plusieurs courts m\u00e9trages d\u00e8s l&rsquo;\u00e2ge de 27 ans, dont <em>\u00ab\u00a0L&rsquo;Odeur de l&rsquo;Islam\u00a0\u00bb, \u00ab\u00a0La Poste\u00a0\u00bb, \u00ab\u00a0Cl\u00e9 de Sol\u00a0\u00bb<\/em> et <em>\u00ab\u00a0Orliano\u00a0\u00bb.<\/em><\/p>\n\n\n\n<div class=\"wp-block-image\"><figure class=\"aligncenter is-resized\"><img loading=\"lazy\" decoding=\"async\" src=\"http:\/\/kapitalis.com\/tunisie\/wp-content\/uploads\/2019\/10\/Chawki-Mejri-daqiqet-samt-....jpg\" alt=\"\" class=\"wp-image-246136\" width=\"500\" height=\"304\"\/><figcaption>\u00ab\u00a0Une minute de silence\u00a0\u00bb est requise, effectivement &#8230;.<\/figcaption><\/figure><\/div>\n\n\n\n<p>Il a \u00e9galement r\u00e9alis\u00e9 un film de 120 minutes \u00ab\u00a0<em>Le Royaume des Fourmis<\/em>\u00ab\u00a0, sur l&rsquo;histoire de la cause palestinienne, dont le tournage a dur\u00e9 douze semaines en 2010, la post-production s&rsquo;est achev\u00e9e en 2011 et la distribution dans les salles tunisiennes en 2012.<\/p>\n\n\n\n<div class=\"wp-block-image\"><figure class=\"aligncenter is-resized\"><img loading=\"lazy\" decoding=\"async\" src=\"http:\/\/kapitalis.com\/tunisie\/wp-content\/uploads\/2019\/10\/chawki-Mejri-2-....jpg\" alt=\"\" class=\"wp-image-246139\" width=\"500\" height=\"304\"\/><figcaption>Une photo de Chawki Mejri dans son album sur Facebook<\/figcaption><\/figure><\/div>\n\n\n\n<p>Le film raconte le combat que m\u00e8ne une famille palestinienne sur plusieurs g\u00e9n\u00e9ration, pour survivre \u00ab<em>sur et sous terre<\/em>\u00bb en Palestine occup\u00e9e. <\/p>\n\n\n\n<div class=\"wp-block-image\"><figure class=\"aligncenter is-resized\"><img loading=\"lazy\" decoding=\"async\" src=\"http:\/\/kapitalis.com\/tunisie\/wp-content\/uploads\/2019\/10\/Chawki-Mejri-Royaume-des-fourmis-.-.jpg\" alt=\"\" class=\"wp-image-246141\" width=\"500\" height=\"304\"\/><figcaption>\u00a0\u00bb Le royaume des fourmis \u00ab\u00a0<\/figcaption><\/figure><\/div>\n\n\n\n<p>Rappelons que le regrett\u00e9 Chawki Mejri, qui a \u00e9tudi\u00e9 au Coll\u00e8ge Sadiki \u00e0 Tunis, est titulaire d&rsquo;une ma\u00eetris\u00e9 en cin\u00e9ma obtenue en 1994 \u00e0 l&rsquo;\u00e9cole de cin\u00e9ma de  Lods, en Pologne. Il a fait l&rsquo;essentiel de sa carri\u00e8re de r\u00e9alisateur de t\u00e9l\u00e9films en Syrie, avant la guerre, puis en Egypte. Avec sa disparition pr\u00e9matur\u00e9e, la sc\u00e8ne cin\u00e9matographique tunisienne et arabe perd un immense talent, un grand travailleur, ne reculant face \u00e0 aucune difficult\u00e9, et, surtout, un ami et un fr\u00e8re des acteurs et actrices qu&rsquo;il a toujours su magnifier le jeu et mettre en valeur le talent.  <\/p>\n\n\n\n<p style=\"text-align:right\"><strong>A. M.<\/strong><\/p>\n","protected":false},"excerpt":{"rendered":"<p>Le cin\u00e9aste tunisien Chawki Mejri vient de succomber \u00e0 une crise cardiaque, en Egypte, o\u00f9 il vit. Il avait 58 ans et plusieurs projets de films et de s\u00e9ries t\u00e9l\u00e9vis\u00e9es en chantier.<\/p>\n","protected":false},"author":22,"featured_media":246134,"comment_status":"open","ping_status":"open","sticky":false,"template":"","format":"standard","meta":{"footnotes":""},"categories":[994,2433],"tags":[16186,5512,64263,2379],"class_list":["post-246129","post","type-post","status-publish","format-standard","has-post-thumbnail","hentry","category-culture","category-tunisie","tag-cineaste","tag-crise-cardiaque","tag-deces","tag-egypte"],"yoast_head":"<!-- This site is optimized with the Yoast SEO plugin v26.6 - https:\/\/yoast.com\/wordpress\/plugins\/seo\/ -->\n<title>Le cin\u00e9aste tunisien Chawki Mejri s&#039;est \u00e9teint \u00e0 l&#039;\u00e2ge de 58 ans - Kapitalis<\/title>\n<meta name=\"robots\" content=\"index, follow, max-snippet:-1, max-image-preview:large, max-video-preview:-1\" \/>\n<link rel=\"canonical\" href=\"https:\/\/kapitalis.com\/tunisie\/2019\/10\/10\/le-cineaste-tunisien-chawki-mejri-sest-eteint-a-lage-de-58-ans\/\" \/>\n<meta property=\"og:locale\" content=\"fr_FR\" \/>\n<meta property=\"og:type\" content=\"article\" \/>\n<meta property=\"og:title\" content=\"Le cin\u00e9aste tunisien Chawki Mejri s&#039;est \u00e9teint \u00e0 l&#039;\u00e2ge de 58 ans - Kapitalis\" \/>\n<meta property=\"og:description\" content=\"Le cin\u00e9aste tunisien Chawki Mejri vient de succomber \u00e0 une crise cardiaque, en Egypte, o\u00f9 il vit. Il avait 58 ans et plusieurs projets de films et de s\u00e9ries t\u00e9l\u00e9vis\u00e9es en chantier.\" \/>\n<meta property=\"og:url\" content=\"https:\/\/kapitalis.com\/tunisie\/2019\/10\/10\/le-cineaste-tunisien-chawki-mejri-sest-eteint-a-lage-de-58-ans\/\" \/>\n<meta property=\"og:site_name\" content=\"Kapitalis\" \/>\n<meta property=\"article:publisher\" content=\"https:\/\/www.facebook.com\/KapitalisInfo\/\" \/>\n<meta property=\"article:published_time\" content=\"2019-10-10T09:02:18+00:00\" \/>\n<meta property=\"article:modified_time\" content=\"2019-10-10T09:08:07+00:00\" \/>\n<meta property=\"og:image\" content=\"https:\/\/kapitalis.com\/tunisie\/wp-content\/uploads\/2022\/05\/kapitalis-logo-fb.png\" \/>\n\t<meta property=\"og:image:width\" content=\"1200\" \/>\n\t<meta property=\"og:image:height\" content=\"630\" \/>\n\t<meta property=\"og:image:type\" content=\"image\/png\" \/>\n<meta name=\"author\" content=\"Amina Mkada\" \/>\n<meta name=\"twitter:card\" content=\"summary_large_image\" \/>\n<meta name=\"twitter:creator\" content=\"@KapitalisInfo\" \/>\n<meta name=\"twitter:site\" content=\"@KapitalisInfo\" \/>\n<meta name=\"twitter:label1\" content=\"\u00c9crit par\" \/>\n\t<meta name=\"twitter:data1\" content=\"Amina Mkada\" \/>\n\t<meta name=\"twitter:label2\" content=\"Dur\u00e9e de lecture estim\u00e9e\" \/>\n\t<meta name=\"twitter:data2\" content=\"1 minute\" \/>\n<script type=\"application\/ld+json\" class=\"yoast-schema-graph\">{\"@context\":\"https:\/\/schema.org\",\"@graph\":[{\"@type\":\"Article\",\"@id\":\"https:\/\/kapitalis.com\/tunisie\/2019\/10\/10\/le-cineaste-tunisien-chawki-mejri-sest-eteint-a-lage-de-58-ans\/#article\",\"isPartOf\":{\"@id\":\"https:\/\/kapitalis.com\/tunisie\/2019\/10\/10\/le-cineaste-tunisien-chawki-mejri-sest-eteint-a-lage-de-58-ans\/\"},\"author\":{\"name\":\"Amina Mkada\",\"@id\":\"https:\/\/kapitalis.com\/tunisie\/#\/schema\/person\/093913313d3017554cb3ad077fff3fbd\"},\"headline\":\"Le cin\u00e9aste tunisien Chawki Mejri s&rsquo;est \u00e9teint \u00e0 l&rsquo;\u00e2ge de 58 ans\",\"datePublished\":\"2019-10-10T09:02:18+00:00\",\"dateModified\":\"2019-10-10T09:08:07+00:00\",\"mainEntityOfPage\":{\"@id\":\"https:\/\/kapitalis.com\/tunisie\/2019\/10\/10\/le-cineaste-tunisien-chawki-mejri-sest-eteint-a-lage-de-58-ans\/\"},\"wordCount\":278,\"commentCount\":0,\"publisher\":{\"@id\":\"https:\/\/kapitalis.com\/tunisie\/#organization\"},\"image\":{\"@id\":\"https:\/\/kapitalis.com\/tunisie\/2019\/10\/10\/le-cineaste-tunisien-chawki-mejri-sest-eteint-a-lage-de-58-ans\/#primaryimage\"},\"thumbnailUrl\":\"\",\"keywords\":[\"cin\u00e9aste\",\"crise cardiaque\",\"d\u00e9c\u00e8s\",\"Egypte\"],\"articleSection\":[\"CULTURE\",\"Tunisie\"],\"inLanguage\":\"fr-FR\",\"potentialAction\":[{\"@type\":\"CommentAction\",\"name\":\"Comment\",\"target\":[\"https:\/\/kapitalis.com\/tunisie\/2019\/10\/10\/le-cineaste-tunisien-chawki-mejri-sest-eteint-a-lage-de-58-ans\/#respond\"]}]},{\"@type\":\"WebPage\",\"@id\":\"https:\/\/kapitalis.com\/tunisie\/2019\/10\/10\/le-cineaste-tunisien-chawki-mejri-sest-eteint-a-lage-de-58-ans\/\",\"url\":\"https:\/\/kapitalis.com\/tunisie\/2019\/10\/10\/le-cineaste-tunisien-chawki-mejri-sest-eteint-a-lage-de-58-ans\/\",\"name\":\"Le cin\u00e9aste tunisien Chawki Mejri s'est \u00e9teint \u00e0 l'\u00e2ge de 58 ans - Kapitalis\",\"isPartOf\":{\"@id\":\"https:\/\/kapitalis.com\/tunisie\/#website\"},\"primaryImageOfPage\":{\"@id\":\"https:\/\/kapitalis.com\/tunisie\/2019\/10\/10\/le-cineaste-tunisien-chawki-mejri-sest-eteint-a-lage-de-58-ans\/#primaryimage\"},\"image\":{\"@id\":\"https:\/\/kapitalis.com\/tunisie\/2019\/10\/10\/le-cineaste-tunisien-chawki-mejri-sest-eteint-a-lage-de-58-ans\/#primaryimage\"},\"thumbnailUrl\":\"\",\"datePublished\":\"2019-10-10T09:02:18+00:00\",\"dateModified\":\"2019-10-10T09:08:07+00:00\",\"breadcrumb\":{\"@id\":\"https:\/\/kapitalis.com\/tunisie\/2019\/10\/10\/le-cineaste-tunisien-chawki-mejri-sest-eteint-a-lage-de-58-ans\/#breadcrumb\"},\"inLanguage\":\"fr-FR\",\"potentialAction\":[{\"@type\":\"ReadAction\",\"target\":[\"https:\/\/kapitalis.com\/tunisie\/2019\/10\/10\/le-cineaste-tunisien-chawki-mejri-sest-eteint-a-lage-de-58-ans\/\"]}]},{\"@type\":\"ImageObject\",\"inLanguage\":\"fr-FR\",\"@id\":\"https:\/\/kapitalis.com\/tunisie\/2019\/10\/10\/le-cineaste-tunisien-chawki-mejri-sest-eteint-a-lage-de-58-ans\/#primaryimage\",\"url\":\"\",\"contentUrl\":\"\"},{\"@type\":\"BreadcrumbList\",\"@id\":\"https:\/\/kapitalis.com\/tunisie\/2019\/10\/10\/le-cineaste-tunisien-chawki-mejri-sest-eteint-a-lage-de-58-ans\/#breadcrumb\",\"itemListElement\":[{\"@type\":\"ListItem\",\"position\":1,\"name\":\"Accueil\",\"item\":\"https:\/\/kapitalis.com\/tunisie\/\"},{\"@type\":\"ListItem\",\"position\":2,\"name\":\"Le cin\u00e9aste tunisien Chawki Mejri s&rsquo;est \u00e9teint \u00e0 l&rsquo;\u00e2ge de 58 ans\"}]},{\"@type\":\"WebSite\",\"@id\":\"https:\/\/kapitalis.com\/tunisie\/#website\",\"url\":\"https:\/\/kapitalis.com\/tunisie\/\",\"name\":\"Kapitalis\",\"description\":\"L&#039;actualit\u00e9 en Tunisie et dans le monde\",\"publisher\":{\"@id\":\"https:\/\/kapitalis.com\/tunisie\/#organization\"},\"potentialAction\":[{\"@type\":\"SearchAction\",\"target\":{\"@type\":\"EntryPoint\",\"urlTemplate\":\"https:\/\/kapitalis.com\/tunisie\/?s={search_term_string}\"},\"query-input\":{\"@type\":\"PropertyValueSpecification\",\"valueRequired\":true,\"valueName\":\"search_term_string\"}}],\"inLanguage\":\"fr-FR\"},{\"@type\":\"Organization\",\"@id\":\"https:\/\/kapitalis.com\/tunisie\/#organization\",\"name\":\"Kapitalis\",\"url\":\"https:\/\/kapitalis.com\/tunisie\/\",\"logo\":{\"@type\":\"ImageObject\",\"inLanguage\":\"fr-FR\",\"@id\":\"https:\/\/kapitalis.com\/tunisie\/#\/schema\/logo\/image\/\",\"url\":\"https:\/\/kapitalis.com\/tunisie\/wp-content\/uploads\/2022\/05\/Kapitalis-big-size.png\",\"contentUrl\":\"https:\/\/kapitalis.com\/tunisie\/wp-content\/uploads\/2022\/05\/Kapitalis-big-size.png\",\"width\":5000,\"height\":1500,\"caption\":\"Kapitalis\"},\"image\":{\"@id\":\"https:\/\/kapitalis.com\/tunisie\/#\/schema\/logo\/image\/\"},\"sameAs\":[\"https:\/\/www.facebook.com\/KapitalisInfo\/\",\"https:\/\/x.com\/KapitalisInfo\",\"https:\/\/www.youtube.com\/channel\/UC-yDYrHyfFBWWZaOw3FPg9Q\"]},{\"@type\":\"Person\",\"@id\":\"https:\/\/kapitalis.com\/tunisie\/#\/schema\/person\/093913313d3017554cb3ad077fff3fbd\",\"name\":\"Amina Mkada\",\"url\":\"https:\/\/kapitalis.com\/tunisie\/author\/amina\/\"}]}<\/script>\n<!-- \/ Yoast SEO plugin. -->","yoast_head_json":{"title":"Le cin\u00e9aste tunisien Chawki Mejri s'est \u00e9teint \u00e0 l'\u00e2ge de 58 ans - Kapitalis","robots":{"index":"index","follow":"follow","max-snippet":"max-snippet:-1","max-image-preview":"max-image-preview:large","max-video-preview":"max-video-preview:-1"},"canonical":"https:\/\/kapitalis.com\/tunisie\/2019\/10\/10\/le-cineaste-tunisien-chawki-mejri-sest-eteint-a-lage-de-58-ans\/","og_locale":"fr_FR","og_type":"article","og_title":"Le cin\u00e9aste tunisien Chawki Mejri s'est \u00e9teint \u00e0 l'\u00e2ge de 58 ans - Kapitalis","og_description":"Le cin\u00e9aste tunisien Chawki Mejri vient de succomber \u00e0 une crise cardiaque, en Egypte, o\u00f9 il vit. Il avait 58 ans et plusieurs projets de films et de s\u00e9ries t\u00e9l\u00e9vis\u00e9es en chantier.","og_url":"https:\/\/kapitalis.com\/tunisie\/2019\/10\/10\/le-cineaste-tunisien-chawki-mejri-sest-eteint-a-lage-de-58-ans\/","og_site_name":"Kapitalis","article_publisher":"https:\/\/www.facebook.com\/KapitalisInfo\/","article_published_time":"2019-10-10T09:02:18+00:00","article_modified_time":"2019-10-10T09:08:07+00:00","og_image":[{"width":1200,"height":630,"url":"https:\/\/kapitalis.com\/tunisie\/wp-content\/uploads\/2022\/05\/kapitalis-logo-fb.png","type":"image\/png"}],"author":"Amina Mkada","twitter_card":"summary_large_image","twitter_creator":"@KapitalisInfo","twitter_site":"@KapitalisInfo","twitter_misc":{"\u00c9crit par":"Amina Mkada","Dur\u00e9e de lecture estim\u00e9e":"1 minute"},"schema":{"@context":"https:\/\/schema.org","@graph":[{"@type":"Article","@id":"https:\/\/kapitalis.com\/tunisie\/2019\/10\/10\/le-cineaste-tunisien-chawki-mejri-sest-eteint-a-lage-de-58-ans\/#article","isPartOf":{"@id":"https:\/\/kapitalis.com\/tunisie\/2019\/10\/10\/le-cineaste-tunisien-chawki-mejri-sest-eteint-a-lage-de-58-ans\/"},"author":{"name":"Amina Mkada","@id":"https:\/\/kapitalis.com\/tunisie\/#\/schema\/person\/093913313d3017554cb3ad077fff3fbd"},"headline":"Le cin\u00e9aste tunisien Chawki Mejri s&rsquo;est \u00e9teint \u00e0 l&rsquo;\u00e2ge de 58 ans","datePublished":"2019-10-10T09:02:18+00:00","dateModified":"2019-10-10T09:08:07+00:00","mainEntityOfPage":{"@id":"https:\/\/kapitalis.com\/tunisie\/2019\/10\/10\/le-cineaste-tunisien-chawki-mejri-sest-eteint-a-lage-de-58-ans\/"},"wordCount":278,"commentCount":0,"publisher":{"@id":"https:\/\/kapitalis.com\/tunisie\/#organization"},"image":{"@id":"https:\/\/kapitalis.com\/tunisie\/2019\/10\/10\/le-cineaste-tunisien-chawki-mejri-sest-eteint-a-lage-de-58-ans\/#primaryimage"},"thumbnailUrl":"","keywords":["cin\u00e9aste","crise cardiaque","d\u00e9c\u00e8s","Egypte"],"articleSection":["CULTURE","Tunisie"],"inLanguage":"fr-FR","potentialAction":[{"@type":"CommentAction","name":"Comment","target":["https:\/\/kapitalis.com\/tunisie\/2019\/10\/10\/le-cineaste-tunisien-chawki-mejri-sest-eteint-a-lage-de-58-ans\/#respond"]}]},{"@type":"WebPage","@id":"https:\/\/kapitalis.com\/tunisie\/2019\/10\/10\/le-cineaste-tunisien-chawki-mejri-sest-eteint-a-lage-de-58-ans\/","url":"https:\/\/kapitalis.com\/tunisie\/2019\/10\/10\/le-cineaste-tunisien-chawki-mejri-sest-eteint-a-lage-de-58-ans\/","name":"Le cin\u00e9aste tunisien Chawki Mejri s'est \u00e9teint \u00e0 l'\u00e2ge de 58 ans - Kapitalis","isPartOf":{"@id":"https:\/\/kapitalis.com\/tunisie\/#website"},"primaryImageOfPage":{"@id":"https:\/\/kapitalis.com\/tunisie\/2019\/10\/10\/le-cineaste-tunisien-chawki-mejri-sest-eteint-a-lage-de-58-ans\/#primaryimage"},"image":{"@id":"https:\/\/kapitalis.com\/tunisie\/2019\/10\/10\/le-cineaste-tunisien-chawki-mejri-sest-eteint-a-lage-de-58-ans\/#primaryimage"},"thumbnailUrl":"","datePublished":"2019-10-10T09:02:18+00:00","dateModified":"2019-10-10T09:08:07+00:00","breadcrumb":{"@id":"https:\/\/kapitalis.com\/tunisie\/2019\/10\/10\/le-cineaste-tunisien-chawki-mejri-sest-eteint-a-lage-de-58-ans\/#breadcrumb"},"inLanguage":"fr-FR","potentialAction":[{"@type":"ReadAction","target":["https:\/\/kapitalis.com\/tunisie\/2019\/10\/10\/le-cineaste-tunisien-chawki-mejri-sest-eteint-a-lage-de-58-ans\/"]}]},{"@type":"ImageObject","inLanguage":"fr-FR","@id":"https:\/\/kapitalis.com\/tunisie\/2019\/10\/10\/le-cineaste-tunisien-chawki-mejri-sest-eteint-a-lage-de-58-ans\/#primaryimage","url":"","contentUrl":""},{"@type":"BreadcrumbList","@id":"https:\/\/kapitalis.com\/tunisie\/2019\/10\/10\/le-cineaste-tunisien-chawki-mejri-sest-eteint-a-lage-de-58-ans\/#breadcrumb","itemListElement":[{"@type":"ListItem","position":1,"name":"Accueil","item":"https:\/\/kapitalis.com\/tunisie\/"},{"@type":"ListItem","position":2,"name":"Le cin\u00e9aste tunisien Chawki Mejri s&rsquo;est \u00e9teint \u00e0 l&rsquo;\u00e2ge de 58 ans"}]},{"@type":"WebSite","@id":"https:\/\/kapitalis.com\/tunisie\/#website","url":"https:\/\/kapitalis.com\/tunisie\/","name":"Kapitalis","description":"L&#039;actualit\u00e9 en Tunisie et dans le monde","publisher":{"@id":"https:\/\/kapitalis.com\/tunisie\/#organization"},"potentialAction":[{"@type":"SearchAction","target":{"@type":"EntryPoint","urlTemplate":"https:\/\/kapitalis.com\/tunisie\/?s={search_term_string}"},"query-input":{"@type":"PropertyValueSpecification","valueRequired":true,"valueName":"search_term_string"}}],"inLanguage":"fr-FR"},{"@type":"Organization","@id":"https:\/\/kapitalis.com\/tunisie\/#organization","name":"Kapitalis","url":"https:\/\/kapitalis.com\/tunisie\/","logo":{"@type":"ImageObject","inLanguage":"fr-FR","@id":"https:\/\/kapitalis.com\/tunisie\/#\/schema\/logo\/image\/","url":"https:\/\/kapitalis.com\/tunisie\/wp-content\/uploads\/2022\/05\/Kapitalis-big-size.png","contentUrl":"https:\/\/kapitalis.com\/tunisie\/wp-content\/uploads\/2022\/05\/Kapitalis-big-size.png","width":5000,"height":1500,"caption":"Kapitalis"},"image":{"@id":"https:\/\/kapitalis.com\/tunisie\/#\/schema\/logo\/image\/"},"sameAs":["https:\/\/www.facebook.com\/KapitalisInfo\/","https:\/\/x.com\/KapitalisInfo","https:\/\/www.youtube.com\/channel\/UC-yDYrHyfFBWWZaOw3FPg9Q"]},{"@type":"Person","@id":"https:\/\/kapitalis.com\/tunisie\/#\/schema\/person\/093913313d3017554cb3ad077fff3fbd","name":"Amina Mkada","url":"https:\/\/kapitalis.com\/tunisie\/author\/amina\/"}]}},"_links":{"self":[{"href":"https:\/\/kapitalis.com\/tunisie\/wp-json\/wp\/v2\/posts\/246129","targetHints":{"allow":["GET"]}}],"collection":[{"href":"https:\/\/kapitalis.com\/tunisie\/wp-json\/wp\/v2\/posts"}],"about":[{"href":"https:\/\/kapitalis.com\/tunisie\/wp-json\/wp\/v2\/types\/post"}],"author":[{"embeddable":true,"href":"https:\/\/kapitalis.com\/tunisie\/wp-json\/wp\/v2\/users\/22"}],"replies":[{"embeddable":true,"href":"https:\/\/kapitalis.com\/tunisie\/wp-json\/wp\/v2\/comments?post=246129"}],"version-history":[{"count":0,"href":"https:\/\/kapitalis.com\/tunisie\/wp-json\/wp\/v2\/posts\/246129\/revisions"}],"wp:featuredmedia":[{"embeddable":true,"href":"https:\/\/kapitalis.com\/tunisie\/wp-json\/wp\/v2\/media\/246134"}],"wp:attachment":[{"href":"https:\/\/kapitalis.com\/tunisie\/wp-json\/wp\/v2\/media?parent=246129"}],"wp:term":[{"taxonomy":"category","embeddable":true,"href":"https:\/\/kapitalis.com\/tunisie\/wp-json\/wp\/v2\/categories?post=246129"},{"taxonomy":"post_tag","embeddable":true,"href":"https:\/\/kapitalis.com\/tunisie\/wp-json\/wp\/v2\/tags?post=246129"}],"curies":[{"name":"wp","href":"https:\/\/api.w.org\/{rel}","templated":true}]}}