{"id":246752,"date":"2019-10-13T09:37:47","date_gmt":"2019-10-13T08:37:47","guid":{"rendered":"http:\/\/kapitalis.com\/tunisie\/?p=246752"},"modified":"2019-10-13T09:39:20","modified_gmt":"2019-10-13T08:39:20","slug":"le-poeme-du-dimanche-lautre-president-de-victor-hugo","status":"publish","type":"post","link":"https:\/\/kapitalis.com\/tunisie\/2019\/10\/13\/le-poeme-du-dimanche-lautre-president-de-victor-hugo\/","title":{"rendered":"Le po\u00e8me du dimanche : \u2018\u2018L\u2019autre pr\u00e9sident\u2019\u2019 de Victor Hugo"},"content":{"rendered":"\n<figure class=\"wp-block-image\"><img decoding=\"async\" src=\"http:\/\/kapitalis.com\/tunisie\/wp-content\/uploads\/2019\/10\/Victor-Hugo-President.jpg\" alt=\"\" class=\"wp-image-246753\"\/><\/figure>\n\n\n\n<p><strong><em>Les Tunisiens et les Tunisiennes vont de nouveau aux urnes aujourd\u2019hui, dimanche 13 octobre 2019, pour choisir leur pr\u00e9sident de la r\u00e9publique pour les 5 prochaines ann\u00e9es. \u00c0 cette occasion nous offrons notre rubrique \u00e0 un g\u00e9ant de la po\u00e9sie mondiale, Victor Hugo (1802-1885), et publions son po\u00e8me \u2018\u2018L&rsquo;autre pr\u00e9sident\u2019\u2019, extrait de son recueil \u2018\u2018Les ch\u00e2timents\u2019\u2019, publi\u00e9 en 1853.<\/em><\/strong><\/p>\n\n\n\n<!--more-->\n\n\n\n<p style=\"text-align:center\">I <\/p>\n\n\n\n<p>Donc, vieux partis, voil\u00e0 votre homme consulaire !<br> Aux jours sereins, quand rien ne nous vient assi\u00e9ger,<br> Dogue aboyant, dragon farouche, hydre en col\u00e8re ;<br> Taupe aux jours du danger !<\/p>\n\n\n\n<p>Pour le mettre \u00e0 leur t\u00eate, en nos temps que visite<br>\nLa temp\u00eate, brisant le c\u00e8dre et le sapin,<br>\nIls prirent le plus l\u00e2che, et, n\u2019ayant pas Thersite,<br>\nIls choisirent Dupin.<\/p>\n\n\n\n<p>Tandis que ton bras fort pioche, laboure et b\u00eache,<br>\nIls te trahissaient, peuple, ouvrier souverain ;<br>\nCes hommes opposaient le pr\u00e9sident Bob\u00e8che<br>\nAu pr\u00e9sident Mandrin.<\/p>\n\n\n\n<p style=\"text-align:center\">II.<\/p>\n\n\n\n<p>Sa voix aigre sonnait comme une calebasse ;<br>\nSes quolibets mordaient l\u2019orateur au c\u0153ur chaud &#8211;<br>\nIls avaient, insens\u00e9s, mis l\u2019\u00e2me la plus basse<br>\nAu fa\u00eete le plus haut ;<\/p>\n\n\n\n<p>Si bien qu\u2019un jour, ce fut un d\u00e9nouement immonde,<br>\nDes soldats, sabre au poing, quittant leur noir chevet<br>\nEntr\u00e8rent dans ce temple auguste o\u00f9, pour le monde,<br>\nL\u2019aurore se levait !<\/p>\n\n\n\n<p>Devant l\u2019autel des lois qu\u2019on renverse et qu\u2019on br\u00fble,<br>\nHonneur, devoir, criaient \u00e0 cet homme : \u2014 Debout !<br>\nDresse-toi, foudre en main, sur ta chaise curule ! \u2014<br>\nIl plongea dans l\u2019\u00e9gout.<\/p>\n\n\n\n<p style=\"text-align:center\">III.<\/p>\n\n\n\n<p>Qu\u2019il y reste \u00e0 jamais ! qu\u2019\u00e0 jamais il y dorme !<br>\nQue ce vil souvenir soit \u00e0 jamais d\u00e9truit !<br>\nQu\u2019il se dissolve l\u00e0 ! qu\u2019il y devienne informe,<br>\nEt pareil \u00e0 la nuit !<\/p>\n\n\n\n<p>Que, m\u00eame en l\u2019y cherchant, on le distingue \u00e0 peine<br>\nDans ce profond cloaque, affreux, morne, b\u00e9ant !<br>\nEt que tout ce qui rampe et tout ce qui se tra\u00eene<br>\nSe m\u00eale \u00e0 son n\u00e9ant !<\/p>\n\n\n\n<p>Et que l\u2019histoire un jour ne s\u2019en rende plus compte,<br>\nEt dise en le voyant dans la fange \u00e9tendu :<br>\n\u2014 On ne sait ce que c\u2019est. C\u2019est quelque vieille honte<br>\nDont le nom s\u2019est perdu ! \u2014<\/p>\n\n\n\n<p style=\"text-align:center\">IV.<\/p>\n\n\n\n<p>Oh ! si ces \u00e2mes-l\u00e0 par l\u2019enfer sont re\u00e7ues,<br>\nS\u2019il ne les chasse pas dans son amer orgueil,<br>\nPo\u00e8tes qui, portant dans vos mains des massues,<br>\nGardez ce sombre seuil,<\/p>\n\n\n\n<p>N&rsquo;est-ce pas ? dans ce gouffre o\u00f9 la justice habite,<br>\nDont l\u2019esp\u00e9rance fuit le flamboyant fronton,<br>\nDites, toi, de Pathmos lugubre c\u00e9nobite,<br>\nToi Dante, toi Milton,<\/p>\n\n\n\n<p>Toi, vieil Eschyle, ami des plaintives Electres,<br> Ce doit \u00eatre une joie, \u00f4 vengeurs des vertus,<br> De faire souffleter les masques par les spectres,<br> Et Dupin par Brutus !<\/p>\n\n\n\n<figure class=\"wp-block-embed-wordpress wp-block-embed is-type-wp-embed is-provider-kapitalis\"><div class=\"wp-block-embed__wrapper\">\n<blockquote class=\"wp-embedded-content\" data-secret=\"d33iAZgi26\"><a href=\"https:\/\/kapitalis.com\/tunisie\/2018\/12\/09\/le-poeme-du-dimanche-ce-siecle-avait-deux-ans-de-victor-hugo\/\">Le po\u00e8me du dimanche: \u2018\u2018Ce si\u00e8cle avait deux ans\u2019\u2019 de Victor Hugo<\/a><\/blockquote><iframe loading=\"lazy\" class=\"wp-embedded-content\" sandbox=\"allow-scripts\" security=\"restricted\" style=\"position: absolute; clip: rect(1px, 1px, 1px, 1px);\" title=\"\u00ab\u00a0Le po\u00e8me du dimanche: \u2018\u2018Ce si\u00e8cle avait deux ans\u2019\u2019 de Victor Hugo\u00a0\u00bb &#8212; Kapitalis\" src=\"https:\/\/kapitalis.com\/tunisie\/2018\/12\/09\/le-poeme-du-dimanche-ce-siecle-avait-deux-ans-de-victor-hugo\/embed\/#?secret=EISR6ervFl#?secret=d33iAZgi26\" data-secret=\"d33iAZgi26\" width=\"600\" height=\"338\" frameborder=\"0\" marginwidth=\"0\" marginheight=\"0\" scrolling=\"no\"><\/iframe>\n<\/div><\/figure>\n\n\n\n<figure class=\"wp-block-embed-wordpress wp-block-embed is-type-wp-embed is-provider-kapitalis\"><div class=\"wp-block-embed__wrapper\">\n<blockquote class=\"wp-embedded-content\" data-secret=\"xOgnX46lLP\"><a href=\"https:\/\/kapitalis.com\/tunisie\/2018\/10\/21\/le-poeme-du-dimanche-jaccuse-de-pablo-neruda\/\">Le po\u00e8me du dimanche: \u2018\u2018J\u2019accuse\u2019\u2019 de Pablo Neruda<\/a><\/blockquote><iframe loading=\"lazy\" class=\"wp-embedded-content\" sandbox=\"allow-scripts\" security=\"restricted\" style=\"position: absolute; clip: rect(1px, 1px, 1px, 1px);\" title=\"\u00ab\u00a0Le po\u00e8me du dimanche: \u2018\u2018J\u2019accuse\u2019\u2019 de Pablo Neruda\u00a0\u00bb &#8212; Kapitalis\" src=\"https:\/\/kapitalis.com\/tunisie\/2018\/10\/21\/le-poeme-du-dimanche-jaccuse-de-pablo-neruda\/embed\/#?secret=biA1uYRxqd#?secret=xOgnX46lLP\" data-secret=\"xOgnX46lLP\" width=\"600\" height=\"338\" frameborder=\"0\" marginwidth=\"0\" marginheight=\"0\" scrolling=\"no\"><\/iframe>\n<\/div><\/figure>\n","protected":false},"excerpt":{"rendered":"<p>Les Tunisiens et les Tunisiennes vont de nouveau aux urnes aujourd\u2019hui, dimanche 13 octobre 2019, pour choisir leur pr\u00e9sident de la r\u00e9publique pour les 5 prochaines ann\u00e9es. \u00c0 cette occasion nous offrons notre rubrique \u00e0 un g\u00e9ant de la po\u00e9sie mondiale, Victor Hugo (1802-1885), et publions son po\u00e8me \u2018\u2018L&rsquo;autre pr\u00e9sident\u2019\u2019, extrait de son recueil \u2018\u2018Les&#8230;<\/p>\n","protected":false},"author":8,"featured_media":246753,"comment_status":"open","ping_status":"open","sticky":false,"template":"","format":"standard","meta":{"footnotes":""},"categories":[992,994],"tags":[2645],"class_list":["post-246752","post","type-post","status-publish","format-standard","has-post-thumbnail","hentry","category-a-la-une","category-culture","tag-president-de-la-republique"],"yoast_head":"<!-- This site is optimized with the Yoast SEO plugin v26.6 - https:\/\/yoast.com\/wordpress\/plugins\/seo\/ -->\n<title>Le po\u00e8me du dimanche : \u2018\u2018L\u2019autre pr\u00e9sident\u2019\u2019 de Victor Hugo - Kapitalis<\/title>\n<meta name=\"robots\" content=\"index, follow, max-snippet:-1, max-image-preview:large, max-video-preview:-1\" \/>\n<link rel=\"canonical\" href=\"https:\/\/kapitalis.com\/tunisie\/2019\/10\/13\/le-poeme-du-dimanche-lautre-president-de-victor-hugo\/\" \/>\n<meta property=\"og:locale\" content=\"fr_FR\" \/>\n<meta property=\"og:type\" content=\"article\" \/>\n<meta property=\"og:title\" content=\"Le po\u00e8me du dimanche : \u2018\u2018L\u2019autre pr\u00e9sident\u2019\u2019 de Victor Hugo - Kapitalis\" \/>\n<meta property=\"og:description\" content=\"Les Tunisiens et les Tunisiennes vont de nouveau aux urnes aujourd\u2019hui, dimanche 13 octobre 2019, pour choisir leur pr\u00e9sident de la r\u00e9publique pour les 5 prochaines ann\u00e9es. \u00c0 cette occasion nous offrons notre rubrique \u00e0 un g\u00e9ant de la po\u00e9sie mondiale, Victor Hugo (1802-1885), et publions son po\u00e8me \u2018\u2018L&rsquo;autre pr\u00e9sident\u2019\u2019, extrait de son recueil \u2018\u2018Les...\" \/>\n<meta property=\"og:url\" content=\"https:\/\/kapitalis.com\/tunisie\/2019\/10\/13\/le-poeme-du-dimanche-lautre-president-de-victor-hugo\/\" \/>\n<meta property=\"og:site_name\" content=\"Kapitalis\" \/>\n<meta property=\"article:publisher\" content=\"https:\/\/www.facebook.com\/KapitalisInfo\/\" \/>\n<meta property=\"article:published_time\" content=\"2019-10-13T08:37:47+00:00\" \/>\n<meta property=\"article:modified_time\" content=\"2019-10-13T08:39:20+00:00\" \/>\n<meta property=\"og:image\" content=\"https:\/\/kapitalis.com\/tunisie\/wp-content\/uploads\/2022\/05\/kapitalis-logo-fb.png\" \/>\n\t<meta property=\"og:image:width\" content=\"1200\" \/>\n\t<meta property=\"og:image:height\" content=\"630\" \/>\n\t<meta property=\"og:image:type\" content=\"image\/png\" \/>\n<meta name=\"author\" content=\"webmaster kapitalis\" \/>\n<meta name=\"twitter:card\" content=\"summary_large_image\" \/>\n<meta name=\"twitter:creator\" content=\"@KapitalisInfo\" \/>\n<meta name=\"twitter:site\" content=\"@KapitalisInfo\" \/>\n<meta name=\"twitter:label1\" content=\"\u00c9crit par\" \/>\n\t<meta name=\"twitter:data1\" content=\"webmaster kapitalis\" \/>\n\t<meta name=\"twitter:label2\" content=\"Dur\u00e9e de lecture estim\u00e9e\" \/>\n\t<meta name=\"twitter:data2\" content=\"2 minutes\" \/>\n<script type=\"application\/ld+json\" class=\"yoast-schema-graph\">{\"@context\":\"https:\/\/schema.org\",\"@graph\":[{\"@type\":\"Article\",\"@id\":\"https:\/\/kapitalis.com\/tunisie\/2019\/10\/13\/le-poeme-du-dimanche-lautre-president-de-victor-hugo\/#article\",\"isPartOf\":{\"@id\":\"https:\/\/kapitalis.com\/tunisie\/2019\/10\/13\/le-poeme-du-dimanche-lautre-president-de-victor-hugo\/\"},\"author\":{\"name\":\"webmaster kapitalis\",\"@id\":\"https:\/\/kapitalis.com\/tunisie\/#\/schema\/person\/d71f33a9ca44f7bad4698210b480c8e9\"},\"headline\":\"Le po\u00e8me du dimanche : \u2018\u2018L\u2019autre pr\u00e9sident\u2019\u2019 de Victor Hugo\",\"datePublished\":\"2019-10-13T08:37:47+00:00\",\"dateModified\":\"2019-10-13T08:39:20+00:00\",\"mainEntityOfPage\":{\"@id\":\"https:\/\/kapitalis.com\/tunisie\/2019\/10\/13\/le-poeme-du-dimanche-lautre-president-de-victor-hugo\/\"},\"wordCount\":477,\"commentCount\":0,\"publisher\":{\"@id\":\"https:\/\/kapitalis.com\/tunisie\/#organization\"},\"image\":{\"@id\":\"https:\/\/kapitalis.com\/tunisie\/2019\/10\/13\/le-poeme-du-dimanche-lautre-president-de-victor-hugo\/#primaryimage\"},\"thumbnailUrl\":\"\",\"keywords\":[\"pr\u00e9sident de la r\u00e9publique\"],\"articleSection\":[\"A LA UNE\",\"CULTURE\"],\"inLanguage\":\"fr-FR\",\"potentialAction\":[{\"@type\":\"CommentAction\",\"name\":\"Comment\",\"target\":[\"https:\/\/kapitalis.com\/tunisie\/2019\/10\/13\/le-poeme-du-dimanche-lautre-president-de-victor-hugo\/#respond\"]}]},{\"@type\":\"WebPage\",\"@id\":\"https:\/\/kapitalis.com\/tunisie\/2019\/10\/13\/le-poeme-du-dimanche-lautre-president-de-victor-hugo\/\",\"url\":\"https:\/\/kapitalis.com\/tunisie\/2019\/10\/13\/le-poeme-du-dimanche-lautre-president-de-victor-hugo\/\",\"name\":\"Le po\u00e8me du dimanche : \u2018\u2018L\u2019autre pr\u00e9sident\u2019\u2019 de Victor Hugo - Kapitalis\",\"isPartOf\":{\"@id\":\"https:\/\/kapitalis.com\/tunisie\/#website\"},\"primaryImageOfPage\":{\"@id\":\"https:\/\/kapitalis.com\/tunisie\/2019\/10\/13\/le-poeme-du-dimanche-lautre-president-de-victor-hugo\/#primaryimage\"},\"image\":{\"@id\":\"https:\/\/kapitalis.com\/tunisie\/2019\/10\/13\/le-poeme-du-dimanche-lautre-president-de-victor-hugo\/#primaryimage\"},\"thumbnailUrl\":\"\",\"datePublished\":\"2019-10-13T08:37:47+00:00\",\"dateModified\":\"2019-10-13T08:39:20+00:00\",\"breadcrumb\":{\"@id\":\"https:\/\/kapitalis.com\/tunisie\/2019\/10\/13\/le-poeme-du-dimanche-lautre-president-de-victor-hugo\/#breadcrumb\"},\"inLanguage\":\"fr-FR\",\"potentialAction\":[{\"@type\":\"ReadAction\",\"target\":[\"https:\/\/kapitalis.com\/tunisie\/2019\/10\/13\/le-poeme-du-dimanche-lautre-president-de-victor-hugo\/\"]}]},{\"@type\":\"ImageObject\",\"inLanguage\":\"fr-FR\",\"@id\":\"https:\/\/kapitalis.com\/tunisie\/2019\/10\/13\/le-poeme-du-dimanche-lautre-president-de-victor-hugo\/#primaryimage\",\"url\":\"\",\"contentUrl\":\"\"},{\"@type\":\"BreadcrumbList\",\"@id\":\"https:\/\/kapitalis.com\/tunisie\/2019\/10\/13\/le-poeme-du-dimanche-lautre-president-de-victor-hugo\/#breadcrumb\",\"itemListElement\":[{\"@type\":\"ListItem\",\"position\":1,\"name\":\"Accueil\",\"item\":\"https:\/\/kapitalis.com\/tunisie\/\"},{\"@type\":\"ListItem\",\"position\":2,\"name\":\"Le po\u00e8me du dimanche : \u2018\u2018L\u2019autre pr\u00e9sident\u2019\u2019 de Victor Hugo\"}]},{\"@type\":\"WebSite\",\"@id\":\"https:\/\/kapitalis.com\/tunisie\/#website\",\"url\":\"https:\/\/kapitalis.com\/tunisie\/\",\"name\":\"Kapitalis\",\"description\":\"L&#039;actualit\u00e9 en Tunisie et dans le monde\",\"publisher\":{\"@id\":\"https:\/\/kapitalis.com\/tunisie\/#organization\"},\"potentialAction\":[{\"@type\":\"SearchAction\",\"target\":{\"@type\":\"EntryPoint\",\"urlTemplate\":\"https:\/\/kapitalis.com\/tunisie\/?s={search_term_string}\"},\"query-input\":{\"@type\":\"PropertyValueSpecification\",\"valueRequired\":true,\"valueName\":\"search_term_string\"}}],\"inLanguage\":\"fr-FR\"},{\"@type\":\"Organization\",\"@id\":\"https:\/\/kapitalis.com\/tunisie\/#organization\",\"name\":\"Kapitalis\",\"url\":\"https:\/\/kapitalis.com\/tunisie\/\",\"logo\":{\"@type\":\"ImageObject\",\"inLanguage\":\"fr-FR\",\"@id\":\"https:\/\/kapitalis.com\/tunisie\/#\/schema\/logo\/image\/\",\"url\":\"https:\/\/kapitalis.com\/tunisie\/wp-content\/uploads\/2022\/05\/Kapitalis-big-size.png\",\"contentUrl\":\"https:\/\/kapitalis.com\/tunisie\/wp-content\/uploads\/2022\/05\/Kapitalis-big-size.png\",\"width\":5000,\"height\":1500,\"caption\":\"Kapitalis\"},\"image\":{\"@id\":\"https:\/\/kapitalis.com\/tunisie\/#\/schema\/logo\/image\/\"},\"sameAs\":[\"https:\/\/www.facebook.com\/KapitalisInfo\/\",\"https:\/\/x.com\/KapitalisInfo\",\"https:\/\/www.youtube.com\/channel\/UC-yDYrHyfFBWWZaOw3FPg9Q\"]},{\"@type\":\"Person\",\"@id\":\"https:\/\/kapitalis.com\/tunisie\/#\/schema\/person\/d71f33a9ca44f7bad4698210b480c8e9\",\"name\":\"webmaster kapitalis\",\"url\":\"https:\/\/kapitalis.com\/tunisie\/author\/webmaster-kapitalis\/\"}]}<\/script>\n<!-- \/ Yoast SEO plugin. -->","yoast_head_json":{"title":"Le po\u00e8me du dimanche : \u2018\u2018L\u2019autre pr\u00e9sident\u2019\u2019 de Victor Hugo - Kapitalis","robots":{"index":"index","follow":"follow","max-snippet":"max-snippet:-1","max-image-preview":"max-image-preview:large","max-video-preview":"max-video-preview:-1"},"canonical":"https:\/\/kapitalis.com\/tunisie\/2019\/10\/13\/le-poeme-du-dimanche-lautre-president-de-victor-hugo\/","og_locale":"fr_FR","og_type":"article","og_title":"Le po\u00e8me du dimanche : \u2018\u2018L\u2019autre pr\u00e9sident\u2019\u2019 de Victor Hugo - Kapitalis","og_description":"Les Tunisiens et les Tunisiennes vont de nouveau aux urnes aujourd\u2019hui, dimanche 13 octobre 2019, pour choisir leur pr\u00e9sident de la r\u00e9publique pour les 5 prochaines ann\u00e9es. \u00c0 cette occasion nous offrons notre rubrique \u00e0 un g\u00e9ant de la po\u00e9sie mondiale, Victor Hugo (1802-1885), et publions son po\u00e8me \u2018\u2018L&rsquo;autre pr\u00e9sident\u2019\u2019, extrait de son recueil \u2018\u2018Les...","og_url":"https:\/\/kapitalis.com\/tunisie\/2019\/10\/13\/le-poeme-du-dimanche-lautre-president-de-victor-hugo\/","og_site_name":"Kapitalis","article_publisher":"https:\/\/www.facebook.com\/KapitalisInfo\/","article_published_time":"2019-10-13T08:37:47+00:00","article_modified_time":"2019-10-13T08:39:20+00:00","og_image":[{"width":1200,"height":630,"url":"https:\/\/kapitalis.com\/tunisie\/wp-content\/uploads\/2022\/05\/kapitalis-logo-fb.png","type":"image\/png"}],"author":"webmaster kapitalis","twitter_card":"summary_large_image","twitter_creator":"@KapitalisInfo","twitter_site":"@KapitalisInfo","twitter_misc":{"\u00c9crit par":"webmaster kapitalis","Dur\u00e9e de lecture estim\u00e9e":"2 minutes"},"schema":{"@context":"https:\/\/schema.org","@graph":[{"@type":"Article","@id":"https:\/\/kapitalis.com\/tunisie\/2019\/10\/13\/le-poeme-du-dimanche-lautre-president-de-victor-hugo\/#article","isPartOf":{"@id":"https:\/\/kapitalis.com\/tunisie\/2019\/10\/13\/le-poeme-du-dimanche-lautre-president-de-victor-hugo\/"},"author":{"name":"webmaster kapitalis","@id":"https:\/\/kapitalis.com\/tunisie\/#\/schema\/person\/d71f33a9ca44f7bad4698210b480c8e9"},"headline":"Le po\u00e8me du dimanche : \u2018\u2018L\u2019autre pr\u00e9sident\u2019\u2019 de Victor Hugo","datePublished":"2019-10-13T08:37:47+00:00","dateModified":"2019-10-13T08:39:20+00:00","mainEntityOfPage":{"@id":"https:\/\/kapitalis.com\/tunisie\/2019\/10\/13\/le-poeme-du-dimanche-lautre-president-de-victor-hugo\/"},"wordCount":477,"commentCount":0,"publisher":{"@id":"https:\/\/kapitalis.com\/tunisie\/#organization"},"image":{"@id":"https:\/\/kapitalis.com\/tunisie\/2019\/10\/13\/le-poeme-du-dimanche-lautre-president-de-victor-hugo\/#primaryimage"},"thumbnailUrl":"","keywords":["pr\u00e9sident de la r\u00e9publique"],"articleSection":["A LA UNE","CULTURE"],"inLanguage":"fr-FR","potentialAction":[{"@type":"CommentAction","name":"Comment","target":["https:\/\/kapitalis.com\/tunisie\/2019\/10\/13\/le-poeme-du-dimanche-lautre-president-de-victor-hugo\/#respond"]}]},{"@type":"WebPage","@id":"https:\/\/kapitalis.com\/tunisie\/2019\/10\/13\/le-poeme-du-dimanche-lautre-president-de-victor-hugo\/","url":"https:\/\/kapitalis.com\/tunisie\/2019\/10\/13\/le-poeme-du-dimanche-lautre-president-de-victor-hugo\/","name":"Le po\u00e8me du dimanche : \u2018\u2018L\u2019autre pr\u00e9sident\u2019\u2019 de Victor Hugo - Kapitalis","isPartOf":{"@id":"https:\/\/kapitalis.com\/tunisie\/#website"},"primaryImageOfPage":{"@id":"https:\/\/kapitalis.com\/tunisie\/2019\/10\/13\/le-poeme-du-dimanche-lautre-president-de-victor-hugo\/#primaryimage"},"image":{"@id":"https:\/\/kapitalis.com\/tunisie\/2019\/10\/13\/le-poeme-du-dimanche-lautre-president-de-victor-hugo\/#primaryimage"},"thumbnailUrl":"","datePublished":"2019-10-13T08:37:47+00:00","dateModified":"2019-10-13T08:39:20+00:00","breadcrumb":{"@id":"https:\/\/kapitalis.com\/tunisie\/2019\/10\/13\/le-poeme-du-dimanche-lautre-president-de-victor-hugo\/#breadcrumb"},"inLanguage":"fr-FR","potentialAction":[{"@type":"ReadAction","target":["https:\/\/kapitalis.com\/tunisie\/2019\/10\/13\/le-poeme-du-dimanche-lautre-president-de-victor-hugo\/"]}]},{"@type":"ImageObject","inLanguage":"fr-FR","@id":"https:\/\/kapitalis.com\/tunisie\/2019\/10\/13\/le-poeme-du-dimanche-lautre-president-de-victor-hugo\/#primaryimage","url":"","contentUrl":""},{"@type":"BreadcrumbList","@id":"https:\/\/kapitalis.com\/tunisie\/2019\/10\/13\/le-poeme-du-dimanche-lautre-president-de-victor-hugo\/#breadcrumb","itemListElement":[{"@type":"ListItem","position":1,"name":"Accueil","item":"https:\/\/kapitalis.com\/tunisie\/"},{"@type":"ListItem","position":2,"name":"Le po\u00e8me du dimanche : \u2018\u2018L\u2019autre pr\u00e9sident\u2019\u2019 de Victor Hugo"}]},{"@type":"WebSite","@id":"https:\/\/kapitalis.com\/tunisie\/#website","url":"https:\/\/kapitalis.com\/tunisie\/","name":"Kapitalis","description":"L&#039;actualit\u00e9 en Tunisie et dans le monde","publisher":{"@id":"https:\/\/kapitalis.com\/tunisie\/#organization"},"potentialAction":[{"@type":"SearchAction","target":{"@type":"EntryPoint","urlTemplate":"https:\/\/kapitalis.com\/tunisie\/?s={search_term_string}"},"query-input":{"@type":"PropertyValueSpecification","valueRequired":true,"valueName":"search_term_string"}}],"inLanguage":"fr-FR"},{"@type":"Organization","@id":"https:\/\/kapitalis.com\/tunisie\/#organization","name":"Kapitalis","url":"https:\/\/kapitalis.com\/tunisie\/","logo":{"@type":"ImageObject","inLanguage":"fr-FR","@id":"https:\/\/kapitalis.com\/tunisie\/#\/schema\/logo\/image\/","url":"https:\/\/kapitalis.com\/tunisie\/wp-content\/uploads\/2022\/05\/Kapitalis-big-size.png","contentUrl":"https:\/\/kapitalis.com\/tunisie\/wp-content\/uploads\/2022\/05\/Kapitalis-big-size.png","width":5000,"height":1500,"caption":"Kapitalis"},"image":{"@id":"https:\/\/kapitalis.com\/tunisie\/#\/schema\/logo\/image\/"},"sameAs":["https:\/\/www.facebook.com\/KapitalisInfo\/","https:\/\/x.com\/KapitalisInfo","https:\/\/www.youtube.com\/channel\/UC-yDYrHyfFBWWZaOw3FPg9Q"]},{"@type":"Person","@id":"https:\/\/kapitalis.com\/tunisie\/#\/schema\/person\/d71f33a9ca44f7bad4698210b480c8e9","name":"webmaster kapitalis","url":"https:\/\/kapitalis.com\/tunisie\/author\/webmaster-kapitalis\/"}]}},"_links":{"self":[{"href":"https:\/\/kapitalis.com\/tunisie\/wp-json\/wp\/v2\/posts\/246752","targetHints":{"allow":["GET"]}}],"collection":[{"href":"https:\/\/kapitalis.com\/tunisie\/wp-json\/wp\/v2\/posts"}],"about":[{"href":"https:\/\/kapitalis.com\/tunisie\/wp-json\/wp\/v2\/types\/post"}],"author":[{"embeddable":true,"href":"https:\/\/kapitalis.com\/tunisie\/wp-json\/wp\/v2\/users\/8"}],"replies":[{"embeddable":true,"href":"https:\/\/kapitalis.com\/tunisie\/wp-json\/wp\/v2\/comments?post=246752"}],"version-history":[{"count":0,"href":"https:\/\/kapitalis.com\/tunisie\/wp-json\/wp\/v2\/posts\/246752\/revisions"}],"wp:featuredmedia":[{"embeddable":true,"href":"https:\/\/kapitalis.com\/tunisie\/wp-json\/wp\/v2\/media\/246753"}],"wp:attachment":[{"href":"https:\/\/kapitalis.com\/tunisie\/wp-json\/wp\/v2\/media?parent=246752"}],"wp:term":[{"taxonomy":"category","embeddable":true,"href":"https:\/\/kapitalis.com\/tunisie\/wp-json\/wp\/v2\/categories?post=246752"},{"taxonomy":"post_tag","embeddable":true,"href":"https:\/\/kapitalis.com\/tunisie\/wp-json\/wp\/v2\/tags?post=246752"}],"curies":[{"name":"wp","href":"https:\/\/api.w.org\/{rel}","templated":true}]}}