{"id":247118,"date":"2019-10-14T22:26:24","date_gmt":"2019-10-14T21:26:24","guid":{"rendered":"http:\/\/kapitalis.com\/tunisie\/?p=247118"},"modified":"2019-10-15T08:15:15","modified_gmt":"2019-10-15T07:15:15","slug":"enfant-maltraite-a-soliman-et-suspendu-tete-en-bas-a-une-fenetre-le-pere-place-en-detention","status":"publish","type":"post","link":"https:\/\/kapitalis.com\/tunisie\/2019\/10\/14\/enfant-maltraite-a-soliman-et-suspendu-tete-en-bas-a-une-fenetre-le-pere-place-en-detention\/","title":{"rendered":"Enfant maltrait\u00e9 \u00e0 Soliman et suspendu, t\u00eate en bas, \u00e0 une fen\u00eatre : Le p\u00e8re plac\u00e9 en d\u00e9tention"},"content":{"rendered":"\n<figure class=\"wp-block-image\"><img decoding=\"async\" src=\"http:\/\/kapitalis.com\/tunisie\/wp-content\/uploads\/2019\/10\/Soliman-enfant.jpg\" alt=\"\" class=\"wp-image-247121\"\/><\/figure>\n\n\n\n<p><em><strong>Le minist\u00e8re public a ordonn\u00e9 hier, dimanche 13 octobre 2019, la mise en d\u00e9tention d&rsquo;un p\u00e8re de famille pour maltraitance sur son enfant de 11 ans, qu&rsquo;il avait suspendu par les pieds (t\u00eate en bas) \u00e0 une fen\u00eatre dans la cour de sa maison situ\u00e9e \u00e0 Soliman (Nabeul).<\/strong><\/em><\/p>\n\n\n\n<!--more-->\n\n\n\n<p>C&rsquo;est un des voisins qui a lanc\u00e9 l&rsquo;alerte en publiant la photo de l&rsquo;enfant sur le net. Le clich\u00e9 choquant a \u00e9t\u00e9 rapidement partag\u00e9 et la brigade de lutte contre les violences faites aux femmes et aux enfants, relevant de la s\u00fbret\u00e9 nationale, s&rsquo;est charg\u00e9e de l&rsquo;affaire.<\/p>\n\n\n\n<p>Les agents se sont rendus au domicile et ont lib\u00e9r\u00e9 l&rsquo;enfant qui a \u00e9t\u00e9 pris en charge par la protection de l&rsquo;enfance de Nabeul, avant d&rsquo;\u00eatre plac\u00e9 dans un centre sp\u00e9cifique o\u00f9 il b\u00e9n\u00e9ficie d&rsquo;un suivi, indique une source \u00e0 Kapitalis, en ajoutant que le minist\u00e8re public a d\u00e9cid\u00e9 de maintenir en d\u00e9tention le p\u00e8re. <\/p>\n\n\n\n<p>Ce dernier s&rsquo;est d\u00e9fendu en indiquant qu&rsquo;il voulait donner une le\u00e7on \u00e0 son fils pour l&rsquo;\u00e9duquer\u2026 Il devra compara\u00eetre devant le juge de famille, mercredi prochain..<\/p>\n\n\n\n<p style=\"text-align:right\"><strong>Y. N.<\/strong><\/p>\n","protected":false},"excerpt":{"rendered":"<p>Le minist\u00e8re public a ordonn\u00e9 hier, dimanche 13 octobre 2019, la mise en d\u00e9tention d&rsquo;un p\u00e8re de famille pour maltraitance sur son enfant de 11 ans, qu&rsquo;il avait suspendu par les pieds (t\u00eate en bas) \u00e0 une fen\u00eatre dans la cour de sa maison situ\u00e9e \u00e0 Soliman (Nabeul).<\/p>\n","protected":false},"author":6,"featured_media":247121,"comment_status":"open","ping_status":"open","sticky":false,"template":"","format":"standard","meta":{"footnotes":""},"categories":[998,2433],"tags":[319,650,3272],"class_list":["post-247118","post","type-post","status-publish","format-standard","has-post-thumbnail","hentry","category-societe","category-tunisie","tag-enfant","tag-nabeul","tag-protection-enfance"],"yoast_head":"<!-- This site is optimized with the Yoast SEO plugin v26.6 - https:\/\/yoast.com\/wordpress\/plugins\/seo\/ -->\n<title>Enfant maltrait\u00e9 \u00e0 Soliman et suspendu, t\u00eate en bas, \u00e0 une fen\u00eatre : Le p\u00e8re plac\u00e9 en d\u00e9tention - Kapitalis<\/title>\n<meta name=\"robots\" content=\"index, follow, max-snippet:-1, max-image-preview:large, max-video-preview:-1\" \/>\n<link rel=\"canonical\" href=\"https:\/\/kapitalis.com\/tunisie\/2019\/10\/14\/enfant-maltraite-a-soliman-et-suspendu-tete-en-bas-a-une-fenetre-le-pere-place-en-detention\/\" \/>\n<meta property=\"og:locale\" content=\"fr_FR\" \/>\n<meta property=\"og:type\" content=\"article\" \/>\n<meta property=\"og:title\" content=\"Enfant maltrait\u00e9 \u00e0 Soliman et suspendu, t\u00eate en bas, \u00e0 une fen\u00eatre : Le p\u00e8re plac\u00e9 en d\u00e9tention - Kapitalis\" \/>\n<meta property=\"og:description\" content=\"Le minist\u00e8re public a ordonn\u00e9 hier, dimanche 13 octobre 2019, la mise en d\u00e9tention d&rsquo;un p\u00e8re de famille pour maltraitance sur son enfant de 11 ans, qu&rsquo;il avait suspendu par les pieds (t\u00eate en bas) \u00e0 une fen\u00eatre dans la cour de sa maison situ\u00e9e \u00e0 Soliman (Nabeul).\" \/>\n<meta property=\"og:url\" content=\"https:\/\/kapitalis.com\/tunisie\/2019\/10\/14\/enfant-maltraite-a-soliman-et-suspendu-tete-en-bas-a-une-fenetre-le-pere-place-en-detention\/\" \/>\n<meta property=\"og:site_name\" content=\"Kapitalis\" \/>\n<meta property=\"article:publisher\" content=\"https:\/\/www.facebook.com\/KapitalisInfo\/\" \/>\n<meta property=\"article:published_time\" content=\"2019-10-14T21:26:24+00:00\" \/>\n<meta property=\"article:modified_time\" content=\"2019-10-15T07:15:15+00:00\" \/>\n<meta property=\"og:image\" content=\"https:\/\/kapitalis.com\/tunisie\/wp-content\/uploads\/2022\/05\/kapitalis-logo-fb.png\" \/>\n\t<meta property=\"og:image:width\" content=\"1200\" \/>\n\t<meta property=\"og:image:height\" content=\"630\" \/>\n\t<meta property=\"og:image:type\" content=\"image\/png\" \/>\n<meta name=\"author\" content=\"Yusra NY\" \/>\n<meta name=\"twitter:card\" content=\"summary_large_image\" \/>\n<meta name=\"twitter:creator\" content=\"@KapitalisInfo\" \/>\n<meta name=\"twitter:site\" content=\"@KapitalisInfo\" \/>\n<meta name=\"twitter:label1\" content=\"\u00c9crit par\" \/>\n\t<meta name=\"twitter:data1\" content=\"Yusra NY\" \/>\n\t<meta name=\"twitter:label2\" content=\"Dur\u00e9e de lecture estim\u00e9e\" \/>\n\t<meta name=\"twitter:data2\" content=\"1 minute\" \/>\n<script type=\"application\/ld+json\" class=\"yoast-schema-graph\">{\"@context\":\"https:\/\/schema.org\",\"@graph\":[{\"@type\":\"Article\",\"@id\":\"https:\/\/kapitalis.com\/tunisie\/2019\/10\/14\/enfant-maltraite-a-soliman-et-suspendu-tete-en-bas-a-une-fenetre-le-pere-place-en-detention\/#article\",\"isPartOf\":{\"@id\":\"https:\/\/kapitalis.com\/tunisie\/2019\/10\/14\/enfant-maltraite-a-soliman-et-suspendu-tete-en-bas-a-une-fenetre-le-pere-place-en-detention\/\"},\"author\":{\"name\":\"Yusra NY\",\"@id\":\"https:\/\/kapitalis.com\/tunisie\/#\/schema\/person\/74bbde0154d49d790a92aaeac5bc01d5\"},\"headline\":\"Enfant maltrait\u00e9 \u00e0 Soliman et suspendu, t\u00eate en bas, \u00e0 une fen\u00eatre : Le p\u00e8re plac\u00e9 en d\u00e9tention\",\"datePublished\":\"2019-10-14T21:26:24+00:00\",\"dateModified\":\"2019-10-15T07:15:15+00:00\",\"mainEntityOfPage\":{\"@id\":\"https:\/\/kapitalis.com\/tunisie\/2019\/10\/14\/enfant-maltraite-a-soliman-et-suspendu-tete-en-bas-a-une-fenetre-le-pere-place-en-detention\/\"},\"wordCount\":211,\"commentCount\":5,\"publisher\":{\"@id\":\"https:\/\/kapitalis.com\/tunisie\/#organization\"},\"image\":{\"@id\":\"https:\/\/kapitalis.com\/tunisie\/2019\/10\/14\/enfant-maltraite-a-soliman-et-suspendu-tete-en-bas-a-une-fenetre-le-pere-place-en-detention\/#primaryimage\"},\"thumbnailUrl\":\"\",\"keywords\":[\"enfant\",\"Nabeul\",\"protection enfance\"],\"articleSection\":[\"SOCIETE\",\"Tunisie\"],\"inLanguage\":\"fr-FR\",\"potentialAction\":[{\"@type\":\"CommentAction\",\"name\":\"Comment\",\"target\":[\"https:\/\/kapitalis.com\/tunisie\/2019\/10\/14\/enfant-maltraite-a-soliman-et-suspendu-tete-en-bas-a-une-fenetre-le-pere-place-en-detention\/#respond\"]}]},{\"@type\":\"WebPage\",\"@id\":\"https:\/\/kapitalis.com\/tunisie\/2019\/10\/14\/enfant-maltraite-a-soliman-et-suspendu-tete-en-bas-a-une-fenetre-le-pere-place-en-detention\/\",\"url\":\"https:\/\/kapitalis.com\/tunisie\/2019\/10\/14\/enfant-maltraite-a-soliman-et-suspendu-tete-en-bas-a-une-fenetre-le-pere-place-en-detention\/\",\"name\":\"Enfant maltrait\u00e9 \u00e0 Soliman et suspendu, t\u00eate en bas, \u00e0 une fen\u00eatre : Le p\u00e8re plac\u00e9 en d\u00e9tention - Kapitalis\",\"isPartOf\":{\"@id\":\"https:\/\/kapitalis.com\/tunisie\/#website\"},\"primaryImageOfPage\":{\"@id\":\"https:\/\/kapitalis.com\/tunisie\/2019\/10\/14\/enfant-maltraite-a-soliman-et-suspendu-tete-en-bas-a-une-fenetre-le-pere-place-en-detention\/#primaryimage\"},\"image\":{\"@id\":\"https:\/\/kapitalis.com\/tunisie\/2019\/10\/14\/enfant-maltraite-a-soliman-et-suspendu-tete-en-bas-a-une-fenetre-le-pere-place-en-detention\/#primaryimage\"},\"thumbnailUrl\":\"\",\"datePublished\":\"2019-10-14T21:26:24+00:00\",\"dateModified\":\"2019-10-15T07:15:15+00:00\",\"breadcrumb\":{\"@id\":\"https:\/\/kapitalis.com\/tunisie\/2019\/10\/14\/enfant-maltraite-a-soliman-et-suspendu-tete-en-bas-a-une-fenetre-le-pere-place-en-detention\/#breadcrumb\"},\"inLanguage\":\"fr-FR\",\"potentialAction\":[{\"@type\":\"ReadAction\",\"target\":[\"https:\/\/kapitalis.com\/tunisie\/2019\/10\/14\/enfant-maltraite-a-soliman-et-suspendu-tete-en-bas-a-une-fenetre-le-pere-place-en-detention\/\"]}]},{\"@type\":\"ImageObject\",\"inLanguage\":\"fr-FR\",\"@id\":\"https:\/\/kapitalis.com\/tunisie\/2019\/10\/14\/enfant-maltraite-a-soliman-et-suspendu-tete-en-bas-a-une-fenetre-le-pere-place-en-detention\/#primaryimage\",\"url\":\"\",\"contentUrl\":\"\"},{\"@type\":\"BreadcrumbList\",\"@id\":\"https:\/\/kapitalis.com\/tunisie\/2019\/10\/14\/enfant-maltraite-a-soliman-et-suspendu-tete-en-bas-a-une-fenetre-le-pere-place-en-detention\/#breadcrumb\",\"itemListElement\":[{\"@type\":\"ListItem\",\"position\":1,\"name\":\"Accueil\",\"item\":\"https:\/\/kapitalis.com\/tunisie\/\"},{\"@type\":\"ListItem\",\"position\":2,\"name\":\"Enfant maltrait\u00e9 \u00e0 Soliman et suspendu, t\u00eate en bas, \u00e0 une fen\u00eatre : Le p\u00e8re plac\u00e9 en d\u00e9tention\"}]},{\"@type\":\"WebSite\",\"@id\":\"https:\/\/kapitalis.com\/tunisie\/#website\",\"url\":\"https:\/\/kapitalis.com\/tunisie\/\",\"name\":\"Kapitalis\",\"description\":\"L&#039;actualit\u00e9 en Tunisie et dans le monde\",\"publisher\":{\"@id\":\"https:\/\/kapitalis.com\/tunisie\/#organization\"},\"potentialAction\":[{\"@type\":\"SearchAction\",\"target\":{\"@type\":\"EntryPoint\",\"urlTemplate\":\"https:\/\/kapitalis.com\/tunisie\/?s={search_term_string}\"},\"query-input\":{\"@type\":\"PropertyValueSpecification\",\"valueRequired\":true,\"valueName\":\"search_term_string\"}}],\"inLanguage\":\"fr-FR\"},{\"@type\":\"Organization\",\"@id\":\"https:\/\/kapitalis.com\/tunisie\/#organization\",\"name\":\"Kapitalis\",\"url\":\"https:\/\/kapitalis.com\/tunisie\/\",\"logo\":{\"@type\":\"ImageObject\",\"inLanguage\":\"fr-FR\",\"@id\":\"https:\/\/kapitalis.com\/tunisie\/#\/schema\/logo\/image\/\",\"url\":\"https:\/\/kapitalis.com\/tunisie\/wp-content\/uploads\/2022\/05\/Kapitalis-big-size.png\",\"contentUrl\":\"https:\/\/kapitalis.com\/tunisie\/wp-content\/uploads\/2022\/05\/Kapitalis-big-size.png\",\"width\":5000,\"height\":1500,\"caption\":\"Kapitalis\"},\"image\":{\"@id\":\"https:\/\/kapitalis.com\/tunisie\/#\/schema\/logo\/image\/\"},\"sameAs\":[\"https:\/\/www.facebook.com\/KapitalisInfo\/\",\"https:\/\/x.com\/KapitalisInfo\",\"https:\/\/www.youtube.com\/channel\/UC-yDYrHyfFBWWZaOw3FPg9Q\"]},{\"@type\":\"Person\",\"@id\":\"https:\/\/kapitalis.com\/tunisie\/#\/schema\/person\/74bbde0154d49d790a92aaeac5bc01d5\",\"name\":\"Yusra NY\",\"url\":\"https:\/\/kapitalis.com\/tunisie\/author\/yuza_adam\/\"}]}<\/script>\n<!-- \/ Yoast SEO plugin. -->","yoast_head_json":{"title":"Enfant maltrait\u00e9 \u00e0 Soliman et suspendu, t\u00eate en bas, \u00e0 une fen\u00eatre : Le p\u00e8re plac\u00e9 en d\u00e9tention - Kapitalis","robots":{"index":"index","follow":"follow","max-snippet":"max-snippet:-1","max-image-preview":"max-image-preview:large","max-video-preview":"max-video-preview:-1"},"canonical":"https:\/\/kapitalis.com\/tunisie\/2019\/10\/14\/enfant-maltraite-a-soliman-et-suspendu-tete-en-bas-a-une-fenetre-le-pere-place-en-detention\/","og_locale":"fr_FR","og_type":"article","og_title":"Enfant maltrait\u00e9 \u00e0 Soliman et suspendu, t\u00eate en bas, \u00e0 une fen\u00eatre : Le p\u00e8re plac\u00e9 en d\u00e9tention - Kapitalis","og_description":"Le minist\u00e8re public a ordonn\u00e9 hier, dimanche 13 octobre 2019, la mise en d\u00e9tention d&rsquo;un p\u00e8re de famille pour maltraitance sur son enfant de 11 ans, qu&rsquo;il avait suspendu par les pieds (t\u00eate en bas) \u00e0 une fen\u00eatre dans la cour de sa maison situ\u00e9e \u00e0 Soliman (Nabeul).","og_url":"https:\/\/kapitalis.com\/tunisie\/2019\/10\/14\/enfant-maltraite-a-soliman-et-suspendu-tete-en-bas-a-une-fenetre-le-pere-place-en-detention\/","og_site_name":"Kapitalis","article_publisher":"https:\/\/www.facebook.com\/KapitalisInfo\/","article_published_time":"2019-10-14T21:26:24+00:00","article_modified_time":"2019-10-15T07:15:15+00:00","og_image":[{"width":1200,"height":630,"url":"https:\/\/kapitalis.com\/tunisie\/wp-content\/uploads\/2022\/05\/kapitalis-logo-fb.png","type":"image\/png"}],"author":"Yusra NY","twitter_card":"summary_large_image","twitter_creator":"@KapitalisInfo","twitter_site":"@KapitalisInfo","twitter_misc":{"\u00c9crit par":"Yusra NY","Dur\u00e9e de lecture estim\u00e9e":"1 minute"},"schema":{"@context":"https:\/\/schema.org","@graph":[{"@type":"Article","@id":"https:\/\/kapitalis.com\/tunisie\/2019\/10\/14\/enfant-maltraite-a-soliman-et-suspendu-tete-en-bas-a-une-fenetre-le-pere-place-en-detention\/#article","isPartOf":{"@id":"https:\/\/kapitalis.com\/tunisie\/2019\/10\/14\/enfant-maltraite-a-soliman-et-suspendu-tete-en-bas-a-une-fenetre-le-pere-place-en-detention\/"},"author":{"name":"Yusra NY","@id":"https:\/\/kapitalis.com\/tunisie\/#\/schema\/person\/74bbde0154d49d790a92aaeac5bc01d5"},"headline":"Enfant maltrait\u00e9 \u00e0 Soliman et suspendu, t\u00eate en bas, \u00e0 une fen\u00eatre : Le p\u00e8re plac\u00e9 en d\u00e9tention","datePublished":"2019-10-14T21:26:24+00:00","dateModified":"2019-10-15T07:15:15+00:00","mainEntityOfPage":{"@id":"https:\/\/kapitalis.com\/tunisie\/2019\/10\/14\/enfant-maltraite-a-soliman-et-suspendu-tete-en-bas-a-une-fenetre-le-pere-place-en-detention\/"},"wordCount":211,"commentCount":5,"publisher":{"@id":"https:\/\/kapitalis.com\/tunisie\/#organization"},"image":{"@id":"https:\/\/kapitalis.com\/tunisie\/2019\/10\/14\/enfant-maltraite-a-soliman-et-suspendu-tete-en-bas-a-une-fenetre-le-pere-place-en-detention\/#primaryimage"},"thumbnailUrl":"","keywords":["enfant","Nabeul","protection enfance"],"articleSection":["SOCIETE","Tunisie"],"inLanguage":"fr-FR","potentialAction":[{"@type":"CommentAction","name":"Comment","target":["https:\/\/kapitalis.com\/tunisie\/2019\/10\/14\/enfant-maltraite-a-soliman-et-suspendu-tete-en-bas-a-une-fenetre-le-pere-place-en-detention\/#respond"]}]},{"@type":"WebPage","@id":"https:\/\/kapitalis.com\/tunisie\/2019\/10\/14\/enfant-maltraite-a-soliman-et-suspendu-tete-en-bas-a-une-fenetre-le-pere-place-en-detention\/","url":"https:\/\/kapitalis.com\/tunisie\/2019\/10\/14\/enfant-maltraite-a-soliman-et-suspendu-tete-en-bas-a-une-fenetre-le-pere-place-en-detention\/","name":"Enfant maltrait\u00e9 \u00e0 Soliman et suspendu, t\u00eate en bas, \u00e0 une fen\u00eatre : Le p\u00e8re plac\u00e9 en d\u00e9tention - Kapitalis","isPartOf":{"@id":"https:\/\/kapitalis.com\/tunisie\/#website"},"primaryImageOfPage":{"@id":"https:\/\/kapitalis.com\/tunisie\/2019\/10\/14\/enfant-maltraite-a-soliman-et-suspendu-tete-en-bas-a-une-fenetre-le-pere-place-en-detention\/#primaryimage"},"image":{"@id":"https:\/\/kapitalis.com\/tunisie\/2019\/10\/14\/enfant-maltraite-a-soliman-et-suspendu-tete-en-bas-a-une-fenetre-le-pere-place-en-detention\/#primaryimage"},"thumbnailUrl":"","datePublished":"2019-10-14T21:26:24+00:00","dateModified":"2019-10-15T07:15:15+00:00","breadcrumb":{"@id":"https:\/\/kapitalis.com\/tunisie\/2019\/10\/14\/enfant-maltraite-a-soliman-et-suspendu-tete-en-bas-a-une-fenetre-le-pere-place-en-detention\/#breadcrumb"},"inLanguage":"fr-FR","potentialAction":[{"@type":"ReadAction","target":["https:\/\/kapitalis.com\/tunisie\/2019\/10\/14\/enfant-maltraite-a-soliman-et-suspendu-tete-en-bas-a-une-fenetre-le-pere-place-en-detention\/"]}]},{"@type":"ImageObject","inLanguage":"fr-FR","@id":"https:\/\/kapitalis.com\/tunisie\/2019\/10\/14\/enfant-maltraite-a-soliman-et-suspendu-tete-en-bas-a-une-fenetre-le-pere-place-en-detention\/#primaryimage","url":"","contentUrl":""},{"@type":"BreadcrumbList","@id":"https:\/\/kapitalis.com\/tunisie\/2019\/10\/14\/enfant-maltraite-a-soliman-et-suspendu-tete-en-bas-a-une-fenetre-le-pere-place-en-detention\/#breadcrumb","itemListElement":[{"@type":"ListItem","position":1,"name":"Accueil","item":"https:\/\/kapitalis.com\/tunisie\/"},{"@type":"ListItem","position":2,"name":"Enfant maltrait\u00e9 \u00e0 Soliman et suspendu, t\u00eate en bas, \u00e0 une fen\u00eatre : Le p\u00e8re plac\u00e9 en d\u00e9tention"}]},{"@type":"WebSite","@id":"https:\/\/kapitalis.com\/tunisie\/#website","url":"https:\/\/kapitalis.com\/tunisie\/","name":"Kapitalis","description":"L&#039;actualit\u00e9 en Tunisie et dans le monde","publisher":{"@id":"https:\/\/kapitalis.com\/tunisie\/#organization"},"potentialAction":[{"@type":"SearchAction","target":{"@type":"EntryPoint","urlTemplate":"https:\/\/kapitalis.com\/tunisie\/?s={search_term_string}"},"query-input":{"@type":"PropertyValueSpecification","valueRequired":true,"valueName":"search_term_string"}}],"inLanguage":"fr-FR"},{"@type":"Organization","@id":"https:\/\/kapitalis.com\/tunisie\/#organization","name":"Kapitalis","url":"https:\/\/kapitalis.com\/tunisie\/","logo":{"@type":"ImageObject","inLanguage":"fr-FR","@id":"https:\/\/kapitalis.com\/tunisie\/#\/schema\/logo\/image\/","url":"https:\/\/kapitalis.com\/tunisie\/wp-content\/uploads\/2022\/05\/Kapitalis-big-size.png","contentUrl":"https:\/\/kapitalis.com\/tunisie\/wp-content\/uploads\/2022\/05\/Kapitalis-big-size.png","width":5000,"height":1500,"caption":"Kapitalis"},"image":{"@id":"https:\/\/kapitalis.com\/tunisie\/#\/schema\/logo\/image\/"},"sameAs":["https:\/\/www.facebook.com\/KapitalisInfo\/","https:\/\/x.com\/KapitalisInfo","https:\/\/www.youtube.com\/channel\/UC-yDYrHyfFBWWZaOw3FPg9Q"]},{"@type":"Person","@id":"https:\/\/kapitalis.com\/tunisie\/#\/schema\/person\/74bbde0154d49d790a92aaeac5bc01d5","name":"Yusra NY","url":"https:\/\/kapitalis.com\/tunisie\/author\/yuza_adam\/"}]}},"_links":{"self":[{"href":"https:\/\/kapitalis.com\/tunisie\/wp-json\/wp\/v2\/posts\/247118","targetHints":{"allow":["GET"]}}],"collection":[{"href":"https:\/\/kapitalis.com\/tunisie\/wp-json\/wp\/v2\/posts"}],"about":[{"href":"https:\/\/kapitalis.com\/tunisie\/wp-json\/wp\/v2\/types\/post"}],"author":[{"embeddable":true,"href":"https:\/\/kapitalis.com\/tunisie\/wp-json\/wp\/v2\/users\/6"}],"replies":[{"embeddable":true,"href":"https:\/\/kapitalis.com\/tunisie\/wp-json\/wp\/v2\/comments?post=247118"}],"version-history":[{"count":0,"href":"https:\/\/kapitalis.com\/tunisie\/wp-json\/wp\/v2\/posts\/247118\/revisions"}],"wp:featuredmedia":[{"embeddable":true,"href":"https:\/\/kapitalis.com\/tunisie\/wp-json\/wp\/v2\/media\/247121"}],"wp:attachment":[{"href":"https:\/\/kapitalis.com\/tunisie\/wp-json\/wp\/v2\/media?parent=247118"}],"wp:term":[{"taxonomy":"category","embeddable":true,"href":"https:\/\/kapitalis.com\/tunisie\/wp-json\/wp\/v2\/categories?post=247118"},{"taxonomy":"post_tag","embeddable":true,"href":"https:\/\/kapitalis.com\/tunisie\/wp-json\/wp\/v2\/tags?post=247118"}],"curies":[{"name":"wp","href":"https:\/\/api.w.org\/{rel}","templated":true}]}}