{"id":247419,"date":"2019-10-15T22:56:18","date_gmt":"2019-10-15T21:56:18","guid":{"rendered":"http:\/\/kapitalis.com\/tunisie\/?p=247419"},"modified":"2019-10-16T08:37:32","modified_gmt":"2019-10-16T07:37:32","slug":"je-paye-mon-ticket-des-jeunes-lancent-une-campagne-contre-la-resquille-dans-les-transports-publics","status":"publish","type":"post","link":"https:\/\/kapitalis.com\/tunisie\/2019\/10\/15\/je-paye-mon-ticket-des-jeunes-lancent-une-campagne-contre-la-resquille-dans-les-transports-publics\/","title":{"rendered":"\u00abJe paye mon ticket\u00bb : Des jeunes lancent une campagne contre la resquille dans les transports publics"},"content":{"rendered":"\n<figure class=\"wp-block-image\"><img decoding=\"async\" src=\"http:\/\/kapitalis.com\/tunisie\/wp-content\/uploads\/2019\/10\/campagne-contre-resquille-transports-publics.jpg\" alt=\"\" class=\"wp-image-247422\"\/><\/figure>\n\n\n\n<p><strong><em>Des activistes de la soci\u00e9t\u00e9 civile ont lanc\u00e9 aujourd&rsquo;hui, mardi 15 octobre 2019, la campagne : \u00abJe paye mon ticket\u00bb, appelant leurs compatriotes \u00e0 ne plus resquiller dans les transports publics. <\/em><\/strong><\/p>\n\n\n\n<!--more-->\n\n\n\n<p>Cette action vise \u00e0 remettre de l&rsquo;ordre dans les transports publics, \u00e0 faire preuve de plus de civisme et \u00e0 contribuer \u00e0 la lutte contre la fraude sous toutes ses formes, \u00e0 commencer par celle du quotidien, dans un clin d\u2019\u0153il limpide \u00e0 la grande fraude, celle des \u00e9vad\u00e9s fiscaux et des barons de la corruption, dont beaucoup font d\u00e9sormais la politique pour se prot\u00e9ger. <\/p>\n\n\n\n<p>\u00ab<em>Dans le cadre de cette prise de conscience des jeunes tunisiens, nous essayons de contribuer \u00e0 notre mani\u00e8re et avec nos moyens \u00e0 am\u00e9liorer la vie au quotidien et \u00e0 sortir la Tunisie de la crise. Chacun de son c\u00f4t\u00e9 et avec ses moyens, aussi petits soient-ils, doit s&rsquo;engager dans cette nouvelle Tunisie\u00bb<\/em>, indique Salma, une des jeunes prenant part \u00e0 la campagne.<\/p>\n\n\n\n<p>Elle rappelle par ailleurs que les jeunes ont aussi lanc\u00e9 une campagne de propret\u00e9 et d&#8217;embellissement des villes, en assurant qu&rsquo;elle va se poursuivre jusqu&rsquo;\u00e0 l&rsquo;inscrire durablement dans les  m\u0153urs des jeunes.<\/p>\n\n\n\n<div class=\"wp-block-image\"><figure class=\"aligncenter is-resized\"><img loading=\"lazy\" decoding=\"async\" src=\"http:\/\/kapitalis.com\/tunisie\/wp-content\/uploads\/2019\/10\/tickets-resquille-transport.jpg\" alt=\"\" class=\"wp-image-247423\" width=\"500\" height=\"352\"\/><\/figure><\/div>\n\n\n\n<p>Salma assure qu&rsquo;il y aura \u00e9galement des campagnes pour faire la promotion de l&rsquo;art et de la culture et pour \u00ab<em>initier aux plus jeunes l&rsquo;amour des livres afin qu&rsquo;ils se forgent et s&rsquo;instruisent davantage\u00bb<\/em>.<\/p>\n\n\n\n<p>De son c\u00f4t\u00e9 Aymen Gtari, pr\u00e9sident de l&rsquo;organisation S\u00fbret\u00e9 des jeunes tunisiens (Sujet) a affirm\u00e9, ce matin, sur Shems FM, que ce mouvement d&rsquo;engagement et de solidarit\u00e9 citoyens vient du fait que les jeunes ont repris espoir, loin des querelles politiciennes, par allusion \u00e0 l&rsquo;\u00e9lection triomphale du professeur de droit ind\u00e9pendant, Ka\u00efs Sa\u00efed, \u00e0 la pr\u00e9sidence de la r\u00e9publique. Et principalement gr\u00e2ce aux voix des jeunes.  <\/p>\n\n\n\n<p>\u00ab<em>Nous voulons une nouvelle Tunisie, o\u00f9 le peuple est uni et o\u00f9 l&rsquo;on vit la t\u00eate haute\u00bb<\/em>, a encore dit Aymen Gtari, en ajoutant que les jeunes ont pris conscience que chacun doit prendre ses responsabilit\u00e9s et ils veulent envoyer \u00ab<em>un message de solidarit\u00e9, de respect et d&rsquo;amour de la patrie, le message de cette nouvelle Tunisie<\/em>\u00bb.<\/p>\n\n\n\n<p style=\"text-align:right\"><strong>Y\u00fcsra Nemlaghi<\/strong><\/p>\n\n\n\n<figure class=\"wp-block-embed-wordpress wp-block-embed is-type-wp-embed is-provider-kapitalis\"><div class=\"wp-block-embed__wrapper\">\n<blockquote class=\"wp-embedded-content\" data-secret=\"cyV9cpwdXS\"><a href=\"https:\/\/kapitalis.com\/tunisie\/2019\/10\/15\/action-citoyenne-operation-de-nettoyage-dans-toute-la-tunisie-sous-le-slogan-prise-de-conscience-photos\/\">Action citoyenne : Op\u00e9ration de nettoyage dans toute la Tunisie sous le slogan \u00abPrise de conscience\u00bb (Photos)<\/a><\/blockquote><iframe loading=\"lazy\" class=\"wp-embedded-content\" sandbox=\"allow-scripts\" security=\"restricted\" style=\"position: absolute; clip: rect(1px, 1px, 1px, 1px);\" title=\"\u00ab\u00a0Action citoyenne : Op\u00e9ration de nettoyage dans toute la Tunisie sous le slogan \u00abPrise de conscience\u00bb (Photos)\u00a0\u00bb &#8212; Kapitalis\" src=\"https:\/\/kapitalis.com\/tunisie\/2019\/10\/15\/action-citoyenne-operation-de-nettoyage-dans-toute-la-tunisie-sous-le-slogan-prise-de-conscience-photos\/embed\/#?secret=2MvzUzdi0q#?secret=cyV9cpwdXS\" data-secret=\"cyV9cpwdXS\" width=\"600\" height=\"338\" frameborder=\"0\" marginwidth=\"0\" marginheight=\"0\" scrolling=\"no\"><\/iframe>\n<\/div><\/figure>\n","protected":false},"excerpt":{"rendered":"<p>Des activistes de la soci\u00e9t\u00e9 civile ont lanc\u00e9 aujourd&rsquo;hui, mardi 15 octobre 2019, la campagne : \u00abJe paye mon ticket\u00bb, appelant leurs compatriotes \u00e0 ne plus resquiller dans les transports publics.<\/p>\n","protected":false},"author":6,"featured_media":247422,"comment_status":"open","ping_status":"open","sticky":false,"template":"","format":"standard","meta":{"footnotes":""},"categories":[998,2433],"tags":[2593,64468,839,1139,62643],"class_list":["post-247419","post","type-post","status-publish","format-standard","has-post-thumbnail","hentry","category-societe","category-tunisie","tag-activistes","tag-campagne-sensibilisation","tag-societe-civile","tag-solidarite","tag-tunisie"],"yoast_head":"<!-- This site is optimized with the Yoast SEO plugin v26.6 - https:\/\/yoast.com\/wordpress\/plugins\/seo\/ -->\n<title>\u00abJe paye mon ticket\u00bb : Des jeunes lancent une campagne contre la resquille dans les transports publics - Kapitalis<\/title>\n<meta name=\"robots\" content=\"index, follow, max-snippet:-1, max-image-preview:large, max-video-preview:-1\" \/>\n<link rel=\"canonical\" href=\"https:\/\/kapitalis.com\/tunisie\/2019\/10\/15\/je-paye-mon-ticket-des-jeunes-lancent-une-campagne-contre-la-resquille-dans-les-transports-publics\/\" \/>\n<meta property=\"og:locale\" content=\"fr_FR\" \/>\n<meta property=\"og:type\" content=\"article\" \/>\n<meta property=\"og:title\" content=\"\u00abJe paye mon ticket\u00bb : Des jeunes lancent une campagne contre la resquille dans les transports publics - Kapitalis\" \/>\n<meta property=\"og:description\" content=\"Des activistes de la soci\u00e9t\u00e9 civile ont lanc\u00e9 aujourd&rsquo;hui, mardi 15 octobre 2019, la campagne : \u00abJe paye mon ticket\u00bb, appelant leurs compatriotes \u00e0 ne plus resquiller dans les transports publics.\" \/>\n<meta property=\"og:url\" content=\"https:\/\/kapitalis.com\/tunisie\/2019\/10\/15\/je-paye-mon-ticket-des-jeunes-lancent-une-campagne-contre-la-resquille-dans-les-transports-publics\/\" \/>\n<meta property=\"og:site_name\" content=\"Kapitalis\" \/>\n<meta property=\"article:publisher\" content=\"https:\/\/www.facebook.com\/KapitalisInfo\/\" \/>\n<meta property=\"article:published_time\" content=\"2019-10-15T21:56:18+00:00\" \/>\n<meta property=\"article:modified_time\" content=\"2019-10-16T07:37:32+00:00\" \/>\n<meta property=\"og:image\" content=\"https:\/\/kapitalis.com\/tunisie\/wp-content\/uploads\/2022\/05\/kapitalis-logo-fb.png\" \/>\n\t<meta property=\"og:image:width\" content=\"1200\" \/>\n\t<meta property=\"og:image:height\" content=\"630\" \/>\n\t<meta property=\"og:image:type\" content=\"image\/png\" \/>\n<meta name=\"author\" content=\"Yusra NY\" \/>\n<meta name=\"twitter:card\" content=\"summary_large_image\" \/>\n<meta name=\"twitter:creator\" content=\"@KapitalisInfo\" \/>\n<meta name=\"twitter:site\" content=\"@KapitalisInfo\" \/>\n<meta name=\"twitter:label1\" content=\"\u00c9crit par\" \/>\n\t<meta name=\"twitter:data1\" content=\"Yusra NY\" \/>\n\t<meta name=\"twitter:label2\" content=\"Dur\u00e9e de lecture estim\u00e9e\" \/>\n\t<meta name=\"twitter:data2\" content=\"2 minutes\" \/>\n<script type=\"application\/ld+json\" class=\"yoast-schema-graph\">{\"@context\":\"https:\/\/schema.org\",\"@graph\":[{\"@type\":\"Article\",\"@id\":\"https:\/\/kapitalis.com\/tunisie\/2019\/10\/15\/je-paye-mon-ticket-des-jeunes-lancent-une-campagne-contre-la-resquille-dans-les-transports-publics\/#article\",\"isPartOf\":{\"@id\":\"https:\/\/kapitalis.com\/tunisie\/2019\/10\/15\/je-paye-mon-ticket-des-jeunes-lancent-une-campagne-contre-la-resquille-dans-les-transports-publics\/\"},\"author\":{\"name\":\"Yusra NY\",\"@id\":\"https:\/\/kapitalis.com\/tunisie\/#\/schema\/person\/74bbde0154d49d790a92aaeac5bc01d5\"},\"headline\":\"\u00abJe paye mon ticket\u00bb : Des jeunes lancent une campagne contre la resquille dans les transports publics\",\"datePublished\":\"2019-10-15T21:56:18+00:00\",\"dateModified\":\"2019-10-16T07:37:32+00:00\",\"mainEntityOfPage\":{\"@id\":\"https:\/\/kapitalis.com\/tunisie\/2019\/10\/15\/je-paye-mon-ticket-des-jeunes-lancent-une-campagne-contre-la-resquille-dans-les-transports-publics\/\"},\"wordCount\":377,\"commentCount\":7,\"publisher\":{\"@id\":\"https:\/\/kapitalis.com\/tunisie\/#organization\"},\"image\":{\"@id\":\"https:\/\/kapitalis.com\/tunisie\/2019\/10\/15\/je-paye-mon-ticket-des-jeunes-lancent-une-campagne-contre-la-resquille-dans-les-transports-publics\/#primaryimage\"},\"thumbnailUrl\":\"\",\"keywords\":[\"activistes\",\"campagne sensibilisation\",\"soci\u00e9t\u00e9 civile\",\"solidarit\u00e9\",\"Tunisie\"],\"articleSection\":[\"SOCIETE\",\"Tunisie\"],\"inLanguage\":\"fr-FR\",\"potentialAction\":[{\"@type\":\"CommentAction\",\"name\":\"Comment\",\"target\":[\"https:\/\/kapitalis.com\/tunisie\/2019\/10\/15\/je-paye-mon-ticket-des-jeunes-lancent-une-campagne-contre-la-resquille-dans-les-transports-publics\/#respond\"]}]},{\"@type\":\"WebPage\",\"@id\":\"https:\/\/kapitalis.com\/tunisie\/2019\/10\/15\/je-paye-mon-ticket-des-jeunes-lancent-une-campagne-contre-la-resquille-dans-les-transports-publics\/\",\"url\":\"https:\/\/kapitalis.com\/tunisie\/2019\/10\/15\/je-paye-mon-ticket-des-jeunes-lancent-une-campagne-contre-la-resquille-dans-les-transports-publics\/\",\"name\":\"\u00abJe paye mon ticket\u00bb : Des jeunes lancent une campagne contre la resquille dans les transports publics - Kapitalis\",\"isPartOf\":{\"@id\":\"https:\/\/kapitalis.com\/tunisie\/#website\"},\"primaryImageOfPage\":{\"@id\":\"https:\/\/kapitalis.com\/tunisie\/2019\/10\/15\/je-paye-mon-ticket-des-jeunes-lancent-une-campagne-contre-la-resquille-dans-les-transports-publics\/#primaryimage\"},\"image\":{\"@id\":\"https:\/\/kapitalis.com\/tunisie\/2019\/10\/15\/je-paye-mon-ticket-des-jeunes-lancent-une-campagne-contre-la-resquille-dans-les-transports-publics\/#primaryimage\"},\"thumbnailUrl\":\"\",\"datePublished\":\"2019-10-15T21:56:18+00:00\",\"dateModified\":\"2019-10-16T07:37:32+00:00\",\"breadcrumb\":{\"@id\":\"https:\/\/kapitalis.com\/tunisie\/2019\/10\/15\/je-paye-mon-ticket-des-jeunes-lancent-une-campagne-contre-la-resquille-dans-les-transports-publics\/#breadcrumb\"},\"inLanguage\":\"fr-FR\",\"potentialAction\":[{\"@type\":\"ReadAction\",\"target\":[\"https:\/\/kapitalis.com\/tunisie\/2019\/10\/15\/je-paye-mon-ticket-des-jeunes-lancent-une-campagne-contre-la-resquille-dans-les-transports-publics\/\"]}]},{\"@type\":\"ImageObject\",\"inLanguage\":\"fr-FR\",\"@id\":\"https:\/\/kapitalis.com\/tunisie\/2019\/10\/15\/je-paye-mon-ticket-des-jeunes-lancent-une-campagne-contre-la-resquille-dans-les-transports-publics\/#primaryimage\",\"url\":\"\",\"contentUrl\":\"\"},{\"@type\":\"BreadcrumbList\",\"@id\":\"https:\/\/kapitalis.com\/tunisie\/2019\/10\/15\/je-paye-mon-ticket-des-jeunes-lancent-une-campagne-contre-la-resquille-dans-les-transports-publics\/#breadcrumb\",\"itemListElement\":[{\"@type\":\"ListItem\",\"position\":1,\"name\":\"Accueil\",\"item\":\"https:\/\/kapitalis.com\/tunisie\/\"},{\"@type\":\"ListItem\",\"position\":2,\"name\":\"\u00abJe paye mon ticket\u00bb : Des jeunes lancent une campagne contre la resquille dans les transports publics\"}]},{\"@type\":\"WebSite\",\"@id\":\"https:\/\/kapitalis.com\/tunisie\/#website\",\"url\":\"https:\/\/kapitalis.com\/tunisie\/\",\"name\":\"Kapitalis\",\"description\":\"L&#039;actualit\u00e9 en Tunisie et dans le monde\",\"publisher\":{\"@id\":\"https:\/\/kapitalis.com\/tunisie\/#organization\"},\"potentialAction\":[{\"@type\":\"SearchAction\",\"target\":{\"@type\":\"EntryPoint\",\"urlTemplate\":\"https:\/\/kapitalis.com\/tunisie\/?s={search_term_string}\"},\"query-input\":{\"@type\":\"PropertyValueSpecification\",\"valueRequired\":true,\"valueName\":\"search_term_string\"}}],\"inLanguage\":\"fr-FR\"},{\"@type\":\"Organization\",\"@id\":\"https:\/\/kapitalis.com\/tunisie\/#organization\",\"name\":\"Kapitalis\",\"url\":\"https:\/\/kapitalis.com\/tunisie\/\",\"logo\":{\"@type\":\"ImageObject\",\"inLanguage\":\"fr-FR\",\"@id\":\"https:\/\/kapitalis.com\/tunisie\/#\/schema\/logo\/image\/\",\"url\":\"https:\/\/kapitalis.com\/tunisie\/wp-content\/uploads\/2022\/05\/Kapitalis-big-size.png\",\"contentUrl\":\"https:\/\/kapitalis.com\/tunisie\/wp-content\/uploads\/2022\/05\/Kapitalis-big-size.png\",\"width\":5000,\"height\":1500,\"caption\":\"Kapitalis\"},\"image\":{\"@id\":\"https:\/\/kapitalis.com\/tunisie\/#\/schema\/logo\/image\/\"},\"sameAs\":[\"https:\/\/www.facebook.com\/KapitalisInfo\/\",\"https:\/\/x.com\/KapitalisInfo\",\"https:\/\/www.youtube.com\/channel\/UC-yDYrHyfFBWWZaOw3FPg9Q\"]},{\"@type\":\"Person\",\"@id\":\"https:\/\/kapitalis.com\/tunisie\/#\/schema\/person\/74bbde0154d49d790a92aaeac5bc01d5\",\"name\":\"Yusra NY\",\"url\":\"https:\/\/kapitalis.com\/tunisie\/author\/yuza_adam\/\"}]}<\/script>\n<!-- \/ Yoast SEO plugin. -->","yoast_head_json":{"title":"\u00abJe paye mon ticket\u00bb : Des jeunes lancent une campagne contre la resquille dans les transports publics - Kapitalis","robots":{"index":"index","follow":"follow","max-snippet":"max-snippet:-1","max-image-preview":"max-image-preview:large","max-video-preview":"max-video-preview:-1"},"canonical":"https:\/\/kapitalis.com\/tunisie\/2019\/10\/15\/je-paye-mon-ticket-des-jeunes-lancent-une-campagne-contre-la-resquille-dans-les-transports-publics\/","og_locale":"fr_FR","og_type":"article","og_title":"\u00abJe paye mon ticket\u00bb : Des jeunes lancent une campagne contre la resquille dans les transports publics - Kapitalis","og_description":"Des activistes de la soci\u00e9t\u00e9 civile ont lanc\u00e9 aujourd&rsquo;hui, mardi 15 octobre 2019, la campagne : \u00abJe paye mon ticket\u00bb, appelant leurs compatriotes \u00e0 ne plus resquiller dans les transports publics.","og_url":"https:\/\/kapitalis.com\/tunisie\/2019\/10\/15\/je-paye-mon-ticket-des-jeunes-lancent-une-campagne-contre-la-resquille-dans-les-transports-publics\/","og_site_name":"Kapitalis","article_publisher":"https:\/\/www.facebook.com\/KapitalisInfo\/","article_published_time":"2019-10-15T21:56:18+00:00","article_modified_time":"2019-10-16T07:37:32+00:00","og_image":[{"width":1200,"height":630,"url":"https:\/\/kapitalis.com\/tunisie\/wp-content\/uploads\/2022\/05\/kapitalis-logo-fb.png","type":"image\/png"}],"author":"Yusra NY","twitter_card":"summary_large_image","twitter_creator":"@KapitalisInfo","twitter_site":"@KapitalisInfo","twitter_misc":{"\u00c9crit par":"Yusra NY","Dur\u00e9e de lecture estim\u00e9e":"2 minutes"},"schema":{"@context":"https:\/\/schema.org","@graph":[{"@type":"Article","@id":"https:\/\/kapitalis.com\/tunisie\/2019\/10\/15\/je-paye-mon-ticket-des-jeunes-lancent-une-campagne-contre-la-resquille-dans-les-transports-publics\/#article","isPartOf":{"@id":"https:\/\/kapitalis.com\/tunisie\/2019\/10\/15\/je-paye-mon-ticket-des-jeunes-lancent-une-campagne-contre-la-resquille-dans-les-transports-publics\/"},"author":{"name":"Yusra NY","@id":"https:\/\/kapitalis.com\/tunisie\/#\/schema\/person\/74bbde0154d49d790a92aaeac5bc01d5"},"headline":"\u00abJe paye mon ticket\u00bb : Des jeunes lancent une campagne contre la resquille dans les transports publics","datePublished":"2019-10-15T21:56:18+00:00","dateModified":"2019-10-16T07:37:32+00:00","mainEntityOfPage":{"@id":"https:\/\/kapitalis.com\/tunisie\/2019\/10\/15\/je-paye-mon-ticket-des-jeunes-lancent-une-campagne-contre-la-resquille-dans-les-transports-publics\/"},"wordCount":377,"commentCount":7,"publisher":{"@id":"https:\/\/kapitalis.com\/tunisie\/#organization"},"image":{"@id":"https:\/\/kapitalis.com\/tunisie\/2019\/10\/15\/je-paye-mon-ticket-des-jeunes-lancent-une-campagne-contre-la-resquille-dans-les-transports-publics\/#primaryimage"},"thumbnailUrl":"","keywords":["activistes","campagne sensibilisation","soci\u00e9t\u00e9 civile","solidarit\u00e9","Tunisie"],"articleSection":["SOCIETE","Tunisie"],"inLanguage":"fr-FR","potentialAction":[{"@type":"CommentAction","name":"Comment","target":["https:\/\/kapitalis.com\/tunisie\/2019\/10\/15\/je-paye-mon-ticket-des-jeunes-lancent-une-campagne-contre-la-resquille-dans-les-transports-publics\/#respond"]}]},{"@type":"WebPage","@id":"https:\/\/kapitalis.com\/tunisie\/2019\/10\/15\/je-paye-mon-ticket-des-jeunes-lancent-une-campagne-contre-la-resquille-dans-les-transports-publics\/","url":"https:\/\/kapitalis.com\/tunisie\/2019\/10\/15\/je-paye-mon-ticket-des-jeunes-lancent-une-campagne-contre-la-resquille-dans-les-transports-publics\/","name":"\u00abJe paye mon ticket\u00bb : Des jeunes lancent une campagne contre la resquille dans les transports publics - Kapitalis","isPartOf":{"@id":"https:\/\/kapitalis.com\/tunisie\/#website"},"primaryImageOfPage":{"@id":"https:\/\/kapitalis.com\/tunisie\/2019\/10\/15\/je-paye-mon-ticket-des-jeunes-lancent-une-campagne-contre-la-resquille-dans-les-transports-publics\/#primaryimage"},"image":{"@id":"https:\/\/kapitalis.com\/tunisie\/2019\/10\/15\/je-paye-mon-ticket-des-jeunes-lancent-une-campagne-contre-la-resquille-dans-les-transports-publics\/#primaryimage"},"thumbnailUrl":"","datePublished":"2019-10-15T21:56:18+00:00","dateModified":"2019-10-16T07:37:32+00:00","breadcrumb":{"@id":"https:\/\/kapitalis.com\/tunisie\/2019\/10\/15\/je-paye-mon-ticket-des-jeunes-lancent-une-campagne-contre-la-resquille-dans-les-transports-publics\/#breadcrumb"},"inLanguage":"fr-FR","potentialAction":[{"@type":"ReadAction","target":["https:\/\/kapitalis.com\/tunisie\/2019\/10\/15\/je-paye-mon-ticket-des-jeunes-lancent-une-campagne-contre-la-resquille-dans-les-transports-publics\/"]}]},{"@type":"ImageObject","inLanguage":"fr-FR","@id":"https:\/\/kapitalis.com\/tunisie\/2019\/10\/15\/je-paye-mon-ticket-des-jeunes-lancent-une-campagne-contre-la-resquille-dans-les-transports-publics\/#primaryimage","url":"","contentUrl":""},{"@type":"BreadcrumbList","@id":"https:\/\/kapitalis.com\/tunisie\/2019\/10\/15\/je-paye-mon-ticket-des-jeunes-lancent-une-campagne-contre-la-resquille-dans-les-transports-publics\/#breadcrumb","itemListElement":[{"@type":"ListItem","position":1,"name":"Accueil","item":"https:\/\/kapitalis.com\/tunisie\/"},{"@type":"ListItem","position":2,"name":"\u00abJe paye mon ticket\u00bb : Des jeunes lancent une campagne contre la resquille dans les transports publics"}]},{"@type":"WebSite","@id":"https:\/\/kapitalis.com\/tunisie\/#website","url":"https:\/\/kapitalis.com\/tunisie\/","name":"Kapitalis","description":"L&#039;actualit\u00e9 en Tunisie et dans le monde","publisher":{"@id":"https:\/\/kapitalis.com\/tunisie\/#organization"},"potentialAction":[{"@type":"SearchAction","target":{"@type":"EntryPoint","urlTemplate":"https:\/\/kapitalis.com\/tunisie\/?s={search_term_string}"},"query-input":{"@type":"PropertyValueSpecification","valueRequired":true,"valueName":"search_term_string"}}],"inLanguage":"fr-FR"},{"@type":"Organization","@id":"https:\/\/kapitalis.com\/tunisie\/#organization","name":"Kapitalis","url":"https:\/\/kapitalis.com\/tunisie\/","logo":{"@type":"ImageObject","inLanguage":"fr-FR","@id":"https:\/\/kapitalis.com\/tunisie\/#\/schema\/logo\/image\/","url":"https:\/\/kapitalis.com\/tunisie\/wp-content\/uploads\/2022\/05\/Kapitalis-big-size.png","contentUrl":"https:\/\/kapitalis.com\/tunisie\/wp-content\/uploads\/2022\/05\/Kapitalis-big-size.png","width":5000,"height":1500,"caption":"Kapitalis"},"image":{"@id":"https:\/\/kapitalis.com\/tunisie\/#\/schema\/logo\/image\/"},"sameAs":["https:\/\/www.facebook.com\/KapitalisInfo\/","https:\/\/x.com\/KapitalisInfo","https:\/\/www.youtube.com\/channel\/UC-yDYrHyfFBWWZaOw3FPg9Q"]},{"@type":"Person","@id":"https:\/\/kapitalis.com\/tunisie\/#\/schema\/person\/74bbde0154d49d790a92aaeac5bc01d5","name":"Yusra NY","url":"https:\/\/kapitalis.com\/tunisie\/author\/yuza_adam\/"}]}},"_links":{"self":[{"href":"https:\/\/kapitalis.com\/tunisie\/wp-json\/wp\/v2\/posts\/247419","targetHints":{"allow":["GET"]}}],"collection":[{"href":"https:\/\/kapitalis.com\/tunisie\/wp-json\/wp\/v2\/posts"}],"about":[{"href":"https:\/\/kapitalis.com\/tunisie\/wp-json\/wp\/v2\/types\/post"}],"author":[{"embeddable":true,"href":"https:\/\/kapitalis.com\/tunisie\/wp-json\/wp\/v2\/users\/6"}],"replies":[{"embeddable":true,"href":"https:\/\/kapitalis.com\/tunisie\/wp-json\/wp\/v2\/comments?post=247419"}],"version-history":[{"count":0,"href":"https:\/\/kapitalis.com\/tunisie\/wp-json\/wp\/v2\/posts\/247419\/revisions"}],"wp:featuredmedia":[{"embeddable":true,"href":"https:\/\/kapitalis.com\/tunisie\/wp-json\/wp\/v2\/media\/247422"}],"wp:attachment":[{"href":"https:\/\/kapitalis.com\/tunisie\/wp-json\/wp\/v2\/media?parent=247419"}],"wp:term":[{"taxonomy":"category","embeddable":true,"href":"https:\/\/kapitalis.com\/tunisie\/wp-json\/wp\/v2\/categories?post=247419"},{"taxonomy":"post_tag","embeddable":true,"href":"https:\/\/kapitalis.com\/tunisie\/wp-json\/wp\/v2\/tags?post=247419"}],"curies":[{"name":"wp","href":"https:\/\/api.w.org\/{rel}","templated":true}]}}