{"id":247516,"date":"2019-10-17T09:48:31","date_gmt":"2019-10-17T08:48:31","guid":{"rendered":"http:\/\/kapitalis.com\/tunisie\/?p=247516"},"modified":"2019-10-17T12:58:10","modified_gmt":"2019-10-17T11:58:10","slug":"union-europeenne-tunisie-impact-de-laleca-sur-le-commerce-et-la-production-en-tunisie","status":"publish","type":"post","link":"https:\/\/kapitalis.com\/tunisie\/2019\/10\/17\/union-europeenne-tunisie-impact-de-laleca-sur-le-commerce-et-la-production-en-tunisie\/","title":{"rendered":"Union Europ\u00e9enne-Tunisie : Impact de l&rsquo;Aleca sur le commerce et la production en Tunisie"},"content":{"rendered":"\n<div class=\"wp-block-image\"><figure class=\"aligncenter\"><img decoding=\"async\" src=\"http:\/\/kapitalis.com\/tunisie\/wp-content\/uploads\/2019\/10\/Tunisie-Union-europeene-Femise.jpg\" alt=\"\" class=\"wp-image-247645\"\/><\/figure><\/div>\n\n\n\n<p><strong><em>La Tunisie et l&rsquo;Union europ\u00e9enne (UE) ont n\u00e9goci\u00e9 en 2016 un \u00abAccord de libre-\u00e9change complet et approfondi\u00bb (Aleca). Le Forum euro-m\u00e9diterran\u00e9en des instituts de sciences \u00e9conomiques (Femise) analyse aujourd&rsquo;hui son impact sur le commerce et le production en Tunisie. Extraits.<\/em><\/strong><\/p>\n\n\n\n<p><em> Synth\u00e8se et traduction de l&rsquo;anglais par<\/em><strong><em> <\/em>Amina Mkada<\/strong>&nbsp;&nbsp; <\/p>\n\n\n\n<!--more-->\n\n\n\n<p>L\u2019Aleca se base sur l&rsquo;Accord d&rsquo;Association (AA) existant entre la Tunisie et l&rsquo;UE, pour en augmenter la port\u00e9e et la profondeur. <\/p>\n\n\n\n<p>En termes de port\u00e9e, l\u00e0 o\u00f9 l\u2019actuel AA est largement concentr\u00e9 sur les produits manufactur\u00e9s, l&rsquo;Aleca vise \u00e0 atteindre davantage de lib\u00e9ralisation et dans une certaine mesure, celle (de l&rsquo;agriculture et) des services. <\/p>\n\n\n\n<p>Son objectif est de fournir une int\u00e9gration <em>\u00abprofonde\u00bb<\/em> et beaucoup plus significative, \u00e0 travers l&rsquo;\u00e9limination accrue des obstacles non tarifaires au commerce, comme les normes techniques, un rapprochement l\u00e9gislatif plus \u00e9troit avec le march\u00e9 unique de l&rsquo;UE, et l&rsquo;am\u00e9lioration des mesures de facilitation des \u00e9changes. <\/p>\n\n\n\n<h3 class=\"wp-block-heading\">Ne pas alourdir le fardeau de la lib\u00e9ralisation sur la Tunisie <\/h3>\n\n\n\n<p>Aussi, les modifications propos\u00e9es aux tarifs, aux quotas et aux barri\u00e8res non tarifaires auront un impact sur les \u00e9changes commerciaux entre l\u2019UE et la Tunisie, ainsi qu\u2019avec les pays tiers. <\/p>\n\n\n\n<p>Les changements survenus dans les courants d&rsquo;\u00e9changes tunisiens n&rsquo;\u00e9taient pas simplement entra\u00een\u00e9s par un \u00e9ventuel changement des tarifs d&rsquo;importation tunisiens de l&rsquo;UE, mais aussi par les droits de douane que la Tunisie a per\u00e7us et auxquels elle est confront\u00e9e vis-\u00e0-vis du reste du monde.<\/p>\n\n\n\n<p>Les changements dans les importations tunisiennes ont \u00e9t\u00e9 motiv\u00e9s par les modifications dans la comp\u00e9titivit\u00e9 mondiale des pays et par le fait qu\u2019en plus de la lib\u00e9ralisation avec l&rsquo;UE, la Tunisie a \u00e9galement lib\u00e9ralis\u00e9 ses droits NPF (nation la plus favoris\u00e9e).<\/p>\n\n\n\n<p>Les conclusions tir\u00e9es de cette analyse d\u00e9montrent que davantage de r\u00e9ductions des tarifs seulement risque de peser lourd sur le processus d&rsquo;ajustement en Tunisie. Un faible niveau d\u2019int\u00e9gration (centr\u00e9 sur les tarifs) alourdit beaucoup plus le fardeau de la lib\u00e9ralisation sur la Tunisie, \u00e9tant donn\u00e9 que l\u2019UE a d\u00e9j\u00e0 lib\u00e9ralis\u00e9 les siens. En effet, une telle exp\u00e9rience conduit \u00e0 un d\u00e9clin de la production  tunisienne. <\/p>\n\n\n\n<p>Cependant, la Tunisie pourrait r\u00e9aliser des gains importants, si l\u2019Aleca  r\u00e9ussit \u00e0 r\u00e9duire de mani\u00e8re significative les barri\u00e8res non tarifaires entre l&rsquo;UE et la Tunisie. Il y a un potentiel de gains nets sur la production et les exportations tunisiennes (jusqu&rsquo;\u00e0 3,4% et 25,4%) respectivement, dans les simulations effectu\u00e9es dans le cadre de cette analyse. <\/p>\n\n\n\n<p>L&rsquo;ampleur des nombreuses sources de gains d\u00e9pendra essentiellement du niveau des obstacles non tarifaires entre l&rsquo;UE et la Tunisie, et celle des r\u00e9ductions des barri\u00e8res tant tarifaires que non tarifaires. Il est donc extr\u00eamement important que davantage de travail soit fait, pour mieux comprendre l\u2019ampleur de ces obstacles et quelles politiques sp\u00e9cifiques sont n\u00e9cessaires pour assurer leur suppression.<\/p>\n\n\n\n<h3 class=\"wp-block-heading\">Des gagnants et des perdants <\/h3>\n\n\n\n<p>Une r\u00e9ponse politique appropri\u00e9e de la Tunisie serait de minimiser toute lib\u00e9ralisation de ses tarifs pour prot\u00e9ger l&rsquo;industrie nationale, tout en obtenant des barri\u00e8res non tarifaires maximales sur le march\u00e9 de l&rsquo;UE afin d&rsquo;encourager les exportations. Ce serait une erreur, car prot\u00e9ger les industries est une source de distorsion, ce qui \u00e0 long terme n\u2019est pas bon pour la croissance \u00e9conomique. En effet, la plupart des gains provenant du commerce international, sont issus d&rsquo;une meilleure allocation des ressources provenant de la lib\u00e9ralisation.<\/p>\n\n\n\n<p>Par cons\u00e9quent, la lib\u00e9ralisation int\u00e9rieure est \u00e9galement importante et doit \u00eatre men\u00e9e progressivement par des politiques appropri\u00e9es en place, pour traiter tout co\u00fbt d&rsquo;ajustement. L\u2019augmentation des exportations est tout aussi importante et peut \u00e9galement entra\u00eener des gains importants. <\/p>\n\n\n\n<p>La lib\u00e9ralisation cr\u00e9e des gagnants et des perdants: les gagnants sont typiquement les consommateurs et les acheteurs d&rsquo;intrants interm\u00e9diaires qui les obtiennent \u00e0 des prix plus bas, et les travailleurs des entreprises en expansion. Les perdants sont les entreprises et les travailleurs des entreprises confront\u00e9es \u00e0 une concurrence \u00e9trang\u00e8re accrue. Ces co\u00fbts d\u2019ajustement, et le temps n\u00e9cessaire aux particuliers, aux entreprises et aux secteurs pour les ajuster, ne doit pas \u00eatre sous-estim\u00e9.<\/p>\n\n\n\n<p>En conclusion, parall\u00e8lement \u00e0 tout processus d\u2019approfondissement de la lib\u00e9ralisation, il est important qu\u2019il y ait des politiques facilitant le changement industriel structurel et l&rsquo;aide \u00e0 l&rsquo;ajustement, au profit de ceux n\u00e9gativement touch\u00e9s par cet impact.<\/p>\n\n\n<p>Cette analyse du <strong><span style=\"color: #0000ff;\"><a style=\"color: #0000ff;\" href=\"http:\/\/www.femise.org\/etudes-et-recherches\/analyse-de-limpact-dun-aleca-entre-lue-et-la-tunisie-rapport-fem43-16\/\" target=\"_blank\" rel=\"noopener noreferrer\">Femise<\/a><\/span><\/strong>&nbsp;a \u00e9t\u00e9 r\u00e9alis\u00e9e par Dr. Michael Gasiorek de l&rsquo;Universit\u00e9 du Sussex et &amp; InterAnalysis du Royaume Uni, et Pr. Sami Mouley, de l&rsquo;Universit\u00e9 de Tunis.<\/p>","protected":false},"excerpt":{"rendered":"<p>La Tunisie et l&rsquo;Union europ\u00e9enne (UE) ont n\u00e9goci\u00e9 en 2016 un \u00abAccord de libre-\u00e9change complet et approfondi\u00bb (Aleca). Le Forum euro-m\u00e9diterran\u00e9en des instituts de sciences \u00e9conomiques (Femise) analyse aujourd&rsquo;hui son impact sur le commerce et le production en Tunisie. Extraits. Synth\u00e8se et traduction de l&rsquo;anglais par Amina Mkada&nbsp;&nbsp;<\/p>\n","protected":false},"author":22,"featured_media":247594,"comment_status":"open","ping_status":"open","sticky":false,"template":"","format":"standard","meta":{"footnotes":""},"categories":[992,995,2433],"tags":[62],"class_list":["post-247516","post","type-post","status-publish","format-standard","has-post-thumbnail","hentry","category-a-la-une","category-economie","category-tunisie","tag-aleca"],"yoast_head":"<!-- This site is optimized with the Yoast SEO plugin v26.6 - https:\/\/yoast.com\/wordpress\/plugins\/seo\/ -->\n<title>Union Europ\u00e9enne-Tunisie : Impact de l&#039;Aleca sur le commerce et la production en Tunisie - Kapitalis<\/title>\n<meta name=\"robots\" content=\"index, follow, max-snippet:-1, max-image-preview:large, max-video-preview:-1\" \/>\n<link rel=\"canonical\" href=\"https:\/\/kapitalis.com\/tunisie\/2019\/10\/17\/union-europeenne-tunisie-impact-de-laleca-sur-le-commerce-et-la-production-en-tunisie\/\" \/>\n<meta property=\"og:locale\" content=\"fr_FR\" \/>\n<meta property=\"og:type\" content=\"article\" \/>\n<meta property=\"og:title\" content=\"Union Europ\u00e9enne-Tunisie : Impact de l&#039;Aleca sur le commerce et la production en Tunisie - Kapitalis\" \/>\n<meta property=\"og:description\" content=\"La Tunisie et l&rsquo;Union europ\u00e9enne (UE) ont n\u00e9goci\u00e9 en 2016 un \u00abAccord de libre-\u00e9change complet et approfondi\u00bb (Aleca). Le Forum euro-m\u00e9diterran\u00e9en des instituts de sciences \u00e9conomiques (Femise) analyse aujourd&rsquo;hui son impact sur le commerce et le production en Tunisie. Extraits. Synth\u00e8se et traduction de l&rsquo;anglais par Amina Mkada&nbsp;&nbsp;\" \/>\n<meta property=\"og:url\" content=\"https:\/\/kapitalis.com\/tunisie\/2019\/10\/17\/union-europeenne-tunisie-impact-de-laleca-sur-le-commerce-et-la-production-en-tunisie\/\" \/>\n<meta property=\"og:site_name\" content=\"Kapitalis\" \/>\n<meta property=\"article:publisher\" content=\"https:\/\/www.facebook.com\/KapitalisInfo\/\" \/>\n<meta property=\"article:published_time\" content=\"2019-10-17T08:48:31+00:00\" \/>\n<meta property=\"article:modified_time\" content=\"2019-10-17T11:58:10+00:00\" \/>\n<meta property=\"og:image\" content=\"https:\/\/kapitalis.com\/tunisie\/wp-content\/uploads\/2022\/05\/kapitalis-logo-fb.png\" \/>\n\t<meta property=\"og:image:width\" content=\"1200\" \/>\n\t<meta property=\"og:image:height\" content=\"630\" \/>\n\t<meta property=\"og:image:type\" content=\"image\/png\" \/>\n<meta name=\"author\" content=\"Amina Mkada\" \/>\n<meta name=\"twitter:card\" content=\"summary_large_image\" \/>\n<meta name=\"twitter:creator\" content=\"@KapitalisInfo\" \/>\n<meta name=\"twitter:site\" content=\"@KapitalisInfo\" \/>\n<meta name=\"twitter:label1\" content=\"\u00c9crit par\" \/>\n\t<meta name=\"twitter:data1\" content=\"Amina Mkada\" \/>\n\t<meta name=\"twitter:label2\" content=\"Dur\u00e9e de lecture estim\u00e9e\" \/>\n\t<meta name=\"twitter:data2\" content=\"4 minutes\" \/>\n<script type=\"application\/ld+json\" class=\"yoast-schema-graph\">{\"@context\":\"https:\/\/schema.org\",\"@graph\":[{\"@type\":\"Article\",\"@id\":\"https:\/\/kapitalis.com\/tunisie\/2019\/10\/17\/union-europeenne-tunisie-impact-de-laleca-sur-le-commerce-et-la-production-en-tunisie\/#article\",\"isPartOf\":{\"@id\":\"https:\/\/kapitalis.com\/tunisie\/2019\/10\/17\/union-europeenne-tunisie-impact-de-laleca-sur-le-commerce-et-la-production-en-tunisie\/\"},\"author\":{\"name\":\"Amina Mkada\",\"@id\":\"https:\/\/kapitalis.com\/tunisie\/#\/schema\/person\/093913313d3017554cb3ad077fff3fbd\"},\"headline\":\"Union Europ\u00e9enne-Tunisie : Impact de l&rsquo;Aleca sur le commerce et la production en Tunisie\",\"datePublished\":\"2019-10-17T08:48:31+00:00\",\"dateModified\":\"2019-10-17T11:58:10+00:00\",\"mainEntityOfPage\":{\"@id\":\"https:\/\/kapitalis.com\/tunisie\/2019\/10\/17\/union-europeenne-tunisie-impact-de-laleca-sur-le-commerce-et-la-production-en-tunisie\/\"},\"wordCount\":809,\"commentCount\":2,\"publisher\":{\"@id\":\"https:\/\/kapitalis.com\/tunisie\/#organization\"},\"image\":{\"@id\":\"https:\/\/kapitalis.com\/tunisie\/2019\/10\/17\/union-europeenne-tunisie-impact-de-laleca-sur-le-commerce-et-la-production-en-tunisie\/#primaryimage\"},\"thumbnailUrl\":\"\",\"keywords\":[\"Aleca\"],\"articleSection\":[\"A LA UNE\",\"ECONOMIE\",\"Tunisie\"],\"inLanguage\":\"fr-FR\",\"potentialAction\":[{\"@type\":\"CommentAction\",\"name\":\"Comment\",\"target\":[\"https:\/\/kapitalis.com\/tunisie\/2019\/10\/17\/union-europeenne-tunisie-impact-de-laleca-sur-le-commerce-et-la-production-en-tunisie\/#respond\"]}]},{\"@type\":\"WebPage\",\"@id\":\"https:\/\/kapitalis.com\/tunisie\/2019\/10\/17\/union-europeenne-tunisie-impact-de-laleca-sur-le-commerce-et-la-production-en-tunisie\/\",\"url\":\"https:\/\/kapitalis.com\/tunisie\/2019\/10\/17\/union-europeenne-tunisie-impact-de-laleca-sur-le-commerce-et-la-production-en-tunisie\/\",\"name\":\"Union Europ\u00e9enne-Tunisie : Impact de l'Aleca sur le commerce et la production en Tunisie - Kapitalis\",\"isPartOf\":{\"@id\":\"https:\/\/kapitalis.com\/tunisie\/#website\"},\"primaryImageOfPage\":{\"@id\":\"https:\/\/kapitalis.com\/tunisie\/2019\/10\/17\/union-europeenne-tunisie-impact-de-laleca-sur-le-commerce-et-la-production-en-tunisie\/#primaryimage\"},\"image\":{\"@id\":\"https:\/\/kapitalis.com\/tunisie\/2019\/10\/17\/union-europeenne-tunisie-impact-de-laleca-sur-le-commerce-et-la-production-en-tunisie\/#primaryimage\"},\"thumbnailUrl\":\"\",\"datePublished\":\"2019-10-17T08:48:31+00:00\",\"dateModified\":\"2019-10-17T11:58:10+00:00\",\"breadcrumb\":{\"@id\":\"https:\/\/kapitalis.com\/tunisie\/2019\/10\/17\/union-europeenne-tunisie-impact-de-laleca-sur-le-commerce-et-la-production-en-tunisie\/#breadcrumb\"},\"inLanguage\":\"fr-FR\",\"potentialAction\":[{\"@type\":\"ReadAction\",\"target\":[\"https:\/\/kapitalis.com\/tunisie\/2019\/10\/17\/union-europeenne-tunisie-impact-de-laleca-sur-le-commerce-et-la-production-en-tunisie\/\"]}]},{\"@type\":\"ImageObject\",\"inLanguage\":\"fr-FR\",\"@id\":\"https:\/\/kapitalis.com\/tunisie\/2019\/10\/17\/union-europeenne-tunisie-impact-de-laleca-sur-le-commerce-et-la-production-en-tunisie\/#primaryimage\",\"url\":\"\",\"contentUrl\":\"\"},{\"@type\":\"BreadcrumbList\",\"@id\":\"https:\/\/kapitalis.com\/tunisie\/2019\/10\/17\/union-europeenne-tunisie-impact-de-laleca-sur-le-commerce-et-la-production-en-tunisie\/#breadcrumb\",\"itemListElement\":[{\"@type\":\"ListItem\",\"position\":1,\"name\":\"Accueil\",\"item\":\"https:\/\/kapitalis.com\/tunisie\/\"},{\"@type\":\"ListItem\",\"position\":2,\"name\":\"Union Europ\u00e9enne-Tunisie : Impact de l&rsquo;Aleca sur le commerce et la production en Tunisie\"}]},{\"@type\":\"WebSite\",\"@id\":\"https:\/\/kapitalis.com\/tunisie\/#website\",\"url\":\"https:\/\/kapitalis.com\/tunisie\/\",\"name\":\"Kapitalis\",\"description\":\"L&#039;actualit\u00e9 en Tunisie et dans le monde\",\"publisher\":{\"@id\":\"https:\/\/kapitalis.com\/tunisie\/#organization\"},\"potentialAction\":[{\"@type\":\"SearchAction\",\"target\":{\"@type\":\"EntryPoint\",\"urlTemplate\":\"https:\/\/kapitalis.com\/tunisie\/?s={search_term_string}\"},\"query-input\":{\"@type\":\"PropertyValueSpecification\",\"valueRequired\":true,\"valueName\":\"search_term_string\"}}],\"inLanguage\":\"fr-FR\"},{\"@type\":\"Organization\",\"@id\":\"https:\/\/kapitalis.com\/tunisie\/#organization\",\"name\":\"Kapitalis\",\"url\":\"https:\/\/kapitalis.com\/tunisie\/\",\"logo\":{\"@type\":\"ImageObject\",\"inLanguage\":\"fr-FR\",\"@id\":\"https:\/\/kapitalis.com\/tunisie\/#\/schema\/logo\/image\/\",\"url\":\"https:\/\/kapitalis.com\/tunisie\/wp-content\/uploads\/2022\/05\/Kapitalis-big-size.png\",\"contentUrl\":\"https:\/\/kapitalis.com\/tunisie\/wp-content\/uploads\/2022\/05\/Kapitalis-big-size.png\",\"width\":5000,\"height\":1500,\"caption\":\"Kapitalis\"},\"image\":{\"@id\":\"https:\/\/kapitalis.com\/tunisie\/#\/schema\/logo\/image\/\"},\"sameAs\":[\"https:\/\/www.facebook.com\/KapitalisInfo\/\",\"https:\/\/x.com\/KapitalisInfo\",\"https:\/\/www.youtube.com\/channel\/UC-yDYrHyfFBWWZaOw3FPg9Q\"]},{\"@type\":\"Person\",\"@id\":\"https:\/\/kapitalis.com\/tunisie\/#\/schema\/person\/093913313d3017554cb3ad077fff3fbd\",\"name\":\"Amina Mkada\",\"url\":\"https:\/\/kapitalis.com\/tunisie\/author\/amina\/\"}]}<\/script>\n<!-- \/ Yoast SEO plugin. -->","yoast_head_json":{"title":"Union Europ\u00e9enne-Tunisie : Impact de l'Aleca sur le commerce et la production en Tunisie - Kapitalis","robots":{"index":"index","follow":"follow","max-snippet":"max-snippet:-1","max-image-preview":"max-image-preview:large","max-video-preview":"max-video-preview:-1"},"canonical":"https:\/\/kapitalis.com\/tunisie\/2019\/10\/17\/union-europeenne-tunisie-impact-de-laleca-sur-le-commerce-et-la-production-en-tunisie\/","og_locale":"fr_FR","og_type":"article","og_title":"Union Europ\u00e9enne-Tunisie : Impact de l'Aleca sur le commerce et la production en Tunisie - Kapitalis","og_description":"La Tunisie et l&rsquo;Union europ\u00e9enne (UE) ont n\u00e9goci\u00e9 en 2016 un \u00abAccord de libre-\u00e9change complet et approfondi\u00bb (Aleca). Le Forum euro-m\u00e9diterran\u00e9en des instituts de sciences \u00e9conomiques (Femise) analyse aujourd&rsquo;hui son impact sur le commerce et le production en Tunisie. Extraits. Synth\u00e8se et traduction de l&rsquo;anglais par Amina Mkada&nbsp;&nbsp;","og_url":"https:\/\/kapitalis.com\/tunisie\/2019\/10\/17\/union-europeenne-tunisie-impact-de-laleca-sur-le-commerce-et-la-production-en-tunisie\/","og_site_name":"Kapitalis","article_publisher":"https:\/\/www.facebook.com\/KapitalisInfo\/","article_published_time":"2019-10-17T08:48:31+00:00","article_modified_time":"2019-10-17T11:58:10+00:00","og_image":[{"width":1200,"height":630,"url":"https:\/\/kapitalis.com\/tunisie\/wp-content\/uploads\/2022\/05\/kapitalis-logo-fb.png","type":"image\/png"}],"author":"Amina Mkada","twitter_card":"summary_large_image","twitter_creator":"@KapitalisInfo","twitter_site":"@KapitalisInfo","twitter_misc":{"\u00c9crit par":"Amina Mkada","Dur\u00e9e de lecture estim\u00e9e":"4 minutes"},"schema":{"@context":"https:\/\/schema.org","@graph":[{"@type":"Article","@id":"https:\/\/kapitalis.com\/tunisie\/2019\/10\/17\/union-europeenne-tunisie-impact-de-laleca-sur-le-commerce-et-la-production-en-tunisie\/#article","isPartOf":{"@id":"https:\/\/kapitalis.com\/tunisie\/2019\/10\/17\/union-europeenne-tunisie-impact-de-laleca-sur-le-commerce-et-la-production-en-tunisie\/"},"author":{"name":"Amina Mkada","@id":"https:\/\/kapitalis.com\/tunisie\/#\/schema\/person\/093913313d3017554cb3ad077fff3fbd"},"headline":"Union Europ\u00e9enne-Tunisie : Impact de l&rsquo;Aleca sur le commerce et la production en Tunisie","datePublished":"2019-10-17T08:48:31+00:00","dateModified":"2019-10-17T11:58:10+00:00","mainEntityOfPage":{"@id":"https:\/\/kapitalis.com\/tunisie\/2019\/10\/17\/union-europeenne-tunisie-impact-de-laleca-sur-le-commerce-et-la-production-en-tunisie\/"},"wordCount":809,"commentCount":2,"publisher":{"@id":"https:\/\/kapitalis.com\/tunisie\/#organization"},"image":{"@id":"https:\/\/kapitalis.com\/tunisie\/2019\/10\/17\/union-europeenne-tunisie-impact-de-laleca-sur-le-commerce-et-la-production-en-tunisie\/#primaryimage"},"thumbnailUrl":"","keywords":["Aleca"],"articleSection":["A LA UNE","ECONOMIE","Tunisie"],"inLanguage":"fr-FR","potentialAction":[{"@type":"CommentAction","name":"Comment","target":["https:\/\/kapitalis.com\/tunisie\/2019\/10\/17\/union-europeenne-tunisie-impact-de-laleca-sur-le-commerce-et-la-production-en-tunisie\/#respond"]}]},{"@type":"WebPage","@id":"https:\/\/kapitalis.com\/tunisie\/2019\/10\/17\/union-europeenne-tunisie-impact-de-laleca-sur-le-commerce-et-la-production-en-tunisie\/","url":"https:\/\/kapitalis.com\/tunisie\/2019\/10\/17\/union-europeenne-tunisie-impact-de-laleca-sur-le-commerce-et-la-production-en-tunisie\/","name":"Union Europ\u00e9enne-Tunisie : Impact de l'Aleca sur le commerce et la production en Tunisie - Kapitalis","isPartOf":{"@id":"https:\/\/kapitalis.com\/tunisie\/#website"},"primaryImageOfPage":{"@id":"https:\/\/kapitalis.com\/tunisie\/2019\/10\/17\/union-europeenne-tunisie-impact-de-laleca-sur-le-commerce-et-la-production-en-tunisie\/#primaryimage"},"image":{"@id":"https:\/\/kapitalis.com\/tunisie\/2019\/10\/17\/union-europeenne-tunisie-impact-de-laleca-sur-le-commerce-et-la-production-en-tunisie\/#primaryimage"},"thumbnailUrl":"","datePublished":"2019-10-17T08:48:31+00:00","dateModified":"2019-10-17T11:58:10+00:00","breadcrumb":{"@id":"https:\/\/kapitalis.com\/tunisie\/2019\/10\/17\/union-europeenne-tunisie-impact-de-laleca-sur-le-commerce-et-la-production-en-tunisie\/#breadcrumb"},"inLanguage":"fr-FR","potentialAction":[{"@type":"ReadAction","target":["https:\/\/kapitalis.com\/tunisie\/2019\/10\/17\/union-europeenne-tunisie-impact-de-laleca-sur-le-commerce-et-la-production-en-tunisie\/"]}]},{"@type":"ImageObject","inLanguage":"fr-FR","@id":"https:\/\/kapitalis.com\/tunisie\/2019\/10\/17\/union-europeenne-tunisie-impact-de-laleca-sur-le-commerce-et-la-production-en-tunisie\/#primaryimage","url":"","contentUrl":""},{"@type":"BreadcrumbList","@id":"https:\/\/kapitalis.com\/tunisie\/2019\/10\/17\/union-europeenne-tunisie-impact-de-laleca-sur-le-commerce-et-la-production-en-tunisie\/#breadcrumb","itemListElement":[{"@type":"ListItem","position":1,"name":"Accueil","item":"https:\/\/kapitalis.com\/tunisie\/"},{"@type":"ListItem","position":2,"name":"Union Europ\u00e9enne-Tunisie : Impact de l&rsquo;Aleca sur le commerce et la production en Tunisie"}]},{"@type":"WebSite","@id":"https:\/\/kapitalis.com\/tunisie\/#website","url":"https:\/\/kapitalis.com\/tunisie\/","name":"Kapitalis","description":"L&#039;actualit\u00e9 en Tunisie et dans le monde","publisher":{"@id":"https:\/\/kapitalis.com\/tunisie\/#organization"},"potentialAction":[{"@type":"SearchAction","target":{"@type":"EntryPoint","urlTemplate":"https:\/\/kapitalis.com\/tunisie\/?s={search_term_string}"},"query-input":{"@type":"PropertyValueSpecification","valueRequired":true,"valueName":"search_term_string"}}],"inLanguage":"fr-FR"},{"@type":"Organization","@id":"https:\/\/kapitalis.com\/tunisie\/#organization","name":"Kapitalis","url":"https:\/\/kapitalis.com\/tunisie\/","logo":{"@type":"ImageObject","inLanguage":"fr-FR","@id":"https:\/\/kapitalis.com\/tunisie\/#\/schema\/logo\/image\/","url":"https:\/\/kapitalis.com\/tunisie\/wp-content\/uploads\/2022\/05\/Kapitalis-big-size.png","contentUrl":"https:\/\/kapitalis.com\/tunisie\/wp-content\/uploads\/2022\/05\/Kapitalis-big-size.png","width":5000,"height":1500,"caption":"Kapitalis"},"image":{"@id":"https:\/\/kapitalis.com\/tunisie\/#\/schema\/logo\/image\/"},"sameAs":["https:\/\/www.facebook.com\/KapitalisInfo\/","https:\/\/x.com\/KapitalisInfo","https:\/\/www.youtube.com\/channel\/UC-yDYrHyfFBWWZaOw3FPg9Q"]},{"@type":"Person","@id":"https:\/\/kapitalis.com\/tunisie\/#\/schema\/person\/093913313d3017554cb3ad077fff3fbd","name":"Amina Mkada","url":"https:\/\/kapitalis.com\/tunisie\/author\/amina\/"}]}},"_links":{"self":[{"href":"https:\/\/kapitalis.com\/tunisie\/wp-json\/wp\/v2\/posts\/247516","targetHints":{"allow":["GET"]}}],"collection":[{"href":"https:\/\/kapitalis.com\/tunisie\/wp-json\/wp\/v2\/posts"}],"about":[{"href":"https:\/\/kapitalis.com\/tunisie\/wp-json\/wp\/v2\/types\/post"}],"author":[{"embeddable":true,"href":"https:\/\/kapitalis.com\/tunisie\/wp-json\/wp\/v2\/users\/22"}],"replies":[{"embeddable":true,"href":"https:\/\/kapitalis.com\/tunisie\/wp-json\/wp\/v2\/comments?post=247516"}],"version-history":[{"count":0,"href":"https:\/\/kapitalis.com\/tunisie\/wp-json\/wp\/v2\/posts\/247516\/revisions"}],"wp:featuredmedia":[{"embeddable":true,"href":"https:\/\/kapitalis.com\/tunisie\/wp-json\/wp\/v2\/media\/247594"}],"wp:attachment":[{"href":"https:\/\/kapitalis.com\/tunisie\/wp-json\/wp\/v2\/media?parent=247516"}],"wp:term":[{"taxonomy":"category","embeddable":true,"href":"https:\/\/kapitalis.com\/tunisie\/wp-json\/wp\/v2\/categories?post=247516"},{"taxonomy":"post_tag","embeddable":true,"href":"https:\/\/kapitalis.com\/tunisie\/wp-json\/wp\/v2\/tags?post=247516"}],"curies":[{"name":"wp","href":"https:\/\/api.w.org\/{rel}","templated":true}]}}