{"id":247684,"date":"2019-10-16T19:06:31","date_gmt":"2019-10-16T18:06:31","guid":{"rendered":"http:\/\/kapitalis.com\/tunisie\/?p=247684"},"modified":"2019-10-17T07:34:44","modified_gmt":"2019-10-17T06:34:44","slug":"officiel-nabil-karoui-ne-fera-pas-recours-aux-resultats-de-la-presidentielle","status":"publish","type":"post","link":"https:\/\/kapitalis.com\/tunisie\/2019\/10\/16\/officiel-nabil-karoui-ne-fera-pas-recours-aux-resultats-de-la-presidentielle\/","title":{"rendered":"Officiel : Nabil Karoui ne fera pas recours aux r\u00e9sultats de la pr\u00e9sidentielle"},"content":{"rendered":"\n<figure class=\"wp-block-image\"><img decoding=\"async\" src=\"http:\/\/kapitalis.com\/tunisie\/wp-content\/uploads\/2019\/10\/Qalb-Tounes-Karoui-r\u00e9union.jpg\" alt=\"\" class=\"wp-image-247692\"\/><figcaption><em>R\u00e9union du bureau politique de Qalb Tounes, aujourd&rsquo;hui, mercredi 16 octobre 2019.<\/em><\/figcaption><\/figure>\n\n\n\n<p><em><strong>Nabil Karoui, pr\u00e9sident du parti Qalb Tounes, n&rsquo;intentera pas de recours aux r\u00e9sultats pr\u00e9liminaires de la pr\u00e9sidentielle. Ka\u00efs Sa\u00efed vainqueur de cette \u00e9lection avec 72,71% pourra prendre bient\u00f4t ses fonction de pr\u00e9sident de la r\u00e9publique, le 7e de la Tunisie et le 2e d\u00e9mocratiquement \u00e9lu. <\/strong><\/em><\/p>\n\n\n\n<!--more-->\n\n\n\n<p>Cette annonce a \u00e9t\u00e9 faite dans un communiqu\u00e9 publi\u00e9 cet apr\u00e8s-midi, mercredi 16 octobre 2019, suite \u00e0 la r\u00e9union du bureau politique de Qalb Tounes, pr\u00e9sid\u00e9e par Nabil Karoui. <\/p>\n\n\n\n<p>Le parti indique avoir pr\u00e9f\u00e9r\u00e9 ne pas intenter de recours <em>\u00abafin d\u2019\u00e9viter une perte du temps au pays, de permettre au pr\u00e9sident \u00e9lu de prendre ses fonctions dans les meilleurs d\u00e9lais et au parti vainqueur des l\u00e9gislatives de former le gouvernement<\/em>\u00bb, par allusion \u00e0 Ennahdha.<\/p>\n\n\n\n<p>Dans le communiqu\u00e9 publi\u00e9 \u00e0 cette occasion, Nabil Karoui, qui a r\u00e9it\u00e9r\u00e9 ses f\u00e9licitations \u00e0 Ka\u00efs Sa\u00efed, en lui souhaitant de r\u00e9ussir sa nouvelle mission \u00e0 la t\u00eate de l\u2019Etat, a affirm\u00e9 que le bloc parlementaire de son parti (arriv\u00e9 2e aux l\u00e9gislatives avec 38 si\u00e8ges) d\u00e9fendra les int\u00e9r\u00eats sup\u00e9rieurs de l\u2019Etat.<\/p>\n\n\n\n<p>On notera au passage, qu&rsquo;au lendemain de la victoire de Ka\u00efs Sa\u00efed, Farouk Bouasker, membre du bureau de l&rsquo;Instance sup\u00e9rieure ind\u00e9pendante pour les \u00e9lections (Isie), avait assur\u00e9 qu&rsquo;un \u00e9ventuel recours aux r\u00e9sultats pr\u00e9liminaires manquerait de fondement juridique, compte tenu de l&rsquo;\u00e9cart entre les scores des 2 candidats. <\/p>\n\n\n\n<p>Le candidat ind\u00e9pendant, Ka\u00efs Sa\u00efed a \u00e9t\u00e9 \u00e9lu avec 72, 71% et Nabil Karoui n&rsquo;a obtenu que 27,29% des voix. En d&rsquo;autres termes si Qalb Tounes avait intent\u00e9 un recours, il aurait \u00e9t\u00e9 rejet\u00e9 par le tribunal administratif&#8230;<\/p>\n\n\n\n<p style=\"text-align:right\"><strong>Y. N.<\/strong><\/p>\n\n\n\n<figure class=\"wp-block-embed-wordpress wp-block-embed is-type-wp-embed is-provider-kapitalis\"><div class=\"wp-block-embed__wrapper\">\n<blockquote class=\"wp-embedded-content\" data-secret=\"aRCgZoulfP\"><a href=\"https:\/\/kapitalis.com\/tunisie\/2019\/10\/14\/le-possible-recours-aux-resultats-preliminaires-de-la-presidentielle-manquerait-de-fondements-juridiques-selon-farouk-bouaskar\/\">Le possible recours aux r\u00e9sultats pr\u00e9liminaires de la pr\u00e9sidentielle manquerait de fondements juridiques, selon Farouk Bouaskar<\/a><\/blockquote><iframe loading=\"lazy\" class=\"wp-embedded-content\" sandbox=\"allow-scripts\" security=\"restricted\" style=\"position: absolute; clip: rect(1px, 1px, 1px, 1px);\" title=\"\u00ab\u00a0Le possible recours aux r\u00e9sultats pr\u00e9liminaires de la pr\u00e9sidentielle manquerait de fondements juridiques, selon Farouk Bouaskar\u00a0\u00bb &#8212; Kapitalis\" src=\"https:\/\/kapitalis.com\/tunisie\/2019\/10\/14\/le-possible-recours-aux-resultats-preliminaires-de-la-presidentielle-manquerait-de-fondements-juridiques-selon-farouk-bouaskar\/embed\/#?secret=lYpBxm9VAv#?secret=aRCgZoulfP\" data-secret=\"aRCgZoulfP\" width=\"600\" height=\"338\" frameborder=\"0\" marginwidth=\"0\" marginheight=\"0\" scrolling=\"no\"><\/iframe>\n<\/div><\/figure>\n\n\n\n<figure class=\"wp-block-embed-wordpress wp-block-embed is-type-wp-embed is-provider-kapitalis\"><div class=\"wp-block-embed__wrapper\">\n<blockquote class=\"wp-embedded-content\" data-secret=\"dVCBF1LuJr\"><a href=\"https:\/\/kapitalis.com\/tunisie\/2019\/10\/14\/presidentielle-lisie-annonce-kais-saied-vainqueur-avec-7271-contre-2729-pour-nabil-karoui\/\">Pr\u00e9sidentielle : L&rsquo;Isie annonce Kais Sa\u00efed vainqueur avec 72,71% contre 27,29% pour Nabil Karoui<\/a><\/blockquote><iframe loading=\"lazy\" class=\"wp-embedded-content\" sandbox=\"allow-scripts\" security=\"restricted\" style=\"position: absolute; clip: rect(1px, 1px, 1px, 1px);\" title=\"\u00ab\u00a0Pr\u00e9sidentielle : L&rsquo;Isie annonce Kais Sa\u00efed vainqueur avec 72,71% contre 27,29% pour Nabil Karoui\u00a0\u00bb &#8212; Kapitalis\" src=\"https:\/\/kapitalis.com\/tunisie\/2019\/10\/14\/presidentielle-lisie-annonce-kais-saied-vainqueur-avec-7271-contre-2729-pour-nabil-karoui\/embed\/#?secret=o3lU0KHXUG#?secret=dVCBF1LuJr\" data-secret=\"dVCBF1LuJr\" width=\"600\" height=\"338\" frameborder=\"0\" marginwidth=\"0\" marginheight=\"0\" scrolling=\"no\"><\/iframe>\n<\/div><\/figure>\n","protected":false},"excerpt":{"rendered":"<p>Nabil Karoui, pr\u00e9sident du parti Qalb Tounes, n&rsquo;intentera pas de recours aux r\u00e9sultats pr\u00e9liminaires de la pr\u00e9sidentielle. Ka\u00efs Sa\u00efed vainqueur de cette \u00e9lection avec 72,71% pourra prendre bient\u00f4t ses fonction de pr\u00e9sident de la r\u00e9publique, le 7e de la Tunisie et le 2e d\u00e9mocratiquement \u00e9lu.<\/p>\n","protected":false},"author":6,"featured_media":247692,"comment_status":"open","ping_status":"open","sticky":false,"template":"","format":"standard","meta":{"footnotes":""},"categories":[997,2433],"tags":[313,499,12235,651,4797,61989,11381,62643],"class_list":["post-247684","post","type-post","status-publish","format-standard","has-post-thumbnail","hentry","category-politique","category-tunisie","tag-elections","tag-isie","tag-kais-saied","tag-nabil-karoui","tag-presidentielle","tag-qalb-tounes","tag-recours","tag-tunisie"],"yoast_head":"<!-- This site is optimized with the Yoast SEO plugin v26.6 - https:\/\/yoast.com\/wordpress\/plugins\/seo\/ -->\n<title>Officiel : Nabil Karoui ne fera pas recours aux r\u00e9sultats de la pr\u00e9sidentielle - Kapitalis<\/title>\n<meta name=\"robots\" content=\"index, follow, max-snippet:-1, max-image-preview:large, max-video-preview:-1\" \/>\n<link rel=\"canonical\" href=\"https:\/\/kapitalis.com\/tunisie\/2019\/10\/16\/officiel-nabil-karoui-ne-fera-pas-recours-aux-resultats-de-la-presidentielle\/\" \/>\n<meta property=\"og:locale\" content=\"fr_FR\" \/>\n<meta property=\"og:type\" content=\"article\" \/>\n<meta property=\"og:title\" content=\"Officiel : Nabil Karoui ne fera pas recours aux r\u00e9sultats de la pr\u00e9sidentielle - Kapitalis\" \/>\n<meta property=\"og:description\" content=\"Nabil Karoui, pr\u00e9sident du parti Qalb Tounes, n&rsquo;intentera pas de recours aux r\u00e9sultats pr\u00e9liminaires de la pr\u00e9sidentielle. Ka\u00efs Sa\u00efed vainqueur de cette \u00e9lection avec 72,71% pourra prendre bient\u00f4t ses fonction de pr\u00e9sident de la r\u00e9publique, le 7e de la Tunisie et le 2e d\u00e9mocratiquement \u00e9lu.\" \/>\n<meta property=\"og:url\" content=\"https:\/\/kapitalis.com\/tunisie\/2019\/10\/16\/officiel-nabil-karoui-ne-fera-pas-recours-aux-resultats-de-la-presidentielle\/\" \/>\n<meta property=\"og:site_name\" content=\"Kapitalis\" \/>\n<meta property=\"article:publisher\" content=\"https:\/\/www.facebook.com\/KapitalisInfo\/\" \/>\n<meta property=\"article:published_time\" content=\"2019-10-16T18:06:31+00:00\" \/>\n<meta property=\"article:modified_time\" content=\"2019-10-17T06:34:44+00:00\" \/>\n<meta property=\"og:image\" content=\"https:\/\/kapitalis.com\/tunisie\/wp-content\/uploads\/2022\/05\/kapitalis-logo-fb.png\" \/>\n\t<meta property=\"og:image:width\" content=\"1200\" \/>\n\t<meta property=\"og:image:height\" content=\"630\" \/>\n\t<meta property=\"og:image:type\" content=\"image\/png\" \/>\n<meta name=\"author\" content=\"Yusra NY\" \/>\n<meta name=\"twitter:card\" content=\"summary_large_image\" \/>\n<meta name=\"twitter:creator\" content=\"@KapitalisInfo\" \/>\n<meta name=\"twitter:site\" content=\"@KapitalisInfo\" \/>\n<meta name=\"twitter:label1\" content=\"\u00c9crit par\" \/>\n\t<meta name=\"twitter:data1\" content=\"Yusra NY\" \/>\n\t<meta name=\"twitter:label2\" content=\"Dur\u00e9e de lecture estim\u00e9e\" \/>\n\t<meta name=\"twitter:data2\" content=\"2 minutes\" \/>\n<script type=\"application\/ld+json\" class=\"yoast-schema-graph\">{\"@context\":\"https:\/\/schema.org\",\"@graph\":[{\"@type\":\"Article\",\"@id\":\"https:\/\/kapitalis.com\/tunisie\/2019\/10\/16\/officiel-nabil-karoui-ne-fera-pas-recours-aux-resultats-de-la-presidentielle\/#article\",\"isPartOf\":{\"@id\":\"https:\/\/kapitalis.com\/tunisie\/2019\/10\/16\/officiel-nabil-karoui-ne-fera-pas-recours-aux-resultats-de-la-presidentielle\/\"},\"author\":{\"name\":\"Yusra NY\",\"@id\":\"https:\/\/kapitalis.com\/tunisie\/#\/schema\/person\/74bbde0154d49d790a92aaeac5bc01d5\"},\"headline\":\"Officiel : Nabil Karoui ne fera pas recours aux r\u00e9sultats de la pr\u00e9sidentielle\",\"datePublished\":\"2019-10-16T18:06:31+00:00\",\"dateModified\":\"2019-10-17T06:34:44+00:00\",\"mainEntityOfPage\":{\"@id\":\"https:\/\/kapitalis.com\/tunisie\/2019\/10\/16\/officiel-nabil-karoui-ne-fera-pas-recours-aux-resultats-de-la-presidentielle\/\"},\"wordCount\":327,\"commentCount\":0,\"publisher\":{\"@id\":\"https:\/\/kapitalis.com\/tunisie\/#organization\"},\"image\":{\"@id\":\"https:\/\/kapitalis.com\/tunisie\/2019\/10\/16\/officiel-nabil-karoui-ne-fera-pas-recours-aux-resultats-de-la-presidentielle\/#primaryimage\"},\"thumbnailUrl\":\"\",\"keywords\":[\"\u00e9lections\",\"Isie\",\"Ka\u00efs Saied\",\"Nabil Karoui\",\"pr\u00e9sidentielle\",\"Qalb Tounes\",\"recours\",\"Tunisie\"],\"articleSection\":[\"POLITIQUE\",\"Tunisie\"],\"inLanguage\":\"fr-FR\",\"potentialAction\":[{\"@type\":\"CommentAction\",\"name\":\"Comment\",\"target\":[\"https:\/\/kapitalis.com\/tunisie\/2019\/10\/16\/officiel-nabil-karoui-ne-fera-pas-recours-aux-resultats-de-la-presidentielle\/#respond\"]}]},{\"@type\":\"WebPage\",\"@id\":\"https:\/\/kapitalis.com\/tunisie\/2019\/10\/16\/officiel-nabil-karoui-ne-fera-pas-recours-aux-resultats-de-la-presidentielle\/\",\"url\":\"https:\/\/kapitalis.com\/tunisie\/2019\/10\/16\/officiel-nabil-karoui-ne-fera-pas-recours-aux-resultats-de-la-presidentielle\/\",\"name\":\"Officiel : Nabil Karoui ne fera pas recours aux r\u00e9sultats de la pr\u00e9sidentielle - Kapitalis\",\"isPartOf\":{\"@id\":\"https:\/\/kapitalis.com\/tunisie\/#website\"},\"primaryImageOfPage\":{\"@id\":\"https:\/\/kapitalis.com\/tunisie\/2019\/10\/16\/officiel-nabil-karoui-ne-fera-pas-recours-aux-resultats-de-la-presidentielle\/#primaryimage\"},\"image\":{\"@id\":\"https:\/\/kapitalis.com\/tunisie\/2019\/10\/16\/officiel-nabil-karoui-ne-fera-pas-recours-aux-resultats-de-la-presidentielle\/#primaryimage\"},\"thumbnailUrl\":\"\",\"datePublished\":\"2019-10-16T18:06:31+00:00\",\"dateModified\":\"2019-10-17T06:34:44+00:00\",\"breadcrumb\":{\"@id\":\"https:\/\/kapitalis.com\/tunisie\/2019\/10\/16\/officiel-nabil-karoui-ne-fera-pas-recours-aux-resultats-de-la-presidentielle\/#breadcrumb\"},\"inLanguage\":\"fr-FR\",\"potentialAction\":[{\"@type\":\"ReadAction\",\"target\":[\"https:\/\/kapitalis.com\/tunisie\/2019\/10\/16\/officiel-nabil-karoui-ne-fera-pas-recours-aux-resultats-de-la-presidentielle\/\"]}]},{\"@type\":\"ImageObject\",\"inLanguage\":\"fr-FR\",\"@id\":\"https:\/\/kapitalis.com\/tunisie\/2019\/10\/16\/officiel-nabil-karoui-ne-fera-pas-recours-aux-resultats-de-la-presidentielle\/#primaryimage\",\"url\":\"\",\"contentUrl\":\"\"},{\"@type\":\"BreadcrumbList\",\"@id\":\"https:\/\/kapitalis.com\/tunisie\/2019\/10\/16\/officiel-nabil-karoui-ne-fera-pas-recours-aux-resultats-de-la-presidentielle\/#breadcrumb\",\"itemListElement\":[{\"@type\":\"ListItem\",\"position\":1,\"name\":\"Accueil\",\"item\":\"https:\/\/kapitalis.com\/tunisie\/\"},{\"@type\":\"ListItem\",\"position\":2,\"name\":\"Officiel : Nabil Karoui ne fera pas recours aux r\u00e9sultats de la pr\u00e9sidentielle\"}]},{\"@type\":\"WebSite\",\"@id\":\"https:\/\/kapitalis.com\/tunisie\/#website\",\"url\":\"https:\/\/kapitalis.com\/tunisie\/\",\"name\":\"Kapitalis\",\"description\":\"L&#039;actualit\u00e9 en Tunisie et dans le monde\",\"publisher\":{\"@id\":\"https:\/\/kapitalis.com\/tunisie\/#organization\"},\"potentialAction\":[{\"@type\":\"SearchAction\",\"target\":{\"@type\":\"EntryPoint\",\"urlTemplate\":\"https:\/\/kapitalis.com\/tunisie\/?s={search_term_string}\"},\"query-input\":{\"@type\":\"PropertyValueSpecification\",\"valueRequired\":true,\"valueName\":\"search_term_string\"}}],\"inLanguage\":\"fr-FR\"},{\"@type\":\"Organization\",\"@id\":\"https:\/\/kapitalis.com\/tunisie\/#organization\",\"name\":\"Kapitalis\",\"url\":\"https:\/\/kapitalis.com\/tunisie\/\",\"logo\":{\"@type\":\"ImageObject\",\"inLanguage\":\"fr-FR\",\"@id\":\"https:\/\/kapitalis.com\/tunisie\/#\/schema\/logo\/image\/\",\"url\":\"https:\/\/kapitalis.com\/tunisie\/wp-content\/uploads\/2022\/05\/Kapitalis-big-size.png\",\"contentUrl\":\"https:\/\/kapitalis.com\/tunisie\/wp-content\/uploads\/2022\/05\/Kapitalis-big-size.png\",\"width\":5000,\"height\":1500,\"caption\":\"Kapitalis\"},\"image\":{\"@id\":\"https:\/\/kapitalis.com\/tunisie\/#\/schema\/logo\/image\/\"},\"sameAs\":[\"https:\/\/www.facebook.com\/KapitalisInfo\/\",\"https:\/\/x.com\/KapitalisInfo\",\"https:\/\/www.youtube.com\/channel\/UC-yDYrHyfFBWWZaOw3FPg9Q\"]},{\"@type\":\"Person\",\"@id\":\"https:\/\/kapitalis.com\/tunisie\/#\/schema\/person\/74bbde0154d49d790a92aaeac5bc01d5\",\"name\":\"Yusra NY\",\"url\":\"https:\/\/kapitalis.com\/tunisie\/author\/yuza_adam\/\"}]}<\/script>\n<!-- \/ Yoast SEO plugin. -->","yoast_head_json":{"title":"Officiel : Nabil Karoui ne fera pas recours aux r\u00e9sultats de la pr\u00e9sidentielle - Kapitalis","robots":{"index":"index","follow":"follow","max-snippet":"max-snippet:-1","max-image-preview":"max-image-preview:large","max-video-preview":"max-video-preview:-1"},"canonical":"https:\/\/kapitalis.com\/tunisie\/2019\/10\/16\/officiel-nabil-karoui-ne-fera-pas-recours-aux-resultats-de-la-presidentielle\/","og_locale":"fr_FR","og_type":"article","og_title":"Officiel : Nabil Karoui ne fera pas recours aux r\u00e9sultats de la pr\u00e9sidentielle - Kapitalis","og_description":"Nabil Karoui, pr\u00e9sident du parti Qalb Tounes, n&rsquo;intentera pas de recours aux r\u00e9sultats pr\u00e9liminaires de la pr\u00e9sidentielle. Ka\u00efs Sa\u00efed vainqueur de cette \u00e9lection avec 72,71% pourra prendre bient\u00f4t ses fonction de pr\u00e9sident de la r\u00e9publique, le 7e de la Tunisie et le 2e d\u00e9mocratiquement \u00e9lu.","og_url":"https:\/\/kapitalis.com\/tunisie\/2019\/10\/16\/officiel-nabil-karoui-ne-fera-pas-recours-aux-resultats-de-la-presidentielle\/","og_site_name":"Kapitalis","article_publisher":"https:\/\/www.facebook.com\/KapitalisInfo\/","article_published_time":"2019-10-16T18:06:31+00:00","article_modified_time":"2019-10-17T06:34:44+00:00","og_image":[{"width":1200,"height":630,"url":"https:\/\/kapitalis.com\/tunisie\/wp-content\/uploads\/2022\/05\/kapitalis-logo-fb.png","type":"image\/png"}],"author":"Yusra NY","twitter_card":"summary_large_image","twitter_creator":"@KapitalisInfo","twitter_site":"@KapitalisInfo","twitter_misc":{"\u00c9crit par":"Yusra NY","Dur\u00e9e de lecture estim\u00e9e":"2 minutes"},"schema":{"@context":"https:\/\/schema.org","@graph":[{"@type":"Article","@id":"https:\/\/kapitalis.com\/tunisie\/2019\/10\/16\/officiel-nabil-karoui-ne-fera-pas-recours-aux-resultats-de-la-presidentielle\/#article","isPartOf":{"@id":"https:\/\/kapitalis.com\/tunisie\/2019\/10\/16\/officiel-nabil-karoui-ne-fera-pas-recours-aux-resultats-de-la-presidentielle\/"},"author":{"name":"Yusra NY","@id":"https:\/\/kapitalis.com\/tunisie\/#\/schema\/person\/74bbde0154d49d790a92aaeac5bc01d5"},"headline":"Officiel : Nabil Karoui ne fera pas recours aux r\u00e9sultats de la pr\u00e9sidentielle","datePublished":"2019-10-16T18:06:31+00:00","dateModified":"2019-10-17T06:34:44+00:00","mainEntityOfPage":{"@id":"https:\/\/kapitalis.com\/tunisie\/2019\/10\/16\/officiel-nabil-karoui-ne-fera-pas-recours-aux-resultats-de-la-presidentielle\/"},"wordCount":327,"commentCount":0,"publisher":{"@id":"https:\/\/kapitalis.com\/tunisie\/#organization"},"image":{"@id":"https:\/\/kapitalis.com\/tunisie\/2019\/10\/16\/officiel-nabil-karoui-ne-fera-pas-recours-aux-resultats-de-la-presidentielle\/#primaryimage"},"thumbnailUrl":"","keywords":["\u00e9lections","Isie","Ka\u00efs Saied","Nabil Karoui","pr\u00e9sidentielle","Qalb Tounes","recours","Tunisie"],"articleSection":["POLITIQUE","Tunisie"],"inLanguage":"fr-FR","potentialAction":[{"@type":"CommentAction","name":"Comment","target":["https:\/\/kapitalis.com\/tunisie\/2019\/10\/16\/officiel-nabil-karoui-ne-fera-pas-recours-aux-resultats-de-la-presidentielle\/#respond"]}]},{"@type":"WebPage","@id":"https:\/\/kapitalis.com\/tunisie\/2019\/10\/16\/officiel-nabil-karoui-ne-fera-pas-recours-aux-resultats-de-la-presidentielle\/","url":"https:\/\/kapitalis.com\/tunisie\/2019\/10\/16\/officiel-nabil-karoui-ne-fera-pas-recours-aux-resultats-de-la-presidentielle\/","name":"Officiel : Nabil Karoui ne fera pas recours aux r\u00e9sultats de la pr\u00e9sidentielle - Kapitalis","isPartOf":{"@id":"https:\/\/kapitalis.com\/tunisie\/#website"},"primaryImageOfPage":{"@id":"https:\/\/kapitalis.com\/tunisie\/2019\/10\/16\/officiel-nabil-karoui-ne-fera-pas-recours-aux-resultats-de-la-presidentielle\/#primaryimage"},"image":{"@id":"https:\/\/kapitalis.com\/tunisie\/2019\/10\/16\/officiel-nabil-karoui-ne-fera-pas-recours-aux-resultats-de-la-presidentielle\/#primaryimage"},"thumbnailUrl":"","datePublished":"2019-10-16T18:06:31+00:00","dateModified":"2019-10-17T06:34:44+00:00","breadcrumb":{"@id":"https:\/\/kapitalis.com\/tunisie\/2019\/10\/16\/officiel-nabil-karoui-ne-fera-pas-recours-aux-resultats-de-la-presidentielle\/#breadcrumb"},"inLanguage":"fr-FR","potentialAction":[{"@type":"ReadAction","target":["https:\/\/kapitalis.com\/tunisie\/2019\/10\/16\/officiel-nabil-karoui-ne-fera-pas-recours-aux-resultats-de-la-presidentielle\/"]}]},{"@type":"ImageObject","inLanguage":"fr-FR","@id":"https:\/\/kapitalis.com\/tunisie\/2019\/10\/16\/officiel-nabil-karoui-ne-fera-pas-recours-aux-resultats-de-la-presidentielle\/#primaryimage","url":"","contentUrl":""},{"@type":"BreadcrumbList","@id":"https:\/\/kapitalis.com\/tunisie\/2019\/10\/16\/officiel-nabil-karoui-ne-fera-pas-recours-aux-resultats-de-la-presidentielle\/#breadcrumb","itemListElement":[{"@type":"ListItem","position":1,"name":"Accueil","item":"https:\/\/kapitalis.com\/tunisie\/"},{"@type":"ListItem","position":2,"name":"Officiel : Nabil Karoui ne fera pas recours aux r\u00e9sultats de la pr\u00e9sidentielle"}]},{"@type":"WebSite","@id":"https:\/\/kapitalis.com\/tunisie\/#website","url":"https:\/\/kapitalis.com\/tunisie\/","name":"Kapitalis","description":"L&#039;actualit\u00e9 en Tunisie et dans le monde","publisher":{"@id":"https:\/\/kapitalis.com\/tunisie\/#organization"},"potentialAction":[{"@type":"SearchAction","target":{"@type":"EntryPoint","urlTemplate":"https:\/\/kapitalis.com\/tunisie\/?s={search_term_string}"},"query-input":{"@type":"PropertyValueSpecification","valueRequired":true,"valueName":"search_term_string"}}],"inLanguage":"fr-FR"},{"@type":"Organization","@id":"https:\/\/kapitalis.com\/tunisie\/#organization","name":"Kapitalis","url":"https:\/\/kapitalis.com\/tunisie\/","logo":{"@type":"ImageObject","inLanguage":"fr-FR","@id":"https:\/\/kapitalis.com\/tunisie\/#\/schema\/logo\/image\/","url":"https:\/\/kapitalis.com\/tunisie\/wp-content\/uploads\/2022\/05\/Kapitalis-big-size.png","contentUrl":"https:\/\/kapitalis.com\/tunisie\/wp-content\/uploads\/2022\/05\/Kapitalis-big-size.png","width":5000,"height":1500,"caption":"Kapitalis"},"image":{"@id":"https:\/\/kapitalis.com\/tunisie\/#\/schema\/logo\/image\/"},"sameAs":["https:\/\/www.facebook.com\/KapitalisInfo\/","https:\/\/x.com\/KapitalisInfo","https:\/\/www.youtube.com\/channel\/UC-yDYrHyfFBWWZaOw3FPg9Q"]},{"@type":"Person","@id":"https:\/\/kapitalis.com\/tunisie\/#\/schema\/person\/74bbde0154d49d790a92aaeac5bc01d5","name":"Yusra NY","url":"https:\/\/kapitalis.com\/tunisie\/author\/yuza_adam\/"}]}},"_links":{"self":[{"href":"https:\/\/kapitalis.com\/tunisie\/wp-json\/wp\/v2\/posts\/247684","targetHints":{"allow":["GET"]}}],"collection":[{"href":"https:\/\/kapitalis.com\/tunisie\/wp-json\/wp\/v2\/posts"}],"about":[{"href":"https:\/\/kapitalis.com\/tunisie\/wp-json\/wp\/v2\/types\/post"}],"author":[{"embeddable":true,"href":"https:\/\/kapitalis.com\/tunisie\/wp-json\/wp\/v2\/users\/6"}],"replies":[{"embeddable":true,"href":"https:\/\/kapitalis.com\/tunisie\/wp-json\/wp\/v2\/comments?post=247684"}],"version-history":[{"count":0,"href":"https:\/\/kapitalis.com\/tunisie\/wp-json\/wp\/v2\/posts\/247684\/revisions"}],"wp:featuredmedia":[{"embeddable":true,"href":"https:\/\/kapitalis.com\/tunisie\/wp-json\/wp\/v2\/media\/247692"}],"wp:attachment":[{"href":"https:\/\/kapitalis.com\/tunisie\/wp-json\/wp\/v2\/media?parent=247684"}],"wp:term":[{"taxonomy":"category","embeddable":true,"href":"https:\/\/kapitalis.com\/tunisie\/wp-json\/wp\/v2\/categories?post=247684"},{"taxonomy":"post_tag","embeddable":true,"href":"https:\/\/kapitalis.com\/tunisie\/wp-json\/wp\/v2\/tags?post=247684"}],"curies":[{"name":"wp","href":"https:\/\/api.w.org\/{rel}","templated":true}]}}