{"id":247774,"date":"2019-10-17T11:27:30","date_gmt":"2019-10-17T10:27:30","guid":{"rendered":"http:\/\/kapitalis.com\/tunisie\/?p=247774"},"modified":"2019-10-17T13:15:56","modified_gmt":"2019-10-17T12:15:56","slug":"hend-sabri-brille-de-nouveau-a-linternational-et-recoit-un-hommage-au-festival-saint-jean-de-luz","status":"publish","type":"post","link":"https:\/\/kapitalis.com\/tunisie\/2019\/10\/17\/hend-sabri-brille-de-nouveau-a-linternational-et-recoit-un-hommage-au-festival-saint-jean-de-luz\/","title":{"rendered":"Hend Sabri brille de nouveau \u00e0 l&rsquo;international, et re\u00e7oit un hommage au festival Saint-Jean-de-Luz"},"content":{"rendered":"\n<figure class=\"wp-block-image\"><img decoding=\"async\" src=\"http:\/\/kapitalis.com\/tunisie\/wp-content\/uploads\/2019\/10\/hend-sabri-lotfi-abdelli-Hinde-Boujemaa.jpg\" alt=\"\" class=\"wp-image-247784\"\/><figcaption><em>Hend Sabri (au milieu), avec Lotfi Abdelli et Hinde Boujemaa<\/em>.<\/figcaption><\/figure>\n\n\n\n<p><strong><em>Le film tunisien \u00ab\u00a0Noura r\u00eave\u00a0\u00bb a \u00e9t\u00e9 projet\u00e9, hier, 17 octobre 2019, au festival  Saint-Jean-de-Luz, en France, et son actrice principale, Hend Sabri, a eu une mention sp\u00e9ciale pour\u00a0le prix d&rsquo;interpr\u00e9tation f\u00e9minine, emport\u00e9 par la  Bangladaise Rikita Shimu. <\/em><\/strong><\/p>\n\n\n\n<!--more-->\n\n\n\n<p>Pr\u00e9sente en compagnie, notamment, de Hinde Boujemaa, r\u00e9alisatrice du film et des deux autres acteurs principaux, Lotfi Abdelli et Hakim Boumsaoudi, la com\u00e9dienne tunisienne s&rsquo;est, donc, vue rendre un deuxi\u00e8me hommage d&rsquo;affil\u00e9e pour son r\u00f4le (Noura), apr\u00e8s le prix de la meilleure actrice, au festival d&rsquo;El Gouna, en Egypte. <\/p>\n\n\n\n<p>Notons que le film a \u00e9t\u00e9 projet\u00e9 \u00e0 guichets ferm\u00e9s, ce qui en dit long sur le succ\u00e8s qu&rsquo;il est en train de r\u00e9aliser, \u00e0 l&rsquo;\u00e9chelle internationale.<\/p>\n\n\n\n<p>Le long m\u00e9trage dramatique raconte l&rsquo;histoire d&rsquo;une femme sur le point de concr\u00e9tiser son divorce d&rsquo;un d\u00e9tenu r\u00e9cidiviste, ce qui lui permettrait de profiter enfin de sa libert\u00e9 et de sa vie amoureuse avec son amant. Mais c&rsquo;\u00e9tait sans compter sur le rel\u00e2chement pr\u00e9coce de son mari et sur la loi tunisienne qui punit s\u00e9v\u00e8rement l\u2019adult\u00e8re&#8230;<\/p>\n\n\n\n<p style=\"text-align:right\"><strong>C. B. Y.<\/strong><\/p>\n\n\n\n<figure class=\"wp-block-embed-wordpress wp-block-embed is-type-wp-embed is-provider-kapitalis\"><div class=\"wp-block-embed__wrapper\">\n<blockquote class=\"wp-embedded-content\" data-secret=\"FnNp08gvXg\"><a href=\"https:\/\/kapitalis.com\/tunisie\/2019\/09\/28\/hend-sabri-sacree-meilleure-actrice-au-festival-du-film-dal-gouna-2019-en-egypte\/\">Hend Sabri sacr\u00e9e meilleure actrice au Festival du Film d\u2019Al Gouna 2019 en Egypte<\/a><\/blockquote><iframe loading=\"lazy\" class=\"wp-embedded-content\" sandbox=\"allow-scripts\" security=\"restricted\" style=\"position: absolute; clip: rect(1px, 1px, 1px, 1px);\" title=\"\u00ab\u00a0Hend Sabri sacr\u00e9e meilleure actrice au Festival du Film d\u2019Al Gouna 2019 en Egypte\u00a0\u00bb &#8212; Kapitalis\" src=\"https:\/\/kapitalis.com\/tunisie\/2019\/09\/28\/hend-sabri-sacree-meilleure-actrice-au-festival-du-film-dal-gouna-2019-en-egypte\/embed\/#?secret=YvBfBoP9OP#?secret=FnNp08gvXg\" data-secret=\"FnNp08gvXg\" width=\"600\" height=\"338\" frameborder=\"0\" marginwidth=\"0\" marginheight=\"0\" scrolling=\"no\"><\/iframe>\n<\/div><\/figure>\n\n\n\n<figure class=\"wp-block-embed-wordpress wp-block-embed is-type-wp-embed is-provider-kapitalis\"><div class=\"wp-block-embed__wrapper\">\n<blockquote class=\"wp-embedded-content\" data-secret=\"gX0tCFozWE\"><a href=\"https:\/\/kapitalis.com\/tunisie\/2019\/08\/05\/noura-reve-de-la-cineaste-tunisienne-hinde-boujemaa-au-festival-de-saint-sebastien\/\">\u2018\u2018Noura r\u00eave\u2019\u2019 de la cin\u00e9aste tunisienne Hinde Boujemaa au Festival de Saint-S\u00e9bastien<\/a><\/blockquote><iframe loading=\"lazy\" class=\"wp-embedded-content\" sandbox=\"allow-scripts\" security=\"restricted\" style=\"position: absolute; clip: rect(1px, 1px, 1px, 1px);\" title=\"\u00ab\u00a0\u2018\u2018Noura r\u00eave\u2019\u2019 de la cin\u00e9aste tunisienne Hinde Boujemaa au Festival de Saint-S\u00e9bastien\u00a0\u00bb &#8212; Kapitalis\" src=\"https:\/\/kapitalis.com\/tunisie\/2019\/08\/05\/noura-reve-de-la-cineaste-tunisienne-hinde-boujemaa-au-festival-de-saint-sebastien\/embed\/#?secret=j2gwaOvOmJ#?secret=gX0tCFozWE\" data-secret=\"gX0tCFozWE\" width=\"600\" height=\"338\" frameborder=\"0\" marginwidth=\"0\" marginheight=\"0\" scrolling=\"no\"><\/iframe>\n<\/div><\/figure>\n","protected":false},"excerpt":{"rendered":"<p>Le film tunisien \u00ab\u00a0Noura r\u00eave\u00a0\u00bb a \u00e9t\u00e9 projet\u00e9, hier, 17 octobre 2019, au festival Saint-Jean-de-Luz, en France, et son actrice principale, Hend Sabri, a eu une mention sp\u00e9ciale pour\u00a0le prix d&rsquo;interpr\u00e9tation f\u00e9minine, emport\u00e9 par la Bangladaise Rikita Shimu.<\/p>\n","protected":false},"author":24,"featured_media":247784,"comment_status":"open","ping_status":"open","sticky":false,"template":"","format":"standard","meta":{"footnotes":""},"categories":[994,2433],"tags":[66647,5529,11199],"class_list":["post-247774","post","type-post","status-publish","format-standard","has-post-thumbnail","hentry","category-culture","category-tunisie","tag-hakim-boumsaoudi","tag-hend-sabri","tag-lotfi-abdelli"],"yoast_head":"<!-- This site is optimized with the Yoast SEO plugin v26.6 - https:\/\/yoast.com\/wordpress\/plugins\/seo\/ -->\n<title>Hend Sabri brille de nouveau \u00e0 l&#039;international, et re\u00e7oit un hommage au festival Saint-Jean-de-Luz - Kapitalis<\/title>\n<meta name=\"robots\" content=\"index, follow, max-snippet:-1, max-image-preview:large, max-video-preview:-1\" \/>\n<link rel=\"canonical\" href=\"https:\/\/kapitalis.com\/tunisie\/2019\/10\/17\/hend-sabri-brille-de-nouveau-a-linternational-et-recoit-un-hommage-au-festival-saint-jean-de-luz\/\" \/>\n<meta property=\"og:locale\" content=\"fr_FR\" \/>\n<meta property=\"og:type\" content=\"article\" \/>\n<meta property=\"og:title\" content=\"Hend Sabri brille de nouveau \u00e0 l&#039;international, et re\u00e7oit un hommage au festival Saint-Jean-de-Luz - Kapitalis\" \/>\n<meta property=\"og:description\" content=\"Le film tunisien \u00ab\u00a0Noura r\u00eave\u00a0\u00bb a \u00e9t\u00e9 projet\u00e9, hier, 17 octobre 2019, au festival Saint-Jean-de-Luz, en France, et son actrice principale, Hend Sabri, a eu une mention sp\u00e9ciale pour\u00a0le prix d&rsquo;interpr\u00e9tation f\u00e9minine, emport\u00e9 par la Bangladaise Rikita Shimu.\" \/>\n<meta property=\"og:url\" content=\"https:\/\/kapitalis.com\/tunisie\/2019\/10\/17\/hend-sabri-brille-de-nouveau-a-linternational-et-recoit-un-hommage-au-festival-saint-jean-de-luz\/\" \/>\n<meta property=\"og:site_name\" content=\"Kapitalis\" \/>\n<meta property=\"article:publisher\" content=\"https:\/\/www.facebook.com\/KapitalisInfo\/\" \/>\n<meta property=\"article:published_time\" content=\"2019-10-17T10:27:30+00:00\" \/>\n<meta property=\"article:modified_time\" content=\"2019-10-17T12:15:56+00:00\" \/>\n<meta property=\"og:image\" content=\"https:\/\/kapitalis.com\/tunisie\/wp-content\/uploads\/2022\/05\/kapitalis-logo-fb.png\" \/>\n\t<meta property=\"og:image:width\" content=\"1200\" \/>\n\t<meta property=\"og:image:height\" content=\"630\" \/>\n\t<meta property=\"og:image:type\" content=\"image\/png\" \/>\n<meta name=\"author\" content=\"Cherif Benyounes\" \/>\n<meta name=\"twitter:card\" content=\"summary_large_image\" \/>\n<meta name=\"twitter:creator\" content=\"@KapitalisInfo\" \/>\n<meta name=\"twitter:site\" content=\"@KapitalisInfo\" \/>\n<meta name=\"twitter:label1\" content=\"\u00c9crit par\" \/>\n\t<meta name=\"twitter:data1\" content=\"Cherif Benyounes\" \/>\n\t<meta name=\"twitter:label2\" content=\"Dur\u00e9e de lecture estim\u00e9e\" \/>\n\t<meta name=\"twitter:data2\" content=\"1 minute\" \/>\n<script type=\"application\/ld+json\" class=\"yoast-schema-graph\">{\"@context\":\"https:\/\/schema.org\",\"@graph\":[{\"@type\":\"Article\",\"@id\":\"https:\/\/kapitalis.com\/tunisie\/2019\/10\/17\/hend-sabri-brille-de-nouveau-a-linternational-et-recoit-un-hommage-au-festival-saint-jean-de-luz\/#article\",\"isPartOf\":{\"@id\":\"https:\/\/kapitalis.com\/tunisie\/2019\/10\/17\/hend-sabri-brille-de-nouveau-a-linternational-et-recoit-un-hommage-au-festival-saint-jean-de-luz\/\"},\"author\":{\"name\":\"Cherif Benyounes\",\"@id\":\"https:\/\/kapitalis.com\/tunisie\/#\/schema\/person\/b35b8d631961131107263178aeb8019e\"},\"headline\":\"Hend Sabri brille de nouveau \u00e0 l&rsquo;international, et re\u00e7oit un hommage au festival Saint-Jean-de-Luz\",\"datePublished\":\"2019-10-17T10:27:30+00:00\",\"dateModified\":\"2019-10-17T12:15:56+00:00\",\"mainEntityOfPage\":{\"@id\":\"https:\/\/kapitalis.com\/tunisie\/2019\/10\/17\/hend-sabri-brille-de-nouveau-a-linternational-et-recoit-un-hommage-au-festival-saint-jean-de-luz\/\"},\"wordCount\":231,\"commentCount\":0,\"publisher\":{\"@id\":\"https:\/\/kapitalis.com\/tunisie\/#organization\"},\"image\":{\"@id\":\"https:\/\/kapitalis.com\/tunisie\/2019\/10\/17\/hend-sabri-brille-de-nouveau-a-linternational-et-recoit-un-hommage-au-festival-saint-jean-de-luz\/#primaryimage\"},\"thumbnailUrl\":\"\",\"keywords\":[\"Hakim Boumsaoudi\",\"Hend Sabri\",\"Lotfi Abdelli\"],\"articleSection\":[\"CULTURE\",\"Tunisie\"],\"inLanguage\":\"fr-FR\",\"potentialAction\":[{\"@type\":\"CommentAction\",\"name\":\"Comment\",\"target\":[\"https:\/\/kapitalis.com\/tunisie\/2019\/10\/17\/hend-sabri-brille-de-nouveau-a-linternational-et-recoit-un-hommage-au-festival-saint-jean-de-luz\/#respond\"]}]},{\"@type\":\"WebPage\",\"@id\":\"https:\/\/kapitalis.com\/tunisie\/2019\/10\/17\/hend-sabri-brille-de-nouveau-a-linternational-et-recoit-un-hommage-au-festival-saint-jean-de-luz\/\",\"url\":\"https:\/\/kapitalis.com\/tunisie\/2019\/10\/17\/hend-sabri-brille-de-nouveau-a-linternational-et-recoit-un-hommage-au-festival-saint-jean-de-luz\/\",\"name\":\"Hend Sabri brille de nouveau \u00e0 l'international, et re\u00e7oit un hommage au festival Saint-Jean-de-Luz - Kapitalis\",\"isPartOf\":{\"@id\":\"https:\/\/kapitalis.com\/tunisie\/#website\"},\"primaryImageOfPage\":{\"@id\":\"https:\/\/kapitalis.com\/tunisie\/2019\/10\/17\/hend-sabri-brille-de-nouveau-a-linternational-et-recoit-un-hommage-au-festival-saint-jean-de-luz\/#primaryimage\"},\"image\":{\"@id\":\"https:\/\/kapitalis.com\/tunisie\/2019\/10\/17\/hend-sabri-brille-de-nouveau-a-linternational-et-recoit-un-hommage-au-festival-saint-jean-de-luz\/#primaryimage\"},\"thumbnailUrl\":\"\",\"datePublished\":\"2019-10-17T10:27:30+00:00\",\"dateModified\":\"2019-10-17T12:15:56+00:00\",\"breadcrumb\":{\"@id\":\"https:\/\/kapitalis.com\/tunisie\/2019\/10\/17\/hend-sabri-brille-de-nouveau-a-linternational-et-recoit-un-hommage-au-festival-saint-jean-de-luz\/#breadcrumb\"},\"inLanguage\":\"fr-FR\",\"potentialAction\":[{\"@type\":\"ReadAction\",\"target\":[\"https:\/\/kapitalis.com\/tunisie\/2019\/10\/17\/hend-sabri-brille-de-nouveau-a-linternational-et-recoit-un-hommage-au-festival-saint-jean-de-luz\/\"]}]},{\"@type\":\"ImageObject\",\"inLanguage\":\"fr-FR\",\"@id\":\"https:\/\/kapitalis.com\/tunisie\/2019\/10\/17\/hend-sabri-brille-de-nouveau-a-linternational-et-recoit-un-hommage-au-festival-saint-jean-de-luz\/#primaryimage\",\"url\":\"\",\"contentUrl\":\"\"},{\"@type\":\"BreadcrumbList\",\"@id\":\"https:\/\/kapitalis.com\/tunisie\/2019\/10\/17\/hend-sabri-brille-de-nouveau-a-linternational-et-recoit-un-hommage-au-festival-saint-jean-de-luz\/#breadcrumb\",\"itemListElement\":[{\"@type\":\"ListItem\",\"position\":1,\"name\":\"Accueil\",\"item\":\"https:\/\/kapitalis.com\/tunisie\/\"},{\"@type\":\"ListItem\",\"position\":2,\"name\":\"Hend Sabri brille de nouveau \u00e0 l&rsquo;international, et re\u00e7oit un hommage au festival Saint-Jean-de-Luz\"}]},{\"@type\":\"WebSite\",\"@id\":\"https:\/\/kapitalis.com\/tunisie\/#website\",\"url\":\"https:\/\/kapitalis.com\/tunisie\/\",\"name\":\"Kapitalis\",\"description\":\"L&#039;actualit\u00e9 en Tunisie et dans le monde\",\"publisher\":{\"@id\":\"https:\/\/kapitalis.com\/tunisie\/#organization\"},\"potentialAction\":[{\"@type\":\"SearchAction\",\"target\":{\"@type\":\"EntryPoint\",\"urlTemplate\":\"https:\/\/kapitalis.com\/tunisie\/?s={search_term_string}\"},\"query-input\":{\"@type\":\"PropertyValueSpecification\",\"valueRequired\":true,\"valueName\":\"search_term_string\"}}],\"inLanguage\":\"fr-FR\"},{\"@type\":\"Organization\",\"@id\":\"https:\/\/kapitalis.com\/tunisie\/#organization\",\"name\":\"Kapitalis\",\"url\":\"https:\/\/kapitalis.com\/tunisie\/\",\"logo\":{\"@type\":\"ImageObject\",\"inLanguage\":\"fr-FR\",\"@id\":\"https:\/\/kapitalis.com\/tunisie\/#\/schema\/logo\/image\/\",\"url\":\"https:\/\/kapitalis.com\/tunisie\/wp-content\/uploads\/2022\/05\/Kapitalis-big-size.png\",\"contentUrl\":\"https:\/\/kapitalis.com\/tunisie\/wp-content\/uploads\/2022\/05\/Kapitalis-big-size.png\",\"width\":5000,\"height\":1500,\"caption\":\"Kapitalis\"},\"image\":{\"@id\":\"https:\/\/kapitalis.com\/tunisie\/#\/schema\/logo\/image\/\"},\"sameAs\":[\"https:\/\/www.facebook.com\/KapitalisInfo\/\",\"https:\/\/x.com\/KapitalisInfo\",\"https:\/\/www.youtube.com\/channel\/UC-yDYrHyfFBWWZaOw3FPg9Q\"]},{\"@type\":\"Person\",\"@id\":\"https:\/\/kapitalis.com\/tunisie\/#\/schema\/person\/b35b8d631961131107263178aeb8019e\",\"name\":\"Cherif Benyounes\",\"url\":\"https:\/\/kapitalis.com\/tunisie\/author\/cherif\/\"}]}<\/script>\n<!-- \/ Yoast SEO plugin. -->","yoast_head_json":{"title":"Hend Sabri brille de nouveau \u00e0 l'international, et re\u00e7oit un hommage au festival Saint-Jean-de-Luz - Kapitalis","robots":{"index":"index","follow":"follow","max-snippet":"max-snippet:-1","max-image-preview":"max-image-preview:large","max-video-preview":"max-video-preview:-1"},"canonical":"https:\/\/kapitalis.com\/tunisie\/2019\/10\/17\/hend-sabri-brille-de-nouveau-a-linternational-et-recoit-un-hommage-au-festival-saint-jean-de-luz\/","og_locale":"fr_FR","og_type":"article","og_title":"Hend Sabri brille de nouveau \u00e0 l'international, et re\u00e7oit un hommage au festival Saint-Jean-de-Luz - Kapitalis","og_description":"Le film tunisien \u00ab\u00a0Noura r\u00eave\u00a0\u00bb a \u00e9t\u00e9 projet\u00e9, hier, 17 octobre 2019, au festival Saint-Jean-de-Luz, en France, et son actrice principale, Hend Sabri, a eu une mention sp\u00e9ciale pour\u00a0le prix d&rsquo;interpr\u00e9tation f\u00e9minine, emport\u00e9 par la Bangladaise Rikita Shimu.","og_url":"https:\/\/kapitalis.com\/tunisie\/2019\/10\/17\/hend-sabri-brille-de-nouveau-a-linternational-et-recoit-un-hommage-au-festival-saint-jean-de-luz\/","og_site_name":"Kapitalis","article_publisher":"https:\/\/www.facebook.com\/KapitalisInfo\/","article_published_time":"2019-10-17T10:27:30+00:00","article_modified_time":"2019-10-17T12:15:56+00:00","og_image":[{"width":1200,"height":630,"url":"https:\/\/kapitalis.com\/tunisie\/wp-content\/uploads\/2022\/05\/kapitalis-logo-fb.png","type":"image\/png"}],"author":"Cherif Benyounes","twitter_card":"summary_large_image","twitter_creator":"@KapitalisInfo","twitter_site":"@KapitalisInfo","twitter_misc":{"\u00c9crit par":"Cherif Benyounes","Dur\u00e9e de lecture estim\u00e9e":"1 minute"},"schema":{"@context":"https:\/\/schema.org","@graph":[{"@type":"Article","@id":"https:\/\/kapitalis.com\/tunisie\/2019\/10\/17\/hend-sabri-brille-de-nouveau-a-linternational-et-recoit-un-hommage-au-festival-saint-jean-de-luz\/#article","isPartOf":{"@id":"https:\/\/kapitalis.com\/tunisie\/2019\/10\/17\/hend-sabri-brille-de-nouveau-a-linternational-et-recoit-un-hommage-au-festival-saint-jean-de-luz\/"},"author":{"name":"Cherif Benyounes","@id":"https:\/\/kapitalis.com\/tunisie\/#\/schema\/person\/b35b8d631961131107263178aeb8019e"},"headline":"Hend Sabri brille de nouveau \u00e0 l&rsquo;international, et re\u00e7oit un hommage au festival Saint-Jean-de-Luz","datePublished":"2019-10-17T10:27:30+00:00","dateModified":"2019-10-17T12:15:56+00:00","mainEntityOfPage":{"@id":"https:\/\/kapitalis.com\/tunisie\/2019\/10\/17\/hend-sabri-brille-de-nouveau-a-linternational-et-recoit-un-hommage-au-festival-saint-jean-de-luz\/"},"wordCount":231,"commentCount":0,"publisher":{"@id":"https:\/\/kapitalis.com\/tunisie\/#organization"},"image":{"@id":"https:\/\/kapitalis.com\/tunisie\/2019\/10\/17\/hend-sabri-brille-de-nouveau-a-linternational-et-recoit-un-hommage-au-festival-saint-jean-de-luz\/#primaryimage"},"thumbnailUrl":"","keywords":["Hakim Boumsaoudi","Hend Sabri","Lotfi Abdelli"],"articleSection":["CULTURE","Tunisie"],"inLanguage":"fr-FR","potentialAction":[{"@type":"CommentAction","name":"Comment","target":["https:\/\/kapitalis.com\/tunisie\/2019\/10\/17\/hend-sabri-brille-de-nouveau-a-linternational-et-recoit-un-hommage-au-festival-saint-jean-de-luz\/#respond"]}]},{"@type":"WebPage","@id":"https:\/\/kapitalis.com\/tunisie\/2019\/10\/17\/hend-sabri-brille-de-nouveau-a-linternational-et-recoit-un-hommage-au-festival-saint-jean-de-luz\/","url":"https:\/\/kapitalis.com\/tunisie\/2019\/10\/17\/hend-sabri-brille-de-nouveau-a-linternational-et-recoit-un-hommage-au-festival-saint-jean-de-luz\/","name":"Hend Sabri brille de nouveau \u00e0 l'international, et re\u00e7oit un hommage au festival Saint-Jean-de-Luz - Kapitalis","isPartOf":{"@id":"https:\/\/kapitalis.com\/tunisie\/#website"},"primaryImageOfPage":{"@id":"https:\/\/kapitalis.com\/tunisie\/2019\/10\/17\/hend-sabri-brille-de-nouveau-a-linternational-et-recoit-un-hommage-au-festival-saint-jean-de-luz\/#primaryimage"},"image":{"@id":"https:\/\/kapitalis.com\/tunisie\/2019\/10\/17\/hend-sabri-brille-de-nouveau-a-linternational-et-recoit-un-hommage-au-festival-saint-jean-de-luz\/#primaryimage"},"thumbnailUrl":"","datePublished":"2019-10-17T10:27:30+00:00","dateModified":"2019-10-17T12:15:56+00:00","breadcrumb":{"@id":"https:\/\/kapitalis.com\/tunisie\/2019\/10\/17\/hend-sabri-brille-de-nouveau-a-linternational-et-recoit-un-hommage-au-festival-saint-jean-de-luz\/#breadcrumb"},"inLanguage":"fr-FR","potentialAction":[{"@type":"ReadAction","target":["https:\/\/kapitalis.com\/tunisie\/2019\/10\/17\/hend-sabri-brille-de-nouveau-a-linternational-et-recoit-un-hommage-au-festival-saint-jean-de-luz\/"]}]},{"@type":"ImageObject","inLanguage":"fr-FR","@id":"https:\/\/kapitalis.com\/tunisie\/2019\/10\/17\/hend-sabri-brille-de-nouveau-a-linternational-et-recoit-un-hommage-au-festival-saint-jean-de-luz\/#primaryimage","url":"","contentUrl":""},{"@type":"BreadcrumbList","@id":"https:\/\/kapitalis.com\/tunisie\/2019\/10\/17\/hend-sabri-brille-de-nouveau-a-linternational-et-recoit-un-hommage-au-festival-saint-jean-de-luz\/#breadcrumb","itemListElement":[{"@type":"ListItem","position":1,"name":"Accueil","item":"https:\/\/kapitalis.com\/tunisie\/"},{"@type":"ListItem","position":2,"name":"Hend Sabri brille de nouveau \u00e0 l&rsquo;international, et re\u00e7oit un hommage au festival Saint-Jean-de-Luz"}]},{"@type":"WebSite","@id":"https:\/\/kapitalis.com\/tunisie\/#website","url":"https:\/\/kapitalis.com\/tunisie\/","name":"Kapitalis","description":"L&#039;actualit\u00e9 en Tunisie et dans le monde","publisher":{"@id":"https:\/\/kapitalis.com\/tunisie\/#organization"},"potentialAction":[{"@type":"SearchAction","target":{"@type":"EntryPoint","urlTemplate":"https:\/\/kapitalis.com\/tunisie\/?s={search_term_string}"},"query-input":{"@type":"PropertyValueSpecification","valueRequired":true,"valueName":"search_term_string"}}],"inLanguage":"fr-FR"},{"@type":"Organization","@id":"https:\/\/kapitalis.com\/tunisie\/#organization","name":"Kapitalis","url":"https:\/\/kapitalis.com\/tunisie\/","logo":{"@type":"ImageObject","inLanguage":"fr-FR","@id":"https:\/\/kapitalis.com\/tunisie\/#\/schema\/logo\/image\/","url":"https:\/\/kapitalis.com\/tunisie\/wp-content\/uploads\/2022\/05\/Kapitalis-big-size.png","contentUrl":"https:\/\/kapitalis.com\/tunisie\/wp-content\/uploads\/2022\/05\/Kapitalis-big-size.png","width":5000,"height":1500,"caption":"Kapitalis"},"image":{"@id":"https:\/\/kapitalis.com\/tunisie\/#\/schema\/logo\/image\/"},"sameAs":["https:\/\/www.facebook.com\/KapitalisInfo\/","https:\/\/x.com\/KapitalisInfo","https:\/\/www.youtube.com\/channel\/UC-yDYrHyfFBWWZaOw3FPg9Q"]},{"@type":"Person","@id":"https:\/\/kapitalis.com\/tunisie\/#\/schema\/person\/b35b8d631961131107263178aeb8019e","name":"Cherif Benyounes","url":"https:\/\/kapitalis.com\/tunisie\/author\/cherif\/"}]}},"_links":{"self":[{"href":"https:\/\/kapitalis.com\/tunisie\/wp-json\/wp\/v2\/posts\/247774","targetHints":{"allow":["GET"]}}],"collection":[{"href":"https:\/\/kapitalis.com\/tunisie\/wp-json\/wp\/v2\/posts"}],"about":[{"href":"https:\/\/kapitalis.com\/tunisie\/wp-json\/wp\/v2\/types\/post"}],"author":[{"embeddable":true,"href":"https:\/\/kapitalis.com\/tunisie\/wp-json\/wp\/v2\/users\/24"}],"replies":[{"embeddable":true,"href":"https:\/\/kapitalis.com\/tunisie\/wp-json\/wp\/v2\/comments?post=247774"}],"version-history":[{"count":0,"href":"https:\/\/kapitalis.com\/tunisie\/wp-json\/wp\/v2\/posts\/247774\/revisions"}],"wp:featuredmedia":[{"embeddable":true,"href":"https:\/\/kapitalis.com\/tunisie\/wp-json\/wp\/v2\/media\/247784"}],"wp:attachment":[{"href":"https:\/\/kapitalis.com\/tunisie\/wp-json\/wp\/v2\/media?parent=247774"}],"wp:term":[{"taxonomy":"category","embeddable":true,"href":"https:\/\/kapitalis.com\/tunisie\/wp-json\/wp\/v2\/categories?post=247774"},{"taxonomy":"post_tag","embeddable":true,"href":"https:\/\/kapitalis.com\/tunisie\/wp-json\/wp\/v2\/tags?post=247774"}],"curies":[{"name":"wp","href":"https:\/\/api.w.org\/{rel}","templated":true}]}}