{"id":247798,"date":"2019-10-17T12:14:40","date_gmt":"2019-10-17T11:14:40","guid":{"rendered":"http:\/\/kapitalis.com\/tunisie\/?p=247798"},"modified":"2019-10-17T13:35:39","modified_gmt":"2019-10-17T12:35:39","slug":"tunisie-kais-saied-est-officiellement-president-de-la-republique","status":"publish","type":"post","link":"https:\/\/kapitalis.com\/tunisie\/2019\/10\/17\/tunisie-kais-saied-est-officiellement-president-de-la-republique\/","title":{"rendered":"Tunisie : Ka\u00efs Sa\u00efed est officiellement pr\u00e9sident de la R\u00e9publique"},"content":{"rendered":"\n<figure class=\"wp-block-image\"><img decoding=\"async\" src=\"http:\/\/kapitalis.com\/tunisie\/wp-content\/uploads\/2019\/10\/Ka\u00efs-Sa\u00efed-pr\u00e9sident-r\u00e9publique.jpg\" alt=\"\" class=\"wp-image-246802\"\/><\/figure>\n\n\n\n<p><strong><em>C&rsquo;est d\u00e9sormais officiel. Le candidat ind\u00e9pendant \u00e0 la pr\u00e9sidentielle, Ka\u00efs Sa\u00efed, a \u00e9t\u00e9 annonc\u00e9 pr\u00e9sident de la R\u00e9publique, par Nabil Baffoun, pr\u00e9sident de l&rsquo;Instance Sup\u00e9rieure Ind\u00e9pendante pour les \u00c9lections (Isie), ce jeudi, 17 octobre 2019, lors d&rsquo;une conf\u00e9rence de presse tenue \u00e0 Tunis. <\/em><\/strong><\/p>\n\n\n\n<!--more-->\n\n\n\n<p>Cette annonce vient suite \u00e0 sa large victoire au deuxi\u00e8me tour de ladite \u00e9lection, avec 72,71% des voix observ\u00e9es, et la d\u00e9cision de son concurrent, Nabil Karoui, candidat de Qalb Tounes, <a href=\"http:\/\/kapitalis.com\/tunisie\/2019\/10\/16\/officiel-nabil-karoui-ne-fera-pas-recours-aux-resultats-de-la-presidentielle\/\" target=\"_blank\" rel=\"noreferrer noopener\" aria-label=\"de ne pas faire appel (s\u2019ouvre dans un nouvel onglet)\">de ne pas faire appel<\/a>.<\/p>\n\n\n\n<p>Cette d\u00e9cision d\u00e9finitive sera, par cons\u00e9quent, publi\u00e9e dans le Journal officiel de la R\u00e9publique tunisienne (Jort) et sur le site officiel de l\u2019Isie, a \u00e9galement indiqu\u00e9 Nabil Baffoun. <\/p>\n\n\n\n<p>De son c\u00f4t\u00e9, Farouk Bouaskar, a fait savoir qu\u2019une correspondance sera envoy\u00e9e aujourd\u2019hui au bureau de l\u2019Assembl\u00e9e des repr\u00e9sentants du peuple (ARP) concernant le r\u00e9sultat final du second tour de la pr\u00e9sidentielle. Suite \u00e0 quoi, ce bureau aura deux jours pour d\u00e9finir une date de c\u00e9r\u00e9monie d\u2019investiture en l&rsquo;honneur du nouveau pr\u00e9sident de la R\u00e9publique. <\/p>\n\n\n\n<p style=\"text-align:right\"><strong>C. B. Y.<\/strong><\/p>\n\n\n\n<figure class=\"wp-block-embed-wordpress wp-block-embed is-type-wp-embed is-provider-kapitalis\"><div class=\"wp-block-embed__wrapper\">\n<blockquote class=\"wp-embedded-content\" data-secret=\"2Wlc2iKA6O\"><a href=\"https:\/\/kapitalis.com\/tunisie\/2019\/10\/16\/la-ceremonie-dinvestiture-du-nouveau-president-de-la-republique-kais-saied-au-palais-de-carthage-aura-lieu-la-semaine-prochaine\/\">La c\u00e9r\u00e9monie d\u2019investiture du nouveau pr\u00e9sident de la r\u00e9publique, Ka\u00efs Sa\u00efed, aura lieu la semaine prochaine, au Palais de Carthage<\/a><\/blockquote><iframe loading=\"lazy\" class=\"wp-embedded-content\" sandbox=\"allow-scripts\" security=\"restricted\" style=\"position: absolute; clip: rect(1px, 1px, 1px, 1px);\" title=\"\u00ab\u00a0La c\u00e9r\u00e9monie d\u2019investiture du nouveau pr\u00e9sident de la r\u00e9publique, Ka\u00efs Sa\u00efed, aura lieu la semaine prochaine, au Palais de Carthage\u00a0\u00bb &#8212; Kapitalis\" src=\"https:\/\/kapitalis.com\/tunisie\/2019\/10\/16\/la-ceremonie-dinvestiture-du-nouveau-president-de-la-republique-kais-saied-au-palais-de-carthage-aura-lieu-la-semaine-prochaine\/embed\/#?secret=GEfw8t1rtV#?secret=2Wlc2iKA6O\" data-secret=\"2Wlc2iKA6O\" width=\"600\" height=\"338\" frameborder=\"0\" marginwidth=\"0\" marginheight=\"0\" scrolling=\"no\"><\/iframe>\n<\/div><\/figure>\n","protected":false},"excerpt":{"rendered":"<p>C&rsquo;est d\u00e9sormais officiel. Le candidat ind\u00e9pendant \u00e0 la pr\u00e9sidentielle, Ka\u00efs Sa\u00efed, a \u00e9t\u00e9 annonc\u00e9 pr\u00e9sident de la R\u00e9publique, par Nabil Baffoun, pr\u00e9sident de l&rsquo;Instance Sup\u00e9rieure Ind\u00e9pendante pour les \u00c9lections (Isie), ce jeudi, 17 octobre 2019, lors d&rsquo;une conf\u00e9rence de presse tenue \u00e0 Tunis.<\/p>\n","protected":false},"author":24,"featured_media":0,"comment_status":"open","ping_status":"open","sticky":false,"template":"","format":"standard","meta":{"footnotes":""},"categories":[997,2433],"tags":[499,12235,19465],"class_list":["post-247798","post","type-post","status-publish","format-standard","hentry","category-politique","category-tunisie","tag-isie","tag-kais-saied","tag-nabil-baffoun"],"yoast_head":"<!-- This site is optimized with the Yoast SEO plugin v26.6 - https:\/\/yoast.com\/wordpress\/plugins\/seo\/ -->\n<title>Tunisie : Ka\u00efs Sa\u00efed est officiellement pr\u00e9sident de la R\u00e9publique - Kapitalis<\/title>\n<meta name=\"robots\" content=\"index, follow, max-snippet:-1, max-image-preview:large, max-video-preview:-1\" \/>\n<link rel=\"canonical\" href=\"https:\/\/kapitalis.com\/tunisie\/2019\/10\/17\/tunisie-kais-saied-est-officiellement-president-de-la-republique\/\" \/>\n<meta property=\"og:locale\" content=\"fr_FR\" \/>\n<meta property=\"og:type\" content=\"article\" \/>\n<meta property=\"og:title\" content=\"Tunisie : Ka\u00efs Sa\u00efed est officiellement pr\u00e9sident de la R\u00e9publique - Kapitalis\" \/>\n<meta property=\"og:description\" content=\"C&rsquo;est d\u00e9sormais officiel. Le candidat ind\u00e9pendant \u00e0 la pr\u00e9sidentielle, Ka\u00efs Sa\u00efed, a \u00e9t\u00e9 annonc\u00e9 pr\u00e9sident de la R\u00e9publique, par Nabil Baffoun, pr\u00e9sident de l&rsquo;Instance Sup\u00e9rieure Ind\u00e9pendante pour les \u00c9lections (Isie), ce jeudi, 17 octobre 2019, lors d&rsquo;une conf\u00e9rence de presse tenue \u00e0 Tunis.\" \/>\n<meta property=\"og:url\" content=\"https:\/\/kapitalis.com\/tunisie\/2019\/10\/17\/tunisie-kais-saied-est-officiellement-president-de-la-republique\/\" \/>\n<meta property=\"og:site_name\" content=\"Kapitalis\" \/>\n<meta property=\"article:publisher\" content=\"https:\/\/www.facebook.com\/KapitalisInfo\/\" \/>\n<meta property=\"article:published_time\" content=\"2019-10-17T11:14:40+00:00\" \/>\n<meta property=\"article:modified_time\" content=\"2019-10-17T12:35:39+00:00\" \/>\n<meta property=\"og:image\" content=\"https:\/\/kapitalis.com\/tunisie\/wp-content\/uploads\/2022\/05\/kapitalis-logo-fb.png\" \/>\n\t<meta property=\"og:image:width\" content=\"1200\" \/>\n\t<meta property=\"og:image:height\" content=\"630\" \/>\n\t<meta property=\"og:image:type\" content=\"image\/png\" \/>\n<meta name=\"author\" content=\"Cherif Benyounes\" \/>\n<meta name=\"twitter:card\" content=\"summary_large_image\" \/>\n<meta name=\"twitter:creator\" content=\"@KapitalisInfo\" \/>\n<meta name=\"twitter:site\" content=\"@KapitalisInfo\" \/>\n<meta name=\"twitter:label1\" content=\"\u00c9crit par\" \/>\n\t<meta name=\"twitter:data1\" content=\"Cherif Benyounes\" \/>\n\t<meta name=\"twitter:label2\" content=\"Dur\u00e9e de lecture estim\u00e9e\" \/>\n\t<meta name=\"twitter:data2\" content=\"1 minute\" \/>\n<script type=\"application\/ld+json\" class=\"yoast-schema-graph\">{\"@context\":\"https:\/\/schema.org\",\"@graph\":[{\"@type\":\"Article\",\"@id\":\"https:\/\/kapitalis.com\/tunisie\/2019\/10\/17\/tunisie-kais-saied-est-officiellement-president-de-la-republique\/#article\",\"isPartOf\":{\"@id\":\"https:\/\/kapitalis.com\/tunisie\/2019\/10\/17\/tunisie-kais-saied-est-officiellement-president-de-la-republique\/\"},\"author\":{\"name\":\"Cherif Benyounes\",\"@id\":\"https:\/\/kapitalis.com\/tunisie\/#\/schema\/person\/b35b8d631961131107263178aeb8019e\"},\"headline\":\"Tunisie : Ka\u00efs Sa\u00efed est officiellement pr\u00e9sident de la R\u00e9publique\",\"datePublished\":\"2019-10-17T11:14:40+00:00\",\"dateModified\":\"2019-10-17T12:35:39+00:00\",\"mainEntityOfPage\":{\"@id\":\"https:\/\/kapitalis.com\/tunisie\/2019\/10\/17\/tunisie-kais-saied-est-officiellement-president-de-la-republique\/\"},\"wordCount\":211,\"commentCount\":2,\"publisher\":{\"@id\":\"https:\/\/kapitalis.com\/tunisie\/#organization\"},\"keywords\":[\"Isie\",\"Ka\u00efs Saied\",\"Nabil Baffoun\"],\"articleSection\":[\"POLITIQUE\",\"Tunisie\"],\"inLanguage\":\"fr-FR\",\"potentialAction\":[{\"@type\":\"CommentAction\",\"name\":\"Comment\",\"target\":[\"https:\/\/kapitalis.com\/tunisie\/2019\/10\/17\/tunisie-kais-saied-est-officiellement-president-de-la-republique\/#respond\"]}]},{\"@type\":\"WebPage\",\"@id\":\"https:\/\/kapitalis.com\/tunisie\/2019\/10\/17\/tunisie-kais-saied-est-officiellement-president-de-la-republique\/\",\"url\":\"https:\/\/kapitalis.com\/tunisie\/2019\/10\/17\/tunisie-kais-saied-est-officiellement-president-de-la-republique\/\",\"name\":\"Tunisie : Ka\u00efs Sa\u00efed est officiellement pr\u00e9sident de la R\u00e9publique - Kapitalis\",\"isPartOf\":{\"@id\":\"https:\/\/kapitalis.com\/tunisie\/#website\"},\"datePublished\":\"2019-10-17T11:14:40+00:00\",\"dateModified\":\"2019-10-17T12:35:39+00:00\",\"breadcrumb\":{\"@id\":\"https:\/\/kapitalis.com\/tunisie\/2019\/10\/17\/tunisie-kais-saied-est-officiellement-president-de-la-republique\/#breadcrumb\"},\"inLanguage\":\"fr-FR\",\"potentialAction\":[{\"@type\":\"ReadAction\",\"target\":[\"https:\/\/kapitalis.com\/tunisie\/2019\/10\/17\/tunisie-kais-saied-est-officiellement-president-de-la-republique\/\"]}]},{\"@type\":\"BreadcrumbList\",\"@id\":\"https:\/\/kapitalis.com\/tunisie\/2019\/10\/17\/tunisie-kais-saied-est-officiellement-president-de-la-republique\/#breadcrumb\",\"itemListElement\":[{\"@type\":\"ListItem\",\"position\":1,\"name\":\"Accueil\",\"item\":\"https:\/\/kapitalis.com\/tunisie\/\"},{\"@type\":\"ListItem\",\"position\":2,\"name\":\"Tunisie : Ka\u00efs Sa\u00efed est officiellement pr\u00e9sident de la R\u00e9publique\"}]},{\"@type\":\"WebSite\",\"@id\":\"https:\/\/kapitalis.com\/tunisie\/#website\",\"url\":\"https:\/\/kapitalis.com\/tunisie\/\",\"name\":\"Kapitalis\",\"description\":\"L&#039;actualit\u00e9 en Tunisie et dans le monde\",\"publisher\":{\"@id\":\"https:\/\/kapitalis.com\/tunisie\/#organization\"},\"potentialAction\":[{\"@type\":\"SearchAction\",\"target\":{\"@type\":\"EntryPoint\",\"urlTemplate\":\"https:\/\/kapitalis.com\/tunisie\/?s={search_term_string}\"},\"query-input\":{\"@type\":\"PropertyValueSpecification\",\"valueRequired\":true,\"valueName\":\"search_term_string\"}}],\"inLanguage\":\"fr-FR\"},{\"@type\":\"Organization\",\"@id\":\"https:\/\/kapitalis.com\/tunisie\/#organization\",\"name\":\"Kapitalis\",\"url\":\"https:\/\/kapitalis.com\/tunisie\/\",\"logo\":{\"@type\":\"ImageObject\",\"inLanguage\":\"fr-FR\",\"@id\":\"https:\/\/kapitalis.com\/tunisie\/#\/schema\/logo\/image\/\",\"url\":\"https:\/\/kapitalis.com\/tunisie\/wp-content\/uploads\/2022\/05\/Kapitalis-big-size.png\",\"contentUrl\":\"https:\/\/kapitalis.com\/tunisie\/wp-content\/uploads\/2022\/05\/Kapitalis-big-size.png\",\"width\":5000,\"height\":1500,\"caption\":\"Kapitalis\"},\"image\":{\"@id\":\"https:\/\/kapitalis.com\/tunisie\/#\/schema\/logo\/image\/\"},\"sameAs\":[\"https:\/\/www.facebook.com\/KapitalisInfo\/\",\"https:\/\/x.com\/KapitalisInfo\",\"https:\/\/www.youtube.com\/channel\/UC-yDYrHyfFBWWZaOw3FPg9Q\"]},{\"@type\":\"Person\",\"@id\":\"https:\/\/kapitalis.com\/tunisie\/#\/schema\/person\/b35b8d631961131107263178aeb8019e\",\"name\":\"Cherif Benyounes\",\"url\":\"https:\/\/kapitalis.com\/tunisie\/author\/cherif\/\"}]}<\/script>\n<!-- \/ Yoast SEO plugin. -->","yoast_head_json":{"title":"Tunisie : Ka\u00efs Sa\u00efed est officiellement pr\u00e9sident de la R\u00e9publique - Kapitalis","robots":{"index":"index","follow":"follow","max-snippet":"max-snippet:-1","max-image-preview":"max-image-preview:large","max-video-preview":"max-video-preview:-1"},"canonical":"https:\/\/kapitalis.com\/tunisie\/2019\/10\/17\/tunisie-kais-saied-est-officiellement-president-de-la-republique\/","og_locale":"fr_FR","og_type":"article","og_title":"Tunisie : Ka\u00efs Sa\u00efed est officiellement pr\u00e9sident de la R\u00e9publique - Kapitalis","og_description":"C&rsquo;est d\u00e9sormais officiel. Le candidat ind\u00e9pendant \u00e0 la pr\u00e9sidentielle, Ka\u00efs Sa\u00efed, a \u00e9t\u00e9 annonc\u00e9 pr\u00e9sident de la R\u00e9publique, par Nabil Baffoun, pr\u00e9sident de l&rsquo;Instance Sup\u00e9rieure Ind\u00e9pendante pour les \u00c9lections (Isie), ce jeudi, 17 octobre 2019, lors d&rsquo;une conf\u00e9rence de presse tenue \u00e0 Tunis.","og_url":"https:\/\/kapitalis.com\/tunisie\/2019\/10\/17\/tunisie-kais-saied-est-officiellement-president-de-la-republique\/","og_site_name":"Kapitalis","article_publisher":"https:\/\/www.facebook.com\/KapitalisInfo\/","article_published_time":"2019-10-17T11:14:40+00:00","article_modified_time":"2019-10-17T12:35:39+00:00","og_image":[{"width":1200,"height":630,"url":"https:\/\/kapitalis.com\/tunisie\/wp-content\/uploads\/2022\/05\/kapitalis-logo-fb.png","type":"image\/png"}],"author":"Cherif Benyounes","twitter_card":"summary_large_image","twitter_creator":"@KapitalisInfo","twitter_site":"@KapitalisInfo","twitter_misc":{"\u00c9crit par":"Cherif Benyounes","Dur\u00e9e de lecture estim\u00e9e":"1 minute"},"schema":{"@context":"https:\/\/schema.org","@graph":[{"@type":"Article","@id":"https:\/\/kapitalis.com\/tunisie\/2019\/10\/17\/tunisie-kais-saied-est-officiellement-president-de-la-republique\/#article","isPartOf":{"@id":"https:\/\/kapitalis.com\/tunisie\/2019\/10\/17\/tunisie-kais-saied-est-officiellement-president-de-la-republique\/"},"author":{"name":"Cherif Benyounes","@id":"https:\/\/kapitalis.com\/tunisie\/#\/schema\/person\/b35b8d631961131107263178aeb8019e"},"headline":"Tunisie : Ka\u00efs Sa\u00efed est officiellement pr\u00e9sident de la R\u00e9publique","datePublished":"2019-10-17T11:14:40+00:00","dateModified":"2019-10-17T12:35:39+00:00","mainEntityOfPage":{"@id":"https:\/\/kapitalis.com\/tunisie\/2019\/10\/17\/tunisie-kais-saied-est-officiellement-president-de-la-republique\/"},"wordCount":211,"commentCount":2,"publisher":{"@id":"https:\/\/kapitalis.com\/tunisie\/#organization"},"keywords":["Isie","Ka\u00efs Saied","Nabil Baffoun"],"articleSection":["POLITIQUE","Tunisie"],"inLanguage":"fr-FR","potentialAction":[{"@type":"CommentAction","name":"Comment","target":["https:\/\/kapitalis.com\/tunisie\/2019\/10\/17\/tunisie-kais-saied-est-officiellement-president-de-la-republique\/#respond"]}]},{"@type":"WebPage","@id":"https:\/\/kapitalis.com\/tunisie\/2019\/10\/17\/tunisie-kais-saied-est-officiellement-president-de-la-republique\/","url":"https:\/\/kapitalis.com\/tunisie\/2019\/10\/17\/tunisie-kais-saied-est-officiellement-president-de-la-republique\/","name":"Tunisie : Ka\u00efs Sa\u00efed est officiellement pr\u00e9sident de la R\u00e9publique - Kapitalis","isPartOf":{"@id":"https:\/\/kapitalis.com\/tunisie\/#website"},"datePublished":"2019-10-17T11:14:40+00:00","dateModified":"2019-10-17T12:35:39+00:00","breadcrumb":{"@id":"https:\/\/kapitalis.com\/tunisie\/2019\/10\/17\/tunisie-kais-saied-est-officiellement-president-de-la-republique\/#breadcrumb"},"inLanguage":"fr-FR","potentialAction":[{"@type":"ReadAction","target":["https:\/\/kapitalis.com\/tunisie\/2019\/10\/17\/tunisie-kais-saied-est-officiellement-president-de-la-republique\/"]}]},{"@type":"BreadcrumbList","@id":"https:\/\/kapitalis.com\/tunisie\/2019\/10\/17\/tunisie-kais-saied-est-officiellement-president-de-la-republique\/#breadcrumb","itemListElement":[{"@type":"ListItem","position":1,"name":"Accueil","item":"https:\/\/kapitalis.com\/tunisie\/"},{"@type":"ListItem","position":2,"name":"Tunisie : Ka\u00efs Sa\u00efed est officiellement pr\u00e9sident de la R\u00e9publique"}]},{"@type":"WebSite","@id":"https:\/\/kapitalis.com\/tunisie\/#website","url":"https:\/\/kapitalis.com\/tunisie\/","name":"Kapitalis","description":"L&#039;actualit\u00e9 en Tunisie et dans le monde","publisher":{"@id":"https:\/\/kapitalis.com\/tunisie\/#organization"},"potentialAction":[{"@type":"SearchAction","target":{"@type":"EntryPoint","urlTemplate":"https:\/\/kapitalis.com\/tunisie\/?s={search_term_string}"},"query-input":{"@type":"PropertyValueSpecification","valueRequired":true,"valueName":"search_term_string"}}],"inLanguage":"fr-FR"},{"@type":"Organization","@id":"https:\/\/kapitalis.com\/tunisie\/#organization","name":"Kapitalis","url":"https:\/\/kapitalis.com\/tunisie\/","logo":{"@type":"ImageObject","inLanguage":"fr-FR","@id":"https:\/\/kapitalis.com\/tunisie\/#\/schema\/logo\/image\/","url":"https:\/\/kapitalis.com\/tunisie\/wp-content\/uploads\/2022\/05\/Kapitalis-big-size.png","contentUrl":"https:\/\/kapitalis.com\/tunisie\/wp-content\/uploads\/2022\/05\/Kapitalis-big-size.png","width":5000,"height":1500,"caption":"Kapitalis"},"image":{"@id":"https:\/\/kapitalis.com\/tunisie\/#\/schema\/logo\/image\/"},"sameAs":["https:\/\/www.facebook.com\/KapitalisInfo\/","https:\/\/x.com\/KapitalisInfo","https:\/\/www.youtube.com\/channel\/UC-yDYrHyfFBWWZaOw3FPg9Q"]},{"@type":"Person","@id":"https:\/\/kapitalis.com\/tunisie\/#\/schema\/person\/b35b8d631961131107263178aeb8019e","name":"Cherif Benyounes","url":"https:\/\/kapitalis.com\/tunisie\/author\/cherif\/"}]}},"_links":{"self":[{"href":"https:\/\/kapitalis.com\/tunisie\/wp-json\/wp\/v2\/posts\/247798","targetHints":{"allow":["GET"]}}],"collection":[{"href":"https:\/\/kapitalis.com\/tunisie\/wp-json\/wp\/v2\/posts"}],"about":[{"href":"https:\/\/kapitalis.com\/tunisie\/wp-json\/wp\/v2\/types\/post"}],"author":[{"embeddable":true,"href":"https:\/\/kapitalis.com\/tunisie\/wp-json\/wp\/v2\/users\/24"}],"replies":[{"embeddable":true,"href":"https:\/\/kapitalis.com\/tunisie\/wp-json\/wp\/v2\/comments?post=247798"}],"version-history":[{"count":0,"href":"https:\/\/kapitalis.com\/tunisie\/wp-json\/wp\/v2\/posts\/247798\/revisions"}],"wp:attachment":[{"href":"https:\/\/kapitalis.com\/tunisie\/wp-json\/wp\/v2\/media?parent=247798"}],"wp:term":[{"taxonomy":"category","embeddable":true,"href":"https:\/\/kapitalis.com\/tunisie\/wp-json\/wp\/v2\/categories?post=247798"},{"taxonomy":"post_tag","embeddable":true,"href":"https:\/\/kapitalis.com\/tunisie\/wp-json\/wp\/v2\/tags?post=247798"}],"curies":[{"name":"wp","href":"https:\/\/api.w.org\/{rel}","templated":true}]}}