{"id":248119,"date":"2019-10-18T13:20:51","date_gmt":"2019-10-18T12:20:51","guid":{"rendered":"http:\/\/kapitalis.com\/tunisie\/?p=248119"},"modified":"2019-10-18T18:00:57","modified_gmt":"2019-10-18T17:00:57","slug":"tunisie-le-nouveau-president-kais-saied-pretera-serment-le-mercredi-23-octobre-2019","status":"publish","type":"post","link":"https:\/\/kapitalis.com\/tunisie\/2019\/10\/18\/tunisie-le-nouveau-president-kais-saied-pretera-serment-le-mercredi-23-octobre-2019\/","title":{"rendered":"Tunisie : Le nouveau pr\u00e9sident Kais Saied pr\u00eatera serment le mercredi 23 octobre 2019"},"content":{"rendered":"\n<figure class=\"wp-block-image\"><img decoding=\"async\" src=\"http:\/\/kapitalis.com\/tunisie\/wp-content\/uploads\/2019\/10\/Kais-Saied-serment-ARP.jpg\" alt=\"\" class=\"wp-image-248124\"\/><\/figure>\n\n\n\n<p><strong><em>L&rsquo;Assembl\u00e9e des repr\u00e9sentants du peuple (ARP) a annonc\u00e9, ce vendredi 18 octobre 2019, que le pr\u00e9sident nouvellement \u00e9lu Ka\u00efs Sa\u00efed pr\u00eatera serment mercredi prochain, 23 octobre 2019.<\/em><\/strong><\/p>\n\n\n\n<!--more-->\n\n\n\n<p>La date de la tenue d&rsquo;une s\u00e9ance pl\u00e9ni\u00e8re extraordinaire vient d&rsquo;\u00eatre officiellement fix\u00e9e par le bureau de l&rsquo;ARP. <\/p>\n\n\n\n<p>Le pr\u00e9sident nouvellement \u00e9lu va donc pr\u00eater serment devant le parlement sortant, et ce afin de respecter les d\u00e9lais fix\u00e9s par le texte de la constitution, et qui limitent \u00e0 90 jours l&rsquo;int\u00e9rim de la pr\u00e9sidence de la r\u00e9publique, assur\u00e9 par Mohamed Ennaceur depuis le 25 juillet dernier, jour du d\u00e9c\u00e8s de l&rsquo;ex-pr\u00e9sident B\u00e9ji Ca\u00efd Essebsi.  <\/p>\n\n\n\n<p style=\"text-align:right\"><strong>A. M.<\/strong><\/p>\n","protected":false},"excerpt":{"rendered":"<p>L&rsquo;Assembl\u00e9e des repr\u00e9sentants du peuple (ARP) a annonc\u00e9, ce vendredi 18 octobre 2019, que le pr\u00e9sident nouvellement \u00e9lu Ka\u00efs Sa\u00efed pr\u00eatera serment mercredi prochain, 23 octobre 2019.<\/p>\n","protected":false},"author":22,"featured_media":248124,"comment_status":"open","ping_status":"open","sticky":false,"template":"","format":"standard","meta":{"footnotes":""},"categories":[997,2433],"tags":[84,12235],"class_list":["post-248119","post","type-post","status-publish","format-standard","has-post-thumbnail","hentry","category-politique","category-tunisie","tag-arp","tag-kais-saied"],"yoast_head":"<!-- This site is optimized with the Yoast SEO plugin v26.6 - https:\/\/yoast.com\/wordpress\/plugins\/seo\/ -->\n<title>Tunisie : Le nouveau pr\u00e9sident Kais Saied pr\u00eatera serment le mercredi 23 octobre 2019 - Kapitalis<\/title>\n<meta name=\"robots\" content=\"index, follow, max-snippet:-1, max-image-preview:large, max-video-preview:-1\" \/>\n<link rel=\"canonical\" href=\"https:\/\/kapitalis.com\/tunisie\/2019\/10\/18\/tunisie-le-nouveau-president-kais-saied-pretera-serment-le-mercredi-23-octobre-2019\/\" \/>\n<meta property=\"og:locale\" content=\"fr_FR\" \/>\n<meta property=\"og:type\" content=\"article\" \/>\n<meta property=\"og:title\" content=\"Tunisie : Le nouveau pr\u00e9sident Kais Saied pr\u00eatera serment le mercredi 23 octobre 2019 - Kapitalis\" \/>\n<meta property=\"og:description\" content=\"L&rsquo;Assembl\u00e9e des repr\u00e9sentants du peuple (ARP) a annonc\u00e9, ce vendredi 18 octobre 2019, que le pr\u00e9sident nouvellement \u00e9lu Ka\u00efs Sa\u00efed pr\u00eatera serment mercredi prochain, 23 octobre 2019.\" \/>\n<meta property=\"og:url\" content=\"https:\/\/kapitalis.com\/tunisie\/2019\/10\/18\/tunisie-le-nouveau-president-kais-saied-pretera-serment-le-mercredi-23-octobre-2019\/\" \/>\n<meta property=\"og:site_name\" content=\"Kapitalis\" \/>\n<meta property=\"article:publisher\" content=\"https:\/\/www.facebook.com\/KapitalisInfo\/\" \/>\n<meta property=\"article:published_time\" content=\"2019-10-18T12:20:51+00:00\" \/>\n<meta property=\"article:modified_time\" content=\"2019-10-18T17:00:57+00:00\" \/>\n<meta property=\"og:image\" content=\"https:\/\/kapitalis.com\/tunisie\/wp-content\/uploads\/2022\/05\/kapitalis-logo-fb.png\" \/>\n\t<meta property=\"og:image:width\" content=\"1200\" \/>\n\t<meta property=\"og:image:height\" content=\"630\" \/>\n\t<meta property=\"og:image:type\" content=\"image\/png\" \/>\n<meta name=\"author\" content=\"Amina Mkada\" \/>\n<meta name=\"twitter:card\" content=\"summary_large_image\" \/>\n<meta name=\"twitter:creator\" content=\"@KapitalisInfo\" \/>\n<meta name=\"twitter:site\" content=\"@KapitalisInfo\" \/>\n<meta name=\"twitter:label1\" content=\"\u00c9crit par\" \/>\n\t<meta name=\"twitter:data1\" content=\"Amina Mkada\" \/>\n\t<meta name=\"twitter:label2\" content=\"Dur\u00e9e de lecture estim\u00e9e\" \/>\n\t<meta name=\"twitter:data2\" content=\"1 minute\" \/>\n<script type=\"application\/ld+json\" class=\"yoast-schema-graph\">{\"@context\":\"https:\/\/schema.org\",\"@graph\":[{\"@type\":\"Article\",\"@id\":\"https:\/\/kapitalis.com\/tunisie\/2019\/10\/18\/tunisie-le-nouveau-president-kais-saied-pretera-serment-le-mercredi-23-octobre-2019\/#article\",\"isPartOf\":{\"@id\":\"https:\/\/kapitalis.com\/tunisie\/2019\/10\/18\/tunisie-le-nouveau-president-kais-saied-pretera-serment-le-mercredi-23-octobre-2019\/\"},\"author\":{\"name\":\"Amina Mkada\",\"@id\":\"https:\/\/kapitalis.com\/tunisie\/#\/schema\/person\/093913313d3017554cb3ad077fff3fbd\"},\"headline\":\"Tunisie : Le nouveau pr\u00e9sident Kais Saied pr\u00eatera serment le mercredi 23 octobre 2019\",\"datePublished\":\"2019-10-18T12:20:51+00:00\",\"dateModified\":\"2019-10-18T17:00:57+00:00\",\"mainEntityOfPage\":{\"@id\":\"https:\/\/kapitalis.com\/tunisie\/2019\/10\/18\/tunisie-le-nouveau-president-kais-saied-pretera-serment-le-mercredi-23-octobre-2019\/\"},\"wordCount\":132,\"commentCount\":1,\"publisher\":{\"@id\":\"https:\/\/kapitalis.com\/tunisie\/#organization\"},\"image\":{\"@id\":\"https:\/\/kapitalis.com\/tunisie\/2019\/10\/18\/tunisie-le-nouveau-president-kais-saied-pretera-serment-le-mercredi-23-octobre-2019\/#primaryimage\"},\"thumbnailUrl\":\"\",\"keywords\":[\"ARP\",\"Ka\u00efs Saied\"],\"articleSection\":[\"POLITIQUE\",\"Tunisie\"],\"inLanguage\":\"fr-FR\",\"potentialAction\":[{\"@type\":\"CommentAction\",\"name\":\"Comment\",\"target\":[\"https:\/\/kapitalis.com\/tunisie\/2019\/10\/18\/tunisie-le-nouveau-president-kais-saied-pretera-serment-le-mercredi-23-octobre-2019\/#respond\"]}]},{\"@type\":\"WebPage\",\"@id\":\"https:\/\/kapitalis.com\/tunisie\/2019\/10\/18\/tunisie-le-nouveau-president-kais-saied-pretera-serment-le-mercredi-23-octobre-2019\/\",\"url\":\"https:\/\/kapitalis.com\/tunisie\/2019\/10\/18\/tunisie-le-nouveau-president-kais-saied-pretera-serment-le-mercredi-23-octobre-2019\/\",\"name\":\"Tunisie : Le nouveau pr\u00e9sident Kais Saied pr\u00eatera serment le mercredi 23 octobre 2019 - Kapitalis\",\"isPartOf\":{\"@id\":\"https:\/\/kapitalis.com\/tunisie\/#website\"},\"primaryImageOfPage\":{\"@id\":\"https:\/\/kapitalis.com\/tunisie\/2019\/10\/18\/tunisie-le-nouveau-president-kais-saied-pretera-serment-le-mercredi-23-octobre-2019\/#primaryimage\"},\"image\":{\"@id\":\"https:\/\/kapitalis.com\/tunisie\/2019\/10\/18\/tunisie-le-nouveau-president-kais-saied-pretera-serment-le-mercredi-23-octobre-2019\/#primaryimage\"},\"thumbnailUrl\":\"\",\"datePublished\":\"2019-10-18T12:20:51+00:00\",\"dateModified\":\"2019-10-18T17:00:57+00:00\",\"breadcrumb\":{\"@id\":\"https:\/\/kapitalis.com\/tunisie\/2019\/10\/18\/tunisie-le-nouveau-president-kais-saied-pretera-serment-le-mercredi-23-octobre-2019\/#breadcrumb\"},\"inLanguage\":\"fr-FR\",\"potentialAction\":[{\"@type\":\"ReadAction\",\"target\":[\"https:\/\/kapitalis.com\/tunisie\/2019\/10\/18\/tunisie-le-nouveau-president-kais-saied-pretera-serment-le-mercredi-23-octobre-2019\/\"]}]},{\"@type\":\"ImageObject\",\"inLanguage\":\"fr-FR\",\"@id\":\"https:\/\/kapitalis.com\/tunisie\/2019\/10\/18\/tunisie-le-nouveau-president-kais-saied-pretera-serment-le-mercredi-23-octobre-2019\/#primaryimage\",\"url\":\"\",\"contentUrl\":\"\"},{\"@type\":\"BreadcrumbList\",\"@id\":\"https:\/\/kapitalis.com\/tunisie\/2019\/10\/18\/tunisie-le-nouveau-president-kais-saied-pretera-serment-le-mercredi-23-octobre-2019\/#breadcrumb\",\"itemListElement\":[{\"@type\":\"ListItem\",\"position\":1,\"name\":\"Accueil\",\"item\":\"https:\/\/kapitalis.com\/tunisie\/\"},{\"@type\":\"ListItem\",\"position\":2,\"name\":\"Tunisie : Le nouveau pr\u00e9sident Kais Saied pr\u00eatera serment le mercredi 23 octobre 2019\"}]},{\"@type\":\"WebSite\",\"@id\":\"https:\/\/kapitalis.com\/tunisie\/#website\",\"url\":\"https:\/\/kapitalis.com\/tunisie\/\",\"name\":\"Kapitalis\",\"description\":\"L&#039;actualit\u00e9 en Tunisie et dans le monde\",\"publisher\":{\"@id\":\"https:\/\/kapitalis.com\/tunisie\/#organization\"},\"potentialAction\":[{\"@type\":\"SearchAction\",\"target\":{\"@type\":\"EntryPoint\",\"urlTemplate\":\"https:\/\/kapitalis.com\/tunisie\/?s={search_term_string}\"},\"query-input\":{\"@type\":\"PropertyValueSpecification\",\"valueRequired\":true,\"valueName\":\"search_term_string\"}}],\"inLanguage\":\"fr-FR\"},{\"@type\":\"Organization\",\"@id\":\"https:\/\/kapitalis.com\/tunisie\/#organization\",\"name\":\"Kapitalis\",\"url\":\"https:\/\/kapitalis.com\/tunisie\/\",\"logo\":{\"@type\":\"ImageObject\",\"inLanguage\":\"fr-FR\",\"@id\":\"https:\/\/kapitalis.com\/tunisie\/#\/schema\/logo\/image\/\",\"url\":\"https:\/\/kapitalis.com\/tunisie\/wp-content\/uploads\/2022\/05\/Kapitalis-big-size.png\",\"contentUrl\":\"https:\/\/kapitalis.com\/tunisie\/wp-content\/uploads\/2022\/05\/Kapitalis-big-size.png\",\"width\":5000,\"height\":1500,\"caption\":\"Kapitalis\"},\"image\":{\"@id\":\"https:\/\/kapitalis.com\/tunisie\/#\/schema\/logo\/image\/\"},\"sameAs\":[\"https:\/\/www.facebook.com\/KapitalisInfo\/\",\"https:\/\/x.com\/KapitalisInfo\",\"https:\/\/www.youtube.com\/channel\/UC-yDYrHyfFBWWZaOw3FPg9Q\"]},{\"@type\":\"Person\",\"@id\":\"https:\/\/kapitalis.com\/tunisie\/#\/schema\/person\/093913313d3017554cb3ad077fff3fbd\",\"name\":\"Amina Mkada\",\"url\":\"https:\/\/kapitalis.com\/tunisie\/author\/amina\/\"}]}<\/script>\n<!-- \/ Yoast SEO plugin. -->","yoast_head_json":{"title":"Tunisie : Le nouveau pr\u00e9sident Kais Saied pr\u00eatera serment le mercredi 23 octobre 2019 - Kapitalis","robots":{"index":"index","follow":"follow","max-snippet":"max-snippet:-1","max-image-preview":"max-image-preview:large","max-video-preview":"max-video-preview:-1"},"canonical":"https:\/\/kapitalis.com\/tunisie\/2019\/10\/18\/tunisie-le-nouveau-president-kais-saied-pretera-serment-le-mercredi-23-octobre-2019\/","og_locale":"fr_FR","og_type":"article","og_title":"Tunisie : Le nouveau pr\u00e9sident Kais Saied pr\u00eatera serment le mercredi 23 octobre 2019 - Kapitalis","og_description":"L&rsquo;Assembl\u00e9e des repr\u00e9sentants du peuple (ARP) a annonc\u00e9, ce vendredi 18 octobre 2019, que le pr\u00e9sident nouvellement \u00e9lu Ka\u00efs Sa\u00efed pr\u00eatera serment mercredi prochain, 23 octobre 2019.","og_url":"https:\/\/kapitalis.com\/tunisie\/2019\/10\/18\/tunisie-le-nouveau-president-kais-saied-pretera-serment-le-mercredi-23-octobre-2019\/","og_site_name":"Kapitalis","article_publisher":"https:\/\/www.facebook.com\/KapitalisInfo\/","article_published_time":"2019-10-18T12:20:51+00:00","article_modified_time":"2019-10-18T17:00:57+00:00","og_image":[{"width":1200,"height":630,"url":"https:\/\/kapitalis.com\/tunisie\/wp-content\/uploads\/2022\/05\/kapitalis-logo-fb.png","type":"image\/png"}],"author":"Amina Mkada","twitter_card":"summary_large_image","twitter_creator":"@KapitalisInfo","twitter_site":"@KapitalisInfo","twitter_misc":{"\u00c9crit par":"Amina Mkada","Dur\u00e9e de lecture estim\u00e9e":"1 minute"},"schema":{"@context":"https:\/\/schema.org","@graph":[{"@type":"Article","@id":"https:\/\/kapitalis.com\/tunisie\/2019\/10\/18\/tunisie-le-nouveau-president-kais-saied-pretera-serment-le-mercredi-23-octobre-2019\/#article","isPartOf":{"@id":"https:\/\/kapitalis.com\/tunisie\/2019\/10\/18\/tunisie-le-nouveau-president-kais-saied-pretera-serment-le-mercredi-23-octobre-2019\/"},"author":{"name":"Amina Mkada","@id":"https:\/\/kapitalis.com\/tunisie\/#\/schema\/person\/093913313d3017554cb3ad077fff3fbd"},"headline":"Tunisie : Le nouveau pr\u00e9sident Kais Saied pr\u00eatera serment le mercredi 23 octobre 2019","datePublished":"2019-10-18T12:20:51+00:00","dateModified":"2019-10-18T17:00:57+00:00","mainEntityOfPage":{"@id":"https:\/\/kapitalis.com\/tunisie\/2019\/10\/18\/tunisie-le-nouveau-president-kais-saied-pretera-serment-le-mercredi-23-octobre-2019\/"},"wordCount":132,"commentCount":1,"publisher":{"@id":"https:\/\/kapitalis.com\/tunisie\/#organization"},"image":{"@id":"https:\/\/kapitalis.com\/tunisie\/2019\/10\/18\/tunisie-le-nouveau-president-kais-saied-pretera-serment-le-mercredi-23-octobre-2019\/#primaryimage"},"thumbnailUrl":"","keywords":["ARP","Ka\u00efs Saied"],"articleSection":["POLITIQUE","Tunisie"],"inLanguage":"fr-FR","potentialAction":[{"@type":"CommentAction","name":"Comment","target":["https:\/\/kapitalis.com\/tunisie\/2019\/10\/18\/tunisie-le-nouveau-president-kais-saied-pretera-serment-le-mercredi-23-octobre-2019\/#respond"]}]},{"@type":"WebPage","@id":"https:\/\/kapitalis.com\/tunisie\/2019\/10\/18\/tunisie-le-nouveau-president-kais-saied-pretera-serment-le-mercredi-23-octobre-2019\/","url":"https:\/\/kapitalis.com\/tunisie\/2019\/10\/18\/tunisie-le-nouveau-president-kais-saied-pretera-serment-le-mercredi-23-octobre-2019\/","name":"Tunisie : Le nouveau pr\u00e9sident Kais Saied pr\u00eatera serment le mercredi 23 octobre 2019 - Kapitalis","isPartOf":{"@id":"https:\/\/kapitalis.com\/tunisie\/#website"},"primaryImageOfPage":{"@id":"https:\/\/kapitalis.com\/tunisie\/2019\/10\/18\/tunisie-le-nouveau-president-kais-saied-pretera-serment-le-mercredi-23-octobre-2019\/#primaryimage"},"image":{"@id":"https:\/\/kapitalis.com\/tunisie\/2019\/10\/18\/tunisie-le-nouveau-president-kais-saied-pretera-serment-le-mercredi-23-octobre-2019\/#primaryimage"},"thumbnailUrl":"","datePublished":"2019-10-18T12:20:51+00:00","dateModified":"2019-10-18T17:00:57+00:00","breadcrumb":{"@id":"https:\/\/kapitalis.com\/tunisie\/2019\/10\/18\/tunisie-le-nouveau-president-kais-saied-pretera-serment-le-mercredi-23-octobre-2019\/#breadcrumb"},"inLanguage":"fr-FR","potentialAction":[{"@type":"ReadAction","target":["https:\/\/kapitalis.com\/tunisie\/2019\/10\/18\/tunisie-le-nouveau-president-kais-saied-pretera-serment-le-mercredi-23-octobre-2019\/"]}]},{"@type":"ImageObject","inLanguage":"fr-FR","@id":"https:\/\/kapitalis.com\/tunisie\/2019\/10\/18\/tunisie-le-nouveau-president-kais-saied-pretera-serment-le-mercredi-23-octobre-2019\/#primaryimage","url":"","contentUrl":""},{"@type":"BreadcrumbList","@id":"https:\/\/kapitalis.com\/tunisie\/2019\/10\/18\/tunisie-le-nouveau-president-kais-saied-pretera-serment-le-mercredi-23-octobre-2019\/#breadcrumb","itemListElement":[{"@type":"ListItem","position":1,"name":"Accueil","item":"https:\/\/kapitalis.com\/tunisie\/"},{"@type":"ListItem","position":2,"name":"Tunisie : Le nouveau pr\u00e9sident Kais Saied pr\u00eatera serment le mercredi 23 octobre 2019"}]},{"@type":"WebSite","@id":"https:\/\/kapitalis.com\/tunisie\/#website","url":"https:\/\/kapitalis.com\/tunisie\/","name":"Kapitalis","description":"L&#039;actualit\u00e9 en Tunisie et dans le monde","publisher":{"@id":"https:\/\/kapitalis.com\/tunisie\/#organization"},"potentialAction":[{"@type":"SearchAction","target":{"@type":"EntryPoint","urlTemplate":"https:\/\/kapitalis.com\/tunisie\/?s={search_term_string}"},"query-input":{"@type":"PropertyValueSpecification","valueRequired":true,"valueName":"search_term_string"}}],"inLanguage":"fr-FR"},{"@type":"Organization","@id":"https:\/\/kapitalis.com\/tunisie\/#organization","name":"Kapitalis","url":"https:\/\/kapitalis.com\/tunisie\/","logo":{"@type":"ImageObject","inLanguage":"fr-FR","@id":"https:\/\/kapitalis.com\/tunisie\/#\/schema\/logo\/image\/","url":"https:\/\/kapitalis.com\/tunisie\/wp-content\/uploads\/2022\/05\/Kapitalis-big-size.png","contentUrl":"https:\/\/kapitalis.com\/tunisie\/wp-content\/uploads\/2022\/05\/Kapitalis-big-size.png","width":5000,"height":1500,"caption":"Kapitalis"},"image":{"@id":"https:\/\/kapitalis.com\/tunisie\/#\/schema\/logo\/image\/"},"sameAs":["https:\/\/www.facebook.com\/KapitalisInfo\/","https:\/\/x.com\/KapitalisInfo","https:\/\/www.youtube.com\/channel\/UC-yDYrHyfFBWWZaOw3FPg9Q"]},{"@type":"Person","@id":"https:\/\/kapitalis.com\/tunisie\/#\/schema\/person\/093913313d3017554cb3ad077fff3fbd","name":"Amina Mkada","url":"https:\/\/kapitalis.com\/tunisie\/author\/amina\/"}]}},"_links":{"self":[{"href":"https:\/\/kapitalis.com\/tunisie\/wp-json\/wp\/v2\/posts\/248119","targetHints":{"allow":["GET"]}}],"collection":[{"href":"https:\/\/kapitalis.com\/tunisie\/wp-json\/wp\/v2\/posts"}],"about":[{"href":"https:\/\/kapitalis.com\/tunisie\/wp-json\/wp\/v2\/types\/post"}],"author":[{"embeddable":true,"href":"https:\/\/kapitalis.com\/tunisie\/wp-json\/wp\/v2\/users\/22"}],"replies":[{"embeddable":true,"href":"https:\/\/kapitalis.com\/tunisie\/wp-json\/wp\/v2\/comments?post=248119"}],"version-history":[{"count":0,"href":"https:\/\/kapitalis.com\/tunisie\/wp-json\/wp\/v2\/posts\/248119\/revisions"}],"wp:featuredmedia":[{"embeddable":true,"href":"https:\/\/kapitalis.com\/tunisie\/wp-json\/wp\/v2\/media\/248124"}],"wp:attachment":[{"href":"https:\/\/kapitalis.com\/tunisie\/wp-json\/wp\/v2\/media?parent=248119"}],"wp:term":[{"taxonomy":"category","embeddable":true,"href":"https:\/\/kapitalis.com\/tunisie\/wp-json\/wp\/v2\/categories?post=248119"},{"taxonomy":"post_tag","embeddable":true,"href":"https:\/\/kapitalis.com\/tunisie\/wp-json\/wp\/v2\/tags?post=248119"}],"curies":[{"name":"wp","href":"https:\/\/api.w.org\/{rel}","templated":true}]}}