{"id":248370,"date":"2019-10-19T12:16:23","date_gmt":"2019-10-19T11:16:23","guid":{"rendered":"http:\/\/kapitalis.com\/tunisie\/?p=248370"},"modified":"2019-10-19T12:19:42","modified_gmt":"2019-10-19T11:19:42","slug":"danse-the-kitchen-theory-dimanche-20-octobre-2019-a-tunis","status":"publish","type":"post","link":"https:\/\/kapitalis.com\/tunisie\/2019\/10\/19\/danse-the-kitchen-theory-dimanche-20-octobre-2019-a-tunis\/","title":{"rendered":"Danse : \u00abThe Kitchen Theory\u00bb, dimanche 20 octobre 2019, \u00e0 Tunis"},"content":{"rendered":"\n<figure class=\"wp-block-image\"><img decoding=\"async\" src=\"http:\/\/kapitalis.com\/tunisie\/wp-content\/uploads\/2019\/10\/The-Kitchen-Theory..jpg\" alt=\"\" class=\"wp-image-248378\"\/><\/figure>\n\n\n\n<p><strong><em>L&rsquo;association Hayyou&rsquo;Raqs pr\u00e9sentera son spectacle \u00abThe Kitchen Theory\u00bb (ou \u00ab\u00a0Th\u00e9orie de la cuisine\u00a0\u00bb) produit par Dacru Company, demain dimanche 20 octobre 2019, au Th\u00e9\u00e2tre du 4e Art, \u00e0 Tunis \u00e0 17 heures (vid\u00e9o).<\/em><\/strong><\/p>\n\n\n\n<!--more-->\n\n\n\n<p>Le spectacle, parrain\u00e9 par Open Art Week, sera anim\u00e9 par les chor\u00e9graphes Marissa Ragazzo et Omid Ighani. Les danseurs sont Omid Ighani, Samar Khorwash, Alessandro Marconcini, Serena Stefani, Claudia Taloni, et Tiziano Vecchi.<\/p>\n\n\n\n<figure class=\"wp-block-embed-youtube wp-block-embed is-type-video is-provider-youtube wp-embed-aspect-16-9 wp-has-aspect-ratio\"><div class=\"wp-block-embed__wrapper\">\n<iframe loading=\"lazy\" title=\"The Kitchen Theory\" width=\"1160\" height=\"653\" src=\"https:\/\/www.youtube.com\/embed\/zxu93MzdmKc?feature=oembed\" frameborder=\"0\" allow=\"accelerometer; autoplay; clipboard-write; encrypted-media; gyroscope; picture-in-picture\" allowfullscreen><\/iframe>\n<\/div><\/figure>\n\n\n\n<p>Selon l&rsquo;Association Hayyou&rsquo;Raqs, ce spectacle est \u00ab<em>un acte unique fulgurant, sophistiqu\u00e9 et miroir de la nouvelle avant-garde de danse et de th\u00e9\u00e2tre urbain, nourri des gestes et sonorit\u00e9s quotidiens<\/em>. <em>Dans les cuisines nous parlons d&rsquo;amour, nous crions l&rsquo;incompr\u00e9hension,\u00a0nous d\u00e9non\u00e7ons la solitude, nous cassons les paroles au moment des adieux\u2026mais nous parlons toujours d\u2019amour&#8230;<\/em>\u00bb. <\/p>\n\n\n\n<p>Le billet d&rsquo;entr\u00e9e au spectacle est de 10 DT.<\/p>\n\n\n\n<p style=\"text-align:right\"><strong>A. M.<\/strong><\/p>\n","protected":false},"excerpt":{"rendered":"<p>L&rsquo;association Hayyou&rsquo;Raqs pr\u00e9sentera son spectacle \u00abThe Kitchen Theory\u00bb (ou \u00ab\u00a0Th\u00e9orie de la cuisine\u00a0\u00bb) produit par Dacru Company, demain dimanche 20 octobre 2019, au Th\u00e9\u00e2tre du 4e Art, \u00e0 Tunis \u00e0 17 heures (vid\u00e9o).<\/p>\n","protected":false},"author":22,"featured_media":248378,"comment_status":"open","ping_status":"open","sticky":false,"template":"","format":"standard","meta":{"footnotes":""},"categories":[994,2433],"tags":[66431,66811,66809,66810,66808],"class_list":["post-248370","post","type-post","status-publish","format-standard","has-post-thumbnail","hentry","category-culture","category-tunisie","tag-20-octobre-2019","tag-dacru-company","tag-open-art-week","tag-the-kitchen-theory","tag-theatre-du-4e-art-de-tunis"],"yoast_head":"<!-- This site is optimized with the Yoast SEO plugin v26.6 - https:\/\/yoast.com\/wordpress\/plugins\/seo\/ -->\n<title>Danse : \u00abThe Kitchen Theory\u00bb, dimanche 20 octobre 2019, \u00e0 Tunis - Kapitalis<\/title>\n<meta name=\"robots\" content=\"index, follow, max-snippet:-1, max-image-preview:large, max-video-preview:-1\" \/>\n<link rel=\"canonical\" href=\"https:\/\/kapitalis.com\/tunisie\/2019\/10\/19\/danse-the-kitchen-theory-dimanche-20-octobre-2019-a-tunis\/\" \/>\n<meta property=\"og:locale\" content=\"fr_FR\" \/>\n<meta property=\"og:type\" content=\"article\" \/>\n<meta property=\"og:title\" content=\"Danse : \u00abThe Kitchen Theory\u00bb, dimanche 20 octobre 2019, \u00e0 Tunis - Kapitalis\" \/>\n<meta property=\"og:description\" content=\"L&rsquo;association Hayyou&rsquo;Raqs pr\u00e9sentera son spectacle \u00abThe Kitchen Theory\u00bb (ou \u00ab\u00a0Th\u00e9orie de la cuisine\u00a0\u00bb) produit par Dacru Company, demain dimanche 20 octobre 2019, au Th\u00e9\u00e2tre du 4e Art, \u00e0 Tunis \u00e0 17 heures (vid\u00e9o).\" \/>\n<meta property=\"og:url\" content=\"https:\/\/kapitalis.com\/tunisie\/2019\/10\/19\/danse-the-kitchen-theory-dimanche-20-octobre-2019-a-tunis\/\" \/>\n<meta property=\"og:site_name\" content=\"Kapitalis\" \/>\n<meta property=\"article:publisher\" content=\"https:\/\/www.facebook.com\/KapitalisInfo\/\" \/>\n<meta property=\"article:published_time\" content=\"2019-10-19T11:16:23+00:00\" \/>\n<meta property=\"article:modified_time\" content=\"2019-10-19T11:19:42+00:00\" \/>\n<meta property=\"og:image\" content=\"https:\/\/kapitalis.com\/tunisie\/wp-content\/uploads\/2022\/05\/kapitalis-logo-fb.png\" \/>\n\t<meta property=\"og:image:width\" content=\"1200\" \/>\n\t<meta property=\"og:image:height\" content=\"630\" \/>\n\t<meta property=\"og:image:type\" content=\"image\/png\" \/>\n<meta name=\"author\" content=\"Amina Mkada\" \/>\n<meta name=\"twitter:card\" content=\"summary_large_image\" \/>\n<meta name=\"twitter:creator\" content=\"@KapitalisInfo\" \/>\n<meta name=\"twitter:site\" content=\"@KapitalisInfo\" \/>\n<meta name=\"twitter:label1\" content=\"\u00c9crit par\" \/>\n\t<meta name=\"twitter:data1\" content=\"Amina Mkada\" \/>\n\t<meta name=\"twitter:label2\" content=\"Dur\u00e9e de lecture estim\u00e9e\" \/>\n\t<meta name=\"twitter:data2\" content=\"1 minute\" \/>\n<script type=\"application\/ld+json\" class=\"yoast-schema-graph\">{\"@context\":\"https:\/\/schema.org\",\"@graph\":[{\"@type\":\"Article\",\"@id\":\"https:\/\/kapitalis.com\/tunisie\/2019\/10\/19\/danse-the-kitchen-theory-dimanche-20-octobre-2019-a-tunis\/#article\",\"isPartOf\":{\"@id\":\"https:\/\/kapitalis.com\/tunisie\/2019\/10\/19\/danse-the-kitchen-theory-dimanche-20-octobre-2019-a-tunis\/\"},\"author\":{\"name\":\"Amina Mkada\",\"@id\":\"https:\/\/kapitalis.com\/tunisie\/#\/schema\/person\/093913313d3017554cb3ad077fff3fbd\"},\"headline\":\"Danse : \u00abThe Kitchen Theory\u00bb, dimanche 20 octobre 2019, \u00e0 Tunis\",\"datePublished\":\"2019-10-19T11:16:23+00:00\",\"dateModified\":\"2019-10-19T11:19:42+00:00\",\"mainEntityOfPage\":{\"@id\":\"https:\/\/kapitalis.com\/tunisie\/2019\/10\/19\/danse-the-kitchen-theory-dimanche-20-octobre-2019-a-tunis\/\"},\"wordCount\":150,\"commentCount\":0,\"publisher\":{\"@id\":\"https:\/\/kapitalis.com\/tunisie\/#organization\"},\"image\":{\"@id\":\"https:\/\/kapitalis.com\/tunisie\/2019\/10\/19\/danse-the-kitchen-theory-dimanche-20-octobre-2019-a-tunis\/#primaryimage\"},\"thumbnailUrl\":\"\",\"keywords\":[\"20 octobre 2019\",\"Dacru Company\",\"Open Art Week\",\"The Kitchen Theory\",\"Th\u00e9\u00e2tre du 4e Art de Tunis\"],\"articleSection\":[\"CULTURE\",\"Tunisie\"],\"inLanguage\":\"fr-FR\",\"potentialAction\":[{\"@type\":\"CommentAction\",\"name\":\"Comment\",\"target\":[\"https:\/\/kapitalis.com\/tunisie\/2019\/10\/19\/danse-the-kitchen-theory-dimanche-20-octobre-2019-a-tunis\/#respond\"]}]},{\"@type\":\"WebPage\",\"@id\":\"https:\/\/kapitalis.com\/tunisie\/2019\/10\/19\/danse-the-kitchen-theory-dimanche-20-octobre-2019-a-tunis\/\",\"url\":\"https:\/\/kapitalis.com\/tunisie\/2019\/10\/19\/danse-the-kitchen-theory-dimanche-20-octobre-2019-a-tunis\/\",\"name\":\"Danse : \u00abThe Kitchen Theory\u00bb, dimanche 20 octobre 2019, \u00e0 Tunis - Kapitalis\",\"isPartOf\":{\"@id\":\"https:\/\/kapitalis.com\/tunisie\/#website\"},\"primaryImageOfPage\":{\"@id\":\"https:\/\/kapitalis.com\/tunisie\/2019\/10\/19\/danse-the-kitchen-theory-dimanche-20-octobre-2019-a-tunis\/#primaryimage\"},\"image\":{\"@id\":\"https:\/\/kapitalis.com\/tunisie\/2019\/10\/19\/danse-the-kitchen-theory-dimanche-20-octobre-2019-a-tunis\/#primaryimage\"},\"thumbnailUrl\":\"\",\"datePublished\":\"2019-10-19T11:16:23+00:00\",\"dateModified\":\"2019-10-19T11:19:42+00:00\",\"breadcrumb\":{\"@id\":\"https:\/\/kapitalis.com\/tunisie\/2019\/10\/19\/danse-the-kitchen-theory-dimanche-20-octobre-2019-a-tunis\/#breadcrumb\"},\"inLanguage\":\"fr-FR\",\"potentialAction\":[{\"@type\":\"ReadAction\",\"target\":[\"https:\/\/kapitalis.com\/tunisie\/2019\/10\/19\/danse-the-kitchen-theory-dimanche-20-octobre-2019-a-tunis\/\"]}]},{\"@type\":\"ImageObject\",\"inLanguage\":\"fr-FR\",\"@id\":\"https:\/\/kapitalis.com\/tunisie\/2019\/10\/19\/danse-the-kitchen-theory-dimanche-20-octobre-2019-a-tunis\/#primaryimage\",\"url\":\"\",\"contentUrl\":\"\"},{\"@type\":\"BreadcrumbList\",\"@id\":\"https:\/\/kapitalis.com\/tunisie\/2019\/10\/19\/danse-the-kitchen-theory-dimanche-20-octobre-2019-a-tunis\/#breadcrumb\",\"itemListElement\":[{\"@type\":\"ListItem\",\"position\":1,\"name\":\"Accueil\",\"item\":\"https:\/\/kapitalis.com\/tunisie\/\"},{\"@type\":\"ListItem\",\"position\":2,\"name\":\"Danse : \u00abThe Kitchen Theory\u00bb, dimanche 20 octobre 2019, \u00e0 Tunis\"}]},{\"@type\":\"WebSite\",\"@id\":\"https:\/\/kapitalis.com\/tunisie\/#website\",\"url\":\"https:\/\/kapitalis.com\/tunisie\/\",\"name\":\"Kapitalis\",\"description\":\"L&#039;actualit\u00e9 en Tunisie et dans le monde\",\"publisher\":{\"@id\":\"https:\/\/kapitalis.com\/tunisie\/#organization\"},\"potentialAction\":[{\"@type\":\"SearchAction\",\"target\":{\"@type\":\"EntryPoint\",\"urlTemplate\":\"https:\/\/kapitalis.com\/tunisie\/?s={search_term_string}\"},\"query-input\":{\"@type\":\"PropertyValueSpecification\",\"valueRequired\":true,\"valueName\":\"search_term_string\"}}],\"inLanguage\":\"fr-FR\"},{\"@type\":\"Organization\",\"@id\":\"https:\/\/kapitalis.com\/tunisie\/#organization\",\"name\":\"Kapitalis\",\"url\":\"https:\/\/kapitalis.com\/tunisie\/\",\"logo\":{\"@type\":\"ImageObject\",\"inLanguage\":\"fr-FR\",\"@id\":\"https:\/\/kapitalis.com\/tunisie\/#\/schema\/logo\/image\/\",\"url\":\"https:\/\/kapitalis.com\/tunisie\/wp-content\/uploads\/2022\/05\/Kapitalis-big-size.png\",\"contentUrl\":\"https:\/\/kapitalis.com\/tunisie\/wp-content\/uploads\/2022\/05\/Kapitalis-big-size.png\",\"width\":5000,\"height\":1500,\"caption\":\"Kapitalis\"},\"image\":{\"@id\":\"https:\/\/kapitalis.com\/tunisie\/#\/schema\/logo\/image\/\"},\"sameAs\":[\"https:\/\/www.facebook.com\/KapitalisInfo\/\",\"https:\/\/x.com\/KapitalisInfo\",\"https:\/\/www.youtube.com\/channel\/UC-yDYrHyfFBWWZaOw3FPg9Q\"]},{\"@type\":\"Person\",\"@id\":\"https:\/\/kapitalis.com\/tunisie\/#\/schema\/person\/093913313d3017554cb3ad077fff3fbd\",\"name\":\"Amina Mkada\",\"url\":\"https:\/\/kapitalis.com\/tunisie\/author\/amina\/\"}]}<\/script>\n<!-- \/ Yoast SEO plugin. -->","yoast_head_json":{"title":"Danse : \u00abThe Kitchen Theory\u00bb, dimanche 20 octobre 2019, \u00e0 Tunis - Kapitalis","robots":{"index":"index","follow":"follow","max-snippet":"max-snippet:-1","max-image-preview":"max-image-preview:large","max-video-preview":"max-video-preview:-1"},"canonical":"https:\/\/kapitalis.com\/tunisie\/2019\/10\/19\/danse-the-kitchen-theory-dimanche-20-octobre-2019-a-tunis\/","og_locale":"fr_FR","og_type":"article","og_title":"Danse : \u00abThe Kitchen Theory\u00bb, dimanche 20 octobre 2019, \u00e0 Tunis - Kapitalis","og_description":"L&rsquo;association Hayyou&rsquo;Raqs pr\u00e9sentera son spectacle \u00abThe Kitchen Theory\u00bb (ou \u00ab\u00a0Th\u00e9orie de la cuisine\u00a0\u00bb) produit par Dacru Company, demain dimanche 20 octobre 2019, au Th\u00e9\u00e2tre du 4e Art, \u00e0 Tunis \u00e0 17 heures (vid\u00e9o).","og_url":"https:\/\/kapitalis.com\/tunisie\/2019\/10\/19\/danse-the-kitchen-theory-dimanche-20-octobre-2019-a-tunis\/","og_site_name":"Kapitalis","article_publisher":"https:\/\/www.facebook.com\/KapitalisInfo\/","article_published_time":"2019-10-19T11:16:23+00:00","article_modified_time":"2019-10-19T11:19:42+00:00","og_image":[{"width":1200,"height":630,"url":"https:\/\/kapitalis.com\/tunisie\/wp-content\/uploads\/2022\/05\/kapitalis-logo-fb.png","type":"image\/png"}],"author":"Amina Mkada","twitter_card":"summary_large_image","twitter_creator":"@KapitalisInfo","twitter_site":"@KapitalisInfo","twitter_misc":{"\u00c9crit par":"Amina Mkada","Dur\u00e9e de lecture estim\u00e9e":"1 minute"},"schema":{"@context":"https:\/\/schema.org","@graph":[{"@type":"Article","@id":"https:\/\/kapitalis.com\/tunisie\/2019\/10\/19\/danse-the-kitchen-theory-dimanche-20-octobre-2019-a-tunis\/#article","isPartOf":{"@id":"https:\/\/kapitalis.com\/tunisie\/2019\/10\/19\/danse-the-kitchen-theory-dimanche-20-octobre-2019-a-tunis\/"},"author":{"name":"Amina Mkada","@id":"https:\/\/kapitalis.com\/tunisie\/#\/schema\/person\/093913313d3017554cb3ad077fff3fbd"},"headline":"Danse : \u00abThe Kitchen Theory\u00bb, dimanche 20 octobre 2019, \u00e0 Tunis","datePublished":"2019-10-19T11:16:23+00:00","dateModified":"2019-10-19T11:19:42+00:00","mainEntityOfPage":{"@id":"https:\/\/kapitalis.com\/tunisie\/2019\/10\/19\/danse-the-kitchen-theory-dimanche-20-octobre-2019-a-tunis\/"},"wordCount":150,"commentCount":0,"publisher":{"@id":"https:\/\/kapitalis.com\/tunisie\/#organization"},"image":{"@id":"https:\/\/kapitalis.com\/tunisie\/2019\/10\/19\/danse-the-kitchen-theory-dimanche-20-octobre-2019-a-tunis\/#primaryimage"},"thumbnailUrl":"","keywords":["20 octobre 2019","Dacru Company","Open Art Week","The Kitchen Theory","Th\u00e9\u00e2tre du 4e Art de Tunis"],"articleSection":["CULTURE","Tunisie"],"inLanguage":"fr-FR","potentialAction":[{"@type":"CommentAction","name":"Comment","target":["https:\/\/kapitalis.com\/tunisie\/2019\/10\/19\/danse-the-kitchen-theory-dimanche-20-octobre-2019-a-tunis\/#respond"]}]},{"@type":"WebPage","@id":"https:\/\/kapitalis.com\/tunisie\/2019\/10\/19\/danse-the-kitchen-theory-dimanche-20-octobre-2019-a-tunis\/","url":"https:\/\/kapitalis.com\/tunisie\/2019\/10\/19\/danse-the-kitchen-theory-dimanche-20-octobre-2019-a-tunis\/","name":"Danse : \u00abThe Kitchen Theory\u00bb, dimanche 20 octobre 2019, \u00e0 Tunis - Kapitalis","isPartOf":{"@id":"https:\/\/kapitalis.com\/tunisie\/#website"},"primaryImageOfPage":{"@id":"https:\/\/kapitalis.com\/tunisie\/2019\/10\/19\/danse-the-kitchen-theory-dimanche-20-octobre-2019-a-tunis\/#primaryimage"},"image":{"@id":"https:\/\/kapitalis.com\/tunisie\/2019\/10\/19\/danse-the-kitchen-theory-dimanche-20-octobre-2019-a-tunis\/#primaryimage"},"thumbnailUrl":"","datePublished":"2019-10-19T11:16:23+00:00","dateModified":"2019-10-19T11:19:42+00:00","breadcrumb":{"@id":"https:\/\/kapitalis.com\/tunisie\/2019\/10\/19\/danse-the-kitchen-theory-dimanche-20-octobre-2019-a-tunis\/#breadcrumb"},"inLanguage":"fr-FR","potentialAction":[{"@type":"ReadAction","target":["https:\/\/kapitalis.com\/tunisie\/2019\/10\/19\/danse-the-kitchen-theory-dimanche-20-octobre-2019-a-tunis\/"]}]},{"@type":"ImageObject","inLanguage":"fr-FR","@id":"https:\/\/kapitalis.com\/tunisie\/2019\/10\/19\/danse-the-kitchen-theory-dimanche-20-octobre-2019-a-tunis\/#primaryimage","url":"","contentUrl":""},{"@type":"BreadcrumbList","@id":"https:\/\/kapitalis.com\/tunisie\/2019\/10\/19\/danse-the-kitchen-theory-dimanche-20-octobre-2019-a-tunis\/#breadcrumb","itemListElement":[{"@type":"ListItem","position":1,"name":"Accueil","item":"https:\/\/kapitalis.com\/tunisie\/"},{"@type":"ListItem","position":2,"name":"Danse : \u00abThe Kitchen Theory\u00bb, dimanche 20 octobre 2019, \u00e0 Tunis"}]},{"@type":"WebSite","@id":"https:\/\/kapitalis.com\/tunisie\/#website","url":"https:\/\/kapitalis.com\/tunisie\/","name":"Kapitalis","description":"L&#039;actualit\u00e9 en Tunisie et dans le monde","publisher":{"@id":"https:\/\/kapitalis.com\/tunisie\/#organization"},"potentialAction":[{"@type":"SearchAction","target":{"@type":"EntryPoint","urlTemplate":"https:\/\/kapitalis.com\/tunisie\/?s={search_term_string}"},"query-input":{"@type":"PropertyValueSpecification","valueRequired":true,"valueName":"search_term_string"}}],"inLanguage":"fr-FR"},{"@type":"Organization","@id":"https:\/\/kapitalis.com\/tunisie\/#organization","name":"Kapitalis","url":"https:\/\/kapitalis.com\/tunisie\/","logo":{"@type":"ImageObject","inLanguage":"fr-FR","@id":"https:\/\/kapitalis.com\/tunisie\/#\/schema\/logo\/image\/","url":"https:\/\/kapitalis.com\/tunisie\/wp-content\/uploads\/2022\/05\/Kapitalis-big-size.png","contentUrl":"https:\/\/kapitalis.com\/tunisie\/wp-content\/uploads\/2022\/05\/Kapitalis-big-size.png","width":5000,"height":1500,"caption":"Kapitalis"},"image":{"@id":"https:\/\/kapitalis.com\/tunisie\/#\/schema\/logo\/image\/"},"sameAs":["https:\/\/www.facebook.com\/KapitalisInfo\/","https:\/\/x.com\/KapitalisInfo","https:\/\/www.youtube.com\/channel\/UC-yDYrHyfFBWWZaOw3FPg9Q"]},{"@type":"Person","@id":"https:\/\/kapitalis.com\/tunisie\/#\/schema\/person\/093913313d3017554cb3ad077fff3fbd","name":"Amina Mkada","url":"https:\/\/kapitalis.com\/tunisie\/author\/amina\/"}]}},"_links":{"self":[{"href":"https:\/\/kapitalis.com\/tunisie\/wp-json\/wp\/v2\/posts\/248370","targetHints":{"allow":["GET"]}}],"collection":[{"href":"https:\/\/kapitalis.com\/tunisie\/wp-json\/wp\/v2\/posts"}],"about":[{"href":"https:\/\/kapitalis.com\/tunisie\/wp-json\/wp\/v2\/types\/post"}],"author":[{"embeddable":true,"href":"https:\/\/kapitalis.com\/tunisie\/wp-json\/wp\/v2\/users\/22"}],"replies":[{"embeddable":true,"href":"https:\/\/kapitalis.com\/tunisie\/wp-json\/wp\/v2\/comments?post=248370"}],"version-history":[{"count":0,"href":"https:\/\/kapitalis.com\/tunisie\/wp-json\/wp\/v2\/posts\/248370\/revisions"}],"wp:featuredmedia":[{"embeddable":true,"href":"https:\/\/kapitalis.com\/tunisie\/wp-json\/wp\/v2\/media\/248378"}],"wp:attachment":[{"href":"https:\/\/kapitalis.com\/tunisie\/wp-json\/wp\/v2\/media?parent=248370"}],"wp:term":[{"taxonomy":"category","embeddable":true,"href":"https:\/\/kapitalis.com\/tunisie\/wp-json\/wp\/v2\/categories?post=248370"},{"taxonomy":"post_tag","embeddable":true,"href":"https:\/\/kapitalis.com\/tunisie\/wp-json\/wp\/v2\/tags?post=248370"}],"curies":[{"name":"wp","href":"https:\/\/api.w.org\/{rel}","templated":true}]}}