{"id":248555,"date":"2019-10-20T13:31:27","date_gmt":"2019-10-20T12:31:27","guid":{"rendered":"http:\/\/kapitalis.com\/tunisie\/?p=248555"},"modified":"2019-10-20T13:31:29","modified_gmt":"2019-10-20T12:31:29","slug":"les-elections-et-apres-ennahdha-a-tranche-vox-populi-vox-dei","status":"publish","type":"post","link":"https:\/\/kapitalis.com\/tunisie\/2019\/10\/20\/les-elections-et-apres-ennahdha-a-tranche-vox-populi-vox-dei\/","title":{"rendered":"Les \u00e9lections et apr\u00e8s : Ennahdha a tranch\u00e9, Vox Populi, vox Dei&#8230;"},"content":{"rendered":"\n<figure class=\"wp-block-image\"><img decoding=\"async\" src=\"http:\/\/kapitalis.com\/tunisie\/wp-content\/uploads\/2019\/10\/Kais-Saied-Rached-Ghannouchi.jpg\" alt=\"\" class=\"wp-image-248556\"\/><\/figure>\n\n\n\n<p><strong><em> Au terme des derni\u00e8res \u00e9lections l\u00e9gislatives et pr\u00e9sidentielles, le mouvement islamiste Ennahdha pourrait rafler tous les pouvoirs. Pendant ce temps, les perdants, qui pataugent, auront beaucoup de peine \u00e0 former une force d\u2019opposition. Bonjour la tyrannie. <\/em><\/strong><\/p>\n\n\n\n<p> Par <strong>Yassine Essid<\/strong><\/p>\n\n\n\n<!--more-->\n\n\n\n<div class=\"wp-block-image\"><figure class=\"alignleft\"><img decoding=\"async\" src=\"http:\/\/kapitalis.com\/tunisie\/wp-content\/uploads\/2017\/10\/Yassine-Essid.jpg\" alt=\"\" class=\"wp-image-118739\"\/><\/figure><\/div>\n\n\n\n<p> En mai 2002, Jacques Chirac avait  remport\u00e9 l\u2019\u00e9lection pr\u00e9sidentielle en d\u00e9faisant Jean-Marie Le Pen du Front national au second tour par  (82,1%)  de voix contre (17,9%) pour son adversaire. Un taux <em>\u00ab\u00e0 la Saddam\u00bb<\/em>, comme on l\u2019avait qualifi\u00e9 \u00e0 l\u2019\u00e9poque.  L\u2019ancien pr\u00e9sident fran\u00e7ais avait alors b\u00e9n\u00e9fici\u00e9 des voix de tous les partis politiques, y compris ceux de la gauche qui avait opt\u00e9 pour un ralliement contre-nature dans la mesure o\u00f9 le candidat de la droite lib\u00e9rale incarnait malgr\u00e9 tout \u00e0 ses yeux la protection de la d\u00e9mocratie et des valeurs r\u00e9publicaines contre l\u2019extr\u00e9misme fascisant du candidat Le Pen. <\/p>\n\n\n\n<h3 class=\"wp-block-heading\"> L\u2019\u00abange\u00bb Sa\u00efed contre le \u00abdiable\u00bb Karoui<\/h3>\n\n\n\n<p> Le parall\u00e8le avec l\u2019\u00e9crasante victoire du candidat ind\u00e9pendant Ka\u00efs Sa\u00efed par 72,71 % de voix,  contre 27% pour Nabil Karoui, du parti Qalb Tounes, au second tour de la pr\u00e9sidentielle tunisienne, dimanche dernier, 13 octobre 2019, ne manque pas de se poser. Entre le profil douteux d\u2019un ex-d\u00e9tenu et celui non moins incertain d\u2019un autiste, la question du choix ne se posait m\u00eame pas. Mais pour contrer ce  diable malfaisant de Karoui, fallait-il que l\u2019ange Sa\u00efed  soit \u00e0 m\u00eame de l\u2019emporter par un r\u00e9sultat irr\u00e9futable. Sa victoire fut alors jug\u00e9e \u00e9crasante et qualifi\u00e9e d\u2019irr\u00e9sistible d\u00e9ferlante. Cette vague in\u00e9dite de<em> \u00abd\u00e9gagisme\u00bb<\/em> par les urnes, qui avait d\u00e9j\u00e0 profond\u00e9ment affect\u00e9 les partis traditionnels aux l\u00e9gislatives, s\u2019\u00e9tait communiqu\u00e9e inexorablement \u00e0 la pr\u00e9sidentielle.<\/p>\n\n\n\n<p> Le succ\u00e8s du \u00abprofesseur\u00bb avait donn\u00e9 lieu \u00e0 une liesse populaire disproportionn\u00e9e car totalement manipul\u00e9e par les artisans et les b\u00e9n\u00e9ficiaires de cette victoire qu\u2019ils mettront s\u00fbrement et rapidement \u00e0 profit. Le probl\u00e8me  demeure que Sa\u00efed n\u2019est pas Chirac et un tel engouement en faveur d\u2019un automate sans relief, sans faits d\u2019armes glorieux, sans appartenance id\u00e9ologique, qui n\u2019a ni vision socio-\u00e9conomique, ni propositions alternatives pour concr\u00e9tiser les priorit\u00e9s qu\u2019attend un pays \u00e0 l\u2019avenir plus qu\u2019incertain, mettent en question la question du respect des crit\u00e8res de la d\u00e9mocratie au cours de la campagne pr\u00e9sidentielle. <\/p>\n\n\n\n<p> L\u2019arrestation de Karoui comme sa lib\u00e9ration, survenue \u00e0 point nomm\u00e9, d\u00e9cid\u00e9e la veille du scrutin pour ne pas entacher celui-ci d\u2019irr\u00e9gularit\u00e9, d\u00e9montre qu\u2019il y aurait l\u00e0 une ambigu\u00eft\u00e9 de plus entre la vie politique et la r\u00e9action judiciaire, et r\u00e9v\u00e8le surtout l\u2019existence d\u2019un Etat dans l\u2019Etat, ou plut\u00f4t un autre Etat que l\u2019Etat. <\/p>\n\n\n\n<p> De plus, la communication extravertie de Karoui n\u2019a pas jou\u00e9 en sa faveur et avait m\u00eame fini par irriter son propre camp. Le mot de l\u2019\u00e9nigme est en fait dans la forte mobilisation des islamistes et leurs hackers (les internautes en savent quelque chose), et le large soutien financier d\u2019Ennahdha, majoritaire aux l\u00e9gislatives, et qui n\u2019aura pas \u00e0 s\u2019embarrasser de n\u00e9gocier une coalition gouvernementale avec d\u2019autres partis islamo-compatibles. Le mouvement islamiste raflera ainsi tous les pouvoirs. Pendant ce temps, les perdants, qui pataugent, auront beaucoup de peine \u00e0 former une force d\u2019opposition. Bonjour la tyrannie. <\/p>\n\n\n\n<h3 class=\"wp-block-heading\"> Qui se nourrit de sornettes risque de mourir de faim<\/h3>\n\n\n\n<p> D\u00e9clar\u00e9 officiellement pr\u00e9sident de la r\u00e9publique, la seule chose qu\u2019on a retenu des priorit\u00e9s du nouveau chef de l\u2019Etat est sa d\u00e9claration, inutile et nulle, que nous sommes d\u00e9sormais un pays en guerre contre le sionisme et Isra\u00ebl. Comme disait Staline,<em> \u00abcombien de divisions\u00bb<\/em>? En attendant la mobilisation g\u00e9n\u00e9rale, les lobbys juifs d\u2019Occident appr\u00e9cieront. Cette id\u00e9e farfelue, exprim\u00e9e dans un pays qui peine \u00e0 lib\u00e9rer certains de ses quartiers urbains des d\u00e9linquants et des extr\u00e9mistes musulmans, est de l\u2019ordre de la d\u00e9magogie. Le projet de lib\u00e9ration de la Palestine repose depuis 60 ans dans le coin de la d\u00e9sillusion de tous les  r\u00e9gimes arabes. Qui se nourrit de sornettes risque de mourir de faim. Et pour donner \u00e0 manger aux Tunisiens, l\u2019automate de Carthage devrait plut\u00f4t retourner consulter attentivement ses fiches jaunies d\u2019enseignant \u00e0 la retraite. Il y trouverait peut-\u00eatre le moyen de trouver les quatre milliards de dollars n\u00e9cessaires pour couvrir le d\u00e9ficit du prochain budget. <\/p>\n\n\n\n<p> Depuis l\u2019intrusion du marketing en politique, une campagne pour l\u2019\u00e9lection pr\u00e9sidentielle se construit, au-del\u00e0 de la personnalit\u00e9 du candidat, de ses engagements et combats politiques pass\u00e9es, autour de l\u2019identit\u00e9 du  parti auquel il appartient : de gauche, de droite, ou du centre.  Ses  objectifs concrets traduisent le d\u00e9vouement \u00e0 une cause, v\u00e9hiculent des valeurs morales ou sociales : d\u00e9mocratie, libert\u00e9, justice, dignit\u00e9, et avenir radieux. Bref, une terminologie largement usit\u00e9e parce que profond\u00e9ment vagues et qui commence d\u2019ailleurs \u00e0 souffrir partout d\u2019une certaine r\u00e9ticence. <\/p>\n\n\n\n<p> De plus en plus, un candidat, aujourd\u2019hui en campagne, est appel\u00e9 \u00e0  discuter et \u00e0  argumenter. Il s\u2019appuiera sur les  bilans de ses pr\u00e9d\u00e9cesseurs pour mettre en valeur le sien, exposera des projets d\u2019action pour am\u00e9liorer davantage la qualit\u00e9 de vie  de ses concitoyens ou pour d\u00e9gager le pays d\u2019une conjoncture d\u00e9favorable. Dans ce syst\u00e8me s\u00e9miotique, ce sont les th\u00e9matiques les plus tangibles, inspir\u00e9es par  le blocage de la croissance dont les cons\u00e9quences sociales dramatiques (pauvret\u00e9, in\u00e9galit\u00e9, pr\u00e9carit\u00e9  et ch\u00f4mage) qui se sont aggrav\u00e9es durant les derni\u00e8res ann\u00e9es qui doivent guider ses premiers pas dans la fonction et alimenter ses discours, sans parler d\u2019une approche claire des relations internationales. Ses proclamations belliqueuses et son intention d\u2019inaugurer son mandat par une visite en Alg\u00e9rie, un r\u00e9gime encore instable car confront\u00e9 \u00e0 de massives et r\u00e9guli\u00e8res protestations des Alg\u00e9riens, en disent long sur l\u2019amateurisme de la diplomatie \u00e0 la Sa\u00efed.<\/p>\n\n\n\n<p> G\u00e9n\u00e9ralement les candidats \u00e0 une \u00e9lection pr\u00e9sidentielle fleurissent \u00e0 l\u2019ombre des partis. Il arrive cependant qu\u2019un candidat en campagne fasse cavalier seul, se pr\u00e9tend ind\u00e9pendant, d\u00e9gag\u00e9 de toute tutelle, indiff\u00e9rent de savoir comment et par quel miracle il a r\u00e9ussi \u00e0 acc\u00e9der au second tour sans autres moyens que son visage maussade, sa d\u00e9marche assur\u00e9e d\u2019un mar\u00e9chal des logis et son mutisme absurde : une r\u00e9action de d\u00e9fense qui couvre en fait un effondrement de la pens\u00e9e. <\/p>\n\n\n\n<h3 class=\"wp-block-heading\"> Un automate emport\u00e9 par la mystique des masses inconscientes<\/h3>\n\n\n\n<p> Le nouveau pr\u00e9sident, qui affirme n\u2019avoir jamais rien demand\u00e9 \u00e0 personne, s\u2019est pourtant r\u00e9joui du spectacle merveilleux des va-nu-pieds, des \u00e9lecteurs soudoy\u00e9s, de la renaissance des  comit\u00e9s populaires, des comit\u00e9s de la r\u00e9volution et autres milices de quartiers qui le connaissent \u00e0 peine mais battent les tambours, crient son nom \u00e0 tue-t\u00eate et scandent le slogan <em>\u00abLe Peuple veut !\u00bb<\/em>, point de d\u00e9part d\u2019un nouveau processus r\u00e9volutionnaire au long cours.<\/p>\n\n\n\n<p> Devant un tel enthousiasme \u00e0 l\u2019endroit de sa personne, il a fini par d\u00e9contracter son visage renfrogn\u00e9, \u00e9prouver une \u00e9motion de joie car emport\u00e9 par la mystique des masses inconscientes et manipul\u00e9es qui se chargeront  de l\u2019encadrement collectif du moment qu\u2019il a pris soin de leur confier le droit d\u2019envisager \u00e0 leur fa\u00e7on les contours  de la soci\u00e9t\u00e9 tunisienne future. <\/p>\n\n\n\n<p><em> \u00abLe peuple veut !\u00bb<\/em> Il  appartiendra donc au prochain gouvernement de d\u00e9fendre le point de vue du peuple, d\u2019appliquer sa politique  afin de r\u00e9aliser une pleine d\u00e9mocratie. La souverainet\u00e9 populaire \u00e9tait ainsi r\u00e9duite \u00e0 ces instants de liesses savamment organis\u00e9es et adroitement orchestr\u00e9es. Une mise en sc\u00e8ne de l\u2019unanimit\u00e9 et de l\u2019accord parfait, exaltant l\u2019adh\u00e9sion sans limite du peuple envers son bienfaiteur. <\/p>\n\n\n\n<p> En r\u00e9alit\u00e9, l\u2019appel \u00e0 la volont\u00e9 du peuple n\u2019est qu\u2019une sinistre machination artistement combin\u00e9e par Ennahdha pour entra\u00eener \u00e0 sa perte son \u00aboiseau rare\u00bb en donnant \u00e0 sa victoire une forme de pl\u00e9biscite. A priori, il n\u2019y a rien dans la doctrine islamiste qui ressemble \u00e0 une identit\u00e9  de vue avec le programme politique de Sa\u00efed puisqu\u2019il n\u2019en a pas. L\u2019appui d\u2019Ennahdha ne serait en fait qu\u2019une avance sur salaire. De son c\u00f4t\u00e9, Sa\u00efed ne fait que ressusciter l\u2019engagement du vassal qui scelle sa parole et sa foi, son lien de subordination personnel vis-\u00e0-vis d\u2019un seigneur qu\u2019il ne saurait trahir sans f\u00e9lonie.<\/p>\n\n\n\n<p> Outrepassant tout anachronisme, le peuple, troupeau docile, manipulable et infantilis\u00e9 est de retour. On le veut soumis au paternalisme bienveillant de son pasteur. Or cette fois la figure du leader politique n\u2019a rien de charismatique. Mais l\u2019histoire des vicissitudes du peuple tunisien est constamment relay\u00e9e par l\u2019imposture. Cette \u00e9lection en est une autre et n\u2019a rien d\u2019une communion entre un peuple et son chef, mais celle d\u2019un peuple qui entend cumuler \u00e0 lui seul le titre de d\u00e9cideur, ranimer toutes sortes de revendications qui s\u2019exprimeront sur le mode tribal, r\u00e9gional ou confessionnel, exacerbant d\u2019anciens cadres de solidarit\u00e9s qui n\u2019avaient plus lieu d\u2019\u00eatre.<\/p>\n\n\n\n<h3 class=\"wp-block-heading\"> Des groupes bigarr\u00e9s g\u00e9n\u00e9rateurs de tensions et de dissolution sociale <\/h3>\n\n\n\n<p> Chaque groupement repr\u00e9sente une tendance, une sensibilit\u00e9, une mouvance particuli\u00e8re; chaque groupe est mu par des int\u00e9r\u00eats sp\u00e9cifiques interdisant toute reconstitution homog\u00e8ne du corps politique n\u00e9cessaire \u00e0 tout Etat moderne. La nouvelle composition de l\u2019Assembl\u00e9e r\u00e9v\u00e8le d\u00e9j\u00e0 la repr\u00e9sentativit\u00e9 de cette toile humaine h\u00e9t\u00e9roclite et de ces groupes bigarr\u00e9s g\u00e9n\u00e9rateurs de tensions faisant appara\u00eetre le spectre de la dissolution sociale qui va dans le sens du projet \u00e0 la fois h\u00e9g\u00e9monique et rassembleur des islamistes. <\/p>\n\n\n\n<p> Mais Sa\u00efed ou autre, pour pouvoir redistribuer il faut produire des richesses, et les chants des manifestants en liesse le soir de sa victoire n\u2019\u00e9taient pas un hymne au travail. Loin s\u2019en faut.<\/p>\n\n\n\n<p> Par ailleurs, la jeunesse, qui s\u2019estime autonome et souveraine gr\u00e2ce aux r\u00e9seaux sociaux, a cess\u00e9 depuis longtemps de se reconna\u00eetre en ceux qui nous gouvernent. Elle est r\u00e9fractaire \u00e0 leur discours, aussi l\u00e9nifiant soit-il, car impatiente et uniquement en attente de r\u00e9sultats tangibles. <\/p>\n\n\n\n<p> Le peuple, principalement les pauvres et les membres de la classe moyenne en d\u00e9crochage continu, si peu fiable, veut et doit \u00eatre envisag\u00e9 d\u00e9sormais comme un assemblage d\u2019individus qui \u00e9chappent de plus en plus aux partis car ils n\u2019y voient aucune utilit\u00e9 pour se d\u00e9vouer \u00e0 la cause qu\u2019ils d\u00e9fendent, si tant est qu\u2019elle exista. Ils adh\u00e8rent de moins en moins aux institutions dites repr\u00e9sentatives : syndicats, unions et corporations ou organisations de soci\u00e9t\u00e9s civiles. Les organes de m\u00e9diation entre le gouvernement et le public sont d\u00e9valoris\u00e9s et d\u00e9consid\u00e9r\u00e9es. Ceux qui seront appel\u00e9s \u00e0 diriger le pays et repr\u00e9senter le peuple se doivent d\u2019\u00eatre en coh\u00e9rence avec le changement qui s\u2019est op\u00e9r\u00e9 dans la soci\u00e9t\u00e9. Qu\u2019ils soient dot\u00e9s d\u2019une grande aptitude \u00e0 percevoir les aspirations profondes notamment d\u2019une jeunesse en compl\u00e8te disjonction avec l\u2019univers mental et le syst\u00e8me de croyance des r\u00e9gimes fa\u00e7onn\u00e9s par l\u2019Etat et les partis, fussent-ils d\u2019ob\u00e9dience islamiste. <\/p>\n\n\n\n<p> Enfin, le temps est d\u00e9sormais \u00e0 l\u2019efficacit\u00e9 et \u00e0 l\u2019anticipation afin d\u2019\u00e9viter la menace d\u2019un \u00e9miettement imma\u00eetrisable qui susciterait l&rsquo;ambition de r\u00e9inventer une souverainet\u00e9 aussi indivisible qu\u2019absolue.  Ka\u00efs Sa\u00efed ou Rached Ghannouchi ? <\/p>\n","protected":false},"excerpt":{"rendered":"<p>Au terme des derni\u00e8res \u00e9lections l\u00e9gislatives et pr\u00e9sidentielles, le mouvement islamiste Ennahdha pourrait rafler tous les pouvoirs. Pendant ce temps, les perdants, qui pataugent, auront beaucoup de peine \u00e0 former une force d\u2019opposition. Bonjour la tyrannie. Par Yassine Essid<\/p>\n","protected":false},"author":8,"featured_media":248556,"comment_status":"open","ping_status":"open","sticky":false,"template":"","format":"standard","meta":{"footnotes":""},"categories":[992,997,2433],"tags":[64816,49543,65569,12235,14826,651],"class_list":["post-248555","post","type-post","status-publish","format-standard","has-post-thumbnail","hentry","category-a-la-une","category-politique","category-tunisie","tag-degagisme","tag-ennahdha","tag-jacques-chirac","tag-kais-saied","tag-mouvement-islamiste","tag-nabil-karoui"],"yoast_head":"<!-- This site is optimized with the Yoast SEO plugin v26.6 - https:\/\/yoast.com\/wordpress\/plugins\/seo\/ -->\n<title>Les \u00e9lections et apr\u00e8s : Ennahdha a tranch\u00e9, Vox Populi, vox Dei... - Kapitalis<\/title>\n<meta name=\"robots\" content=\"index, follow, max-snippet:-1, max-image-preview:large, max-video-preview:-1\" \/>\n<link rel=\"canonical\" href=\"https:\/\/kapitalis.com\/tunisie\/2019\/10\/20\/les-elections-et-apres-ennahdha-a-tranche-vox-populi-vox-dei\/\" \/>\n<meta property=\"og:locale\" content=\"fr_FR\" \/>\n<meta property=\"og:type\" content=\"article\" \/>\n<meta property=\"og:title\" content=\"Les \u00e9lections et apr\u00e8s : Ennahdha a tranch\u00e9, Vox Populi, vox Dei... - Kapitalis\" \/>\n<meta property=\"og:description\" content=\"Au terme des derni\u00e8res \u00e9lections l\u00e9gislatives et pr\u00e9sidentielles, le mouvement islamiste Ennahdha pourrait rafler tous les pouvoirs. Pendant ce temps, les perdants, qui pataugent, auront beaucoup de peine \u00e0 former une force d\u2019opposition. Bonjour la tyrannie. Par Yassine Essid\" \/>\n<meta property=\"og:url\" content=\"https:\/\/kapitalis.com\/tunisie\/2019\/10\/20\/les-elections-et-apres-ennahdha-a-tranche-vox-populi-vox-dei\/\" \/>\n<meta property=\"og:site_name\" content=\"Kapitalis\" \/>\n<meta property=\"article:publisher\" content=\"https:\/\/www.facebook.com\/KapitalisInfo\/\" \/>\n<meta property=\"article:published_time\" content=\"2019-10-20T12:31:27+00:00\" \/>\n<meta property=\"article:modified_time\" content=\"2019-10-20T12:31:29+00:00\" \/>\n<meta property=\"og:image\" content=\"https:\/\/kapitalis.com\/tunisie\/wp-content\/uploads\/2022\/05\/kapitalis-logo-fb.png\" \/>\n\t<meta property=\"og:image:width\" content=\"1200\" \/>\n\t<meta property=\"og:image:height\" content=\"630\" \/>\n\t<meta property=\"og:image:type\" content=\"image\/png\" \/>\n<meta name=\"author\" content=\"webmaster kapitalis\" \/>\n<meta name=\"twitter:card\" content=\"summary_large_image\" \/>\n<meta name=\"twitter:creator\" content=\"@KapitalisInfo\" \/>\n<meta name=\"twitter:site\" content=\"@KapitalisInfo\" \/>\n<meta name=\"twitter:label1\" content=\"\u00c9crit par\" \/>\n\t<meta name=\"twitter:data1\" content=\"webmaster kapitalis\" \/>\n\t<meta name=\"twitter:label2\" content=\"Dur\u00e9e de lecture estim\u00e9e\" \/>\n\t<meta name=\"twitter:data2\" content=\"10 minutes\" \/>\n<script type=\"application\/ld+json\" class=\"yoast-schema-graph\">{\"@context\":\"https:\/\/schema.org\",\"@graph\":[{\"@type\":\"Article\",\"@id\":\"https:\/\/kapitalis.com\/tunisie\/2019\/10\/20\/les-elections-et-apres-ennahdha-a-tranche-vox-populi-vox-dei\/#article\",\"isPartOf\":{\"@id\":\"https:\/\/kapitalis.com\/tunisie\/2019\/10\/20\/les-elections-et-apres-ennahdha-a-tranche-vox-populi-vox-dei\/\"},\"author\":{\"name\":\"webmaster kapitalis\",\"@id\":\"https:\/\/kapitalis.com\/tunisie\/#\/schema\/person\/d71f33a9ca44f7bad4698210b480c8e9\"},\"headline\":\"Les \u00e9lections et apr\u00e8s : Ennahdha a tranch\u00e9, Vox Populi, vox Dei&#8230;\",\"datePublished\":\"2019-10-20T12:31:27+00:00\",\"dateModified\":\"2019-10-20T12:31:29+00:00\",\"mainEntityOfPage\":{\"@id\":\"https:\/\/kapitalis.com\/tunisie\/2019\/10\/20\/les-elections-et-apres-ennahdha-a-tranche-vox-populi-vox-dei\/\"},\"wordCount\":2020,\"commentCount\":14,\"publisher\":{\"@id\":\"https:\/\/kapitalis.com\/tunisie\/#organization\"},\"image\":{\"@id\":\"https:\/\/kapitalis.com\/tunisie\/2019\/10\/20\/les-elections-et-apres-ennahdha-a-tranche-vox-populi-vox-dei\/#primaryimage\"},\"thumbnailUrl\":\"\",\"keywords\":[\"d\u00e9gagisme\",\"Ennahdha\",\"Jacques Chirac\",\"Ka\u00efs Saied\",\"mouvement islamiste\",\"Nabil Karoui\"],\"articleSection\":[\"A LA UNE\",\"POLITIQUE\",\"Tunisie\"],\"inLanguage\":\"fr-FR\",\"potentialAction\":[{\"@type\":\"CommentAction\",\"name\":\"Comment\",\"target\":[\"https:\/\/kapitalis.com\/tunisie\/2019\/10\/20\/les-elections-et-apres-ennahdha-a-tranche-vox-populi-vox-dei\/#respond\"]}]},{\"@type\":\"WebPage\",\"@id\":\"https:\/\/kapitalis.com\/tunisie\/2019\/10\/20\/les-elections-et-apres-ennahdha-a-tranche-vox-populi-vox-dei\/\",\"url\":\"https:\/\/kapitalis.com\/tunisie\/2019\/10\/20\/les-elections-et-apres-ennahdha-a-tranche-vox-populi-vox-dei\/\",\"name\":\"Les \u00e9lections et apr\u00e8s : Ennahdha a tranch\u00e9, Vox Populi, vox Dei... - Kapitalis\",\"isPartOf\":{\"@id\":\"https:\/\/kapitalis.com\/tunisie\/#website\"},\"primaryImageOfPage\":{\"@id\":\"https:\/\/kapitalis.com\/tunisie\/2019\/10\/20\/les-elections-et-apres-ennahdha-a-tranche-vox-populi-vox-dei\/#primaryimage\"},\"image\":{\"@id\":\"https:\/\/kapitalis.com\/tunisie\/2019\/10\/20\/les-elections-et-apres-ennahdha-a-tranche-vox-populi-vox-dei\/#primaryimage\"},\"thumbnailUrl\":\"\",\"datePublished\":\"2019-10-20T12:31:27+00:00\",\"dateModified\":\"2019-10-20T12:31:29+00:00\",\"breadcrumb\":{\"@id\":\"https:\/\/kapitalis.com\/tunisie\/2019\/10\/20\/les-elections-et-apres-ennahdha-a-tranche-vox-populi-vox-dei\/#breadcrumb\"},\"inLanguage\":\"fr-FR\",\"potentialAction\":[{\"@type\":\"ReadAction\",\"target\":[\"https:\/\/kapitalis.com\/tunisie\/2019\/10\/20\/les-elections-et-apres-ennahdha-a-tranche-vox-populi-vox-dei\/\"]}]},{\"@type\":\"ImageObject\",\"inLanguage\":\"fr-FR\",\"@id\":\"https:\/\/kapitalis.com\/tunisie\/2019\/10\/20\/les-elections-et-apres-ennahdha-a-tranche-vox-populi-vox-dei\/#primaryimage\",\"url\":\"\",\"contentUrl\":\"\"},{\"@type\":\"BreadcrumbList\",\"@id\":\"https:\/\/kapitalis.com\/tunisie\/2019\/10\/20\/les-elections-et-apres-ennahdha-a-tranche-vox-populi-vox-dei\/#breadcrumb\",\"itemListElement\":[{\"@type\":\"ListItem\",\"position\":1,\"name\":\"Accueil\",\"item\":\"https:\/\/kapitalis.com\/tunisie\/\"},{\"@type\":\"ListItem\",\"position\":2,\"name\":\"Les \u00e9lections et apr\u00e8s : Ennahdha a tranch\u00e9, Vox Populi, vox Dei&#8230;\"}]},{\"@type\":\"WebSite\",\"@id\":\"https:\/\/kapitalis.com\/tunisie\/#website\",\"url\":\"https:\/\/kapitalis.com\/tunisie\/\",\"name\":\"Kapitalis\",\"description\":\"L&#039;actualit\u00e9 en Tunisie et dans le monde\",\"publisher\":{\"@id\":\"https:\/\/kapitalis.com\/tunisie\/#organization\"},\"potentialAction\":[{\"@type\":\"SearchAction\",\"target\":{\"@type\":\"EntryPoint\",\"urlTemplate\":\"https:\/\/kapitalis.com\/tunisie\/?s={search_term_string}\"},\"query-input\":{\"@type\":\"PropertyValueSpecification\",\"valueRequired\":true,\"valueName\":\"search_term_string\"}}],\"inLanguage\":\"fr-FR\"},{\"@type\":\"Organization\",\"@id\":\"https:\/\/kapitalis.com\/tunisie\/#organization\",\"name\":\"Kapitalis\",\"url\":\"https:\/\/kapitalis.com\/tunisie\/\",\"logo\":{\"@type\":\"ImageObject\",\"inLanguage\":\"fr-FR\",\"@id\":\"https:\/\/kapitalis.com\/tunisie\/#\/schema\/logo\/image\/\",\"url\":\"https:\/\/kapitalis.com\/tunisie\/wp-content\/uploads\/2022\/05\/Kapitalis-big-size.png\",\"contentUrl\":\"https:\/\/kapitalis.com\/tunisie\/wp-content\/uploads\/2022\/05\/Kapitalis-big-size.png\",\"width\":5000,\"height\":1500,\"caption\":\"Kapitalis\"},\"image\":{\"@id\":\"https:\/\/kapitalis.com\/tunisie\/#\/schema\/logo\/image\/\"},\"sameAs\":[\"https:\/\/www.facebook.com\/KapitalisInfo\/\",\"https:\/\/x.com\/KapitalisInfo\",\"https:\/\/www.youtube.com\/channel\/UC-yDYrHyfFBWWZaOw3FPg9Q\"]},{\"@type\":\"Person\",\"@id\":\"https:\/\/kapitalis.com\/tunisie\/#\/schema\/person\/d71f33a9ca44f7bad4698210b480c8e9\",\"name\":\"webmaster kapitalis\",\"url\":\"https:\/\/kapitalis.com\/tunisie\/author\/webmaster-kapitalis\/\"}]}<\/script>\n<!-- \/ Yoast SEO plugin. -->","yoast_head_json":{"title":"Les \u00e9lections et apr\u00e8s : Ennahdha a tranch\u00e9, Vox Populi, vox Dei... - Kapitalis","robots":{"index":"index","follow":"follow","max-snippet":"max-snippet:-1","max-image-preview":"max-image-preview:large","max-video-preview":"max-video-preview:-1"},"canonical":"https:\/\/kapitalis.com\/tunisie\/2019\/10\/20\/les-elections-et-apres-ennahdha-a-tranche-vox-populi-vox-dei\/","og_locale":"fr_FR","og_type":"article","og_title":"Les \u00e9lections et apr\u00e8s : Ennahdha a tranch\u00e9, Vox Populi, vox Dei... - Kapitalis","og_description":"Au terme des derni\u00e8res \u00e9lections l\u00e9gislatives et pr\u00e9sidentielles, le mouvement islamiste Ennahdha pourrait rafler tous les pouvoirs. Pendant ce temps, les perdants, qui pataugent, auront beaucoup de peine \u00e0 former une force d\u2019opposition. Bonjour la tyrannie. Par Yassine Essid","og_url":"https:\/\/kapitalis.com\/tunisie\/2019\/10\/20\/les-elections-et-apres-ennahdha-a-tranche-vox-populi-vox-dei\/","og_site_name":"Kapitalis","article_publisher":"https:\/\/www.facebook.com\/KapitalisInfo\/","article_published_time":"2019-10-20T12:31:27+00:00","article_modified_time":"2019-10-20T12:31:29+00:00","og_image":[{"width":1200,"height":630,"url":"https:\/\/kapitalis.com\/tunisie\/wp-content\/uploads\/2022\/05\/kapitalis-logo-fb.png","type":"image\/png"}],"author":"webmaster kapitalis","twitter_card":"summary_large_image","twitter_creator":"@KapitalisInfo","twitter_site":"@KapitalisInfo","twitter_misc":{"\u00c9crit par":"webmaster kapitalis","Dur\u00e9e de lecture estim\u00e9e":"10 minutes"},"schema":{"@context":"https:\/\/schema.org","@graph":[{"@type":"Article","@id":"https:\/\/kapitalis.com\/tunisie\/2019\/10\/20\/les-elections-et-apres-ennahdha-a-tranche-vox-populi-vox-dei\/#article","isPartOf":{"@id":"https:\/\/kapitalis.com\/tunisie\/2019\/10\/20\/les-elections-et-apres-ennahdha-a-tranche-vox-populi-vox-dei\/"},"author":{"name":"webmaster kapitalis","@id":"https:\/\/kapitalis.com\/tunisie\/#\/schema\/person\/d71f33a9ca44f7bad4698210b480c8e9"},"headline":"Les \u00e9lections et apr\u00e8s : Ennahdha a tranch\u00e9, Vox Populi, vox Dei&#8230;","datePublished":"2019-10-20T12:31:27+00:00","dateModified":"2019-10-20T12:31:29+00:00","mainEntityOfPage":{"@id":"https:\/\/kapitalis.com\/tunisie\/2019\/10\/20\/les-elections-et-apres-ennahdha-a-tranche-vox-populi-vox-dei\/"},"wordCount":2020,"commentCount":14,"publisher":{"@id":"https:\/\/kapitalis.com\/tunisie\/#organization"},"image":{"@id":"https:\/\/kapitalis.com\/tunisie\/2019\/10\/20\/les-elections-et-apres-ennahdha-a-tranche-vox-populi-vox-dei\/#primaryimage"},"thumbnailUrl":"","keywords":["d\u00e9gagisme","Ennahdha","Jacques Chirac","Ka\u00efs Saied","mouvement islamiste","Nabil Karoui"],"articleSection":["A LA UNE","POLITIQUE","Tunisie"],"inLanguage":"fr-FR","potentialAction":[{"@type":"CommentAction","name":"Comment","target":["https:\/\/kapitalis.com\/tunisie\/2019\/10\/20\/les-elections-et-apres-ennahdha-a-tranche-vox-populi-vox-dei\/#respond"]}]},{"@type":"WebPage","@id":"https:\/\/kapitalis.com\/tunisie\/2019\/10\/20\/les-elections-et-apres-ennahdha-a-tranche-vox-populi-vox-dei\/","url":"https:\/\/kapitalis.com\/tunisie\/2019\/10\/20\/les-elections-et-apres-ennahdha-a-tranche-vox-populi-vox-dei\/","name":"Les \u00e9lections et apr\u00e8s : Ennahdha a tranch\u00e9, Vox Populi, vox Dei... - Kapitalis","isPartOf":{"@id":"https:\/\/kapitalis.com\/tunisie\/#website"},"primaryImageOfPage":{"@id":"https:\/\/kapitalis.com\/tunisie\/2019\/10\/20\/les-elections-et-apres-ennahdha-a-tranche-vox-populi-vox-dei\/#primaryimage"},"image":{"@id":"https:\/\/kapitalis.com\/tunisie\/2019\/10\/20\/les-elections-et-apres-ennahdha-a-tranche-vox-populi-vox-dei\/#primaryimage"},"thumbnailUrl":"","datePublished":"2019-10-20T12:31:27+00:00","dateModified":"2019-10-20T12:31:29+00:00","breadcrumb":{"@id":"https:\/\/kapitalis.com\/tunisie\/2019\/10\/20\/les-elections-et-apres-ennahdha-a-tranche-vox-populi-vox-dei\/#breadcrumb"},"inLanguage":"fr-FR","potentialAction":[{"@type":"ReadAction","target":["https:\/\/kapitalis.com\/tunisie\/2019\/10\/20\/les-elections-et-apres-ennahdha-a-tranche-vox-populi-vox-dei\/"]}]},{"@type":"ImageObject","inLanguage":"fr-FR","@id":"https:\/\/kapitalis.com\/tunisie\/2019\/10\/20\/les-elections-et-apres-ennahdha-a-tranche-vox-populi-vox-dei\/#primaryimage","url":"","contentUrl":""},{"@type":"BreadcrumbList","@id":"https:\/\/kapitalis.com\/tunisie\/2019\/10\/20\/les-elections-et-apres-ennahdha-a-tranche-vox-populi-vox-dei\/#breadcrumb","itemListElement":[{"@type":"ListItem","position":1,"name":"Accueil","item":"https:\/\/kapitalis.com\/tunisie\/"},{"@type":"ListItem","position":2,"name":"Les \u00e9lections et apr\u00e8s : Ennahdha a tranch\u00e9, Vox Populi, vox Dei&#8230;"}]},{"@type":"WebSite","@id":"https:\/\/kapitalis.com\/tunisie\/#website","url":"https:\/\/kapitalis.com\/tunisie\/","name":"Kapitalis","description":"L&#039;actualit\u00e9 en Tunisie et dans le monde","publisher":{"@id":"https:\/\/kapitalis.com\/tunisie\/#organization"},"potentialAction":[{"@type":"SearchAction","target":{"@type":"EntryPoint","urlTemplate":"https:\/\/kapitalis.com\/tunisie\/?s={search_term_string}"},"query-input":{"@type":"PropertyValueSpecification","valueRequired":true,"valueName":"search_term_string"}}],"inLanguage":"fr-FR"},{"@type":"Organization","@id":"https:\/\/kapitalis.com\/tunisie\/#organization","name":"Kapitalis","url":"https:\/\/kapitalis.com\/tunisie\/","logo":{"@type":"ImageObject","inLanguage":"fr-FR","@id":"https:\/\/kapitalis.com\/tunisie\/#\/schema\/logo\/image\/","url":"https:\/\/kapitalis.com\/tunisie\/wp-content\/uploads\/2022\/05\/Kapitalis-big-size.png","contentUrl":"https:\/\/kapitalis.com\/tunisie\/wp-content\/uploads\/2022\/05\/Kapitalis-big-size.png","width":5000,"height":1500,"caption":"Kapitalis"},"image":{"@id":"https:\/\/kapitalis.com\/tunisie\/#\/schema\/logo\/image\/"},"sameAs":["https:\/\/www.facebook.com\/KapitalisInfo\/","https:\/\/x.com\/KapitalisInfo","https:\/\/www.youtube.com\/channel\/UC-yDYrHyfFBWWZaOw3FPg9Q"]},{"@type":"Person","@id":"https:\/\/kapitalis.com\/tunisie\/#\/schema\/person\/d71f33a9ca44f7bad4698210b480c8e9","name":"webmaster kapitalis","url":"https:\/\/kapitalis.com\/tunisie\/author\/webmaster-kapitalis\/"}]}},"_links":{"self":[{"href":"https:\/\/kapitalis.com\/tunisie\/wp-json\/wp\/v2\/posts\/248555","targetHints":{"allow":["GET"]}}],"collection":[{"href":"https:\/\/kapitalis.com\/tunisie\/wp-json\/wp\/v2\/posts"}],"about":[{"href":"https:\/\/kapitalis.com\/tunisie\/wp-json\/wp\/v2\/types\/post"}],"author":[{"embeddable":true,"href":"https:\/\/kapitalis.com\/tunisie\/wp-json\/wp\/v2\/users\/8"}],"replies":[{"embeddable":true,"href":"https:\/\/kapitalis.com\/tunisie\/wp-json\/wp\/v2\/comments?post=248555"}],"version-history":[{"count":0,"href":"https:\/\/kapitalis.com\/tunisie\/wp-json\/wp\/v2\/posts\/248555\/revisions"}],"wp:featuredmedia":[{"embeddable":true,"href":"https:\/\/kapitalis.com\/tunisie\/wp-json\/wp\/v2\/media\/248556"}],"wp:attachment":[{"href":"https:\/\/kapitalis.com\/tunisie\/wp-json\/wp\/v2\/media?parent=248555"}],"wp:term":[{"taxonomy":"category","embeddable":true,"href":"https:\/\/kapitalis.com\/tunisie\/wp-json\/wp\/v2\/categories?post=248555"},{"taxonomy":"post_tag","embeddable":true,"href":"https:\/\/kapitalis.com\/tunisie\/wp-json\/wp\/v2\/tags?post=248555"}],"curies":[{"name":"wp","href":"https:\/\/api.w.org\/{rel}","templated":true}]}}