{"id":248925,"date":"2019-10-22T09:53:05","date_gmt":"2019-10-22T08:53:05","guid":{"rendered":"http:\/\/kapitalis.com\/tunisie\/?p=248925"},"modified":"2019-10-22T09:53:09","modified_gmt":"2019-10-22T08:53:09","slug":"forum-a-gammarth-mediterranee-realites-enjeux-et-perspectives","status":"publish","type":"post","link":"https:\/\/kapitalis.com\/tunisie\/2019\/10\/22\/forum-a-gammarth-mediterranee-realites-enjeux-et-perspectives\/","title":{"rendered":"Forum \u00e0 Gammarth : \u00abM\u00e9diterran\u00e9e : r\u00e9alit\u00e9s, enjeux et perspectives\u00bb"},"content":{"rendered":"\n<figure class=\"wp-block-image\"><img decoding=\"async\" src=\"http:\/\/kapitalis.com\/tunisie\/wp-content\/uploads\/2019\/10\/Forum-FOAM-Mediterranee.jpg\" alt=\"\" class=\"wp-image-248926\"\/><\/figure>\n\n\n\n<p><strong><em>Le Forum de l\u2019Acad\u00e9mie Politique (FOAP) et la Konrad Adenauer Stiftung (KAS) organisent le 5e colloque international sous le th\u00e8me : \u00abM\u00e9diterran\u00e9e : r\u00e9alit\u00e9s, enjeux et perspectives\u00bb, les 25 et 26 octobre 2019, au Residence Hotel \u00e0 Gammarth.    <\/em><\/strong><\/p>\n\n\n\n<!--more-->\n\n\n\n<p>La M\u00e9diterran\u00e9e, comme l&rsquo;a affirm\u00e9 Fernand Braudel, est <em>\u00abmille choses \u00e0 la fois. Non pas un paysage, mais d&rsquo;innombrables paysages. Non pas une mer, mais une succession de mers. Non pas une civilisation, mais plusieurs civilisations.\u00bb<\/em><\/p>\n\n\n\n<p> C\u2019est seulement en 1757 que le substantif M\u00e9diterran\u00e9e appara\u00eet sur une carte. Cette mer est une constellation de vingt deux pays riverains formant une mosa\u00efque de peuples avec leurs langues, leurs dialectes, leurs traditions, leurs r\u00e9gimes politiques et leurs \u00e9volutions.<\/p>\n\n\n\n<p>  Par ailleurs, la M\u00e9diterran\u00e9e est un enjeu \u00e0 la fois g\u00e9opolitique et g\u00e9o\u00e9conomique attendu que dans un monde global, elle est une interface strat\u00e9gique entre l&rsquo;Europe et l&rsquo;Afrique. Au sud comme au nord, l&rsquo;int\u00e9gration m\u00e9diterran\u00e9enne est un facteur de sortie de crise ainsi qu&rsquo;une formulation d&rsquo;un nouveau mod\u00e8le de croissance.<\/p>\n\n\n\n<p> La M\u00e9diterran\u00e9e est aussi un projet de coop\u00e9ration renforc\u00e9e avec l&rsquo;UE qui a \u00e9t\u00e9 initi\u00e9 par la D\u00e9claration de Barcelone en 1995. C&rsquo;est le 20 d\u00e9cembre 2007 que les chefs d&rsquo;Etat espagnol, fran\u00e7ais et italien ont lanc\u00e9 l&rsquo;appel de Rome pour une M\u00e9diterran\u00e9e, plaidant pour la constitution d&rsquo;une union ayant pour vocation de \u00abr\u00e9unir l&rsquo;Europe et l&rsquo;Afrique autour des pays riverains de la M\u00e9diterran\u00e9e\u00bb et d&rsquo;instituer entre eux, sur un pied d&rsquo;\u00e9galit\u00e9, un partenariat reposant sur quatre piliers \u00e0 savoir la croissance \u00e9conomique, l&rsquo;environnement et le d\u00e9veloppement durable, le dialogue des cultures et la s\u00e9curit\u00e9.<\/p>\n\n\n\n<p> Il reste alors \u00e0 se demander quelle est la place de la M\u00e9diterran\u00e9e dans les mutations strat\u00e9giques actuelles.<\/p>\n\n\n\n<p> Parmi les intervenants, on annonce, autour de Hayet Doghri, pr\u00e9sidente du FOAM et Dr. Holger Dix, repr\u00e9sentant r\u00e9sident de la KAS Tunisie; Khemaies Jhinaoui, ministre des Affaires \u00e9trang\u00e8res; Dr. Hatem Ben Salem, ministre de l&rsquo;\u00e9ducation nationale; Habib Ben Yahia, ancien ministre des Affaires \u00e9trang\u00e8res et ancien secr\u00e9taire g\u00e9n\u00e9ral de l\u2019Union du Maghreb arabe; Fa\u00efza Kefi, ancien ambassadeur, ancienne pr\u00e9sidente de la Cour des comptes, pr\u00e9sidente du Comit\u00e9 technique du dialogue soci\u00e9tal sur la sant\u00e9; Dr. Mohamed-El Aziz Ben Achour, historien, ancien directeur de l\u2019Institut sup\u00e9rieur d\u2019histoire de la Tunisie contemporaine, ancien directeur g\u00e9n\u00e9ral de l\u2019Alecso, et ancien ministre de la Culture et de la sauvegarde du patrimoine ; Odile Moreau, ma\u00eetre de conf\u00e9rences habilit\u00e9 \u00e0 diriger des recherches, Universit\u00e9 Paul Val\u00e9ry Montpellier 3; Jonas Bakoubayi Billy, archiviste-pal\u00e9ographe, documentaliste, biblioth\u00e9caire, germaniste, historien, chercheur associ\u00e9 \u00e0 l\u2019Universit\u00e9 de La Manouba, enseignant \u00e0 l\u2019Institut des sciences politiques et de l\u2019histoire de  l\u2019Universit\u00e9 des Sciences de l\u2019\u00c9ducation de Fribourg-en-Brisgau; Pr. Ze\u00efneb Ben Ammar Mamlouk, directrice fondatrice de l\u2019ESSECT, ancienne pr\u00e9sidente de l\u2019Universit\u00e9 de Tunis El Manar, membre du conseil scientifique du FOAP ; Ahmed Ben Mustapha, ancien ambassadeur, chercheur en histoire \u00e9conomique; Mohamed Adel Smaoui, ambassadeur;  Abb\u00e8s Jallali, consultant, Belgacem Rabhi, directeur du Foyer universitaire Ibn Mandhour-Gafsa;  Azouz Rebai, secr\u00e9taire g\u00e9n\u00e9ral et membre du conseil scientifique du FOAP, Abderrazak Krimi, Conseil tunisien pour les r\u00e9fugi\u00e9s; Dr. Mehdi Rais, expert en Relations internationales et coordinateur de la fondation Konrad Adenauer Maroc, Sadok Ben Ammar, consultant, auteur de \u2018\u2018One Message\u2019\u2019 ;  Oualid Gadhoum, ma\u00eetre de conf\u00e9rences agr\u00e9g\u00e9, expert aupr\u00e8s du PNUD ;  Nesrin Singil, Research Assistant at \u0130stanbul University, Department of International Law ; Leila Belkhiria Jaber,  pr\u00e9sidente de la Chambre nationale des femmes chefs d\u2019entreprises (CNFCE) ; Abb\u00e8s Mohsen, pr\u00e9sident de l\u2019Amicale des Gouverneurs, ancien Gouverneur\u2013pr\u00e9sident du District de Tunis, ancien maire de Tunis, ancien ambassadeur, membre du conseil scientifique du FOAP; Pr. Ridha Tlili, directeur de la Fondation Ahmed Tlili pour la Culture d\u00e9mocratique; Dr. Nuri Yesilyurt, Director Ankara University, Center for Middle Eastern Studies, Ankara, Turkey ; Taoufik Ayadi, ancien capitaine de vaisseau major du MDN, consultant et formateur ind\u00e9pendant dans les domaines de la g\u00e9opolitique, de la strat\u00e9gie, de la planification et des affaires maritimes; Pr. Mahmoud Zani,  professeur de droit public, directeur du Centre de droit international et europ\u00e9en de Tunis (CDIE) ; Mohamed Nadir Aziza, pr\u00e9sident du Programme MED; Pr. Adel Ben Youssef, professeur d\u2019enseignement sup\u00e9rieur en histoire contemporaine, Facult\u00e9 des Lettres et des Sciences humaines de Sousse\/Universit\u00e9 de Sousse ; Michele Capasso, fondateur de la Fondazione Mediterraneo : R\u00e9seau eurom\u00e9diterran\u00e9en pour le dialogue entre les soci\u00e9t\u00e9s et les cultures ; Abdelli Mohamed Amorkane, chef de projet Jeunesse et cr\u00e9ativit\u00e9 pour la paix, Comit\u00e9 international pour le d\u00e9veloppement des peuples, Alg\u00e9rie ; Dr. Amel Mallek Tarifa, ma\u00eetre-assistante en management, ESSECT-Universit\u00e9 de Tunis, membre du conseil scientifique du FOAP. <\/p>\n\n\n\n<p style=\"text-align:right\"><strong>I. B.<\/strong><\/p>\n","protected":false},"excerpt":{"rendered":"<p>Le Forum de l\u2019Acad\u00e9mie Politique (FOAP) et la Konrad Adenauer Stiftung (KAS) organisent le 5e colloque international sous le th\u00e8me : \u00abM\u00e9diterran\u00e9e : r\u00e9alit\u00e9s, enjeux et perspectives\u00bb, les 25 et 26 octobre 2019, au Residence Hotel \u00e0 Gammarth.<\/p>\n","protected":false},"author":8,"featured_media":248926,"comment_status":"open","ping_status":"open","sticky":false,"template":"","format":"standard","meta":{"footnotes":""},"categories":[994,2433],"tags":[1908,12471,8634,595],"class_list":["post-248925","post","type-post","status-publish","format-standard","has-post-thumbnail","hentry","category-culture","category-tunisie","tag-hatem-ben-salem","tag-khemaies-jhinaoui","tag-konrad-adenauer-stiftung","tag-mediterranee"],"yoast_head":"<!-- This site is optimized with the Yoast SEO plugin v26.6 - https:\/\/yoast.com\/wordpress\/plugins\/seo\/ -->\n<title>Forum \u00e0 Gammarth : \u00abM\u00e9diterran\u00e9e : r\u00e9alit\u00e9s, enjeux et perspectives\u00bb - Kapitalis<\/title>\n<meta name=\"robots\" content=\"index, follow, max-snippet:-1, max-image-preview:large, max-video-preview:-1\" \/>\n<link rel=\"canonical\" href=\"https:\/\/kapitalis.com\/tunisie\/2019\/10\/22\/forum-a-gammarth-mediterranee-realites-enjeux-et-perspectives\/\" \/>\n<meta property=\"og:locale\" content=\"fr_FR\" \/>\n<meta property=\"og:type\" content=\"article\" \/>\n<meta property=\"og:title\" content=\"Forum \u00e0 Gammarth : \u00abM\u00e9diterran\u00e9e : r\u00e9alit\u00e9s, enjeux et perspectives\u00bb - Kapitalis\" \/>\n<meta property=\"og:description\" content=\"Le Forum de l\u2019Acad\u00e9mie Politique (FOAP) et la Konrad Adenauer Stiftung (KAS) organisent le 5e colloque international sous le th\u00e8me : \u00abM\u00e9diterran\u00e9e : r\u00e9alit\u00e9s, enjeux et perspectives\u00bb, les 25 et 26 octobre 2019, au Residence Hotel \u00e0 Gammarth.\" \/>\n<meta property=\"og:url\" content=\"https:\/\/kapitalis.com\/tunisie\/2019\/10\/22\/forum-a-gammarth-mediterranee-realites-enjeux-et-perspectives\/\" \/>\n<meta property=\"og:site_name\" content=\"Kapitalis\" \/>\n<meta property=\"article:publisher\" content=\"https:\/\/www.facebook.com\/KapitalisInfo\/\" \/>\n<meta property=\"article:published_time\" content=\"2019-10-22T08:53:05+00:00\" \/>\n<meta property=\"article:modified_time\" content=\"2019-10-22T08:53:09+00:00\" \/>\n<meta property=\"og:image\" content=\"https:\/\/kapitalis.com\/tunisie\/wp-content\/uploads\/2022\/05\/kapitalis-logo-fb.png\" \/>\n\t<meta property=\"og:image:width\" content=\"1200\" \/>\n\t<meta property=\"og:image:height\" content=\"630\" \/>\n\t<meta property=\"og:image:type\" content=\"image\/png\" \/>\n<meta name=\"author\" content=\"webmaster kapitalis\" \/>\n<meta name=\"twitter:card\" content=\"summary_large_image\" \/>\n<meta name=\"twitter:creator\" content=\"@KapitalisInfo\" \/>\n<meta name=\"twitter:site\" content=\"@KapitalisInfo\" \/>\n<meta name=\"twitter:label1\" content=\"\u00c9crit par\" \/>\n\t<meta name=\"twitter:data1\" content=\"webmaster kapitalis\" \/>\n\t<meta name=\"twitter:label2\" content=\"Dur\u00e9e de lecture estim\u00e9e\" \/>\n\t<meta name=\"twitter:data2\" content=\"4 minutes\" \/>\n<script type=\"application\/ld+json\" class=\"yoast-schema-graph\">{\"@context\":\"https:\/\/schema.org\",\"@graph\":[{\"@type\":\"Article\",\"@id\":\"https:\/\/kapitalis.com\/tunisie\/2019\/10\/22\/forum-a-gammarth-mediterranee-realites-enjeux-et-perspectives\/#article\",\"isPartOf\":{\"@id\":\"https:\/\/kapitalis.com\/tunisie\/2019\/10\/22\/forum-a-gammarth-mediterranee-realites-enjeux-et-perspectives\/\"},\"author\":{\"name\":\"webmaster kapitalis\",\"@id\":\"https:\/\/kapitalis.com\/tunisie\/#\/schema\/person\/d71f33a9ca44f7bad4698210b480c8e9\"},\"headline\":\"Forum \u00e0 Gammarth : \u00abM\u00e9diterran\u00e9e : r\u00e9alit\u00e9s, enjeux et perspectives\u00bb\",\"datePublished\":\"2019-10-22T08:53:05+00:00\",\"dateModified\":\"2019-10-22T08:53:09+00:00\",\"mainEntityOfPage\":{\"@id\":\"https:\/\/kapitalis.com\/tunisie\/2019\/10\/22\/forum-a-gammarth-mediterranee-realites-enjeux-et-perspectives\/\"},\"wordCount\":840,\"commentCount\":0,\"publisher\":{\"@id\":\"https:\/\/kapitalis.com\/tunisie\/#organization\"},\"image\":{\"@id\":\"https:\/\/kapitalis.com\/tunisie\/2019\/10\/22\/forum-a-gammarth-mediterranee-realites-enjeux-et-perspectives\/#primaryimage\"},\"thumbnailUrl\":\"\",\"keywords\":[\"Hatem Ben Salem\",\"Khemaies Jhinaoui\",\"Konrad Adenauer Stiftung\",\"M\u00e9diterran\u00e9e\"],\"articleSection\":[\"CULTURE\",\"Tunisie\"],\"inLanguage\":\"fr-FR\",\"potentialAction\":[{\"@type\":\"CommentAction\",\"name\":\"Comment\",\"target\":[\"https:\/\/kapitalis.com\/tunisie\/2019\/10\/22\/forum-a-gammarth-mediterranee-realites-enjeux-et-perspectives\/#respond\"]}]},{\"@type\":\"WebPage\",\"@id\":\"https:\/\/kapitalis.com\/tunisie\/2019\/10\/22\/forum-a-gammarth-mediterranee-realites-enjeux-et-perspectives\/\",\"url\":\"https:\/\/kapitalis.com\/tunisie\/2019\/10\/22\/forum-a-gammarth-mediterranee-realites-enjeux-et-perspectives\/\",\"name\":\"Forum \u00e0 Gammarth : \u00abM\u00e9diterran\u00e9e : r\u00e9alit\u00e9s, enjeux et perspectives\u00bb - Kapitalis\",\"isPartOf\":{\"@id\":\"https:\/\/kapitalis.com\/tunisie\/#website\"},\"primaryImageOfPage\":{\"@id\":\"https:\/\/kapitalis.com\/tunisie\/2019\/10\/22\/forum-a-gammarth-mediterranee-realites-enjeux-et-perspectives\/#primaryimage\"},\"image\":{\"@id\":\"https:\/\/kapitalis.com\/tunisie\/2019\/10\/22\/forum-a-gammarth-mediterranee-realites-enjeux-et-perspectives\/#primaryimage\"},\"thumbnailUrl\":\"\",\"datePublished\":\"2019-10-22T08:53:05+00:00\",\"dateModified\":\"2019-10-22T08:53:09+00:00\",\"breadcrumb\":{\"@id\":\"https:\/\/kapitalis.com\/tunisie\/2019\/10\/22\/forum-a-gammarth-mediterranee-realites-enjeux-et-perspectives\/#breadcrumb\"},\"inLanguage\":\"fr-FR\",\"potentialAction\":[{\"@type\":\"ReadAction\",\"target\":[\"https:\/\/kapitalis.com\/tunisie\/2019\/10\/22\/forum-a-gammarth-mediterranee-realites-enjeux-et-perspectives\/\"]}]},{\"@type\":\"ImageObject\",\"inLanguage\":\"fr-FR\",\"@id\":\"https:\/\/kapitalis.com\/tunisie\/2019\/10\/22\/forum-a-gammarth-mediterranee-realites-enjeux-et-perspectives\/#primaryimage\",\"url\":\"\",\"contentUrl\":\"\"},{\"@type\":\"BreadcrumbList\",\"@id\":\"https:\/\/kapitalis.com\/tunisie\/2019\/10\/22\/forum-a-gammarth-mediterranee-realites-enjeux-et-perspectives\/#breadcrumb\",\"itemListElement\":[{\"@type\":\"ListItem\",\"position\":1,\"name\":\"Accueil\",\"item\":\"https:\/\/kapitalis.com\/tunisie\/\"},{\"@type\":\"ListItem\",\"position\":2,\"name\":\"Forum \u00e0 Gammarth : \u00abM\u00e9diterran\u00e9e : r\u00e9alit\u00e9s, enjeux et perspectives\u00bb\"}]},{\"@type\":\"WebSite\",\"@id\":\"https:\/\/kapitalis.com\/tunisie\/#website\",\"url\":\"https:\/\/kapitalis.com\/tunisie\/\",\"name\":\"Kapitalis\",\"description\":\"L&#039;actualit\u00e9 en Tunisie et dans le monde\",\"publisher\":{\"@id\":\"https:\/\/kapitalis.com\/tunisie\/#organization\"},\"potentialAction\":[{\"@type\":\"SearchAction\",\"target\":{\"@type\":\"EntryPoint\",\"urlTemplate\":\"https:\/\/kapitalis.com\/tunisie\/?s={search_term_string}\"},\"query-input\":{\"@type\":\"PropertyValueSpecification\",\"valueRequired\":true,\"valueName\":\"search_term_string\"}}],\"inLanguage\":\"fr-FR\"},{\"@type\":\"Organization\",\"@id\":\"https:\/\/kapitalis.com\/tunisie\/#organization\",\"name\":\"Kapitalis\",\"url\":\"https:\/\/kapitalis.com\/tunisie\/\",\"logo\":{\"@type\":\"ImageObject\",\"inLanguage\":\"fr-FR\",\"@id\":\"https:\/\/kapitalis.com\/tunisie\/#\/schema\/logo\/image\/\",\"url\":\"https:\/\/kapitalis.com\/tunisie\/wp-content\/uploads\/2022\/05\/Kapitalis-big-size.png\",\"contentUrl\":\"https:\/\/kapitalis.com\/tunisie\/wp-content\/uploads\/2022\/05\/Kapitalis-big-size.png\",\"width\":5000,\"height\":1500,\"caption\":\"Kapitalis\"},\"image\":{\"@id\":\"https:\/\/kapitalis.com\/tunisie\/#\/schema\/logo\/image\/\"},\"sameAs\":[\"https:\/\/www.facebook.com\/KapitalisInfo\/\",\"https:\/\/x.com\/KapitalisInfo\",\"https:\/\/www.youtube.com\/channel\/UC-yDYrHyfFBWWZaOw3FPg9Q\"]},{\"@type\":\"Person\",\"@id\":\"https:\/\/kapitalis.com\/tunisie\/#\/schema\/person\/d71f33a9ca44f7bad4698210b480c8e9\",\"name\":\"webmaster kapitalis\",\"url\":\"https:\/\/kapitalis.com\/tunisie\/author\/webmaster-kapitalis\/\"}]}<\/script>\n<!-- \/ Yoast SEO plugin. -->","yoast_head_json":{"title":"Forum \u00e0 Gammarth : \u00abM\u00e9diterran\u00e9e : r\u00e9alit\u00e9s, enjeux et perspectives\u00bb - Kapitalis","robots":{"index":"index","follow":"follow","max-snippet":"max-snippet:-1","max-image-preview":"max-image-preview:large","max-video-preview":"max-video-preview:-1"},"canonical":"https:\/\/kapitalis.com\/tunisie\/2019\/10\/22\/forum-a-gammarth-mediterranee-realites-enjeux-et-perspectives\/","og_locale":"fr_FR","og_type":"article","og_title":"Forum \u00e0 Gammarth : \u00abM\u00e9diterran\u00e9e : r\u00e9alit\u00e9s, enjeux et perspectives\u00bb - Kapitalis","og_description":"Le Forum de l\u2019Acad\u00e9mie Politique (FOAP) et la Konrad Adenauer Stiftung (KAS) organisent le 5e colloque international sous le th\u00e8me : \u00abM\u00e9diterran\u00e9e : r\u00e9alit\u00e9s, enjeux et perspectives\u00bb, les 25 et 26 octobre 2019, au Residence Hotel \u00e0 Gammarth.","og_url":"https:\/\/kapitalis.com\/tunisie\/2019\/10\/22\/forum-a-gammarth-mediterranee-realites-enjeux-et-perspectives\/","og_site_name":"Kapitalis","article_publisher":"https:\/\/www.facebook.com\/KapitalisInfo\/","article_published_time":"2019-10-22T08:53:05+00:00","article_modified_time":"2019-10-22T08:53:09+00:00","og_image":[{"width":1200,"height":630,"url":"https:\/\/kapitalis.com\/tunisie\/wp-content\/uploads\/2022\/05\/kapitalis-logo-fb.png","type":"image\/png"}],"author":"webmaster kapitalis","twitter_card":"summary_large_image","twitter_creator":"@KapitalisInfo","twitter_site":"@KapitalisInfo","twitter_misc":{"\u00c9crit par":"webmaster kapitalis","Dur\u00e9e de lecture estim\u00e9e":"4 minutes"},"schema":{"@context":"https:\/\/schema.org","@graph":[{"@type":"Article","@id":"https:\/\/kapitalis.com\/tunisie\/2019\/10\/22\/forum-a-gammarth-mediterranee-realites-enjeux-et-perspectives\/#article","isPartOf":{"@id":"https:\/\/kapitalis.com\/tunisie\/2019\/10\/22\/forum-a-gammarth-mediterranee-realites-enjeux-et-perspectives\/"},"author":{"name":"webmaster kapitalis","@id":"https:\/\/kapitalis.com\/tunisie\/#\/schema\/person\/d71f33a9ca44f7bad4698210b480c8e9"},"headline":"Forum \u00e0 Gammarth : \u00abM\u00e9diterran\u00e9e : r\u00e9alit\u00e9s, enjeux et perspectives\u00bb","datePublished":"2019-10-22T08:53:05+00:00","dateModified":"2019-10-22T08:53:09+00:00","mainEntityOfPage":{"@id":"https:\/\/kapitalis.com\/tunisie\/2019\/10\/22\/forum-a-gammarth-mediterranee-realites-enjeux-et-perspectives\/"},"wordCount":840,"commentCount":0,"publisher":{"@id":"https:\/\/kapitalis.com\/tunisie\/#organization"},"image":{"@id":"https:\/\/kapitalis.com\/tunisie\/2019\/10\/22\/forum-a-gammarth-mediterranee-realites-enjeux-et-perspectives\/#primaryimage"},"thumbnailUrl":"","keywords":["Hatem Ben Salem","Khemaies Jhinaoui","Konrad Adenauer Stiftung","M\u00e9diterran\u00e9e"],"articleSection":["CULTURE","Tunisie"],"inLanguage":"fr-FR","potentialAction":[{"@type":"CommentAction","name":"Comment","target":["https:\/\/kapitalis.com\/tunisie\/2019\/10\/22\/forum-a-gammarth-mediterranee-realites-enjeux-et-perspectives\/#respond"]}]},{"@type":"WebPage","@id":"https:\/\/kapitalis.com\/tunisie\/2019\/10\/22\/forum-a-gammarth-mediterranee-realites-enjeux-et-perspectives\/","url":"https:\/\/kapitalis.com\/tunisie\/2019\/10\/22\/forum-a-gammarth-mediterranee-realites-enjeux-et-perspectives\/","name":"Forum \u00e0 Gammarth : \u00abM\u00e9diterran\u00e9e : r\u00e9alit\u00e9s, enjeux et perspectives\u00bb - Kapitalis","isPartOf":{"@id":"https:\/\/kapitalis.com\/tunisie\/#website"},"primaryImageOfPage":{"@id":"https:\/\/kapitalis.com\/tunisie\/2019\/10\/22\/forum-a-gammarth-mediterranee-realites-enjeux-et-perspectives\/#primaryimage"},"image":{"@id":"https:\/\/kapitalis.com\/tunisie\/2019\/10\/22\/forum-a-gammarth-mediterranee-realites-enjeux-et-perspectives\/#primaryimage"},"thumbnailUrl":"","datePublished":"2019-10-22T08:53:05+00:00","dateModified":"2019-10-22T08:53:09+00:00","breadcrumb":{"@id":"https:\/\/kapitalis.com\/tunisie\/2019\/10\/22\/forum-a-gammarth-mediterranee-realites-enjeux-et-perspectives\/#breadcrumb"},"inLanguage":"fr-FR","potentialAction":[{"@type":"ReadAction","target":["https:\/\/kapitalis.com\/tunisie\/2019\/10\/22\/forum-a-gammarth-mediterranee-realites-enjeux-et-perspectives\/"]}]},{"@type":"ImageObject","inLanguage":"fr-FR","@id":"https:\/\/kapitalis.com\/tunisie\/2019\/10\/22\/forum-a-gammarth-mediterranee-realites-enjeux-et-perspectives\/#primaryimage","url":"","contentUrl":""},{"@type":"BreadcrumbList","@id":"https:\/\/kapitalis.com\/tunisie\/2019\/10\/22\/forum-a-gammarth-mediterranee-realites-enjeux-et-perspectives\/#breadcrumb","itemListElement":[{"@type":"ListItem","position":1,"name":"Accueil","item":"https:\/\/kapitalis.com\/tunisie\/"},{"@type":"ListItem","position":2,"name":"Forum \u00e0 Gammarth : \u00abM\u00e9diterran\u00e9e : r\u00e9alit\u00e9s, enjeux et perspectives\u00bb"}]},{"@type":"WebSite","@id":"https:\/\/kapitalis.com\/tunisie\/#website","url":"https:\/\/kapitalis.com\/tunisie\/","name":"Kapitalis","description":"L&#039;actualit\u00e9 en Tunisie et dans le monde","publisher":{"@id":"https:\/\/kapitalis.com\/tunisie\/#organization"},"potentialAction":[{"@type":"SearchAction","target":{"@type":"EntryPoint","urlTemplate":"https:\/\/kapitalis.com\/tunisie\/?s={search_term_string}"},"query-input":{"@type":"PropertyValueSpecification","valueRequired":true,"valueName":"search_term_string"}}],"inLanguage":"fr-FR"},{"@type":"Organization","@id":"https:\/\/kapitalis.com\/tunisie\/#organization","name":"Kapitalis","url":"https:\/\/kapitalis.com\/tunisie\/","logo":{"@type":"ImageObject","inLanguage":"fr-FR","@id":"https:\/\/kapitalis.com\/tunisie\/#\/schema\/logo\/image\/","url":"https:\/\/kapitalis.com\/tunisie\/wp-content\/uploads\/2022\/05\/Kapitalis-big-size.png","contentUrl":"https:\/\/kapitalis.com\/tunisie\/wp-content\/uploads\/2022\/05\/Kapitalis-big-size.png","width":5000,"height":1500,"caption":"Kapitalis"},"image":{"@id":"https:\/\/kapitalis.com\/tunisie\/#\/schema\/logo\/image\/"},"sameAs":["https:\/\/www.facebook.com\/KapitalisInfo\/","https:\/\/x.com\/KapitalisInfo","https:\/\/www.youtube.com\/channel\/UC-yDYrHyfFBWWZaOw3FPg9Q"]},{"@type":"Person","@id":"https:\/\/kapitalis.com\/tunisie\/#\/schema\/person\/d71f33a9ca44f7bad4698210b480c8e9","name":"webmaster kapitalis","url":"https:\/\/kapitalis.com\/tunisie\/author\/webmaster-kapitalis\/"}]}},"_links":{"self":[{"href":"https:\/\/kapitalis.com\/tunisie\/wp-json\/wp\/v2\/posts\/248925","targetHints":{"allow":["GET"]}}],"collection":[{"href":"https:\/\/kapitalis.com\/tunisie\/wp-json\/wp\/v2\/posts"}],"about":[{"href":"https:\/\/kapitalis.com\/tunisie\/wp-json\/wp\/v2\/types\/post"}],"author":[{"embeddable":true,"href":"https:\/\/kapitalis.com\/tunisie\/wp-json\/wp\/v2\/users\/8"}],"replies":[{"embeddable":true,"href":"https:\/\/kapitalis.com\/tunisie\/wp-json\/wp\/v2\/comments?post=248925"}],"version-history":[{"count":0,"href":"https:\/\/kapitalis.com\/tunisie\/wp-json\/wp\/v2\/posts\/248925\/revisions"}],"wp:featuredmedia":[{"embeddable":true,"href":"https:\/\/kapitalis.com\/tunisie\/wp-json\/wp\/v2\/media\/248926"}],"wp:attachment":[{"href":"https:\/\/kapitalis.com\/tunisie\/wp-json\/wp\/v2\/media?parent=248925"}],"wp:term":[{"taxonomy":"category","embeddable":true,"href":"https:\/\/kapitalis.com\/tunisie\/wp-json\/wp\/v2\/categories?post=248925"},{"taxonomy":"post_tag","embeddable":true,"href":"https:\/\/kapitalis.com\/tunisie\/wp-json\/wp\/v2\/tags?post=248925"}],"curies":[{"name":"wp","href":"https:\/\/api.w.org\/{rel}","templated":true}]}}