{"id":249099,"date":"2019-10-22T17:21:41","date_gmt":"2019-10-22T16:21:41","guid":{"rendered":"http:\/\/kapitalis.com\/tunisie\/?p=249099"},"modified":"2019-10-22T17:21:42","modified_gmt":"2019-10-22T16:21:42","slug":"etoile-du-sahel-le-comite-directeur-face-a-un-imbroglio-juridique","status":"publish","type":"post","link":"https:\/\/kapitalis.com\/tunisie\/2019\/10\/22\/etoile-du-sahel-le-comite-directeur-face-a-un-imbroglio-juridique\/","title":{"rendered":"Etoile du Sahel : le comit\u00e9 directeur face \u00e0 un imbroglio juridique"},"content":{"rendered":"\n<figure class=\"wp-block-image\"><img decoding=\"async\" src=\"http:\/\/kapitalis.com\/tunisie\/wp-content\/uploads\/2019\/10\/Ridha-Charfeddine-ESS-1.jpg\" alt=\"\" class=\"wp-image-249109\"\/><\/figure>\n\n\n\n<p><strong><em>Le comit\u00e9 directeur de l\u2019Etoile sportive du Sahel (ESS), qui s\u2019\u00e9tait engag\u00e9 avec le pr\u00e9sident d\u00e9missionnaire Ridha Charfeddine \u00e0 pr\u00e9senter sa d\u00e9mission et \u00e0 convoquer une assembl\u00e9e g\u00e9n\u00e9rale \u00e9lective avant le 1er novembre 2019, devrait mettre fin aux tergiversations et faciliter la transition. V\u00e9ritable casse-t\u00eate juridico-sportif, qui alourdit l\u2019atmosph\u00e8re au sein du club!<\/em><\/strong><\/p>\n\n\n\n<p> Par <strong>Hassen Mzoughi<\/strong><\/p>\n\n\n\n<!--more-->\n\n\n\n<p> Refusant d\u2019assumer la pr\u00e9sidence du club, \u00e0 la suite de Ridha Charfeddine, comme le stipule les statuts, le vice-pr\u00e9sident du club, Habib Sayah aggrave la crise. D\u2019autant que le pr\u00e9sident d\u00e9missionnaire a r\u00e9p\u00e9t\u00e9 qu\u2019il ne changera pas d\u2019avis.<\/p>\n\n\n\n<p> Par cons\u00e9quent,  l\u2019imbroglio est total. Le 29 septembre dernier, une r\u00e9union d\u2019urgence du comit\u00e9 directeur avait d\u00e9cid\u00e9 de la tenue d\u2019une assembl\u00e9e g\u00e9n\u00e9rale extraordinaire \u00e9lective avant le 1er novembre 2019. Lors de cette m\u00eame r\u00e9union, Ridha Charfeddine avait demand\u00e9 aux membres du comit\u00e9 directeur de d\u00e9missionner avant ces assises. Ils ont promis de le faire, avant de se r\u00e9tracter, ignorant bizarrement que leur d\u00e9mission collective est obligatoire, apr\u00e8s l\u2019annonce de la tenue de l\u2019assembl\u00e9e g\u00e9n\u00e9rale \u00e9lective avant le 1er novembre. Ridha Charfedine a pr\u00e9sent\u00e9 sa d\u00e9mission, vendredi dernier 18 octobre, croyant mettre les membres du comit\u00e9 devant le fait accompli. Cela n\u2019a pas \u00e9t\u00e9 le cas et toute la probl\u00e9matique est l\u00e0.<\/p>\n\n\n\n<h3 class=\"wp-block-heading\"> Aucun membre du comit\u00e9 n\u2019a le poids financier pour tenir le coup<\/h3>\n\n\n\n<p> Les membres du bureau directeur se sont r\u00e9unis une premi\u00e8re fois samedi dernier, 19 octobre, au lendemain de la d\u00e9mission du pr\u00e9sident du club, puis hier, lundi 21 octobre en soir\u00e9e. R\u00e9sultat : aucune d\u00e9cision pour sortir de l\u2019imbroglio. Ils se sont content\u00e9s \u2013encore une fois \u2013 de rejeter la d\u00e9mission de leur pr\u00e9sident, esp\u00e9rant que celui-ci revienne sur sa d\u00e9cision dans les deux semaines suivant son enregistrement au secr\u00e9tariat du club.<\/p>\n\n\n\n<p> D\u2019ici la limite de ces deux semaines, Charfeddine pourra, en cas d\u2019une grande surprise, retirer sa d\u00e9mission. Mais pass\u00e9 le d\u00e9lai permis, ce ne sera plus possible et le vice-pr\u00e9sident sera automatiquement d\u00e9clar\u00e9 pr\u00e9sident et d\u00e9signera son successeur \u00e0 la vice-pr\u00e9sidence. Sans \u00e9chapper \u00e0 l\u2019obligation de convoquer une AG extraordinaire \u00e9lective.<\/p>\n\n\n\n<p> Les membres savent tr\u00e8s bien que ni Habib Sayah, qui n\u2019est pas \u00e9lu mais coopt\u00e9 par Ridha Charfedine, ni aucun autre membre au sein du comit\u00e9 actuel, n\u2019ont le poids financier pour tenir le coup comme l\u2019a fait Charfedine, dans un club qui n\u00e9cessite des frais de pr\u00e8s d\u2019un million de dinars tunisiens (MDT) par mois environ, toutes disciplines et cat\u00e9gories confondues. Soit 12 MDT par an. Sans compter le budget consacr\u00e9 au mercato, et pas seulement de la seule discipline du football.<\/p>\n\n\n\n<h3 class=\"wp-block-heading\"> Mettre fin \u00e0 cette situation de \u00abnon-gouvernance\u00bb<\/h3>\n\n\n\n<p> Les tergiversations constat\u00e9es avant et apr\u00e8s la d\u00e9mission de Ridha Charfeddine montrent d\u00e9j\u00e0 l\u2019importance des divisions entre les membres du comit\u00e9 directeur. Le fait de rejeter la d\u00e9mission du pr\u00e9sident du club n\u2019a aucune importance. Elles traduisent l\u2019incapacit\u00e9 des dirigeants \u00e0 franchir l\u2019\u00e9tape cruciale actuelle.<\/p>\n\n\n\n<p> Or pour sortir de l\u2019impasse, et surtout pour le bien du club, le comit\u00e9 devrait arr\u00eater de tergiverser (plus de la moiti\u00e9 est coopt\u00e9e) et se retirer, avant de convoquer une AG extraordinaire \u00e9lective dans un d\u00e9lai ne d\u00e9passant pas les deux semaines, dans le souci de mettre fin \u00e0 cette situation de \u00abnon-gouvernance\u00bb, qui emp\u00eache une transition rapide sans aucun impact majeur sur la continuit\u00e9 de la gestion. D\u2019ailleurs en refusant de d\u00e9missionner, le comit\u00e9 en place bloque tout, donc toute solution. Pour quel but ?  <\/p>\n\n\n\n<figure class=\"wp-block-embed-wordpress wp-block-embed is-type-wp-embed is-provider-kapitalis\"><div class=\"wp-block-embed__wrapper\">\n<blockquote class=\"wp-embedded-content\" data-secret=\"mHXFtW3Dy8\"><a href=\"https:\/\/kapitalis.com\/tunisie\/2019\/10\/21\/le-comite-directeur-de-letoile-du-sahel-rejette-la-demission-de-ridha-charfeddine\/\">Le comit\u00e9 directeur de l\u2019Etoile du Sahel rejette la d\u00e9mission de Ridha Charfeddine<\/a><\/blockquote><iframe loading=\"lazy\" class=\"wp-embedded-content\" sandbox=\"allow-scripts\" security=\"restricted\" style=\"position: absolute; clip: rect(1px, 1px, 1px, 1px);\" title=\"\u00ab\u00a0Le comit\u00e9 directeur de l\u2019Etoile du Sahel rejette la d\u00e9mission de Ridha Charfeddine\u00a0\u00bb &#8212; Kapitalis\" src=\"https:\/\/kapitalis.com\/tunisie\/2019\/10\/21\/le-comite-directeur-de-letoile-du-sahel-rejette-la-demission-de-ridha-charfeddine\/embed\/#?secret=0HqPjWrQO8#?secret=mHXFtW3Dy8\" data-secret=\"mHXFtW3Dy8\" width=\"600\" height=\"338\" frameborder=\"0\" marginwidth=\"0\" marginheight=\"0\" scrolling=\"no\"><\/iframe>\n<\/div><\/figure>\n\n\n\n<figure class=\"wp-block-embed-wordpress wp-block-embed is-type-wp-embed is-provider-kapitalis\"><div class=\"wp-block-embed__wrapper\">\n<blockquote class=\"wp-embedded-content\" data-secret=\"fd5C7OvvFl\"><a href=\"https:\/\/kapitalis.com\/tunisie\/2019\/10\/21\/le-comite-directeur-de-letoile-du-sahel-dans-limpasse\/\">Le comit\u00e9 directeur de l\u2019Etoile du Sahel dans l\u2019impasse<\/a><\/blockquote><iframe loading=\"lazy\" class=\"wp-embedded-content\" sandbox=\"allow-scripts\" security=\"restricted\" style=\"position: absolute; clip: rect(1px, 1px, 1px, 1px);\" title=\"\u00ab\u00a0Le comit\u00e9 directeur de l\u2019Etoile du Sahel dans l\u2019impasse\u00a0\u00bb &#8212; Kapitalis\" src=\"https:\/\/kapitalis.com\/tunisie\/2019\/10\/21\/le-comite-directeur-de-letoile-du-sahel-dans-limpasse\/embed\/#?secret=EhMHCYRsRg#?secret=fd5C7OvvFl\" data-secret=\"fd5C7OvvFl\" width=\"600\" height=\"338\" frameborder=\"0\" marginwidth=\"0\" marginheight=\"0\" scrolling=\"no\"><\/iframe>\n<\/div><\/figure>\n\n\n\n<figure class=\"wp-block-embed-wordpress wp-block-embed is-type-wp-embed is-provider-kapitalis\"><div class=\"wp-block-embed__wrapper\">\n<blockquote class=\"wp-embedded-content\" data-secret=\"rwgyk030b4\"><a href=\"https:\/\/kapitalis.com\/tunisie\/2019\/10\/18\/etoile-du-sahel-habib-sayah-assumera-linterim-de-la-presidence-jusqua-la-fin-de-la-mandature\/\">Etoile du Sahel: Habib Sayah assumera l\u2019int\u00e9rim de la pr\u00e9sidence jusqu\u2019\u00e0 la fin de la mandature<\/a><\/blockquote><iframe loading=\"lazy\" class=\"wp-embedded-content\" sandbox=\"allow-scripts\" security=\"restricted\" style=\"position: absolute; clip: rect(1px, 1px, 1px, 1px);\" title=\"\u00ab\u00a0Etoile du Sahel: Habib Sayah assumera l\u2019int\u00e9rim de la pr\u00e9sidence jusqu\u2019\u00e0 la fin de la mandature\u00a0\u00bb &#8212; Kapitalis\" src=\"https:\/\/kapitalis.com\/tunisie\/2019\/10\/18\/etoile-du-sahel-habib-sayah-assumera-linterim-de-la-presidence-jusqua-la-fin-de-la-mandature\/embed\/#?secret=AA63r8W1jM#?secret=rwgyk030b4\" data-secret=\"rwgyk030b4\" width=\"600\" height=\"338\" frameborder=\"0\" marginwidth=\"0\" marginheight=\"0\" scrolling=\"no\"><\/iframe>\n<\/div><\/figure>\n","protected":false},"excerpt":{"rendered":"<p>Le comit\u00e9 directeur de l\u2019Etoile sportive du Sahel (ESS), qui s\u2019\u00e9tait engag\u00e9 avec le pr\u00e9sident d\u00e9missionnaire Ridha Charfeddine \u00e0 pr\u00e9senter sa d\u00e9mission et \u00e0 convoquer une assembl\u00e9e g\u00e9n\u00e9rale \u00e9lective avant le 1er novembre 2019, devrait mettre fin aux tergiversations et faciliter la transition. V\u00e9ritable casse-t\u00eate juridico-sportif, qui alourdit l\u2019atmosph\u00e8re au sein du club! Par Hassen&#8230;<\/p>\n","protected":false},"author":8,"featured_media":249109,"comment_status":"open","ping_status":"open","sticky":false,"template":"","format":"standard","meta":{"footnotes":""},"categories":[992,999,2433],"tags":[1295,66773,7491],"class_list":["post-249099","post","type-post","status-publish","format-standard","has-post-thumbnail","hentry","category-a-la-une","category-sport","category-tunisie","tag-etoile-du-sahel","tag-habib-sayah","tag-ridha-charfeddine"],"yoast_head":"<!-- This site is optimized with the Yoast SEO plugin v26.6 - https:\/\/yoast.com\/wordpress\/plugins\/seo\/ -->\n<title>Etoile du Sahel : le comit\u00e9 directeur face \u00e0 un imbroglio juridique - Kapitalis<\/title>\n<meta name=\"robots\" content=\"index, follow, max-snippet:-1, max-image-preview:large, max-video-preview:-1\" \/>\n<link rel=\"canonical\" href=\"https:\/\/kapitalis.com\/tunisie\/2019\/10\/22\/etoile-du-sahel-le-comite-directeur-face-a-un-imbroglio-juridique\/\" \/>\n<meta property=\"og:locale\" content=\"fr_FR\" \/>\n<meta property=\"og:type\" content=\"article\" \/>\n<meta property=\"og:title\" content=\"Etoile du Sahel : le comit\u00e9 directeur face \u00e0 un imbroglio juridique - Kapitalis\" \/>\n<meta property=\"og:description\" content=\"Le comit\u00e9 directeur de l\u2019Etoile sportive du Sahel (ESS), qui s\u2019\u00e9tait engag\u00e9 avec le pr\u00e9sident d\u00e9missionnaire Ridha Charfeddine \u00e0 pr\u00e9senter sa d\u00e9mission et \u00e0 convoquer une assembl\u00e9e g\u00e9n\u00e9rale \u00e9lective avant le 1er novembre 2019, devrait mettre fin aux tergiversations et faciliter la transition. V\u00e9ritable casse-t\u00eate juridico-sportif, qui alourdit l\u2019atmosph\u00e8re au sein du club! Par Hassen...\" \/>\n<meta property=\"og:url\" content=\"https:\/\/kapitalis.com\/tunisie\/2019\/10\/22\/etoile-du-sahel-le-comite-directeur-face-a-un-imbroglio-juridique\/\" \/>\n<meta property=\"og:site_name\" content=\"Kapitalis\" \/>\n<meta property=\"article:publisher\" content=\"https:\/\/www.facebook.com\/KapitalisInfo\/\" \/>\n<meta property=\"article:published_time\" content=\"2019-10-22T16:21:41+00:00\" \/>\n<meta property=\"article:modified_time\" content=\"2019-10-22T16:21:42+00:00\" \/>\n<meta property=\"og:image\" content=\"https:\/\/kapitalis.com\/tunisie\/wp-content\/uploads\/2022\/05\/kapitalis-logo-fb.png\" \/>\n\t<meta property=\"og:image:width\" content=\"1200\" \/>\n\t<meta property=\"og:image:height\" content=\"630\" \/>\n\t<meta property=\"og:image:type\" content=\"image\/png\" \/>\n<meta name=\"author\" content=\"webmaster kapitalis\" \/>\n<meta name=\"twitter:card\" content=\"summary_large_image\" \/>\n<meta name=\"twitter:creator\" content=\"@KapitalisInfo\" \/>\n<meta name=\"twitter:site\" content=\"@KapitalisInfo\" \/>\n<meta name=\"twitter:label1\" content=\"\u00c9crit par\" \/>\n\t<meta name=\"twitter:data1\" content=\"webmaster kapitalis\" \/>\n\t<meta name=\"twitter:label2\" content=\"Dur\u00e9e de lecture estim\u00e9e\" \/>\n\t<meta name=\"twitter:data2\" content=\"3 minutes\" \/>\n<script type=\"application\/ld+json\" class=\"yoast-schema-graph\">{\"@context\":\"https:\/\/schema.org\",\"@graph\":[{\"@type\":\"Article\",\"@id\":\"https:\/\/kapitalis.com\/tunisie\/2019\/10\/22\/etoile-du-sahel-le-comite-directeur-face-a-un-imbroglio-juridique\/#article\",\"isPartOf\":{\"@id\":\"https:\/\/kapitalis.com\/tunisie\/2019\/10\/22\/etoile-du-sahel-le-comite-directeur-face-a-un-imbroglio-juridique\/\"},\"author\":{\"name\":\"webmaster kapitalis\",\"@id\":\"https:\/\/kapitalis.com\/tunisie\/#\/schema\/person\/d71f33a9ca44f7bad4698210b480c8e9\"},\"headline\":\"Etoile du Sahel : le comit\u00e9 directeur face \u00e0 un imbroglio juridique\",\"datePublished\":\"2019-10-22T16:21:41+00:00\",\"dateModified\":\"2019-10-22T16:21:42+00:00\",\"mainEntityOfPage\":{\"@id\":\"https:\/\/kapitalis.com\/tunisie\/2019\/10\/22\/etoile-du-sahel-le-comite-directeur-face-a-un-imbroglio-juridique\/\"},\"wordCount\":668,\"commentCount\":0,\"publisher\":{\"@id\":\"https:\/\/kapitalis.com\/tunisie\/#organization\"},\"image\":{\"@id\":\"https:\/\/kapitalis.com\/tunisie\/2019\/10\/22\/etoile-du-sahel-le-comite-directeur-face-a-un-imbroglio-juridique\/#primaryimage\"},\"thumbnailUrl\":\"\",\"keywords\":[\"Etoile du Sahel\",\"Habib Sayah\",\"ridha Charfeddine\"],\"articleSection\":[\"A LA UNE\",\"SPORT\",\"Tunisie\"],\"inLanguage\":\"fr-FR\",\"potentialAction\":[{\"@type\":\"CommentAction\",\"name\":\"Comment\",\"target\":[\"https:\/\/kapitalis.com\/tunisie\/2019\/10\/22\/etoile-du-sahel-le-comite-directeur-face-a-un-imbroglio-juridique\/#respond\"]}]},{\"@type\":\"WebPage\",\"@id\":\"https:\/\/kapitalis.com\/tunisie\/2019\/10\/22\/etoile-du-sahel-le-comite-directeur-face-a-un-imbroglio-juridique\/\",\"url\":\"https:\/\/kapitalis.com\/tunisie\/2019\/10\/22\/etoile-du-sahel-le-comite-directeur-face-a-un-imbroglio-juridique\/\",\"name\":\"Etoile du Sahel : le comit\u00e9 directeur face \u00e0 un imbroglio juridique - Kapitalis\",\"isPartOf\":{\"@id\":\"https:\/\/kapitalis.com\/tunisie\/#website\"},\"primaryImageOfPage\":{\"@id\":\"https:\/\/kapitalis.com\/tunisie\/2019\/10\/22\/etoile-du-sahel-le-comite-directeur-face-a-un-imbroglio-juridique\/#primaryimage\"},\"image\":{\"@id\":\"https:\/\/kapitalis.com\/tunisie\/2019\/10\/22\/etoile-du-sahel-le-comite-directeur-face-a-un-imbroglio-juridique\/#primaryimage\"},\"thumbnailUrl\":\"\",\"datePublished\":\"2019-10-22T16:21:41+00:00\",\"dateModified\":\"2019-10-22T16:21:42+00:00\",\"breadcrumb\":{\"@id\":\"https:\/\/kapitalis.com\/tunisie\/2019\/10\/22\/etoile-du-sahel-le-comite-directeur-face-a-un-imbroglio-juridique\/#breadcrumb\"},\"inLanguage\":\"fr-FR\",\"potentialAction\":[{\"@type\":\"ReadAction\",\"target\":[\"https:\/\/kapitalis.com\/tunisie\/2019\/10\/22\/etoile-du-sahel-le-comite-directeur-face-a-un-imbroglio-juridique\/\"]}]},{\"@type\":\"ImageObject\",\"inLanguage\":\"fr-FR\",\"@id\":\"https:\/\/kapitalis.com\/tunisie\/2019\/10\/22\/etoile-du-sahel-le-comite-directeur-face-a-un-imbroglio-juridique\/#primaryimage\",\"url\":\"\",\"contentUrl\":\"\"},{\"@type\":\"BreadcrumbList\",\"@id\":\"https:\/\/kapitalis.com\/tunisie\/2019\/10\/22\/etoile-du-sahel-le-comite-directeur-face-a-un-imbroglio-juridique\/#breadcrumb\",\"itemListElement\":[{\"@type\":\"ListItem\",\"position\":1,\"name\":\"Accueil\",\"item\":\"https:\/\/kapitalis.com\/tunisie\/\"},{\"@type\":\"ListItem\",\"position\":2,\"name\":\"Etoile du Sahel : le comit\u00e9 directeur face \u00e0 un imbroglio juridique\"}]},{\"@type\":\"WebSite\",\"@id\":\"https:\/\/kapitalis.com\/tunisie\/#website\",\"url\":\"https:\/\/kapitalis.com\/tunisie\/\",\"name\":\"Kapitalis\",\"description\":\"L&#039;actualit\u00e9 en Tunisie et dans le monde\",\"publisher\":{\"@id\":\"https:\/\/kapitalis.com\/tunisie\/#organization\"},\"potentialAction\":[{\"@type\":\"SearchAction\",\"target\":{\"@type\":\"EntryPoint\",\"urlTemplate\":\"https:\/\/kapitalis.com\/tunisie\/?s={search_term_string}\"},\"query-input\":{\"@type\":\"PropertyValueSpecification\",\"valueRequired\":true,\"valueName\":\"search_term_string\"}}],\"inLanguage\":\"fr-FR\"},{\"@type\":\"Organization\",\"@id\":\"https:\/\/kapitalis.com\/tunisie\/#organization\",\"name\":\"Kapitalis\",\"url\":\"https:\/\/kapitalis.com\/tunisie\/\",\"logo\":{\"@type\":\"ImageObject\",\"inLanguage\":\"fr-FR\",\"@id\":\"https:\/\/kapitalis.com\/tunisie\/#\/schema\/logo\/image\/\",\"url\":\"https:\/\/kapitalis.com\/tunisie\/wp-content\/uploads\/2022\/05\/Kapitalis-big-size.png\",\"contentUrl\":\"https:\/\/kapitalis.com\/tunisie\/wp-content\/uploads\/2022\/05\/Kapitalis-big-size.png\",\"width\":5000,\"height\":1500,\"caption\":\"Kapitalis\"},\"image\":{\"@id\":\"https:\/\/kapitalis.com\/tunisie\/#\/schema\/logo\/image\/\"},\"sameAs\":[\"https:\/\/www.facebook.com\/KapitalisInfo\/\",\"https:\/\/x.com\/KapitalisInfo\",\"https:\/\/www.youtube.com\/channel\/UC-yDYrHyfFBWWZaOw3FPg9Q\"]},{\"@type\":\"Person\",\"@id\":\"https:\/\/kapitalis.com\/tunisie\/#\/schema\/person\/d71f33a9ca44f7bad4698210b480c8e9\",\"name\":\"webmaster kapitalis\",\"url\":\"https:\/\/kapitalis.com\/tunisie\/author\/webmaster-kapitalis\/\"}]}<\/script>\n<!-- \/ Yoast SEO plugin. -->","yoast_head_json":{"title":"Etoile du Sahel : le comit\u00e9 directeur face \u00e0 un imbroglio juridique - Kapitalis","robots":{"index":"index","follow":"follow","max-snippet":"max-snippet:-1","max-image-preview":"max-image-preview:large","max-video-preview":"max-video-preview:-1"},"canonical":"https:\/\/kapitalis.com\/tunisie\/2019\/10\/22\/etoile-du-sahel-le-comite-directeur-face-a-un-imbroglio-juridique\/","og_locale":"fr_FR","og_type":"article","og_title":"Etoile du Sahel : le comit\u00e9 directeur face \u00e0 un imbroglio juridique - Kapitalis","og_description":"Le comit\u00e9 directeur de l\u2019Etoile sportive du Sahel (ESS), qui s\u2019\u00e9tait engag\u00e9 avec le pr\u00e9sident d\u00e9missionnaire Ridha Charfeddine \u00e0 pr\u00e9senter sa d\u00e9mission et \u00e0 convoquer une assembl\u00e9e g\u00e9n\u00e9rale \u00e9lective avant le 1er novembre 2019, devrait mettre fin aux tergiversations et faciliter la transition. V\u00e9ritable casse-t\u00eate juridico-sportif, qui alourdit l\u2019atmosph\u00e8re au sein du club! Par Hassen...","og_url":"https:\/\/kapitalis.com\/tunisie\/2019\/10\/22\/etoile-du-sahel-le-comite-directeur-face-a-un-imbroglio-juridique\/","og_site_name":"Kapitalis","article_publisher":"https:\/\/www.facebook.com\/KapitalisInfo\/","article_published_time":"2019-10-22T16:21:41+00:00","article_modified_time":"2019-10-22T16:21:42+00:00","og_image":[{"width":1200,"height":630,"url":"https:\/\/kapitalis.com\/tunisie\/wp-content\/uploads\/2022\/05\/kapitalis-logo-fb.png","type":"image\/png"}],"author":"webmaster kapitalis","twitter_card":"summary_large_image","twitter_creator":"@KapitalisInfo","twitter_site":"@KapitalisInfo","twitter_misc":{"\u00c9crit par":"webmaster kapitalis","Dur\u00e9e de lecture estim\u00e9e":"3 minutes"},"schema":{"@context":"https:\/\/schema.org","@graph":[{"@type":"Article","@id":"https:\/\/kapitalis.com\/tunisie\/2019\/10\/22\/etoile-du-sahel-le-comite-directeur-face-a-un-imbroglio-juridique\/#article","isPartOf":{"@id":"https:\/\/kapitalis.com\/tunisie\/2019\/10\/22\/etoile-du-sahel-le-comite-directeur-face-a-un-imbroglio-juridique\/"},"author":{"name":"webmaster kapitalis","@id":"https:\/\/kapitalis.com\/tunisie\/#\/schema\/person\/d71f33a9ca44f7bad4698210b480c8e9"},"headline":"Etoile du Sahel : le comit\u00e9 directeur face \u00e0 un imbroglio juridique","datePublished":"2019-10-22T16:21:41+00:00","dateModified":"2019-10-22T16:21:42+00:00","mainEntityOfPage":{"@id":"https:\/\/kapitalis.com\/tunisie\/2019\/10\/22\/etoile-du-sahel-le-comite-directeur-face-a-un-imbroglio-juridique\/"},"wordCount":668,"commentCount":0,"publisher":{"@id":"https:\/\/kapitalis.com\/tunisie\/#organization"},"image":{"@id":"https:\/\/kapitalis.com\/tunisie\/2019\/10\/22\/etoile-du-sahel-le-comite-directeur-face-a-un-imbroglio-juridique\/#primaryimage"},"thumbnailUrl":"","keywords":["Etoile du Sahel","Habib Sayah","ridha Charfeddine"],"articleSection":["A LA UNE","SPORT","Tunisie"],"inLanguage":"fr-FR","potentialAction":[{"@type":"CommentAction","name":"Comment","target":["https:\/\/kapitalis.com\/tunisie\/2019\/10\/22\/etoile-du-sahel-le-comite-directeur-face-a-un-imbroglio-juridique\/#respond"]}]},{"@type":"WebPage","@id":"https:\/\/kapitalis.com\/tunisie\/2019\/10\/22\/etoile-du-sahel-le-comite-directeur-face-a-un-imbroglio-juridique\/","url":"https:\/\/kapitalis.com\/tunisie\/2019\/10\/22\/etoile-du-sahel-le-comite-directeur-face-a-un-imbroglio-juridique\/","name":"Etoile du Sahel : le comit\u00e9 directeur face \u00e0 un imbroglio juridique - Kapitalis","isPartOf":{"@id":"https:\/\/kapitalis.com\/tunisie\/#website"},"primaryImageOfPage":{"@id":"https:\/\/kapitalis.com\/tunisie\/2019\/10\/22\/etoile-du-sahel-le-comite-directeur-face-a-un-imbroglio-juridique\/#primaryimage"},"image":{"@id":"https:\/\/kapitalis.com\/tunisie\/2019\/10\/22\/etoile-du-sahel-le-comite-directeur-face-a-un-imbroglio-juridique\/#primaryimage"},"thumbnailUrl":"","datePublished":"2019-10-22T16:21:41+00:00","dateModified":"2019-10-22T16:21:42+00:00","breadcrumb":{"@id":"https:\/\/kapitalis.com\/tunisie\/2019\/10\/22\/etoile-du-sahel-le-comite-directeur-face-a-un-imbroglio-juridique\/#breadcrumb"},"inLanguage":"fr-FR","potentialAction":[{"@type":"ReadAction","target":["https:\/\/kapitalis.com\/tunisie\/2019\/10\/22\/etoile-du-sahel-le-comite-directeur-face-a-un-imbroglio-juridique\/"]}]},{"@type":"ImageObject","inLanguage":"fr-FR","@id":"https:\/\/kapitalis.com\/tunisie\/2019\/10\/22\/etoile-du-sahel-le-comite-directeur-face-a-un-imbroglio-juridique\/#primaryimage","url":"","contentUrl":""},{"@type":"BreadcrumbList","@id":"https:\/\/kapitalis.com\/tunisie\/2019\/10\/22\/etoile-du-sahel-le-comite-directeur-face-a-un-imbroglio-juridique\/#breadcrumb","itemListElement":[{"@type":"ListItem","position":1,"name":"Accueil","item":"https:\/\/kapitalis.com\/tunisie\/"},{"@type":"ListItem","position":2,"name":"Etoile du Sahel : le comit\u00e9 directeur face \u00e0 un imbroglio juridique"}]},{"@type":"WebSite","@id":"https:\/\/kapitalis.com\/tunisie\/#website","url":"https:\/\/kapitalis.com\/tunisie\/","name":"Kapitalis","description":"L&#039;actualit\u00e9 en Tunisie et dans le monde","publisher":{"@id":"https:\/\/kapitalis.com\/tunisie\/#organization"},"potentialAction":[{"@type":"SearchAction","target":{"@type":"EntryPoint","urlTemplate":"https:\/\/kapitalis.com\/tunisie\/?s={search_term_string}"},"query-input":{"@type":"PropertyValueSpecification","valueRequired":true,"valueName":"search_term_string"}}],"inLanguage":"fr-FR"},{"@type":"Organization","@id":"https:\/\/kapitalis.com\/tunisie\/#organization","name":"Kapitalis","url":"https:\/\/kapitalis.com\/tunisie\/","logo":{"@type":"ImageObject","inLanguage":"fr-FR","@id":"https:\/\/kapitalis.com\/tunisie\/#\/schema\/logo\/image\/","url":"https:\/\/kapitalis.com\/tunisie\/wp-content\/uploads\/2022\/05\/Kapitalis-big-size.png","contentUrl":"https:\/\/kapitalis.com\/tunisie\/wp-content\/uploads\/2022\/05\/Kapitalis-big-size.png","width":5000,"height":1500,"caption":"Kapitalis"},"image":{"@id":"https:\/\/kapitalis.com\/tunisie\/#\/schema\/logo\/image\/"},"sameAs":["https:\/\/www.facebook.com\/KapitalisInfo\/","https:\/\/x.com\/KapitalisInfo","https:\/\/www.youtube.com\/channel\/UC-yDYrHyfFBWWZaOw3FPg9Q"]},{"@type":"Person","@id":"https:\/\/kapitalis.com\/tunisie\/#\/schema\/person\/d71f33a9ca44f7bad4698210b480c8e9","name":"webmaster kapitalis","url":"https:\/\/kapitalis.com\/tunisie\/author\/webmaster-kapitalis\/"}]}},"_links":{"self":[{"href":"https:\/\/kapitalis.com\/tunisie\/wp-json\/wp\/v2\/posts\/249099","targetHints":{"allow":["GET"]}}],"collection":[{"href":"https:\/\/kapitalis.com\/tunisie\/wp-json\/wp\/v2\/posts"}],"about":[{"href":"https:\/\/kapitalis.com\/tunisie\/wp-json\/wp\/v2\/types\/post"}],"author":[{"embeddable":true,"href":"https:\/\/kapitalis.com\/tunisie\/wp-json\/wp\/v2\/users\/8"}],"replies":[{"embeddable":true,"href":"https:\/\/kapitalis.com\/tunisie\/wp-json\/wp\/v2\/comments?post=249099"}],"version-history":[{"count":0,"href":"https:\/\/kapitalis.com\/tunisie\/wp-json\/wp\/v2\/posts\/249099\/revisions"}],"wp:featuredmedia":[{"embeddable":true,"href":"https:\/\/kapitalis.com\/tunisie\/wp-json\/wp\/v2\/media\/249109"}],"wp:attachment":[{"href":"https:\/\/kapitalis.com\/tunisie\/wp-json\/wp\/v2\/media?parent=249099"}],"wp:term":[{"taxonomy":"category","embeddable":true,"href":"https:\/\/kapitalis.com\/tunisie\/wp-json\/wp\/v2\/categories?post=249099"},{"taxonomy":"post_tag","embeddable":true,"href":"https:\/\/kapitalis.com\/tunisie\/wp-json\/wp\/v2\/tags?post=249099"}],"curies":[{"name":"wp","href":"https:\/\/api.w.org\/{rel}","templated":true}]}}