{"id":249216,"date":"2019-10-22T21:42:09","date_gmt":"2019-10-22T20:42:09","guid":{"rendered":"http:\/\/kapitalis.com\/tunisie\/?p=249216"},"modified":"2019-10-23T07:42:37","modified_gmt":"2019-10-23T06:42:37","slug":"marzouki-annonce-et-explique-son-absence-demain-aux-ceremonies-de-prestation-de-serment-et-dinvestiture-du-president-saied","status":"publish","type":"post","link":"https:\/\/kapitalis.com\/tunisie\/2019\/10\/22\/marzouki-annonce-et-explique-son-absence-demain-aux-ceremonies-de-prestation-de-serment-et-dinvestiture-du-president-saied\/","title":{"rendered":"Marzouki annonce et explique son absence, demain, aux c\u00e9r\u00e9monies de prestation de serment et d&rsquo;investiture du pr\u00e9sident Sa\u00efed"},"content":{"rendered":"\n<figure class=\"wp-block-image\"><img decoding=\"async\" src=\"http:\/\/kapitalis.com\/tunisie\/wp-content\/uploads\/2019\/10\/Marzouki-Sa\u00efed.jpg\" alt=\"\" class=\"wp-image-249220\"\/><\/figure>\n\n\n\n<p><strong><em>Moncef Marzouki, ancien pr\u00e9sident provisoire de la r\u00e9publique \u00e0 annonc\u00e9, ce soir, mardi 22 octobre 2019, qu\u2019il ne pourra pas prendre part aux c\u00e9r\u00e9monies de prestation de serment et d&rsquo;investiture du pr\u00e9sident \u00e9lu Ka\u00efs Sa\u00efed.<\/em><\/strong><\/p>\n\n\n\n<!--more-->\n\n\n\n<p>Dans un post publi\u00e9 sur sa page Facebook, l\u2019ancien pr\u00e9sident provisoire (janvier 2012-d\u00e9cembre 2014) pr\u00e9cise qu&rsquo;il a un emp\u00eachement : \u00ab<em>\u00c9tant \u00e0 l&rsquo;\u00e9tranger, pour des engagements ant\u00e9rieurs, je me vois d\u00e9sol\u00e9 de ne pas pouvoir assister, demain, \u00e0 la pl\u00e9ni\u00e8re extraordinaire \u00e0 l\u2019Assembl\u00e9e, consacr\u00e9e \u00e0 la prestation de serment de Ka\u00efs Sa\u00efed, ainsi qu&rsquo;\u00e0 la c\u00e9r\u00e9monie de son investiture<\/em>\u00bb.<\/p>\n\n\n\n<p>\u00ab<em>Je lui adresse mes f\u00e9licitations et mes v\u0153ux de succ\u00e8s au service des valeurs et des objectifs de notre glorieuse r\u00e9volution du 17 d\u00e9cembre\u00bb<\/em> (2010, Ndlr), a-t-il \u00e9galement \u00e9crit, et pas du 14 janvier 2011, date de la chute de l&rsquo;ancien pr\u00e9sident Ben Ali, comme il est commun\u00e9ment admis.<\/p>\n\n\n\n<p>Moncef Marzouki a \u00e9galement indiqu\u00e9, dans ce m\u00eame post, qu&rsquo;il esp\u00e8re que tous les partis politiques feront de l\u2019int\u00e9r\u00eat du pays leur priorit\u00e9, lors de la formation du prochain gouvernement.<\/p>\n\n\n\n<p>\u00ab<em>J&rsquo;esp\u00e8re que le prochain gouvernement proc\u00e9dera au plus t\u00f4t aux r\u00e9formes n\u00e9cessaires afin d\u2019am\u00e9liorer le niveau de vie du peuple tunisien\u00bb,<\/em> a-t-il conclu.<\/p>\n\n\n\n<p>Rappelons que Moncef Marzouki avait pr\u00e9sent\u00e9 sa candidature \u00e0 la pr\u00e9sidentielle anticip\u00e9 mais a \u00e9t\u00e9 \u00e9limin\u00e9 au 1er tour en obtenant uniquement 3,2% des suffrages. C&rsquo;est la seconde d\u00e9faite \u00e0 la pr\u00e9sidentielle, apr\u00e8s celle de 2014 face \u00e0 feu B\u00e9ji Ca\u00efd Essebsi, sachant que les trois ans qu&rsquo;il a pass\u00e9s au Palais de Carthage, il ne les doit pas \u00e0 une \u00e9lection en bonne et due forme mais \u00e0 sa cooptation par le parti islamiste Ennahdha. <\/p>\n\n\n\n<p style=\"text-align:right\"><strong>Y. N.<\/strong><\/p>\n","protected":false},"excerpt":{"rendered":"<p>Moncef Marzouki, ancien pr\u00e9sident provisoire de la r\u00e9publique \u00e0 annonc\u00e9, ce soir, mardi 22 octobre 2019, qu\u2019il ne pourra pas prendre part aux c\u00e9r\u00e9monies de prestation de serment et d&rsquo;investiture du pr\u00e9sident \u00e9lu Ka\u00efs Sa\u00efed.<\/p>\n","protected":false},"author":6,"featured_media":249220,"comment_status":"open","ping_status":"open","sticky":false,"template":"","format":"standard","meta":{"footnotes":""},"categories":[997,2433],"tags":[84,93,67041,12235,634,19039,66690,1362,7817,67042],"class_list":["post-249216","post","type-post","status-publish","format-standard","has-post-thumbnail","hentry","category-politique","category-tunisie","tag-arp","tag-assemblee","tag-investiture","tag-kais-saied","tag-moncef-marzouki","tag-palais-carthage","tag-pleniere-extraordinaire","tag-president","tag-president-republique","tag-prestation-serment"],"yoast_head":"<!-- This site is optimized with the Yoast SEO plugin v26.6 - https:\/\/yoast.com\/wordpress\/plugins\/seo\/ -->\n<title>Marzouki annonce et explique son absence, demain, aux c\u00e9r\u00e9monies de prestation de serment et d&#039;investiture du pr\u00e9sident Sa\u00efed - Kapitalis<\/title>\n<meta name=\"robots\" content=\"index, follow, max-snippet:-1, max-image-preview:large, max-video-preview:-1\" \/>\n<link rel=\"canonical\" href=\"https:\/\/kapitalis.com\/tunisie\/2019\/10\/22\/marzouki-annonce-et-explique-son-absence-demain-aux-ceremonies-de-prestation-de-serment-et-dinvestiture-du-president-saied\/\" \/>\n<meta property=\"og:locale\" content=\"fr_FR\" \/>\n<meta property=\"og:type\" content=\"article\" \/>\n<meta property=\"og:title\" content=\"Marzouki annonce et explique son absence, demain, aux c\u00e9r\u00e9monies de prestation de serment et d&#039;investiture du pr\u00e9sident Sa\u00efed - Kapitalis\" \/>\n<meta property=\"og:description\" content=\"Moncef Marzouki, ancien pr\u00e9sident provisoire de la r\u00e9publique \u00e0 annonc\u00e9, ce soir, mardi 22 octobre 2019, qu\u2019il ne pourra pas prendre part aux c\u00e9r\u00e9monies de prestation de serment et d&rsquo;investiture du pr\u00e9sident \u00e9lu Ka\u00efs Sa\u00efed.\" \/>\n<meta property=\"og:url\" content=\"https:\/\/kapitalis.com\/tunisie\/2019\/10\/22\/marzouki-annonce-et-explique-son-absence-demain-aux-ceremonies-de-prestation-de-serment-et-dinvestiture-du-president-saied\/\" \/>\n<meta property=\"og:site_name\" content=\"Kapitalis\" \/>\n<meta property=\"article:publisher\" content=\"https:\/\/www.facebook.com\/KapitalisInfo\/\" \/>\n<meta property=\"article:published_time\" content=\"2019-10-22T20:42:09+00:00\" \/>\n<meta property=\"article:modified_time\" content=\"2019-10-23T06:42:37+00:00\" \/>\n<meta property=\"og:image\" content=\"https:\/\/kapitalis.com\/tunisie\/wp-content\/uploads\/2022\/05\/kapitalis-logo-fb.png\" \/>\n\t<meta property=\"og:image:width\" content=\"1200\" \/>\n\t<meta property=\"og:image:height\" content=\"630\" \/>\n\t<meta property=\"og:image:type\" content=\"image\/png\" \/>\n<meta name=\"author\" content=\"Yusra NY\" \/>\n<meta name=\"twitter:card\" content=\"summary_large_image\" \/>\n<meta name=\"twitter:creator\" content=\"@KapitalisInfo\" \/>\n<meta name=\"twitter:site\" content=\"@KapitalisInfo\" \/>\n<meta name=\"twitter:label1\" content=\"\u00c9crit par\" \/>\n\t<meta name=\"twitter:data1\" content=\"Yusra NY\" \/>\n\t<meta name=\"twitter:label2\" content=\"Dur\u00e9e de lecture estim\u00e9e\" \/>\n\t<meta name=\"twitter:data2\" content=\"2 minutes\" \/>\n<script type=\"application\/ld+json\" class=\"yoast-schema-graph\">{\"@context\":\"https:\/\/schema.org\",\"@graph\":[{\"@type\":\"Article\",\"@id\":\"https:\/\/kapitalis.com\/tunisie\/2019\/10\/22\/marzouki-annonce-et-explique-son-absence-demain-aux-ceremonies-de-prestation-de-serment-et-dinvestiture-du-president-saied\/#article\",\"isPartOf\":{\"@id\":\"https:\/\/kapitalis.com\/tunisie\/2019\/10\/22\/marzouki-annonce-et-explique-son-absence-demain-aux-ceremonies-de-prestation-de-serment-et-dinvestiture-du-president-saied\/\"},\"author\":{\"name\":\"Yusra NY\",\"@id\":\"https:\/\/kapitalis.com\/tunisie\/#\/schema\/person\/74bbde0154d49d790a92aaeac5bc01d5\"},\"headline\":\"Marzouki annonce et explique son absence, demain, aux c\u00e9r\u00e9monies de prestation de serment et d&rsquo;investiture du pr\u00e9sident Sa\u00efed\",\"datePublished\":\"2019-10-22T20:42:09+00:00\",\"dateModified\":\"2019-10-23T06:42:37+00:00\",\"mainEntityOfPage\":{\"@id\":\"https:\/\/kapitalis.com\/tunisie\/2019\/10\/22\/marzouki-annonce-et-explique-son-absence-demain-aux-ceremonies-de-prestation-de-serment-et-dinvestiture-du-president-saied\/\"},\"wordCount\":328,\"commentCount\":9,\"publisher\":{\"@id\":\"https:\/\/kapitalis.com\/tunisie\/#organization\"},\"image\":{\"@id\":\"https:\/\/kapitalis.com\/tunisie\/2019\/10\/22\/marzouki-annonce-et-explique-son-absence-demain-aux-ceremonies-de-prestation-de-serment-et-dinvestiture-du-president-saied\/#primaryimage\"},\"thumbnailUrl\":\"\",\"keywords\":[\"ARP\",\"Assembl\u00e9e\",\"investiture\",\"Ka\u00efs Saied\",\"Moncef Marzouki\",\"Palais Carthage\",\"pl\u00e9ni\u00e8re extraordinaire\",\"pr\u00e9sident\",\"pr\u00e9sident r\u00e9publique\",\"prestation serment\"],\"articleSection\":[\"POLITIQUE\",\"Tunisie\"],\"inLanguage\":\"fr-FR\",\"potentialAction\":[{\"@type\":\"CommentAction\",\"name\":\"Comment\",\"target\":[\"https:\/\/kapitalis.com\/tunisie\/2019\/10\/22\/marzouki-annonce-et-explique-son-absence-demain-aux-ceremonies-de-prestation-de-serment-et-dinvestiture-du-president-saied\/#respond\"]}]},{\"@type\":\"WebPage\",\"@id\":\"https:\/\/kapitalis.com\/tunisie\/2019\/10\/22\/marzouki-annonce-et-explique-son-absence-demain-aux-ceremonies-de-prestation-de-serment-et-dinvestiture-du-president-saied\/\",\"url\":\"https:\/\/kapitalis.com\/tunisie\/2019\/10\/22\/marzouki-annonce-et-explique-son-absence-demain-aux-ceremonies-de-prestation-de-serment-et-dinvestiture-du-president-saied\/\",\"name\":\"Marzouki annonce et explique son absence, demain, aux c\u00e9r\u00e9monies de prestation de serment et d'investiture du pr\u00e9sident Sa\u00efed - Kapitalis\",\"isPartOf\":{\"@id\":\"https:\/\/kapitalis.com\/tunisie\/#website\"},\"primaryImageOfPage\":{\"@id\":\"https:\/\/kapitalis.com\/tunisie\/2019\/10\/22\/marzouki-annonce-et-explique-son-absence-demain-aux-ceremonies-de-prestation-de-serment-et-dinvestiture-du-president-saied\/#primaryimage\"},\"image\":{\"@id\":\"https:\/\/kapitalis.com\/tunisie\/2019\/10\/22\/marzouki-annonce-et-explique-son-absence-demain-aux-ceremonies-de-prestation-de-serment-et-dinvestiture-du-president-saied\/#primaryimage\"},\"thumbnailUrl\":\"\",\"datePublished\":\"2019-10-22T20:42:09+00:00\",\"dateModified\":\"2019-10-23T06:42:37+00:00\",\"breadcrumb\":{\"@id\":\"https:\/\/kapitalis.com\/tunisie\/2019\/10\/22\/marzouki-annonce-et-explique-son-absence-demain-aux-ceremonies-de-prestation-de-serment-et-dinvestiture-du-president-saied\/#breadcrumb\"},\"inLanguage\":\"fr-FR\",\"potentialAction\":[{\"@type\":\"ReadAction\",\"target\":[\"https:\/\/kapitalis.com\/tunisie\/2019\/10\/22\/marzouki-annonce-et-explique-son-absence-demain-aux-ceremonies-de-prestation-de-serment-et-dinvestiture-du-president-saied\/\"]}]},{\"@type\":\"ImageObject\",\"inLanguage\":\"fr-FR\",\"@id\":\"https:\/\/kapitalis.com\/tunisie\/2019\/10\/22\/marzouki-annonce-et-explique-son-absence-demain-aux-ceremonies-de-prestation-de-serment-et-dinvestiture-du-president-saied\/#primaryimage\",\"url\":\"\",\"contentUrl\":\"\"},{\"@type\":\"BreadcrumbList\",\"@id\":\"https:\/\/kapitalis.com\/tunisie\/2019\/10\/22\/marzouki-annonce-et-explique-son-absence-demain-aux-ceremonies-de-prestation-de-serment-et-dinvestiture-du-president-saied\/#breadcrumb\",\"itemListElement\":[{\"@type\":\"ListItem\",\"position\":1,\"name\":\"Accueil\",\"item\":\"https:\/\/kapitalis.com\/tunisie\/\"},{\"@type\":\"ListItem\",\"position\":2,\"name\":\"Marzouki annonce et explique son absence, demain, aux c\u00e9r\u00e9monies de prestation de serment et d&rsquo;investiture du pr\u00e9sident Sa\u00efed\"}]},{\"@type\":\"WebSite\",\"@id\":\"https:\/\/kapitalis.com\/tunisie\/#website\",\"url\":\"https:\/\/kapitalis.com\/tunisie\/\",\"name\":\"Kapitalis\",\"description\":\"L&#039;actualit\u00e9 en Tunisie et dans le monde\",\"publisher\":{\"@id\":\"https:\/\/kapitalis.com\/tunisie\/#organization\"},\"potentialAction\":[{\"@type\":\"SearchAction\",\"target\":{\"@type\":\"EntryPoint\",\"urlTemplate\":\"https:\/\/kapitalis.com\/tunisie\/?s={search_term_string}\"},\"query-input\":{\"@type\":\"PropertyValueSpecification\",\"valueRequired\":true,\"valueName\":\"search_term_string\"}}],\"inLanguage\":\"fr-FR\"},{\"@type\":\"Organization\",\"@id\":\"https:\/\/kapitalis.com\/tunisie\/#organization\",\"name\":\"Kapitalis\",\"url\":\"https:\/\/kapitalis.com\/tunisie\/\",\"logo\":{\"@type\":\"ImageObject\",\"inLanguage\":\"fr-FR\",\"@id\":\"https:\/\/kapitalis.com\/tunisie\/#\/schema\/logo\/image\/\",\"url\":\"https:\/\/kapitalis.com\/tunisie\/wp-content\/uploads\/2022\/05\/Kapitalis-big-size.png\",\"contentUrl\":\"https:\/\/kapitalis.com\/tunisie\/wp-content\/uploads\/2022\/05\/Kapitalis-big-size.png\",\"width\":5000,\"height\":1500,\"caption\":\"Kapitalis\"},\"image\":{\"@id\":\"https:\/\/kapitalis.com\/tunisie\/#\/schema\/logo\/image\/\"},\"sameAs\":[\"https:\/\/www.facebook.com\/KapitalisInfo\/\",\"https:\/\/x.com\/KapitalisInfo\",\"https:\/\/www.youtube.com\/channel\/UC-yDYrHyfFBWWZaOw3FPg9Q\"]},{\"@type\":\"Person\",\"@id\":\"https:\/\/kapitalis.com\/tunisie\/#\/schema\/person\/74bbde0154d49d790a92aaeac5bc01d5\",\"name\":\"Yusra NY\",\"url\":\"https:\/\/kapitalis.com\/tunisie\/author\/yuza_adam\/\"}]}<\/script>\n<!-- \/ Yoast SEO plugin. -->","yoast_head_json":{"title":"Marzouki annonce et explique son absence, demain, aux c\u00e9r\u00e9monies de prestation de serment et d'investiture du pr\u00e9sident Sa\u00efed - Kapitalis","robots":{"index":"index","follow":"follow","max-snippet":"max-snippet:-1","max-image-preview":"max-image-preview:large","max-video-preview":"max-video-preview:-1"},"canonical":"https:\/\/kapitalis.com\/tunisie\/2019\/10\/22\/marzouki-annonce-et-explique-son-absence-demain-aux-ceremonies-de-prestation-de-serment-et-dinvestiture-du-president-saied\/","og_locale":"fr_FR","og_type":"article","og_title":"Marzouki annonce et explique son absence, demain, aux c\u00e9r\u00e9monies de prestation de serment et d'investiture du pr\u00e9sident Sa\u00efed - Kapitalis","og_description":"Moncef Marzouki, ancien pr\u00e9sident provisoire de la r\u00e9publique \u00e0 annonc\u00e9, ce soir, mardi 22 octobre 2019, qu\u2019il ne pourra pas prendre part aux c\u00e9r\u00e9monies de prestation de serment et d&rsquo;investiture du pr\u00e9sident \u00e9lu Ka\u00efs Sa\u00efed.","og_url":"https:\/\/kapitalis.com\/tunisie\/2019\/10\/22\/marzouki-annonce-et-explique-son-absence-demain-aux-ceremonies-de-prestation-de-serment-et-dinvestiture-du-president-saied\/","og_site_name":"Kapitalis","article_publisher":"https:\/\/www.facebook.com\/KapitalisInfo\/","article_published_time":"2019-10-22T20:42:09+00:00","article_modified_time":"2019-10-23T06:42:37+00:00","og_image":[{"width":1200,"height":630,"url":"https:\/\/kapitalis.com\/tunisie\/wp-content\/uploads\/2022\/05\/kapitalis-logo-fb.png","type":"image\/png"}],"author":"Yusra NY","twitter_card":"summary_large_image","twitter_creator":"@KapitalisInfo","twitter_site":"@KapitalisInfo","twitter_misc":{"\u00c9crit par":"Yusra NY","Dur\u00e9e de lecture estim\u00e9e":"2 minutes"},"schema":{"@context":"https:\/\/schema.org","@graph":[{"@type":"Article","@id":"https:\/\/kapitalis.com\/tunisie\/2019\/10\/22\/marzouki-annonce-et-explique-son-absence-demain-aux-ceremonies-de-prestation-de-serment-et-dinvestiture-du-president-saied\/#article","isPartOf":{"@id":"https:\/\/kapitalis.com\/tunisie\/2019\/10\/22\/marzouki-annonce-et-explique-son-absence-demain-aux-ceremonies-de-prestation-de-serment-et-dinvestiture-du-president-saied\/"},"author":{"name":"Yusra NY","@id":"https:\/\/kapitalis.com\/tunisie\/#\/schema\/person\/74bbde0154d49d790a92aaeac5bc01d5"},"headline":"Marzouki annonce et explique son absence, demain, aux c\u00e9r\u00e9monies de prestation de serment et d&rsquo;investiture du pr\u00e9sident Sa\u00efed","datePublished":"2019-10-22T20:42:09+00:00","dateModified":"2019-10-23T06:42:37+00:00","mainEntityOfPage":{"@id":"https:\/\/kapitalis.com\/tunisie\/2019\/10\/22\/marzouki-annonce-et-explique-son-absence-demain-aux-ceremonies-de-prestation-de-serment-et-dinvestiture-du-president-saied\/"},"wordCount":328,"commentCount":9,"publisher":{"@id":"https:\/\/kapitalis.com\/tunisie\/#organization"},"image":{"@id":"https:\/\/kapitalis.com\/tunisie\/2019\/10\/22\/marzouki-annonce-et-explique-son-absence-demain-aux-ceremonies-de-prestation-de-serment-et-dinvestiture-du-president-saied\/#primaryimage"},"thumbnailUrl":"","keywords":["ARP","Assembl\u00e9e","investiture","Ka\u00efs Saied","Moncef Marzouki","Palais Carthage","pl\u00e9ni\u00e8re extraordinaire","pr\u00e9sident","pr\u00e9sident r\u00e9publique","prestation serment"],"articleSection":["POLITIQUE","Tunisie"],"inLanguage":"fr-FR","potentialAction":[{"@type":"CommentAction","name":"Comment","target":["https:\/\/kapitalis.com\/tunisie\/2019\/10\/22\/marzouki-annonce-et-explique-son-absence-demain-aux-ceremonies-de-prestation-de-serment-et-dinvestiture-du-president-saied\/#respond"]}]},{"@type":"WebPage","@id":"https:\/\/kapitalis.com\/tunisie\/2019\/10\/22\/marzouki-annonce-et-explique-son-absence-demain-aux-ceremonies-de-prestation-de-serment-et-dinvestiture-du-president-saied\/","url":"https:\/\/kapitalis.com\/tunisie\/2019\/10\/22\/marzouki-annonce-et-explique-son-absence-demain-aux-ceremonies-de-prestation-de-serment-et-dinvestiture-du-president-saied\/","name":"Marzouki annonce et explique son absence, demain, aux c\u00e9r\u00e9monies de prestation de serment et d'investiture du pr\u00e9sident Sa\u00efed - Kapitalis","isPartOf":{"@id":"https:\/\/kapitalis.com\/tunisie\/#website"},"primaryImageOfPage":{"@id":"https:\/\/kapitalis.com\/tunisie\/2019\/10\/22\/marzouki-annonce-et-explique-son-absence-demain-aux-ceremonies-de-prestation-de-serment-et-dinvestiture-du-president-saied\/#primaryimage"},"image":{"@id":"https:\/\/kapitalis.com\/tunisie\/2019\/10\/22\/marzouki-annonce-et-explique-son-absence-demain-aux-ceremonies-de-prestation-de-serment-et-dinvestiture-du-president-saied\/#primaryimage"},"thumbnailUrl":"","datePublished":"2019-10-22T20:42:09+00:00","dateModified":"2019-10-23T06:42:37+00:00","breadcrumb":{"@id":"https:\/\/kapitalis.com\/tunisie\/2019\/10\/22\/marzouki-annonce-et-explique-son-absence-demain-aux-ceremonies-de-prestation-de-serment-et-dinvestiture-du-president-saied\/#breadcrumb"},"inLanguage":"fr-FR","potentialAction":[{"@type":"ReadAction","target":["https:\/\/kapitalis.com\/tunisie\/2019\/10\/22\/marzouki-annonce-et-explique-son-absence-demain-aux-ceremonies-de-prestation-de-serment-et-dinvestiture-du-president-saied\/"]}]},{"@type":"ImageObject","inLanguage":"fr-FR","@id":"https:\/\/kapitalis.com\/tunisie\/2019\/10\/22\/marzouki-annonce-et-explique-son-absence-demain-aux-ceremonies-de-prestation-de-serment-et-dinvestiture-du-president-saied\/#primaryimage","url":"","contentUrl":""},{"@type":"BreadcrumbList","@id":"https:\/\/kapitalis.com\/tunisie\/2019\/10\/22\/marzouki-annonce-et-explique-son-absence-demain-aux-ceremonies-de-prestation-de-serment-et-dinvestiture-du-president-saied\/#breadcrumb","itemListElement":[{"@type":"ListItem","position":1,"name":"Accueil","item":"https:\/\/kapitalis.com\/tunisie\/"},{"@type":"ListItem","position":2,"name":"Marzouki annonce et explique son absence, demain, aux c\u00e9r\u00e9monies de prestation de serment et d&rsquo;investiture du pr\u00e9sident Sa\u00efed"}]},{"@type":"WebSite","@id":"https:\/\/kapitalis.com\/tunisie\/#website","url":"https:\/\/kapitalis.com\/tunisie\/","name":"Kapitalis","description":"L&#039;actualit\u00e9 en Tunisie et dans le monde","publisher":{"@id":"https:\/\/kapitalis.com\/tunisie\/#organization"},"potentialAction":[{"@type":"SearchAction","target":{"@type":"EntryPoint","urlTemplate":"https:\/\/kapitalis.com\/tunisie\/?s={search_term_string}"},"query-input":{"@type":"PropertyValueSpecification","valueRequired":true,"valueName":"search_term_string"}}],"inLanguage":"fr-FR"},{"@type":"Organization","@id":"https:\/\/kapitalis.com\/tunisie\/#organization","name":"Kapitalis","url":"https:\/\/kapitalis.com\/tunisie\/","logo":{"@type":"ImageObject","inLanguage":"fr-FR","@id":"https:\/\/kapitalis.com\/tunisie\/#\/schema\/logo\/image\/","url":"https:\/\/kapitalis.com\/tunisie\/wp-content\/uploads\/2022\/05\/Kapitalis-big-size.png","contentUrl":"https:\/\/kapitalis.com\/tunisie\/wp-content\/uploads\/2022\/05\/Kapitalis-big-size.png","width":5000,"height":1500,"caption":"Kapitalis"},"image":{"@id":"https:\/\/kapitalis.com\/tunisie\/#\/schema\/logo\/image\/"},"sameAs":["https:\/\/www.facebook.com\/KapitalisInfo\/","https:\/\/x.com\/KapitalisInfo","https:\/\/www.youtube.com\/channel\/UC-yDYrHyfFBWWZaOw3FPg9Q"]},{"@type":"Person","@id":"https:\/\/kapitalis.com\/tunisie\/#\/schema\/person\/74bbde0154d49d790a92aaeac5bc01d5","name":"Yusra NY","url":"https:\/\/kapitalis.com\/tunisie\/author\/yuza_adam\/"}]}},"_links":{"self":[{"href":"https:\/\/kapitalis.com\/tunisie\/wp-json\/wp\/v2\/posts\/249216","targetHints":{"allow":["GET"]}}],"collection":[{"href":"https:\/\/kapitalis.com\/tunisie\/wp-json\/wp\/v2\/posts"}],"about":[{"href":"https:\/\/kapitalis.com\/tunisie\/wp-json\/wp\/v2\/types\/post"}],"author":[{"embeddable":true,"href":"https:\/\/kapitalis.com\/tunisie\/wp-json\/wp\/v2\/users\/6"}],"replies":[{"embeddable":true,"href":"https:\/\/kapitalis.com\/tunisie\/wp-json\/wp\/v2\/comments?post=249216"}],"version-history":[{"count":0,"href":"https:\/\/kapitalis.com\/tunisie\/wp-json\/wp\/v2\/posts\/249216\/revisions"}],"wp:featuredmedia":[{"embeddable":true,"href":"https:\/\/kapitalis.com\/tunisie\/wp-json\/wp\/v2\/media\/249220"}],"wp:attachment":[{"href":"https:\/\/kapitalis.com\/tunisie\/wp-json\/wp\/v2\/media?parent=249216"}],"wp:term":[{"taxonomy":"category","embeddable":true,"href":"https:\/\/kapitalis.com\/tunisie\/wp-json\/wp\/v2\/categories?post=249216"},{"taxonomy":"post_tag","embeddable":true,"href":"https:\/\/kapitalis.com\/tunisie\/wp-json\/wp\/v2\/tags?post=249216"}],"curies":[{"name":"wp","href":"https:\/\/api.w.org\/{rel}","templated":true}]}}