{"id":249251,"date":"2019-10-22T23:50:00","date_gmt":"2019-10-22T22:50:00","guid":{"rendered":"http:\/\/kapitalis.com\/tunisie\/?p=249251"},"modified":"2019-10-23T08:01:50","modified_gmt":"2019-10-23T07:01:50","slug":"mourou-exclut-le-syndicat-des-journalistes-de-la-ceremonie-de-prestation-de-serment-du-president-elu-kais-saied","status":"publish","type":"post","link":"https:\/\/kapitalis.com\/tunisie\/2019\/10\/22\/mourou-exclut-le-syndicat-des-journalistes-de-la-ceremonie-de-prestation-de-serment-du-president-elu-kais-saied\/","title":{"rendered":"Mourou exclut le Syndicat des journalistes de la c\u00e9r\u00e9monie de prestation de serment du pr\u00e9sident \u00e9lu Ka\u00efs Sa\u00efed !"},"content":{"rendered":"\n<figure class=\"wp-block-image\"><img decoding=\"async\" src=\"http:\/\/kapitalis.com\/tunisie\/wp-content\/uploads\/2019\/10\/SNJT-Mourou.jpg\" alt=\"\" class=\"wp-image-249253\"\/><\/figure>\n\n\n\n<p><strong><em>Le Syndicat national des journalistes tunisiens (SNJT) n&rsquo;a pas \u00e9t\u00e9 invit\u00e9 \u00e0 la c\u00e9r\u00e9monie de prestation de serment du pr\u00e9sident \u00e9lu Ka\u00efs Sa\u00efed, pr\u00e9vue demain matin, mercredi 23 octobre 2019, \u00e0 l&rsquo;Assembl\u00e9e des repr\u00e9sentants du peuple (ARP).<\/em><\/strong><\/p>\n\n\n\n<!--more-->\n\n\n\n<p>C&rsquo;est ce qu&rsquo;a indiqu\u00e9 ce soir, Zied Dabbar, membre du bureau ex\u00e9cutif du SNJT, sur son compte Facebook, en pr\u00e9cisant que le Syndicat a toujours assist\u00e9 \u00e0 ces c\u00e9r\u00e9monies mais que, cette fois-ci, Abdelfattah Mourou, pr\u00e9sident de l&rsquo;ARP par int\u00e9rim, en a d\u00e9cid\u00e9 autrement.<\/p>\n\n\n\n<p>\u00ab<em>Il consid\u00e8re que le SNJT n&rsquo;est pas une organisation nationale et estime que nous ne sommes pas concern\u00e9s par cet \u00e9v\u00e9nement<\/em>\u00bb, a d\u00e9plor\u00e9 M. Dabbar en ajoutant : \u00ab<em>Le pr\u00e9sident du parlement a envoy\u00e9 ce message, aujourd&rsquo;hui, et il ne s&rsquo;est pas d\u00e9barrass\u00e9, lui et les dirigeants de son parti <\/em>(Ennahdha, Ndlr), <em>de leur haine pour pour le Syndicat des journalistes. Ils ne lui ont pas pardonn\u00e9 ses positions et celles des journalistes durant leur r\u00e8gne<\/em>\u00bb.<\/p>\n\n\n\n<p>\u00ab<em>Le Syndicat national des journalistes tunisiens est une organisation nationale, n&rsquo;en d\u00e9plaise \u00e0 certains<\/em>\u00bb, a conclu Zied Dabbar.<\/p>\n\n\n\n<p style=\"text-align:right\"><strong>Y. N.<\/strong><\/p>\n","protected":false},"excerpt":{"rendered":"<p>Le Syndicat national des journalistes tunisiens (SNJT) n&rsquo;a pas \u00e9t\u00e9 invit\u00e9 \u00e0 la c\u00e9r\u00e9monie de prestation de serment du pr\u00e9sident \u00e9lu Ka\u00efs Sa\u00efed, pr\u00e9vue demain matin, mercredi 23 octobre 2019, \u00e0 l&rsquo;Assembl\u00e9e des repr\u00e9sentants du peuple (ARP).<\/p>\n","protected":false},"author":6,"featured_media":249253,"comment_status":"open","ping_status":"open","sticky":false,"template":"","format":"standard","meta":{"footnotes":""},"categories":[996,997,2433],"tags":[4271,84,1611,49543,12235,67048,67051,66765,67050,838,67049],"class_list":["post-249251","post","type-post","status-publish","format-standard","has-post-thumbnail","hentry","category-media","category-politique","category-tunisie","tag-abdelfattah-mourou","tag-arp","tag-ceremonie","tag-ennahdha","tag-kais-saied","tag-le-syndicat-journalistes-tunisiens","tag-organisation-nationale","tag-president-elu","tag-prestation-de-serment","tag-snjt","tag-zied-dabbar"],"yoast_head":"<!-- This site is optimized with the Yoast SEO plugin v26.6 - https:\/\/yoast.com\/wordpress\/plugins\/seo\/ -->\n<title>Mourou exclut le Syndicat des journalistes de la c\u00e9r\u00e9monie de prestation de serment du pr\u00e9sident \u00e9lu Ka\u00efs Sa\u00efed ! - Kapitalis<\/title>\n<meta name=\"robots\" content=\"index, follow, max-snippet:-1, max-image-preview:large, max-video-preview:-1\" \/>\n<link rel=\"canonical\" href=\"https:\/\/kapitalis.com\/tunisie\/2019\/10\/22\/mourou-exclut-le-syndicat-des-journalistes-de-la-ceremonie-de-prestation-de-serment-du-president-elu-kais-saied\/\" \/>\n<meta property=\"og:locale\" content=\"fr_FR\" \/>\n<meta property=\"og:type\" content=\"article\" \/>\n<meta property=\"og:title\" content=\"Mourou exclut le Syndicat des journalistes de la c\u00e9r\u00e9monie de prestation de serment du pr\u00e9sident \u00e9lu Ka\u00efs Sa\u00efed ! - Kapitalis\" \/>\n<meta property=\"og:description\" content=\"Le Syndicat national des journalistes tunisiens (SNJT) n&rsquo;a pas \u00e9t\u00e9 invit\u00e9 \u00e0 la c\u00e9r\u00e9monie de prestation de serment du pr\u00e9sident \u00e9lu Ka\u00efs Sa\u00efed, pr\u00e9vue demain matin, mercredi 23 octobre 2019, \u00e0 l&rsquo;Assembl\u00e9e des repr\u00e9sentants du peuple (ARP).\" \/>\n<meta property=\"og:url\" content=\"https:\/\/kapitalis.com\/tunisie\/2019\/10\/22\/mourou-exclut-le-syndicat-des-journalistes-de-la-ceremonie-de-prestation-de-serment-du-president-elu-kais-saied\/\" \/>\n<meta property=\"og:site_name\" content=\"Kapitalis\" \/>\n<meta property=\"article:publisher\" content=\"https:\/\/www.facebook.com\/KapitalisInfo\/\" \/>\n<meta property=\"article:published_time\" content=\"2019-10-22T22:50:00+00:00\" \/>\n<meta property=\"article:modified_time\" content=\"2019-10-23T07:01:50+00:00\" \/>\n<meta property=\"og:image\" content=\"https:\/\/kapitalis.com\/tunisie\/wp-content\/uploads\/2022\/05\/kapitalis-logo-fb.png\" \/>\n\t<meta property=\"og:image:width\" content=\"1200\" \/>\n\t<meta property=\"og:image:height\" content=\"630\" \/>\n\t<meta property=\"og:image:type\" content=\"image\/png\" \/>\n<meta name=\"author\" content=\"Yusra NY\" \/>\n<meta name=\"twitter:card\" content=\"summary_large_image\" \/>\n<meta name=\"twitter:creator\" content=\"@KapitalisInfo\" \/>\n<meta name=\"twitter:site\" content=\"@KapitalisInfo\" \/>\n<meta name=\"twitter:label1\" content=\"\u00c9crit par\" \/>\n\t<meta name=\"twitter:data1\" content=\"Yusra NY\" \/>\n\t<meta name=\"twitter:label2\" content=\"Dur\u00e9e de lecture estim\u00e9e\" \/>\n\t<meta name=\"twitter:data2\" content=\"1 minute\" \/>\n<script type=\"application\/ld+json\" class=\"yoast-schema-graph\">{\"@context\":\"https:\/\/schema.org\",\"@graph\":[{\"@type\":\"Article\",\"@id\":\"https:\/\/kapitalis.com\/tunisie\/2019\/10\/22\/mourou-exclut-le-syndicat-des-journalistes-de-la-ceremonie-de-prestation-de-serment-du-president-elu-kais-saied\/#article\",\"isPartOf\":{\"@id\":\"https:\/\/kapitalis.com\/tunisie\/2019\/10\/22\/mourou-exclut-le-syndicat-des-journalistes-de-la-ceremonie-de-prestation-de-serment-du-president-elu-kais-saied\/\"},\"author\":{\"name\":\"Yusra NY\",\"@id\":\"https:\/\/kapitalis.com\/tunisie\/#\/schema\/person\/74bbde0154d49d790a92aaeac5bc01d5\"},\"headline\":\"Mourou exclut le Syndicat des journalistes de la c\u00e9r\u00e9monie de prestation de serment du pr\u00e9sident \u00e9lu Ka\u00efs Sa\u00efed !\",\"datePublished\":\"2019-10-22T22:50:00+00:00\",\"dateModified\":\"2019-10-23T07:01:50+00:00\",\"mainEntityOfPage\":{\"@id\":\"https:\/\/kapitalis.com\/tunisie\/2019\/10\/22\/mourou-exclut-le-syndicat-des-journalistes-de-la-ceremonie-de-prestation-de-serment-du-president-elu-kais-saied\/\"},\"wordCount\":216,\"commentCount\":5,\"publisher\":{\"@id\":\"https:\/\/kapitalis.com\/tunisie\/#organization\"},\"image\":{\"@id\":\"https:\/\/kapitalis.com\/tunisie\/2019\/10\/22\/mourou-exclut-le-syndicat-des-journalistes-de-la-ceremonie-de-prestation-de-serment-du-president-elu-kais-saied\/#primaryimage\"},\"thumbnailUrl\":\"\",\"keywords\":[\"Abdelfattah Mourou\",\"ARP\",\"c\u00e9r\u00e9monie\",\"Ennahdha\",\"Ka\u00efs Saied\",\"Le Syndicat journalistes tunisiens\",\"organisation nationale\",\"pr\u00e9sident \u00e9lu\",\"prestation de serment\",\"SNJT\",\"Zied Dabbar\"],\"articleSection\":[\"MEDIA\",\"POLITIQUE\",\"Tunisie\"],\"inLanguage\":\"fr-FR\",\"potentialAction\":[{\"@type\":\"CommentAction\",\"name\":\"Comment\",\"target\":[\"https:\/\/kapitalis.com\/tunisie\/2019\/10\/22\/mourou-exclut-le-syndicat-des-journalistes-de-la-ceremonie-de-prestation-de-serment-du-president-elu-kais-saied\/#respond\"]}]},{\"@type\":\"WebPage\",\"@id\":\"https:\/\/kapitalis.com\/tunisie\/2019\/10\/22\/mourou-exclut-le-syndicat-des-journalistes-de-la-ceremonie-de-prestation-de-serment-du-president-elu-kais-saied\/\",\"url\":\"https:\/\/kapitalis.com\/tunisie\/2019\/10\/22\/mourou-exclut-le-syndicat-des-journalistes-de-la-ceremonie-de-prestation-de-serment-du-president-elu-kais-saied\/\",\"name\":\"Mourou exclut le Syndicat des journalistes de la c\u00e9r\u00e9monie de prestation de serment du pr\u00e9sident \u00e9lu Ka\u00efs Sa\u00efed ! - Kapitalis\",\"isPartOf\":{\"@id\":\"https:\/\/kapitalis.com\/tunisie\/#website\"},\"primaryImageOfPage\":{\"@id\":\"https:\/\/kapitalis.com\/tunisie\/2019\/10\/22\/mourou-exclut-le-syndicat-des-journalistes-de-la-ceremonie-de-prestation-de-serment-du-president-elu-kais-saied\/#primaryimage\"},\"image\":{\"@id\":\"https:\/\/kapitalis.com\/tunisie\/2019\/10\/22\/mourou-exclut-le-syndicat-des-journalistes-de-la-ceremonie-de-prestation-de-serment-du-president-elu-kais-saied\/#primaryimage\"},\"thumbnailUrl\":\"\",\"datePublished\":\"2019-10-22T22:50:00+00:00\",\"dateModified\":\"2019-10-23T07:01:50+00:00\",\"breadcrumb\":{\"@id\":\"https:\/\/kapitalis.com\/tunisie\/2019\/10\/22\/mourou-exclut-le-syndicat-des-journalistes-de-la-ceremonie-de-prestation-de-serment-du-president-elu-kais-saied\/#breadcrumb\"},\"inLanguage\":\"fr-FR\",\"potentialAction\":[{\"@type\":\"ReadAction\",\"target\":[\"https:\/\/kapitalis.com\/tunisie\/2019\/10\/22\/mourou-exclut-le-syndicat-des-journalistes-de-la-ceremonie-de-prestation-de-serment-du-president-elu-kais-saied\/\"]}]},{\"@type\":\"ImageObject\",\"inLanguage\":\"fr-FR\",\"@id\":\"https:\/\/kapitalis.com\/tunisie\/2019\/10\/22\/mourou-exclut-le-syndicat-des-journalistes-de-la-ceremonie-de-prestation-de-serment-du-president-elu-kais-saied\/#primaryimage\",\"url\":\"\",\"contentUrl\":\"\"},{\"@type\":\"BreadcrumbList\",\"@id\":\"https:\/\/kapitalis.com\/tunisie\/2019\/10\/22\/mourou-exclut-le-syndicat-des-journalistes-de-la-ceremonie-de-prestation-de-serment-du-president-elu-kais-saied\/#breadcrumb\",\"itemListElement\":[{\"@type\":\"ListItem\",\"position\":1,\"name\":\"Accueil\",\"item\":\"https:\/\/kapitalis.com\/tunisie\/\"},{\"@type\":\"ListItem\",\"position\":2,\"name\":\"Mourou exclut le Syndicat des journalistes de la c\u00e9r\u00e9monie de prestation de serment du pr\u00e9sident \u00e9lu Ka\u00efs Sa\u00efed !\"}]},{\"@type\":\"WebSite\",\"@id\":\"https:\/\/kapitalis.com\/tunisie\/#website\",\"url\":\"https:\/\/kapitalis.com\/tunisie\/\",\"name\":\"Kapitalis\",\"description\":\"L&#039;actualit\u00e9 en Tunisie et dans le monde\",\"publisher\":{\"@id\":\"https:\/\/kapitalis.com\/tunisie\/#organization\"},\"potentialAction\":[{\"@type\":\"SearchAction\",\"target\":{\"@type\":\"EntryPoint\",\"urlTemplate\":\"https:\/\/kapitalis.com\/tunisie\/?s={search_term_string}\"},\"query-input\":{\"@type\":\"PropertyValueSpecification\",\"valueRequired\":true,\"valueName\":\"search_term_string\"}}],\"inLanguage\":\"fr-FR\"},{\"@type\":\"Organization\",\"@id\":\"https:\/\/kapitalis.com\/tunisie\/#organization\",\"name\":\"Kapitalis\",\"url\":\"https:\/\/kapitalis.com\/tunisie\/\",\"logo\":{\"@type\":\"ImageObject\",\"inLanguage\":\"fr-FR\",\"@id\":\"https:\/\/kapitalis.com\/tunisie\/#\/schema\/logo\/image\/\",\"url\":\"https:\/\/kapitalis.com\/tunisie\/wp-content\/uploads\/2022\/05\/Kapitalis-big-size.png\",\"contentUrl\":\"https:\/\/kapitalis.com\/tunisie\/wp-content\/uploads\/2022\/05\/Kapitalis-big-size.png\",\"width\":5000,\"height\":1500,\"caption\":\"Kapitalis\"},\"image\":{\"@id\":\"https:\/\/kapitalis.com\/tunisie\/#\/schema\/logo\/image\/\"},\"sameAs\":[\"https:\/\/www.facebook.com\/KapitalisInfo\/\",\"https:\/\/x.com\/KapitalisInfo\",\"https:\/\/www.youtube.com\/channel\/UC-yDYrHyfFBWWZaOw3FPg9Q\"]},{\"@type\":\"Person\",\"@id\":\"https:\/\/kapitalis.com\/tunisie\/#\/schema\/person\/74bbde0154d49d790a92aaeac5bc01d5\",\"name\":\"Yusra NY\",\"url\":\"https:\/\/kapitalis.com\/tunisie\/author\/yuza_adam\/\"}]}<\/script>\n<!-- \/ Yoast SEO plugin. -->","yoast_head_json":{"title":"Mourou exclut le Syndicat des journalistes de la c\u00e9r\u00e9monie de prestation de serment du pr\u00e9sident \u00e9lu Ka\u00efs Sa\u00efed ! - Kapitalis","robots":{"index":"index","follow":"follow","max-snippet":"max-snippet:-1","max-image-preview":"max-image-preview:large","max-video-preview":"max-video-preview:-1"},"canonical":"https:\/\/kapitalis.com\/tunisie\/2019\/10\/22\/mourou-exclut-le-syndicat-des-journalistes-de-la-ceremonie-de-prestation-de-serment-du-president-elu-kais-saied\/","og_locale":"fr_FR","og_type":"article","og_title":"Mourou exclut le Syndicat des journalistes de la c\u00e9r\u00e9monie de prestation de serment du pr\u00e9sident \u00e9lu Ka\u00efs Sa\u00efed ! - Kapitalis","og_description":"Le Syndicat national des journalistes tunisiens (SNJT) n&rsquo;a pas \u00e9t\u00e9 invit\u00e9 \u00e0 la c\u00e9r\u00e9monie de prestation de serment du pr\u00e9sident \u00e9lu Ka\u00efs Sa\u00efed, pr\u00e9vue demain matin, mercredi 23 octobre 2019, \u00e0 l&rsquo;Assembl\u00e9e des repr\u00e9sentants du peuple (ARP).","og_url":"https:\/\/kapitalis.com\/tunisie\/2019\/10\/22\/mourou-exclut-le-syndicat-des-journalistes-de-la-ceremonie-de-prestation-de-serment-du-president-elu-kais-saied\/","og_site_name":"Kapitalis","article_publisher":"https:\/\/www.facebook.com\/KapitalisInfo\/","article_published_time":"2019-10-22T22:50:00+00:00","article_modified_time":"2019-10-23T07:01:50+00:00","og_image":[{"width":1200,"height":630,"url":"https:\/\/kapitalis.com\/tunisie\/wp-content\/uploads\/2022\/05\/kapitalis-logo-fb.png","type":"image\/png"}],"author":"Yusra NY","twitter_card":"summary_large_image","twitter_creator":"@KapitalisInfo","twitter_site":"@KapitalisInfo","twitter_misc":{"\u00c9crit par":"Yusra NY","Dur\u00e9e de lecture estim\u00e9e":"1 minute"},"schema":{"@context":"https:\/\/schema.org","@graph":[{"@type":"Article","@id":"https:\/\/kapitalis.com\/tunisie\/2019\/10\/22\/mourou-exclut-le-syndicat-des-journalistes-de-la-ceremonie-de-prestation-de-serment-du-president-elu-kais-saied\/#article","isPartOf":{"@id":"https:\/\/kapitalis.com\/tunisie\/2019\/10\/22\/mourou-exclut-le-syndicat-des-journalistes-de-la-ceremonie-de-prestation-de-serment-du-president-elu-kais-saied\/"},"author":{"name":"Yusra NY","@id":"https:\/\/kapitalis.com\/tunisie\/#\/schema\/person\/74bbde0154d49d790a92aaeac5bc01d5"},"headline":"Mourou exclut le Syndicat des journalistes de la c\u00e9r\u00e9monie de prestation de serment du pr\u00e9sident \u00e9lu Ka\u00efs Sa\u00efed !","datePublished":"2019-10-22T22:50:00+00:00","dateModified":"2019-10-23T07:01:50+00:00","mainEntityOfPage":{"@id":"https:\/\/kapitalis.com\/tunisie\/2019\/10\/22\/mourou-exclut-le-syndicat-des-journalistes-de-la-ceremonie-de-prestation-de-serment-du-president-elu-kais-saied\/"},"wordCount":216,"commentCount":5,"publisher":{"@id":"https:\/\/kapitalis.com\/tunisie\/#organization"},"image":{"@id":"https:\/\/kapitalis.com\/tunisie\/2019\/10\/22\/mourou-exclut-le-syndicat-des-journalistes-de-la-ceremonie-de-prestation-de-serment-du-president-elu-kais-saied\/#primaryimage"},"thumbnailUrl":"","keywords":["Abdelfattah Mourou","ARP","c\u00e9r\u00e9monie","Ennahdha","Ka\u00efs Saied","Le Syndicat journalistes tunisiens","organisation nationale","pr\u00e9sident \u00e9lu","prestation de serment","SNJT","Zied Dabbar"],"articleSection":["MEDIA","POLITIQUE","Tunisie"],"inLanguage":"fr-FR","potentialAction":[{"@type":"CommentAction","name":"Comment","target":["https:\/\/kapitalis.com\/tunisie\/2019\/10\/22\/mourou-exclut-le-syndicat-des-journalistes-de-la-ceremonie-de-prestation-de-serment-du-president-elu-kais-saied\/#respond"]}]},{"@type":"WebPage","@id":"https:\/\/kapitalis.com\/tunisie\/2019\/10\/22\/mourou-exclut-le-syndicat-des-journalistes-de-la-ceremonie-de-prestation-de-serment-du-president-elu-kais-saied\/","url":"https:\/\/kapitalis.com\/tunisie\/2019\/10\/22\/mourou-exclut-le-syndicat-des-journalistes-de-la-ceremonie-de-prestation-de-serment-du-president-elu-kais-saied\/","name":"Mourou exclut le Syndicat des journalistes de la c\u00e9r\u00e9monie de prestation de serment du pr\u00e9sident \u00e9lu Ka\u00efs Sa\u00efed ! - Kapitalis","isPartOf":{"@id":"https:\/\/kapitalis.com\/tunisie\/#website"},"primaryImageOfPage":{"@id":"https:\/\/kapitalis.com\/tunisie\/2019\/10\/22\/mourou-exclut-le-syndicat-des-journalistes-de-la-ceremonie-de-prestation-de-serment-du-president-elu-kais-saied\/#primaryimage"},"image":{"@id":"https:\/\/kapitalis.com\/tunisie\/2019\/10\/22\/mourou-exclut-le-syndicat-des-journalistes-de-la-ceremonie-de-prestation-de-serment-du-president-elu-kais-saied\/#primaryimage"},"thumbnailUrl":"","datePublished":"2019-10-22T22:50:00+00:00","dateModified":"2019-10-23T07:01:50+00:00","breadcrumb":{"@id":"https:\/\/kapitalis.com\/tunisie\/2019\/10\/22\/mourou-exclut-le-syndicat-des-journalistes-de-la-ceremonie-de-prestation-de-serment-du-president-elu-kais-saied\/#breadcrumb"},"inLanguage":"fr-FR","potentialAction":[{"@type":"ReadAction","target":["https:\/\/kapitalis.com\/tunisie\/2019\/10\/22\/mourou-exclut-le-syndicat-des-journalistes-de-la-ceremonie-de-prestation-de-serment-du-president-elu-kais-saied\/"]}]},{"@type":"ImageObject","inLanguage":"fr-FR","@id":"https:\/\/kapitalis.com\/tunisie\/2019\/10\/22\/mourou-exclut-le-syndicat-des-journalistes-de-la-ceremonie-de-prestation-de-serment-du-president-elu-kais-saied\/#primaryimage","url":"","contentUrl":""},{"@type":"BreadcrumbList","@id":"https:\/\/kapitalis.com\/tunisie\/2019\/10\/22\/mourou-exclut-le-syndicat-des-journalistes-de-la-ceremonie-de-prestation-de-serment-du-president-elu-kais-saied\/#breadcrumb","itemListElement":[{"@type":"ListItem","position":1,"name":"Accueil","item":"https:\/\/kapitalis.com\/tunisie\/"},{"@type":"ListItem","position":2,"name":"Mourou exclut le Syndicat des journalistes de la c\u00e9r\u00e9monie de prestation de serment du pr\u00e9sident \u00e9lu Ka\u00efs Sa\u00efed !"}]},{"@type":"WebSite","@id":"https:\/\/kapitalis.com\/tunisie\/#website","url":"https:\/\/kapitalis.com\/tunisie\/","name":"Kapitalis","description":"L&#039;actualit\u00e9 en Tunisie et dans le monde","publisher":{"@id":"https:\/\/kapitalis.com\/tunisie\/#organization"},"potentialAction":[{"@type":"SearchAction","target":{"@type":"EntryPoint","urlTemplate":"https:\/\/kapitalis.com\/tunisie\/?s={search_term_string}"},"query-input":{"@type":"PropertyValueSpecification","valueRequired":true,"valueName":"search_term_string"}}],"inLanguage":"fr-FR"},{"@type":"Organization","@id":"https:\/\/kapitalis.com\/tunisie\/#organization","name":"Kapitalis","url":"https:\/\/kapitalis.com\/tunisie\/","logo":{"@type":"ImageObject","inLanguage":"fr-FR","@id":"https:\/\/kapitalis.com\/tunisie\/#\/schema\/logo\/image\/","url":"https:\/\/kapitalis.com\/tunisie\/wp-content\/uploads\/2022\/05\/Kapitalis-big-size.png","contentUrl":"https:\/\/kapitalis.com\/tunisie\/wp-content\/uploads\/2022\/05\/Kapitalis-big-size.png","width":5000,"height":1500,"caption":"Kapitalis"},"image":{"@id":"https:\/\/kapitalis.com\/tunisie\/#\/schema\/logo\/image\/"},"sameAs":["https:\/\/www.facebook.com\/KapitalisInfo\/","https:\/\/x.com\/KapitalisInfo","https:\/\/www.youtube.com\/channel\/UC-yDYrHyfFBWWZaOw3FPg9Q"]},{"@type":"Person","@id":"https:\/\/kapitalis.com\/tunisie\/#\/schema\/person\/74bbde0154d49d790a92aaeac5bc01d5","name":"Yusra NY","url":"https:\/\/kapitalis.com\/tunisie\/author\/yuza_adam\/"}]}},"_links":{"self":[{"href":"https:\/\/kapitalis.com\/tunisie\/wp-json\/wp\/v2\/posts\/249251","targetHints":{"allow":["GET"]}}],"collection":[{"href":"https:\/\/kapitalis.com\/tunisie\/wp-json\/wp\/v2\/posts"}],"about":[{"href":"https:\/\/kapitalis.com\/tunisie\/wp-json\/wp\/v2\/types\/post"}],"author":[{"embeddable":true,"href":"https:\/\/kapitalis.com\/tunisie\/wp-json\/wp\/v2\/users\/6"}],"replies":[{"embeddable":true,"href":"https:\/\/kapitalis.com\/tunisie\/wp-json\/wp\/v2\/comments?post=249251"}],"version-history":[{"count":0,"href":"https:\/\/kapitalis.com\/tunisie\/wp-json\/wp\/v2\/posts\/249251\/revisions"}],"wp:featuredmedia":[{"embeddable":true,"href":"https:\/\/kapitalis.com\/tunisie\/wp-json\/wp\/v2\/media\/249253"}],"wp:attachment":[{"href":"https:\/\/kapitalis.com\/tunisie\/wp-json\/wp\/v2\/media?parent=249251"}],"wp:term":[{"taxonomy":"category","embeddable":true,"href":"https:\/\/kapitalis.com\/tunisie\/wp-json\/wp\/v2\/categories?post=249251"},{"taxonomy":"post_tag","embeddable":true,"href":"https:\/\/kapitalis.com\/tunisie\/wp-json\/wp\/v2\/tags?post=249251"}],"curies":[{"name":"wp","href":"https:\/\/api.w.org\/{rel}","templated":true}]}}