{"id":250555,"date":"2019-10-27T15:08:40","date_gmt":"2019-10-27T14:08:40","guid":{"rendered":"http:\/\/kapitalis.com\/tunisie\/?p=250555"},"modified":"2019-10-27T15:08:43","modified_gmt":"2019-10-27T14:08:43","slug":"turquie-qatar-tunisie-les-freres-musulmans-sont-de-retour","status":"publish","type":"post","link":"https:\/\/kapitalis.com\/tunisie\/2019\/10\/27\/turquie-qatar-tunisie-les-freres-musulmans-sont-de-retour\/","title":{"rendered":"Turquie-Qatar-Tunisie : Les Fr\u00e8res musulmans sont de retour"},"content":{"rendered":"\n<figure class=\"wp-block-image\"><img decoding=\"async\" src=\"http:\/\/kapitalis.com\/tunisie\/wp-content\/uploads\/2019\/10\/Rached-Ghannouchi-Recep-Erdogan.jpg\" alt=\"\" class=\"wp-image-250556\"\/><\/figure>\n\n\n\n<p><strong><em>Braves Tunisiens et Tunisiennes, dormez en paix, gr\u00e2ce au retour d\u2019Ennahdha au pouvoir, c\u2019est trois r\u00e9gimes bienveillants, et non pas un seul, qui veillent d\u00e9sormais  sur vous : La Tunisie de Ghannouchi,  la Turquie d\u2019Erdogan, et le Qatar de l\u2019\u00e9mir Bin Hamad. <\/em><\/strong><\/p>\n\n\n\n<p> Par <strong>Yassine Essid <\/strong><\/p>\n\n\n\n<!--more-->\n\n\n\n<div class=\"wp-block-image\"><figure class=\"alignleft\"><img decoding=\"async\" src=\"http:\/\/kapitalis.com\/tunisie\/wp-content\/uploads\/2017\/10\/Yassine-Essid.jpg\" alt=\"\" class=\"wp-image-118739\"\/><\/figure><\/div>\n\n\n\n<p> Voil\u00e0 une bonne chose faite ! \u00abL\u2019oiseau rare\u00bb d\u2019Ennahdha a \u00e9t\u00e9 \u00e9lu haut la main et a pris ses fonctions mercredi dernier, 23 octobre 2019, au Palais de Carthage. Tous les po\u00e8tes de l\u2019alternance douce, pacifique et d\u00e9mocratique avaient largement profit\u00e9 de ce moment historique pour d\u00e9biter leur baratin sur une Tunisie en train de r\u00e9\u00e9crire l\u2019histoire. <\/p>\n\n\n\n<p> Toujours aussi aust\u00e8re, inflexible, \u00e0 la morale rigide, ne manifestant aucune esp\u00e8ce d\u2019empathie, le \u00abprofesseur\u00bb, pardon, le pr\u00e9sident Ka\u00efs Sa\u00efed, a clam\u00e9 tout haut qu\u2019il \u00e9tait l\u00e0 pour changer le monde. On n\u2019en pouvait plus de rire devant l\u2019id\u00e9e saugrenue, pr\u00e9somptueuse m\u00eame, incommensurablement na\u00efve et fortement contre-indiqu\u00e9e, au vu de l\u2019\u00e9tat g\u00e9n\u00e9ral du pays, que ce Dala\u00ef Lama aust\u00e8re puisse faire de la Tunisie le pays le mieux gouvern\u00e9 de la plan\u00e8te ! Il y a de fortes chances pour que cette fable politique finisse en com\u00e9die populaire. Bon courage quand m\u00eame !<\/p>\n\n\n\n<p>  Mais le plus dur, et le plus pr\u00e9occupant, est \u00e0 venir : le choix et la nomination d\u2019un Premier ministre et la formation de son gouvernement en pleine renaissance des paroles des d\u00e9magogues : celles d\u2019Ennahdha, Qalb Tounes, Al-Karama et d\u2019autres \u00e9lus ind\u00e9pendants parfaitement manipulables ou achetables.   Au vu de la composition de la nouvelle assembl\u00e9e que bigarre l\u2019arc-en-ciel  des couleurs embl\u00e9matiques des partis politiques, r\u00e9cup\u00e9rant ainsi leurs valeurs diffuses dont la signification d\u00e9passe rarement la simple description du visible, s\u2019\u00e9bauche la recherche d\u2019une coalition gouvernementale gagnante. Une entreprise qui fait penser  au casse-t\u00eate du Rubik\u2019s Cube, ce cube dont chaque face est divis\u00e9e en neuf cubes miniatures qui peuvent tourner ind\u00e9pendamment les uns des autres. Le but du jeu est, apr\u00e8s avoir m\u00e9lang\u00e9 les six faces, de manipuler le cube pour tenter de lui rendre son apparence d\u2019origine, avec les six faces de couleurs unies.<\/p>\n\n\n\n<h3 class=\"wp-block-heading\"> Rached Ghannouchi h\u00e9site encore entre le Bardo et la Kasbah<\/h3>\n\n\n\n<p> En attendant, la victoire d\u2019Ennahdha a tr\u00e8s vite r\u00e9veill\u00e9 la marotte des revanchards. Aussit\u00f4t le pouvoir reconquis, l\u2019ancien strat\u00e8ge islamiste de l\u00e9gitimation de la violence et leader d\u2019Ennahdha en route vers les pleins pouvoirs, h\u00e9site entre acc\u00e9der au perchoir ou pr\u00e9sider l\u2019ex\u00e9cutif. Il a profit\u00e9 de la tenue de la troisi\u00e8me \u00e9dition du TRT World Forum, organis\u00e9e par la Radiot\u00e9l\u00e9vision de Turquie (TRT), pour se rendre \u00e0 Istanbul retrouver le pr\u00e9sident de la r\u00e9publique Recep Tayyip Erdogan et accomplir le devoir d\u2019all\u00e9geance \u00e0 son ma\u00eetre \u00e0 penser qui s\u2019est \u00e9rig\u00e9, il y a longtemps d\u00e9j\u00e0, en d\u00e9fenseur de tous les musulmans du monde.  <\/p>\n\n\n\n<p> Il est devenu le leader de la<em> \u00abnouvelle Turquie\u00bb<\/em>, le partisan d\u2019un <em>\u00abislam mod\u00e9r\u00e9\u00bb<\/em>, sans que l\u2019on sache encore si la <em>\u00abmod\u00e9ration\u00bb <\/em>signifie le r\u00e9sultat de compromis pragmatiques et de concessions dans le domaine politique, ou si elle est l\u2019expression d\u2019un tournant id\u00e9ologique. Celui que les Fr\u00e8res musulmans d\u2019Egypte voient comme un mod\u00e8le pour avoir r\u00e9ussi \u00e0 s\u2019imposer sur la sc\u00e8ne politique turque, face \u00e0 une arm\u00e9e qui veillait jalousement \u00e0 la la\u00efcit\u00e9 de l\u2019Etat, est devenu un d\u00e9lirant m\u00e9galomane, et pour l\u2019opinion internationale un infr\u00e9quentable tyran, oppresseur de son peuple, ma\u00eetre chanteur et massacreur des Kurdes. L\u2019offensive de son arm\u00e9e dans le nord de la Syrie, au moment m\u00eame o\u00f9 ce pays commen\u00e7ait \u00e0 retrouver une certaine paix, le noyau dur de l\u2019Etat islamique ayant \u00e9t\u00e9 an\u00e9anti, avait m\u00eame \u00e9t\u00e9 condamn\u00e9e par la Ligue des Etats arabes estimant que la Turquie enfreignait la souverainet\u00e9 de ce pays ravag\u00e9 par la guerre. <\/p>\n\n\n\n<p>Entre Erdogan et Ghannouchi les relations sont historiques, mais n\u2019ont rien de sp\u00e9cialement glorieux. Le dictateur d\u2019Ankara, qui  doit se r\u00e9jouir d\u2019avoir finalement r\u00e9cup\u00e9r\u00e9 son pr\u00e9 carr\u00e9 tunisien perdu en 2014, est aussi un \u00ab<em>fr\u00e8re adoptif<\/em>\u00bb qui s\u2019\u00e9tait octroy\u00e9 l\u2019irritante et inepte philosophie de la <em>\u00abd\u00e9mocratie islamique\u00bb<\/em>. <\/p>\n\n\n\n<h3 class=\"wp-block-heading\"> L\u2019\u00abislamiste mod\u00e9r\u00e9\u00bb utilise la d\u00e9mocratie pour mettre fin \u00e0 la la\u00efcit\u00e9<\/h3>\n\n\n\n<p> Un court d\u00e9tour par l\u2019histoire de l\u2019islamisme \u00e0 la turque constitue un raccourci \u00e9difiant pour mieux conna\u00eetre la personnalit\u00e9 de celui qui compte veiller aux destin\u00e9es de ce pays et le sombre avenir qu\u2019il lui r\u00e9serve. Cette fois, c\u2019est du s\u00e9rieux. Ennahdha va s\u2019installer durablement comme une substance v\u00e9n\u00e9neuse qui, au lieu de glisser sur le poli, s&rsquo;incruste dans les interstices.  <\/p>\n\n\n\n<p> Il n\u2019existe pas \u00e0 proprement parler une organisation en Turquie qui repr\u00e9sente le Fr\u00e8re musulman. Mais certains dirigeants de l\u2019AKP fournissaient toutes formes de soutiens \u00e0 la confr\u00e9rie : asile, \u00e9quipements de propagande et l\u2019occasion aux  exil\u00e9s \u00e9gyptiens de s\u2019organiser pour mieux lutter contre le r\u00e9gime.  <\/p>\n\n\n\n<p> Les relations d\u2019Erdogan avec les Fr\u00e8res remontent aux ann\u00e9es 1970.  \u00c0 l\u2019occasion de la tenue  des conf\u00e9rences de l\u2019Assembl\u00e9e mondiale de la jeunesse musulmane (WAMY), une organisation saoudite salafiste-wahhabiste accus\u00e9e d\u2019avoir financ\u00e9 Hamas et Al-Qa\u00efda, Erdogan avait rencontr\u00e9  le porte-parole de la confr\u00e9rie, Kemal Al-Helbawy. \u00c0 l\u2019\u00e9poque, il \u00e9tait le conseiller de  Necmettin Erbakan, leader du parti de l\u2019Ordre musulman (MNP) banni en 1971 pour violation des principes constitutionnels de la la\u00efcit\u00e9. Erbakan avait ensuite cr\u00e9\u00e9 une s\u00e9rie d\u2019\u00e9ph\u00e9m\u00e8res organisations politiques, en 1972, 1983 et 1997. <\/p>\n\n\n\n<p> \u00c0 la fin du r\u00e8gne du parti Atat\u00fcrk et le d\u00e9but de l\u2019\u00e8re du parti d\u00e9mocratique, les Fr\u00e8res musulmans d\u2019Egypte avaient commenc\u00e9 \u00e0 collaborer avec Necmettin Erbakan, leur grand ami, qui avait fond\u00e9 en 1969 Milli G\u00f6r\u00fc\u015f, litt\u00e9ralement<em> \u00abvision de la communaut\u00e9 religieuse\u00bb<\/em>, une sorte de confr\u00e9rie pros\u00e9lyte turque n\u00e9e en Allemagne et destin\u00e9e \u00e0 agir en faveur de la diaspora turque en Europe. En quelques ann\u00e9es, elle avait \u00e0 son actif la construction de plus de 500 mosqu\u00e9es outre-Rhin sans parler du<em> \u00abpersonnel d\u2019encadrement\u00bb.<\/em>   <\/p>\n\n\n\n<p> Necmettin Erbakan, qui fut premier ministre de 1996 \u00e0 1997, avait soulign\u00e9 lors d\u2019un discours prononc\u00e9 le 13 mai 1991 combien le djihad \u00e9tait important dans la lutte pour la prise du pouvoir politique. En 1996, il a tent\u00e9 de faciliter l\u2019\u00e9mergence d\u2019une nouvelle puissance musulmane en r\u00e9unissant un groupe des huit pays islamiques : la Libye, l\u2019Iran, l\u2019\u00c9gypte, le Pakistan, l\u2019Indon\u00e9sie, le Nigeria, le Bangladesh et la Malaisie. La Fraternit\u00e9 a \u00e9galement fait preuve d\u2019une forte pr\u00e9sence lors de la c\u00e9l\u00e9bration des 533 ann\u00e9es d\u2019occupation de Constantinople en 2006. Quant au Parti de la justice et du d\u00e9veloppement ou AKP, issu du Parti de la vertu (Fazilet Partisi), au pouvoir en Turquie  depuis 2002, il \u00e9tait dans une certaine mesure consid\u00e9r\u00e9 comme une faction des Fr\u00e8res musulmans, offrant ainsi des opportunit\u00e9s d\u2019affaires \u00e0 des activistes \u00e9gyptiens dont certains s\u2019\u00e9taient install\u00e9s en permanence en Turquie scellant ainsi la <em>\u00abr\u00e9conciliation historique\u00bb <\/em>entre les r\u00e9gimes syrien, \u00e9gyptien et les Fr\u00e8res musulmans. <\/p>\n\n\n\n<p> Suite \u00e0 l\u2019interdiction du parti de la Vertu (1972), Erdogan cr\u00e9a l\u2019AKP, \u00e0 l\u2019origine un parti politique au profil caritatif. En 2002, l\u2019AKP gagna les \u00e9lections et Erdogan est promu Premier ministre. En 2014, apr\u00e8s trois mandats, Erdogan \u00e9tait \u00e9lu pr\u00e9sident de la Turquie. <\/p>\n\n\n\n<p> Avant son accession au pouvoir, Erdogan \u00e9tait un disciple de Necmettin Erbakan, mais en plus ouvert, incarnant un islam moderne et moins obscurantiste, inspir\u00e9 des enseignements soufis du po\u00e8te iranien Shamsudd\u00een Al-Tabr\u00eezi et de son disciple Jalaluddin R\u00fbm\u00ee. Il se pr\u00e9sentait comme un<em> \u00abislamiste mod\u00e9r\u00e9\u00bb <\/em>qui pr\u00e9f\u00e8re emprunter la voie d\u00e9mocratique pour atteindre ses objectifs qui ne sont autres que de mettre fin \u00e0 la la\u00efcit\u00e9. <em>\u00abOn ne peut pas, disait-il, \u00eatre la\u00efc et musulman \u00e0 la fois. On est musulman ou on ne l\u2019est pas\u2026 Dire que la  souverainet\u00e9 appartient sans condition \u00e0 la nation est un  gros mensonge\u00bb. <\/em><\/p>\n\n\n\n<p> Au-del\u00e0 des vicissitudes de l\u2019histoire, Erbakan et Erdogan avaient maintenu d\u2019\u00e9troites  relations avec le r\u00e9seau international des Fr\u00e8res musulmans. \u00c0 la mort d\u2019Erbakan, survenu  en f\u00e9vrier 2011, son enterrement fut l\u2019occasion de r\u00e9unir toutes les grandes figures de la confr\u00e9rie. <\/p>\n\n\n\n<p> Dans l\u2019\u00e9dition du 3 mars 2011 du quotidien turc <em>\u2018\u2018Hurriyet\u2019\u2019<\/em>, on y apprend que Rached Ghannouchi avait d\u00e9crit qu\u2019Erkaban \u00e9tait<em> \u00abnon seulement un ami, mais un grand fr\u00e8re qu\u2019il consid\u00e8re comme un anc\u00eatre fondateur et intellectuel des Fr\u00e8res musulmans, au m\u00eame titre que Hassan Al-Banna et Sayed Qutb\u00bb.<\/em><\/p>\n\n\n\n<p> D\u2019ailleurs, les islamistes turcs \u00e9taient fascin\u00e9s par l\u2019exp\u00e9rience \u00e9gyptienne \u00e0 telle enseigne qu\u2019ils s\u2019\u00e9taient mis \u00e0 traduire les \u0153uvres de leur fondateur et les enseignements de leurs th\u00e9oriciens du 20e si\u00e8cle.<\/p>\n\n\n\n<h3 class=\"wp-block-heading\"> Erdogan supporteur de la \u00abr\u00e9volution islamiste\u00bb tunisienne<\/h3>\n\n\n\n<p> La Turquie n\u2019a donc jamais cess\u00e9 d\u2019entretenir des solides relations avec les Fr\u00e8res musulmans pourvu que ces derniers servent ses int\u00e9r\u00eats. L\u2019engagement turc va se r\u00e9v\u00e9ler avec force \u00e0 l\u2019occasion des \u00e9v\u00e9nements du \u00abprintemps arabe\u00bb.  En septembre 2011, Erdogan se rend en Tunisie, pays d\u00e9clencheur du \u00abprintemps arabe\u00bb pour soutenir son <em>\u00abfr\u00e8re\u00bb <\/em>Ghannouchi. Il avait d\u00e9clar\u00e9 \u00e0 l\u2019occasion que<em> \u00abl&rsquo;islam et la d\u00e9mocratie n\u2019\u00e9taient pas contradictoires et un  musulman peut g\u00e9rer un Etat avec beaucoup de succ\u00e8s\u00bb;<\/em> que<em> \u00abla r\u00e9ussite du processus \u00e9lectoral en Tunisie va montrer au monde que la d\u00e9mocratie et l\u2019islam peuvent aller ensemble\u00bb<\/em>. Des paroles destin\u00e9es avant tout \u00e0 att\u00e9nuer les fortes craintes que l\u2019influence d&rsquo;Ennahdha suscitait alors parmi les amateurs des feuilletons turcs   et dans les milieux la\u00efques et intellectuels tunisiens<\/p>\n\n\n\n<p> Pour le cas de l\u2019Egypte, Ankara \u00e9tait devenue la plaque tournante r\u00e9gionale de l\u2019organisation des Fr\u00e8res musulmans et Istanbul le lieu o\u00f9 se tenaient les r\u00e9unions en vue de discuter les mesures \u00e0 prendre contre les militaires qui allaient par la suite renverser le pr\u00e9sident Mohammed Morsi. Ces actions, parrain\u00e9es par Ankara, faisaient partie de la tentative des Turcs de proscrire la <em>\u00abl\u00e9gitimit\u00e9 \u00e9trang\u00e8re\u00bb<\/em> de la nouvelle direction \u00e9gyptienne, un projet qui s&rsquo;ajoutait \u00e0 son r\u00f4le de centre de formation politique.<\/p>\n\n\n\n<p> La d\u00e9fense des Fr\u00e8res musulmans par la Turquie lors de la prise d\u2019assaut par les forces de s\u00e9curit\u00e9 \u00e9gyptiennes  du sit-in de Rabaa Al-Adawiya, avait montr\u00e9 les liens qui unissaient Erdogan \u00e0 l&rsquo;organisation internationale des Fr\u00e8res musulmans et leur objectif commun pour<em> \u00abrestaurer l&rsquo;\u00e9poque de la grandeur et de la domination islamique\u00bb<\/em>, consid\u00e9r\u00e9e par les Fr\u00e8res comme le fondement de la protection de<em> \u00abla nation islamique\u00bb<\/em>.<\/p>\n\n\n\n<p> De nombreux reportages mettent en aussi en \u00e9vidence le r\u00f4le de la Turquie dans le soutien \u00e0 la Fraternit\u00e9 avec des armes et l\u2019accueil  d\u2019activistes. La Turquie avait \u00e9galement accueilli de nombreux fugitifs apr\u00e8s la r\u00e9volution du 30 juin, en coordination avec le Hamas \u00e0 Gaza et l\u2019Etat du Qatar.<\/p>\n\n\n\n<h3 class=\"wp-block-heading\"> Les fr\u00e8res musulmans et la \u00abstrat\u00e9gie de patience et de dissimulation\u00bb<\/h3>\n\n\n\n<p> Dans ce contexte, Istanbul avait organis\u00e9 deux meetings importants. Le premier a eu lieu, le 10 juillet 2013, dans un h\u00f4tel pr\u00e8s de l\u2019a\u00e9roport Atat\u00fcrk et a rassembl\u00e9 des dirigeants de l\u2019organisation internationale islamiste, tels que Youssef Nada, un grand homme d\u2019affaires et strat\u00e8ge financier des Fr\u00e8res musulmans, Mohammad Riyad Al-Shafaka, le guide des fr\u00e8res en Syrie,  Rached Ghannouchi et des repr\u00e9sentants du mouvement Hamas. Ce meeting s\u2019est tenu \u00e0 l\u2019ombre d\u2019une conf\u00e9rence mondialement  connue organis\u00e9e par le parti turc Saadet pour soutenir la d\u00e9mocratie. <\/p>\n\n\n\n<p> La conf\u00e9rence a adopt\u00e9 une<em> \u00abstrat\u00e9gie de patience et de dissimulation\u00bb<\/em> issue d\u2019une \u00e9tude \u00e9valuant la situation apr\u00e8s le coup militaire contre les<em> \u00abdirigeants l\u00e9gitimes\u00bb <\/em>en \u00c9gypte,  pr\u00e9par\u00e9e par le Centre international d\u2019\u00e9tudes et de formation de la Fraternit\u00e9. Cette strat\u00e9gie consistait \u00e0 lancer des campagnes de sensibilisation, \u00e0 traduire en justice les personnalit\u00e9s de l&rsquo;arm\u00e9e \u00e9gyptienne, \u00e0 d\u00e9clencher le conflit au sein des communaut\u00e9s, \u00e0 appeler \u00e0 la d\u00e9sob\u00e9issance civile et \u00e0 assi\u00e9ger les principales institutions gouvernementales.<\/p>\n\n\n\n<p> La seconde conf\u00e9rences, tenue en ao\u00fbt 2015, permit l\u2019adoption d\u2019un plan d\u2019action pour faire face \u00e0 ce qui s\u2019est pass\u00e9 en \u00c9gypte. La r\u00e9union a \u00e9galement \u00e9tudi\u00e9 les r\u00e9percussions des \u00e9v\u00e9nements d\u2019Egypte sur les organisations fr\u00e8res en Tunisie, au Soudan, en Jordanie et en Alg\u00e9rie. On y a \u00e9galement discut\u00e9 des obstacles \u00e0 leur libre circulation dans les pays du Conseil de coop\u00e9ration du Golfe (CCG). La r\u00e9union a rassembl\u00e9 un grand nombre de membres internationaux de la Fraternit\u00e9, venant notamment du Maroc, de Malaisie, de Mauritanie, de Libye, de Somalie, de Syrie et du Kurdistan-Irakien.<\/p>\n\n\n\n<p> En parall\u00e8le, Istanbul a organis\u00e9 une autre r\u00e9union les 25 et 26 septembre et les Fr\u00e8res musulmans y ont particip\u00e9 en tant que membres du <em>\u00absyndicat des parlementaires islamiques\u00bb<\/em> et de<em> \u00abparlementaires pour la transparence\u00bb.<\/em><\/p>\n\n\n\n<p> La Turquie semble toujours soutenir la ligne de la <em>\u00abd\u00e9mocratie r\u00e9tablie par des \u00e9lections\u00bb<\/em>, n\u00e9gligeant son slogan pr\u00e9c\u00e9dent consistant \u00e0 soutenir <em>\u00abla l\u00e9gitimit\u00e9 faite par la r\u00e9volution\u00bb <\/em>adopt\u00e9e pour renverser le pr\u00e9sident Hosni Moubarak. Cela signifiait un refroidissement des relations, non seulement entre la Turquie et l\u2019\u00c9gypte, mais son extension \u00e0 d\u2019autres pays arabes qui s\u2019opposent \u00e0 l\u2019accueil par la Turquie de dirigeants des fr\u00e8res musulmans.<\/p>\n\n\n\n<p> Seule ombre au tableau, l\u2019extradition par la Turquie d\u2019un membre des Fr\u00e8res musulmans \u00e9gyptiens, Mohammed Abdelhafiz, accus\u00e9 d\u2019avoir assassin\u00e9 un juge \u00e9gyptien de haut rang. Un geste consid\u00e9r\u00e9 comme un \u00e9v\u00e9nement unique pour un pays connu pour avoir accueilli diverses activit\u00e9s des Fr\u00e8res musulmans. <\/p>\n\n\n\n<p> Cet incident a \u00e9t\u00e9 suivi d\u2019une autre disparition \u00abmyst\u00e9rieuse\u00bb qu\u2019avaient  confirm\u00e9e des sources turques \u00e0 7DNews. Cette fois, un autre membre des Fr\u00e8res musulmans \u00e9gyptiens, Nabil Saad, a \u00e9t\u00e9 arr\u00eat\u00e9 \u00e0 l\u2019a\u00e9roport international Atat\u00fcrk d\u2019Istanbul alors qu\u2019il rentrait du Soudan. La source a \u00e9galement signal\u00e9 qu\u2019un troisi\u00e8me membre, Hisham Abdullah, avait \u00e9t\u00e9 arr\u00eat\u00e9 et retenu pendant plusieurs jours. Le porte-parole de la confr\u00e9rie en Syrie, Zuhair Salem, avait \u00e9galement \u00e9t\u00e9 d\u00e9tenu pendant trois jours \u00e0 Istanbul avant d\u2019\u00eatre rel\u00e2ch\u00e9 \u00e0 la suite d\u2019interventions de haut niveau de la part de l\u2019organisation islamiste.<\/p>\n\n\n\n<p> Cependant, malgr\u00e9 ces extraditions, le gouvernement turc clamait toujours son soutien ind\u00e9fectible aux membres de la confr\u00e9rie surtout apr\u00e8s l\u2019annonce faite par Donald Trump, en avril 2019, qu\u2019il entendait d\u00e9clarer l\u2019organisation internationale des Fr\u00e8res musulmans comme organisation terroriste. <\/p>\n\n\n\n<p> Les liens d\u2019Erdogan ne se limitaient pas qu\u2019aux Fr\u00e8res musulmans. Les archives du Middle East Media Research Institute (MEMRI), r\u00e9v\u00e8lent aussi les relations \u00e9troites qu\u2019entretenait Erdogan avec Gulbuddin Hekmatyar, un seigneur de guerre afghan surnomm\u00e9 le \u00ab<em>boucher de Kaboul<\/em>\u00bb par les Am\u00e9ricains. M. Hekmatyar entretenait des liens de longue date avec Oussama Ben Laden et s\u2019est charg\u00e9 de lui offrir un asile en Afghanistan apr\u00e8s avoir fui le Soudan en 1996. <\/p>\n\n\n\n<p> Hekmatyar aurait d\u00e9clar\u00e9 \u00e0 la t\u00e9l\u00e9vision pakistanaise en 2003 avoir aid\u00e9 Oussama Ben Laden et Ayman Al-Zawahiri \u00e0 s\u2019enfuir des montagnes de Tora Bora lors d\u2019une offensive des troupes am\u00e9ricaines. Au cours des ann\u00e9es 2000-2010, Hekmatyar vivra en exil en Iran, puis au Pakistan. Fin 2004, alors qu\u2019il se trouve au Pakistan, Hekmatyar appelle au djihad contre les \u00c9tats-Unis. Entr\u00e9 dans l\u2019opposition au pr\u00e9sident Hamid Karzai, il d\u00e9clare dans un enregistrement vid\u00e9o, diffus\u00e9 le 4 mai 2006 par la cha\u00eene Al Jazeera, vouloir d\u00e9sormais combattre sous le commandement d\u2019Al-Zawahiri, le num\u00e9ro deux d\u2019Al-Qa\u00efda. Il est  alors officiellement d\u00e9clar\u00e9 <em>\u00abterroriste mondial\u00bb<\/em> par les \u00c9tats-Unis. <\/p>\n\n\n\n<p> Une chronique publi\u00e9e le 23 mars 2005 dans le <em>\u2018\u2018New York Sun\u2019\u2019<\/em> par Steven Stalinsky, porte une photo justifiant les relations  de longue date qu\u2019entretenaient le pr\u00e9sident turc Recep Tayyip Erdogan et Hekmatyar, l\u2019homme aux pieds duquel il est assis. Une posture symbolique qui traduit le respect, l\u2019estime  mais surtout la soumission. <\/p>\n\n\n\n<p> Les dirigeants turcs, qui consid\u00e8rent toujours que l\u2019alliance avec les Fr\u00e8res musulmans n\u2019a rien de dommageable, au vu de l\u2019\u00e9tat de l\u2019organisation en Egypte et en Syrie, ne manqueront pas de se r\u00e9jouir de l\u2019ascension \u00e0 la t\u00eate de la cha\u00eene de commandement d\u2019Ennahdha en Tunisie, contribuant ainsi en retour \u00e0 renforcer les chances de l\u2019AKP comme futur leader de la Turquie moderne et de la r\u00e9gion arabe postr\u00e9volutionnaire, au moins tant qu\u2019Erdogan sera au pouvoir. <\/p>\n\n\n\n<p> Il reste maintenant \u00e0 Ghannouchi, dessaisi en 2013 du pouvoir,  et qui a v\u00e9cu cinq ans tourment\u00e9 par une forme de d\u00e9sir de revanche, d\u2019aller \u00e0 Doha pour exprimer cette fois sa gratitude au cheikh Qatari, Tamim Bin Hamad, et rassurer le d\u00e9tenteur du ch\u00e9quier que ses deniers ont \u00e9t\u00e9 d\u00e9pens\u00e9s \u00e0 bon escient.<\/p>\n\n\n\n<p> Cette d\u00e9marche est d\u2019autant plus n\u00e9cessaire, que le Qatar a \u00e9t\u00e9 l\u2019un des \u00c9tats les plus actifs du <em>\u00abprintemps arabe\u00bb<\/em>. Il a largement soutenu les soul\u00e8vements avec une couverture m\u00e9diatique ainsi qu&rsquo;un soutien financier, diplomatique et mat\u00e9riel aux opposants. En appuyant des groupes islamistes tels que les Fr\u00e8res musulmans,  le Qatar a install\u00e9 une sorte de relation directe et intime avec les mouvements islamistes. Au gouvernement \u00e9gyptien, dirig\u00e9 alors par les Fr\u00e8res musulmans, Mohammed Morsi, le Qatar avait octroy\u00e9 des dizaines de milliards de dollars et du gaz naturel liqu\u00e9fi\u00e9 (GNL) gratuit. La Tunisie de la Tro\u00efka avait \u00e9galement b\u00e9n\u00e9fici\u00e9 de substantiels appuis sonnants et tr\u00e9buchants. Par ailleurs, le Qatar a longtemps accueilli Yusuf Al Qaradawi, l\u2019un des membres les plus influents de la confr\u00e9rie et lui a fourni une plate-forme sur Al Jazeera pour accro\u00eetre son influence de mani\u00e8re exponentielle.<\/p>\n\n\n\n<p> Cependant, contrairement \u00e0 la Turquie d\u2019Erdogan, cette relation apparente pose un myst\u00e8re, car on ne voit pas tout de suite pourquoi le Qatar, dont le credo officiel en mati\u00e8re d\u2019islam est le salafisme, soutiendrait un tel groupe. D\u2019ailleurs  au Qatar la confr\u00e9rie n\u2019existe pas et l\u2019organisation de la confr\u00e9rie locale avait cess\u00e9 toute activit\u00e9  depuis 1999. <\/p>\n\n\n\n<p> Il faut voir dans un tel paradoxe une mani\u00e8re d\u2019exercer une influence politique. Car en remontant l\u2019histoire on d\u00e9couvre le r\u00f4le d\u00e9terminant jou\u00e9 par les Fr\u00e8res dans la mise sur pied des premi\u00e8res \u00e9bauches d\u2019une  administration Qatari sous forme de cadres et de personnel enseignant.<\/p>\n\n\n\n<p>Comme dans tout les pays du  Golfe, les fr\u00e8res musulmans ont jou\u00e9 un r\u00f4le particuli\u00e8rement important dans les domaines de la sant\u00e9 et de la gestion des services sociaux. Bien que fortement pr\u00e9sente et agissante, la confr\u00e9rie restait relativement distante et discr\u00e8te. <\/p>\n\n\n\n<h3 class=\"wp-block-heading\">La patiente reconstitution de l&rsquo;axe islamiste<\/h3>\n\n\n\n<p> Une compr\u00e9hension nuanc\u00e9e des mouvements politiques islamiques dans le monde arabe indique que le Qatar travaille rarement exclusivement avec les Fr\u00e8res. En Tunisie, selon la logique de <em>\u00abnous savons que cela se produit, mais il n\u2019y a aucune preuve\u00bb,<\/em> le Qatar est g\u00e9n\u00e9ralement r\u00e9put\u00e9 soutenir le parti Ennahdha de Ghannouchi. M\u00eame si un rapport d&rsquo;ao\u00fbt 2012 de la Cour des comptes tunisienne soulevait des questionnements l\u00e9gitimes   sur la provenance du financement d\u2019Ennahdha. Outre les liens financiers pr\u00e9sum\u00e9s, les relations personnelles abondent. Le fondateur d\u2019Ennahdha se rendait fr\u00e9quemment \u00e0 Doha en compagnie notamment de Yusuf Al Qaradawi. <\/p>\n\n\n\n<p> Apr\u00e8s la r\u00e9volution tunisienne, Ghannouchi a d\u00e9clar\u00e9 dans une interview avec le journal<em> \u2018\u2018Al Arab\u2019\u2019<\/em> que le Qatar \u00e9tait un <em>\u00abpartenaire\u00bb <\/em>de la r\u00e9volution tunisienne, notamment en raison de la couverture d\u2019Al Jazeera. Le gendre de Ghannouchi, Rafik Abdessalem, apr\u00e8s avoir travaill\u00e9 comme chef de la recherche au Centre d\u2019\u00e9tudes d\u2019Al-Jazeera \u00e0 Doha est devenu le ministre tunisien des Affaires \u00e9trang\u00e8res, renfor\u00e7ant ainsi les liens entre les deux \u00c9tats.<\/p>\n\n\n\n<p> Les multiples visites de haut niveau ont conduit Qatar \u00e0 offrir un soutien \u00e9conomique et des investissements substantiels en Tunisie dans les secteurs des t\u00e9l\u00e9communications, de la banque, du tourisme et des hydrocarbures, en plus du recrutement de 20.000 cadres Tunisiens dont la formation a \u00e9t\u00e9 assur\u00e9e par l\u2019Etat tunisien aux frais de ses  contribuables. <\/p>\n\n\n\n<p> Les dirigeants de ce joli trio : Tunisie, Turquie, Qatar, ont toutes les raisons de se r\u00e9jouir avec un retour sur investissement un peu lent certes, mais fructueux. Il fallait juste s\u2019armer de patience. Le pays ne pourra pas \u00eatre entre de meilleures mains que celles des islamistes d\u00e9mocrates. Que demande le peuple ? Alors braves gens dormez en paix, gr\u00e2ce au retour d\u2019Ennahdha, c\u2019est trois r\u00e9gimes bienveillants, et non pas un seul, qui veillent d\u00e9sormais  sur vous ! <\/p>\n","protected":false},"excerpt":{"rendered":"<p>Braves Tunisiens et Tunisiennes, dormez en paix, gr\u00e2ce au retour d\u2019Ennahdha au pouvoir, c\u2019est trois r\u00e9gimes bienveillants, et non pas un seul, qui veillent d\u00e9sormais sur vous : La Tunisie de Ghannouchi, la Turquie d\u2019Erdogan, et le Qatar de l\u2019\u00e9mir Bin Hamad. Par Yassine Essid<\/p>\n","protected":false},"author":8,"featured_media":250556,"comment_status":"open","ping_status":"open","sticky":false,"template":"","format":"standard","meta":{"footnotes":""},"categories":[992,997,2433],"tags":[49543,1859,12235,756,758,4379,62643,1855],"class_list":["post-250555","post","type-post","status-publish","format-standard","has-post-thumbnail","hentry","category-a-la-une","category-politique","category-tunisie","tag-ennahdha","tag-freres-musulmans","tag-kais-saied","tag-qatar","tag-rached-ghannouchi","tag-recep-tayyip-erdogan","tag-tunisie","tag-turquie"],"yoast_head":"<!-- This site is optimized with the Yoast SEO plugin v26.6 - https:\/\/yoast.com\/wordpress\/plugins\/seo\/ -->\n<title>Turquie-Qatar-Tunisie : Les Fr\u00e8res musulmans sont de retour - Kapitalis<\/title>\n<meta name=\"robots\" content=\"index, follow, max-snippet:-1, max-image-preview:large, max-video-preview:-1\" \/>\n<link rel=\"canonical\" href=\"https:\/\/kapitalis.com\/tunisie\/2019\/10\/27\/turquie-qatar-tunisie-les-freres-musulmans-sont-de-retour\/\" \/>\n<meta property=\"og:locale\" content=\"fr_FR\" \/>\n<meta property=\"og:type\" content=\"article\" \/>\n<meta property=\"og:title\" content=\"Turquie-Qatar-Tunisie : Les Fr\u00e8res musulmans sont de retour - Kapitalis\" \/>\n<meta property=\"og:description\" content=\"Braves Tunisiens et Tunisiennes, dormez en paix, gr\u00e2ce au retour d\u2019Ennahdha au pouvoir, c\u2019est trois r\u00e9gimes bienveillants, et non pas un seul, qui veillent d\u00e9sormais sur vous : La Tunisie de Ghannouchi, la Turquie d\u2019Erdogan, et le Qatar de l\u2019\u00e9mir Bin Hamad. Par Yassine Essid\" \/>\n<meta property=\"og:url\" content=\"https:\/\/kapitalis.com\/tunisie\/2019\/10\/27\/turquie-qatar-tunisie-les-freres-musulmans-sont-de-retour\/\" \/>\n<meta property=\"og:site_name\" content=\"Kapitalis\" \/>\n<meta property=\"article:publisher\" content=\"https:\/\/www.facebook.com\/KapitalisInfo\/\" \/>\n<meta property=\"article:published_time\" content=\"2019-10-27T14:08:40+00:00\" \/>\n<meta property=\"article:modified_time\" content=\"2019-10-27T14:08:43+00:00\" \/>\n<meta property=\"og:image\" content=\"https:\/\/kapitalis.com\/tunisie\/wp-content\/uploads\/2022\/05\/kapitalis-logo-fb.png\" \/>\n\t<meta property=\"og:image:width\" content=\"1200\" \/>\n\t<meta property=\"og:image:height\" content=\"630\" \/>\n\t<meta property=\"og:image:type\" content=\"image\/png\" \/>\n<meta name=\"author\" content=\"webmaster kapitalis\" \/>\n<meta name=\"twitter:card\" content=\"summary_large_image\" \/>\n<meta name=\"twitter:creator\" content=\"@KapitalisInfo\" \/>\n<meta name=\"twitter:site\" content=\"@KapitalisInfo\" \/>\n<meta name=\"twitter:label1\" content=\"\u00c9crit par\" \/>\n\t<meta name=\"twitter:data1\" content=\"webmaster kapitalis\" \/>\n\t<meta name=\"twitter:label2\" content=\"Dur\u00e9e de lecture estim\u00e9e\" \/>\n\t<meta name=\"twitter:data2\" content=\"18 minutes\" \/>\n<script type=\"application\/ld+json\" class=\"yoast-schema-graph\">{\"@context\":\"https:\/\/schema.org\",\"@graph\":[{\"@type\":\"Article\",\"@id\":\"https:\/\/kapitalis.com\/tunisie\/2019\/10\/27\/turquie-qatar-tunisie-les-freres-musulmans-sont-de-retour\/#article\",\"isPartOf\":{\"@id\":\"https:\/\/kapitalis.com\/tunisie\/2019\/10\/27\/turquie-qatar-tunisie-les-freres-musulmans-sont-de-retour\/\"},\"author\":{\"name\":\"webmaster kapitalis\",\"@id\":\"https:\/\/kapitalis.com\/tunisie\/#\/schema\/person\/d71f33a9ca44f7bad4698210b480c8e9\"},\"headline\":\"Turquie-Qatar-Tunisie : Les Fr\u00e8res musulmans sont de retour\",\"datePublished\":\"2019-10-27T14:08:40+00:00\",\"dateModified\":\"2019-10-27T14:08:43+00:00\",\"mainEntityOfPage\":{\"@id\":\"https:\/\/kapitalis.com\/tunisie\/2019\/10\/27\/turquie-qatar-tunisie-les-freres-musulmans-sont-de-retour\/\"},\"wordCount\":3613,\"commentCount\":30,\"publisher\":{\"@id\":\"https:\/\/kapitalis.com\/tunisie\/#organization\"},\"image\":{\"@id\":\"https:\/\/kapitalis.com\/tunisie\/2019\/10\/27\/turquie-qatar-tunisie-les-freres-musulmans-sont-de-retour\/#primaryimage\"},\"thumbnailUrl\":\"\",\"keywords\":[\"Ennahdha\",\"Fr\u00e8res musulmans\",\"Ka\u00efs Saied\",\"Qatar\",\"Rached Ghannouchi\",\"Recep Tayyip Erdogan\",\"Tunisie\",\"Turquie\"],\"articleSection\":[\"A LA UNE\",\"POLITIQUE\",\"Tunisie\"],\"inLanguage\":\"fr-FR\",\"potentialAction\":[{\"@type\":\"CommentAction\",\"name\":\"Comment\",\"target\":[\"https:\/\/kapitalis.com\/tunisie\/2019\/10\/27\/turquie-qatar-tunisie-les-freres-musulmans-sont-de-retour\/#respond\"]}]},{\"@type\":\"WebPage\",\"@id\":\"https:\/\/kapitalis.com\/tunisie\/2019\/10\/27\/turquie-qatar-tunisie-les-freres-musulmans-sont-de-retour\/\",\"url\":\"https:\/\/kapitalis.com\/tunisie\/2019\/10\/27\/turquie-qatar-tunisie-les-freres-musulmans-sont-de-retour\/\",\"name\":\"Turquie-Qatar-Tunisie : Les Fr\u00e8res musulmans sont de retour - Kapitalis\",\"isPartOf\":{\"@id\":\"https:\/\/kapitalis.com\/tunisie\/#website\"},\"primaryImageOfPage\":{\"@id\":\"https:\/\/kapitalis.com\/tunisie\/2019\/10\/27\/turquie-qatar-tunisie-les-freres-musulmans-sont-de-retour\/#primaryimage\"},\"image\":{\"@id\":\"https:\/\/kapitalis.com\/tunisie\/2019\/10\/27\/turquie-qatar-tunisie-les-freres-musulmans-sont-de-retour\/#primaryimage\"},\"thumbnailUrl\":\"\",\"datePublished\":\"2019-10-27T14:08:40+00:00\",\"dateModified\":\"2019-10-27T14:08:43+00:00\",\"breadcrumb\":{\"@id\":\"https:\/\/kapitalis.com\/tunisie\/2019\/10\/27\/turquie-qatar-tunisie-les-freres-musulmans-sont-de-retour\/#breadcrumb\"},\"inLanguage\":\"fr-FR\",\"potentialAction\":[{\"@type\":\"ReadAction\",\"target\":[\"https:\/\/kapitalis.com\/tunisie\/2019\/10\/27\/turquie-qatar-tunisie-les-freres-musulmans-sont-de-retour\/\"]}]},{\"@type\":\"ImageObject\",\"inLanguage\":\"fr-FR\",\"@id\":\"https:\/\/kapitalis.com\/tunisie\/2019\/10\/27\/turquie-qatar-tunisie-les-freres-musulmans-sont-de-retour\/#primaryimage\",\"url\":\"\",\"contentUrl\":\"\"},{\"@type\":\"BreadcrumbList\",\"@id\":\"https:\/\/kapitalis.com\/tunisie\/2019\/10\/27\/turquie-qatar-tunisie-les-freres-musulmans-sont-de-retour\/#breadcrumb\",\"itemListElement\":[{\"@type\":\"ListItem\",\"position\":1,\"name\":\"Accueil\",\"item\":\"https:\/\/kapitalis.com\/tunisie\/\"},{\"@type\":\"ListItem\",\"position\":2,\"name\":\"Turquie-Qatar-Tunisie : Les Fr\u00e8res musulmans sont de retour\"}]},{\"@type\":\"WebSite\",\"@id\":\"https:\/\/kapitalis.com\/tunisie\/#website\",\"url\":\"https:\/\/kapitalis.com\/tunisie\/\",\"name\":\"Kapitalis\",\"description\":\"L&#039;actualit\u00e9 en Tunisie et dans le monde\",\"publisher\":{\"@id\":\"https:\/\/kapitalis.com\/tunisie\/#organization\"},\"potentialAction\":[{\"@type\":\"SearchAction\",\"target\":{\"@type\":\"EntryPoint\",\"urlTemplate\":\"https:\/\/kapitalis.com\/tunisie\/?s={search_term_string}\"},\"query-input\":{\"@type\":\"PropertyValueSpecification\",\"valueRequired\":true,\"valueName\":\"search_term_string\"}}],\"inLanguage\":\"fr-FR\"},{\"@type\":\"Organization\",\"@id\":\"https:\/\/kapitalis.com\/tunisie\/#organization\",\"name\":\"Kapitalis\",\"url\":\"https:\/\/kapitalis.com\/tunisie\/\",\"logo\":{\"@type\":\"ImageObject\",\"inLanguage\":\"fr-FR\",\"@id\":\"https:\/\/kapitalis.com\/tunisie\/#\/schema\/logo\/image\/\",\"url\":\"https:\/\/kapitalis.com\/tunisie\/wp-content\/uploads\/2022\/05\/Kapitalis-big-size.png\",\"contentUrl\":\"https:\/\/kapitalis.com\/tunisie\/wp-content\/uploads\/2022\/05\/Kapitalis-big-size.png\",\"width\":5000,\"height\":1500,\"caption\":\"Kapitalis\"},\"image\":{\"@id\":\"https:\/\/kapitalis.com\/tunisie\/#\/schema\/logo\/image\/\"},\"sameAs\":[\"https:\/\/www.facebook.com\/KapitalisInfo\/\",\"https:\/\/x.com\/KapitalisInfo\",\"https:\/\/www.youtube.com\/channel\/UC-yDYrHyfFBWWZaOw3FPg9Q\"]},{\"@type\":\"Person\",\"@id\":\"https:\/\/kapitalis.com\/tunisie\/#\/schema\/person\/d71f33a9ca44f7bad4698210b480c8e9\",\"name\":\"webmaster kapitalis\",\"url\":\"https:\/\/kapitalis.com\/tunisie\/author\/webmaster-kapitalis\/\"}]}<\/script>\n<!-- \/ Yoast SEO plugin. -->","yoast_head_json":{"title":"Turquie-Qatar-Tunisie : Les Fr\u00e8res musulmans sont de retour - Kapitalis","robots":{"index":"index","follow":"follow","max-snippet":"max-snippet:-1","max-image-preview":"max-image-preview:large","max-video-preview":"max-video-preview:-1"},"canonical":"https:\/\/kapitalis.com\/tunisie\/2019\/10\/27\/turquie-qatar-tunisie-les-freres-musulmans-sont-de-retour\/","og_locale":"fr_FR","og_type":"article","og_title":"Turquie-Qatar-Tunisie : Les Fr\u00e8res musulmans sont de retour - Kapitalis","og_description":"Braves Tunisiens et Tunisiennes, dormez en paix, gr\u00e2ce au retour d\u2019Ennahdha au pouvoir, c\u2019est trois r\u00e9gimes bienveillants, et non pas un seul, qui veillent d\u00e9sormais sur vous : La Tunisie de Ghannouchi, la Turquie d\u2019Erdogan, et le Qatar de l\u2019\u00e9mir Bin Hamad. Par Yassine Essid","og_url":"https:\/\/kapitalis.com\/tunisie\/2019\/10\/27\/turquie-qatar-tunisie-les-freres-musulmans-sont-de-retour\/","og_site_name":"Kapitalis","article_publisher":"https:\/\/www.facebook.com\/KapitalisInfo\/","article_published_time":"2019-10-27T14:08:40+00:00","article_modified_time":"2019-10-27T14:08:43+00:00","og_image":[{"width":1200,"height":630,"url":"https:\/\/kapitalis.com\/tunisie\/wp-content\/uploads\/2022\/05\/kapitalis-logo-fb.png","type":"image\/png"}],"author":"webmaster kapitalis","twitter_card":"summary_large_image","twitter_creator":"@KapitalisInfo","twitter_site":"@KapitalisInfo","twitter_misc":{"\u00c9crit par":"webmaster kapitalis","Dur\u00e9e de lecture estim\u00e9e":"18 minutes"},"schema":{"@context":"https:\/\/schema.org","@graph":[{"@type":"Article","@id":"https:\/\/kapitalis.com\/tunisie\/2019\/10\/27\/turquie-qatar-tunisie-les-freres-musulmans-sont-de-retour\/#article","isPartOf":{"@id":"https:\/\/kapitalis.com\/tunisie\/2019\/10\/27\/turquie-qatar-tunisie-les-freres-musulmans-sont-de-retour\/"},"author":{"name":"webmaster kapitalis","@id":"https:\/\/kapitalis.com\/tunisie\/#\/schema\/person\/d71f33a9ca44f7bad4698210b480c8e9"},"headline":"Turquie-Qatar-Tunisie : Les Fr\u00e8res musulmans sont de retour","datePublished":"2019-10-27T14:08:40+00:00","dateModified":"2019-10-27T14:08:43+00:00","mainEntityOfPage":{"@id":"https:\/\/kapitalis.com\/tunisie\/2019\/10\/27\/turquie-qatar-tunisie-les-freres-musulmans-sont-de-retour\/"},"wordCount":3613,"commentCount":30,"publisher":{"@id":"https:\/\/kapitalis.com\/tunisie\/#organization"},"image":{"@id":"https:\/\/kapitalis.com\/tunisie\/2019\/10\/27\/turquie-qatar-tunisie-les-freres-musulmans-sont-de-retour\/#primaryimage"},"thumbnailUrl":"","keywords":["Ennahdha","Fr\u00e8res musulmans","Ka\u00efs Saied","Qatar","Rached Ghannouchi","Recep Tayyip Erdogan","Tunisie","Turquie"],"articleSection":["A LA UNE","POLITIQUE","Tunisie"],"inLanguage":"fr-FR","potentialAction":[{"@type":"CommentAction","name":"Comment","target":["https:\/\/kapitalis.com\/tunisie\/2019\/10\/27\/turquie-qatar-tunisie-les-freres-musulmans-sont-de-retour\/#respond"]}]},{"@type":"WebPage","@id":"https:\/\/kapitalis.com\/tunisie\/2019\/10\/27\/turquie-qatar-tunisie-les-freres-musulmans-sont-de-retour\/","url":"https:\/\/kapitalis.com\/tunisie\/2019\/10\/27\/turquie-qatar-tunisie-les-freres-musulmans-sont-de-retour\/","name":"Turquie-Qatar-Tunisie : Les Fr\u00e8res musulmans sont de retour - Kapitalis","isPartOf":{"@id":"https:\/\/kapitalis.com\/tunisie\/#website"},"primaryImageOfPage":{"@id":"https:\/\/kapitalis.com\/tunisie\/2019\/10\/27\/turquie-qatar-tunisie-les-freres-musulmans-sont-de-retour\/#primaryimage"},"image":{"@id":"https:\/\/kapitalis.com\/tunisie\/2019\/10\/27\/turquie-qatar-tunisie-les-freres-musulmans-sont-de-retour\/#primaryimage"},"thumbnailUrl":"","datePublished":"2019-10-27T14:08:40+00:00","dateModified":"2019-10-27T14:08:43+00:00","breadcrumb":{"@id":"https:\/\/kapitalis.com\/tunisie\/2019\/10\/27\/turquie-qatar-tunisie-les-freres-musulmans-sont-de-retour\/#breadcrumb"},"inLanguage":"fr-FR","potentialAction":[{"@type":"ReadAction","target":["https:\/\/kapitalis.com\/tunisie\/2019\/10\/27\/turquie-qatar-tunisie-les-freres-musulmans-sont-de-retour\/"]}]},{"@type":"ImageObject","inLanguage":"fr-FR","@id":"https:\/\/kapitalis.com\/tunisie\/2019\/10\/27\/turquie-qatar-tunisie-les-freres-musulmans-sont-de-retour\/#primaryimage","url":"","contentUrl":""},{"@type":"BreadcrumbList","@id":"https:\/\/kapitalis.com\/tunisie\/2019\/10\/27\/turquie-qatar-tunisie-les-freres-musulmans-sont-de-retour\/#breadcrumb","itemListElement":[{"@type":"ListItem","position":1,"name":"Accueil","item":"https:\/\/kapitalis.com\/tunisie\/"},{"@type":"ListItem","position":2,"name":"Turquie-Qatar-Tunisie : Les Fr\u00e8res musulmans sont de retour"}]},{"@type":"WebSite","@id":"https:\/\/kapitalis.com\/tunisie\/#website","url":"https:\/\/kapitalis.com\/tunisie\/","name":"Kapitalis","description":"L&#039;actualit\u00e9 en Tunisie et dans le monde","publisher":{"@id":"https:\/\/kapitalis.com\/tunisie\/#organization"},"potentialAction":[{"@type":"SearchAction","target":{"@type":"EntryPoint","urlTemplate":"https:\/\/kapitalis.com\/tunisie\/?s={search_term_string}"},"query-input":{"@type":"PropertyValueSpecification","valueRequired":true,"valueName":"search_term_string"}}],"inLanguage":"fr-FR"},{"@type":"Organization","@id":"https:\/\/kapitalis.com\/tunisie\/#organization","name":"Kapitalis","url":"https:\/\/kapitalis.com\/tunisie\/","logo":{"@type":"ImageObject","inLanguage":"fr-FR","@id":"https:\/\/kapitalis.com\/tunisie\/#\/schema\/logo\/image\/","url":"https:\/\/kapitalis.com\/tunisie\/wp-content\/uploads\/2022\/05\/Kapitalis-big-size.png","contentUrl":"https:\/\/kapitalis.com\/tunisie\/wp-content\/uploads\/2022\/05\/Kapitalis-big-size.png","width":5000,"height":1500,"caption":"Kapitalis"},"image":{"@id":"https:\/\/kapitalis.com\/tunisie\/#\/schema\/logo\/image\/"},"sameAs":["https:\/\/www.facebook.com\/KapitalisInfo\/","https:\/\/x.com\/KapitalisInfo","https:\/\/www.youtube.com\/channel\/UC-yDYrHyfFBWWZaOw3FPg9Q"]},{"@type":"Person","@id":"https:\/\/kapitalis.com\/tunisie\/#\/schema\/person\/d71f33a9ca44f7bad4698210b480c8e9","name":"webmaster kapitalis","url":"https:\/\/kapitalis.com\/tunisie\/author\/webmaster-kapitalis\/"}]}},"_links":{"self":[{"href":"https:\/\/kapitalis.com\/tunisie\/wp-json\/wp\/v2\/posts\/250555","targetHints":{"allow":["GET"]}}],"collection":[{"href":"https:\/\/kapitalis.com\/tunisie\/wp-json\/wp\/v2\/posts"}],"about":[{"href":"https:\/\/kapitalis.com\/tunisie\/wp-json\/wp\/v2\/types\/post"}],"author":[{"embeddable":true,"href":"https:\/\/kapitalis.com\/tunisie\/wp-json\/wp\/v2\/users\/8"}],"replies":[{"embeddable":true,"href":"https:\/\/kapitalis.com\/tunisie\/wp-json\/wp\/v2\/comments?post=250555"}],"version-history":[{"count":0,"href":"https:\/\/kapitalis.com\/tunisie\/wp-json\/wp\/v2\/posts\/250555\/revisions"}],"wp:featuredmedia":[{"embeddable":true,"href":"https:\/\/kapitalis.com\/tunisie\/wp-json\/wp\/v2\/media\/250556"}],"wp:attachment":[{"href":"https:\/\/kapitalis.com\/tunisie\/wp-json\/wp\/v2\/media?parent=250555"}],"wp:term":[{"taxonomy":"category","embeddable":true,"href":"https:\/\/kapitalis.com\/tunisie\/wp-json\/wp\/v2\/categories?post=250555"},{"taxonomy":"post_tag","embeddable":true,"href":"https:\/\/kapitalis.com\/tunisie\/wp-json\/wp\/v2\/tags?post=250555"}],"curies":[{"name":"wp","href":"https:\/\/api.w.org\/{rel}","templated":true}]}}