{"id":250558,"date":"2019-10-27T21:25:18","date_gmt":"2019-10-27T20:25:18","guid":{"rendered":"http:\/\/kapitalis.com\/tunisie\/?p=250558"},"modified":"2019-10-28T08:55:47","modified_gmt":"2019-10-28T07:55:47","slug":"pour-repondre-a-linvitation-du-president-de-la-republique-abir-moussi-veut-dabord-se-concerter-avec-les-dirigeants-de-son-parti","status":"publish","type":"post","link":"https:\/\/kapitalis.com\/tunisie\/2019\/10\/27\/pour-repondre-a-linvitation-du-president-de-la-republique-abir-moussi-veut-dabord-se-concerter-avec-les-dirigeants-de-son-parti\/","title":{"rendered":"Pour r\u00e9pondre \u00e0 l&rsquo;invitation du pr\u00e9sident de la r\u00e9publique, Abir Moussi veut d&rsquo;abord se concerter avec les dirigeants de son parti"},"content":{"rendered":"\n<figure class=\"wp-block-image\"><img decoding=\"async\" src=\"http:\/\/kapitalis.com\/tunisie\/wp-content\/uploads\/2019\/10\/Ka\u00efs-Sa\u00efed-Abir-Moussi.jpg\" alt=\"\" class=\"wp-image-250560\"\/><\/figure>\n\n\n\n<p><strong><em>Apr\u00e8s avoir d\u00e9clin\u00e9 une premi\u00e8re invitation de la pr\u00e9sidence de la r\u00e9publique, pour rencontrer le chef de l&rsquo;Etat, Ka\u00efs Sa\u00efed, Abir Moussi, pr\u00e9sidente du Parti destourien libre (PDL), affirme qu&rsquo;avant de se rendre au Palais de Carthage, il faudra qu&rsquo;elle se concerte avec les dirigeants de son parti\u2026<\/em><\/strong><\/p>\n\n\n\n<!--more-->\n\n\n\n<p>Le pr\u00e9sident de la r\u00e9publique Ka\u00efs Sa\u00efed a consacr\u00e9 la fin de cette semaine \u00e0 la rencontre des chefs de partis qu&rsquo;il a re\u00e7us, tour \u00e0 tour, au Palais de Carthage. <\/p>\n\n\n\n<p>Beaucoup de Tunisiens se sont interrog\u00e9s sur l&rsquo;absence d&rsquo;Abir Moussi \u00e0 ces r\u00e9unions. Absence que la pr\u00e9sidente du PDL a expliqu\u00e9e, aujourd&rsquo;hui, dimanche 27 ao\u00fbt 2019, lors d&rsquo;un meeting \u00e0 Sousse : elle affirme avoir \u00e9t\u00e9 convi\u00e9e samedi dernier, \u00e0 11 heures, mais qu&rsquo;elle a d\u00fb d\u00e9cliner l&rsquo;invitation car elle ne se trouvait pas \u00e0 Tunis.<\/p>\n\n\n\n<figure class=\"wp-block-embed-facebook wp-block-embed is-type-video is-provider-facebook\"><div class=\"wp-block-embed__wrapper\">\nhttps:\/\/www.facebook.com\/1967823173521555\/videos\/2508240699424345\/\n<\/div><\/figure>\n\n\n\n<p>\u00ab<em>Je suis invit\u00e9e en ma qualit\u00e9 de repr\u00e9sentante du parti que je pr\u00e9side et non pas \u00e0 titre personnel, il est donc normal que me concerte avec les dirigeants du PDL, avant de r\u00e9pondre \u00e0 cette invitation<\/em>\u00bb, a-t-elle expliqu\u00e9, en ajoutant que le bureau politique de son parti se r\u00e9unira bient\u00f4t pour prendre une d\u00e9cision \u00e0 ce sujet.<\/p>\n\n\n\n<p>Rappelons que plusieurs chefs de partis ont d\u00e9fil\u00e9 au Palais de Carthage, o\u00f9 ils ont rencontr\u00e9 le pr\u00e9sident de la r\u00e9publique Ka\u00efs Sa\u00efed, \u00e0 l&rsquo;instar de Rached Ghannouchi (Ennahdha), Nabil Karoui (Qalb Tounes), Mohamed Abbou (Attayar), Selim Azzabi (Tahya Tounes), Seifeddine Makhlouf (coalition Al-Karama) et Zouhair Maghzaoui (Attayar Chaabi).<\/p>\n\n\n\n<p>Ka\u00efs Sa\u00efed a \u00e9galement re\u00e7u l&rsquo;ancien maire de Paris, Bertrand Delano\u00eb, et a eu une premi\u00e8re rencontre officielle avec le chef du gouvernement, <a rel=\"noreferrer noopener\" aria-label=\"Youssef Chahed (s\u2019ouvre dans un nouvel onglet)\" href=\"http:\/\/kapitalis.com\/tunisie\/2019\/10\/25\/premiere-rencontre-officielle-entre-le-president-de-la-republique-kais-saied-et-le-chef-du-gouvernement-youssef-chahed-video\/\" target=\"_blank\">Youssef Chahed<\/a>.<\/p>\n\n\n\n<p style=\"text-align:right\"><strong>Y. N.<\/strong><\/p>\n\n\n\n<figure class=\"wp-block-embed-wordpress wp-block-embed is-type-wp-embed is-provider-kapitalis\"><div class=\"wp-block-embed__wrapper\">\n<blockquote class=\"wp-embedded-content\" data-secret=\"debFCVLU53\"><a href=\"https:\/\/kapitalis.com\/tunisie\/2019\/10\/25\/apres-ghannouchi-le-president-de-la-republique-saied-recoit-karoui-puis-abbou\/\">Apr\u00e8s Ghannouchi, le pr\u00e9sident de la r\u00e9publique Sa\u00efed re\u00e7oit Karoui puis Abbou<\/a><\/blockquote><iframe loading=\"lazy\" class=\"wp-embedded-content\" sandbox=\"allow-scripts\" security=\"restricted\" style=\"position: absolute; clip: rect(1px, 1px, 1px, 1px);\" title=\"\u00ab\u00a0Apr\u00e8s Ghannouchi, le pr\u00e9sident de la r\u00e9publique Sa\u00efed re\u00e7oit Karoui puis Abbou\u00a0\u00bb &#8212; Kapitalis\" src=\"https:\/\/kapitalis.com\/tunisie\/2019\/10\/25\/apres-ghannouchi-le-president-de-la-republique-saied-recoit-karoui-puis-abbou\/embed\/#?secret=ynZ6RzcEax#?secret=debFCVLU53\" data-secret=\"debFCVLU53\" width=\"600\" height=\"338\" frameborder=\"0\" marginwidth=\"0\" marginheight=\"0\" scrolling=\"no\"><\/iframe>\n<\/div><\/figure>\n\n\n\n<figure class=\"wp-block-embed-wordpress wp-block-embed is-type-wp-embed is-provider-kapitalis\"><div class=\"wp-block-embed__wrapper\">\n<blockquote class=\"wp-embedded-content\" data-secret=\"b7brI8dGCx\"><a href=\"https:\/\/kapitalis.com\/tunisie\/2019\/10\/25\/formation-du-prochain-gouvernement-ghannouchi-met-saied-au-parfum\/\">Formation du prochain gouvernement : Ghannouchi met Sa\u00efed au parfum<\/a><\/blockquote><iframe loading=\"lazy\" class=\"wp-embedded-content\" sandbox=\"allow-scripts\" security=\"restricted\" style=\"position: absolute; clip: rect(1px, 1px, 1px, 1px);\" title=\"\u00ab\u00a0Formation du prochain gouvernement : Ghannouchi met Sa\u00efed au parfum\u00a0\u00bb &#8212; Kapitalis\" src=\"https:\/\/kapitalis.com\/tunisie\/2019\/10\/25\/formation-du-prochain-gouvernement-ghannouchi-met-saied-au-parfum\/embed\/#?secret=QlUcgrwuz3#?secret=b7brI8dGCx\" data-secret=\"b7brI8dGCx\" width=\"600\" height=\"338\" frameborder=\"0\" marginwidth=\"0\" marginheight=\"0\" scrolling=\"no\"><\/iframe>\n<\/div><\/figure>\n","protected":false},"excerpt":{"rendered":"<p>Apr\u00e8s avoir d\u00e9clin\u00e9 une premi\u00e8re invitation de la pr\u00e9sidence de la r\u00e9publique, pour rencontrer le chef de l&rsquo;Etat, Ka\u00efs Sa\u00efed, Abir Moussi, pr\u00e9sidente du Parti destourien libre (PDL), affirme qu&rsquo;avant de se rendre au Palais de Carthage, il faudra qu&rsquo;elle se concerte avec les dirigeants de son parti\u2026<\/p>\n","protected":false},"author":6,"featured_media":250560,"comment_status":"open","ping_status":"open","sticky":false,"template":"","format":"standard","meta":{"footnotes":""},"categories":[997,2433,4806],"tags":[15144,7537,12235,2225,23927,33536,1158,7817],"class_list":["post-250558","post","type-post","status-publish","format-standard","has-post-thumbnail","hentry","category-politique","category-tunisie","category-videos","tag-abir-moussi","tag-chef-de-letat","tag-kais-saied","tag-palais-de-carthage","tag-parti-destourien-libre","tag-pdl","tag-presidence","tag-president-republique"],"yoast_head":"<!-- This site is optimized with the Yoast SEO plugin v26.6 - https:\/\/yoast.com\/wordpress\/plugins\/seo\/ -->\n<title>Pour r\u00e9pondre \u00e0 l&#039;invitation du pr\u00e9sident de la r\u00e9publique, Abir Moussi veut d&#039;abord se concerter avec les dirigeants de son parti - Kapitalis<\/title>\n<meta name=\"robots\" content=\"index, follow, max-snippet:-1, max-image-preview:large, max-video-preview:-1\" \/>\n<link rel=\"canonical\" href=\"https:\/\/kapitalis.com\/tunisie\/2019\/10\/27\/pour-repondre-a-linvitation-du-president-de-la-republique-abir-moussi-veut-dabord-se-concerter-avec-les-dirigeants-de-son-parti\/\" \/>\n<meta property=\"og:locale\" content=\"fr_FR\" \/>\n<meta property=\"og:type\" content=\"article\" \/>\n<meta property=\"og:title\" content=\"Pour r\u00e9pondre \u00e0 l&#039;invitation du pr\u00e9sident de la r\u00e9publique, Abir Moussi veut d&#039;abord se concerter avec les dirigeants de son parti - Kapitalis\" \/>\n<meta property=\"og:description\" content=\"Apr\u00e8s avoir d\u00e9clin\u00e9 une premi\u00e8re invitation de la pr\u00e9sidence de la r\u00e9publique, pour rencontrer le chef de l&rsquo;Etat, Ka\u00efs Sa\u00efed, Abir Moussi, pr\u00e9sidente du Parti destourien libre (PDL), affirme qu&rsquo;avant de se rendre au Palais de Carthage, il faudra qu&rsquo;elle se concerte avec les dirigeants de son parti\u2026\" \/>\n<meta property=\"og:url\" content=\"https:\/\/kapitalis.com\/tunisie\/2019\/10\/27\/pour-repondre-a-linvitation-du-president-de-la-republique-abir-moussi-veut-dabord-se-concerter-avec-les-dirigeants-de-son-parti\/\" \/>\n<meta property=\"og:site_name\" content=\"Kapitalis\" \/>\n<meta property=\"article:publisher\" content=\"https:\/\/www.facebook.com\/KapitalisInfo\/\" \/>\n<meta property=\"article:published_time\" content=\"2019-10-27T20:25:18+00:00\" \/>\n<meta property=\"article:modified_time\" content=\"2019-10-28T07:55:47+00:00\" \/>\n<meta property=\"og:image\" content=\"https:\/\/kapitalis.com\/tunisie\/wp-content\/uploads\/2022\/05\/kapitalis-logo-fb.png\" \/>\n\t<meta property=\"og:image:width\" content=\"1200\" \/>\n\t<meta property=\"og:image:height\" content=\"630\" \/>\n\t<meta property=\"og:image:type\" content=\"image\/png\" \/>\n<meta name=\"author\" content=\"Yusra NY\" \/>\n<meta name=\"twitter:card\" content=\"summary_large_image\" \/>\n<meta name=\"twitter:creator\" content=\"@KapitalisInfo\" \/>\n<meta name=\"twitter:site\" content=\"@KapitalisInfo\" \/>\n<meta name=\"twitter:label1\" content=\"\u00c9crit par\" \/>\n\t<meta name=\"twitter:data1\" content=\"Yusra NY\" \/>\n\t<meta name=\"twitter:label2\" content=\"Dur\u00e9e de lecture estim\u00e9e\" \/>\n\t<meta name=\"twitter:data2\" content=\"2 minutes\" \/>\n<script type=\"application\/ld+json\" class=\"yoast-schema-graph\">{\"@context\":\"https:\/\/schema.org\",\"@graph\":[{\"@type\":\"Article\",\"@id\":\"https:\/\/kapitalis.com\/tunisie\/2019\/10\/27\/pour-repondre-a-linvitation-du-president-de-la-republique-abir-moussi-veut-dabord-se-concerter-avec-les-dirigeants-de-son-parti\/#article\",\"isPartOf\":{\"@id\":\"https:\/\/kapitalis.com\/tunisie\/2019\/10\/27\/pour-repondre-a-linvitation-du-president-de-la-republique-abir-moussi-veut-dabord-se-concerter-avec-les-dirigeants-de-son-parti\/\"},\"author\":{\"name\":\"Yusra NY\",\"@id\":\"https:\/\/kapitalis.com\/tunisie\/#\/schema\/person\/74bbde0154d49d790a92aaeac5bc01d5\"},\"headline\":\"Pour r\u00e9pondre \u00e0 l&rsquo;invitation du pr\u00e9sident de la r\u00e9publique, Abir Moussi veut d&rsquo;abord se concerter avec les dirigeants de son parti\",\"datePublished\":\"2019-10-27T20:25:18+00:00\",\"dateModified\":\"2019-10-28T07:55:47+00:00\",\"mainEntityOfPage\":{\"@id\":\"https:\/\/kapitalis.com\/tunisie\/2019\/10\/27\/pour-repondre-a-linvitation-du-president-de-la-republique-abir-moussi-veut-dabord-se-concerter-avec-les-dirigeants-de-son-parti\/\"},\"wordCount\":329,\"commentCount\":7,\"publisher\":{\"@id\":\"https:\/\/kapitalis.com\/tunisie\/#organization\"},\"image\":{\"@id\":\"https:\/\/kapitalis.com\/tunisie\/2019\/10\/27\/pour-repondre-a-linvitation-du-president-de-la-republique-abir-moussi-veut-dabord-se-concerter-avec-les-dirigeants-de-son-parti\/#primaryimage\"},\"thumbnailUrl\":\"\",\"keywords\":[\"Abir Moussi\",\"Chef de l'Etat\",\"Ka\u00efs Saied\",\"palais de Carthage\",\"Parti destourien libre\",\"PDL\",\"pr\u00e9sidence\",\"pr\u00e9sident r\u00e9publique\"],\"articleSection\":[\"POLITIQUE\",\"Tunisie\",\"VIDEOS\"],\"inLanguage\":\"fr-FR\",\"potentialAction\":[{\"@type\":\"CommentAction\",\"name\":\"Comment\",\"target\":[\"https:\/\/kapitalis.com\/tunisie\/2019\/10\/27\/pour-repondre-a-linvitation-du-president-de-la-republique-abir-moussi-veut-dabord-se-concerter-avec-les-dirigeants-de-son-parti\/#respond\"]}]},{\"@type\":\"WebPage\",\"@id\":\"https:\/\/kapitalis.com\/tunisie\/2019\/10\/27\/pour-repondre-a-linvitation-du-president-de-la-republique-abir-moussi-veut-dabord-se-concerter-avec-les-dirigeants-de-son-parti\/\",\"url\":\"https:\/\/kapitalis.com\/tunisie\/2019\/10\/27\/pour-repondre-a-linvitation-du-president-de-la-republique-abir-moussi-veut-dabord-se-concerter-avec-les-dirigeants-de-son-parti\/\",\"name\":\"Pour r\u00e9pondre \u00e0 l'invitation du pr\u00e9sident de la r\u00e9publique, Abir Moussi veut d'abord se concerter avec les dirigeants de son parti - Kapitalis\",\"isPartOf\":{\"@id\":\"https:\/\/kapitalis.com\/tunisie\/#website\"},\"primaryImageOfPage\":{\"@id\":\"https:\/\/kapitalis.com\/tunisie\/2019\/10\/27\/pour-repondre-a-linvitation-du-president-de-la-republique-abir-moussi-veut-dabord-se-concerter-avec-les-dirigeants-de-son-parti\/#primaryimage\"},\"image\":{\"@id\":\"https:\/\/kapitalis.com\/tunisie\/2019\/10\/27\/pour-repondre-a-linvitation-du-president-de-la-republique-abir-moussi-veut-dabord-se-concerter-avec-les-dirigeants-de-son-parti\/#primaryimage\"},\"thumbnailUrl\":\"\",\"datePublished\":\"2019-10-27T20:25:18+00:00\",\"dateModified\":\"2019-10-28T07:55:47+00:00\",\"breadcrumb\":{\"@id\":\"https:\/\/kapitalis.com\/tunisie\/2019\/10\/27\/pour-repondre-a-linvitation-du-president-de-la-republique-abir-moussi-veut-dabord-se-concerter-avec-les-dirigeants-de-son-parti\/#breadcrumb\"},\"inLanguage\":\"fr-FR\",\"potentialAction\":[{\"@type\":\"ReadAction\",\"target\":[\"https:\/\/kapitalis.com\/tunisie\/2019\/10\/27\/pour-repondre-a-linvitation-du-president-de-la-republique-abir-moussi-veut-dabord-se-concerter-avec-les-dirigeants-de-son-parti\/\"]}]},{\"@type\":\"ImageObject\",\"inLanguage\":\"fr-FR\",\"@id\":\"https:\/\/kapitalis.com\/tunisie\/2019\/10\/27\/pour-repondre-a-linvitation-du-president-de-la-republique-abir-moussi-veut-dabord-se-concerter-avec-les-dirigeants-de-son-parti\/#primaryimage\",\"url\":\"\",\"contentUrl\":\"\"},{\"@type\":\"BreadcrumbList\",\"@id\":\"https:\/\/kapitalis.com\/tunisie\/2019\/10\/27\/pour-repondre-a-linvitation-du-president-de-la-republique-abir-moussi-veut-dabord-se-concerter-avec-les-dirigeants-de-son-parti\/#breadcrumb\",\"itemListElement\":[{\"@type\":\"ListItem\",\"position\":1,\"name\":\"Accueil\",\"item\":\"https:\/\/kapitalis.com\/tunisie\/\"},{\"@type\":\"ListItem\",\"position\":2,\"name\":\"Pour r\u00e9pondre \u00e0 l&rsquo;invitation du pr\u00e9sident de la r\u00e9publique, Abir Moussi veut d&rsquo;abord se concerter avec les dirigeants de son parti\"}]},{\"@type\":\"WebSite\",\"@id\":\"https:\/\/kapitalis.com\/tunisie\/#website\",\"url\":\"https:\/\/kapitalis.com\/tunisie\/\",\"name\":\"Kapitalis\",\"description\":\"L&#039;actualit\u00e9 en Tunisie et dans le monde\",\"publisher\":{\"@id\":\"https:\/\/kapitalis.com\/tunisie\/#organization\"},\"potentialAction\":[{\"@type\":\"SearchAction\",\"target\":{\"@type\":\"EntryPoint\",\"urlTemplate\":\"https:\/\/kapitalis.com\/tunisie\/?s={search_term_string}\"},\"query-input\":{\"@type\":\"PropertyValueSpecification\",\"valueRequired\":true,\"valueName\":\"search_term_string\"}}],\"inLanguage\":\"fr-FR\"},{\"@type\":\"Organization\",\"@id\":\"https:\/\/kapitalis.com\/tunisie\/#organization\",\"name\":\"Kapitalis\",\"url\":\"https:\/\/kapitalis.com\/tunisie\/\",\"logo\":{\"@type\":\"ImageObject\",\"inLanguage\":\"fr-FR\",\"@id\":\"https:\/\/kapitalis.com\/tunisie\/#\/schema\/logo\/image\/\",\"url\":\"https:\/\/kapitalis.com\/tunisie\/wp-content\/uploads\/2022\/05\/Kapitalis-big-size.png\",\"contentUrl\":\"https:\/\/kapitalis.com\/tunisie\/wp-content\/uploads\/2022\/05\/Kapitalis-big-size.png\",\"width\":5000,\"height\":1500,\"caption\":\"Kapitalis\"},\"image\":{\"@id\":\"https:\/\/kapitalis.com\/tunisie\/#\/schema\/logo\/image\/\"},\"sameAs\":[\"https:\/\/www.facebook.com\/KapitalisInfo\/\",\"https:\/\/x.com\/KapitalisInfo\",\"https:\/\/www.youtube.com\/channel\/UC-yDYrHyfFBWWZaOw3FPg9Q\"]},{\"@type\":\"Person\",\"@id\":\"https:\/\/kapitalis.com\/tunisie\/#\/schema\/person\/74bbde0154d49d790a92aaeac5bc01d5\",\"name\":\"Yusra NY\",\"url\":\"https:\/\/kapitalis.com\/tunisie\/author\/yuza_adam\/\"}]}<\/script>\n<!-- \/ Yoast SEO plugin. -->","yoast_head_json":{"title":"Pour r\u00e9pondre \u00e0 l'invitation du pr\u00e9sident de la r\u00e9publique, Abir Moussi veut d'abord se concerter avec les dirigeants de son parti - Kapitalis","robots":{"index":"index","follow":"follow","max-snippet":"max-snippet:-1","max-image-preview":"max-image-preview:large","max-video-preview":"max-video-preview:-1"},"canonical":"https:\/\/kapitalis.com\/tunisie\/2019\/10\/27\/pour-repondre-a-linvitation-du-president-de-la-republique-abir-moussi-veut-dabord-se-concerter-avec-les-dirigeants-de-son-parti\/","og_locale":"fr_FR","og_type":"article","og_title":"Pour r\u00e9pondre \u00e0 l'invitation du pr\u00e9sident de la r\u00e9publique, Abir Moussi veut d'abord se concerter avec les dirigeants de son parti - Kapitalis","og_description":"Apr\u00e8s avoir d\u00e9clin\u00e9 une premi\u00e8re invitation de la pr\u00e9sidence de la r\u00e9publique, pour rencontrer le chef de l&rsquo;Etat, Ka\u00efs Sa\u00efed, Abir Moussi, pr\u00e9sidente du Parti destourien libre (PDL), affirme qu&rsquo;avant de se rendre au Palais de Carthage, il faudra qu&rsquo;elle se concerte avec les dirigeants de son parti\u2026","og_url":"https:\/\/kapitalis.com\/tunisie\/2019\/10\/27\/pour-repondre-a-linvitation-du-president-de-la-republique-abir-moussi-veut-dabord-se-concerter-avec-les-dirigeants-de-son-parti\/","og_site_name":"Kapitalis","article_publisher":"https:\/\/www.facebook.com\/KapitalisInfo\/","article_published_time":"2019-10-27T20:25:18+00:00","article_modified_time":"2019-10-28T07:55:47+00:00","og_image":[{"width":1200,"height":630,"url":"https:\/\/kapitalis.com\/tunisie\/wp-content\/uploads\/2022\/05\/kapitalis-logo-fb.png","type":"image\/png"}],"author":"Yusra NY","twitter_card":"summary_large_image","twitter_creator":"@KapitalisInfo","twitter_site":"@KapitalisInfo","twitter_misc":{"\u00c9crit par":"Yusra NY","Dur\u00e9e de lecture estim\u00e9e":"2 minutes"},"schema":{"@context":"https:\/\/schema.org","@graph":[{"@type":"Article","@id":"https:\/\/kapitalis.com\/tunisie\/2019\/10\/27\/pour-repondre-a-linvitation-du-president-de-la-republique-abir-moussi-veut-dabord-se-concerter-avec-les-dirigeants-de-son-parti\/#article","isPartOf":{"@id":"https:\/\/kapitalis.com\/tunisie\/2019\/10\/27\/pour-repondre-a-linvitation-du-president-de-la-republique-abir-moussi-veut-dabord-se-concerter-avec-les-dirigeants-de-son-parti\/"},"author":{"name":"Yusra NY","@id":"https:\/\/kapitalis.com\/tunisie\/#\/schema\/person\/74bbde0154d49d790a92aaeac5bc01d5"},"headline":"Pour r\u00e9pondre \u00e0 l&rsquo;invitation du pr\u00e9sident de la r\u00e9publique, Abir Moussi veut d&rsquo;abord se concerter avec les dirigeants de son parti","datePublished":"2019-10-27T20:25:18+00:00","dateModified":"2019-10-28T07:55:47+00:00","mainEntityOfPage":{"@id":"https:\/\/kapitalis.com\/tunisie\/2019\/10\/27\/pour-repondre-a-linvitation-du-president-de-la-republique-abir-moussi-veut-dabord-se-concerter-avec-les-dirigeants-de-son-parti\/"},"wordCount":329,"commentCount":7,"publisher":{"@id":"https:\/\/kapitalis.com\/tunisie\/#organization"},"image":{"@id":"https:\/\/kapitalis.com\/tunisie\/2019\/10\/27\/pour-repondre-a-linvitation-du-president-de-la-republique-abir-moussi-veut-dabord-se-concerter-avec-les-dirigeants-de-son-parti\/#primaryimage"},"thumbnailUrl":"","keywords":["Abir Moussi","Chef de l'Etat","Ka\u00efs Saied","palais de Carthage","Parti destourien libre","PDL","pr\u00e9sidence","pr\u00e9sident r\u00e9publique"],"articleSection":["POLITIQUE","Tunisie","VIDEOS"],"inLanguage":"fr-FR","potentialAction":[{"@type":"CommentAction","name":"Comment","target":["https:\/\/kapitalis.com\/tunisie\/2019\/10\/27\/pour-repondre-a-linvitation-du-president-de-la-republique-abir-moussi-veut-dabord-se-concerter-avec-les-dirigeants-de-son-parti\/#respond"]}]},{"@type":"WebPage","@id":"https:\/\/kapitalis.com\/tunisie\/2019\/10\/27\/pour-repondre-a-linvitation-du-president-de-la-republique-abir-moussi-veut-dabord-se-concerter-avec-les-dirigeants-de-son-parti\/","url":"https:\/\/kapitalis.com\/tunisie\/2019\/10\/27\/pour-repondre-a-linvitation-du-president-de-la-republique-abir-moussi-veut-dabord-se-concerter-avec-les-dirigeants-de-son-parti\/","name":"Pour r\u00e9pondre \u00e0 l'invitation du pr\u00e9sident de la r\u00e9publique, Abir Moussi veut d'abord se concerter avec les dirigeants de son parti - Kapitalis","isPartOf":{"@id":"https:\/\/kapitalis.com\/tunisie\/#website"},"primaryImageOfPage":{"@id":"https:\/\/kapitalis.com\/tunisie\/2019\/10\/27\/pour-repondre-a-linvitation-du-president-de-la-republique-abir-moussi-veut-dabord-se-concerter-avec-les-dirigeants-de-son-parti\/#primaryimage"},"image":{"@id":"https:\/\/kapitalis.com\/tunisie\/2019\/10\/27\/pour-repondre-a-linvitation-du-president-de-la-republique-abir-moussi-veut-dabord-se-concerter-avec-les-dirigeants-de-son-parti\/#primaryimage"},"thumbnailUrl":"","datePublished":"2019-10-27T20:25:18+00:00","dateModified":"2019-10-28T07:55:47+00:00","breadcrumb":{"@id":"https:\/\/kapitalis.com\/tunisie\/2019\/10\/27\/pour-repondre-a-linvitation-du-president-de-la-republique-abir-moussi-veut-dabord-se-concerter-avec-les-dirigeants-de-son-parti\/#breadcrumb"},"inLanguage":"fr-FR","potentialAction":[{"@type":"ReadAction","target":["https:\/\/kapitalis.com\/tunisie\/2019\/10\/27\/pour-repondre-a-linvitation-du-president-de-la-republique-abir-moussi-veut-dabord-se-concerter-avec-les-dirigeants-de-son-parti\/"]}]},{"@type":"ImageObject","inLanguage":"fr-FR","@id":"https:\/\/kapitalis.com\/tunisie\/2019\/10\/27\/pour-repondre-a-linvitation-du-president-de-la-republique-abir-moussi-veut-dabord-se-concerter-avec-les-dirigeants-de-son-parti\/#primaryimage","url":"","contentUrl":""},{"@type":"BreadcrumbList","@id":"https:\/\/kapitalis.com\/tunisie\/2019\/10\/27\/pour-repondre-a-linvitation-du-president-de-la-republique-abir-moussi-veut-dabord-se-concerter-avec-les-dirigeants-de-son-parti\/#breadcrumb","itemListElement":[{"@type":"ListItem","position":1,"name":"Accueil","item":"https:\/\/kapitalis.com\/tunisie\/"},{"@type":"ListItem","position":2,"name":"Pour r\u00e9pondre \u00e0 l&rsquo;invitation du pr\u00e9sident de la r\u00e9publique, Abir Moussi veut d&rsquo;abord se concerter avec les dirigeants de son parti"}]},{"@type":"WebSite","@id":"https:\/\/kapitalis.com\/tunisie\/#website","url":"https:\/\/kapitalis.com\/tunisie\/","name":"Kapitalis","description":"L&#039;actualit\u00e9 en Tunisie et dans le monde","publisher":{"@id":"https:\/\/kapitalis.com\/tunisie\/#organization"},"potentialAction":[{"@type":"SearchAction","target":{"@type":"EntryPoint","urlTemplate":"https:\/\/kapitalis.com\/tunisie\/?s={search_term_string}"},"query-input":{"@type":"PropertyValueSpecification","valueRequired":true,"valueName":"search_term_string"}}],"inLanguage":"fr-FR"},{"@type":"Organization","@id":"https:\/\/kapitalis.com\/tunisie\/#organization","name":"Kapitalis","url":"https:\/\/kapitalis.com\/tunisie\/","logo":{"@type":"ImageObject","inLanguage":"fr-FR","@id":"https:\/\/kapitalis.com\/tunisie\/#\/schema\/logo\/image\/","url":"https:\/\/kapitalis.com\/tunisie\/wp-content\/uploads\/2022\/05\/Kapitalis-big-size.png","contentUrl":"https:\/\/kapitalis.com\/tunisie\/wp-content\/uploads\/2022\/05\/Kapitalis-big-size.png","width":5000,"height":1500,"caption":"Kapitalis"},"image":{"@id":"https:\/\/kapitalis.com\/tunisie\/#\/schema\/logo\/image\/"},"sameAs":["https:\/\/www.facebook.com\/KapitalisInfo\/","https:\/\/x.com\/KapitalisInfo","https:\/\/www.youtube.com\/channel\/UC-yDYrHyfFBWWZaOw3FPg9Q"]},{"@type":"Person","@id":"https:\/\/kapitalis.com\/tunisie\/#\/schema\/person\/74bbde0154d49d790a92aaeac5bc01d5","name":"Yusra NY","url":"https:\/\/kapitalis.com\/tunisie\/author\/yuza_adam\/"}]}},"_links":{"self":[{"href":"https:\/\/kapitalis.com\/tunisie\/wp-json\/wp\/v2\/posts\/250558","targetHints":{"allow":["GET"]}}],"collection":[{"href":"https:\/\/kapitalis.com\/tunisie\/wp-json\/wp\/v2\/posts"}],"about":[{"href":"https:\/\/kapitalis.com\/tunisie\/wp-json\/wp\/v2\/types\/post"}],"author":[{"embeddable":true,"href":"https:\/\/kapitalis.com\/tunisie\/wp-json\/wp\/v2\/users\/6"}],"replies":[{"embeddable":true,"href":"https:\/\/kapitalis.com\/tunisie\/wp-json\/wp\/v2\/comments?post=250558"}],"version-history":[{"count":0,"href":"https:\/\/kapitalis.com\/tunisie\/wp-json\/wp\/v2\/posts\/250558\/revisions"}],"wp:featuredmedia":[{"embeddable":true,"href":"https:\/\/kapitalis.com\/tunisie\/wp-json\/wp\/v2\/media\/250560"}],"wp:attachment":[{"href":"https:\/\/kapitalis.com\/tunisie\/wp-json\/wp\/v2\/media?parent=250558"}],"wp:term":[{"taxonomy":"category","embeddable":true,"href":"https:\/\/kapitalis.com\/tunisie\/wp-json\/wp\/v2\/categories?post=250558"},{"taxonomy":"post_tag","embeddable":true,"href":"https:\/\/kapitalis.com\/tunisie\/wp-json\/wp\/v2\/tags?post=250558"}],"curies":[{"name":"wp","href":"https:\/\/api.w.org\/{rel}","templated":true}]}}