{"id":250568,"date":"2019-10-27T21:53:24","date_gmt":"2019-10-27T20:53:24","guid":{"rendered":"http:\/\/kapitalis.com\/tunisie\/?p=250568"},"modified":"2019-10-28T08:51:19","modified_gmt":"2019-10-28T07:51:19","slug":"alerte-meteo-pluies-vents-et-baisse-des-temperatures-dans-la-plupart-des-regions","status":"publish","type":"post","link":"https:\/\/kapitalis.com\/tunisie\/2019\/10\/27\/alerte-meteo-pluies-vents-et-baisse-des-temperatures-dans-la-plupart-des-regions\/","title":{"rendered":"Alerte m\u00e9t\u00e9o : Pluies, vents et baisse des temp\u00e9ratures dans la plupart des r\u00e9gions"},"content":{"rendered":"\n<figure class=\"wp-block-image\"><img decoding=\"async\" src=\"http:\/\/kapitalis.com\/tunisie\/wp-content\/uploads\/2018\/11\/M\u00e9t\u00e9o-Tunisie-pluies.jpg\" alt=\"\" class=\"wp-image-181992\"\/><\/figure>\n\n\n\n<p><em><strong>L&rsquo;Institut national de la m\u00e9t\u00e9orologie (INM) a indiqu\u00e9 aujourd&rsquo;hui, dimanche 27 octobre 2019, dans une alerte m\u00e9t\u00e9o, que des pluies orageuses et des vents forts sont attendus, d\u00e8s ce soir, dans la plupart des r\u00e9gions. Ce mauvais temps se poursuivra au moins jusqu&rsquo;\u00e0 mardi prochain.<\/strong><\/em><\/p>\n\n\n\n<!--more-->\n\n\n\n<p>Une baisse des temp\u00e9ratures est \u00e9galement attendue : les maximales seront comprises entre 18 et 24\u00b0C et avoisineront les 15\u00b0C sur les hauteurs, ajoute l&rsquo;INM, en indiquant que les pluies seront temporairement intenses et localement importantes sur les r\u00e9gions c\u00f4ti\u00e8res.<\/p>\n\n\n\n<p>Des chutes de gr\u00eale et des coups de foudre localis\u00e9s sont \u00e9galement au programme de ce temps capricieux, qui se poursuivra mardi 28 octobre 2019.<\/p>\n\n\n\n<p style=\"text-align:right\"><strong>Y. N.<\/strong><\/p>\n","protected":false},"excerpt":{"rendered":"<p>L&rsquo;Institut national de la m\u00e9t\u00e9orologie (INM) a indiqu\u00e9 aujourd&rsquo;hui, dimanche 27 octobre 2019, dans une alerte m\u00e9t\u00e9o, que des pluies orageuses et des vents forts sont attendus, d\u00e8s ce soir, dans la plupart des r\u00e9gions. Ce mauvais temps se poursuivra au moins jusqu&rsquo;\u00e0 mardi prochain.<\/p>\n","protected":false},"author":6,"featured_media":0,"comment_status":"open","ping_status":"open","sticky":false,"template":"","format":"standard","meta":{"footnotes":""},"categories":[998,2433],"tags":[7918,64715,483,603,1618,1664,62643,4029],"class_list":["post-250568","post","type-post","status-publish","format-standard","hentry","category-societe","category-tunisie","tag-baisse-temperatures","tag-foudre","tag-inm","tag-meteo","tag-orages","tag-pluies","tag-tunisie","tag-vents"],"yoast_head":"<!-- This site is optimized with the Yoast SEO plugin v26.6 - https:\/\/yoast.com\/wordpress\/plugins\/seo\/ -->\n<title>Alerte m\u00e9t\u00e9o : Pluies, vents et baisse des temp\u00e9ratures dans la plupart des r\u00e9gions - Kapitalis<\/title>\n<meta name=\"robots\" content=\"index, follow, max-snippet:-1, max-image-preview:large, max-video-preview:-1\" \/>\n<link rel=\"canonical\" href=\"https:\/\/kapitalis.com\/tunisie\/2019\/10\/27\/alerte-meteo-pluies-vents-et-baisse-des-temperatures-dans-la-plupart-des-regions\/\" \/>\n<meta property=\"og:locale\" content=\"fr_FR\" \/>\n<meta property=\"og:type\" content=\"article\" \/>\n<meta property=\"og:title\" content=\"Alerte m\u00e9t\u00e9o : Pluies, vents et baisse des temp\u00e9ratures dans la plupart des r\u00e9gions - Kapitalis\" \/>\n<meta property=\"og:description\" content=\"L&rsquo;Institut national de la m\u00e9t\u00e9orologie (INM) a indiqu\u00e9 aujourd&rsquo;hui, dimanche 27 octobre 2019, dans une alerte m\u00e9t\u00e9o, que des pluies orageuses et des vents forts sont attendus, d\u00e8s ce soir, dans la plupart des r\u00e9gions. Ce mauvais temps se poursuivra au moins jusqu&rsquo;\u00e0 mardi prochain.\" \/>\n<meta property=\"og:url\" content=\"https:\/\/kapitalis.com\/tunisie\/2019\/10\/27\/alerte-meteo-pluies-vents-et-baisse-des-temperatures-dans-la-plupart-des-regions\/\" \/>\n<meta property=\"og:site_name\" content=\"Kapitalis\" \/>\n<meta property=\"article:publisher\" content=\"https:\/\/www.facebook.com\/KapitalisInfo\/\" \/>\n<meta property=\"article:published_time\" content=\"2019-10-27T20:53:24+00:00\" \/>\n<meta property=\"article:modified_time\" content=\"2019-10-28T07:51:19+00:00\" \/>\n<meta property=\"og:image\" content=\"https:\/\/kapitalis.com\/tunisie\/wp-content\/uploads\/2022\/05\/kapitalis-logo-fb.png\" \/>\n\t<meta property=\"og:image:width\" content=\"1200\" \/>\n\t<meta property=\"og:image:height\" content=\"630\" \/>\n\t<meta property=\"og:image:type\" content=\"image\/png\" \/>\n<meta name=\"author\" content=\"Yusra NY\" \/>\n<meta name=\"twitter:card\" content=\"summary_large_image\" \/>\n<meta name=\"twitter:creator\" content=\"@KapitalisInfo\" \/>\n<meta name=\"twitter:site\" content=\"@KapitalisInfo\" \/>\n<meta name=\"twitter:label1\" content=\"\u00c9crit par\" \/>\n\t<meta name=\"twitter:data1\" content=\"Yusra NY\" \/>\n\t<meta name=\"twitter:label2\" content=\"Dur\u00e9e de lecture estim\u00e9e\" \/>\n\t<meta name=\"twitter:data2\" content=\"1 minute\" \/>\n<script type=\"application\/ld+json\" class=\"yoast-schema-graph\">{\"@context\":\"https:\/\/schema.org\",\"@graph\":[{\"@type\":\"Article\",\"@id\":\"https:\/\/kapitalis.com\/tunisie\/2019\/10\/27\/alerte-meteo-pluies-vents-et-baisse-des-temperatures-dans-la-plupart-des-regions\/#article\",\"isPartOf\":{\"@id\":\"https:\/\/kapitalis.com\/tunisie\/2019\/10\/27\/alerte-meteo-pluies-vents-et-baisse-des-temperatures-dans-la-plupart-des-regions\/\"},\"author\":{\"name\":\"Yusra NY\",\"@id\":\"https:\/\/kapitalis.com\/tunisie\/#\/schema\/person\/74bbde0154d49d790a92aaeac5bc01d5\"},\"headline\":\"Alerte m\u00e9t\u00e9o : Pluies, vents et baisse des temp\u00e9ratures dans la plupart des r\u00e9gions\",\"datePublished\":\"2019-10-27T20:53:24+00:00\",\"dateModified\":\"2019-10-28T07:51:19+00:00\",\"mainEntityOfPage\":{\"@id\":\"https:\/\/kapitalis.com\/tunisie\/2019\/10\/27\/alerte-meteo-pluies-vents-et-baisse-des-temperatures-dans-la-plupart-des-regions\/\"},\"wordCount\":135,\"commentCount\":1,\"publisher\":{\"@id\":\"https:\/\/kapitalis.com\/tunisie\/#organization\"},\"keywords\":[\"baisse temp\u00e9ratures\",\"foudre\",\"INM\",\"m\u00e9t\u00e9o\",\"orages\",\"pluies\",\"Tunisie\",\"vents\"],\"articleSection\":[\"SOCIETE\",\"Tunisie\"],\"inLanguage\":\"fr-FR\",\"potentialAction\":[{\"@type\":\"CommentAction\",\"name\":\"Comment\",\"target\":[\"https:\/\/kapitalis.com\/tunisie\/2019\/10\/27\/alerte-meteo-pluies-vents-et-baisse-des-temperatures-dans-la-plupart-des-regions\/#respond\"]}]},{\"@type\":\"WebPage\",\"@id\":\"https:\/\/kapitalis.com\/tunisie\/2019\/10\/27\/alerte-meteo-pluies-vents-et-baisse-des-temperatures-dans-la-plupart-des-regions\/\",\"url\":\"https:\/\/kapitalis.com\/tunisie\/2019\/10\/27\/alerte-meteo-pluies-vents-et-baisse-des-temperatures-dans-la-plupart-des-regions\/\",\"name\":\"Alerte m\u00e9t\u00e9o : Pluies, vents et baisse des temp\u00e9ratures dans la plupart des r\u00e9gions - Kapitalis\",\"isPartOf\":{\"@id\":\"https:\/\/kapitalis.com\/tunisie\/#website\"},\"datePublished\":\"2019-10-27T20:53:24+00:00\",\"dateModified\":\"2019-10-28T07:51:19+00:00\",\"breadcrumb\":{\"@id\":\"https:\/\/kapitalis.com\/tunisie\/2019\/10\/27\/alerte-meteo-pluies-vents-et-baisse-des-temperatures-dans-la-plupart-des-regions\/#breadcrumb\"},\"inLanguage\":\"fr-FR\",\"potentialAction\":[{\"@type\":\"ReadAction\",\"target\":[\"https:\/\/kapitalis.com\/tunisie\/2019\/10\/27\/alerte-meteo-pluies-vents-et-baisse-des-temperatures-dans-la-plupart-des-regions\/\"]}]},{\"@type\":\"BreadcrumbList\",\"@id\":\"https:\/\/kapitalis.com\/tunisie\/2019\/10\/27\/alerte-meteo-pluies-vents-et-baisse-des-temperatures-dans-la-plupart-des-regions\/#breadcrumb\",\"itemListElement\":[{\"@type\":\"ListItem\",\"position\":1,\"name\":\"Accueil\",\"item\":\"https:\/\/kapitalis.com\/tunisie\/\"},{\"@type\":\"ListItem\",\"position\":2,\"name\":\"Alerte m\u00e9t\u00e9o : Pluies, vents et baisse des temp\u00e9ratures dans la plupart des r\u00e9gions\"}]},{\"@type\":\"WebSite\",\"@id\":\"https:\/\/kapitalis.com\/tunisie\/#website\",\"url\":\"https:\/\/kapitalis.com\/tunisie\/\",\"name\":\"Kapitalis\",\"description\":\"L&#039;actualit\u00e9 en Tunisie et dans le monde\",\"publisher\":{\"@id\":\"https:\/\/kapitalis.com\/tunisie\/#organization\"},\"potentialAction\":[{\"@type\":\"SearchAction\",\"target\":{\"@type\":\"EntryPoint\",\"urlTemplate\":\"https:\/\/kapitalis.com\/tunisie\/?s={search_term_string}\"},\"query-input\":{\"@type\":\"PropertyValueSpecification\",\"valueRequired\":true,\"valueName\":\"search_term_string\"}}],\"inLanguage\":\"fr-FR\"},{\"@type\":\"Organization\",\"@id\":\"https:\/\/kapitalis.com\/tunisie\/#organization\",\"name\":\"Kapitalis\",\"url\":\"https:\/\/kapitalis.com\/tunisie\/\",\"logo\":{\"@type\":\"ImageObject\",\"inLanguage\":\"fr-FR\",\"@id\":\"https:\/\/kapitalis.com\/tunisie\/#\/schema\/logo\/image\/\",\"url\":\"https:\/\/kapitalis.com\/tunisie\/wp-content\/uploads\/2022\/05\/Kapitalis-big-size.png\",\"contentUrl\":\"https:\/\/kapitalis.com\/tunisie\/wp-content\/uploads\/2022\/05\/Kapitalis-big-size.png\",\"width\":5000,\"height\":1500,\"caption\":\"Kapitalis\"},\"image\":{\"@id\":\"https:\/\/kapitalis.com\/tunisie\/#\/schema\/logo\/image\/\"},\"sameAs\":[\"https:\/\/www.facebook.com\/KapitalisInfo\/\",\"https:\/\/x.com\/KapitalisInfo\",\"https:\/\/www.youtube.com\/channel\/UC-yDYrHyfFBWWZaOw3FPg9Q\"]},{\"@type\":\"Person\",\"@id\":\"https:\/\/kapitalis.com\/tunisie\/#\/schema\/person\/74bbde0154d49d790a92aaeac5bc01d5\",\"name\":\"Yusra NY\",\"url\":\"https:\/\/kapitalis.com\/tunisie\/author\/yuza_adam\/\"}]}<\/script>\n<!-- \/ Yoast SEO plugin. -->","yoast_head_json":{"title":"Alerte m\u00e9t\u00e9o : Pluies, vents et baisse des temp\u00e9ratures dans la plupart des r\u00e9gions - Kapitalis","robots":{"index":"index","follow":"follow","max-snippet":"max-snippet:-1","max-image-preview":"max-image-preview:large","max-video-preview":"max-video-preview:-1"},"canonical":"https:\/\/kapitalis.com\/tunisie\/2019\/10\/27\/alerte-meteo-pluies-vents-et-baisse-des-temperatures-dans-la-plupart-des-regions\/","og_locale":"fr_FR","og_type":"article","og_title":"Alerte m\u00e9t\u00e9o : Pluies, vents et baisse des temp\u00e9ratures dans la plupart des r\u00e9gions - Kapitalis","og_description":"L&rsquo;Institut national de la m\u00e9t\u00e9orologie (INM) a indiqu\u00e9 aujourd&rsquo;hui, dimanche 27 octobre 2019, dans une alerte m\u00e9t\u00e9o, que des pluies orageuses et des vents forts sont attendus, d\u00e8s ce soir, dans la plupart des r\u00e9gions. Ce mauvais temps se poursuivra au moins jusqu&rsquo;\u00e0 mardi prochain.","og_url":"https:\/\/kapitalis.com\/tunisie\/2019\/10\/27\/alerte-meteo-pluies-vents-et-baisse-des-temperatures-dans-la-plupart-des-regions\/","og_site_name":"Kapitalis","article_publisher":"https:\/\/www.facebook.com\/KapitalisInfo\/","article_published_time":"2019-10-27T20:53:24+00:00","article_modified_time":"2019-10-28T07:51:19+00:00","og_image":[{"width":1200,"height":630,"url":"https:\/\/kapitalis.com\/tunisie\/wp-content\/uploads\/2022\/05\/kapitalis-logo-fb.png","type":"image\/png"}],"author":"Yusra NY","twitter_card":"summary_large_image","twitter_creator":"@KapitalisInfo","twitter_site":"@KapitalisInfo","twitter_misc":{"\u00c9crit par":"Yusra NY","Dur\u00e9e de lecture estim\u00e9e":"1 minute"},"schema":{"@context":"https:\/\/schema.org","@graph":[{"@type":"Article","@id":"https:\/\/kapitalis.com\/tunisie\/2019\/10\/27\/alerte-meteo-pluies-vents-et-baisse-des-temperatures-dans-la-plupart-des-regions\/#article","isPartOf":{"@id":"https:\/\/kapitalis.com\/tunisie\/2019\/10\/27\/alerte-meteo-pluies-vents-et-baisse-des-temperatures-dans-la-plupart-des-regions\/"},"author":{"name":"Yusra NY","@id":"https:\/\/kapitalis.com\/tunisie\/#\/schema\/person\/74bbde0154d49d790a92aaeac5bc01d5"},"headline":"Alerte m\u00e9t\u00e9o : Pluies, vents et baisse des temp\u00e9ratures dans la plupart des r\u00e9gions","datePublished":"2019-10-27T20:53:24+00:00","dateModified":"2019-10-28T07:51:19+00:00","mainEntityOfPage":{"@id":"https:\/\/kapitalis.com\/tunisie\/2019\/10\/27\/alerte-meteo-pluies-vents-et-baisse-des-temperatures-dans-la-plupart-des-regions\/"},"wordCount":135,"commentCount":1,"publisher":{"@id":"https:\/\/kapitalis.com\/tunisie\/#organization"},"keywords":["baisse temp\u00e9ratures","foudre","INM","m\u00e9t\u00e9o","orages","pluies","Tunisie","vents"],"articleSection":["SOCIETE","Tunisie"],"inLanguage":"fr-FR","potentialAction":[{"@type":"CommentAction","name":"Comment","target":["https:\/\/kapitalis.com\/tunisie\/2019\/10\/27\/alerte-meteo-pluies-vents-et-baisse-des-temperatures-dans-la-plupart-des-regions\/#respond"]}]},{"@type":"WebPage","@id":"https:\/\/kapitalis.com\/tunisie\/2019\/10\/27\/alerte-meteo-pluies-vents-et-baisse-des-temperatures-dans-la-plupart-des-regions\/","url":"https:\/\/kapitalis.com\/tunisie\/2019\/10\/27\/alerte-meteo-pluies-vents-et-baisse-des-temperatures-dans-la-plupart-des-regions\/","name":"Alerte m\u00e9t\u00e9o : Pluies, vents et baisse des temp\u00e9ratures dans la plupart des r\u00e9gions - Kapitalis","isPartOf":{"@id":"https:\/\/kapitalis.com\/tunisie\/#website"},"datePublished":"2019-10-27T20:53:24+00:00","dateModified":"2019-10-28T07:51:19+00:00","breadcrumb":{"@id":"https:\/\/kapitalis.com\/tunisie\/2019\/10\/27\/alerte-meteo-pluies-vents-et-baisse-des-temperatures-dans-la-plupart-des-regions\/#breadcrumb"},"inLanguage":"fr-FR","potentialAction":[{"@type":"ReadAction","target":["https:\/\/kapitalis.com\/tunisie\/2019\/10\/27\/alerte-meteo-pluies-vents-et-baisse-des-temperatures-dans-la-plupart-des-regions\/"]}]},{"@type":"BreadcrumbList","@id":"https:\/\/kapitalis.com\/tunisie\/2019\/10\/27\/alerte-meteo-pluies-vents-et-baisse-des-temperatures-dans-la-plupart-des-regions\/#breadcrumb","itemListElement":[{"@type":"ListItem","position":1,"name":"Accueil","item":"https:\/\/kapitalis.com\/tunisie\/"},{"@type":"ListItem","position":2,"name":"Alerte m\u00e9t\u00e9o : Pluies, vents et baisse des temp\u00e9ratures dans la plupart des r\u00e9gions"}]},{"@type":"WebSite","@id":"https:\/\/kapitalis.com\/tunisie\/#website","url":"https:\/\/kapitalis.com\/tunisie\/","name":"Kapitalis","description":"L&#039;actualit\u00e9 en Tunisie et dans le monde","publisher":{"@id":"https:\/\/kapitalis.com\/tunisie\/#organization"},"potentialAction":[{"@type":"SearchAction","target":{"@type":"EntryPoint","urlTemplate":"https:\/\/kapitalis.com\/tunisie\/?s={search_term_string}"},"query-input":{"@type":"PropertyValueSpecification","valueRequired":true,"valueName":"search_term_string"}}],"inLanguage":"fr-FR"},{"@type":"Organization","@id":"https:\/\/kapitalis.com\/tunisie\/#organization","name":"Kapitalis","url":"https:\/\/kapitalis.com\/tunisie\/","logo":{"@type":"ImageObject","inLanguage":"fr-FR","@id":"https:\/\/kapitalis.com\/tunisie\/#\/schema\/logo\/image\/","url":"https:\/\/kapitalis.com\/tunisie\/wp-content\/uploads\/2022\/05\/Kapitalis-big-size.png","contentUrl":"https:\/\/kapitalis.com\/tunisie\/wp-content\/uploads\/2022\/05\/Kapitalis-big-size.png","width":5000,"height":1500,"caption":"Kapitalis"},"image":{"@id":"https:\/\/kapitalis.com\/tunisie\/#\/schema\/logo\/image\/"},"sameAs":["https:\/\/www.facebook.com\/KapitalisInfo\/","https:\/\/x.com\/KapitalisInfo","https:\/\/www.youtube.com\/channel\/UC-yDYrHyfFBWWZaOw3FPg9Q"]},{"@type":"Person","@id":"https:\/\/kapitalis.com\/tunisie\/#\/schema\/person\/74bbde0154d49d790a92aaeac5bc01d5","name":"Yusra NY","url":"https:\/\/kapitalis.com\/tunisie\/author\/yuza_adam\/"}]}},"_links":{"self":[{"href":"https:\/\/kapitalis.com\/tunisie\/wp-json\/wp\/v2\/posts\/250568","targetHints":{"allow":["GET"]}}],"collection":[{"href":"https:\/\/kapitalis.com\/tunisie\/wp-json\/wp\/v2\/posts"}],"about":[{"href":"https:\/\/kapitalis.com\/tunisie\/wp-json\/wp\/v2\/types\/post"}],"author":[{"embeddable":true,"href":"https:\/\/kapitalis.com\/tunisie\/wp-json\/wp\/v2\/users\/6"}],"replies":[{"embeddable":true,"href":"https:\/\/kapitalis.com\/tunisie\/wp-json\/wp\/v2\/comments?post=250568"}],"version-history":[{"count":0,"href":"https:\/\/kapitalis.com\/tunisie\/wp-json\/wp\/v2\/posts\/250568\/revisions"}],"wp:attachment":[{"href":"https:\/\/kapitalis.com\/tunisie\/wp-json\/wp\/v2\/media?parent=250568"}],"wp:term":[{"taxonomy":"category","embeddable":true,"href":"https:\/\/kapitalis.com\/tunisie\/wp-json\/wp\/v2\/categories?post=250568"},{"taxonomy":"post_tag","embeddable":true,"href":"https:\/\/kapitalis.com\/tunisie\/wp-json\/wp\/v2\/tags?post=250568"}],"curies":[{"name":"wp","href":"https:\/\/api.w.org\/{rel}","templated":true}]}}