{"id":25102,"date":"2015-11-14T08:34:17","date_gmt":"2015-11-14T07:34:17","guid":{"rendered":"http:\/\/kapitalis.com\/tunisie\/?p=25102"},"modified":"2015-11-14T09:36:32","modified_gmt":"2015-11-14T08:36:32","slug":"attaques-terroristes-simultanees-a-paris-plus-de-120-morts","status":"publish","type":"post","link":"https:\/\/kapitalis.com\/tunisie\/2015\/11\/14\/attaques-terroristes-simultanees-a-paris-plus-de-120-morts\/","title":{"rendered":"Attaques terroristes simultan\u00e9es \u00e0 Paris : Plus de 120 morts (vid\u00e9o)"},"content":{"rendered":"<p><img loading=\"lazy\" decoding=\"async\" class=\"alignnone size-full wp-image-25103 aligncenter\" src=\"http:\/\/kapitalis.com\/tunisie\/wp-content\/uploads\/2015\/11\/Attaque-Rue-Bichat.jpg\" alt=\"Attaque-Rue-Bichat\" width=\"626\" height=\"380\" \/><\/p>\n<p style=\"text-align: center;\"><em>Une victime de l&rsquo;attaque de la Rue Bichat.<\/em><\/p>\n<p><em><strong>Au moins 120 personnes sont d\u00e9c\u00e9d\u00e9es et 200 ont \u00e9t\u00e9 bless\u00e9es, vendredi soir, dans plusieurs attaques simultan\u00e9es dans divers endroits de Paris.<\/strong><\/em><\/p>\n<p><!--more--><\/p>\n<p>Ces attaques sans pr\u00e9c\u00e9dent ont \u00e9t\u00e9 men\u00e9es dans 7 lieux diff\u00e9rents, tandis que 3 kamikazes se sont fait exploser \u00e0 l&rsquo;ext\u00e9rieur du Stade de France, o\u00f9 se d\u00e9roulait un match amical France-Allemagne, en pr\u00e9sence du pr\u00e9sident Fran\u00e7ois Hollande.<br \/>\n<center><br \/>\n<iframe loading=\"lazy\" frameborder=\"0\" width=\"560\" height=\"315\" src=\"\/\/www.dailymotion.com\/embed\/video\/x3dqzx9\" allowfullscreen><\/iframe><br \/><a href=\"http:\/\/www.dailymotion.com\/video\/x3dqzx9_images-de-la-fusillade-au-bataclan_news\" target=\"_blank\">Images de la fusillade au Bataclan<\/a> <i>par <a href=\"http:\/\/www.dailymotion.com\/lemondefr\" target=\"_blank\">lemondefr<\/a><\/i><br \/>\n<\/center><br \/>\n&nbsp;<br \/>\nSept lieux ont \u00e9t\u00e9 touch\u00e9s: les abords du Stade de France (4 morts, dont 3 terroristes kamikazes), la salle de spectacle Le Bataclan (XIe) au cours d&rsquo;un concert de rock, o\u00f9 on a enregistr\u00e9 le plus grand nombre de morts et de bless\u00e9s (82), un restaurant asiatique rue Bichat (Xe, au moins 12 morts), la rue de Charonne (XIe, 18 morts), l&rsquo;avenue de la R\u00e9publique (XIe, 1 kamikaze mort), le boulevard Beaumarchais (IIIe, IVe, et XIe) et la rue de la Fontaine au roi (XIe).<\/p>\n<p>Dans un bilan provisoire, 8 terroristes pr\u00e9sum\u00e9s sont morts, dont 7 en faisant exploser leurs ceintures explosives, et le 8e ayant \u00e9t\u00e9 tu\u00e9 par les agents alors qu\u2019il essayait d\u2019actionner la sienne. On n&rsquo;\u00e9carte pas la possibilit\u00e9 que d&rsquo;autres soient encore en fuite. Aussi la capitale fran\u00e7aises est-elle boucl\u00e9e et plusieurs arrestations de suspects ont \u00e9t\u00e9 effectu\u00e9es.<\/p>\n<p style=\"text-align: center;\"><img loading=\"lazy\" decoding=\"async\" class=\"alignnone size-full wp-image-25105\" src=\"http:\/\/kapitalis.com\/tunisie\/wp-content\/uploads\/2015\/11\/Attaque-Bataclan.jpg\" alt=\"Attaque-Bataclan\" width=\"500\" height=\"350\" \/><\/p>\n<p style=\"text-align: center;\"><em>Rescap\u00e9e de l&rsquo;attaque et de la prise d&rsquo;otages de la salle de spectacle Le Bataclan.<\/em><\/p>\n<p><em>\u00abC&rsquo;est une horreur\u00bb,<\/em> a d\u00e9clar\u00e9 le pr\u00e9sident de la R\u00e9publique. <em>\u00abCe que les terroristes veulent, c&rsquo;est nous faire peur, nous saisir d&rsquo;effroi. Mais, il y a face \u00e0 l&rsquo;effroi une Nation qui sait se d\u00e9fendre, qui sait mobiliser ses forces, et qui une fois encore saura vaincre les terroristes\u00bb<\/em>, a poursuivi le chef de l&rsquo;Etat lors d&rsquo;une courte allocution depuis l&rsquo;Elys\u00e9e. Il a aussi d\u00e9clar\u00e9 l&rsquo;\u00e9tat d&rsquo;urgence et le renforcement des contr\u00f4les aux fronti\u00e8res.<\/p>\n<p>Parmi les 200 bless\u00e9s, 80 se trouvent dans un \u00e9tat grave.<\/p>\n<p>Les modes op\u00e9ratoires (attentats kamikazes et attaques arm\u00e9es simultan\u00e9es \u00e0 la kalachnikov), ainsi que les premiers t\u00e9moignages des rescap\u00e9s laissent penser qu\u2019il s\u2019agit d\u2019une action terroriste d&rsquo;envergure men\u00e9e par des djihadistes. Au Bataclan, les 4 hommes arm\u00e9s ont ouvert le feu sur les spectateurs aux cris de <em>\u00abAllah Akbar\u00bb<\/em>. L\u2019un d\u2019eux aurait m\u00eame lanc\u00e9 : \u00ab<em>C&rsquo;est la faute de Hollande, c&rsquo;est la faute de votre pr\u00e9sident, il n&rsquo;a pas \u00e0 intervenir en Syrie\u00bb<\/em>.<\/p>\n<p>Ces faits, rapport\u00e9s par les m\u00e9dias, n\u2019ont cependant pas encore \u00e9t\u00e9 confirm\u00e9s par les services de police.<\/p>\n<p style=\"text-align: right;\"><strong>I. B.<\/strong><\/p>\n","protected":false},"excerpt":{"rendered":"<p>Une victime de l&rsquo;attaque de la Rue Bichat. Au moins 120 personnes sont d\u00e9c\u00e9d\u00e9es et 200 ont \u00e9t\u00e9 bless\u00e9es, vendredi soir, dans plusieurs attaques simultan\u00e9es dans divers endroits de Paris.<\/p>\n","protected":false},"author":8,"featured_media":25103,"comment_status":"open","ping_status":"open","sticky":false,"template":"","format":"standard","meta":{"footnotes":""},"categories":[998],"tags":[5053,1364],"class_list":["post-25102","post","type-post","status-publish","format-standard","has-post-thumbnail","hentry","category-societe","tag-francois-hollande","tag-paris"],"yoast_head":"<!-- This site is optimized with the Yoast SEO plugin v26.6 - https:\/\/yoast.com\/wordpress\/plugins\/seo\/ -->\n<title>Attaques terroristes simultan\u00e9es \u00e0 Paris : Plus de 120 morts (vid\u00e9o) - Kapitalis<\/title>\n<meta name=\"robots\" content=\"index, follow, max-snippet:-1, max-image-preview:large, max-video-preview:-1\" \/>\n<link rel=\"canonical\" href=\"https:\/\/kapitalis.com\/tunisie\/2015\/11\/14\/attaques-terroristes-simultanees-a-paris-plus-de-120-morts\/\" \/>\n<meta property=\"og:locale\" content=\"fr_FR\" \/>\n<meta property=\"og:type\" content=\"article\" \/>\n<meta property=\"og:title\" content=\"Attaques terroristes simultan\u00e9es \u00e0 Paris : Plus de 120 morts (vid\u00e9o) - Kapitalis\" \/>\n<meta property=\"og:description\" content=\"Une victime de l&rsquo;attaque de la Rue Bichat. Au moins 120 personnes sont d\u00e9c\u00e9d\u00e9es et 200 ont \u00e9t\u00e9 bless\u00e9es, vendredi soir, dans plusieurs attaques simultan\u00e9es dans divers endroits de Paris.\" \/>\n<meta property=\"og:url\" content=\"https:\/\/kapitalis.com\/tunisie\/2015\/11\/14\/attaques-terroristes-simultanees-a-paris-plus-de-120-morts\/\" \/>\n<meta property=\"og:site_name\" content=\"Kapitalis\" \/>\n<meta property=\"article:publisher\" content=\"https:\/\/www.facebook.com\/KapitalisInfo\/\" \/>\n<meta property=\"article:published_time\" content=\"2015-11-14T07:34:17+00:00\" \/>\n<meta property=\"article:modified_time\" content=\"2015-11-14T08:36:32+00:00\" \/>\n<meta property=\"og:image\" content=\"https:\/\/kapitalis.com\/tunisie\/wp-content\/uploads\/2022\/05\/kapitalis-logo-fb.png\" \/>\n\t<meta property=\"og:image:width\" content=\"1200\" \/>\n\t<meta property=\"og:image:height\" content=\"630\" \/>\n\t<meta property=\"og:image:type\" content=\"image\/png\" \/>\n<meta name=\"author\" content=\"webmaster kapitalis\" \/>\n<meta name=\"twitter:card\" content=\"summary_large_image\" \/>\n<meta name=\"twitter:creator\" content=\"@KapitalisInfo\" \/>\n<meta name=\"twitter:site\" content=\"@KapitalisInfo\" \/>\n<meta name=\"twitter:label1\" content=\"\u00c9crit par\" \/>\n\t<meta name=\"twitter:data1\" content=\"webmaster kapitalis\" \/>\n\t<meta name=\"twitter:label2\" content=\"Dur\u00e9e de lecture estim\u00e9e\" \/>\n\t<meta name=\"twitter:data2\" content=\"2 minutes\" \/>\n<script type=\"application\/ld+json\" class=\"yoast-schema-graph\">{\"@context\":\"https:\/\/schema.org\",\"@graph\":[{\"@type\":\"Article\",\"@id\":\"https:\/\/kapitalis.com\/tunisie\/2015\/11\/14\/attaques-terroristes-simultanees-a-paris-plus-de-120-morts\/#article\",\"isPartOf\":{\"@id\":\"https:\/\/kapitalis.com\/tunisie\/2015\/11\/14\/attaques-terroristes-simultanees-a-paris-plus-de-120-morts\/\"},\"author\":{\"name\":\"webmaster kapitalis\",\"@id\":\"https:\/\/kapitalis.com\/tunisie\/#\/schema\/person\/d71f33a9ca44f7bad4698210b480c8e9\"},\"headline\":\"Attaques terroristes simultan\u00e9es \u00e0 Paris : Plus de 120 morts (vid\u00e9o)\",\"datePublished\":\"2015-11-14T07:34:17+00:00\",\"dateModified\":\"2015-11-14T08:36:32+00:00\",\"mainEntityOfPage\":{\"@id\":\"https:\/\/kapitalis.com\/tunisie\/2015\/11\/14\/attaques-terroristes-simultanees-a-paris-plus-de-120-morts\/\"},\"wordCount\":455,\"commentCount\":3,\"publisher\":{\"@id\":\"https:\/\/kapitalis.com\/tunisie\/#organization\"},\"image\":{\"@id\":\"https:\/\/kapitalis.com\/tunisie\/2015\/11\/14\/attaques-terroristes-simultanees-a-paris-plus-de-120-morts\/#primaryimage\"},\"thumbnailUrl\":\"\",\"keywords\":[\"Fran\u00e7ois Hollande\",\"Paris\"],\"articleSection\":[\"SOCIETE\"],\"inLanguage\":\"fr-FR\",\"potentialAction\":[{\"@type\":\"CommentAction\",\"name\":\"Comment\",\"target\":[\"https:\/\/kapitalis.com\/tunisie\/2015\/11\/14\/attaques-terroristes-simultanees-a-paris-plus-de-120-morts\/#respond\"]}]},{\"@type\":\"WebPage\",\"@id\":\"https:\/\/kapitalis.com\/tunisie\/2015\/11\/14\/attaques-terroristes-simultanees-a-paris-plus-de-120-morts\/\",\"url\":\"https:\/\/kapitalis.com\/tunisie\/2015\/11\/14\/attaques-terroristes-simultanees-a-paris-plus-de-120-morts\/\",\"name\":\"Attaques terroristes simultan\u00e9es \u00e0 Paris : Plus de 120 morts (vid\u00e9o) - Kapitalis\",\"isPartOf\":{\"@id\":\"https:\/\/kapitalis.com\/tunisie\/#website\"},\"primaryImageOfPage\":{\"@id\":\"https:\/\/kapitalis.com\/tunisie\/2015\/11\/14\/attaques-terroristes-simultanees-a-paris-plus-de-120-morts\/#primaryimage\"},\"image\":{\"@id\":\"https:\/\/kapitalis.com\/tunisie\/2015\/11\/14\/attaques-terroristes-simultanees-a-paris-plus-de-120-morts\/#primaryimage\"},\"thumbnailUrl\":\"\",\"datePublished\":\"2015-11-14T07:34:17+00:00\",\"dateModified\":\"2015-11-14T08:36:32+00:00\",\"breadcrumb\":{\"@id\":\"https:\/\/kapitalis.com\/tunisie\/2015\/11\/14\/attaques-terroristes-simultanees-a-paris-plus-de-120-morts\/#breadcrumb\"},\"inLanguage\":\"fr-FR\",\"potentialAction\":[{\"@type\":\"ReadAction\",\"target\":[\"https:\/\/kapitalis.com\/tunisie\/2015\/11\/14\/attaques-terroristes-simultanees-a-paris-plus-de-120-morts\/\"]}]},{\"@type\":\"ImageObject\",\"inLanguage\":\"fr-FR\",\"@id\":\"https:\/\/kapitalis.com\/tunisie\/2015\/11\/14\/attaques-terroristes-simultanees-a-paris-plus-de-120-morts\/#primaryimage\",\"url\":\"\",\"contentUrl\":\"\"},{\"@type\":\"BreadcrumbList\",\"@id\":\"https:\/\/kapitalis.com\/tunisie\/2015\/11\/14\/attaques-terroristes-simultanees-a-paris-plus-de-120-morts\/#breadcrumb\",\"itemListElement\":[{\"@type\":\"ListItem\",\"position\":1,\"name\":\"Accueil\",\"item\":\"https:\/\/kapitalis.com\/tunisie\/\"},{\"@type\":\"ListItem\",\"position\":2,\"name\":\"Attaques terroristes simultan\u00e9es \u00e0 Paris : Plus de 120 morts (vid\u00e9o)\"}]},{\"@type\":\"WebSite\",\"@id\":\"https:\/\/kapitalis.com\/tunisie\/#website\",\"url\":\"https:\/\/kapitalis.com\/tunisie\/\",\"name\":\"Kapitalis\",\"description\":\"L&#039;actualit\u00e9 en Tunisie et dans le monde\",\"publisher\":{\"@id\":\"https:\/\/kapitalis.com\/tunisie\/#organization\"},\"potentialAction\":[{\"@type\":\"SearchAction\",\"target\":{\"@type\":\"EntryPoint\",\"urlTemplate\":\"https:\/\/kapitalis.com\/tunisie\/?s={search_term_string}\"},\"query-input\":{\"@type\":\"PropertyValueSpecification\",\"valueRequired\":true,\"valueName\":\"search_term_string\"}}],\"inLanguage\":\"fr-FR\"},{\"@type\":\"Organization\",\"@id\":\"https:\/\/kapitalis.com\/tunisie\/#organization\",\"name\":\"Kapitalis\",\"url\":\"https:\/\/kapitalis.com\/tunisie\/\",\"logo\":{\"@type\":\"ImageObject\",\"inLanguage\":\"fr-FR\",\"@id\":\"https:\/\/kapitalis.com\/tunisie\/#\/schema\/logo\/image\/\",\"url\":\"https:\/\/kapitalis.com\/tunisie\/wp-content\/uploads\/2022\/05\/Kapitalis-big-size.png\",\"contentUrl\":\"https:\/\/kapitalis.com\/tunisie\/wp-content\/uploads\/2022\/05\/Kapitalis-big-size.png\",\"width\":5000,\"height\":1500,\"caption\":\"Kapitalis\"},\"image\":{\"@id\":\"https:\/\/kapitalis.com\/tunisie\/#\/schema\/logo\/image\/\"},\"sameAs\":[\"https:\/\/www.facebook.com\/KapitalisInfo\/\",\"https:\/\/x.com\/KapitalisInfo\",\"https:\/\/www.youtube.com\/channel\/UC-yDYrHyfFBWWZaOw3FPg9Q\"]},{\"@type\":\"Person\",\"@id\":\"https:\/\/kapitalis.com\/tunisie\/#\/schema\/person\/d71f33a9ca44f7bad4698210b480c8e9\",\"name\":\"webmaster kapitalis\",\"url\":\"https:\/\/kapitalis.com\/tunisie\/author\/webmaster-kapitalis\/\"}]}<\/script>\n<!-- \/ Yoast SEO plugin. -->","yoast_head_json":{"title":"Attaques terroristes simultan\u00e9es \u00e0 Paris : Plus de 120 morts (vid\u00e9o) - Kapitalis","robots":{"index":"index","follow":"follow","max-snippet":"max-snippet:-1","max-image-preview":"max-image-preview:large","max-video-preview":"max-video-preview:-1"},"canonical":"https:\/\/kapitalis.com\/tunisie\/2015\/11\/14\/attaques-terroristes-simultanees-a-paris-plus-de-120-morts\/","og_locale":"fr_FR","og_type":"article","og_title":"Attaques terroristes simultan\u00e9es \u00e0 Paris : Plus de 120 morts (vid\u00e9o) - Kapitalis","og_description":"Une victime de l&rsquo;attaque de la Rue Bichat. Au moins 120 personnes sont d\u00e9c\u00e9d\u00e9es et 200 ont \u00e9t\u00e9 bless\u00e9es, vendredi soir, dans plusieurs attaques simultan\u00e9es dans divers endroits de Paris.","og_url":"https:\/\/kapitalis.com\/tunisie\/2015\/11\/14\/attaques-terroristes-simultanees-a-paris-plus-de-120-morts\/","og_site_name":"Kapitalis","article_publisher":"https:\/\/www.facebook.com\/KapitalisInfo\/","article_published_time":"2015-11-14T07:34:17+00:00","article_modified_time":"2015-11-14T08:36:32+00:00","og_image":[{"width":1200,"height":630,"url":"https:\/\/kapitalis.com\/tunisie\/wp-content\/uploads\/2022\/05\/kapitalis-logo-fb.png","type":"image\/png"}],"author":"webmaster kapitalis","twitter_card":"summary_large_image","twitter_creator":"@KapitalisInfo","twitter_site":"@KapitalisInfo","twitter_misc":{"\u00c9crit par":"webmaster kapitalis","Dur\u00e9e de lecture estim\u00e9e":"2 minutes"},"schema":{"@context":"https:\/\/schema.org","@graph":[{"@type":"Article","@id":"https:\/\/kapitalis.com\/tunisie\/2015\/11\/14\/attaques-terroristes-simultanees-a-paris-plus-de-120-morts\/#article","isPartOf":{"@id":"https:\/\/kapitalis.com\/tunisie\/2015\/11\/14\/attaques-terroristes-simultanees-a-paris-plus-de-120-morts\/"},"author":{"name":"webmaster kapitalis","@id":"https:\/\/kapitalis.com\/tunisie\/#\/schema\/person\/d71f33a9ca44f7bad4698210b480c8e9"},"headline":"Attaques terroristes simultan\u00e9es \u00e0 Paris : Plus de 120 morts (vid\u00e9o)","datePublished":"2015-11-14T07:34:17+00:00","dateModified":"2015-11-14T08:36:32+00:00","mainEntityOfPage":{"@id":"https:\/\/kapitalis.com\/tunisie\/2015\/11\/14\/attaques-terroristes-simultanees-a-paris-plus-de-120-morts\/"},"wordCount":455,"commentCount":3,"publisher":{"@id":"https:\/\/kapitalis.com\/tunisie\/#organization"},"image":{"@id":"https:\/\/kapitalis.com\/tunisie\/2015\/11\/14\/attaques-terroristes-simultanees-a-paris-plus-de-120-morts\/#primaryimage"},"thumbnailUrl":"","keywords":["Fran\u00e7ois Hollande","Paris"],"articleSection":["SOCIETE"],"inLanguage":"fr-FR","potentialAction":[{"@type":"CommentAction","name":"Comment","target":["https:\/\/kapitalis.com\/tunisie\/2015\/11\/14\/attaques-terroristes-simultanees-a-paris-plus-de-120-morts\/#respond"]}]},{"@type":"WebPage","@id":"https:\/\/kapitalis.com\/tunisie\/2015\/11\/14\/attaques-terroristes-simultanees-a-paris-plus-de-120-morts\/","url":"https:\/\/kapitalis.com\/tunisie\/2015\/11\/14\/attaques-terroristes-simultanees-a-paris-plus-de-120-morts\/","name":"Attaques terroristes simultan\u00e9es \u00e0 Paris : Plus de 120 morts (vid\u00e9o) - Kapitalis","isPartOf":{"@id":"https:\/\/kapitalis.com\/tunisie\/#website"},"primaryImageOfPage":{"@id":"https:\/\/kapitalis.com\/tunisie\/2015\/11\/14\/attaques-terroristes-simultanees-a-paris-plus-de-120-morts\/#primaryimage"},"image":{"@id":"https:\/\/kapitalis.com\/tunisie\/2015\/11\/14\/attaques-terroristes-simultanees-a-paris-plus-de-120-morts\/#primaryimage"},"thumbnailUrl":"","datePublished":"2015-11-14T07:34:17+00:00","dateModified":"2015-11-14T08:36:32+00:00","breadcrumb":{"@id":"https:\/\/kapitalis.com\/tunisie\/2015\/11\/14\/attaques-terroristes-simultanees-a-paris-plus-de-120-morts\/#breadcrumb"},"inLanguage":"fr-FR","potentialAction":[{"@type":"ReadAction","target":["https:\/\/kapitalis.com\/tunisie\/2015\/11\/14\/attaques-terroristes-simultanees-a-paris-plus-de-120-morts\/"]}]},{"@type":"ImageObject","inLanguage":"fr-FR","@id":"https:\/\/kapitalis.com\/tunisie\/2015\/11\/14\/attaques-terroristes-simultanees-a-paris-plus-de-120-morts\/#primaryimage","url":"","contentUrl":""},{"@type":"BreadcrumbList","@id":"https:\/\/kapitalis.com\/tunisie\/2015\/11\/14\/attaques-terroristes-simultanees-a-paris-plus-de-120-morts\/#breadcrumb","itemListElement":[{"@type":"ListItem","position":1,"name":"Accueil","item":"https:\/\/kapitalis.com\/tunisie\/"},{"@type":"ListItem","position":2,"name":"Attaques terroristes simultan\u00e9es \u00e0 Paris : Plus de 120 morts (vid\u00e9o)"}]},{"@type":"WebSite","@id":"https:\/\/kapitalis.com\/tunisie\/#website","url":"https:\/\/kapitalis.com\/tunisie\/","name":"Kapitalis","description":"L&#039;actualit\u00e9 en Tunisie et dans le monde","publisher":{"@id":"https:\/\/kapitalis.com\/tunisie\/#organization"},"potentialAction":[{"@type":"SearchAction","target":{"@type":"EntryPoint","urlTemplate":"https:\/\/kapitalis.com\/tunisie\/?s={search_term_string}"},"query-input":{"@type":"PropertyValueSpecification","valueRequired":true,"valueName":"search_term_string"}}],"inLanguage":"fr-FR"},{"@type":"Organization","@id":"https:\/\/kapitalis.com\/tunisie\/#organization","name":"Kapitalis","url":"https:\/\/kapitalis.com\/tunisie\/","logo":{"@type":"ImageObject","inLanguage":"fr-FR","@id":"https:\/\/kapitalis.com\/tunisie\/#\/schema\/logo\/image\/","url":"https:\/\/kapitalis.com\/tunisie\/wp-content\/uploads\/2022\/05\/Kapitalis-big-size.png","contentUrl":"https:\/\/kapitalis.com\/tunisie\/wp-content\/uploads\/2022\/05\/Kapitalis-big-size.png","width":5000,"height":1500,"caption":"Kapitalis"},"image":{"@id":"https:\/\/kapitalis.com\/tunisie\/#\/schema\/logo\/image\/"},"sameAs":["https:\/\/www.facebook.com\/KapitalisInfo\/","https:\/\/x.com\/KapitalisInfo","https:\/\/www.youtube.com\/channel\/UC-yDYrHyfFBWWZaOw3FPg9Q"]},{"@type":"Person","@id":"https:\/\/kapitalis.com\/tunisie\/#\/schema\/person\/d71f33a9ca44f7bad4698210b480c8e9","name":"webmaster kapitalis","url":"https:\/\/kapitalis.com\/tunisie\/author\/webmaster-kapitalis\/"}]}},"_links":{"self":[{"href":"https:\/\/kapitalis.com\/tunisie\/wp-json\/wp\/v2\/posts\/25102","targetHints":{"allow":["GET"]}}],"collection":[{"href":"https:\/\/kapitalis.com\/tunisie\/wp-json\/wp\/v2\/posts"}],"about":[{"href":"https:\/\/kapitalis.com\/tunisie\/wp-json\/wp\/v2\/types\/post"}],"author":[{"embeddable":true,"href":"https:\/\/kapitalis.com\/tunisie\/wp-json\/wp\/v2\/users\/8"}],"replies":[{"embeddable":true,"href":"https:\/\/kapitalis.com\/tunisie\/wp-json\/wp\/v2\/comments?post=25102"}],"version-history":[{"count":0,"href":"https:\/\/kapitalis.com\/tunisie\/wp-json\/wp\/v2\/posts\/25102\/revisions"}],"wp:featuredmedia":[{"embeddable":true,"href":"https:\/\/kapitalis.com\/tunisie\/wp-json\/wp\/v2\/media\/25103"}],"wp:attachment":[{"href":"https:\/\/kapitalis.com\/tunisie\/wp-json\/wp\/v2\/media?parent=25102"}],"wp:term":[{"taxonomy":"category","embeddable":true,"href":"https:\/\/kapitalis.com\/tunisie\/wp-json\/wp\/v2\/categories?post=25102"},{"taxonomy":"post_tag","embeddable":true,"href":"https:\/\/kapitalis.com\/tunisie\/wp-json\/wp\/v2\/tags?post=25102"}],"curies":[{"name":"wp","href":"https:\/\/api.w.org\/{rel}","templated":true}]}}