{"id":251292,"date":"2019-10-30T10:34:48","date_gmt":"2019-10-30T09:34:48","guid":{"rendered":"http:\/\/kapitalis.com\/tunisie\/?p=251292"},"modified":"2019-10-30T10:38:39","modified_gmt":"2019-10-30T09:38:39","slug":"gel-des-avoirs-des-freres-mabrouk-la-justice-suisse-declare-irrecevable-le-recours-en-appel-de-la-tunisie","status":"publish","type":"post","link":"https:\/\/kapitalis.com\/tunisie\/2019\/10\/30\/gel-des-avoirs-des-freres-mabrouk-la-justice-suisse-declare-irrecevable-le-recours-en-appel-de-la-tunisie\/","title":{"rendered":"Gel des avoirs des fr\u00e8res Mabrouk : La justice suisse d\u00e9clare irrecevable le recours en appel de la Tunisie"},"content":{"rendered":"\n<figure class=\"wp-block-image\"><img decoding=\"async\" src=\"http:\/\/kapitalis.com\/tunisie\/wp-content\/uploads\/2019\/10\/Tribunal-penal-federal-Suisse.jpg\" alt=\"\" class=\"wp-image-251300\"\/><figcaption><em>Tribunal p\u00e9nal f\u00e9d\u00e9ral suisse. <\/em><\/figcaption><\/figure>\n\n\n\n<p><strong><em>Le Tribunal p\u00e9nal f\u00e9d\u00e9ral suisse a rejet\u00e9 un appel soumis par les autorit\u00e9s tunisiennes aupr\u00e8s de la justice helv\u00e9tique aux fins de prolonger le gel des avoirs des trois fr\u00e8res Mabrouk qui auraient des liens avec l\u2019ancien pr\u00e9sident tunisien Zine El-Abidine Ben Ali.<\/em><\/strong> <strong><em>Affaire class\u00e9e sans suites pour preuves insuffisantes. <\/em><\/strong><\/p>\n\n\n\n<!--more-->\n\n\n\n<p>Dans un \u00e9ni\u00e8me \u00e9pisode de l\u2019interminable feuilleton de la restitution des biens mal acquis de Ben Ali, ses proches et associ\u00e9s, la Cour p\u00e9nale de Bellinzone, chef-lieu suisse du canton du Tessin, a d\u00e9cid\u00e9 hier, mardi 29 octobre 2019, de clore d\u00e9finitivement le dossier du proc\u00e8s intent\u00e9 par l\u2019Etat tunisien contre les fr\u00e8res Mabrouk (Marouane, Mohamed Ali et Isma\u00efl) pour <em>\u00abbiens mal acquis.\u00bb  <\/em><\/p>\n\n\n\n<p> Alors que les comptes bancaires de Mohamed Ali et Isma\u00efl Mabrouk n\u2019ont plus \u00e9t\u00e9 gel\u00e9s depuis 2014, la proc\u00e9dure judiciaire a \u00e9t\u00e9 maintenue \u00e0 l\u2019encontre de Marouane Mabrouk \u2013 qui a \u00e9t\u00e9 le gendre de feu Ben Ali \u2013 pour une plus ample enqu\u00eate du Bureau du Procureur g\u00e9n\u00e9ral suisse, jusqu\u2019en 2017, date \u00e0 laquelle le dossier a \u00e9t\u00e9<em> \u00abclass\u00e9 sans suites pour preuves insuffisantes.\u00bb<\/em><\/p>\n\n\n\n<p> La d\u00e9cision prise, hier, par le Tribunal p\u00e9nal f\u00e9d\u00e9ral suisse rejette donc le recours d\u00e9pos\u00e9 par les autorit\u00e9s tunisiennes faisant appel du jugement de 2017 et r\u00e9it\u00e8re l\u2019argument qu\u2019il y a, dans la plainte tunisienne <em>\u00abun manque flagrant de preuves\u00bb<\/em> incriminant Marouane Mabrouk qui, selon la Cour, \u00e9tait<em> \u00abvis\u00e9 essentiellement parce qu\u2019il \u00e9tait l\u2019\u00e9poux de la fille du pr\u00e9sident d\u00e9chu\u2026\u00bb<\/em><\/p>\n\n\n\n<p> De plus, les juges suisses ont estim\u00e9 que l\u2019enqu\u00eate men\u00e9e par l\u2019Etat tunisien et le dossier ainsi constitu\u00e9 contre les fr\u00e8res Mabrouk n\u2019ont pas \u00e9t\u00e9 probants. A titre d\u2019exemple, ils citent le fait que certains des documents fournis \u00e0 la justice suisse ont \u00e9t\u00e9 r\u00e9dig\u00e9s en arabe \u2013 et non pas dans une des langues suisses \u2013 et, par cons\u00e9quent, ne pouvaient \u00eatre consid\u00e9r\u00e9s comme des preuves\u2026<\/p>\n\n\n\n<p> Bref, Marouane Mabrouk est d\u00e9sormais blanchi, pourra disposer de ses biens et a droit de circuler librement \u2013 lui dont le nom ne figurait plus sur la liste noire de l\u2019Union europ\u00e9enne.<\/p>\n\n\n\n<p> Par contre, les avoirs et biens de Ben Ali sont encore soumis par la justice suisse \u00e0 la d\u00e9cision de gel.<\/p>\n\n\n\n<p style=\"text-align:right\"><strong> Marwan Chahla<\/strong><\/p>\n","protected":false},"excerpt":{"rendered":"<p>Le Tribunal p\u00e9nal f\u00e9d\u00e9ral suisse a rejet\u00e9 un appel soumis par les autorit\u00e9s tunisiennes aupr\u00e8s de la justice helv\u00e9tique aux fins de prolonger le gel des avoirs des trois fr\u00e8res Mabrouk qui auraient des liens avec l\u2019ancien pr\u00e9sident tunisien Zine El-Abidine Ben Ali. Affaire class\u00e9e sans suites pour preuves insuffisantes.<\/p>\n","protected":false},"author":25,"featured_media":251300,"comment_status":"open","ping_status":"open","sticky":false,"template":"","format":"standard","meta":{"footnotes":""},"categories":[995,2433],"tags":[140,33720,23398,866],"class_list":["post-251292","post","type-post","status-publish","format-standard","has-post-thumbnail","hentry","category-economie","category-tunisie","tag-ben-ali","tag-gel-des-avoirs","tag-marouane-mabrouk","tag-suisse"],"yoast_head":"<!-- This site is optimized with the Yoast SEO plugin v26.6 - https:\/\/yoast.com\/wordpress\/plugins\/seo\/ -->\n<title>Gel des avoirs des fr\u00e8res Mabrouk : La justice suisse d\u00e9clare irrecevable le recours en appel de la Tunisie - Kapitalis<\/title>\n<meta name=\"robots\" content=\"index, follow, max-snippet:-1, max-image-preview:large, max-video-preview:-1\" \/>\n<link rel=\"canonical\" href=\"https:\/\/kapitalis.com\/tunisie\/2019\/10\/30\/gel-des-avoirs-des-freres-mabrouk-la-justice-suisse-declare-irrecevable-le-recours-en-appel-de-la-tunisie\/\" \/>\n<meta property=\"og:locale\" content=\"fr_FR\" \/>\n<meta property=\"og:type\" content=\"article\" \/>\n<meta property=\"og:title\" content=\"Gel des avoirs des fr\u00e8res Mabrouk : La justice suisse d\u00e9clare irrecevable le recours en appel de la Tunisie - Kapitalis\" \/>\n<meta property=\"og:description\" content=\"Le Tribunal p\u00e9nal f\u00e9d\u00e9ral suisse a rejet\u00e9 un appel soumis par les autorit\u00e9s tunisiennes aupr\u00e8s de la justice helv\u00e9tique aux fins de prolonger le gel des avoirs des trois fr\u00e8res Mabrouk qui auraient des liens avec l\u2019ancien pr\u00e9sident tunisien Zine El-Abidine Ben Ali. Affaire class\u00e9e sans suites pour preuves insuffisantes.\" \/>\n<meta property=\"og:url\" content=\"https:\/\/kapitalis.com\/tunisie\/2019\/10\/30\/gel-des-avoirs-des-freres-mabrouk-la-justice-suisse-declare-irrecevable-le-recours-en-appel-de-la-tunisie\/\" \/>\n<meta property=\"og:site_name\" content=\"Kapitalis\" \/>\n<meta property=\"article:publisher\" content=\"https:\/\/www.facebook.com\/KapitalisInfo\/\" \/>\n<meta property=\"article:published_time\" content=\"2019-10-30T09:34:48+00:00\" \/>\n<meta property=\"article:modified_time\" content=\"2019-10-30T09:38:39+00:00\" \/>\n<meta property=\"og:image\" content=\"https:\/\/kapitalis.com\/tunisie\/wp-content\/uploads\/2022\/05\/kapitalis-logo-fb.png\" \/>\n\t<meta property=\"og:image:width\" content=\"1200\" \/>\n\t<meta property=\"og:image:height\" content=\"630\" \/>\n\t<meta property=\"og:image:type\" content=\"image\/png\" \/>\n<meta name=\"author\" content=\"Moncef Dhambri\" \/>\n<meta name=\"twitter:card\" content=\"summary_large_image\" \/>\n<meta name=\"twitter:creator\" content=\"@KapitalisInfo\" \/>\n<meta name=\"twitter:site\" content=\"@KapitalisInfo\" \/>\n<meta name=\"twitter:label1\" content=\"\u00c9crit par\" \/>\n\t<meta name=\"twitter:data1\" content=\"Moncef Dhambri\" \/>\n\t<meta name=\"twitter:label2\" content=\"Dur\u00e9e de lecture estim\u00e9e\" \/>\n\t<meta name=\"twitter:data2\" content=\"2 minutes\" \/>\n<script type=\"application\/ld+json\" class=\"yoast-schema-graph\">{\"@context\":\"https:\/\/schema.org\",\"@graph\":[{\"@type\":\"Article\",\"@id\":\"https:\/\/kapitalis.com\/tunisie\/2019\/10\/30\/gel-des-avoirs-des-freres-mabrouk-la-justice-suisse-declare-irrecevable-le-recours-en-appel-de-la-tunisie\/#article\",\"isPartOf\":{\"@id\":\"https:\/\/kapitalis.com\/tunisie\/2019\/10\/30\/gel-des-avoirs-des-freres-mabrouk-la-justice-suisse-declare-irrecevable-le-recours-en-appel-de-la-tunisie\/\"},\"author\":{\"name\":\"Moncef Dhambri\",\"@id\":\"https:\/\/kapitalis.com\/tunisie\/#\/schema\/person\/48fdbea283a929dd284e69d21e31a3d1\"},\"headline\":\"Gel des avoirs des fr\u00e8res Mabrouk : La justice suisse d\u00e9clare irrecevable le recours en appel de la Tunisie\",\"datePublished\":\"2019-10-30T09:34:48+00:00\",\"dateModified\":\"2019-10-30T09:38:39+00:00\",\"mainEntityOfPage\":{\"@id\":\"https:\/\/kapitalis.com\/tunisie\/2019\/10\/30\/gel-des-avoirs-des-freres-mabrouk-la-justice-suisse-declare-irrecevable-le-recours-en-appel-de-la-tunisie\/\"},\"wordCount\":432,\"commentCount\":3,\"publisher\":{\"@id\":\"https:\/\/kapitalis.com\/tunisie\/#organization\"},\"image\":{\"@id\":\"https:\/\/kapitalis.com\/tunisie\/2019\/10\/30\/gel-des-avoirs-des-freres-mabrouk-la-justice-suisse-declare-irrecevable-le-recours-en-appel-de-la-tunisie\/#primaryimage\"},\"thumbnailUrl\":\"\",\"keywords\":[\"Ben Ali\",\"gel des avoirs\",\"Marouane Mabrouk\",\"Suisse\"],\"articleSection\":[\"ECONOMIE\",\"Tunisie\"],\"inLanguage\":\"fr-FR\",\"potentialAction\":[{\"@type\":\"CommentAction\",\"name\":\"Comment\",\"target\":[\"https:\/\/kapitalis.com\/tunisie\/2019\/10\/30\/gel-des-avoirs-des-freres-mabrouk-la-justice-suisse-declare-irrecevable-le-recours-en-appel-de-la-tunisie\/#respond\"]}]},{\"@type\":\"WebPage\",\"@id\":\"https:\/\/kapitalis.com\/tunisie\/2019\/10\/30\/gel-des-avoirs-des-freres-mabrouk-la-justice-suisse-declare-irrecevable-le-recours-en-appel-de-la-tunisie\/\",\"url\":\"https:\/\/kapitalis.com\/tunisie\/2019\/10\/30\/gel-des-avoirs-des-freres-mabrouk-la-justice-suisse-declare-irrecevable-le-recours-en-appel-de-la-tunisie\/\",\"name\":\"Gel des avoirs des fr\u00e8res Mabrouk : La justice suisse d\u00e9clare irrecevable le recours en appel de la Tunisie - Kapitalis\",\"isPartOf\":{\"@id\":\"https:\/\/kapitalis.com\/tunisie\/#website\"},\"primaryImageOfPage\":{\"@id\":\"https:\/\/kapitalis.com\/tunisie\/2019\/10\/30\/gel-des-avoirs-des-freres-mabrouk-la-justice-suisse-declare-irrecevable-le-recours-en-appel-de-la-tunisie\/#primaryimage\"},\"image\":{\"@id\":\"https:\/\/kapitalis.com\/tunisie\/2019\/10\/30\/gel-des-avoirs-des-freres-mabrouk-la-justice-suisse-declare-irrecevable-le-recours-en-appel-de-la-tunisie\/#primaryimage\"},\"thumbnailUrl\":\"\",\"datePublished\":\"2019-10-30T09:34:48+00:00\",\"dateModified\":\"2019-10-30T09:38:39+00:00\",\"breadcrumb\":{\"@id\":\"https:\/\/kapitalis.com\/tunisie\/2019\/10\/30\/gel-des-avoirs-des-freres-mabrouk-la-justice-suisse-declare-irrecevable-le-recours-en-appel-de-la-tunisie\/#breadcrumb\"},\"inLanguage\":\"fr-FR\",\"potentialAction\":[{\"@type\":\"ReadAction\",\"target\":[\"https:\/\/kapitalis.com\/tunisie\/2019\/10\/30\/gel-des-avoirs-des-freres-mabrouk-la-justice-suisse-declare-irrecevable-le-recours-en-appel-de-la-tunisie\/\"]}]},{\"@type\":\"ImageObject\",\"inLanguage\":\"fr-FR\",\"@id\":\"https:\/\/kapitalis.com\/tunisie\/2019\/10\/30\/gel-des-avoirs-des-freres-mabrouk-la-justice-suisse-declare-irrecevable-le-recours-en-appel-de-la-tunisie\/#primaryimage\",\"url\":\"\",\"contentUrl\":\"\"},{\"@type\":\"BreadcrumbList\",\"@id\":\"https:\/\/kapitalis.com\/tunisie\/2019\/10\/30\/gel-des-avoirs-des-freres-mabrouk-la-justice-suisse-declare-irrecevable-le-recours-en-appel-de-la-tunisie\/#breadcrumb\",\"itemListElement\":[{\"@type\":\"ListItem\",\"position\":1,\"name\":\"Accueil\",\"item\":\"https:\/\/kapitalis.com\/tunisie\/\"},{\"@type\":\"ListItem\",\"position\":2,\"name\":\"Gel des avoirs des fr\u00e8res Mabrouk : La justice suisse d\u00e9clare irrecevable le recours en appel de la Tunisie\"}]},{\"@type\":\"WebSite\",\"@id\":\"https:\/\/kapitalis.com\/tunisie\/#website\",\"url\":\"https:\/\/kapitalis.com\/tunisie\/\",\"name\":\"Kapitalis\",\"description\":\"L&#039;actualit\u00e9 en Tunisie et dans le monde\",\"publisher\":{\"@id\":\"https:\/\/kapitalis.com\/tunisie\/#organization\"},\"potentialAction\":[{\"@type\":\"SearchAction\",\"target\":{\"@type\":\"EntryPoint\",\"urlTemplate\":\"https:\/\/kapitalis.com\/tunisie\/?s={search_term_string}\"},\"query-input\":{\"@type\":\"PropertyValueSpecification\",\"valueRequired\":true,\"valueName\":\"search_term_string\"}}],\"inLanguage\":\"fr-FR\"},{\"@type\":\"Organization\",\"@id\":\"https:\/\/kapitalis.com\/tunisie\/#organization\",\"name\":\"Kapitalis\",\"url\":\"https:\/\/kapitalis.com\/tunisie\/\",\"logo\":{\"@type\":\"ImageObject\",\"inLanguage\":\"fr-FR\",\"@id\":\"https:\/\/kapitalis.com\/tunisie\/#\/schema\/logo\/image\/\",\"url\":\"https:\/\/kapitalis.com\/tunisie\/wp-content\/uploads\/2022\/05\/Kapitalis-big-size.png\",\"contentUrl\":\"https:\/\/kapitalis.com\/tunisie\/wp-content\/uploads\/2022\/05\/Kapitalis-big-size.png\",\"width\":5000,\"height\":1500,\"caption\":\"Kapitalis\"},\"image\":{\"@id\":\"https:\/\/kapitalis.com\/tunisie\/#\/schema\/logo\/image\/\"},\"sameAs\":[\"https:\/\/www.facebook.com\/KapitalisInfo\/\",\"https:\/\/x.com\/KapitalisInfo\",\"https:\/\/www.youtube.com\/channel\/UC-yDYrHyfFBWWZaOw3FPg9Q\"]},{\"@type\":\"Person\",\"@id\":\"https:\/\/kapitalis.com\/tunisie\/#\/schema\/person\/48fdbea283a929dd284e69d21e31a3d1\",\"name\":\"Moncef Dhambri\",\"url\":\"https:\/\/kapitalis.com\/tunisie\/author\/moncef\/\"}]}<\/script>\n<!-- \/ Yoast SEO plugin. -->","yoast_head_json":{"title":"Gel des avoirs des fr\u00e8res Mabrouk : La justice suisse d\u00e9clare irrecevable le recours en appel de la Tunisie - Kapitalis","robots":{"index":"index","follow":"follow","max-snippet":"max-snippet:-1","max-image-preview":"max-image-preview:large","max-video-preview":"max-video-preview:-1"},"canonical":"https:\/\/kapitalis.com\/tunisie\/2019\/10\/30\/gel-des-avoirs-des-freres-mabrouk-la-justice-suisse-declare-irrecevable-le-recours-en-appel-de-la-tunisie\/","og_locale":"fr_FR","og_type":"article","og_title":"Gel des avoirs des fr\u00e8res Mabrouk : La justice suisse d\u00e9clare irrecevable le recours en appel de la Tunisie - Kapitalis","og_description":"Le Tribunal p\u00e9nal f\u00e9d\u00e9ral suisse a rejet\u00e9 un appel soumis par les autorit\u00e9s tunisiennes aupr\u00e8s de la justice helv\u00e9tique aux fins de prolonger le gel des avoirs des trois fr\u00e8res Mabrouk qui auraient des liens avec l\u2019ancien pr\u00e9sident tunisien Zine El-Abidine Ben Ali. Affaire class\u00e9e sans suites pour preuves insuffisantes.","og_url":"https:\/\/kapitalis.com\/tunisie\/2019\/10\/30\/gel-des-avoirs-des-freres-mabrouk-la-justice-suisse-declare-irrecevable-le-recours-en-appel-de-la-tunisie\/","og_site_name":"Kapitalis","article_publisher":"https:\/\/www.facebook.com\/KapitalisInfo\/","article_published_time":"2019-10-30T09:34:48+00:00","article_modified_time":"2019-10-30T09:38:39+00:00","og_image":[{"width":1200,"height":630,"url":"https:\/\/kapitalis.com\/tunisie\/wp-content\/uploads\/2022\/05\/kapitalis-logo-fb.png","type":"image\/png"}],"author":"Moncef Dhambri","twitter_card":"summary_large_image","twitter_creator":"@KapitalisInfo","twitter_site":"@KapitalisInfo","twitter_misc":{"\u00c9crit par":"Moncef Dhambri","Dur\u00e9e de lecture estim\u00e9e":"2 minutes"},"schema":{"@context":"https:\/\/schema.org","@graph":[{"@type":"Article","@id":"https:\/\/kapitalis.com\/tunisie\/2019\/10\/30\/gel-des-avoirs-des-freres-mabrouk-la-justice-suisse-declare-irrecevable-le-recours-en-appel-de-la-tunisie\/#article","isPartOf":{"@id":"https:\/\/kapitalis.com\/tunisie\/2019\/10\/30\/gel-des-avoirs-des-freres-mabrouk-la-justice-suisse-declare-irrecevable-le-recours-en-appel-de-la-tunisie\/"},"author":{"name":"Moncef Dhambri","@id":"https:\/\/kapitalis.com\/tunisie\/#\/schema\/person\/48fdbea283a929dd284e69d21e31a3d1"},"headline":"Gel des avoirs des fr\u00e8res Mabrouk : La justice suisse d\u00e9clare irrecevable le recours en appel de la Tunisie","datePublished":"2019-10-30T09:34:48+00:00","dateModified":"2019-10-30T09:38:39+00:00","mainEntityOfPage":{"@id":"https:\/\/kapitalis.com\/tunisie\/2019\/10\/30\/gel-des-avoirs-des-freres-mabrouk-la-justice-suisse-declare-irrecevable-le-recours-en-appel-de-la-tunisie\/"},"wordCount":432,"commentCount":3,"publisher":{"@id":"https:\/\/kapitalis.com\/tunisie\/#organization"},"image":{"@id":"https:\/\/kapitalis.com\/tunisie\/2019\/10\/30\/gel-des-avoirs-des-freres-mabrouk-la-justice-suisse-declare-irrecevable-le-recours-en-appel-de-la-tunisie\/#primaryimage"},"thumbnailUrl":"","keywords":["Ben Ali","gel des avoirs","Marouane Mabrouk","Suisse"],"articleSection":["ECONOMIE","Tunisie"],"inLanguage":"fr-FR","potentialAction":[{"@type":"CommentAction","name":"Comment","target":["https:\/\/kapitalis.com\/tunisie\/2019\/10\/30\/gel-des-avoirs-des-freres-mabrouk-la-justice-suisse-declare-irrecevable-le-recours-en-appel-de-la-tunisie\/#respond"]}]},{"@type":"WebPage","@id":"https:\/\/kapitalis.com\/tunisie\/2019\/10\/30\/gel-des-avoirs-des-freres-mabrouk-la-justice-suisse-declare-irrecevable-le-recours-en-appel-de-la-tunisie\/","url":"https:\/\/kapitalis.com\/tunisie\/2019\/10\/30\/gel-des-avoirs-des-freres-mabrouk-la-justice-suisse-declare-irrecevable-le-recours-en-appel-de-la-tunisie\/","name":"Gel des avoirs des fr\u00e8res Mabrouk : La justice suisse d\u00e9clare irrecevable le recours en appel de la Tunisie - Kapitalis","isPartOf":{"@id":"https:\/\/kapitalis.com\/tunisie\/#website"},"primaryImageOfPage":{"@id":"https:\/\/kapitalis.com\/tunisie\/2019\/10\/30\/gel-des-avoirs-des-freres-mabrouk-la-justice-suisse-declare-irrecevable-le-recours-en-appel-de-la-tunisie\/#primaryimage"},"image":{"@id":"https:\/\/kapitalis.com\/tunisie\/2019\/10\/30\/gel-des-avoirs-des-freres-mabrouk-la-justice-suisse-declare-irrecevable-le-recours-en-appel-de-la-tunisie\/#primaryimage"},"thumbnailUrl":"","datePublished":"2019-10-30T09:34:48+00:00","dateModified":"2019-10-30T09:38:39+00:00","breadcrumb":{"@id":"https:\/\/kapitalis.com\/tunisie\/2019\/10\/30\/gel-des-avoirs-des-freres-mabrouk-la-justice-suisse-declare-irrecevable-le-recours-en-appel-de-la-tunisie\/#breadcrumb"},"inLanguage":"fr-FR","potentialAction":[{"@type":"ReadAction","target":["https:\/\/kapitalis.com\/tunisie\/2019\/10\/30\/gel-des-avoirs-des-freres-mabrouk-la-justice-suisse-declare-irrecevable-le-recours-en-appel-de-la-tunisie\/"]}]},{"@type":"ImageObject","inLanguage":"fr-FR","@id":"https:\/\/kapitalis.com\/tunisie\/2019\/10\/30\/gel-des-avoirs-des-freres-mabrouk-la-justice-suisse-declare-irrecevable-le-recours-en-appel-de-la-tunisie\/#primaryimage","url":"","contentUrl":""},{"@type":"BreadcrumbList","@id":"https:\/\/kapitalis.com\/tunisie\/2019\/10\/30\/gel-des-avoirs-des-freres-mabrouk-la-justice-suisse-declare-irrecevable-le-recours-en-appel-de-la-tunisie\/#breadcrumb","itemListElement":[{"@type":"ListItem","position":1,"name":"Accueil","item":"https:\/\/kapitalis.com\/tunisie\/"},{"@type":"ListItem","position":2,"name":"Gel des avoirs des fr\u00e8res Mabrouk : La justice suisse d\u00e9clare irrecevable le recours en appel de la Tunisie"}]},{"@type":"WebSite","@id":"https:\/\/kapitalis.com\/tunisie\/#website","url":"https:\/\/kapitalis.com\/tunisie\/","name":"Kapitalis","description":"L&#039;actualit\u00e9 en Tunisie et dans le monde","publisher":{"@id":"https:\/\/kapitalis.com\/tunisie\/#organization"},"potentialAction":[{"@type":"SearchAction","target":{"@type":"EntryPoint","urlTemplate":"https:\/\/kapitalis.com\/tunisie\/?s={search_term_string}"},"query-input":{"@type":"PropertyValueSpecification","valueRequired":true,"valueName":"search_term_string"}}],"inLanguage":"fr-FR"},{"@type":"Organization","@id":"https:\/\/kapitalis.com\/tunisie\/#organization","name":"Kapitalis","url":"https:\/\/kapitalis.com\/tunisie\/","logo":{"@type":"ImageObject","inLanguage":"fr-FR","@id":"https:\/\/kapitalis.com\/tunisie\/#\/schema\/logo\/image\/","url":"https:\/\/kapitalis.com\/tunisie\/wp-content\/uploads\/2022\/05\/Kapitalis-big-size.png","contentUrl":"https:\/\/kapitalis.com\/tunisie\/wp-content\/uploads\/2022\/05\/Kapitalis-big-size.png","width":5000,"height":1500,"caption":"Kapitalis"},"image":{"@id":"https:\/\/kapitalis.com\/tunisie\/#\/schema\/logo\/image\/"},"sameAs":["https:\/\/www.facebook.com\/KapitalisInfo\/","https:\/\/x.com\/KapitalisInfo","https:\/\/www.youtube.com\/channel\/UC-yDYrHyfFBWWZaOw3FPg9Q"]},{"@type":"Person","@id":"https:\/\/kapitalis.com\/tunisie\/#\/schema\/person\/48fdbea283a929dd284e69d21e31a3d1","name":"Moncef Dhambri","url":"https:\/\/kapitalis.com\/tunisie\/author\/moncef\/"}]}},"_links":{"self":[{"href":"https:\/\/kapitalis.com\/tunisie\/wp-json\/wp\/v2\/posts\/251292","targetHints":{"allow":["GET"]}}],"collection":[{"href":"https:\/\/kapitalis.com\/tunisie\/wp-json\/wp\/v2\/posts"}],"about":[{"href":"https:\/\/kapitalis.com\/tunisie\/wp-json\/wp\/v2\/types\/post"}],"author":[{"embeddable":true,"href":"https:\/\/kapitalis.com\/tunisie\/wp-json\/wp\/v2\/users\/25"}],"replies":[{"embeddable":true,"href":"https:\/\/kapitalis.com\/tunisie\/wp-json\/wp\/v2\/comments?post=251292"}],"version-history":[{"count":0,"href":"https:\/\/kapitalis.com\/tunisie\/wp-json\/wp\/v2\/posts\/251292\/revisions"}],"wp:featuredmedia":[{"embeddable":true,"href":"https:\/\/kapitalis.com\/tunisie\/wp-json\/wp\/v2\/media\/251300"}],"wp:attachment":[{"href":"https:\/\/kapitalis.com\/tunisie\/wp-json\/wp\/v2\/media?parent=251292"}],"wp:term":[{"taxonomy":"category","embeddable":true,"href":"https:\/\/kapitalis.com\/tunisie\/wp-json\/wp\/v2\/categories?post=251292"},{"taxonomy":"post_tag","embeddable":true,"href":"https:\/\/kapitalis.com\/tunisie\/wp-json\/wp\/v2\/tags?post=251292"}],"curies":[{"name":"wp","href":"https:\/\/api.w.org\/{rel}","templated":true}]}}