{"id":251660,"date":"2019-10-31T16:41:53","date_gmt":"2019-10-31T15:41:53","guid":{"rendered":"http:\/\/kapitalis.com\/tunisie\/?p=251660"},"modified":"2019-10-31T16:41:55","modified_gmt":"2019-10-31T15:41:55","slug":"sotetel-annonce-une-faible-hausse-de-son-chiffre-daffaires-07-au-30-septembre-2019","status":"publish","type":"post","link":"https:\/\/kapitalis.com\/tunisie\/2019\/10\/31\/sotetel-annonce-une-faible-hausse-de-son-chiffre-daffaires-07-au-30-septembre-2019\/","title":{"rendered":"Sotetel annonce une faible hausse de son chiffre d&rsquo;affaires (+0,7%) au 30 septembre 2019"},"content":{"rendered":"\n<figure class=\"wp-block-image\"><img decoding=\"async\" src=\"http:\/\/kapitalis.com\/tunisie\/wp-content\/uploads\/2016\/04\/Sotetel.jpg\" alt=\"\" class=\"wp-image-45536\"\/><\/figure>\n\n\n\n<p><strong><em>La Soci\u00e9t\u00e9 tunisienne d\u2019entreprises de t\u00e9l\u00e9communications (Sotetel,<\/em><\/strong>) <strong><em>a enregistr\u00e9, au cours des 9 premiers mois 2019, une hausse de 0,7% seulement de son chiffre d&rsquo;affaires, qui s&rsquo;est \u00e9tabli \u00e0 31,129 millions de dinars tunisiens (MDT) contre 30,914 MDT \u00e0 la m\u00eame p\u00e9riode en 2018.   <\/em><\/strong><\/p>\n\n\n\n<!--more-->\n\n\n\n<p>Cette modeste performance est principalement due \u00e0 une baisse de -23,5% de son chiffre d&rsquo;affaires r\u00e9alis\u00e9 au 3e trimestre 2019, notamment sur le march\u00e9 local (- 26,1%) qui a \u00e9t\u00e9 impact\u00e9 par le report de 2 appels d&rsquo;offres nationaux.<\/p>\n\n\n\n<p>Par contre, les exportations ont nettement augment\u00e9 de 129,8% au cours des 9 premiers mois 2019, en passant de seulement 768.000 DT aux 9 premiers 2018 \u00e0 1,764 MDT \u00e0 la m\u00eame p\u00e9riode de r\u00e9f\u00e9rence en 2019. <\/p>\n\n\n\n<p>La m\u00eame tendance \u00e0 la hausse a \u00e9t\u00e9 constat\u00e9e \u00e0 l&rsquo;export au 3e trimestre en passant de 372.000 DT (9-2018) \u00e0 508.000 DT (9-2019) soit +36,6% de croissance. <\/p>\n\n\n\n<p>Rappelons que la Sotetel, cr\u00e9\u00e9e en 1981, construit des r\u00e9seaux et des services de t\u00e9l\u00e9communications. Ses activit\u00e9s couvrent l\u2019infrastructure des r\u00e9seaux fixes, radio\u00e9lectriques et mobiles, l\u2019infrastructure des r\u00e9seaux convergents, les solutions des communications, les applications m\u00e9tiers et les solutions d\u2019acc\u00e8s unifi\u00e9s et d\u2019intelligence. <\/p>\n\n\n\n<p>Parmi ses r\u00e9f\u00e9rences, 28.000 Km de fibres optiques, 3.500 sites GSM maintenus, et 200 contrats de maintenance. <\/p>\n\n\n\n<p style=\"text-align:right\"><strong> A. M. <\/strong><\/p>\n","protected":false},"excerpt":{"rendered":"<p>La Soci\u00e9t\u00e9 tunisienne d\u2019entreprises de t\u00e9l\u00e9communications (Sotetel,) a enregistr\u00e9, au cours des 9 premiers mois 2019, une hausse de 0,7% seulement de son chiffre d&rsquo;affaires, qui s&rsquo;est \u00e9tabli \u00e0 31,129 millions de dinars tunisiens (MDT) contre 30,914 MDT \u00e0 la m\u00eame p\u00e9riode en 2018.<\/p>\n","protected":false},"author":22,"featured_media":0,"comment_status":"open","ping_status":"open","sticky":false,"template":"","format":"standard","meta":{"footnotes":""},"categories":[995,2433],"tags":[66561,61529,2826,9338],"class_list":["post-251660","post","type-post","status-publish","format-standard","hentry","category-economie","category-tunisie","tag-9-premiers-mois-2019","tag-chiffre-daffaires-a-la-hausse","tag-sotetel","tag-telecommunications"],"yoast_head":"<!-- This site is optimized with the Yoast SEO plugin v26.6 - https:\/\/yoast.com\/wordpress\/plugins\/seo\/ -->\n<title>Sotetel annonce une faible hausse de son chiffre d&#039;affaires (+0,7%) au 30 septembre 2019 - Kapitalis<\/title>\n<meta name=\"robots\" content=\"index, follow, max-snippet:-1, max-image-preview:large, max-video-preview:-1\" \/>\n<link rel=\"canonical\" href=\"https:\/\/kapitalis.com\/tunisie\/2019\/10\/31\/sotetel-annonce-une-faible-hausse-de-son-chiffre-daffaires-07-au-30-septembre-2019\/\" \/>\n<meta property=\"og:locale\" content=\"fr_FR\" \/>\n<meta property=\"og:type\" content=\"article\" \/>\n<meta property=\"og:title\" content=\"Sotetel annonce une faible hausse de son chiffre d&#039;affaires (+0,7%) au 30 septembre 2019 - Kapitalis\" \/>\n<meta property=\"og:description\" content=\"La Soci\u00e9t\u00e9 tunisienne d\u2019entreprises de t\u00e9l\u00e9communications (Sotetel,) a enregistr\u00e9, au cours des 9 premiers mois 2019, une hausse de 0,7% seulement de son chiffre d&rsquo;affaires, qui s&rsquo;est \u00e9tabli \u00e0 31,129 millions de dinars tunisiens (MDT) contre 30,914 MDT \u00e0 la m\u00eame p\u00e9riode en 2018.\" \/>\n<meta property=\"og:url\" content=\"https:\/\/kapitalis.com\/tunisie\/2019\/10\/31\/sotetel-annonce-une-faible-hausse-de-son-chiffre-daffaires-07-au-30-septembre-2019\/\" \/>\n<meta property=\"og:site_name\" content=\"Kapitalis\" \/>\n<meta property=\"article:publisher\" content=\"https:\/\/www.facebook.com\/KapitalisInfo\/\" \/>\n<meta property=\"article:published_time\" content=\"2019-10-31T15:41:53+00:00\" \/>\n<meta property=\"article:modified_time\" content=\"2019-10-31T15:41:55+00:00\" \/>\n<meta property=\"og:image\" content=\"http:\/\/kapitalis.com\/tunisie\/wp-content\/uploads\/2016\/04\/Sotetel.jpg\" \/>\n<meta name=\"author\" content=\"Amina Mkada\" \/>\n<meta name=\"twitter:card\" content=\"summary_large_image\" \/>\n<meta name=\"twitter:creator\" content=\"@KapitalisInfo\" \/>\n<meta name=\"twitter:site\" content=\"@KapitalisInfo\" \/>\n<meta name=\"twitter:label1\" content=\"\u00c9crit par\" \/>\n\t<meta name=\"twitter:data1\" content=\"Amina Mkada\" \/>\n\t<meta name=\"twitter:label2\" content=\"Dur\u00e9e de lecture estim\u00e9e\" \/>\n\t<meta name=\"twitter:data2\" content=\"1 minute\" \/>\n<script type=\"application\/ld+json\" class=\"yoast-schema-graph\">{\"@context\":\"https:\/\/schema.org\",\"@graph\":[{\"@type\":\"Article\",\"@id\":\"https:\/\/kapitalis.com\/tunisie\/2019\/10\/31\/sotetel-annonce-une-faible-hausse-de-son-chiffre-daffaires-07-au-30-septembre-2019\/#article\",\"isPartOf\":{\"@id\":\"https:\/\/kapitalis.com\/tunisie\/2019\/10\/31\/sotetel-annonce-une-faible-hausse-de-son-chiffre-daffaires-07-au-30-septembre-2019\/\"},\"author\":{\"name\":\"Amina Mkada\",\"@id\":\"https:\/\/kapitalis.com\/tunisie\/#\/schema\/person\/093913313d3017554cb3ad077fff3fbd\"},\"headline\":\"Sotetel annonce une faible hausse de son chiffre d&rsquo;affaires (+0,7%) au 30 septembre 2019\",\"datePublished\":\"2019-10-31T15:41:53+00:00\",\"dateModified\":\"2019-10-31T15:41:55+00:00\",\"mainEntityOfPage\":{\"@id\":\"https:\/\/kapitalis.com\/tunisie\/2019\/10\/31\/sotetel-annonce-une-faible-hausse-de-son-chiffre-daffaires-07-au-30-septembre-2019\/\"},\"wordCount\":219,\"commentCount\":0,\"publisher\":{\"@id\":\"https:\/\/kapitalis.com\/tunisie\/#organization\"},\"image\":{\"@id\":\"https:\/\/kapitalis.com\/tunisie\/2019\/10\/31\/sotetel-annonce-une-faible-hausse-de-son-chiffre-daffaires-07-au-30-septembre-2019\/#primaryimage\"},\"thumbnailUrl\":\"http:\/\/kapitalis.com\/tunisie\/wp-content\/uploads\/2016\/04\/Sotetel.jpg\",\"keywords\":[\"9 premiers mois 2019\",\"chiffre d'affaires \u00e0 la hausse\",\"Sotetel\",\"t\u00e9l\u00e9communications\"],\"articleSection\":[\"ECONOMIE\",\"Tunisie\"],\"inLanguage\":\"fr-FR\",\"potentialAction\":[{\"@type\":\"CommentAction\",\"name\":\"Comment\",\"target\":[\"https:\/\/kapitalis.com\/tunisie\/2019\/10\/31\/sotetel-annonce-une-faible-hausse-de-son-chiffre-daffaires-07-au-30-septembre-2019\/#respond\"]}]},{\"@type\":\"WebPage\",\"@id\":\"https:\/\/kapitalis.com\/tunisie\/2019\/10\/31\/sotetel-annonce-une-faible-hausse-de-son-chiffre-daffaires-07-au-30-septembre-2019\/\",\"url\":\"https:\/\/kapitalis.com\/tunisie\/2019\/10\/31\/sotetel-annonce-une-faible-hausse-de-son-chiffre-daffaires-07-au-30-septembre-2019\/\",\"name\":\"Sotetel annonce une faible hausse de son chiffre d'affaires (+0,7%) au 30 septembre 2019 - Kapitalis\",\"isPartOf\":{\"@id\":\"https:\/\/kapitalis.com\/tunisie\/#website\"},\"primaryImageOfPage\":{\"@id\":\"https:\/\/kapitalis.com\/tunisie\/2019\/10\/31\/sotetel-annonce-une-faible-hausse-de-son-chiffre-daffaires-07-au-30-septembre-2019\/#primaryimage\"},\"image\":{\"@id\":\"https:\/\/kapitalis.com\/tunisie\/2019\/10\/31\/sotetel-annonce-une-faible-hausse-de-son-chiffre-daffaires-07-au-30-septembre-2019\/#primaryimage\"},\"thumbnailUrl\":\"http:\/\/kapitalis.com\/tunisie\/wp-content\/uploads\/2016\/04\/Sotetel.jpg\",\"datePublished\":\"2019-10-31T15:41:53+00:00\",\"dateModified\":\"2019-10-31T15:41:55+00:00\",\"breadcrumb\":{\"@id\":\"https:\/\/kapitalis.com\/tunisie\/2019\/10\/31\/sotetel-annonce-une-faible-hausse-de-son-chiffre-daffaires-07-au-30-septembre-2019\/#breadcrumb\"},\"inLanguage\":\"fr-FR\",\"potentialAction\":[{\"@type\":\"ReadAction\",\"target\":[\"https:\/\/kapitalis.com\/tunisie\/2019\/10\/31\/sotetel-annonce-une-faible-hausse-de-son-chiffre-daffaires-07-au-30-septembre-2019\/\"]}]},{\"@type\":\"ImageObject\",\"inLanguage\":\"fr-FR\",\"@id\":\"https:\/\/kapitalis.com\/tunisie\/2019\/10\/31\/sotetel-annonce-une-faible-hausse-de-son-chiffre-daffaires-07-au-30-septembre-2019\/#primaryimage\",\"url\":\"http:\/\/kapitalis.com\/tunisie\/wp-content\/uploads\/2016\/04\/Sotetel.jpg\",\"contentUrl\":\"http:\/\/kapitalis.com\/tunisie\/wp-content\/uploads\/2016\/04\/Sotetel.jpg\"},{\"@type\":\"BreadcrumbList\",\"@id\":\"https:\/\/kapitalis.com\/tunisie\/2019\/10\/31\/sotetel-annonce-une-faible-hausse-de-son-chiffre-daffaires-07-au-30-septembre-2019\/#breadcrumb\",\"itemListElement\":[{\"@type\":\"ListItem\",\"position\":1,\"name\":\"Accueil\",\"item\":\"https:\/\/kapitalis.com\/tunisie\/\"},{\"@type\":\"ListItem\",\"position\":2,\"name\":\"Sotetel annonce une faible hausse de son chiffre d&rsquo;affaires (+0,7%) au 30 septembre 2019\"}]},{\"@type\":\"WebSite\",\"@id\":\"https:\/\/kapitalis.com\/tunisie\/#website\",\"url\":\"https:\/\/kapitalis.com\/tunisie\/\",\"name\":\"Kapitalis\",\"description\":\"L&#039;actualit\u00e9 en Tunisie et dans le monde\",\"publisher\":{\"@id\":\"https:\/\/kapitalis.com\/tunisie\/#organization\"},\"potentialAction\":[{\"@type\":\"SearchAction\",\"target\":{\"@type\":\"EntryPoint\",\"urlTemplate\":\"https:\/\/kapitalis.com\/tunisie\/?s={search_term_string}\"},\"query-input\":{\"@type\":\"PropertyValueSpecification\",\"valueRequired\":true,\"valueName\":\"search_term_string\"}}],\"inLanguage\":\"fr-FR\"},{\"@type\":\"Organization\",\"@id\":\"https:\/\/kapitalis.com\/tunisie\/#organization\",\"name\":\"Kapitalis\",\"url\":\"https:\/\/kapitalis.com\/tunisie\/\",\"logo\":{\"@type\":\"ImageObject\",\"inLanguage\":\"fr-FR\",\"@id\":\"https:\/\/kapitalis.com\/tunisie\/#\/schema\/logo\/image\/\",\"url\":\"https:\/\/kapitalis.com\/tunisie\/wp-content\/uploads\/2022\/05\/Kapitalis-big-size.png\",\"contentUrl\":\"https:\/\/kapitalis.com\/tunisie\/wp-content\/uploads\/2022\/05\/Kapitalis-big-size.png\",\"width\":5000,\"height\":1500,\"caption\":\"Kapitalis\"},\"image\":{\"@id\":\"https:\/\/kapitalis.com\/tunisie\/#\/schema\/logo\/image\/\"},\"sameAs\":[\"https:\/\/www.facebook.com\/KapitalisInfo\/\",\"https:\/\/x.com\/KapitalisInfo\",\"https:\/\/www.youtube.com\/channel\/UC-yDYrHyfFBWWZaOw3FPg9Q\"]},{\"@type\":\"Person\",\"@id\":\"https:\/\/kapitalis.com\/tunisie\/#\/schema\/person\/093913313d3017554cb3ad077fff3fbd\",\"name\":\"Amina Mkada\",\"url\":\"https:\/\/kapitalis.com\/tunisie\/author\/amina\/\"}]}<\/script>\n<!-- \/ Yoast SEO plugin. -->","yoast_head_json":{"title":"Sotetel annonce une faible hausse de son chiffre d'affaires (+0,7%) au 30 septembre 2019 - Kapitalis","robots":{"index":"index","follow":"follow","max-snippet":"max-snippet:-1","max-image-preview":"max-image-preview:large","max-video-preview":"max-video-preview:-1"},"canonical":"https:\/\/kapitalis.com\/tunisie\/2019\/10\/31\/sotetel-annonce-une-faible-hausse-de-son-chiffre-daffaires-07-au-30-septembre-2019\/","og_locale":"fr_FR","og_type":"article","og_title":"Sotetel annonce une faible hausse de son chiffre d'affaires (+0,7%) au 30 septembre 2019 - Kapitalis","og_description":"La Soci\u00e9t\u00e9 tunisienne d\u2019entreprises de t\u00e9l\u00e9communications (Sotetel,) a enregistr\u00e9, au cours des 9 premiers mois 2019, une hausse de 0,7% seulement de son chiffre d&rsquo;affaires, qui s&rsquo;est \u00e9tabli \u00e0 31,129 millions de dinars tunisiens (MDT) contre 30,914 MDT \u00e0 la m\u00eame p\u00e9riode en 2018.","og_url":"https:\/\/kapitalis.com\/tunisie\/2019\/10\/31\/sotetel-annonce-une-faible-hausse-de-son-chiffre-daffaires-07-au-30-septembre-2019\/","og_site_name":"Kapitalis","article_publisher":"https:\/\/www.facebook.com\/KapitalisInfo\/","article_published_time":"2019-10-31T15:41:53+00:00","article_modified_time":"2019-10-31T15:41:55+00:00","og_image":[{"url":"http:\/\/kapitalis.com\/tunisie\/wp-content\/uploads\/2016\/04\/Sotetel.jpg","type":"","width":"","height":""}],"author":"Amina Mkada","twitter_card":"summary_large_image","twitter_creator":"@KapitalisInfo","twitter_site":"@KapitalisInfo","twitter_misc":{"\u00c9crit par":"Amina Mkada","Dur\u00e9e de lecture estim\u00e9e":"1 minute"},"schema":{"@context":"https:\/\/schema.org","@graph":[{"@type":"Article","@id":"https:\/\/kapitalis.com\/tunisie\/2019\/10\/31\/sotetel-annonce-une-faible-hausse-de-son-chiffre-daffaires-07-au-30-septembre-2019\/#article","isPartOf":{"@id":"https:\/\/kapitalis.com\/tunisie\/2019\/10\/31\/sotetel-annonce-une-faible-hausse-de-son-chiffre-daffaires-07-au-30-septembre-2019\/"},"author":{"name":"Amina Mkada","@id":"https:\/\/kapitalis.com\/tunisie\/#\/schema\/person\/093913313d3017554cb3ad077fff3fbd"},"headline":"Sotetel annonce une faible hausse de son chiffre d&rsquo;affaires (+0,7%) au 30 septembre 2019","datePublished":"2019-10-31T15:41:53+00:00","dateModified":"2019-10-31T15:41:55+00:00","mainEntityOfPage":{"@id":"https:\/\/kapitalis.com\/tunisie\/2019\/10\/31\/sotetel-annonce-une-faible-hausse-de-son-chiffre-daffaires-07-au-30-septembre-2019\/"},"wordCount":219,"commentCount":0,"publisher":{"@id":"https:\/\/kapitalis.com\/tunisie\/#organization"},"image":{"@id":"https:\/\/kapitalis.com\/tunisie\/2019\/10\/31\/sotetel-annonce-une-faible-hausse-de-son-chiffre-daffaires-07-au-30-septembre-2019\/#primaryimage"},"thumbnailUrl":"http:\/\/kapitalis.com\/tunisie\/wp-content\/uploads\/2016\/04\/Sotetel.jpg","keywords":["9 premiers mois 2019","chiffre d'affaires \u00e0 la hausse","Sotetel","t\u00e9l\u00e9communications"],"articleSection":["ECONOMIE","Tunisie"],"inLanguage":"fr-FR","potentialAction":[{"@type":"CommentAction","name":"Comment","target":["https:\/\/kapitalis.com\/tunisie\/2019\/10\/31\/sotetel-annonce-une-faible-hausse-de-son-chiffre-daffaires-07-au-30-septembre-2019\/#respond"]}]},{"@type":"WebPage","@id":"https:\/\/kapitalis.com\/tunisie\/2019\/10\/31\/sotetel-annonce-une-faible-hausse-de-son-chiffre-daffaires-07-au-30-septembre-2019\/","url":"https:\/\/kapitalis.com\/tunisie\/2019\/10\/31\/sotetel-annonce-une-faible-hausse-de-son-chiffre-daffaires-07-au-30-septembre-2019\/","name":"Sotetel annonce une faible hausse de son chiffre d'affaires (+0,7%) au 30 septembre 2019 - Kapitalis","isPartOf":{"@id":"https:\/\/kapitalis.com\/tunisie\/#website"},"primaryImageOfPage":{"@id":"https:\/\/kapitalis.com\/tunisie\/2019\/10\/31\/sotetel-annonce-une-faible-hausse-de-son-chiffre-daffaires-07-au-30-septembre-2019\/#primaryimage"},"image":{"@id":"https:\/\/kapitalis.com\/tunisie\/2019\/10\/31\/sotetel-annonce-une-faible-hausse-de-son-chiffre-daffaires-07-au-30-septembre-2019\/#primaryimage"},"thumbnailUrl":"http:\/\/kapitalis.com\/tunisie\/wp-content\/uploads\/2016\/04\/Sotetel.jpg","datePublished":"2019-10-31T15:41:53+00:00","dateModified":"2019-10-31T15:41:55+00:00","breadcrumb":{"@id":"https:\/\/kapitalis.com\/tunisie\/2019\/10\/31\/sotetel-annonce-une-faible-hausse-de-son-chiffre-daffaires-07-au-30-septembre-2019\/#breadcrumb"},"inLanguage":"fr-FR","potentialAction":[{"@type":"ReadAction","target":["https:\/\/kapitalis.com\/tunisie\/2019\/10\/31\/sotetel-annonce-une-faible-hausse-de-son-chiffre-daffaires-07-au-30-septembre-2019\/"]}]},{"@type":"ImageObject","inLanguage":"fr-FR","@id":"https:\/\/kapitalis.com\/tunisie\/2019\/10\/31\/sotetel-annonce-une-faible-hausse-de-son-chiffre-daffaires-07-au-30-septembre-2019\/#primaryimage","url":"http:\/\/kapitalis.com\/tunisie\/wp-content\/uploads\/2016\/04\/Sotetel.jpg","contentUrl":"http:\/\/kapitalis.com\/tunisie\/wp-content\/uploads\/2016\/04\/Sotetel.jpg"},{"@type":"BreadcrumbList","@id":"https:\/\/kapitalis.com\/tunisie\/2019\/10\/31\/sotetel-annonce-une-faible-hausse-de-son-chiffre-daffaires-07-au-30-septembre-2019\/#breadcrumb","itemListElement":[{"@type":"ListItem","position":1,"name":"Accueil","item":"https:\/\/kapitalis.com\/tunisie\/"},{"@type":"ListItem","position":2,"name":"Sotetel annonce une faible hausse de son chiffre d&rsquo;affaires (+0,7%) au 30 septembre 2019"}]},{"@type":"WebSite","@id":"https:\/\/kapitalis.com\/tunisie\/#website","url":"https:\/\/kapitalis.com\/tunisie\/","name":"Kapitalis","description":"L&#039;actualit\u00e9 en Tunisie et dans le monde","publisher":{"@id":"https:\/\/kapitalis.com\/tunisie\/#organization"},"potentialAction":[{"@type":"SearchAction","target":{"@type":"EntryPoint","urlTemplate":"https:\/\/kapitalis.com\/tunisie\/?s={search_term_string}"},"query-input":{"@type":"PropertyValueSpecification","valueRequired":true,"valueName":"search_term_string"}}],"inLanguage":"fr-FR"},{"@type":"Organization","@id":"https:\/\/kapitalis.com\/tunisie\/#organization","name":"Kapitalis","url":"https:\/\/kapitalis.com\/tunisie\/","logo":{"@type":"ImageObject","inLanguage":"fr-FR","@id":"https:\/\/kapitalis.com\/tunisie\/#\/schema\/logo\/image\/","url":"https:\/\/kapitalis.com\/tunisie\/wp-content\/uploads\/2022\/05\/Kapitalis-big-size.png","contentUrl":"https:\/\/kapitalis.com\/tunisie\/wp-content\/uploads\/2022\/05\/Kapitalis-big-size.png","width":5000,"height":1500,"caption":"Kapitalis"},"image":{"@id":"https:\/\/kapitalis.com\/tunisie\/#\/schema\/logo\/image\/"},"sameAs":["https:\/\/www.facebook.com\/KapitalisInfo\/","https:\/\/x.com\/KapitalisInfo","https:\/\/www.youtube.com\/channel\/UC-yDYrHyfFBWWZaOw3FPg9Q"]},{"@type":"Person","@id":"https:\/\/kapitalis.com\/tunisie\/#\/schema\/person\/093913313d3017554cb3ad077fff3fbd","name":"Amina Mkada","url":"https:\/\/kapitalis.com\/tunisie\/author\/amina\/"}]}},"_links":{"self":[{"href":"https:\/\/kapitalis.com\/tunisie\/wp-json\/wp\/v2\/posts\/251660","targetHints":{"allow":["GET"]}}],"collection":[{"href":"https:\/\/kapitalis.com\/tunisie\/wp-json\/wp\/v2\/posts"}],"about":[{"href":"https:\/\/kapitalis.com\/tunisie\/wp-json\/wp\/v2\/types\/post"}],"author":[{"embeddable":true,"href":"https:\/\/kapitalis.com\/tunisie\/wp-json\/wp\/v2\/users\/22"}],"replies":[{"embeddable":true,"href":"https:\/\/kapitalis.com\/tunisie\/wp-json\/wp\/v2\/comments?post=251660"}],"version-history":[{"count":0,"href":"https:\/\/kapitalis.com\/tunisie\/wp-json\/wp\/v2\/posts\/251660\/revisions"}],"wp:attachment":[{"href":"https:\/\/kapitalis.com\/tunisie\/wp-json\/wp\/v2\/media?parent=251660"}],"wp:term":[{"taxonomy":"category","embeddable":true,"href":"https:\/\/kapitalis.com\/tunisie\/wp-json\/wp\/v2\/categories?post=251660"},{"taxonomy":"post_tag","embeddable":true,"href":"https:\/\/kapitalis.com\/tunisie\/wp-json\/wp\/v2\/tags?post=251660"}],"curies":[{"name":"wp","href":"https:\/\/api.w.org\/{rel}","templated":true}]}}