{"id":252010,"date":"2019-11-01T11:48:12","date_gmt":"2019-11-01T10:48:12","guid":{"rendered":"http:\/\/kapitalis.com\/tunisie\/?p=252010"},"modified":"2019-11-01T11:48:16","modified_gmt":"2019-11-01T10:48:16","slug":"bapteme-du-feu-de-la-presidence-kais-saied-les-dossiers-qui-attendent-le-nouveau-president","status":"publish","type":"post","link":"https:\/\/kapitalis.com\/tunisie\/2019\/11\/01\/bapteme-du-feu-de-la-presidence-kais-saied-les-dossiers-qui-attendent-le-nouveau-president\/","title":{"rendered":"Bapt\u00eame du feu de la pr\u00e9sidence Ka\u00efs Sa\u00efed : Les dossiers qui attendent le nouveau pr\u00e9sident"},"content":{"rendered":"\n<figure class=\"wp-block-image\"><img decoding=\"async\" src=\"http:\/\/kapitalis.com\/tunisie\/wp-content\/uploads\/2019\/10\/Investiture-de-Kais-Saied-2.jpg\" alt=\"\" class=\"wp-image-249491\"\/><\/figure>\n\n\n\n<p> <strong><em>La poussi\u00e8re de la course folle des scrutins l\u00e9gislatif et pr\u00e9sidentiel est retomb\u00e9e, depuis plus de deux semaines. A pr\u00e9sent, les choses s\u00e9rieuses ont commenc\u00e9 pour le nouveau pr\u00e9sident de la R\u00e9publique Ka\u00efs Sa\u00efed: il va devoir r\u00e9pondre \u00e0 de nombreuses interrogations rest\u00e9es sans r\u00e9ponses. Les silences et esquives de la campagne \u00e9lectorale n\u2019ont plus raison d\u2019\u00eatre\u2026<\/em><\/strong><\/p>\n\n\n\n<p> Par <strong>Marwan Chahla<\/strong><\/p>\n\n\n\n<!--more-->\n\n\n\n<p> Les partis politiques, les corps interm\u00e9diaires, la soci\u00e9t\u00e9 civile et le peuple tout entier \u2013 de gauche comme de droite \u2013 r\u00e9clament que le successeur de feu B\u00e9ji Ca\u00efd Essebsi fasse conna\u00eetre beaucoup plus clairement ses positions sur un certain nombre de questions politiques, sociales, soci\u00e9tales et m\u00eame \u00e9conomiques auxquelles la campagne de la pr\u00e9sidentielle anticip\u00e9e n\u2019a pas r\u00e9pondu. <\/p>\n\n\n\n<p> L\u2019anti-syst\u00e9misme et l\u2019anticonformisme du candidat ind\u00e9pendant Ka\u00efs Sa\u00efed s\u2019arr\u00eatent aux portes du palais de Carthage.<\/p>\n\n\n\n<h3 class=\"wp-block-heading\"> Le nouveau pr\u00e9sident dispose d\u2019une large marge de man\u0153uvre <\/h3>\n\n\n\n<p> Tout d\u2019abord, pour parer au plus urgent, nombreuses sont les formations politiques \u2013 qu\u2019elles soient repr\u00e9sent\u00e9es \u00e0 l\u2019Assembl\u00e9e des repr\u00e9sentants du peuple (ARP) ou op\u00e9rant hors du palais du Bardo \u2013 qui souhaitent que le chef de l\u2019Etat dise son mot sur la composition de l\u2019\u00e9quipe gouvernementale qui devra assumer, de 2020 \u00e0 2024, la direction des affaires du pays. <\/p>\n\n\n\n<p> Le temps presse, et les divergences et les diff\u00e9rends entre les groupes politiques formant le prochain parlement sont si nombreux et si profonds pour que l\u2019on puisse trouver tr\u00e8s rapidement assez de terrains d\u2019entente qui r\u00e9uniraient les principaux acteurs parlementaires. <\/p>\n\n\n\n<p> Certes, les r\u00e8gles du jeu sont clairement d\u00e9finies par les dispositions de la nouvelle Constitution tunisienne mais encore faut-il que le parti islamiste Ennahdha, avec sa maigre r\u00e9colte l\u00e9gislative de 52 si\u00e8ges \u00e0 l\u2019ARP, puisse convaincre assez d\u2019alli\u00e9s pour atteindre la barre n\u00e9cessaire des 109 repr\u00e9sentants qui lui permettra d\u2019obtenir le vote de confiance des nouveaux \u00e9lus de la nation et pouvoir ainsi gouverner.<\/p>\n\n\n\n<p> De la mani\u00e8re dont les choses semblent se passer, publiquement ou dans le secret des arri\u00e8re-boutiques, les tractations et marchandages pourront durer plus qu\u2019il ne faut et beaucoup plus que ce que le pays peut encore supporter. A Ka\u00efs Sa\u00efed, donc d\u2019entrer plus directement dans le jeu, d\u2019agir et de faire entendre sa voix pour qu\u2019un gouvernement soit form\u00e9 et que ses membres se mettent au travail au plus vite.<\/p>\n\n\n\n<p> De fait, le pl\u00e9biscite du 13 octobre 2019 \u2013 c\u2019est-\u00e0-dire les 72,71% de voix obtenues au second tour \u2013 accorde au nouveau pr\u00e9sident de la R\u00e9publique un poids moral et politique amplement suffisant pour qu\u2019il fasse progresser les choses et qu\u2019il donne, l\u00e0 o\u00f9 il faut, le coup de pouce dont la Tunisie a besoin pour relancer son \u00e9conomie, pour que le pays retrouve confiance en lui-m\u00eame, motiver les investisseurs nationaux et attirer les investissements \u00e9trangers\u2026 Bref, pour que tout red\u00e9marre, enfin.<\/p>\n\n\n\n<p> Il est vrai que le nouveau locataire du palais de Carthage n\u2019a pas de parti, mais il dispose d\u2019un capital-popularit\u00e9 important qui l\u2019autoriserait \u00e0 exiger et obtenir de tous la discipline et le s\u00e9rieux dont le pays a besoin. <\/p>\n\n\n\n<p> Pour ce qui est des comp\u00e9tences qui mettraient \u00e0 ex\u00e9cution les propositions de Ka\u00efs Sa\u00efed et remettraient les Tunisiens au travail, il n\u2019y a aucun souci \u00e0 se faire car la Tunisie en regorge\u2026<\/p>\n\n\n\n<h3 class=\"wp-block-heading\"> Des n\u00e9ophytes qui inqui\u00e8tent<\/h3>\n\n\n\n<p> Les Tunisiens qui ont vot\u00e9 massivement en faveur de M. Sa\u00efed, <em>\u00abl\u2019homme int\u00e8gre, droit et modeste\u00bb<\/em>, attendent aussi que celui-ci prennent des d\u00e9cisions courageuses pour refonder la doctrine s\u00e9curitaire, doter les forces arm\u00e9es et de police de moyens suppl\u00e9mentaires et impulser la diplomatie tunisienne pour qu&rsquo;elle joue un r\u00f4le plus efficient sur les plans r\u00e9gional (notamment la crise en Libye) et international, domaines qui sont de son ressort. <\/p>\n\n\n\n<p> Les Tunisiens s&rsquo;attendent aussi qu&rsquo;il se prononce sans d\u00e9tour sur les dossiers sensibles des libert\u00e9s individuelles et qu\u2019il les rassure en offrant des garanties solides que ces droits humains seront non seulement intouchables mais qu\u2019ils gagneront en force. <\/p>\n\n\n\n<p> Plusieurs groupes de d\u00e9fense des droits de l\u2019Homme s\u2019inqui\u00e8tent de voir certains supporteurs z\u00e9l\u00e9s du nouveau chef de l\u2019Etat menacer des journalistes, des cha\u00eenes de t\u00e9l\u00e9vision, des syndicalistes et des dirigeants de l\u2019Union g\u00e9n\u00e9rale tunisienne du travail (UGTT), leur reprochant notamment l\u2019expression de leur appr\u00e9hension face aux tsunamis l\u00e9gislatif et pr\u00e9sidentiel, la nouvelle distribution des cartes et l\u2019arriv\u00e9e sur l\u2019\u00e9chiquier politique de nouvelles figures \u2013 ces dites <em>\u00abforces de la R\u00e9volution\u00bb <\/em>\u2013 pour le moins inqui\u00e9tantes.<\/p>\n\n\n\n<p> Nombre d\u2019associations de la soci\u00e9t\u00e9 civile et d\u2019organisations de d\u00e9fense des droits humains, nationales et internationales, ont exprim\u00e9 le souhait de voir M. Sa\u00efed agir promptement pour am\u00e9liorer la situation des droits de l\u2019Homme dans le pays. Elles exigent, par exemple, \u00e0 ce qu\u2019il soit mis fin \u00e0 l\u2019\u00e9tat d\u2019urgence, en vigueur depuis novembre 2015. Elles appellent \u00e9galement \u00e0 ce que la peine de mort soit abolie, l&rsquo;\u00e9galit\u00e9 dans l&rsquo;h\u00e9ritage instaur\u00e9e et l&rsquo;homosexualit\u00e9 d\u00e9p\u00e9nalis\u00e9e. Pour elles toutes, c\u2019est \u00e0 l\u2019aune de ces d\u00e9cisions nettes et franches que sera appr\u00e9ci\u00e9 \u00e0 sa juste valeur l\u2019engagement du nouveau chef de l\u2019Etat en faveur des droits humains. <\/p>\n\n\n\n<p> C\u2019est bien sur ce terrain des libert\u00e9s individuelles que le constitutionnaliste Ka\u00efs Sa\u00efed sera soumis \u00e0 la plus rude \u00e9preuve de son quinquennat \u2013les dossiers \u00e9conomiques, politiques et sociaux \u00e9tant, de toute \u00e9vidence, du ressort des palais du Bardo et de la Kasbah.<\/p>\n\n\n\n<p> C\u2019est \u00e0 lui que reviendra la d\u00e9cision de se prononcer sur le sort des milliers de citoyens tunisiens dont la vie a \u00e9t\u00e9 affect\u00e9e par l\u2019\u00e9tat d\u2019urgence et par les nombreuses restrictions qu\u2019il a impos\u00e9es \u2013 privation de libert\u00e9 de mouvements, assignation \u00e0 r\u00e9sidence, violation de la vie priv\u00e9e, non-respect des donn\u00e9es personnelles, de la libert\u00e9 d\u2019expression, de la pens\u00e9e, de croyance, etc.<\/p>\n\n\n\n<p> Le nouveau locataire du palais de Carthage devra r\u00e9pondre \u00e0 toutes ces r\u00e9gressions, lui qui a promis de prot\u00e9ger tous les droits et toutes les libert\u00e9s que la Constitution accorde aux Tunisiens sans aucune discrimination.<\/p>\n\n\n\n<p> De toute \u00e9vidence, M. Sa\u00efed aura beaucoup de travail sur la planche et son quinquennat ne sera sans doute pas une sin\u00e9cure. Il lui faudra faire des choix difficiles et trancher entre ce que <em>\u00able peuple veut\u00bb<\/em>, la Constitution dicte et ce dont le pays a r\u00e9ellement besoin\u2026 <br> Bref, l\u2019affaire ne sera pas mince.<\/p>\n","protected":false},"excerpt":{"rendered":"<p>La poussi\u00e8re de la course folle des scrutins l\u00e9gislatif et pr\u00e9sidentiel est retomb\u00e9e, depuis plus de deux semaines. A pr\u00e9sent, les choses s\u00e9rieuses ont commenc\u00e9 pour le nouveau pr\u00e9sident de la R\u00e9publique Ka\u00efs Sa\u00efed: il va devoir r\u00e9pondre \u00e0 de nombreuses interrogations rest\u00e9es sans r\u00e9ponses. Les silences et esquives de la campagne \u00e9lectorale n\u2019ont plus&#8230;<\/p>\n","protected":false},"author":8,"featured_media":0,"comment_status":"open","ping_status":"open","sticky":false,"template":"","format":"standard","meta":{"footnotes":""},"categories":[992,997,2433],"tags":[15229,49543,12235,2577,936],"class_list":["post-252010","post","type-post","status-publish","format-standard","hentry","category-a-la-une","category-politique","category-tunisie","tag-egalite-successorale","tag-ennahdha","tag-kais-saied","tag-libertes-individuelles","tag-ugtt"],"yoast_head":"<!-- This site is optimized with the Yoast SEO plugin v26.6 - https:\/\/yoast.com\/wordpress\/plugins\/seo\/ -->\n<title>Bapt\u00eame du feu de la pr\u00e9sidence Ka\u00efs Sa\u00efed : Les dossiers qui attendent le nouveau pr\u00e9sident - Kapitalis<\/title>\n<meta name=\"robots\" content=\"index, follow, max-snippet:-1, max-image-preview:large, max-video-preview:-1\" \/>\n<link rel=\"canonical\" href=\"https:\/\/kapitalis.com\/tunisie\/2019\/11\/01\/bapteme-du-feu-de-la-presidence-kais-saied-les-dossiers-qui-attendent-le-nouveau-president\/\" \/>\n<meta property=\"og:locale\" content=\"fr_FR\" \/>\n<meta property=\"og:type\" content=\"article\" \/>\n<meta property=\"og:title\" content=\"Bapt\u00eame du feu de la pr\u00e9sidence Ka\u00efs Sa\u00efed : Les dossiers qui attendent le nouveau pr\u00e9sident - Kapitalis\" \/>\n<meta property=\"og:description\" content=\"La poussi\u00e8re de la course folle des scrutins l\u00e9gislatif et pr\u00e9sidentiel est retomb\u00e9e, depuis plus de deux semaines. A pr\u00e9sent, les choses s\u00e9rieuses ont commenc\u00e9 pour le nouveau pr\u00e9sident de la R\u00e9publique Ka\u00efs Sa\u00efed: il va devoir r\u00e9pondre \u00e0 de nombreuses interrogations rest\u00e9es sans r\u00e9ponses. Les silences et esquives de la campagne \u00e9lectorale n\u2019ont plus...\" \/>\n<meta property=\"og:url\" content=\"https:\/\/kapitalis.com\/tunisie\/2019\/11\/01\/bapteme-du-feu-de-la-presidence-kais-saied-les-dossiers-qui-attendent-le-nouveau-president\/\" \/>\n<meta property=\"og:site_name\" content=\"Kapitalis\" \/>\n<meta property=\"article:publisher\" content=\"https:\/\/www.facebook.com\/KapitalisInfo\/\" \/>\n<meta property=\"article:published_time\" content=\"2019-11-01T10:48:12+00:00\" \/>\n<meta property=\"article:modified_time\" content=\"2019-11-01T10:48:16+00:00\" \/>\n<meta property=\"og:image\" content=\"http:\/\/kapitalis.com\/tunisie\/wp-content\/uploads\/2019\/10\/Investiture-de-Kais-Saied-2.jpg\" \/>\n<meta name=\"author\" content=\"webmaster kapitalis\" \/>\n<meta name=\"twitter:card\" content=\"summary_large_image\" \/>\n<meta name=\"twitter:creator\" content=\"@KapitalisInfo\" \/>\n<meta name=\"twitter:site\" content=\"@KapitalisInfo\" \/>\n<meta name=\"twitter:label1\" content=\"\u00c9crit par\" \/>\n\t<meta name=\"twitter:data1\" content=\"webmaster kapitalis\" \/>\n\t<meta name=\"twitter:label2\" content=\"Dur\u00e9e de lecture estim\u00e9e\" \/>\n\t<meta name=\"twitter:data2\" content=\"6 minutes\" \/>\n<script type=\"application\/ld+json\" class=\"yoast-schema-graph\">{\"@context\":\"https:\/\/schema.org\",\"@graph\":[{\"@type\":\"Article\",\"@id\":\"https:\/\/kapitalis.com\/tunisie\/2019\/11\/01\/bapteme-du-feu-de-la-presidence-kais-saied-les-dossiers-qui-attendent-le-nouveau-president\/#article\",\"isPartOf\":{\"@id\":\"https:\/\/kapitalis.com\/tunisie\/2019\/11\/01\/bapteme-du-feu-de-la-presidence-kais-saied-les-dossiers-qui-attendent-le-nouveau-president\/\"},\"author\":{\"name\":\"webmaster kapitalis\",\"@id\":\"https:\/\/kapitalis.com\/tunisie\/#\/schema\/person\/d71f33a9ca44f7bad4698210b480c8e9\"},\"headline\":\"Bapt\u00eame du feu de la pr\u00e9sidence Ka\u00efs Sa\u00efed : Les dossiers qui attendent le nouveau pr\u00e9sident\",\"datePublished\":\"2019-11-01T10:48:12+00:00\",\"dateModified\":\"2019-11-01T10:48:16+00:00\",\"mainEntityOfPage\":{\"@id\":\"https:\/\/kapitalis.com\/tunisie\/2019\/11\/01\/bapteme-du-feu-de-la-presidence-kais-saied-les-dossiers-qui-attendent-le-nouveau-president\/\"},\"wordCount\":1177,\"commentCount\":5,\"publisher\":{\"@id\":\"https:\/\/kapitalis.com\/tunisie\/#organization\"},\"image\":{\"@id\":\"https:\/\/kapitalis.com\/tunisie\/2019\/11\/01\/bapteme-du-feu-de-la-presidence-kais-saied-les-dossiers-qui-attendent-le-nouveau-president\/#primaryimage\"},\"thumbnailUrl\":\"http:\/\/kapitalis.com\/tunisie\/wp-content\/uploads\/2019\/10\/Investiture-de-Kais-Saied-2.jpg\",\"keywords\":[\"\u00e9galit\u00e9 successorale\",\"Ennahdha\",\"Ka\u00efs Saied\",\"libert\u00e9s individuelles\",\"UGTT\"],\"articleSection\":[\"A LA UNE\",\"POLITIQUE\",\"Tunisie\"],\"inLanguage\":\"fr-FR\",\"potentialAction\":[{\"@type\":\"CommentAction\",\"name\":\"Comment\",\"target\":[\"https:\/\/kapitalis.com\/tunisie\/2019\/11\/01\/bapteme-du-feu-de-la-presidence-kais-saied-les-dossiers-qui-attendent-le-nouveau-president\/#respond\"]}]},{\"@type\":\"WebPage\",\"@id\":\"https:\/\/kapitalis.com\/tunisie\/2019\/11\/01\/bapteme-du-feu-de-la-presidence-kais-saied-les-dossiers-qui-attendent-le-nouveau-president\/\",\"url\":\"https:\/\/kapitalis.com\/tunisie\/2019\/11\/01\/bapteme-du-feu-de-la-presidence-kais-saied-les-dossiers-qui-attendent-le-nouveau-president\/\",\"name\":\"Bapt\u00eame du feu de la pr\u00e9sidence Ka\u00efs Sa\u00efed : Les dossiers qui attendent le nouveau pr\u00e9sident - Kapitalis\",\"isPartOf\":{\"@id\":\"https:\/\/kapitalis.com\/tunisie\/#website\"},\"primaryImageOfPage\":{\"@id\":\"https:\/\/kapitalis.com\/tunisie\/2019\/11\/01\/bapteme-du-feu-de-la-presidence-kais-saied-les-dossiers-qui-attendent-le-nouveau-president\/#primaryimage\"},\"image\":{\"@id\":\"https:\/\/kapitalis.com\/tunisie\/2019\/11\/01\/bapteme-du-feu-de-la-presidence-kais-saied-les-dossiers-qui-attendent-le-nouveau-president\/#primaryimage\"},\"thumbnailUrl\":\"http:\/\/kapitalis.com\/tunisie\/wp-content\/uploads\/2019\/10\/Investiture-de-Kais-Saied-2.jpg\",\"datePublished\":\"2019-11-01T10:48:12+00:00\",\"dateModified\":\"2019-11-01T10:48:16+00:00\",\"breadcrumb\":{\"@id\":\"https:\/\/kapitalis.com\/tunisie\/2019\/11\/01\/bapteme-du-feu-de-la-presidence-kais-saied-les-dossiers-qui-attendent-le-nouveau-president\/#breadcrumb\"},\"inLanguage\":\"fr-FR\",\"potentialAction\":[{\"@type\":\"ReadAction\",\"target\":[\"https:\/\/kapitalis.com\/tunisie\/2019\/11\/01\/bapteme-du-feu-de-la-presidence-kais-saied-les-dossiers-qui-attendent-le-nouveau-president\/\"]}]},{\"@type\":\"ImageObject\",\"inLanguage\":\"fr-FR\",\"@id\":\"https:\/\/kapitalis.com\/tunisie\/2019\/11\/01\/bapteme-du-feu-de-la-presidence-kais-saied-les-dossiers-qui-attendent-le-nouveau-president\/#primaryimage\",\"url\":\"\",\"contentUrl\":\"\"},{\"@type\":\"BreadcrumbList\",\"@id\":\"https:\/\/kapitalis.com\/tunisie\/2019\/11\/01\/bapteme-du-feu-de-la-presidence-kais-saied-les-dossiers-qui-attendent-le-nouveau-president\/#breadcrumb\",\"itemListElement\":[{\"@type\":\"ListItem\",\"position\":1,\"name\":\"Accueil\",\"item\":\"https:\/\/kapitalis.com\/tunisie\/\"},{\"@type\":\"ListItem\",\"position\":2,\"name\":\"Bapt\u00eame du feu de la pr\u00e9sidence Ka\u00efs Sa\u00efed : Les dossiers qui attendent le nouveau pr\u00e9sident\"}]},{\"@type\":\"WebSite\",\"@id\":\"https:\/\/kapitalis.com\/tunisie\/#website\",\"url\":\"https:\/\/kapitalis.com\/tunisie\/\",\"name\":\"Kapitalis\",\"description\":\"L&#039;actualit\u00e9 en Tunisie et dans le monde\",\"publisher\":{\"@id\":\"https:\/\/kapitalis.com\/tunisie\/#organization\"},\"potentialAction\":[{\"@type\":\"SearchAction\",\"target\":{\"@type\":\"EntryPoint\",\"urlTemplate\":\"https:\/\/kapitalis.com\/tunisie\/?s={search_term_string}\"},\"query-input\":{\"@type\":\"PropertyValueSpecification\",\"valueRequired\":true,\"valueName\":\"search_term_string\"}}],\"inLanguage\":\"fr-FR\"},{\"@type\":\"Organization\",\"@id\":\"https:\/\/kapitalis.com\/tunisie\/#organization\",\"name\":\"Kapitalis\",\"url\":\"https:\/\/kapitalis.com\/tunisie\/\",\"logo\":{\"@type\":\"ImageObject\",\"inLanguage\":\"fr-FR\",\"@id\":\"https:\/\/kapitalis.com\/tunisie\/#\/schema\/logo\/image\/\",\"url\":\"https:\/\/kapitalis.com\/tunisie\/wp-content\/uploads\/2022\/05\/Kapitalis-big-size.png\",\"contentUrl\":\"https:\/\/kapitalis.com\/tunisie\/wp-content\/uploads\/2022\/05\/Kapitalis-big-size.png\",\"width\":5000,\"height\":1500,\"caption\":\"Kapitalis\"},\"image\":{\"@id\":\"https:\/\/kapitalis.com\/tunisie\/#\/schema\/logo\/image\/\"},\"sameAs\":[\"https:\/\/www.facebook.com\/KapitalisInfo\/\",\"https:\/\/x.com\/KapitalisInfo\",\"https:\/\/www.youtube.com\/channel\/UC-yDYrHyfFBWWZaOw3FPg9Q\"]},{\"@type\":\"Person\",\"@id\":\"https:\/\/kapitalis.com\/tunisie\/#\/schema\/person\/d71f33a9ca44f7bad4698210b480c8e9\",\"name\":\"webmaster kapitalis\",\"url\":\"https:\/\/kapitalis.com\/tunisie\/author\/webmaster-kapitalis\/\"}]}<\/script>\n<!-- \/ Yoast SEO plugin. -->","yoast_head_json":{"title":"Bapt\u00eame du feu de la pr\u00e9sidence Ka\u00efs Sa\u00efed : Les dossiers qui attendent le nouveau pr\u00e9sident - Kapitalis","robots":{"index":"index","follow":"follow","max-snippet":"max-snippet:-1","max-image-preview":"max-image-preview:large","max-video-preview":"max-video-preview:-1"},"canonical":"https:\/\/kapitalis.com\/tunisie\/2019\/11\/01\/bapteme-du-feu-de-la-presidence-kais-saied-les-dossiers-qui-attendent-le-nouveau-president\/","og_locale":"fr_FR","og_type":"article","og_title":"Bapt\u00eame du feu de la pr\u00e9sidence Ka\u00efs Sa\u00efed : Les dossiers qui attendent le nouveau pr\u00e9sident - Kapitalis","og_description":"La poussi\u00e8re de la course folle des scrutins l\u00e9gislatif et pr\u00e9sidentiel est retomb\u00e9e, depuis plus de deux semaines. A pr\u00e9sent, les choses s\u00e9rieuses ont commenc\u00e9 pour le nouveau pr\u00e9sident de la R\u00e9publique Ka\u00efs Sa\u00efed: il va devoir r\u00e9pondre \u00e0 de nombreuses interrogations rest\u00e9es sans r\u00e9ponses. Les silences et esquives de la campagne \u00e9lectorale n\u2019ont plus...","og_url":"https:\/\/kapitalis.com\/tunisie\/2019\/11\/01\/bapteme-du-feu-de-la-presidence-kais-saied-les-dossiers-qui-attendent-le-nouveau-president\/","og_site_name":"Kapitalis","article_publisher":"https:\/\/www.facebook.com\/KapitalisInfo\/","article_published_time":"2019-11-01T10:48:12+00:00","article_modified_time":"2019-11-01T10:48:16+00:00","og_image":[{"url":"http:\/\/kapitalis.com\/tunisie\/wp-content\/uploads\/2019\/10\/Investiture-de-Kais-Saied-2.jpg","type":"","width":"","height":""}],"author":"webmaster kapitalis","twitter_card":"summary_large_image","twitter_creator":"@KapitalisInfo","twitter_site":"@KapitalisInfo","twitter_misc":{"\u00c9crit par":"webmaster kapitalis","Dur\u00e9e de lecture estim\u00e9e":"6 minutes"},"schema":{"@context":"https:\/\/schema.org","@graph":[{"@type":"Article","@id":"https:\/\/kapitalis.com\/tunisie\/2019\/11\/01\/bapteme-du-feu-de-la-presidence-kais-saied-les-dossiers-qui-attendent-le-nouveau-president\/#article","isPartOf":{"@id":"https:\/\/kapitalis.com\/tunisie\/2019\/11\/01\/bapteme-du-feu-de-la-presidence-kais-saied-les-dossiers-qui-attendent-le-nouveau-president\/"},"author":{"name":"webmaster kapitalis","@id":"https:\/\/kapitalis.com\/tunisie\/#\/schema\/person\/d71f33a9ca44f7bad4698210b480c8e9"},"headline":"Bapt\u00eame du feu de la pr\u00e9sidence Ka\u00efs Sa\u00efed : Les dossiers qui attendent le nouveau pr\u00e9sident","datePublished":"2019-11-01T10:48:12+00:00","dateModified":"2019-11-01T10:48:16+00:00","mainEntityOfPage":{"@id":"https:\/\/kapitalis.com\/tunisie\/2019\/11\/01\/bapteme-du-feu-de-la-presidence-kais-saied-les-dossiers-qui-attendent-le-nouveau-president\/"},"wordCount":1177,"commentCount":5,"publisher":{"@id":"https:\/\/kapitalis.com\/tunisie\/#organization"},"image":{"@id":"https:\/\/kapitalis.com\/tunisie\/2019\/11\/01\/bapteme-du-feu-de-la-presidence-kais-saied-les-dossiers-qui-attendent-le-nouveau-president\/#primaryimage"},"thumbnailUrl":"http:\/\/kapitalis.com\/tunisie\/wp-content\/uploads\/2019\/10\/Investiture-de-Kais-Saied-2.jpg","keywords":["\u00e9galit\u00e9 successorale","Ennahdha","Ka\u00efs Saied","libert\u00e9s individuelles","UGTT"],"articleSection":["A LA UNE","POLITIQUE","Tunisie"],"inLanguage":"fr-FR","potentialAction":[{"@type":"CommentAction","name":"Comment","target":["https:\/\/kapitalis.com\/tunisie\/2019\/11\/01\/bapteme-du-feu-de-la-presidence-kais-saied-les-dossiers-qui-attendent-le-nouveau-president\/#respond"]}]},{"@type":"WebPage","@id":"https:\/\/kapitalis.com\/tunisie\/2019\/11\/01\/bapteme-du-feu-de-la-presidence-kais-saied-les-dossiers-qui-attendent-le-nouveau-president\/","url":"https:\/\/kapitalis.com\/tunisie\/2019\/11\/01\/bapteme-du-feu-de-la-presidence-kais-saied-les-dossiers-qui-attendent-le-nouveau-president\/","name":"Bapt\u00eame du feu de la pr\u00e9sidence Ka\u00efs Sa\u00efed : Les dossiers qui attendent le nouveau pr\u00e9sident - Kapitalis","isPartOf":{"@id":"https:\/\/kapitalis.com\/tunisie\/#website"},"primaryImageOfPage":{"@id":"https:\/\/kapitalis.com\/tunisie\/2019\/11\/01\/bapteme-du-feu-de-la-presidence-kais-saied-les-dossiers-qui-attendent-le-nouveau-president\/#primaryimage"},"image":{"@id":"https:\/\/kapitalis.com\/tunisie\/2019\/11\/01\/bapteme-du-feu-de-la-presidence-kais-saied-les-dossiers-qui-attendent-le-nouveau-president\/#primaryimage"},"thumbnailUrl":"http:\/\/kapitalis.com\/tunisie\/wp-content\/uploads\/2019\/10\/Investiture-de-Kais-Saied-2.jpg","datePublished":"2019-11-01T10:48:12+00:00","dateModified":"2019-11-01T10:48:16+00:00","breadcrumb":{"@id":"https:\/\/kapitalis.com\/tunisie\/2019\/11\/01\/bapteme-du-feu-de-la-presidence-kais-saied-les-dossiers-qui-attendent-le-nouveau-president\/#breadcrumb"},"inLanguage":"fr-FR","potentialAction":[{"@type":"ReadAction","target":["https:\/\/kapitalis.com\/tunisie\/2019\/11\/01\/bapteme-du-feu-de-la-presidence-kais-saied-les-dossiers-qui-attendent-le-nouveau-president\/"]}]},{"@type":"ImageObject","inLanguage":"fr-FR","@id":"https:\/\/kapitalis.com\/tunisie\/2019\/11\/01\/bapteme-du-feu-de-la-presidence-kais-saied-les-dossiers-qui-attendent-le-nouveau-president\/#primaryimage","url":"","contentUrl":""},{"@type":"BreadcrumbList","@id":"https:\/\/kapitalis.com\/tunisie\/2019\/11\/01\/bapteme-du-feu-de-la-presidence-kais-saied-les-dossiers-qui-attendent-le-nouveau-president\/#breadcrumb","itemListElement":[{"@type":"ListItem","position":1,"name":"Accueil","item":"https:\/\/kapitalis.com\/tunisie\/"},{"@type":"ListItem","position":2,"name":"Bapt\u00eame du feu de la pr\u00e9sidence Ka\u00efs Sa\u00efed : Les dossiers qui attendent le nouveau pr\u00e9sident"}]},{"@type":"WebSite","@id":"https:\/\/kapitalis.com\/tunisie\/#website","url":"https:\/\/kapitalis.com\/tunisie\/","name":"Kapitalis","description":"L&#039;actualit\u00e9 en Tunisie et dans le monde","publisher":{"@id":"https:\/\/kapitalis.com\/tunisie\/#organization"},"potentialAction":[{"@type":"SearchAction","target":{"@type":"EntryPoint","urlTemplate":"https:\/\/kapitalis.com\/tunisie\/?s={search_term_string}"},"query-input":{"@type":"PropertyValueSpecification","valueRequired":true,"valueName":"search_term_string"}}],"inLanguage":"fr-FR"},{"@type":"Organization","@id":"https:\/\/kapitalis.com\/tunisie\/#organization","name":"Kapitalis","url":"https:\/\/kapitalis.com\/tunisie\/","logo":{"@type":"ImageObject","inLanguage":"fr-FR","@id":"https:\/\/kapitalis.com\/tunisie\/#\/schema\/logo\/image\/","url":"https:\/\/kapitalis.com\/tunisie\/wp-content\/uploads\/2022\/05\/Kapitalis-big-size.png","contentUrl":"https:\/\/kapitalis.com\/tunisie\/wp-content\/uploads\/2022\/05\/Kapitalis-big-size.png","width":5000,"height":1500,"caption":"Kapitalis"},"image":{"@id":"https:\/\/kapitalis.com\/tunisie\/#\/schema\/logo\/image\/"},"sameAs":["https:\/\/www.facebook.com\/KapitalisInfo\/","https:\/\/x.com\/KapitalisInfo","https:\/\/www.youtube.com\/channel\/UC-yDYrHyfFBWWZaOw3FPg9Q"]},{"@type":"Person","@id":"https:\/\/kapitalis.com\/tunisie\/#\/schema\/person\/d71f33a9ca44f7bad4698210b480c8e9","name":"webmaster kapitalis","url":"https:\/\/kapitalis.com\/tunisie\/author\/webmaster-kapitalis\/"}]}},"_links":{"self":[{"href":"https:\/\/kapitalis.com\/tunisie\/wp-json\/wp\/v2\/posts\/252010","targetHints":{"allow":["GET"]}}],"collection":[{"href":"https:\/\/kapitalis.com\/tunisie\/wp-json\/wp\/v2\/posts"}],"about":[{"href":"https:\/\/kapitalis.com\/tunisie\/wp-json\/wp\/v2\/types\/post"}],"author":[{"embeddable":true,"href":"https:\/\/kapitalis.com\/tunisie\/wp-json\/wp\/v2\/users\/8"}],"replies":[{"embeddable":true,"href":"https:\/\/kapitalis.com\/tunisie\/wp-json\/wp\/v2\/comments?post=252010"}],"version-history":[{"count":0,"href":"https:\/\/kapitalis.com\/tunisie\/wp-json\/wp\/v2\/posts\/252010\/revisions"}],"wp:attachment":[{"href":"https:\/\/kapitalis.com\/tunisie\/wp-json\/wp\/v2\/media?parent=252010"}],"wp:term":[{"taxonomy":"category","embeddable":true,"href":"https:\/\/kapitalis.com\/tunisie\/wp-json\/wp\/v2\/categories?post=252010"},{"taxonomy":"post_tag","embeddable":true,"href":"https:\/\/kapitalis.com\/tunisie\/wp-json\/wp\/v2\/tags?post=252010"}],"curies":[{"name":"wp","href":"https:\/\/api.w.org\/{rel}","templated":true}]}}