{"id":252119,"date":"2019-11-01T17:12:24","date_gmt":"2019-11-01T16:12:24","guid":{"rendered":"http:\/\/kapitalis.com\/tunisie\/?p=252119"},"modified":"2019-11-01T17:30:06","modified_gmt":"2019-11-01T16:30:06","slug":"le-nageur-tunisien-nejib-belhedi-fait-son-entree-au-guinness-des-records","status":"publish","type":"post","link":"https:\/\/kapitalis.com\/tunisie\/2019\/11\/01\/le-nageur-tunisien-nejib-belhedi-fait-son-entree-au-guinness-des-records\/","title":{"rendered":"Le nageur tunisien Nejib Belhedi fait son entr\u00e9e au Guinness des records"},"content":{"rendered":"\n<figure class=\"wp-block-image\"><img decoding=\"async\" src=\"http:\/\/kapitalis.com\/tunisie\/wp-content\/uploads\/2019\/11\/Nejib-Belhedi-Guinness-des-records.jpg\" alt=\"\" class=\"wp-image-252129\"\/><\/figure>\n\n\n\n<p><strong><em>Le c\u00e9l\u00e8bre nageur tunisien Nejib Belhedi (63 ans), lieutenant colonel de l&rsquo;arm\u00e9e de l&rsquo;air, \u00e0 la retraite, a officiellement fait son entr\u00e9e, fin octobre 2019, au Guinness Book des records.<\/em><\/strong><\/p>\n\n\n\n<!--more-->\n\n\n\n<p>Son entr\u00e9e dans le livre des records mondiaux, il la doit \u00e0 son exploit r\u00e9alis\u00e9 en septembre dernier : il avait d\u00e9croch\u00e9 le titre mondial du marathon de nage le plus durable en solo, non stop, non assist\u00e9, en eau de mer, au Sommet de l&rsquo;Eau \u00e0 Los Angeles.<\/p>\n\n\n\n<p>Nejib Belhedi a battu, lors de cette comp\u00e9tition, le record mondial en parcourant 120 km en 76h30, les 15-18 septembre 2018.<\/p>\n\n\n\n<p>En 1993, le lieutenant \u00e0 la retraite avait r\u00e9alis\u00e9 un exploit mondial en traversant la Manche en un temps record de 16h35, dans une eau o\u00f9 la temp\u00e9rature ne d\u00e9passait pas 14\u00b0C. Gr\u00e2ce \u00e0 ce record, le troph\u00e9e d\u00e9cern\u00e9 aux nageurs de la Manche porte le nom de \u00abBelhedi Trophy\u00bb, en hommage \u00e0 celui qui a \u00e9t\u00e9 le premier \u00e0 oser cette travers\u00e9e.<\/p>\n\n\n\n<p>Le nageur passionn\u00e9 s&rsquo;est \u00e9galement vu d\u00e9cerner en 2017 une autre distinction : il a \u00e9t\u00e9 choisi comme \u00ab<em>Homme mondial de l\u2019ann\u00e9e<\/em>\u00bb pour la nage en eau libre par le Word Open Waterswimming Association (Wowsa).<\/p>\n\n\n\n<p style=\"text-align:right\"><strong>Y. N.<\/strong><\/p>\n\n\n\n<figure class=\"wp-block-embed-wordpress wp-block-embed is-type-wp-embed is-provider-kapitalis\"><div class=\"wp-block-embed__wrapper\">\n<blockquote class=\"wp-embedded-content\" data-secret=\"evOUqyj8A3\"><a href=\"https:\/\/kapitalis.com\/tunisie\/2019\/08\/26\/le-tunisiens-nejib-belhedi-sera-couronne-du-titre-mondial-du-marathon-de-nage-en-eau-libre-en-octobre-2019-a-los-angeles\/\">Le Tunisiens N\u00e9jib Belh\u00e9di sera couronn\u00e9 du titre mondial du marathon de nage en eau libre, en octobre 2019 \u00e0 Los Angeles<\/a><\/blockquote><iframe loading=\"lazy\" class=\"wp-embedded-content\" sandbox=\"allow-scripts\" security=\"restricted\" style=\"position: absolute; clip: rect(1px, 1px, 1px, 1px);\" title=\"\u00ab\u00a0Le Tunisiens N\u00e9jib Belh\u00e9di sera couronn\u00e9 du titre mondial du marathon de nage en eau libre, en octobre 2019 \u00e0 Los Angeles\u00a0\u00bb &#8212; Kapitalis\" src=\"https:\/\/kapitalis.com\/tunisie\/2019\/08\/26\/le-tunisiens-nejib-belhedi-sera-couronne-du-titre-mondial-du-marathon-de-nage-en-eau-libre-en-octobre-2019-a-los-angeles\/embed\/#?secret=msTCTG59Ye#?secret=evOUqyj8A3\" data-secret=\"evOUqyj8A3\" width=\"600\" height=\"338\" frameborder=\"0\" marginwidth=\"0\" marginheight=\"0\" scrolling=\"no\"><\/iframe>\n<\/div><\/figure>\n","protected":false},"excerpt":{"rendered":"<p>Le c\u00e9l\u00e8bre nageur tunisien Nejib Belhedi (63 ans), lieutenant colonel de l&rsquo;arm\u00e9e de l&rsquo;air, \u00e0 la retraite, a officiellement fait son entr\u00e9e, fin octobre 2019, au Guinness Book des records.<\/p>\n","protected":false},"author":6,"featured_media":252129,"comment_status":"open","ping_status":"open","sticky":false,"template":"","format":"standard","meta":{"footnotes":""},"categories":[999,2433],"tags":[67816,67815,6799,62643],"class_list":["post-252119","post","type-post","status-publish","format-standard","has-post-thumbnail","hentry","category-sport","category-tunisie","tag-guinness-book-des-records","tag-larmee-de-lair","tag-los-angeles","tag-tunisie"],"yoast_head":"<!-- This site is optimized with the Yoast SEO plugin v26.6 - https:\/\/yoast.com\/wordpress\/plugins\/seo\/ -->\n<title>Le nageur tunisien Nejib Belhedi fait son entr\u00e9e au Guinness des records - Kapitalis<\/title>\n<meta name=\"robots\" content=\"index, follow, max-snippet:-1, max-image-preview:large, max-video-preview:-1\" \/>\n<link rel=\"canonical\" href=\"https:\/\/kapitalis.com\/tunisie\/2019\/11\/01\/le-nageur-tunisien-nejib-belhedi-fait-son-entree-au-guinness-des-records\/\" \/>\n<meta property=\"og:locale\" content=\"fr_FR\" \/>\n<meta property=\"og:type\" content=\"article\" \/>\n<meta property=\"og:title\" content=\"Le nageur tunisien Nejib Belhedi fait son entr\u00e9e au Guinness des records - Kapitalis\" \/>\n<meta property=\"og:description\" content=\"Le c\u00e9l\u00e8bre nageur tunisien Nejib Belhedi (63 ans), lieutenant colonel de l&rsquo;arm\u00e9e de l&rsquo;air, \u00e0 la retraite, a officiellement fait son entr\u00e9e, fin octobre 2019, au Guinness Book des records.\" \/>\n<meta property=\"og:url\" content=\"https:\/\/kapitalis.com\/tunisie\/2019\/11\/01\/le-nageur-tunisien-nejib-belhedi-fait-son-entree-au-guinness-des-records\/\" \/>\n<meta property=\"og:site_name\" content=\"Kapitalis\" \/>\n<meta property=\"article:publisher\" content=\"https:\/\/www.facebook.com\/KapitalisInfo\/\" \/>\n<meta property=\"article:published_time\" content=\"2019-11-01T16:12:24+00:00\" \/>\n<meta property=\"article:modified_time\" content=\"2019-11-01T16:30:06+00:00\" \/>\n<meta property=\"og:image\" content=\"https:\/\/kapitalis.com\/tunisie\/wp-content\/uploads\/2022\/05\/kapitalis-logo-fb.png\" \/>\n\t<meta property=\"og:image:width\" content=\"1200\" \/>\n\t<meta property=\"og:image:height\" content=\"630\" \/>\n\t<meta property=\"og:image:type\" content=\"image\/png\" \/>\n<meta name=\"author\" content=\"Yusra NY\" \/>\n<meta name=\"twitter:card\" content=\"summary_large_image\" \/>\n<meta name=\"twitter:creator\" content=\"@KapitalisInfo\" \/>\n<meta name=\"twitter:site\" content=\"@KapitalisInfo\" \/>\n<meta name=\"twitter:label1\" content=\"\u00c9crit par\" \/>\n\t<meta name=\"twitter:data1\" content=\"Yusra NY\" \/>\n\t<meta name=\"twitter:label2\" content=\"Dur\u00e9e de lecture estim\u00e9e\" \/>\n\t<meta name=\"twitter:data2\" content=\"1 minute\" \/>\n<script type=\"application\/ld+json\" class=\"yoast-schema-graph\">{\"@context\":\"https:\/\/schema.org\",\"@graph\":[{\"@type\":\"Article\",\"@id\":\"https:\/\/kapitalis.com\/tunisie\/2019\/11\/01\/le-nageur-tunisien-nejib-belhedi-fait-son-entree-au-guinness-des-records\/#article\",\"isPartOf\":{\"@id\":\"https:\/\/kapitalis.com\/tunisie\/2019\/11\/01\/le-nageur-tunisien-nejib-belhedi-fait-son-entree-au-guinness-des-records\/\"},\"author\":{\"name\":\"Yusra NY\",\"@id\":\"https:\/\/kapitalis.com\/tunisie\/#\/schema\/person\/74bbde0154d49d790a92aaeac5bc01d5\"},\"headline\":\"Le nageur tunisien Nejib Belhedi fait son entr\u00e9e au Guinness des records\",\"datePublished\":\"2019-11-01T16:12:24+00:00\",\"dateModified\":\"2019-11-01T16:30:06+00:00\",\"mainEntityOfPage\":{\"@id\":\"https:\/\/kapitalis.com\/tunisie\/2019\/11\/01\/le-nageur-tunisien-nejib-belhedi-fait-son-entree-au-guinness-des-records\/\"},\"wordCount\":222,\"commentCount\":0,\"publisher\":{\"@id\":\"https:\/\/kapitalis.com\/tunisie\/#organization\"},\"image\":{\"@id\":\"https:\/\/kapitalis.com\/tunisie\/2019\/11\/01\/le-nageur-tunisien-nejib-belhedi-fait-son-entree-au-guinness-des-records\/#primaryimage\"},\"thumbnailUrl\":\"\",\"keywords\":[\"Guinness book des records.\",\"l'arm\u00e9e de l'air\",\"Los Angeles\",\"Tunisie\"],\"articleSection\":[\"SPORT\",\"Tunisie\"],\"inLanguage\":\"fr-FR\",\"potentialAction\":[{\"@type\":\"CommentAction\",\"name\":\"Comment\",\"target\":[\"https:\/\/kapitalis.com\/tunisie\/2019\/11\/01\/le-nageur-tunisien-nejib-belhedi-fait-son-entree-au-guinness-des-records\/#respond\"]}]},{\"@type\":\"WebPage\",\"@id\":\"https:\/\/kapitalis.com\/tunisie\/2019\/11\/01\/le-nageur-tunisien-nejib-belhedi-fait-son-entree-au-guinness-des-records\/\",\"url\":\"https:\/\/kapitalis.com\/tunisie\/2019\/11\/01\/le-nageur-tunisien-nejib-belhedi-fait-son-entree-au-guinness-des-records\/\",\"name\":\"Le nageur tunisien Nejib Belhedi fait son entr\u00e9e au Guinness des records - Kapitalis\",\"isPartOf\":{\"@id\":\"https:\/\/kapitalis.com\/tunisie\/#website\"},\"primaryImageOfPage\":{\"@id\":\"https:\/\/kapitalis.com\/tunisie\/2019\/11\/01\/le-nageur-tunisien-nejib-belhedi-fait-son-entree-au-guinness-des-records\/#primaryimage\"},\"image\":{\"@id\":\"https:\/\/kapitalis.com\/tunisie\/2019\/11\/01\/le-nageur-tunisien-nejib-belhedi-fait-son-entree-au-guinness-des-records\/#primaryimage\"},\"thumbnailUrl\":\"\",\"datePublished\":\"2019-11-01T16:12:24+00:00\",\"dateModified\":\"2019-11-01T16:30:06+00:00\",\"breadcrumb\":{\"@id\":\"https:\/\/kapitalis.com\/tunisie\/2019\/11\/01\/le-nageur-tunisien-nejib-belhedi-fait-son-entree-au-guinness-des-records\/#breadcrumb\"},\"inLanguage\":\"fr-FR\",\"potentialAction\":[{\"@type\":\"ReadAction\",\"target\":[\"https:\/\/kapitalis.com\/tunisie\/2019\/11\/01\/le-nageur-tunisien-nejib-belhedi-fait-son-entree-au-guinness-des-records\/\"]}]},{\"@type\":\"ImageObject\",\"inLanguage\":\"fr-FR\",\"@id\":\"https:\/\/kapitalis.com\/tunisie\/2019\/11\/01\/le-nageur-tunisien-nejib-belhedi-fait-son-entree-au-guinness-des-records\/#primaryimage\",\"url\":\"\",\"contentUrl\":\"\"},{\"@type\":\"BreadcrumbList\",\"@id\":\"https:\/\/kapitalis.com\/tunisie\/2019\/11\/01\/le-nageur-tunisien-nejib-belhedi-fait-son-entree-au-guinness-des-records\/#breadcrumb\",\"itemListElement\":[{\"@type\":\"ListItem\",\"position\":1,\"name\":\"Accueil\",\"item\":\"https:\/\/kapitalis.com\/tunisie\/\"},{\"@type\":\"ListItem\",\"position\":2,\"name\":\"Le nageur tunisien Nejib Belhedi fait son entr\u00e9e au Guinness des records\"}]},{\"@type\":\"WebSite\",\"@id\":\"https:\/\/kapitalis.com\/tunisie\/#website\",\"url\":\"https:\/\/kapitalis.com\/tunisie\/\",\"name\":\"Kapitalis\",\"description\":\"L&#039;actualit\u00e9 en Tunisie et dans le monde\",\"publisher\":{\"@id\":\"https:\/\/kapitalis.com\/tunisie\/#organization\"},\"potentialAction\":[{\"@type\":\"SearchAction\",\"target\":{\"@type\":\"EntryPoint\",\"urlTemplate\":\"https:\/\/kapitalis.com\/tunisie\/?s={search_term_string}\"},\"query-input\":{\"@type\":\"PropertyValueSpecification\",\"valueRequired\":true,\"valueName\":\"search_term_string\"}}],\"inLanguage\":\"fr-FR\"},{\"@type\":\"Organization\",\"@id\":\"https:\/\/kapitalis.com\/tunisie\/#organization\",\"name\":\"Kapitalis\",\"url\":\"https:\/\/kapitalis.com\/tunisie\/\",\"logo\":{\"@type\":\"ImageObject\",\"inLanguage\":\"fr-FR\",\"@id\":\"https:\/\/kapitalis.com\/tunisie\/#\/schema\/logo\/image\/\",\"url\":\"https:\/\/kapitalis.com\/tunisie\/wp-content\/uploads\/2022\/05\/Kapitalis-big-size.png\",\"contentUrl\":\"https:\/\/kapitalis.com\/tunisie\/wp-content\/uploads\/2022\/05\/Kapitalis-big-size.png\",\"width\":5000,\"height\":1500,\"caption\":\"Kapitalis\"},\"image\":{\"@id\":\"https:\/\/kapitalis.com\/tunisie\/#\/schema\/logo\/image\/\"},\"sameAs\":[\"https:\/\/www.facebook.com\/KapitalisInfo\/\",\"https:\/\/x.com\/KapitalisInfo\",\"https:\/\/www.youtube.com\/channel\/UC-yDYrHyfFBWWZaOw3FPg9Q\"]},{\"@type\":\"Person\",\"@id\":\"https:\/\/kapitalis.com\/tunisie\/#\/schema\/person\/74bbde0154d49d790a92aaeac5bc01d5\",\"name\":\"Yusra NY\",\"url\":\"https:\/\/kapitalis.com\/tunisie\/author\/yuza_adam\/\"}]}<\/script>\n<!-- \/ Yoast SEO plugin. -->","yoast_head_json":{"title":"Le nageur tunisien Nejib Belhedi fait son entr\u00e9e au Guinness des records - Kapitalis","robots":{"index":"index","follow":"follow","max-snippet":"max-snippet:-1","max-image-preview":"max-image-preview:large","max-video-preview":"max-video-preview:-1"},"canonical":"https:\/\/kapitalis.com\/tunisie\/2019\/11\/01\/le-nageur-tunisien-nejib-belhedi-fait-son-entree-au-guinness-des-records\/","og_locale":"fr_FR","og_type":"article","og_title":"Le nageur tunisien Nejib Belhedi fait son entr\u00e9e au Guinness des records - Kapitalis","og_description":"Le c\u00e9l\u00e8bre nageur tunisien Nejib Belhedi (63 ans), lieutenant colonel de l&rsquo;arm\u00e9e de l&rsquo;air, \u00e0 la retraite, a officiellement fait son entr\u00e9e, fin octobre 2019, au Guinness Book des records.","og_url":"https:\/\/kapitalis.com\/tunisie\/2019\/11\/01\/le-nageur-tunisien-nejib-belhedi-fait-son-entree-au-guinness-des-records\/","og_site_name":"Kapitalis","article_publisher":"https:\/\/www.facebook.com\/KapitalisInfo\/","article_published_time":"2019-11-01T16:12:24+00:00","article_modified_time":"2019-11-01T16:30:06+00:00","og_image":[{"width":1200,"height":630,"url":"https:\/\/kapitalis.com\/tunisie\/wp-content\/uploads\/2022\/05\/kapitalis-logo-fb.png","type":"image\/png"}],"author":"Yusra NY","twitter_card":"summary_large_image","twitter_creator":"@KapitalisInfo","twitter_site":"@KapitalisInfo","twitter_misc":{"\u00c9crit par":"Yusra NY","Dur\u00e9e de lecture estim\u00e9e":"1 minute"},"schema":{"@context":"https:\/\/schema.org","@graph":[{"@type":"Article","@id":"https:\/\/kapitalis.com\/tunisie\/2019\/11\/01\/le-nageur-tunisien-nejib-belhedi-fait-son-entree-au-guinness-des-records\/#article","isPartOf":{"@id":"https:\/\/kapitalis.com\/tunisie\/2019\/11\/01\/le-nageur-tunisien-nejib-belhedi-fait-son-entree-au-guinness-des-records\/"},"author":{"name":"Yusra NY","@id":"https:\/\/kapitalis.com\/tunisie\/#\/schema\/person\/74bbde0154d49d790a92aaeac5bc01d5"},"headline":"Le nageur tunisien Nejib Belhedi fait son entr\u00e9e au Guinness des records","datePublished":"2019-11-01T16:12:24+00:00","dateModified":"2019-11-01T16:30:06+00:00","mainEntityOfPage":{"@id":"https:\/\/kapitalis.com\/tunisie\/2019\/11\/01\/le-nageur-tunisien-nejib-belhedi-fait-son-entree-au-guinness-des-records\/"},"wordCount":222,"commentCount":0,"publisher":{"@id":"https:\/\/kapitalis.com\/tunisie\/#organization"},"image":{"@id":"https:\/\/kapitalis.com\/tunisie\/2019\/11\/01\/le-nageur-tunisien-nejib-belhedi-fait-son-entree-au-guinness-des-records\/#primaryimage"},"thumbnailUrl":"","keywords":["Guinness book des records.","l'arm\u00e9e de l'air","Los Angeles","Tunisie"],"articleSection":["SPORT","Tunisie"],"inLanguage":"fr-FR","potentialAction":[{"@type":"CommentAction","name":"Comment","target":["https:\/\/kapitalis.com\/tunisie\/2019\/11\/01\/le-nageur-tunisien-nejib-belhedi-fait-son-entree-au-guinness-des-records\/#respond"]}]},{"@type":"WebPage","@id":"https:\/\/kapitalis.com\/tunisie\/2019\/11\/01\/le-nageur-tunisien-nejib-belhedi-fait-son-entree-au-guinness-des-records\/","url":"https:\/\/kapitalis.com\/tunisie\/2019\/11\/01\/le-nageur-tunisien-nejib-belhedi-fait-son-entree-au-guinness-des-records\/","name":"Le nageur tunisien Nejib Belhedi fait son entr\u00e9e au Guinness des records - Kapitalis","isPartOf":{"@id":"https:\/\/kapitalis.com\/tunisie\/#website"},"primaryImageOfPage":{"@id":"https:\/\/kapitalis.com\/tunisie\/2019\/11\/01\/le-nageur-tunisien-nejib-belhedi-fait-son-entree-au-guinness-des-records\/#primaryimage"},"image":{"@id":"https:\/\/kapitalis.com\/tunisie\/2019\/11\/01\/le-nageur-tunisien-nejib-belhedi-fait-son-entree-au-guinness-des-records\/#primaryimage"},"thumbnailUrl":"","datePublished":"2019-11-01T16:12:24+00:00","dateModified":"2019-11-01T16:30:06+00:00","breadcrumb":{"@id":"https:\/\/kapitalis.com\/tunisie\/2019\/11\/01\/le-nageur-tunisien-nejib-belhedi-fait-son-entree-au-guinness-des-records\/#breadcrumb"},"inLanguage":"fr-FR","potentialAction":[{"@type":"ReadAction","target":["https:\/\/kapitalis.com\/tunisie\/2019\/11\/01\/le-nageur-tunisien-nejib-belhedi-fait-son-entree-au-guinness-des-records\/"]}]},{"@type":"ImageObject","inLanguage":"fr-FR","@id":"https:\/\/kapitalis.com\/tunisie\/2019\/11\/01\/le-nageur-tunisien-nejib-belhedi-fait-son-entree-au-guinness-des-records\/#primaryimage","url":"","contentUrl":""},{"@type":"BreadcrumbList","@id":"https:\/\/kapitalis.com\/tunisie\/2019\/11\/01\/le-nageur-tunisien-nejib-belhedi-fait-son-entree-au-guinness-des-records\/#breadcrumb","itemListElement":[{"@type":"ListItem","position":1,"name":"Accueil","item":"https:\/\/kapitalis.com\/tunisie\/"},{"@type":"ListItem","position":2,"name":"Le nageur tunisien Nejib Belhedi fait son entr\u00e9e au Guinness des records"}]},{"@type":"WebSite","@id":"https:\/\/kapitalis.com\/tunisie\/#website","url":"https:\/\/kapitalis.com\/tunisie\/","name":"Kapitalis","description":"L&#039;actualit\u00e9 en Tunisie et dans le monde","publisher":{"@id":"https:\/\/kapitalis.com\/tunisie\/#organization"},"potentialAction":[{"@type":"SearchAction","target":{"@type":"EntryPoint","urlTemplate":"https:\/\/kapitalis.com\/tunisie\/?s={search_term_string}"},"query-input":{"@type":"PropertyValueSpecification","valueRequired":true,"valueName":"search_term_string"}}],"inLanguage":"fr-FR"},{"@type":"Organization","@id":"https:\/\/kapitalis.com\/tunisie\/#organization","name":"Kapitalis","url":"https:\/\/kapitalis.com\/tunisie\/","logo":{"@type":"ImageObject","inLanguage":"fr-FR","@id":"https:\/\/kapitalis.com\/tunisie\/#\/schema\/logo\/image\/","url":"https:\/\/kapitalis.com\/tunisie\/wp-content\/uploads\/2022\/05\/Kapitalis-big-size.png","contentUrl":"https:\/\/kapitalis.com\/tunisie\/wp-content\/uploads\/2022\/05\/Kapitalis-big-size.png","width":5000,"height":1500,"caption":"Kapitalis"},"image":{"@id":"https:\/\/kapitalis.com\/tunisie\/#\/schema\/logo\/image\/"},"sameAs":["https:\/\/www.facebook.com\/KapitalisInfo\/","https:\/\/x.com\/KapitalisInfo","https:\/\/www.youtube.com\/channel\/UC-yDYrHyfFBWWZaOw3FPg9Q"]},{"@type":"Person","@id":"https:\/\/kapitalis.com\/tunisie\/#\/schema\/person\/74bbde0154d49d790a92aaeac5bc01d5","name":"Yusra NY","url":"https:\/\/kapitalis.com\/tunisie\/author\/yuza_adam\/"}]}},"_links":{"self":[{"href":"https:\/\/kapitalis.com\/tunisie\/wp-json\/wp\/v2\/posts\/252119","targetHints":{"allow":["GET"]}}],"collection":[{"href":"https:\/\/kapitalis.com\/tunisie\/wp-json\/wp\/v2\/posts"}],"about":[{"href":"https:\/\/kapitalis.com\/tunisie\/wp-json\/wp\/v2\/types\/post"}],"author":[{"embeddable":true,"href":"https:\/\/kapitalis.com\/tunisie\/wp-json\/wp\/v2\/users\/6"}],"replies":[{"embeddable":true,"href":"https:\/\/kapitalis.com\/tunisie\/wp-json\/wp\/v2\/comments?post=252119"}],"version-history":[{"count":0,"href":"https:\/\/kapitalis.com\/tunisie\/wp-json\/wp\/v2\/posts\/252119\/revisions"}],"wp:featuredmedia":[{"embeddable":true,"href":"https:\/\/kapitalis.com\/tunisie\/wp-json\/wp\/v2\/media\/252129"}],"wp:attachment":[{"href":"https:\/\/kapitalis.com\/tunisie\/wp-json\/wp\/v2\/media?parent=252119"}],"wp:term":[{"taxonomy":"category","embeddable":true,"href":"https:\/\/kapitalis.com\/tunisie\/wp-json\/wp\/v2\/categories?post=252119"},{"taxonomy":"post_tag","embeddable":true,"href":"https:\/\/kapitalis.com\/tunisie\/wp-json\/wp\/v2\/tags?post=252119"}],"curies":[{"name":"wp","href":"https:\/\/api.w.org\/{rel}","templated":true}]}}