{"id":25293,"date":"2015-11-15T21:31:44","date_gmt":"2015-11-15T20:31:44","guid":{"rendered":"http:\/\/kapitalis.com\/tunisie\/?p=25293"},"modified":"2015-11-16T07:44:03","modified_gmt":"2015-11-16T06:44:03","slug":"mont-mghila-bilan-des-operations-militaires","status":"publish","type":"post","link":"https:\/\/kapitalis.com\/tunisie\/2015\/11\/15\/mont-mghila-bilan-des-operations-militaires\/","title":{"rendered":"Mont Mghila : Bilan des op\u00e9rations militaires"},"content":{"rendered":"<p><em><strong><img loading=\"lazy\" decoding=\"async\" class=\"size-full wp-image-25294 aligncenter\" src=\"http:\/\/kapitalis.com\/tunisie\/wp-content\/uploads\/2015\/11\/op\u00e9ration-militaire.jpeg\" alt=\"op\u00e9ration-militaire\" width=\"626\" height=\"380\" \/><\/strong><\/em><\/p>\n<p><em><strong>Un militaire est tomb\u00e9 en martyr, un terroriste a \u00e9t\u00e9 tu\u00e9 et trois autres bless\u00e9s lors des op\u00e9rations \u00e0 mont Mghila.<\/strong><\/em><\/p>\n<p><!--more--><\/p>\n<p>Un caporal-chef des forces sp\u00e9ciales de l\u2019arm\u00e9e nationale est tomb\u00e9 en martyr, dimanche 15 novembre 2015, lors d\u2019une op\u00e9ration militaire de grande envergure men\u00e9e au mont Mghila.<\/p>\n<p>Le porte-parole du minist\u00e8re de la D\u00e9fense, Belhassan Oueslati, a indiqu\u00e9 qu&rsquo;un terroriste est mort et trois autres bless\u00e9s lors de cette op\u00e9ration visant \u00e0 retrouver les terroristes responsables de la d\u00e9capitation du jeune berger, <a href=\"http:\/\/kapitalis.com\/tunisie\/2015\/11\/14\/qui-est-mabrouk-soltani-ladolescent-decapite-par-les-terroristes\/\" target=\"_blank\">Mabrouk Soltani<\/a>.<\/p>\n<p>Une arme de type kalachnikov, des munitions ainsi que cinq mines antipersonnel ont \u00e9t\u00e9 saisies.<\/p>\n<p>Rappelons que le jeune berger de 16 ans a \u00e9t\u00e9 d\u00e9capit\u00e9 par un groupe terroriste qui l\u2019accusait de collaboration avec l\u2019arm\u00e9e. Son cousin qui l\u2019accompagnait a \u00e9t\u00e9 <a href=\"http:\/\/kapitalis.com\/tunisie\/2015\/11\/14\/mabrouk-soltani-son-accompagnateur-a-ete-drogue\/\" target=\"_blank\">drogu\u00e9<\/a> et oblig\u00e9 de ramener sa t\u00eate \u00e0 sa famille.<\/p>\n<p style=\"text-align: right;\"><strong>H. K.<\/strong><\/p>\n","protected":false},"excerpt":{"rendered":"<p>Un militaire est tomb\u00e9 en martyr, un terroriste a \u00e9t\u00e9 tu\u00e9 et trois autres bless\u00e9s lors des op\u00e9rations \u00e0 mont Mghila.<\/p>\n","protected":false},"author":13,"featured_media":25294,"comment_status":"open","ping_status":"open","sticky":false,"template":"","format":"standard","meta":{"footnotes":""},"categories":[998,2433],"tags":[235,9779,581,9823,899],"class_list":["post-25293","post","type-post","status-publish","format-standard","has-post-thumbnail","hentry","category-societe","category-tunisie","tag-cooperation-militaire","tag-mabrouk-soltani","tag-martyr","tag-mont-mghila","tag-terroristes"],"yoast_head":"<!-- This site is optimized with the Yoast SEO plugin v26.6 - https:\/\/yoast.com\/wordpress\/plugins\/seo\/ -->\n<title>Mont Mghila : Bilan des op\u00e9rations militaires - Kapitalis<\/title>\n<meta name=\"robots\" content=\"index, follow, max-snippet:-1, max-image-preview:large, max-video-preview:-1\" \/>\n<link rel=\"canonical\" href=\"https:\/\/kapitalis.com\/tunisie\/2015\/11\/15\/mont-mghila-bilan-des-operations-militaires\/\" \/>\n<meta property=\"og:locale\" content=\"fr_FR\" \/>\n<meta property=\"og:type\" content=\"article\" \/>\n<meta property=\"og:title\" content=\"Mont Mghila : Bilan des op\u00e9rations militaires - Kapitalis\" \/>\n<meta property=\"og:description\" content=\"Un militaire est tomb\u00e9 en martyr, un terroriste a \u00e9t\u00e9 tu\u00e9 et trois autres bless\u00e9s lors des op\u00e9rations \u00e0 mont Mghila.\" \/>\n<meta property=\"og:url\" content=\"https:\/\/kapitalis.com\/tunisie\/2015\/11\/15\/mont-mghila-bilan-des-operations-militaires\/\" \/>\n<meta property=\"og:site_name\" content=\"Kapitalis\" \/>\n<meta property=\"article:publisher\" content=\"https:\/\/www.facebook.com\/KapitalisInfo\/\" \/>\n<meta property=\"article:published_time\" content=\"2015-11-15T20:31:44+00:00\" \/>\n<meta property=\"article:modified_time\" content=\"2015-11-16T06:44:03+00:00\" \/>\n<meta property=\"og:image\" content=\"https:\/\/kapitalis.com\/tunisie\/wp-content\/uploads\/2022\/05\/kapitalis-logo-fb.png\" \/>\n\t<meta property=\"og:image:width\" content=\"1200\" \/>\n\t<meta property=\"og:image:height\" content=\"630\" \/>\n\t<meta property=\"og:image:type\" content=\"image\/png\" \/>\n<meta name=\"author\" content=\"webmaster aux\" \/>\n<meta name=\"twitter:card\" content=\"summary_large_image\" \/>\n<meta name=\"twitter:creator\" content=\"@KapitalisInfo\" \/>\n<meta name=\"twitter:site\" content=\"@KapitalisInfo\" \/>\n<meta name=\"twitter:label1\" content=\"\u00c9crit par\" \/>\n\t<meta name=\"twitter:data1\" content=\"webmaster aux\" \/>\n\t<meta name=\"twitter:label2\" content=\"Dur\u00e9e de lecture estim\u00e9e\" \/>\n\t<meta name=\"twitter:data2\" content=\"1 minute\" \/>\n<script type=\"application\/ld+json\" class=\"yoast-schema-graph\">{\"@context\":\"https:\/\/schema.org\",\"@graph\":[{\"@type\":\"Article\",\"@id\":\"https:\/\/kapitalis.com\/tunisie\/2015\/11\/15\/mont-mghila-bilan-des-operations-militaires\/#article\",\"isPartOf\":{\"@id\":\"https:\/\/kapitalis.com\/tunisie\/2015\/11\/15\/mont-mghila-bilan-des-operations-militaires\/\"},\"author\":{\"name\":\"webmaster aux\",\"@id\":\"https:\/\/kapitalis.com\/tunisie\/#\/schema\/person\/aa8b4a429805c4e3f0713a3c3f95212b\"},\"headline\":\"Mont Mghila : Bilan des op\u00e9rations militaires\",\"datePublished\":\"2015-11-15T20:31:44+00:00\",\"dateModified\":\"2015-11-16T06:44:03+00:00\",\"mainEntityOfPage\":{\"@id\":\"https:\/\/kapitalis.com\/tunisie\/2015\/11\/15\/mont-mghila-bilan-des-operations-militaires\/\"},\"wordCount\":159,\"commentCount\":0,\"publisher\":{\"@id\":\"https:\/\/kapitalis.com\/tunisie\/#organization\"},\"image\":{\"@id\":\"https:\/\/kapitalis.com\/tunisie\/2015\/11\/15\/mont-mghila-bilan-des-operations-militaires\/#primaryimage\"},\"thumbnailUrl\":\"\",\"keywords\":[\"coop\u00e9ration militaire\",\"Mabrouk Soltani\",\"martyr\",\"mont Mghila\",\"terroristes\"],\"articleSection\":[\"SOCIETE\",\"Tunisie\"],\"inLanguage\":\"fr-FR\",\"potentialAction\":[{\"@type\":\"CommentAction\",\"name\":\"Comment\",\"target\":[\"https:\/\/kapitalis.com\/tunisie\/2015\/11\/15\/mont-mghila-bilan-des-operations-militaires\/#respond\"]}]},{\"@type\":\"WebPage\",\"@id\":\"https:\/\/kapitalis.com\/tunisie\/2015\/11\/15\/mont-mghila-bilan-des-operations-militaires\/\",\"url\":\"https:\/\/kapitalis.com\/tunisie\/2015\/11\/15\/mont-mghila-bilan-des-operations-militaires\/\",\"name\":\"Mont Mghila : Bilan des op\u00e9rations militaires - Kapitalis\",\"isPartOf\":{\"@id\":\"https:\/\/kapitalis.com\/tunisie\/#website\"},\"primaryImageOfPage\":{\"@id\":\"https:\/\/kapitalis.com\/tunisie\/2015\/11\/15\/mont-mghila-bilan-des-operations-militaires\/#primaryimage\"},\"image\":{\"@id\":\"https:\/\/kapitalis.com\/tunisie\/2015\/11\/15\/mont-mghila-bilan-des-operations-militaires\/#primaryimage\"},\"thumbnailUrl\":\"\",\"datePublished\":\"2015-11-15T20:31:44+00:00\",\"dateModified\":\"2015-11-16T06:44:03+00:00\",\"breadcrumb\":{\"@id\":\"https:\/\/kapitalis.com\/tunisie\/2015\/11\/15\/mont-mghila-bilan-des-operations-militaires\/#breadcrumb\"},\"inLanguage\":\"fr-FR\",\"potentialAction\":[{\"@type\":\"ReadAction\",\"target\":[\"https:\/\/kapitalis.com\/tunisie\/2015\/11\/15\/mont-mghila-bilan-des-operations-militaires\/\"]}]},{\"@type\":\"ImageObject\",\"inLanguage\":\"fr-FR\",\"@id\":\"https:\/\/kapitalis.com\/tunisie\/2015\/11\/15\/mont-mghila-bilan-des-operations-militaires\/#primaryimage\",\"url\":\"\",\"contentUrl\":\"\"},{\"@type\":\"BreadcrumbList\",\"@id\":\"https:\/\/kapitalis.com\/tunisie\/2015\/11\/15\/mont-mghila-bilan-des-operations-militaires\/#breadcrumb\",\"itemListElement\":[{\"@type\":\"ListItem\",\"position\":1,\"name\":\"Accueil\",\"item\":\"https:\/\/kapitalis.com\/tunisie\/\"},{\"@type\":\"ListItem\",\"position\":2,\"name\":\"Mont Mghila : Bilan des op\u00e9rations militaires\"}]},{\"@type\":\"WebSite\",\"@id\":\"https:\/\/kapitalis.com\/tunisie\/#website\",\"url\":\"https:\/\/kapitalis.com\/tunisie\/\",\"name\":\"Kapitalis\",\"description\":\"L&#039;actualit\u00e9 en Tunisie et dans le monde\",\"publisher\":{\"@id\":\"https:\/\/kapitalis.com\/tunisie\/#organization\"},\"potentialAction\":[{\"@type\":\"SearchAction\",\"target\":{\"@type\":\"EntryPoint\",\"urlTemplate\":\"https:\/\/kapitalis.com\/tunisie\/?s={search_term_string}\"},\"query-input\":{\"@type\":\"PropertyValueSpecification\",\"valueRequired\":true,\"valueName\":\"search_term_string\"}}],\"inLanguage\":\"fr-FR\"},{\"@type\":\"Organization\",\"@id\":\"https:\/\/kapitalis.com\/tunisie\/#organization\",\"name\":\"Kapitalis\",\"url\":\"https:\/\/kapitalis.com\/tunisie\/\",\"logo\":{\"@type\":\"ImageObject\",\"inLanguage\":\"fr-FR\",\"@id\":\"https:\/\/kapitalis.com\/tunisie\/#\/schema\/logo\/image\/\",\"url\":\"https:\/\/kapitalis.com\/tunisie\/wp-content\/uploads\/2022\/05\/Kapitalis-big-size.png\",\"contentUrl\":\"https:\/\/kapitalis.com\/tunisie\/wp-content\/uploads\/2022\/05\/Kapitalis-big-size.png\",\"width\":5000,\"height\":1500,\"caption\":\"Kapitalis\"},\"image\":{\"@id\":\"https:\/\/kapitalis.com\/tunisie\/#\/schema\/logo\/image\/\"},\"sameAs\":[\"https:\/\/www.facebook.com\/KapitalisInfo\/\",\"https:\/\/x.com\/KapitalisInfo\",\"https:\/\/www.youtube.com\/channel\/UC-yDYrHyfFBWWZaOw3FPg9Q\"]},{\"@type\":\"Person\",\"@id\":\"https:\/\/kapitalis.com\/tunisie\/#\/schema\/person\/aa8b4a429805c4e3f0713a3c3f95212b\",\"name\":\"webmaster aux\",\"url\":\"https:\/\/kapitalis.com\/tunisie\/author\/webmasteraux\/\"}]}<\/script>\n<!-- \/ Yoast SEO plugin. -->","yoast_head_json":{"title":"Mont Mghila : Bilan des op\u00e9rations militaires - Kapitalis","robots":{"index":"index","follow":"follow","max-snippet":"max-snippet:-1","max-image-preview":"max-image-preview:large","max-video-preview":"max-video-preview:-1"},"canonical":"https:\/\/kapitalis.com\/tunisie\/2015\/11\/15\/mont-mghila-bilan-des-operations-militaires\/","og_locale":"fr_FR","og_type":"article","og_title":"Mont Mghila : Bilan des op\u00e9rations militaires - Kapitalis","og_description":"Un militaire est tomb\u00e9 en martyr, un terroriste a \u00e9t\u00e9 tu\u00e9 et trois autres bless\u00e9s lors des op\u00e9rations \u00e0 mont Mghila.","og_url":"https:\/\/kapitalis.com\/tunisie\/2015\/11\/15\/mont-mghila-bilan-des-operations-militaires\/","og_site_name":"Kapitalis","article_publisher":"https:\/\/www.facebook.com\/KapitalisInfo\/","article_published_time":"2015-11-15T20:31:44+00:00","article_modified_time":"2015-11-16T06:44:03+00:00","og_image":[{"width":1200,"height":630,"url":"https:\/\/kapitalis.com\/tunisie\/wp-content\/uploads\/2022\/05\/kapitalis-logo-fb.png","type":"image\/png"}],"author":"webmaster aux","twitter_card":"summary_large_image","twitter_creator":"@KapitalisInfo","twitter_site":"@KapitalisInfo","twitter_misc":{"\u00c9crit par":"webmaster aux","Dur\u00e9e de lecture estim\u00e9e":"1 minute"},"schema":{"@context":"https:\/\/schema.org","@graph":[{"@type":"Article","@id":"https:\/\/kapitalis.com\/tunisie\/2015\/11\/15\/mont-mghila-bilan-des-operations-militaires\/#article","isPartOf":{"@id":"https:\/\/kapitalis.com\/tunisie\/2015\/11\/15\/mont-mghila-bilan-des-operations-militaires\/"},"author":{"name":"webmaster aux","@id":"https:\/\/kapitalis.com\/tunisie\/#\/schema\/person\/aa8b4a429805c4e3f0713a3c3f95212b"},"headline":"Mont Mghila : Bilan des op\u00e9rations militaires","datePublished":"2015-11-15T20:31:44+00:00","dateModified":"2015-11-16T06:44:03+00:00","mainEntityOfPage":{"@id":"https:\/\/kapitalis.com\/tunisie\/2015\/11\/15\/mont-mghila-bilan-des-operations-militaires\/"},"wordCount":159,"commentCount":0,"publisher":{"@id":"https:\/\/kapitalis.com\/tunisie\/#organization"},"image":{"@id":"https:\/\/kapitalis.com\/tunisie\/2015\/11\/15\/mont-mghila-bilan-des-operations-militaires\/#primaryimage"},"thumbnailUrl":"","keywords":["coop\u00e9ration militaire","Mabrouk Soltani","martyr","mont Mghila","terroristes"],"articleSection":["SOCIETE","Tunisie"],"inLanguage":"fr-FR","potentialAction":[{"@type":"CommentAction","name":"Comment","target":["https:\/\/kapitalis.com\/tunisie\/2015\/11\/15\/mont-mghila-bilan-des-operations-militaires\/#respond"]}]},{"@type":"WebPage","@id":"https:\/\/kapitalis.com\/tunisie\/2015\/11\/15\/mont-mghila-bilan-des-operations-militaires\/","url":"https:\/\/kapitalis.com\/tunisie\/2015\/11\/15\/mont-mghila-bilan-des-operations-militaires\/","name":"Mont Mghila : Bilan des op\u00e9rations militaires - Kapitalis","isPartOf":{"@id":"https:\/\/kapitalis.com\/tunisie\/#website"},"primaryImageOfPage":{"@id":"https:\/\/kapitalis.com\/tunisie\/2015\/11\/15\/mont-mghila-bilan-des-operations-militaires\/#primaryimage"},"image":{"@id":"https:\/\/kapitalis.com\/tunisie\/2015\/11\/15\/mont-mghila-bilan-des-operations-militaires\/#primaryimage"},"thumbnailUrl":"","datePublished":"2015-11-15T20:31:44+00:00","dateModified":"2015-11-16T06:44:03+00:00","breadcrumb":{"@id":"https:\/\/kapitalis.com\/tunisie\/2015\/11\/15\/mont-mghila-bilan-des-operations-militaires\/#breadcrumb"},"inLanguage":"fr-FR","potentialAction":[{"@type":"ReadAction","target":["https:\/\/kapitalis.com\/tunisie\/2015\/11\/15\/mont-mghila-bilan-des-operations-militaires\/"]}]},{"@type":"ImageObject","inLanguage":"fr-FR","@id":"https:\/\/kapitalis.com\/tunisie\/2015\/11\/15\/mont-mghila-bilan-des-operations-militaires\/#primaryimage","url":"","contentUrl":""},{"@type":"BreadcrumbList","@id":"https:\/\/kapitalis.com\/tunisie\/2015\/11\/15\/mont-mghila-bilan-des-operations-militaires\/#breadcrumb","itemListElement":[{"@type":"ListItem","position":1,"name":"Accueil","item":"https:\/\/kapitalis.com\/tunisie\/"},{"@type":"ListItem","position":2,"name":"Mont Mghila : Bilan des op\u00e9rations militaires"}]},{"@type":"WebSite","@id":"https:\/\/kapitalis.com\/tunisie\/#website","url":"https:\/\/kapitalis.com\/tunisie\/","name":"Kapitalis","description":"L&#039;actualit\u00e9 en Tunisie et dans le monde","publisher":{"@id":"https:\/\/kapitalis.com\/tunisie\/#organization"},"potentialAction":[{"@type":"SearchAction","target":{"@type":"EntryPoint","urlTemplate":"https:\/\/kapitalis.com\/tunisie\/?s={search_term_string}"},"query-input":{"@type":"PropertyValueSpecification","valueRequired":true,"valueName":"search_term_string"}}],"inLanguage":"fr-FR"},{"@type":"Organization","@id":"https:\/\/kapitalis.com\/tunisie\/#organization","name":"Kapitalis","url":"https:\/\/kapitalis.com\/tunisie\/","logo":{"@type":"ImageObject","inLanguage":"fr-FR","@id":"https:\/\/kapitalis.com\/tunisie\/#\/schema\/logo\/image\/","url":"https:\/\/kapitalis.com\/tunisie\/wp-content\/uploads\/2022\/05\/Kapitalis-big-size.png","contentUrl":"https:\/\/kapitalis.com\/tunisie\/wp-content\/uploads\/2022\/05\/Kapitalis-big-size.png","width":5000,"height":1500,"caption":"Kapitalis"},"image":{"@id":"https:\/\/kapitalis.com\/tunisie\/#\/schema\/logo\/image\/"},"sameAs":["https:\/\/www.facebook.com\/KapitalisInfo\/","https:\/\/x.com\/KapitalisInfo","https:\/\/www.youtube.com\/channel\/UC-yDYrHyfFBWWZaOw3FPg9Q"]},{"@type":"Person","@id":"https:\/\/kapitalis.com\/tunisie\/#\/schema\/person\/aa8b4a429805c4e3f0713a3c3f95212b","name":"webmaster aux","url":"https:\/\/kapitalis.com\/tunisie\/author\/webmasteraux\/"}]}},"_links":{"self":[{"href":"https:\/\/kapitalis.com\/tunisie\/wp-json\/wp\/v2\/posts\/25293","targetHints":{"allow":["GET"]}}],"collection":[{"href":"https:\/\/kapitalis.com\/tunisie\/wp-json\/wp\/v2\/posts"}],"about":[{"href":"https:\/\/kapitalis.com\/tunisie\/wp-json\/wp\/v2\/types\/post"}],"author":[{"embeddable":true,"href":"https:\/\/kapitalis.com\/tunisie\/wp-json\/wp\/v2\/users\/13"}],"replies":[{"embeddable":true,"href":"https:\/\/kapitalis.com\/tunisie\/wp-json\/wp\/v2\/comments?post=25293"}],"version-history":[{"count":0,"href":"https:\/\/kapitalis.com\/tunisie\/wp-json\/wp\/v2\/posts\/25293\/revisions"}],"wp:featuredmedia":[{"embeddable":true,"href":"https:\/\/kapitalis.com\/tunisie\/wp-json\/wp\/v2\/media\/25294"}],"wp:attachment":[{"href":"https:\/\/kapitalis.com\/tunisie\/wp-json\/wp\/v2\/media?parent=25293"}],"wp:term":[{"taxonomy":"category","embeddable":true,"href":"https:\/\/kapitalis.com\/tunisie\/wp-json\/wp\/v2\/categories?post=25293"},{"taxonomy":"post_tag","embeddable":true,"href":"https:\/\/kapitalis.com\/tunisie\/wp-json\/wp\/v2\/tags?post=25293"}],"curies":[{"name":"wp","href":"https:\/\/api.w.org\/{rel}","templated":true}]}}