{"id":25305,"date":"2015-11-15T22:29:11","date_gmt":"2015-11-15T21:29:11","guid":{"rendered":"http:\/\/kapitalis.com\/tunisie\/?p=25305"},"modified":"2015-11-16T07:46:20","modified_gmt":"2015-11-16T06:46:20","slug":"attaques-de-paris-la-france-riposte","status":"publish","type":"post","link":"https:\/\/kapitalis.com\/tunisie\/2015\/11\/15\/attaques-de-paris-la-france-riposte\/","title":{"rendered":"Attaques de Paris : La France riposte en Syrie"},"content":{"rendered":"<p><em><strong><img loading=\"lazy\" decoding=\"async\" class=\"size-full wp-image-25306 aligncenter\" src=\"http:\/\/kapitalis.com\/tunisie\/wp-content\/uploads\/2015\/11\/La-France-bombarde-daech.jpeg\" alt=\"La-France-bombarde-daech\" width=\"626\" height=\"380\" \/><\/strong><\/em><\/p>\n<p><em><strong>En r\u00e9action aux attaques terroristes de Paris, les avions militaires fran\u00e7ais ont massivement bombard\u00e9 des camps de Daech \u00e0 Raqqa en Syrie.<\/strong><\/em><\/p>\n<p><!--more--><\/p>\n<p>Le minist\u00e8re fran\u00e7ais de la D\u00e9fense a annonc\u00e9 que 20 bombes ont \u00e9t\u00e9 largu\u00e9es aujourd\u2019hui, dimanche 15 novembre 2015, d\u00e9truisant un poste de commandement et un camp d&rsquo;entra\u00eenement de l&rsquo;organisation Etat islamique (Daech) \u00e0 Raqqa en Syrie.<\/p>\n<p>L\u2019agence AFP avance, en outre, que les dirigeants des pays du G20 s\u2019appr\u00eatent \u00e0 prendre une s\u00e9rie de mesures en rapport avec la gestion des fronti\u00e8res afin de lutter contre la <em>\u00abcirculation croissante de terroristes \u00e9trangers\u00bb<\/em>.<\/p>\n<p>C\u00f4t\u00e9 <a href=\"http:\/\/kapitalis.com\/tunisie\/2015\/11\/15\/attentats-de-paris-ce-que-lon-sait\/\" target=\"_blank\">enqu\u00eate<\/a>, la police fran\u00e7aise a lanc\u00e9 un avis de recherche concernant un certain Salah Abdeslam, suspect\u00e9 d\u2019implication dans les attaques qui ont fait 129 morts \u00e0 Paris le 13 novembre 2015.<\/p>\n<p style=\"text-align: right;\"><strong>H. K.<\/strong><\/p>\n","protected":false},"excerpt":{"rendered":"<p>En r\u00e9action aux attaques terroristes de Paris, les avions militaires fran\u00e7ais ont massivement bombard\u00e9 des camps de Daech \u00e0 Raqqa en Syrie.<\/p>\n","protected":false},"author":13,"featured_media":25306,"comment_status":"open","ping_status":"open","sticky":false,"template":"","format":"standard","meta":{"footnotes":""},"categories":[998],"tags":[2105,9824,395,1364,873],"class_list":["post-25305","post","type-post","status-publish","format-standard","has-post-thumbnail","hentry","category-societe","tag-attaques-terroristes","tag-bombardement","tag-france","tag-paris","tag-syrie"],"yoast_head":"<!-- This site is optimized with the Yoast SEO plugin v26.6 - https:\/\/yoast.com\/wordpress\/plugins\/seo\/ -->\n<title>Attaques de Paris : La France riposte en Syrie - Kapitalis<\/title>\n<meta name=\"robots\" content=\"index, follow, max-snippet:-1, max-image-preview:large, max-video-preview:-1\" \/>\n<link rel=\"canonical\" href=\"https:\/\/kapitalis.com\/tunisie\/2015\/11\/15\/attaques-de-paris-la-france-riposte\/\" \/>\n<meta property=\"og:locale\" content=\"fr_FR\" \/>\n<meta property=\"og:type\" content=\"article\" \/>\n<meta property=\"og:title\" content=\"Attaques de Paris : La France riposte en Syrie - Kapitalis\" \/>\n<meta property=\"og:description\" content=\"En r\u00e9action aux attaques terroristes de Paris, les avions militaires fran\u00e7ais ont massivement bombard\u00e9 des camps de Daech \u00e0 Raqqa en Syrie.\" \/>\n<meta property=\"og:url\" content=\"https:\/\/kapitalis.com\/tunisie\/2015\/11\/15\/attaques-de-paris-la-france-riposte\/\" \/>\n<meta property=\"og:site_name\" content=\"Kapitalis\" \/>\n<meta property=\"article:publisher\" content=\"https:\/\/www.facebook.com\/KapitalisInfo\/\" \/>\n<meta property=\"article:published_time\" content=\"2015-11-15T21:29:11+00:00\" \/>\n<meta property=\"article:modified_time\" content=\"2015-11-16T06:46:20+00:00\" \/>\n<meta property=\"og:image\" content=\"https:\/\/kapitalis.com\/tunisie\/wp-content\/uploads\/2022\/05\/kapitalis-logo-fb.png\" \/>\n\t<meta property=\"og:image:width\" content=\"1200\" \/>\n\t<meta property=\"og:image:height\" content=\"630\" \/>\n\t<meta property=\"og:image:type\" content=\"image\/png\" \/>\n<meta name=\"author\" content=\"webmaster aux\" \/>\n<meta name=\"twitter:card\" content=\"summary_large_image\" \/>\n<meta name=\"twitter:creator\" content=\"@KapitalisInfo\" \/>\n<meta name=\"twitter:site\" content=\"@KapitalisInfo\" \/>\n<meta name=\"twitter:label1\" content=\"\u00c9crit par\" \/>\n\t<meta name=\"twitter:data1\" content=\"webmaster aux\" \/>\n\t<meta name=\"twitter:label2\" content=\"Dur\u00e9e de lecture estim\u00e9e\" \/>\n\t<meta name=\"twitter:data2\" content=\"1 minute\" \/>\n<script type=\"application\/ld+json\" class=\"yoast-schema-graph\">{\"@context\":\"https:\/\/schema.org\",\"@graph\":[{\"@type\":\"Article\",\"@id\":\"https:\/\/kapitalis.com\/tunisie\/2015\/11\/15\/attaques-de-paris-la-france-riposte\/#article\",\"isPartOf\":{\"@id\":\"https:\/\/kapitalis.com\/tunisie\/2015\/11\/15\/attaques-de-paris-la-france-riposte\/\"},\"author\":{\"name\":\"webmaster aux\",\"@id\":\"https:\/\/kapitalis.com\/tunisie\/#\/schema\/person\/aa8b4a429805c4e3f0713a3c3f95212b\"},\"headline\":\"Attaques de Paris : La France riposte en Syrie\",\"datePublished\":\"2015-11-15T21:29:11+00:00\",\"dateModified\":\"2015-11-16T06:46:20+00:00\",\"mainEntityOfPage\":{\"@id\":\"https:\/\/kapitalis.com\/tunisie\/2015\/11\/15\/attaques-de-paris-la-france-riposte\/\"},\"wordCount\":145,\"commentCount\":1,\"publisher\":{\"@id\":\"https:\/\/kapitalis.com\/tunisie\/#organization\"},\"image\":{\"@id\":\"https:\/\/kapitalis.com\/tunisie\/2015\/11\/15\/attaques-de-paris-la-france-riposte\/#primaryimage\"},\"thumbnailUrl\":\"\",\"keywords\":[\"attaques terroristes\",\"bombardement\",\"France\",\"Paris\",\"Syrie\"],\"articleSection\":[\"SOCIETE\"],\"inLanguage\":\"fr-FR\",\"potentialAction\":[{\"@type\":\"CommentAction\",\"name\":\"Comment\",\"target\":[\"https:\/\/kapitalis.com\/tunisie\/2015\/11\/15\/attaques-de-paris-la-france-riposte\/#respond\"]}]},{\"@type\":\"WebPage\",\"@id\":\"https:\/\/kapitalis.com\/tunisie\/2015\/11\/15\/attaques-de-paris-la-france-riposte\/\",\"url\":\"https:\/\/kapitalis.com\/tunisie\/2015\/11\/15\/attaques-de-paris-la-france-riposte\/\",\"name\":\"Attaques de Paris : La France riposte en Syrie - Kapitalis\",\"isPartOf\":{\"@id\":\"https:\/\/kapitalis.com\/tunisie\/#website\"},\"primaryImageOfPage\":{\"@id\":\"https:\/\/kapitalis.com\/tunisie\/2015\/11\/15\/attaques-de-paris-la-france-riposte\/#primaryimage\"},\"image\":{\"@id\":\"https:\/\/kapitalis.com\/tunisie\/2015\/11\/15\/attaques-de-paris-la-france-riposte\/#primaryimage\"},\"thumbnailUrl\":\"\",\"datePublished\":\"2015-11-15T21:29:11+00:00\",\"dateModified\":\"2015-11-16T06:46:20+00:00\",\"breadcrumb\":{\"@id\":\"https:\/\/kapitalis.com\/tunisie\/2015\/11\/15\/attaques-de-paris-la-france-riposte\/#breadcrumb\"},\"inLanguage\":\"fr-FR\",\"potentialAction\":[{\"@type\":\"ReadAction\",\"target\":[\"https:\/\/kapitalis.com\/tunisie\/2015\/11\/15\/attaques-de-paris-la-france-riposte\/\"]}]},{\"@type\":\"ImageObject\",\"inLanguage\":\"fr-FR\",\"@id\":\"https:\/\/kapitalis.com\/tunisie\/2015\/11\/15\/attaques-de-paris-la-france-riposte\/#primaryimage\",\"url\":\"\",\"contentUrl\":\"\"},{\"@type\":\"BreadcrumbList\",\"@id\":\"https:\/\/kapitalis.com\/tunisie\/2015\/11\/15\/attaques-de-paris-la-france-riposte\/#breadcrumb\",\"itemListElement\":[{\"@type\":\"ListItem\",\"position\":1,\"name\":\"Accueil\",\"item\":\"https:\/\/kapitalis.com\/tunisie\/\"},{\"@type\":\"ListItem\",\"position\":2,\"name\":\"Attaques de Paris : La France riposte en Syrie\"}]},{\"@type\":\"WebSite\",\"@id\":\"https:\/\/kapitalis.com\/tunisie\/#website\",\"url\":\"https:\/\/kapitalis.com\/tunisie\/\",\"name\":\"Kapitalis\",\"description\":\"L&#039;actualit\u00e9 en Tunisie et dans le monde\",\"publisher\":{\"@id\":\"https:\/\/kapitalis.com\/tunisie\/#organization\"},\"potentialAction\":[{\"@type\":\"SearchAction\",\"target\":{\"@type\":\"EntryPoint\",\"urlTemplate\":\"https:\/\/kapitalis.com\/tunisie\/?s={search_term_string}\"},\"query-input\":{\"@type\":\"PropertyValueSpecification\",\"valueRequired\":true,\"valueName\":\"search_term_string\"}}],\"inLanguage\":\"fr-FR\"},{\"@type\":\"Organization\",\"@id\":\"https:\/\/kapitalis.com\/tunisie\/#organization\",\"name\":\"Kapitalis\",\"url\":\"https:\/\/kapitalis.com\/tunisie\/\",\"logo\":{\"@type\":\"ImageObject\",\"inLanguage\":\"fr-FR\",\"@id\":\"https:\/\/kapitalis.com\/tunisie\/#\/schema\/logo\/image\/\",\"url\":\"https:\/\/kapitalis.com\/tunisie\/wp-content\/uploads\/2022\/05\/Kapitalis-big-size.png\",\"contentUrl\":\"https:\/\/kapitalis.com\/tunisie\/wp-content\/uploads\/2022\/05\/Kapitalis-big-size.png\",\"width\":5000,\"height\":1500,\"caption\":\"Kapitalis\"},\"image\":{\"@id\":\"https:\/\/kapitalis.com\/tunisie\/#\/schema\/logo\/image\/\"},\"sameAs\":[\"https:\/\/www.facebook.com\/KapitalisInfo\/\",\"https:\/\/x.com\/KapitalisInfo\",\"https:\/\/www.youtube.com\/channel\/UC-yDYrHyfFBWWZaOw3FPg9Q\"]},{\"@type\":\"Person\",\"@id\":\"https:\/\/kapitalis.com\/tunisie\/#\/schema\/person\/aa8b4a429805c4e3f0713a3c3f95212b\",\"name\":\"webmaster aux\",\"url\":\"https:\/\/kapitalis.com\/tunisie\/author\/webmasteraux\/\"}]}<\/script>\n<!-- \/ Yoast SEO plugin. -->","yoast_head_json":{"title":"Attaques de Paris : La France riposte en Syrie - Kapitalis","robots":{"index":"index","follow":"follow","max-snippet":"max-snippet:-1","max-image-preview":"max-image-preview:large","max-video-preview":"max-video-preview:-1"},"canonical":"https:\/\/kapitalis.com\/tunisie\/2015\/11\/15\/attaques-de-paris-la-france-riposte\/","og_locale":"fr_FR","og_type":"article","og_title":"Attaques de Paris : La France riposte en Syrie - Kapitalis","og_description":"En r\u00e9action aux attaques terroristes de Paris, les avions militaires fran\u00e7ais ont massivement bombard\u00e9 des camps de Daech \u00e0 Raqqa en Syrie.","og_url":"https:\/\/kapitalis.com\/tunisie\/2015\/11\/15\/attaques-de-paris-la-france-riposte\/","og_site_name":"Kapitalis","article_publisher":"https:\/\/www.facebook.com\/KapitalisInfo\/","article_published_time":"2015-11-15T21:29:11+00:00","article_modified_time":"2015-11-16T06:46:20+00:00","og_image":[{"width":1200,"height":630,"url":"https:\/\/kapitalis.com\/tunisie\/wp-content\/uploads\/2022\/05\/kapitalis-logo-fb.png","type":"image\/png"}],"author":"webmaster aux","twitter_card":"summary_large_image","twitter_creator":"@KapitalisInfo","twitter_site":"@KapitalisInfo","twitter_misc":{"\u00c9crit par":"webmaster aux","Dur\u00e9e de lecture estim\u00e9e":"1 minute"},"schema":{"@context":"https:\/\/schema.org","@graph":[{"@type":"Article","@id":"https:\/\/kapitalis.com\/tunisie\/2015\/11\/15\/attaques-de-paris-la-france-riposte\/#article","isPartOf":{"@id":"https:\/\/kapitalis.com\/tunisie\/2015\/11\/15\/attaques-de-paris-la-france-riposte\/"},"author":{"name":"webmaster aux","@id":"https:\/\/kapitalis.com\/tunisie\/#\/schema\/person\/aa8b4a429805c4e3f0713a3c3f95212b"},"headline":"Attaques de Paris : La France riposte en Syrie","datePublished":"2015-11-15T21:29:11+00:00","dateModified":"2015-11-16T06:46:20+00:00","mainEntityOfPage":{"@id":"https:\/\/kapitalis.com\/tunisie\/2015\/11\/15\/attaques-de-paris-la-france-riposte\/"},"wordCount":145,"commentCount":1,"publisher":{"@id":"https:\/\/kapitalis.com\/tunisie\/#organization"},"image":{"@id":"https:\/\/kapitalis.com\/tunisie\/2015\/11\/15\/attaques-de-paris-la-france-riposte\/#primaryimage"},"thumbnailUrl":"","keywords":["attaques terroristes","bombardement","France","Paris","Syrie"],"articleSection":["SOCIETE"],"inLanguage":"fr-FR","potentialAction":[{"@type":"CommentAction","name":"Comment","target":["https:\/\/kapitalis.com\/tunisie\/2015\/11\/15\/attaques-de-paris-la-france-riposte\/#respond"]}]},{"@type":"WebPage","@id":"https:\/\/kapitalis.com\/tunisie\/2015\/11\/15\/attaques-de-paris-la-france-riposte\/","url":"https:\/\/kapitalis.com\/tunisie\/2015\/11\/15\/attaques-de-paris-la-france-riposte\/","name":"Attaques de Paris : La France riposte en Syrie - Kapitalis","isPartOf":{"@id":"https:\/\/kapitalis.com\/tunisie\/#website"},"primaryImageOfPage":{"@id":"https:\/\/kapitalis.com\/tunisie\/2015\/11\/15\/attaques-de-paris-la-france-riposte\/#primaryimage"},"image":{"@id":"https:\/\/kapitalis.com\/tunisie\/2015\/11\/15\/attaques-de-paris-la-france-riposte\/#primaryimage"},"thumbnailUrl":"","datePublished":"2015-11-15T21:29:11+00:00","dateModified":"2015-11-16T06:46:20+00:00","breadcrumb":{"@id":"https:\/\/kapitalis.com\/tunisie\/2015\/11\/15\/attaques-de-paris-la-france-riposte\/#breadcrumb"},"inLanguage":"fr-FR","potentialAction":[{"@type":"ReadAction","target":["https:\/\/kapitalis.com\/tunisie\/2015\/11\/15\/attaques-de-paris-la-france-riposte\/"]}]},{"@type":"ImageObject","inLanguage":"fr-FR","@id":"https:\/\/kapitalis.com\/tunisie\/2015\/11\/15\/attaques-de-paris-la-france-riposte\/#primaryimage","url":"","contentUrl":""},{"@type":"BreadcrumbList","@id":"https:\/\/kapitalis.com\/tunisie\/2015\/11\/15\/attaques-de-paris-la-france-riposte\/#breadcrumb","itemListElement":[{"@type":"ListItem","position":1,"name":"Accueil","item":"https:\/\/kapitalis.com\/tunisie\/"},{"@type":"ListItem","position":2,"name":"Attaques de Paris : La France riposte en Syrie"}]},{"@type":"WebSite","@id":"https:\/\/kapitalis.com\/tunisie\/#website","url":"https:\/\/kapitalis.com\/tunisie\/","name":"Kapitalis","description":"L&#039;actualit\u00e9 en Tunisie et dans le monde","publisher":{"@id":"https:\/\/kapitalis.com\/tunisie\/#organization"},"potentialAction":[{"@type":"SearchAction","target":{"@type":"EntryPoint","urlTemplate":"https:\/\/kapitalis.com\/tunisie\/?s={search_term_string}"},"query-input":{"@type":"PropertyValueSpecification","valueRequired":true,"valueName":"search_term_string"}}],"inLanguage":"fr-FR"},{"@type":"Organization","@id":"https:\/\/kapitalis.com\/tunisie\/#organization","name":"Kapitalis","url":"https:\/\/kapitalis.com\/tunisie\/","logo":{"@type":"ImageObject","inLanguage":"fr-FR","@id":"https:\/\/kapitalis.com\/tunisie\/#\/schema\/logo\/image\/","url":"https:\/\/kapitalis.com\/tunisie\/wp-content\/uploads\/2022\/05\/Kapitalis-big-size.png","contentUrl":"https:\/\/kapitalis.com\/tunisie\/wp-content\/uploads\/2022\/05\/Kapitalis-big-size.png","width":5000,"height":1500,"caption":"Kapitalis"},"image":{"@id":"https:\/\/kapitalis.com\/tunisie\/#\/schema\/logo\/image\/"},"sameAs":["https:\/\/www.facebook.com\/KapitalisInfo\/","https:\/\/x.com\/KapitalisInfo","https:\/\/www.youtube.com\/channel\/UC-yDYrHyfFBWWZaOw3FPg9Q"]},{"@type":"Person","@id":"https:\/\/kapitalis.com\/tunisie\/#\/schema\/person\/aa8b4a429805c4e3f0713a3c3f95212b","name":"webmaster aux","url":"https:\/\/kapitalis.com\/tunisie\/author\/webmasteraux\/"}]}},"_links":{"self":[{"href":"https:\/\/kapitalis.com\/tunisie\/wp-json\/wp\/v2\/posts\/25305","targetHints":{"allow":["GET"]}}],"collection":[{"href":"https:\/\/kapitalis.com\/tunisie\/wp-json\/wp\/v2\/posts"}],"about":[{"href":"https:\/\/kapitalis.com\/tunisie\/wp-json\/wp\/v2\/types\/post"}],"author":[{"embeddable":true,"href":"https:\/\/kapitalis.com\/tunisie\/wp-json\/wp\/v2\/users\/13"}],"replies":[{"embeddable":true,"href":"https:\/\/kapitalis.com\/tunisie\/wp-json\/wp\/v2\/comments?post=25305"}],"version-history":[{"count":0,"href":"https:\/\/kapitalis.com\/tunisie\/wp-json\/wp\/v2\/posts\/25305\/revisions"}],"wp:featuredmedia":[{"embeddable":true,"href":"https:\/\/kapitalis.com\/tunisie\/wp-json\/wp\/v2\/media\/25306"}],"wp:attachment":[{"href":"https:\/\/kapitalis.com\/tunisie\/wp-json\/wp\/v2\/media?parent=25305"}],"wp:term":[{"taxonomy":"category","embeddable":true,"href":"https:\/\/kapitalis.com\/tunisie\/wp-json\/wp\/v2\/categories?post=25305"},{"taxonomy":"post_tag","embeddable":true,"href":"https:\/\/kapitalis.com\/tunisie\/wp-json\/wp\/v2\/tags?post=25305"}],"curies":[{"name":"wp","href":"https:\/\/api.w.org\/{rel}","templated":true}]}}