{"id":253886,"date":"2019-11-08T12:19:57","date_gmt":"2019-11-08T11:19:57","guid":{"rendered":"http:\/\/kapitalis.com\/tunisie\/?p=253886"},"modified":"2019-11-08T12:20:02","modified_gmt":"2019-11-08T11:20:02","slug":"la-notation-nationale-dattijari-leasing-relevee-par-fitch-ratings","status":"publish","type":"post","link":"https:\/\/kapitalis.com\/tunisie\/2019\/11\/08\/la-notation-nationale-dattijari-leasing-relevee-par-fitch-ratings\/","title":{"rendered":"La notation nationale d&rsquo;Attijari Leasing relev\u00e9e par Fitch Ratings"},"content":{"rendered":"\n<figure class=\"wp-block-image\"><img decoding=\"async\" src=\"http:\/\/kapitalis.com\/tunisie\/wp-content\/uploads\/2017\/08\/Attijari-Leasing.jpg\" alt=\"\" class=\"wp-image-111302\"\/><\/figure>\n\n\n\n<p><strong><em>Le Conseil du march\u00e9 financier (CMF) a indiqu\u00e9<\/em><\/strong>,<strong><em> dans un communiqu\u00e9<\/em><\/strong>,<strong><em> le 7 novembre 2019, que<\/em><\/strong> <strong><em>la notation nationale de la soci\u00e9t\u00e9 Attijari Leasing a \u00e9t\u00e9 relev\u00e9e par l&rsquo;agence de notation Fitch Ratings en passant de BB+ \u00e0 BBB- sur le long terme, et de B \u00e0 F3 sur le court terme.<\/em><\/strong><\/p>\n\n\n\n<!--more-->\n\n\n\n<p>La&nbsp;notation financi\u00e8re&nbsp;ou&nbsp;notation&nbsp;de la dette ou rating est l&rsquo;appr\u00e9ciation, par une agence de&nbsp;notation financi\u00e8re am\u00e9ricaine (Fitch Ratings pour le cas d&rsquo;esp\u00e8ce), du risque de solvabilit\u00e9&nbsp;financi\u00e8re. <\/p>\n\n\n\n<p>La notation d&rsquo;Attijari Leasing relev\u00e9e par Fitch Ratings de \u00abBB + (tun)\u00bb \u00e0 \u00abBBB- (tun)\u00bb porte sur une perspective stable \u00e0 long terme. Dans cette cat\u00e9gorie, la dur\u00e9e initiale de la dette \u00e9mise est sup\u00e9rieure \u00e0 un an.  <\/p>\n\n\n\n<p>BBB-, selon l&rsquo;\u00e9chelle des notes de l&rsquo;agence de notation financi\u00e8re, offre une esp\u00e9rance de parcours sans incident, avec une forte probabilit\u00e9 pour que la dette soit rembours\u00e9e \u00e0 temps, m\u00eame si l&rsquo;environnement \u00e9conomique ou la soci\u00e9t\u00e9 elle-m\u00eame rencontrent quelques turbulences.  <\/p>\n\n\n\n<p>Quant \u00e0 la note F3 (parmi d&rsquo;autres), qui est une note \u00e0 court terme, la dur\u00e9e initiale de la dette \u00e9mise est inf\u00e9rieure \u00e0 un an. Cette cat\u00e9gorie est cens\u00e9e refl\u00e9ter une qualit\u00e9 de cr\u00e9dit solide d&rsquo;Attijari Leasing. <\/p>\n\n\n\n<p>Fitch Ratings, cr\u00e9\u00e9e en 1913 par John Knowles\u00a0Fitch,\u00a0est une agence de notation financi\u00e8re, dont les notations son reconnues internationalement et peuvent \u00e9valuer des produits tr\u00e8s diversifi\u00e9s (de produits sp\u00e9culatifs jusqu&rsquo;\u00e0 la solvabilit\u00e9 d&rsquo;un \u00c9tat). <\/p>\n\n\n\n<p style=\"text-align:right\"><strong>A. M.<\/strong><\/p>\n","protected":false},"excerpt":{"rendered":"<p>Le Conseil du march\u00e9 financier (CMF) a indiqu\u00e9, dans un communiqu\u00e9, le 7 novembre 2019, que la notation nationale de la soci\u00e9t\u00e9 Attijari Leasing a \u00e9t\u00e9 relev\u00e9e par l&rsquo;agence de notation Fitch Ratings en passant de BB+ \u00e0 BBB- sur le long terme, et de B \u00e0 F3 sur le court terme.<\/p>\n","protected":false},"author":22,"featured_media":0,"comment_status":"open","ping_status":"open","sticky":false,"template":"","format":"standard","meta":{"footnotes":""},"categories":[995,2433],"tags":[14749,6777],"class_list":["post-253886","post","type-post","status-publish","format-standard","hentry","category-economie","category-tunisie","tag-attijari-leasing","tag-fitch-ratings"],"yoast_head":"<!-- This site is optimized with the Yoast SEO plugin v26.6 - https:\/\/yoast.com\/wordpress\/plugins\/seo\/ -->\n<title>La notation nationale d&#039;Attijari Leasing relev\u00e9e par Fitch Ratings - Kapitalis<\/title>\n<meta name=\"robots\" content=\"index, follow, max-snippet:-1, max-image-preview:large, max-video-preview:-1\" \/>\n<link rel=\"canonical\" href=\"https:\/\/kapitalis.com\/tunisie\/2019\/11\/08\/la-notation-nationale-dattijari-leasing-relevee-par-fitch-ratings\/\" \/>\n<meta property=\"og:locale\" content=\"fr_FR\" \/>\n<meta property=\"og:type\" content=\"article\" \/>\n<meta property=\"og:title\" content=\"La notation nationale d&#039;Attijari Leasing relev\u00e9e par Fitch Ratings - Kapitalis\" \/>\n<meta property=\"og:description\" content=\"Le Conseil du march\u00e9 financier (CMF) a indiqu\u00e9, dans un communiqu\u00e9, le 7 novembre 2019, que la notation nationale de la soci\u00e9t\u00e9 Attijari Leasing a \u00e9t\u00e9 relev\u00e9e par l&rsquo;agence de notation Fitch Ratings en passant de BB+ \u00e0 BBB- sur le long terme, et de B \u00e0 F3 sur le court terme.\" \/>\n<meta property=\"og:url\" content=\"https:\/\/kapitalis.com\/tunisie\/2019\/11\/08\/la-notation-nationale-dattijari-leasing-relevee-par-fitch-ratings\/\" \/>\n<meta property=\"og:site_name\" content=\"Kapitalis\" \/>\n<meta property=\"article:publisher\" content=\"https:\/\/www.facebook.com\/KapitalisInfo\/\" \/>\n<meta property=\"article:published_time\" content=\"2019-11-08T11:19:57+00:00\" \/>\n<meta property=\"article:modified_time\" content=\"2019-11-08T11:20:02+00:00\" \/>\n<meta property=\"og:image\" content=\"http:\/\/kapitalis.com\/tunisie\/wp-content\/uploads\/2017\/08\/Attijari-Leasing.jpg\" \/>\n<meta name=\"author\" content=\"Amina Mkada\" \/>\n<meta name=\"twitter:card\" content=\"summary_large_image\" \/>\n<meta name=\"twitter:creator\" content=\"@KapitalisInfo\" \/>\n<meta name=\"twitter:site\" content=\"@KapitalisInfo\" \/>\n<meta name=\"twitter:label1\" content=\"\u00c9crit par\" \/>\n\t<meta name=\"twitter:data1\" content=\"Amina Mkada\" \/>\n\t<meta name=\"twitter:label2\" content=\"Dur\u00e9e de lecture estim\u00e9e\" \/>\n\t<meta name=\"twitter:data2\" content=\"1 minute\" \/>\n<script type=\"application\/ld+json\" class=\"yoast-schema-graph\">{\"@context\":\"https:\/\/schema.org\",\"@graph\":[{\"@type\":\"Article\",\"@id\":\"https:\/\/kapitalis.com\/tunisie\/2019\/11\/08\/la-notation-nationale-dattijari-leasing-relevee-par-fitch-ratings\/#article\",\"isPartOf\":{\"@id\":\"https:\/\/kapitalis.com\/tunisie\/2019\/11\/08\/la-notation-nationale-dattijari-leasing-relevee-par-fitch-ratings\/\"},\"author\":{\"name\":\"Amina Mkada\",\"@id\":\"https:\/\/kapitalis.com\/tunisie\/#\/schema\/person\/093913313d3017554cb3ad077fff3fbd\"},\"headline\":\"La notation nationale d&rsquo;Attijari Leasing relev\u00e9e par Fitch Ratings\",\"datePublished\":\"2019-11-08T11:19:57+00:00\",\"dateModified\":\"2019-11-08T11:20:02+00:00\",\"mainEntityOfPage\":{\"@id\":\"https:\/\/kapitalis.com\/tunisie\/2019\/11\/08\/la-notation-nationale-dattijari-leasing-relevee-par-fitch-ratings\/\"},\"wordCount\":269,\"commentCount\":0,\"publisher\":{\"@id\":\"https:\/\/kapitalis.com\/tunisie\/#organization\"},\"image\":{\"@id\":\"https:\/\/kapitalis.com\/tunisie\/2019\/11\/08\/la-notation-nationale-dattijari-leasing-relevee-par-fitch-ratings\/#primaryimage\"},\"thumbnailUrl\":\"http:\/\/kapitalis.com\/tunisie\/wp-content\/uploads\/2017\/08\/Attijari-Leasing.jpg\",\"keywords\":[\"Attijari Leasing\",\"Fitch Ratings\"],\"articleSection\":[\"ECONOMIE\",\"Tunisie\"],\"inLanguage\":\"fr-FR\",\"potentialAction\":[{\"@type\":\"CommentAction\",\"name\":\"Comment\",\"target\":[\"https:\/\/kapitalis.com\/tunisie\/2019\/11\/08\/la-notation-nationale-dattijari-leasing-relevee-par-fitch-ratings\/#respond\"]}]},{\"@type\":\"WebPage\",\"@id\":\"https:\/\/kapitalis.com\/tunisie\/2019\/11\/08\/la-notation-nationale-dattijari-leasing-relevee-par-fitch-ratings\/\",\"url\":\"https:\/\/kapitalis.com\/tunisie\/2019\/11\/08\/la-notation-nationale-dattijari-leasing-relevee-par-fitch-ratings\/\",\"name\":\"La notation nationale d'Attijari Leasing relev\u00e9e par Fitch Ratings - Kapitalis\",\"isPartOf\":{\"@id\":\"https:\/\/kapitalis.com\/tunisie\/#website\"},\"primaryImageOfPage\":{\"@id\":\"https:\/\/kapitalis.com\/tunisie\/2019\/11\/08\/la-notation-nationale-dattijari-leasing-relevee-par-fitch-ratings\/#primaryimage\"},\"image\":{\"@id\":\"https:\/\/kapitalis.com\/tunisie\/2019\/11\/08\/la-notation-nationale-dattijari-leasing-relevee-par-fitch-ratings\/#primaryimage\"},\"thumbnailUrl\":\"http:\/\/kapitalis.com\/tunisie\/wp-content\/uploads\/2017\/08\/Attijari-Leasing.jpg\",\"datePublished\":\"2019-11-08T11:19:57+00:00\",\"dateModified\":\"2019-11-08T11:20:02+00:00\",\"breadcrumb\":{\"@id\":\"https:\/\/kapitalis.com\/tunisie\/2019\/11\/08\/la-notation-nationale-dattijari-leasing-relevee-par-fitch-ratings\/#breadcrumb\"},\"inLanguage\":\"fr-FR\",\"potentialAction\":[{\"@type\":\"ReadAction\",\"target\":[\"https:\/\/kapitalis.com\/tunisie\/2019\/11\/08\/la-notation-nationale-dattijari-leasing-relevee-par-fitch-ratings\/\"]}]},{\"@type\":\"ImageObject\",\"inLanguage\":\"fr-FR\",\"@id\":\"https:\/\/kapitalis.com\/tunisie\/2019\/11\/08\/la-notation-nationale-dattijari-leasing-relevee-par-fitch-ratings\/#primaryimage\",\"url\":\"http:\/\/kapitalis.com\/tunisie\/wp-content\/uploads\/2017\/08\/Attijari-Leasing.jpg\",\"contentUrl\":\"http:\/\/kapitalis.com\/tunisie\/wp-content\/uploads\/2017\/08\/Attijari-Leasing.jpg\"},{\"@type\":\"BreadcrumbList\",\"@id\":\"https:\/\/kapitalis.com\/tunisie\/2019\/11\/08\/la-notation-nationale-dattijari-leasing-relevee-par-fitch-ratings\/#breadcrumb\",\"itemListElement\":[{\"@type\":\"ListItem\",\"position\":1,\"name\":\"Accueil\",\"item\":\"https:\/\/kapitalis.com\/tunisie\/\"},{\"@type\":\"ListItem\",\"position\":2,\"name\":\"La notation nationale d&rsquo;Attijari Leasing relev\u00e9e par Fitch Ratings\"}]},{\"@type\":\"WebSite\",\"@id\":\"https:\/\/kapitalis.com\/tunisie\/#website\",\"url\":\"https:\/\/kapitalis.com\/tunisie\/\",\"name\":\"Kapitalis\",\"description\":\"L&#039;actualit\u00e9 en Tunisie et dans le monde\",\"publisher\":{\"@id\":\"https:\/\/kapitalis.com\/tunisie\/#organization\"},\"potentialAction\":[{\"@type\":\"SearchAction\",\"target\":{\"@type\":\"EntryPoint\",\"urlTemplate\":\"https:\/\/kapitalis.com\/tunisie\/?s={search_term_string}\"},\"query-input\":{\"@type\":\"PropertyValueSpecification\",\"valueRequired\":true,\"valueName\":\"search_term_string\"}}],\"inLanguage\":\"fr-FR\"},{\"@type\":\"Organization\",\"@id\":\"https:\/\/kapitalis.com\/tunisie\/#organization\",\"name\":\"Kapitalis\",\"url\":\"https:\/\/kapitalis.com\/tunisie\/\",\"logo\":{\"@type\":\"ImageObject\",\"inLanguage\":\"fr-FR\",\"@id\":\"https:\/\/kapitalis.com\/tunisie\/#\/schema\/logo\/image\/\",\"url\":\"https:\/\/kapitalis.com\/tunisie\/wp-content\/uploads\/2022\/05\/Kapitalis-big-size.png\",\"contentUrl\":\"https:\/\/kapitalis.com\/tunisie\/wp-content\/uploads\/2022\/05\/Kapitalis-big-size.png\",\"width\":5000,\"height\":1500,\"caption\":\"Kapitalis\"},\"image\":{\"@id\":\"https:\/\/kapitalis.com\/tunisie\/#\/schema\/logo\/image\/\"},\"sameAs\":[\"https:\/\/www.facebook.com\/KapitalisInfo\/\",\"https:\/\/x.com\/KapitalisInfo\",\"https:\/\/www.youtube.com\/channel\/UC-yDYrHyfFBWWZaOw3FPg9Q\"]},{\"@type\":\"Person\",\"@id\":\"https:\/\/kapitalis.com\/tunisie\/#\/schema\/person\/093913313d3017554cb3ad077fff3fbd\",\"name\":\"Amina Mkada\",\"url\":\"https:\/\/kapitalis.com\/tunisie\/author\/amina\/\"}]}<\/script>\n<!-- \/ Yoast SEO plugin. -->","yoast_head_json":{"title":"La notation nationale d'Attijari Leasing relev\u00e9e par Fitch Ratings - Kapitalis","robots":{"index":"index","follow":"follow","max-snippet":"max-snippet:-1","max-image-preview":"max-image-preview:large","max-video-preview":"max-video-preview:-1"},"canonical":"https:\/\/kapitalis.com\/tunisie\/2019\/11\/08\/la-notation-nationale-dattijari-leasing-relevee-par-fitch-ratings\/","og_locale":"fr_FR","og_type":"article","og_title":"La notation nationale d'Attijari Leasing relev\u00e9e par Fitch Ratings - Kapitalis","og_description":"Le Conseil du march\u00e9 financier (CMF) a indiqu\u00e9, dans un communiqu\u00e9, le 7 novembre 2019, que la notation nationale de la soci\u00e9t\u00e9 Attijari Leasing a \u00e9t\u00e9 relev\u00e9e par l&rsquo;agence de notation Fitch Ratings en passant de BB+ \u00e0 BBB- sur le long terme, et de B \u00e0 F3 sur le court terme.","og_url":"https:\/\/kapitalis.com\/tunisie\/2019\/11\/08\/la-notation-nationale-dattijari-leasing-relevee-par-fitch-ratings\/","og_site_name":"Kapitalis","article_publisher":"https:\/\/www.facebook.com\/KapitalisInfo\/","article_published_time":"2019-11-08T11:19:57+00:00","article_modified_time":"2019-11-08T11:20:02+00:00","og_image":[{"url":"http:\/\/kapitalis.com\/tunisie\/wp-content\/uploads\/2017\/08\/Attijari-Leasing.jpg","type":"","width":"","height":""}],"author":"Amina Mkada","twitter_card":"summary_large_image","twitter_creator":"@KapitalisInfo","twitter_site":"@KapitalisInfo","twitter_misc":{"\u00c9crit par":"Amina Mkada","Dur\u00e9e de lecture estim\u00e9e":"1 minute"},"schema":{"@context":"https:\/\/schema.org","@graph":[{"@type":"Article","@id":"https:\/\/kapitalis.com\/tunisie\/2019\/11\/08\/la-notation-nationale-dattijari-leasing-relevee-par-fitch-ratings\/#article","isPartOf":{"@id":"https:\/\/kapitalis.com\/tunisie\/2019\/11\/08\/la-notation-nationale-dattijari-leasing-relevee-par-fitch-ratings\/"},"author":{"name":"Amina Mkada","@id":"https:\/\/kapitalis.com\/tunisie\/#\/schema\/person\/093913313d3017554cb3ad077fff3fbd"},"headline":"La notation nationale d&rsquo;Attijari Leasing relev\u00e9e par Fitch Ratings","datePublished":"2019-11-08T11:19:57+00:00","dateModified":"2019-11-08T11:20:02+00:00","mainEntityOfPage":{"@id":"https:\/\/kapitalis.com\/tunisie\/2019\/11\/08\/la-notation-nationale-dattijari-leasing-relevee-par-fitch-ratings\/"},"wordCount":269,"commentCount":0,"publisher":{"@id":"https:\/\/kapitalis.com\/tunisie\/#organization"},"image":{"@id":"https:\/\/kapitalis.com\/tunisie\/2019\/11\/08\/la-notation-nationale-dattijari-leasing-relevee-par-fitch-ratings\/#primaryimage"},"thumbnailUrl":"http:\/\/kapitalis.com\/tunisie\/wp-content\/uploads\/2017\/08\/Attijari-Leasing.jpg","keywords":["Attijari Leasing","Fitch Ratings"],"articleSection":["ECONOMIE","Tunisie"],"inLanguage":"fr-FR","potentialAction":[{"@type":"CommentAction","name":"Comment","target":["https:\/\/kapitalis.com\/tunisie\/2019\/11\/08\/la-notation-nationale-dattijari-leasing-relevee-par-fitch-ratings\/#respond"]}]},{"@type":"WebPage","@id":"https:\/\/kapitalis.com\/tunisie\/2019\/11\/08\/la-notation-nationale-dattijari-leasing-relevee-par-fitch-ratings\/","url":"https:\/\/kapitalis.com\/tunisie\/2019\/11\/08\/la-notation-nationale-dattijari-leasing-relevee-par-fitch-ratings\/","name":"La notation nationale d'Attijari Leasing relev\u00e9e par Fitch Ratings - Kapitalis","isPartOf":{"@id":"https:\/\/kapitalis.com\/tunisie\/#website"},"primaryImageOfPage":{"@id":"https:\/\/kapitalis.com\/tunisie\/2019\/11\/08\/la-notation-nationale-dattijari-leasing-relevee-par-fitch-ratings\/#primaryimage"},"image":{"@id":"https:\/\/kapitalis.com\/tunisie\/2019\/11\/08\/la-notation-nationale-dattijari-leasing-relevee-par-fitch-ratings\/#primaryimage"},"thumbnailUrl":"http:\/\/kapitalis.com\/tunisie\/wp-content\/uploads\/2017\/08\/Attijari-Leasing.jpg","datePublished":"2019-11-08T11:19:57+00:00","dateModified":"2019-11-08T11:20:02+00:00","breadcrumb":{"@id":"https:\/\/kapitalis.com\/tunisie\/2019\/11\/08\/la-notation-nationale-dattijari-leasing-relevee-par-fitch-ratings\/#breadcrumb"},"inLanguage":"fr-FR","potentialAction":[{"@type":"ReadAction","target":["https:\/\/kapitalis.com\/tunisie\/2019\/11\/08\/la-notation-nationale-dattijari-leasing-relevee-par-fitch-ratings\/"]}]},{"@type":"ImageObject","inLanguage":"fr-FR","@id":"https:\/\/kapitalis.com\/tunisie\/2019\/11\/08\/la-notation-nationale-dattijari-leasing-relevee-par-fitch-ratings\/#primaryimage","url":"http:\/\/kapitalis.com\/tunisie\/wp-content\/uploads\/2017\/08\/Attijari-Leasing.jpg","contentUrl":"http:\/\/kapitalis.com\/tunisie\/wp-content\/uploads\/2017\/08\/Attijari-Leasing.jpg"},{"@type":"BreadcrumbList","@id":"https:\/\/kapitalis.com\/tunisie\/2019\/11\/08\/la-notation-nationale-dattijari-leasing-relevee-par-fitch-ratings\/#breadcrumb","itemListElement":[{"@type":"ListItem","position":1,"name":"Accueil","item":"https:\/\/kapitalis.com\/tunisie\/"},{"@type":"ListItem","position":2,"name":"La notation nationale d&rsquo;Attijari Leasing relev\u00e9e par Fitch Ratings"}]},{"@type":"WebSite","@id":"https:\/\/kapitalis.com\/tunisie\/#website","url":"https:\/\/kapitalis.com\/tunisie\/","name":"Kapitalis","description":"L&#039;actualit\u00e9 en Tunisie et dans le monde","publisher":{"@id":"https:\/\/kapitalis.com\/tunisie\/#organization"},"potentialAction":[{"@type":"SearchAction","target":{"@type":"EntryPoint","urlTemplate":"https:\/\/kapitalis.com\/tunisie\/?s={search_term_string}"},"query-input":{"@type":"PropertyValueSpecification","valueRequired":true,"valueName":"search_term_string"}}],"inLanguage":"fr-FR"},{"@type":"Organization","@id":"https:\/\/kapitalis.com\/tunisie\/#organization","name":"Kapitalis","url":"https:\/\/kapitalis.com\/tunisie\/","logo":{"@type":"ImageObject","inLanguage":"fr-FR","@id":"https:\/\/kapitalis.com\/tunisie\/#\/schema\/logo\/image\/","url":"https:\/\/kapitalis.com\/tunisie\/wp-content\/uploads\/2022\/05\/Kapitalis-big-size.png","contentUrl":"https:\/\/kapitalis.com\/tunisie\/wp-content\/uploads\/2022\/05\/Kapitalis-big-size.png","width":5000,"height":1500,"caption":"Kapitalis"},"image":{"@id":"https:\/\/kapitalis.com\/tunisie\/#\/schema\/logo\/image\/"},"sameAs":["https:\/\/www.facebook.com\/KapitalisInfo\/","https:\/\/x.com\/KapitalisInfo","https:\/\/www.youtube.com\/channel\/UC-yDYrHyfFBWWZaOw3FPg9Q"]},{"@type":"Person","@id":"https:\/\/kapitalis.com\/tunisie\/#\/schema\/person\/093913313d3017554cb3ad077fff3fbd","name":"Amina Mkada","url":"https:\/\/kapitalis.com\/tunisie\/author\/amina\/"}]}},"_links":{"self":[{"href":"https:\/\/kapitalis.com\/tunisie\/wp-json\/wp\/v2\/posts\/253886","targetHints":{"allow":["GET"]}}],"collection":[{"href":"https:\/\/kapitalis.com\/tunisie\/wp-json\/wp\/v2\/posts"}],"about":[{"href":"https:\/\/kapitalis.com\/tunisie\/wp-json\/wp\/v2\/types\/post"}],"author":[{"embeddable":true,"href":"https:\/\/kapitalis.com\/tunisie\/wp-json\/wp\/v2\/users\/22"}],"replies":[{"embeddable":true,"href":"https:\/\/kapitalis.com\/tunisie\/wp-json\/wp\/v2\/comments?post=253886"}],"version-history":[{"count":0,"href":"https:\/\/kapitalis.com\/tunisie\/wp-json\/wp\/v2\/posts\/253886\/revisions"}],"wp:attachment":[{"href":"https:\/\/kapitalis.com\/tunisie\/wp-json\/wp\/v2\/media?parent=253886"}],"wp:term":[{"taxonomy":"category","embeddable":true,"href":"https:\/\/kapitalis.com\/tunisie\/wp-json\/wp\/v2\/categories?post=253886"},{"taxonomy":"post_tag","embeddable":true,"href":"https:\/\/kapitalis.com\/tunisie\/wp-json\/wp\/v2\/tags?post=253886"}],"curies":[{"name":"wp","href":"https:\/\/api.w.org\/{rel}","templated":true}]}}