{"id":25395,"date":"2015-11-16T12:43:08","date_gmt":"2015-11-16T11:43:08","guid":{"rendered":"http:\/\/kapitalis.com\/tunisie\/?p=25395"},"modified":"2015-11-16T12:43:08","modified_gmt":"2015-11-16T11:43:08","slug":"le-debat-sur-laleca-est-ideologique-et-populiste-deplore-baeza","status":"publish","type":"post","link":"https:\/\/kapitalis.com\/tunisie\/2015\/11\/16\/le-debat-sur-laleca-est-ideologique-et-populiste-deplore-baeza\/","title":{"rendered":"Le d\u00e9bat sur l\u2019Aleca est \u00abid\u00e9ologique et populiste\u00bb, d\u00e9plore Baeza"},"content":{"rendered":"<p><img loading=\"lazy\" decoding=\"async\" class=\"alignnone size-full wp-image-25396 aligncenter\" src=\"http:\/\/kapitalis.com\/tunisie\/wp-content\/uploads\/2015\/11\/Aleca-Laura-Baeza.jpg\" alt=\"Aleca-Laura-Baeza\" width=\"626\" height=\"380\" \/><\/p>\n<p><em><strong>\u00abLa pr\u00e9sentation de l\u2019Aleca reste g\u00e9n\u00e9raliste, id\u00e9ologique, voire populiste. Certains parlent m\u00eame de n\u00e9o-colonialisme\u00bb, a d\u00e9plor\u00e9 Laura Baeza.<\/strong><\/em><\/p>\n<p style=\"text-align: center;\"><!--more--><\/p>\n<p>Avant m\u00eame le premier round de n\u00e9gociation de l\u2019Accord de libre-\u00e9change complet et approfondi (Aleca) \u2013 en principe en mars 2016 \u2013, le d\u00e9bat sur cet accord, qui devrait encadrer \u00e0 l\u2019avenir les relations de la Tunisie avec l\u2019Union europ\u00e9enne (UE), bat d\u00e9j\u00e0 bien lanc\u00e9 dans le pays. Et la tournure qu\u2019il prend n\u2019est pas du tout du go\u00fbt de Laure Baeza.<\/p>\n<p>L\u2019ambassadeur chef de la d\u00e9l\u00e9gation de l\u2019UE en Tunisie l\u2019a d&rsquo;ailleurs dit clairement lors du d\u00e9bat organis\u00e9, vendredi 13 novembre, par trois chambres de commerce mixtes (tuniso-fran\u00e7aise, tuniso-italienne et tuniso-allemande). <em>\u00abLa pr\u00e9sentation de l\u2019Aleca reste g\u00e9n\u00e9raliste, id\u00e9ologique, voire populiste. Certains parlent m\u00eame de n\u00e9o-colonialisme\u00bb<\/em>, a-t-elle d\u00e9plor\u00e9.<\/p>\n<p>Cette situation changera peut-\u00eatre avec la publication \u2013 d\u00e9j\u00e0 convenus, selon Mme Baeza, par la Commission europ\u00e9enne et le minist\u00e8re du Commerce europ\u00e9en \u2013, dans les prochaines semaines, des textes qui serviront de base \u00e0 la n\u00e9gociation entre les deux parties.<\/p>\n<p style=\"text-align: right;\"><strong>Nabil Ben Ameur<\/strong><\/p>\n","protected":false},"excerpt":{"rendered":"<p>\u00abLa pr\u00e9sentation de l\u2019Aleca reste g\u00e9n\u00e9raliste, id\u00e9ologique, voire populiste. Certains parlent m\u00eame de n\u00e9o-colonialisme\u00bb, a d\u00e9plor\u00e9 Laura Baeza.<\/p>\n","protected":false},"author":8,"featured_media":25396,"comment_status":"open","ping_status":"open","sticky":false,"template":"","format":"standard","meta":{"footnotes":""},"categories":[995,2433],"tags":[7810,62,2543,6610,937],"class_list":["post-25395","post","type-post","status-publish","format-standard","has-post-thumbnail","hentry","category-economie","category-tunisie","tag-accord-dassociation","tag-aleca","tag-laura-baeza","tag-negociation","tag-union-europeenne"],"yoast_head":"<!-- This site is optimized with the Yoast SEO plugin v26.6 - https:\/\/yoast.com\/wordpress\/plugins\/seo\/ -->\n<title>Le d\u00e9bat sur l\u2019Aleca est \u00abid\u00e9ologique et populiste\u00bb, d\u00e9plore Baeza - Kapitalis<\/title>\n<meta name=\"robots\" content=\"index, follow, max-snippet:-1, max-image-preview:large, max-video-preview:-1\" \/>\n<link rel=\"canonical\" href=\"https:\/\/kapitalis.com\/tunisie\/2015\/11\/16\/le-debat-sur-laleca-est-ideologique-et-populiste-deplore-baeza\/\" \/>\n<meta property=\"og:locale\" content=\"fr_FR\" \/>\n<meta property=\"og:type\" content=\"article\" \/>\n<meta property=\"og:title\" content=\"Le d\u00e9bat sur l\u2019Aleca est \u00abid\u00e9ologique et populiste\u00bb, d\u00e9plore Baeza - Kapitalis\" \/>\n<meta property=\"og:description\" content=\"\u00abLa pr\u00e9sentation de l\u2019Aleca reste g\u00e9n\u00e9raliste, id\u00e9ologique, voire populiste. Certains parlent m\u00eame de n\u00e9o-colonialisme\u00bb, a d\u00e9plor\u00e9 Laura Baeza.\" \/>\n<meta property=\"og:url\" content=\"https:\/\/kapitalis.com\/tunisie\/2015\/11\/16\/le-debat-sur-laleca-est-ideologique-et-populiste-deplore-baeza\/\" \/>\n<meta property=\"og:site_name\" content=\"Kapitalis\" \/>\n<meta property=\"article:publisher\" content=\"https:\/\/www.facebook.com\/KapitalisInfo\/\" \/>\n<meta property=\"article:published_time\" content=\"2015-11-16T11:43:08+00:00\" \/>\n<meta property=\"og:image\" content=\"https:\/\/kapitalis.com\/tunisie\/wp-content\/uploads\/2022\/05\/kapitalis-logo-fb.png\" \/>\n\t<meta property=\"og:image:width\" content=\"1200\" \/>\n\t<meta property=\"og:image:height\" content=\"630\" \/>\n\t<meta property=\"og:image:type\" content=\"image\/png\" \/>\n<meta name=\"author\" content=\"webmaster kapitalis\" \/>\n<meta name=\"twitter:card\" content=\"summary_large_image\" \/>\n<meta name=\"twitter:creator\" content=\"@KapitalisInfo\" \/>\n<meta name=\"twitter:site\" content=\"@KapitalisInfo\" \/>\n<meta name=\"twitter:label1\" content=\"\u00c9crit par\" \/>\n\t<meta name=\"twitter:data1\" content=\"webmaster kapitalis\" \/>\n\t<meta name=\"twitter:label2\" content=\"Dur\u00e9e de lecture estim\u00e9e\" \/>\n\t<meta name=\"twitter:data2\" content=\"1 minute\" \/>\n<script type=\"application\/ld+json\" class=\"yoast-schema-graph\">{\"@context\":\"https:\/\/schema.org\",\"@graph\":[{\"@type\":\"Article\",\"@id\":\"https:\/\/kapitalis.com\/tunisie\/2015\/11\/16\/le-debat-sur-laleca-est-ideologique-et-populiste-deplore-baeza\/#article\",\"isPartOf\":{\"@id\":\"https:\/\/kapitalis.com\/tunisie\/2015\/11\/16\/le-debat-sur-laleca-est-ideologique-et-populiste-deplore-baeza\/\"},\"author\":{\"name\":\"webmaster kapitalis\",\"@id\":\"https:\/\/kapitalis.com\/tunisie\/#\/schema\/person\/d71f33a9ca44f7bad4698210b480c8e9\"},\"headline\":\"Le d\u00e9bat sur l\u2019Aleca est \u00abid\u00e9ologique et populiste\u00bb, d\u00e9plore Baeza\",\"datePublished\":\"2015-11-16T11:43:08+00:00\",\"mainEntityOfPage\":{\"@id\":\"https:\/\/kapitalis.com\/tunisie\/2015\/11\/16\/le-debat-sur-laleca-est-ideologique-et-populiste-deplore-baeza\/\"},\"wordCount\":217,\"commentCount\":2,\"publisher\":{\"@id\":\"https:\/\/kapitalis.com\/tunisie\/#organization\"},\"image\":{\"@id\":\"https:\/\/kapitalis.com\/tunisie\/2015\/11\/16\/le-debat-sur-laleca-est-ideologique-et-populiste-deplore-baeza\/#primaryimage\"},\"thumbnailUrl\":\"\",\"keywords\":[\"accord d'association\",\"Aleca\",\"Laura Baeza\",\"n\u00e9gociation\",\"Union europ\u00e9enne\"],\"articleSection\":[\"ECONOMIE\",\"Tunisie\"],\"inLanguage\":\"fr-FR\",\"potentialAction\":[{\"@type\":\"CommentAction\",\"name\":\"Comment\",\"target\":[\"https:\/\/kapitalis.com\/tunisie\/2015\/11\/16\/le-debat-sur-laleca-est-ideologique-et-populiste-deplore-baeza\/#respond\"]}]},{\"@type\":\"WebPage\",\"@id\":\"https:\/\/kapitalis.com\/tunisie\/2015\/11\/16\/le-debat-sur-laleca-est-ideologique-et-populiste-deplore-baeza\/\",\"url\":\"https:\/\/kapitalis.com\/tunisie\/2015\/11\/16\/le-debat-sur-laleca-est-ideologique-et-populiste-deplore-baeza\/\",\"name\":\"Le d\u00e9bat sur l\u2019Aleca est \u00abid\u00e9ologique et populiste\u00bb, d\u00e9plore Baeza - Kapitalis\",\"isPartOf\":{\"@id\":\"https:\/\/kapitalis.com\/tunisie\/#website\"},\"primaryImageOfPage\":{\"@id\":\"https:\/\/kapitalis.com\/tunisie\/2015\/11\/16\/le-debat-sur-laleca-est-ideologique-et-populiste-deplore-baeza\/#primaryimage\"},\"image\":{\"@id\":\"https:\/\/kapitalis.com\/tunisie\/2015\/11\/16\/le-debat-sur-laleca-est-ideologique-et-populiste-deplore-baeza\/#primaryimage\"},\"thumbnailUrl\":\"\",\"datePublished\":\"2015-11-16T11:43:08+00:00\",\"breadcrumb\":{\"@id\":\"https:\/\/kapitalis.com\/tunisie\/2015\/11\/16\/le-debat-sur-laleca-est-ideologique-et-populiste-deplore-baeza\/#breadcrumb\"},\"inLanguage\":\"fr-FR\",\"potentialAction\":[{\"@type\":\"ReadAction\",\"target\":[\"https:\/\/kapitalis.com\/tunisie\/2015\/11\/16\/le-debat-sur-laleca-est-ideologique-et-populiste-deplore-baeza\/\"]}]},{\"@type\":\"ImageObject\",\"inLanguage\":\"fr-FR\",\"@id\":\"https:\/\/kapitalis.com\/tunisie\/2015\/11\/16\/le-debat-sur-laleca-est-ideologique-et-populiste-deplore-baeza\/#primaryimage\",\"url\":\"\",\"contentUrl\":\"\"},{\"@type\":\"BreadcrumbList\",\"@id\":\"https:\/\/kapitalis.com\/tunisie\/2015\/11\/16\/le-debat-sur-laleca-est-ideologique-et-populiste-deplore-baeza\/#breadcrumb\",\"itemListElement\":[{\"@type\":\"ListItem\",\"position\":1,\"name\":\"Accueil\",\"item\":\"https:\/\/kapitalis.com\/tunisie\/\"},{\"@type\":\"ListItem\",\"position\":2,\"name\":\"Le d\u00e9bat sur l\u2019Aleca est \u00abid\u00e9ologique et populiste\u00bb, d\u00e9plore Baeza\"}]},{\"@type\":\"WebSite\",\"@id\":\"https:\/\/kapitalis.com\/tunisie\/#website\",\"url\":\"https:\/\/kapitalis.com\/tunisie\/\",\"name\":\"Kapitalis\",\"description\":\"L&#039;actualit\u00e9 en Tunisie et dans le monde\",\"publisher\":{\"@id\":\"https:\/\/kapitalis.com\/tunisie\/#organization\"},\"potentialAction\":[{\"@type\":\"SearchAction\",\"target\":{\"@type\":\"EntryPoint\",\"urlTemplate\":\"https:\/\/kapitalis.com\/tunisie\/?s={search_term_string}\"},\"query-input\":{\"@type\":\"PropertyValueSpecification\",\"valueRequired\":true,\"valueName\":\"search_term_string\"}}],\"inLanguage\":\"fr-FR\"},{\"@type\":\"Organization\",\"@id\":\"https:\/\/kapitalis.com\/tunisie\/#organization\",\"name\":\"Kapitalis\",\"url\":\"https:\/\/kapitalis.com\/tunisie\/\",\"logo\":{\"@type\":\"ImageObject\",\"inLanguage\":\"fr-FR\",\"@id\":\"https:\/\/kapitalis.com\/tunisie\/#\/schema\/logo\/image\/\",\"url\":\"https:\/\/kapitalis.com\/tunisie\/wp-content\/uploads\/2022\/05\/Kapitalis-big-size.png\",\"contentUrl\":\"https:\/\/kapitalis.com\/tunisie\/wp-content\/uploads\/2022\/05\/Kapitalis-big-size.png\",\"width\":5000,\"height\":1500,\"caption\":\"Kapitalis\"},\"image\":{\"@id\":\"https:\/\/kapitalis.com\/tunisie\/#\/schema\/logo\/image\/\"},\"sameAs\":[\"https:\/\/www.facebook.com\/KapitalisInfo\/\",\"https:\/\/x.com\/KapitalisInfo\",\"https:\/\/www.youtube.com\/channel\/UC-yDYrHyfFBWWZaOw3FPg9Q\"]},{\"@type\":\"Person\",\"@id\":\"https:\/\/kapitalis.com\/tunisie\/#\/schema\/person\/d71f33a9ca44f7bad4698210b480c8e9\",\"name\":\"webmaster kapitalis\",\"url\":\"https:\/\/kapitalis.com\/tunisie\/author\/webmaster-kapitalis\/\"}]}<\/script>\n<!-- \/ Yoast SEO plugin. -->","yoast_head_json":{"title":"Le d\u00e9bat sur l\u2019Aleca est \u00abid\u00e9ologique et populiste\u00bb, d\u00e9plore Baeza - Kapitalis","robots":{"index":"index","follow":"follow","max-snippet":"max-snippet:-1","max-image-preview":"max-image-preview:large","max-video-preview":"max-video-preview:-1"},"canonical":"https:\/\/kapitalis.com\/tunisie\/2015\/11\/16\/le-debat-sur-laleca-est-ideologique-et-populiste-deplore-baeza\/","og_locale":"fr_FR","og_type":"article","og_title":"Le d\u00e9bat sur l\u2019Aleca est \u00abid\u00e9ologique et populiste\u00bb, d\u00e9plore Baeza - Kapitalis","og_description":"\u00abLa pr\u00e9sentation de l\u2019Aleca reste g\u00e9n\u00e9raliste, id\u00e9ologique, voire populiste. Certains parlent m\u00eame de n\u00e9o-colonialisme\u00bb, a d\u00e9plor\u00e9 Laura Baeza.","og_url":"https:\/\/kapitalis.com\/tunisie\/2015\/11\/16\/le-debat-sur-laleca-est-ideologique-et-populiste-deplore-baeza\/","og_site_name":"Kapitalis","article_publisher":"https:\/\/www.facebook.com\/KapitalisInfo\/","article_published_time":"2015-11-16T11:43:08+00:00","og_image":[{"width":1200,"height":630,"url":"https:\/\/kapitalis.com\/tunisie\/wp-content\/uploads\/2022\/05\/kapitalis-logo-fb.png","type":"image\/png"}],"author":"webmaster kapitalis","twitter_card":"summary_large_image","twitter_creator":"@KapitalisInfo","twitter_site":"@KapitalisInfo","twitter_misc":{"\u00c9crit par":"webmaster kapitalis","Dur\u00e9e de lecture estim\u00e9e":"1 minute"},"schema":{"@context":"https:\/\/schema.org","@graph":[{"@type":"Article","@id":"https:\/\/kapitalis.com\/tunisie\/2015\/11\/16\/le-debat-sur-laleca-est-ideologique-et-populiste-deplore-baeza\/#article","isPartOf":{"@id":"https:\/\/kapitalis.com\/tunisie\/2015\/11\/16\/le-debat-sur-laleca-est-ideologique-et-populiste-deplore-baeza\/"},"author":{"name":"webmaster kapitalis","@id":"https:\/\/kapitalis.com\/tunisie\/#\/schema\/person\/d71f33a9ca44f7bad4698210b480c8e9"},"headline":"Le d\u00e9bat sur l\u2019Aleca est \u00abid\u00e9ologique et populiste\u00bb, d\u00e9plore Baeza","datePublished":"2015-11-16T11:43:08+00:00","mainEntityOfPage":{"@id":"https:\/\/kapitalis.com\/tunisie\/2015\/11\/16\/le-debat-sur-laleca-est-ideologique-et-populiste-deplore-baeza\/"},"wordCount":217,"commentCount":2,"publisher":{"@id":"https:\/\/kapitalis.com\/tunisie\/#organization"},"image":{"@id":"https:\/\/kapitalis.com\/tunisie\/2015\/11\/16\/le-debat-sur-laleca-est-ideologique-et-populiste-deplore-baeza\/#primaryimage"},"thumbnailUrl":"","keywords":["accord d'association","Aleca","Laura Baeza","n\u00e9gociation","Union europ\u00e9enne"],"articleSection":["ECONOMIE","Tunisie"],"inLanguage":"fr-FR","potentialAction":[{"@type":"CommentAction","name":"Comment","target":["https:\/\/kapitalis.com\/tunisie\/2015\/11\/16\/le-debat-sur-laleca-est-ideologique-et-populiste-deplore-baeza\/#respond"]}]},{"@type":"WebPage","@id":"https:\/\/kapitalis.com\/tunisie\/2015\/11\/16\/le-debat-sur-laleca-est-ideologique-et-populiste-deplore-baeza\/","url":"https:\/\/kapitalis.com\/tunisie\/2015\/11\/16\/le-debat-sur-laleca-est-ideologique-et-populiste-deplore-baeza\/","name":"Le d\u00e9bat sur l\u2019Aleca est \u00abid\u00e9ologique et populiste\u00bb, d\u00e9plore Baeza - Kapitalis","isPartOf":{"@id":"https:\/\/kapitalis.com\/tunisie\/#website"},"primaryImageOfPage":{"@id":"https:\/\/kapitalis.com\/tunisie\/2015\/11\/16\/le-debat-sur-laleca-est-ideologique-et-populiste-deplore-baeza\/#primaryimage"},"image":{"@id":"https:\/\/kapitalis.com\/tunisie\/2015\/11\/16\/le-debat-sur-laleca-est-ideologique-et-populiste-deplore-baeza\/#primaryimage"},"thumbnailUrl":"","datePublished":"2015-11-16T11:43:08+00:00","breadcrumb":{"@id":"https:\/\/kapitalis.com\/tunisie\/2015\/11\/16\/le-debat-sur-laleca-est-ideologique-et-populiste-deplore-baeza\/#breadcrumb"},"inLanguage":"fr-FR","potentialAction":[{"@type":"ReadAction","target":["https:\/\/kapitalis.com\/tunisie\/2015\/11\/16\/le-debat-sur-laleca-est-ideologique-et-populiste-deplore-baeza\/"]}]},{"@type":"ImageObject","inLanguage":"fr-FR","@id":"https:\/\/kapitalis.com\/tunisie\/2015\/11\/16\/le-debat-sur-laleca-est-ideologique-et-populiste-deplore-baeza\/#primaryimage","url":"","contentUrl":""},{"@type":"BreadcrumbList","@id":"https:\/\/kapitalis.com\/tunisie\/2015\/11\/16\/le-debat-sur-laleca-est-ideologique-et-populiste-deplore-baeza\/#breadcrumb","itemListElement":[{"@type":"ListItem","position":1,"name":"Accueil","item":"https:\/\/kapitalis.com\/tunisie\/"},{"@type":"ListItem","position":2,"name":"Le d\u00e9bat sur l\u2019Aleca est \u00abid\u00e9ologique et populiste\u00bb, d\u00e9plore Baeza"}]},{"@type":"WebSite","@id":"https:\/\/kapitalis.com\/tunisie\/#website","url":"https:\/\/kapitalis.com\/tunisie\/","name":"Kapitalis","description":"L&#039;actualit\u00e9 en Tunisie et dans le monde","publisher":{"@id":"https:\/\/kapitalis.com\/tunisie\/#organization"},"potentialAction":[{"@type":"SearchAction","target":{"@type":"EntryPoint","urlTemplate":"https:\/\/kapitalis.com\/tunisie\/?s={search_term_string}"},"query-input":{"@type":"PropertyValueSpecification","valueRequired":true,"valueName":"search_term_string"}}],"inLanguage":"fr-FR"},{"@type":"Organization","@id":"https:\/\/kapitalis.com\/tunisie\/#organization","name":"Kapitalis","url":"https:\/\/kapitalis.com\/tunisie\/","logo":{"@type":"ImageObject","inLanguage":"fr-FR","@id":"https:\/\/kapitalis.com\/tunisie\/#\/schema\/logo\/image\/","url":"https:\/\/kapitalis.com\/tunisie\/wp-content\/uploads\/2022\/05\/Kapitalis-big-size.png","contentUrl":"https:\/\/kapitalis.com\/tunisie\/wp-content\/uploads\/2022\/05\/Kapitalis-big-size.png","width":5000,"height":1500,"caption":"Kapitalis"},"image":{"@id":"https:\/\/kapitalis.com\/tunisie\/#\/schema\/logo\/image\/"},"sameAs":["https:\/\/www.facebook.com\/KapitalisInfo\/","https:\/\/x.com\/KapitalisInfo","https:\/\/www.youtube.com\/channel\/UC-yDYrHyfFBWWZaOw3FPg9Q"]},{"@type":"Person","@id":"https:\/\/kapitalis.com\/tunisie\/#\/schema\/person\/d71f33a9ca44f7bad4698210b480c8e9","name":"webmaster kapitalis","url":"https:\/\/kapitalis.com\/tunisie\/author\/webmaster-kapitalis\/"}]}},"_links":{"self":[{"href":"https:\/\/kapitalis.com\/tunisie\/wp-json\/wp\/v2\/posts\/25395","targetHints":{"allow":["GET"]}}],"collection":[{"href":"https:\/\/kapitalis.com\/tunisie\/wp-json\/wp\/v2\/posts"}],"about":[{"href":"https:\/\/kapitalis.com\/tunisie\/wp-json\/wp\/v2\/types\/post"}],"author":[{"embeddable":true,"href":"https:\/\/kapitalis.com\/tunisie\/wp-json\/wp\/v2\/users\/8"}],"replies":[{"embeddable":true,"href":"https:\/\/kapitalis.com\/tunisie\/wp-json\/wp\/v2\/comments?post=25395"}],"version-history":[{"count":0,"href":"https:\/\/kapitalis.com\/tunisie\/wp-json\/wp\/v2\/posts\/25395\/revisions"}],"wp:featuredmedia":[{"embeddable":true,"href":"https:\/\/kapitalis.com\/tunisie\/wp-json\/wp\/v2\/media\/25396"}],"wp:attachment":[{"href":"https:\/\/kapitalis.com\/tunisie\/wp-json\/wp\/v2\/media?parent=25395"}],"wp:term":[{"taxonomy":"category","embeddable":true,"href":"https:\/\/kapitalis.com\/tunisie\/wp-json\/wp\/v2\/categories?post=25395"},{"taxonomy":"post_tag","embeddable":true,"href":"https:\/\/kapitalis.com\/tunisie\/wp-json\/wp\/v2\/tags?post=25395"}],"curies":[{"name":"wp","href":"https:\/\/api.w.org\/{rel}","templated":true}]}}