{"id":2539850,"date":"2022-07-27T09:51:43","date_gmt":"2022-07-27T08:51:43","guid":{"rendered":"https:\/\/kapitalis.com\/tunisie\/?p=2539850"},"modified":"2022-07-27T09:51:45","modified_gmt":"2022-07-27T08:51:45","slug":"hamma-hammami-lautomne-prochain-sera-chaud","status":"publish","type":"post","link":"https:\/\/kapitalis.com\/tunisie\/2022\/07\/27\/hamma-hammami-lautomne-prochain-sera-chaud\/","title":{"rendered":"Hamma Hammami : \u00abL&rsquo;automne prochain sera chaud\u00bb"},"content":{"rendered":"\n<p><em><strong>Dans un entretien accord\u00e9 hier soir, mardi 26 juillet 2022, \u00e0 la cha\u00eene de t\u00e9l\u00e9vision qatarienne Al Jazeera, le secr\u00e9taire g\u00e9n\u00e9ral du Parti des travailleurs, Hamma Hammami, a estim\u00e9 que le r\u00e9f\u00e9rendum de la veille &#8211; portant sur le projet de constitution de Sa\u00efed &#8211; a \u00e9chou\u00e9. Et ce, du fait que 75% des \u00e9lecteurs n&rsquo;y ont pas particip\u00e9, soit par boycott ou par manque de conviction.<\/strong><\/em><\/p>\n\n\n\n<!--more-->\n\n\n\n<p>Il a, par ailleurs, estim\u00e9 que ce r\u00e9f\u00e9rendum a constitu\u00e9 \u00ab<em>un maillon de la cha\u00eene du coup d&rsquo;Etat<\/em>\u00bb men\u00e9, selon le leader de la gauche, depuis un an, par le chef de l&rsquo;Etat.<\/p>\n\n\n\n<p>Hamma Hammami a, d&rsquo;autre part, mis en doute l&rsquo;int\u00e9grit\u00e9 de l&rsquo;Instance sup\u00e9rieure ind\u00e9pendante pour les \u00e9lections (Isie) et la v\u00e9racit\u00e9 de ses chiffres, rappelant que ses membres avaient \u00e9t\u00e9 nomm\u00e9s par le pr\u00e9sident Sa\u00efed lui-m\u00eame<\/p>\n\n\n\n<p>Selon lui, le nombre de participants au r\u00e9f\u00e9rendum a m\u00eame \u00e9t\u00e9 inf\u00e9rieur aux 25% du corps \u00e9lectoral annonc\u00e9s par l&rsquo;Isie.<\/p>\n\n\n\n<p>\u00ab<em>Nous n&rsquo;avons pas vu de ru\u00e9es vers les urnes, ni remarqu\u00e9 la pr\u00e9sence de files d&rsquo;attente pour les \u00e9lecteurs<\/em>\u00bb, a-t-il ajout\u00e9.<\/p>\n\n\n\n<p>Hammami a, sur un autre plan, rappel\u00e9 que Ka\u00efs Sa\u00efed avait transgress\u00e9 la loi organisant les \u00e9lections en pronon\u00e7ant un discours diffus\u00e9 en direct \u00e0 la t\u00e9l\u00e9vision nationale, le jour du r\u00e9f\u00e9rendum, violant ainsi le silence \u00e9lectoral.<\/p>\n\n\n\n<p>Le candidat aux pr\u00e9sidentielles de 2014 et de 2019 a conclu son intervention en assurant que l&rsquo;automne prochain sera \u00ab<em>chaud<\/em>\u00bb, et que les forces politiques tunisiennes se lanceront \u00ab<em>dans une campagne nationale pour renverser le r\u00e9gime politique et constitutionnel de Sa\u00efed<\/em>, <em>sur la base d&rsquo;un projet tunisien alternatif bas\u00e9 sur le respect de la souverainet\u00e9 nationale, la d\u00e9mocratie et la justice sociale\u00bb<\/em>.<\/p>\n\n\n\n<p class=\"has-text-align-right\"><strong>C. B. Y.<\/strong><\/p>\n","protected":false},"excerpt":{"rendered":"<p>Dans un entretien accord\u00e9 hier soir, mardi 26 juillet 2022, \u00e0 la cha\u00eene de t\u00e9l\u00e9vision qatarienne Al Jazeera, le secr\u00e9taire g\u00e9n\u00e9ral du Parti des travailleurs, Hamma Hammami, a estim\u00e9 que le r\u00e9f\u00e9rendum de la veille &#8211; portant sur le projet de constitution de Sa\u00efed &#8211; a \u00e9chou\u00e9. Et ce, du fait que 75% des \u00e9lecteurs&#8230;<\/p>\n","protected":false},"author":24,"featured_media":1327532,"comment_status":"open","ping_status":"open","sticky":false,"template":"","format":"standard","meta":{"footnotes":""},"categories":[997,2433],"tags":[437,499,76012,62643],"class_list":["post-2539850","post","type-post","status-publish","format-standard","has-post-thumbnail","hentry","category-politique","category-tunisie","tag-hamma-hammami","tag-isie","tag-kais-saied-2","tag-tunisie"],"yoast_head":"<!-- This site is optimized with the Yoast SEO plugin v26.6 - https:\/\/yoast.com\/wordpress\/plugins\/seo\/ -->\n<title>Hamma Hammami : \u00abL&#039;automne prochain sera chaud\u00bb - Kapitalis<\/title>\n<meta name=\"robots\" content=\"index, follow, max-snippet:-1, max-image-preview:large, max-video-preview:-1\" \/>\n<link rel=\"canonical\" href=\"https:\/\/kapitalis.com\/tunisie\/2022\/07\/27\/hamma-hammami-lautomne-prochain-sera-chaud\/\" \/>\n<meta property=\"og:locale\" content=\"fr_FR\" \/>\n<meta property=\"og:type\" content=\"article\" \/>\n<meta property=\"og:title\" content=\"Hamma Hammami : \u00abL&#039;automne prochain sera chaud\u00bb - Kapitalis\" \/>\n<meta property=\"og:description\" content=\"Dans un entretien accord\u00e9 hier soir, mardi 26 juillet 2022, \u00e0 la cha\u00eene de t\u00e9l\u00e9vision qatarienne Al Jazeera, le secr\u00e9taire g\u00e9n\u00e9ral du Parti des travailleurs, Hamma Hammami, a estim\u00e9 que le r\u00e9f\u00e9rendum de la veille &#8211; portant sur le projet de constitution de Sa\u00efed &#8211; a \u00e9chou\u00e9. Et ce, du fait que 75% des \u00e9lecteurs...\" \/>\n<meta property=\"og:url\" content=\"https:\/\/kapitalis.com\/tunisie\/2022\/07\/27\/hamma-hammami-lautomne-prochain-sera-chaud\/\" \/>\n<meta property=\"og:site_name\" content=\"Kapitalis\" \/>\n<meta property=\"article:publisher\" content=\"https:\/\/www.facebook.com\/KapitalisInfo\/\" \/>\n<meta property=\"article:published_time\" content=\"2022-07-27T08:51:43+00:00\" \/>\n<meta property=\"article:modified_time\" content=\"2022-07-27T08:51:45+00:00\" \/>\n<meta property=\"og:image\" content=\"https:\/\/kapitalis.com\/tunisie\/wp-content\/uploads\/2022\/06\/hamma-hammami.jpg\" \/>\n\t<meta property=\"og:image:width\" content=\"1200\" \/>\n\t<meta property=\"og:image:height\" content=\"630\" \/>\n\t<meta property=\"og:image:type\" content=\"image\/jpeg\" \/>\n<meta name=\"author\" content=\"Cherif Benyounes\" \/>\n<meta name=\"twitter:card\" content=\"summary_large_image\" \/>\n<meta name=\"twitter:creator\" content=\"@KapitalisInfo\" \/>\n<meta name=\"twitter:site\" content=\"@KapitalisInfo\" \/>\n<meta name=\"twitter:label1\" content=\"\u00c9crit par\" \/>\n\t<meta name=\"twitter:data1\" content=\"Cherif Benyounes\" \/>\n\t<meta name=\"twitter:label2\" content=\"Dur\u00e9e de lecture estim\u00e9e\" \/>\n\t<meta name=\"twitter:data2\" content=\"2 minutes\" \/>\n<script type=\"application\/ld+json\" class=\"yoast-schema-graph\">{\"@context\":\"https:\/\/schema.org\",\"@graph\":[{\"@type\":\"Article\",\"@id\":\"https:\/\/kapitalis.com\/tunisie\/2022\/07\/27\/hamma-hammami-lautomne-prochain-sera-chaud\/#article\",\"isPartOf\":{\"@id\":\"https:\/\/kapitalis.com\/tunisie\/2022\/07\/27\/hamma-hammami-lautomne-prochain-sera-chaud\/\"},\"author\":{\"name\":\"Cherif Benyounes\",\"@id\":\"https:\/\/kapitalis.com\/tunisie\/#\/schema\/person\/b35b8d631961131107263178aeb8019e\"},\"headline\":\"Hamma Hammami : \u00abL&rsquo;automne prochain sera chaud\u00bb\",\"datePublished\":\"2022-07-27T08:51:43+00:00\",\"dateModified\":\"2022-07-27T08:51:45+00:00\",\"mainEntityOfPage\":{\"@id\":\"https:\/\/kapitalis.com\/tunisie\/2022\/07\/27\/hamma-hammami-lautomne-prochain-sera-chaud\/\"},\"wordCount\":314,\"commentCount\":6,\"publisher\":{\"@id\":\"https:\/\/kapitalis.com\/tunisie\/#organization\"},\"image\":{\"@id\":\"https:\/\/kapitalis.com\/tunisie\/2022\/07\/27\/hamma-hammami-lautomne-prochain-sera-chaud\/#primaryimage\"},\"thumbnailUrl\":\"https:\/\/kapitalis.com\/tunisie\/wp-content\/uploads\/2022\/06\/hamma-hammami.jpg\",\"keywords\":[\"Hamma Hammami\",\"Isie\",\"Ka\u00efs Sa\u00efed\",\"Tunisie\"],\"articleSection\":[\"POLITIQUE\",\"Tunisie\"],\"inLanguage\":\"fr-FR\",\"potentialAction\":[{\"@type\":\"CommentAction\",\"name\":\"Comment\",\"target\":[\"https:\/\/kapitalis.com\/tunisie\/2022\/07\/27\/hamma-hammami-lautomne-prochain-sera-chaud\/#respond\"]}]},{\"@type\":\"WebPage\",\"@id\":\"https:\/\/kapitalis.com\/tunisie\/2022\/07\/27\/hamma-hammami-lautomne-prochain-sera-chaud\/\",\"url\":\"https:\/\/kapitalis.com\/tunisie\/2022\/07\/27\/hamma-hammami-lautomne-prochain-sera-chaud\/\",\"name\":\"Hamma Hammami : \u00abL'automne prochain sera chaud\u00bb - Kapitalis\",\"isPartOf\":{\"@id\":\"https:\/\/kapitalis.com\/tunisie\/#website\"},\"primaryImageOfPage\":{\"@id\":\"https:\/\/kapitalis.com\/tunisie\/2022\/07\/27\/hamma-hammami-lautomne-prochain-sera-chaud\/#primaryimage\"},\"image\":{\"@id\":\"https:\/\/kapitalis.com\/tunisie\/2022\/07\/27\/hamma-hammami-lautomne-prochain-sera-chaud\/#primaryimage\"},\"thumbnailUrl\":\"https:\/\/kapitalis.com\/tunisie\/wp-content\/uploads\/2022\/06\/hamma-hammami.jpg\",\"datePublished\":\"2022-07-27T08:51:43+00:00\",\"dateModified\":\"2022-07-27T08:51:45+00:00\",\"breadcrumb\":{\"@id\":\"https:\/\/kapitalis.com\/tunisie\/2022\/07\/27\/hamma-hammami-lautomne-prochain-sera-chaud\/#breadcrumb\"},\"inLanguage\":\"fr-FR\",\"potentialAction\":[{\"@type\":\"ReadAction\",\"target\":[\"https:\/\/kapitalis.com\/tunisie\/2022\/07\/27\/hamma-hammami-lautomne-prochain-sera-chaud\/\"]}]},{\"@type\":\"ImageObject\",\"inLanguage\":\"fr-FR\",\"@id\":\"https:\/\/kapitalis.com\/tunisie\/2022\/07\/27\/hamma-hammami-lautomne-prochain-sera-chaud\/#primaryimage\",\"url\":\"https:\/\/kapitalis.com\/tunisie\/wp-content\/uploads\/2022\/06\/hamma-hammami.jpg\",\"contentUrl\":\"https:\/\/kapitalis.com\/tunisie\/wp-content\/uploads\/2022\/06\/hamma-hammami.jpg\",\"width\":1200,\"height\":630},{\"@type\":\"BreadcrumbList\",\"@id\":\"https:\/\/kapitalis.com\/tunisie\/2022\/07\/27\/hamma-hammami-lautomne-prochain-sera-chaud\/#breadcrumb\",\"itemListElement\":[{\"@type\":\"ListItem\",\"position\":1,\"name\":\"Accueil\",\"item\":\"https:\/\/kapitalis.com\/tunisie\/\"},{\"@type\":\"ListItem\",\"position\":2,\"name\":\"Hamma Hammami : \u00abL&rsquo;automne prochain sera chaud\u00bb\"}]},{\"@type\":\"WebSite\",\"@id\":\"https:\/\/kapitalis.com\/tunisie\/#website\",\"url\":\"https:\/\/kapitalis.com\/tunisie\/\",\"name\":\"Kapitalis\",\"description\":\"L&#039;actualit\u00e9 en Tunisie et dans le monde\",\"publisher\":{\"@id\":\"https:\/\/kapitalis.com\/tunisie\/#organization\"},\"potentialAction\":[{\"@type\":\"SearchAction\",\"target\":{\"@type\":\"EntryPoint\",\"urlTemplate\":\"https:\/\/kapitalis.com\/tunisie\/?s={search_term_string}\"},\"query-input\":{\"@type\":\"PropertyValueSpecification\",\"valueRequired\":true,\"valueName\":\"search_term_string\"}}],\"inLanguage\":\"fr-FR\"},{\"@type\":\"Organization\",\"@id\":\"https:\/\/kapitalis.com\/tunisie\/#organization\",\"name\":\"Kapitalis\",\"url\":\"https:\/\/kapitalis.com\/tunisie\/\",\"logo\":{\"@type\":\"ImageObject\",\"inLanguage\":\"fr-FR\",\"@id\":\"https:\/\/kapitalis.com\/tunisie\/#\/schema\/logo\/image\/\",\"url\":\"https:\/\/kapitalis.com\/tunisie\/wp-content\/uploads\/2022\/05\/Kapitalis-big-size.png\",\"contentUrl\":\"https:\/\/kapitalis.com\/tunisie\/wp-content\/uploads\/2022\/05\/Kapitalis-big-size.png\",\"width\":5000,\"height\":1500,\"caption\":\"Kapitalis\"},\"image\":{\"@id\":\"https:\/\/kapitalis.com\/tunisie\/#\/schema\/logo\/image\/\"},\"sameAs\":[\"https:\/\/www.facebook.com\/KapitalisInfo\/\",\"https:\/\/x.com\/KapitalisInfo\",\"https:\/\/www.youtube.com\/channel\/UC-yDYrHyfFBWWZaOw3FPg9Q\"]},{\"@type\":\"Person\",\"@id\":\"https:\/\/kapitalis.com\/tunisie\/#\/schema\/person\/b35b8d631961131107263178aeb8019e\",\"name\":\"Cherif Benyounes\",\"url\":\"https:\/\/kapitalis.com\/tunisie\/author\/cherif\/\"}]}<\/script>\n<!-- \/ Yoast SEO plugin. -->","yoast_head_json":{"title":"Hamma Hammami : \u00abL'automne prochain sera chaud\u00bb - Kapitalis","robots":{"index":"index","follow":"follow","max-snippet":"max-snippet:-1","max-image-preview":"max-image-preview:large","max-video-preview":"max-video-preview:-1"},"canonical":"https:\/\/kapitalis.com\/tunisie\/2022\/07\/27\/hamma-hammami-lautomne-prochain-sera-chaud\/","og_locale":"fr_FR","og_type":"article","og_title":"Hamma Hammami : \u00abL'automne prochain sera chaud\u00bb - Kapitalis","og_description":"Dans un entretien accord\u00e9 hier soir, mardi 26 juillet 2022, \u00e0 la cha\u00eene de t\u00e9l\u00e9vision qatarienne Al Jazeera, le secr\u00e9taire g\u00e9n\u00e9ral du Parti des travailleurs, Hamma Hammami, a estim\u00e9 que le r\u00e9f\u00e9rendum de la veille &#8211; portant sur le projet de constitution de Sa\u00efed &#8211; a \u00e9chou\u00e9. Et ce, du fait que 75% des \u00e9lecteurs...","og_url":"https:\/\/kapitalis.com\/tunisie\/2022\/07\/27\/hamma-hammami-lautomne-prochain-sera-chaud\/","og_site_name":"Kapitalis","article_publisher":"https:\/\/www.facebook.com\/KapitalisInfo\/","article_published_time":"2022-07-27T08:51:43+00:00","article_modified_time":"2022-07-27T08:51:45+00:00","og_image":[{"width":1200,"height":630,"url":"https:\/\/kapitalis.com\/tunisie\/wp-content\/uploads\/2022\/06\/hamma-hammami.jpg","type":"image\/jpeg"}],"author":"Cherif Benyounes","twitter_card":"summary_large_image","twitter_creator":"@KapitalisInfo","twitter_site":"@KapitalisInfo","twitter_misc":{"\u00c9crit par":"Cherif Benyounes","Dur\u00e9e de lecture estim\u00e9e":"2 minutes"},"schema":{"@context":"https:\/\/schema.org","@graph":[{"@type":"Article","@id":"https:\/\/kapitalis.com\/tunisie\/2022\/07\/27\/hamma-hammami-lautomne-prochain-sera-chaud\/#article","isPartOf":{"@id":"https:\/\/kapitalis.com\/tunisie\/2022\/07\/27\/hamma-hammami-lautomne-prochain-sera-chaud\/"},"author":{"name":"Cherif Benyounes","@id":"https:\/\/kapitalis.com\/tunisie\/#\/schema\/person\/b35b8d631961131107263178aeb8019e"},"headline":"Hamma Hammami : \u00abL&rsquo;automne prochain sera chaud\u00bb","datePublished":"2022-07-27T08:51:43+00:00","dateModified":"2022-07-27T08:51:45+00:00","mainEntityOfPage":{"@id":"https:\/\/kapitalis.com\/tunisie\/2022\/07\/27\/hamma-hammami-lautomne-prochain-sera-chaud\/"},"wordCount":314,"commentCount":6,"publisher":{"@id":"https:\/\/kapitalis.com\/tunisie\/#organization"},"image":{"@id":"https:\/\/kapitalis.com\/tunisie\/2022\/07\/27\/hamma-hammami-lautomne-prochain-sera-chaud\/#primaryimage"},"thumbnailUrl":"https:\/\/kapitalis.com\/tunisie\/wp-content\/uploads\/2022\/06\/hamma-hammami.jpg","keywords":["Hamma Hammami","Isie","Ka\u00efs Sa\u00efed","Tunisie"],"articleSection":["POLITIQUE","Tunisie"],"inLanguage":"fr-FR","potentialAction":[{"@type":"CommentAction","name":"Comment","target":["https:\/\/kapitalis.com\/tunisie\/2022\/07\/27\/hamma-hammami-lautomne-prochain-sera-chaud\/#respond"]}]},{"@type":"WebPage","@id":"https:\/\/kapitalis.com\/tunisie\/2022\/07\/27\/hamma-hammami-lautomne-prochain-sera-chaud\/","url":"https:\/\/kapitalis.com\/tunisie\/2022\/07\/27\/hamma-hammami-lautomne-prochain-sera-chaud\/","name":"Hamma Hammami : \u00abL'automne prochain sera chaud\u00bb - Kapitalis","isPartOf":{"@id":"https:\/\/kapitalis.com\/tunisie\/#website"},"primaryImageOfPage":{"@id":"https:\/\/kapitalis.com\/tunisie\/2022\/07\/27\/hamma-hammami-lautomne-prochain-sera-chaud\/#primaryimage"},"image":{"@id":"https:\/\/kapitalis.com\/tunisie\/2022\/07\/27\/hamma-hammami-lautomne-prochain-sera-chaud\/#primaryimage"},"thumbnailUrl":"https:\/\/kapitalis.com\/tunisie\/wp-content\/uploads\/2022\/06\/hamma-hammami.jpg","datePublished":"2022-07-27T08:51:43+00:00","dateModified":"2022-07-27T08:51:45+00:00","breadcrumb":{"@id":"https:\/\/kapitalis.com\/tunisie\/2022\/07\/27\/hamma-hammami-lautomne-prochain-sera-chaud\/#breadcrumb"},"inLanguage":"fr-FR","potentialAction":[{"@type":"ReadAction","target":["https:\/\/kapitalis.com\/tunisie\/2022\/07\/27\/hamma-hammami-lautomne-prochain-sera-chaud\/"]}]},{"@type":"ImageObject","inLanguage":"fr-FR","@id":"https:\/\/kapitalis.com\/tunisie\/2022\/07\/27\/hamma-hammami-lautomne-prochain-sera-chaud\/#primaryimage","url":"https:\/\/kapitalis.com\/tunisie\/wp-content\/uploads\/2022\/06\/hamma-hammami.jpg","contentUrl":"https:\/\/kapitalis.com\/tunisie\/wp-content\/uploads\/2022\/06\/hamma-hammami.jpg","width":1200,"height":630},{"@type":"BreadcrumbList","@id":"https:\/\/kapitalis.com\/tunisie\/2022\/07\/27\/hamma-hammami-lautomne-prochain-sera-chaud\/#breadcrumb","itemListElement":[{"@type":"ListItem","position":1,"name":"Accueil","item":"https:\/\/kapitalis.com\/tunisie\/"},{"@type":"ListItem","position":2,"name":"Hamma Hammami : \u00abL&rsquo;automne prochain sera chaud\u00bb"}]},{"@type":"WebSite","@id":"https:\/\/kapitalis.com\/tunisie\/#website","url":"https:\/\/kapitalis.com\/tunisie\/","name":"Kapitalis","description":"L&#039;actualit\u00e9 en Tunisie et dans le monde","publisher":{"@id":"https:\/\/kapitalis.com\/tunisie\/#organization"},"potentialAction":[{"@type":"SearchAction","target":{"@type":"EntryPoint","urlTemplate":"https:\/\/kapitalis.com\/tunisie\/?s={search_term_string}"},"query-input":{"@type":"PropertyValueSpecification","valueRequired":true,"valueName":"search_term_string"}}],"inLanguage":"fr-FR"},{"@type":"Organization","@id":"https:\/\/kapitalis.com\/tunisie\/#organization","name":"Kapitalis","url":"https:\/\/kapitalis.com\/tunisie\/","logo":{"@type":"ImageObject","inLanguage":"fr-FR","@id":"https:\/\/kapitalis.com\/tunisie\/#\/schema\/logo\/image\/","url":"https:\/\/kapitalis.com\/tunisie\/wp-content\/uploads\/2022\/05\/Kapitalis-big-size.png","contentUrl":"https:\/\/kapitalis.com\/tunisie\/wp-content\/uploads\/2022\/05\/Kapitalis-big-size.png","width":5000,"height":1500,"caption":"Kapitalis"},"image":{"@id":"https:\/\/kapitalis.com\/tunisie\/#\/schema\/logo\/image\/"},"sameAs":["https:\/\/www.facebook.com\/KapitalisInfo\/","https:\/\/x.com\/KapitalisInfo","https:\/\/www.youtube.com\/channel\/UC-yDYrHyfFBWWZaOw3FPg9Q"]},{"@type":"Person","@id":"https:\/\/kapitalis.com\/tunisie\/#\/schema\/person\/b35b8d631961131107263178aeb8019e","name":"Cherif Benyounes","url":"https:\/\/kapitalis.com\/tunisie\/author\/cherif\/"}]}},"_links":{"self":[{"href":"https:\/\/kapitalis.com\/tunisie\/wp-json\/wp\/v2\/posts\/2539850","targetHints":{"allow":["GET"]}}],"collection":[{"href":"https:\/\/kapitalis.com\/tunisie\/wp-json\/wp\/v2\/posts"}],"about":[{"href":"https:\/\/kapitalis.com\/tunisie\/wp-json\/wp\/v2\/types\/post"}],"author":[{"embeddable":true,"href":"https:\/\/kapitalis.com\/tunisie\/wp-json\/wp\/v2\/users\/24"}],"replies":[{"embeddable":true,"href":"https:\/\/kapitalis.com\/tunisie\/wp-json\/wp\/v2\/comments?post=2539850"}],"version-history":[{"count":0,"href":"https:\/\/kapitalis.com\/tunisie\/wp-json\/wp\/v2\/posts\/2539850\/revisions"}],"wp:featuredmedia":[{"embeddable":true,"href":"https:\/\/kapitalis.com\/tunisie\/wp-json\/wp\/v2\/media\/1327532"}],"wp:attachment":[{"href":"https:\/\/kapitalis.com\/tunisie\/wp-json\/wp\/v2\/media?parent=2539850"}],"wp:term":[{"taxonomy":"category","embeddable":true,"href":"https:\/\/kapitalis.com\/tunisie\/wp-json\/wp\/v2\/categories?post=2539850"},{"taxonomy":"post_tag","embeddable":true,"href":"https:\/\/kapitalis.com\/tunisie\/wp-json\/wp\/v2\/tags?post=2539850"}],"curies":[{"name":"wp","href":"https:\/\/api.w.org\/{rel}","templated":true}]}}