{"id":25438,"date":"2015-11-16T16:56:30","date_gmt":"2015-11-16T15:56:30","guid":{"rendered":"http:\/\/kapitalis.com\/tunisie\/?p=25438"},"modified":"2015-11-16T17:00:19","modified_gmt":"2015-11-16T16:00:19","slug":"lislamo-terrorisme-est-devant-nous-et-pas-derriere-nous","status":"publish","type":"post","link":"https:\/\/kapitalis.com\/tunisie\/2015\/11\/16\/lislamo-terrorisme-est-devant-nous-et-pas-derriere-nous\/","title":{"rendered":"L\u2019islamo-terrorisme est devant nous, et pas derri\u00e8re nous"},"content":{"rendered":"<p><img loading=\"lazy\" decoding=\"async\" class=\"size-full wp-image-13556 aligncenter\" src=\"http:\/\/kapitalis.com\/tunisie\/wp-content\/uploads\/2015\/09\/Brigade-antiterroriste.jpg\" alt=\"Brigade-antiterroriste\" width=\"626\" height=\"380\" \/><\/p>\n<p><em><strong>En cette p\u00e9riode de guerre contre le terrorisme, la Tunisie a besoin d\u2019un gouvernement de combat, compos\u00e9 de soldats pr\u00eat \u00e0 mourir pour la patrie.<\/strong><\/em><\/p>\n<p>Par <strong>Mohamed Chawki Abid<\/strong> *<\/p>\n<p><!--more--><\/p>\n<p>Pour combattre l\u2019Etat islamique (Daech), il faut se braquer sur les tireurs de ficelles, les bailleurs de fonds et les endoctrineurs.<br \/>\nDans cette perspective, la soci\u00e9t\u00e9 civile devrait maintenir la pression sur le pouvoir ex\u00e9cutif et le pouvoir judiciaire pour mettre un terme au laxisme suicidaire, devancer et surprendre les organisations terroristes, et adopter une attitude impitoyable avec leurs acteurs.<\/p>\n<p>Elle devrait h\u00e2ter le pouvoir l\u00e9gislatif et le pouvoir ex\u00e9cutif \u00e0 privil\u00e9gier la r\u00e9alisation de projets d\u2019investissement dans les r\u00e9gions d\u00e9sh\u00e9rit\u00e9es, qui constituent le vivier du recrutement et d\u2019endoctrinement de jeunes terroristes, afin de redonner espoir aux autochtones et renouer avec la cr\u00e9ation d\u2019emplois.<\/p>\n<p>Elle devrait aussi exhorter le pr\u00e9sident de la r\u00e9publique et le ministre des Affaires \u00e9trang\u00e8res \u00e0 revendiquer gentiment le respect de la ligne rouge avec les pays g\u00e9n\u00e9rateurs de l\u2019islamo-terrorisme, tant avec leurs gouvernements qu\u2019avec leurs chancelleries, qui d\u00e9passent de plus en plus leurs pr\u00e9rogatives en prenant des initiatives hostiles \u00e0 notre souverainet\u00e9.<\/p>\n<p>Je ne saurais pas insister davantage sur l\u2019urgence de mise en place d\u2019un Plan Vigipirate, \u00e0 l\u2019instar des pays occidentaux.<br \/>\nEn cette p\u00e9riode de guerre, la Tunisie a besoin d\u2019un gouvernement de combat, compos\u00e9 de soldats pr\u00eat \u00e0 mourir pour la patrie.<\/p>\n<p>Elle a plut\u00f4t besoin de gouvernants patriotes, responsables et impitoyables, que de dirigeants indulgents, frileux, laxistes et doit-de-l\u2019hommistes.<\/p>\n<p><em>* Ing\u00e9nieur \u00e9conomiste.<\/em><\/p>\n","protected":false},"excerpt":{"rendered":"<p>En cette p\u00e9riode de guerre contre le terrorisme, la Tunisie a besoin d\u2019un gouvernement de combat, compos\u00e9 de soldats pr\u00eat \u00e0 mourir pour la patrie. Par Mohamed Chawki Abid *<\/p>\n","protected":false},"author":8,"featured_media":0,"comment_status":"open","ping_status":"open","sticky":false,"template":"","format":"standard","meta":{"footnotes":""},"categories":[992,1000,2433],"tags":[418,1006],"class_list":["post-25438","post","type-post","status-publish","format-standard","hentry","category-a-la-une","category-tribune","category-tunisie","tag-gouvernement","tag-guerre"],"yoast_head":"<!-- This site is optimized with the Yoast SEO plugin v26.6 - https:\/\/yoast.com\/wordpress\/plugins\/seo\/ -->\n<title>L\u2019islamo-terrorisme est devant nous, et pas derri\u00e8re nous - Kapitalis<\/title>\n<meta name=\"robots\" content=\"index, follow, max-snippet:-1, max-image-preview:large, max-video-preview:-1\" \/>\n<link rel=\"canonical\" href=\"https:\/\/kapitalis.com\/tunisie\/2015\/11\/16\/lislamo-terrorisme-est-devant-nous-et-pas-derriere-nous\/\" \/>\n<meta property=\"og:locale\" content=\"fr_FR\" \/>\n<meta property=\"og:type\" content=\"article\" \/>\n<meta property=\"og:title\" content=\"L\u2019islamo-terrorisme est devant nous, et pas derri\u00e8re nous - Kapitalis\" \/>\n<meta property=\"og:description\" content=\"En cette p\u00e9riode de guerre contre le terrorisme, la Tunisie a besoin d\u2019un gouvernement de combat, compos\u00e9 de soldats pr\u00eat \u00e0 mourir pour la patrie. Par Mohamed Chawki Abid *\" \/>\n<meta property=\"og:url\" content=\"https:\/\/kapitalis.com\/tunisie\/2015\/11\/16\/lislamo-terrorisme-est-devant-nous-et-pas-derriere-nous\/\" \/>\n<meta property=\"og:site_name\" content=\"Kapitalis\" \/>\n<meta property=\"article:publisher\" content=\"https:\/\/www.facebook.com\/KapitalisInfo\/\" \/>\n<meta property=\"article:published_time\" content=\"2015-11-16T15:56:30+00:00\" \/>\n<meta property=\"article:modified_time\" content=\"2015-11-16T16:00:19+00:00\" \/>\n<meta property=\"og:image\" content=\"http:\/\/kapitalis.com\/tunisie\/wp-content\/uploads\/2015\/09\/Brigade-antiterroriste.jpg\" \/>\n<meta name=\"author\" content=\"webmaster kapitalis\" \/>\n<meta name=\"twitter:card\" content=\"summary_large_image\" \/>\n<meta name=\"twitter:creator\" content=\"@KapitalisInfo\" \/>\n<meta name=\"twitter:site\" content=\"@KapitalisInfo\" \/>\n<meta name=\"twitter:label1\" content=\"\u00c9crit par\" \/>\n\t<meta name=\"twitter:data1\" content=\"webmaster kapitalis\" \/>\n\t<meta name=\"twitter:label2\" content=\"Dur\u00e9e de lecture estim\u00e9e\" \/>\n\t<meta name=\"twitter:data2\" content=\"1 minute\" \/>\n<script type=\"application\/ld+json\" class=\"yoast-schema-graph\">{\"@context\":\"https:\/\/schema.org\",\"@graph\":[{\"@type\":\"Article\",\"@id\":\"https:\/\/kapitalis.com\/tunisie\/2015\/11\/16\/lislamo-terrorisme-est-devant-nous-et-pas-derriere-nous\/#article\",\"isPartOf\":{\"@id\":\"https:\/\/kapitalis.com\/tunisie\/2015\/11\/16\/lislamo-terrorisme-est-devant-nous-et-pas-derriere-nous\/\"},\"author\":{\"name\":\"webmaster kapitalis\",\"@id\":\"https:\/\/kapitalis.com\/tunisie\/#\/schema\/person\/d71f33a9ca44f7bad4698210b480c8e9\"},\"headline\":\"L\u2019islamo-terrorisme est devant nous, et pas derri\u00e8re nous\",\"datePublished\":\"2015-11-16T15:56:30+00:00\",\"dateModified\":\"2015-11-16T16:00:19+00:00\",\"mainEntityOfPage\":{\"@id\":\"https:\/\/kapitalis.com\/tunisie\/2015\/11\/16\/lislamo-terrorisme-est-devant-nous-et-pas-derriere-nous\/\"},\"wordCount\":289,\"commentCount\":9,\"publisher\":{\"@id\":\"https:\/\/kapitalis.com\/tunisie\/#organization\"},\"image\":{\"@id\":\"https:\/\/kapitalis.com\/tunisie\/2015\/11\/16\/lislamo-terrorisme-est-devant-nous-et-pas-derriere-nous\/#primaryimage\"},\"thumbnailUrl\":\"http:\/\/kapitalis.com\/tunisie\/wp-content\/uploads\/2015\/09\/Brigade-antiterroriste.jpg\",\"keywords\":[\"gouvernement\",\"guerre\"],\"articleSection\":[\"A LA UNE\",\"TRIBUNE\",\"Tunisie\"],\"inLanguage\":\"fr-FR\",\"potentialAction\":[{\"@type\":\"CommentAction\",\"name\":\"Comment\",\"target\":[\"https:\/\/kapitalis.com\/tunisie\/2015\/11\/16\/lislamo-terrorisme-est-devant-nous-et-pas-derriere-nous\/#respond\"]}]},{\"@type\":\"WebPage\",\"@id\":\"https:\/\/kapitalis.com\/tunisie\/2015\/11\/16\/lislamo-terrorisme-est-devant-nous-et-pas-derriere-nous\/\",\"url\":\"https:\/\/kapitalis.com\/tunisie\/2015\/11\/16\/lislamo-terrorisme-est-devant-nous-et-pas-derriere-nous\/\",\"name\":\"L\u2019islamo-terrorisme est devant nous, et pas derri\u00e8re nous - Kapitalis\",\"isPartOf\":{\"@id\":\"https:\/\/kapitalis.com\/tunisie\/#website\"},\"primaryImageOfPage\":{\"@id\":\"https:\/\/kapitalis.com\/tunisie\/2015\/11\/16\/lislamo-terrorisme-est-devant-nous-et-pas-derriere-nous\/#primaryimage\"},\"image\":{\"@id\":\"https:\/\/kapitalis.com\/tunisie\/2015\/11\/16\/lislamo-terrorisme-est-devant-nous-et-pas-derriere-nous\/#primaryimage\"},\"thumbnailUrl\":\"http:\/\/kapitalis.com\/tunisie\/wp-content\/uploads\/2015\/09\/Brigade-antiterroriste.jpg\",\"datePublished\":\"2015-11-16T15:56:30+00:00\",\"dateModified\":\"2015-11-16T16:00:19+00:00\",\"breadcrumb\":{\"@id\":\"https:\/\/kapitalis.com\/tunisie\/2015\/11\/16\/lislamo-terrorisme-est-devant-nous-et-pas-derriere-nous\/#breadcrumb\"},\"inLanguage\":\"fr-FR\",\"potentialAction\":[{\"@type\":\"ReadAction\",\"target\":[\"https:\/\/kapitalis.com\/tunisie\/2015\/11\/16\/lislamo-terrorisme-est-devant-nous-et-pas-derriere-nous\/\"]}]},{\"@type\":\"ImageObject\",\"inLanguage\":\"fr-FR\",\"@id\":\"https:\/\/kapitalis.com\/tunisie\/2015\/11\/16\/lislamo-terrorisme-est-devant-nous-et-pas-derriere-nous\/#primaryimage\",\"url\":\"http:\/\/kapitalis.com\/tunisie\/wp-content\/uploads\/2015\/09\/Brigade-antiterroriste.jpg\",\"contentUrl\":\"http:\/\/kapitalis.com\/tunisie\/wp-content\/uploads\/2015\/09\/Brigade-antiterroriste.jpg\"},{\"@type\":\"BreadcrumbList\",\"@id\":\"https:\/\/kapitalis.com\/tunisie\/2015\/11\/16\/lislamo-terrorisme-est-devant-nous-et-pas-derriere-nous\/#breadcrumb\",\"itemListElement\":[{\"@type\":\"ListItem\",\"position\":1,\"name\":\"Accueil\",\"item\":\"https:\/\/kapitalis.com\/tunisie\/\"},{\"@type\":\"ListItem\",\"position\":2,\"name\":\"L\u2019islamo-terrorisme est devant nous, et pas derri\u00e8re nous\"}]},{\"@type\":\"WebSite\",\"@id\":\"https:\/\/kapitalis.com\/tunisie\/#website\",\"url\":\"https:\/\/kapitalis.com\/tunisie\/\",\"name\":\"Kapitalis\",\"description\":\"L&#039;actualit\u00e9 en Tunisie et dans le monde\",\"publisher\":{\"@id\":\"https:\/\/kapitalis.com\/tunisie\/#organization\"},\"potentialAction\":[{\"@type\":\"SearchAction\",\"target\":{\"@type\":\"EntryPoint\",\"urlTemplate\":\"https:\/\/kapitalis.com\/tunisie\/?s={search_term_string}\"},\"query-input\":{\"@type\":\"PropertyValueSpecification\",\"valueRequired\":true,\"valueName\":\"search_term_string\"}}],\"inLanguage\":\"fr-FR\"},{\"@type\":\"Organization\",\"@id\":\"https:\/\/kapitalis.com\/tunisie\/#organization\",\"name\":\"Kapitalis\",\"url\":\"https:\/\/kapitalis.com\/tunisie\/\",\"logo\":{\"@type\":\"ImageObject\",\"inLanguage\":\"fr-FR\",\"@id\":\"https:\/\/kapitalis.com\/tunisie\/#\/schema\/logo\/image\/\",\"url\":\"https:\/\/kapitalis.com\/tunisie\/wp-content\/uploads\/2022\/05\/Kapitalis-big-size.png\",\"contentUrl\":\"https:\/\/kapitalis.com\/tunisie\/wp-content\/uploads\/2022\/05\/Kapitalis-big-size.png\",\"width\":5000,\"height\":1500,\"caption\":\"Kapitalis\"},\"image\":{\"@id\":\"https:\/\/kapitalis.com\/tunisie\/#\/schema\/logo\/image\/\"},\"sameAs\":[\"https:\/\/www.facebook.com\/KapitalisInfo\/\",\"https:\/\/x.com\/KapitalisInfo\",\"https:\/\/www.youtube.com\/channel\/UC-yDYrHyfFBWWZaOw3FPg9Q\"]},{\"@type\":\"Person\",\"@id\":\"https:\/\/kapitalis.com\/tunisie\/#\/schema\/person\/d71f33a9ca44f7bad4698210b480c8e9\",\"name\":\"webmaster kapitalis\",\"url\":\"https:\/\/kapitalis.com\/tunisie\/author\/webmaster-kapitalis\/\"}]}<\/script>\n<!-- \/ Yoast SEO plugin. -->","yoast_head_json":{"title":"L\u2019islamo-terrorisme est devant nous, et pas derri\u00e8re nous - Kapitalis","robots":{"index":"index","follow":"follow","max-snippet":"max-snippet:-1","max-image-preview":"max-image-preview:large","max-video-preview":"max-video-preview:-1"},"canonical":"https:\/\/kapitalis.com\/tunisie\/2015\/11\/16\/lislamo-terrorisme-est-devant-nous-et-pas-derriere-nous\/","og_locale":"fr_FR","og_type":"article","og_title":"L\u2019islamo-terrorisme est devant nous, et pas derri\u00e8re nous - Kapitalis","og_description":"En cette p\u00e9riode de guerre contre le terrorisme, la Tunisie a besoin d\u2019un gouvernement de combat, compos\u00e9 de soldats pr\u00eat \u00e0 mourir pour la patrie. Par Mohamed Chawki Abid *","og_url":"https:\/\/kapitalis.com\/tunisie\/2015\/11\/16\/lislamo-terrorisme-est-devant-nous-et-pas-derriere-nous\/","og_site_name":"Kapitalis","article_publisher":"https:\/\/www.facebook.com\/KapitalisInfo\/","article_published_time":"2015-11-16T15:56:30+00:00","article_modified_time":"2015-11-16T16:00:19+00:00","og_image":[{"url":"http:\/\/kapitalis.com\/tunisie\/wp-content\/uploads\/2015\/09\/Brigade-antiterroriste.jpg","type":"","width":"","height":""}],"author":"webmaster kapitalis","twitter_card":"summary_large_image","twitter_creator":"@KapitalisInfo","twitter_site":"@KapitalisInfo","twitter_misc":{"\u00c9crit par":"webmaster kapitalis","Dur\u00e9e de lecture estim\u00e9e":"1 minute"},"schema":{"@context":"https:\/\/schema.org","@graph":[{"@type":"Article","@id":"https:\/\/kapitalis.com\/tunisie\/2015\/11\/16\/lislamo-terrorisme-est-devant-nous-et-pas-derriere-nous\/#article","isPartOf":{"@id":"https:\/\/kapitalis.com\/tunisie\/2015\/11\/16\/lislamo-terrorisme-est-devant-nous-et-pas-derriere-nous\/"},"author":{"name":"webmaster kapitalis","@id":"https:\/\/kapitalis.com\/tunisie\/#\/schema\/person\/d71f33a9ca44f7bad4698210b480c8e9"},"headline":"L\u2019islamo-terrorisme est devant nous, et pas derri\u00e8re nous","datePublished":"2015-11-16T15:56:30+00:00","dateModified":"2015-11-16T16:00:19+00:00","mainEntityOfPage":{"@id":"https:\/\/kapitalis.com\/tunisie\/2015\/11\/16\/lislamo-terrorisme-est-devant-nous-et-pas-derriere-nous\/"},"wordCount":289,"commentCount":9,"publisher":{"@id":"https:\/\/kapitalis.com\/tunisie\/#organization"},"image":{"@id":"https:\/\/kapitalis.com\/tunisie\/2015\/11\/16\/lislamo-terrorisme-est-devant-nous-et-pas-derriere-nous\/#primaryimage"},"thumbnailUrl":"http:\/\/kapitalis.com\/tunisie\/wp-content\/uploads\/2015\/09\/Brigade-antiterroriste.jpg","keywords":["gouvernement","guerre"],"articleSection":["A LA UNE","TRIBUNE","Tunisie"],"inLanguage":"fr-FR","potentialAction":[{"@type":"CommentAction","name":"Comment","target":["https:\/\/kapitalis.com\/tunisie\/2015\/11\/16\/lislamo-terrorisme-est-devant-nous-et-pas-derriere-nous\/#respond"]}]},{"@type":"WebPage","@id":"https:\/\/kapitalis.com\/tunisie\/2015\/11\/16\/lislamo-terrorisme-est-devant-nous-et-pas-derriere-nous\/","url":"https:\/\/kapitalis.com\/tunisie\/2015\/11\/16\/lislamo-terrorisme-est-devant-nous-et-pas-derriere-nous\/","name":"L\u2019islamo-terrorisme est devant nous, et pas derri\u00e8re nous - Kapitalis","isPartOf":{"@id":"https:\/\/kapitalis.com\/tunisie\/#website"},"primaryImageOfPage":{"@id":"https:\/\/kapitalis.com\/tunisie\/2015\/11\/16\/lislamo-terrorisme-est-devant-nous-et-pas-derriere-nous\/#primaryimage"},"image":{"@id":"https:\/\/kapitalis.com\/tunisie\/2015\/11\/16\/lislamo-terrorisme-est-devant-nous-et-pas-derriere-nous\/#primaryimage"},"thumbnailUrl":"http:\/\/kapitalis.com\/tunisie\/wp-content\/uploads\/2015\/09\/Brigade-antiterroriste.jpg","datePublished":"2015-11-16T15:56:30+00:00","dateModified":"2015-11-16T16:00:19+00:00","breadcrumb":{"@id":"https:\/\/kapitalis.com\/tunisie\/2015\/11\/16\/lislamo-terrorisme-est-devant-nous-et-pas-derriere-nous\/#breadcrumb"},"inLanguage":"fr-FR","potentialAction":[{"@type":"ReadAction","target":["https:\/\/kapitalis.com\/tunisie\/2015\/11\/16\/lislamo-terrorisme-est-devant-nous-et-pas-derriere-nous\/"]}]},{"@type":"ImageObject","inLanguage":"fr-FR","@id":"https:\/\/kapitalis.com\/tunisie\/2015\/11\/16\/lislamo-terrorisme-est-devant-nous-et-pas-derriere-nous\/#primaryimage","url":"http:\/\/kapitalis.com\/tunisie\/wp-content\/uploads\/2015\/09\/Brigade-antiterroriste.jpg","contentUrl":"http:\/\/kapitalis.com\/tunisie\/wp-content\/uploads\/2015\/09\/Brigade-antiterroriste.jpg"},{"@type":"BreadcrumbList","@id":"https:\/\/kapitalis.com\/tunisie\/2015\/11\/16\/lislamo-terrorisme-est-devant-nous-et-pas-derriere-nous\/#breadcrumb","itemListElement":[{"@type":"ListItem","position":1,"name":"Accueil","item":"https:\/\/kapitalis.com\/tunisie\/"},{"@type":"ListItem","position":2,"name":"L\u2019islamo-terrorisme est devant nous, et pas derri\u00e8re nous"}]},{"@type":"WebSite","@id":"https:\/\/kapitalis.com\/tunisie\/#website","url":"https:\/\/kapitalis.com\/tunisie\/","name":"Kapitalis","description":"L&#039;actualit\u00e9 en Tunisie et dans le monde","publisher":{"@id":"https:\/\/kapitalis.com\/tunisie\/#organization"},"potentialAction":[{"@type":"SearchAction","target":{"@type":"EntryPoint","urlTemplate":"https:\/\/kapitalis.com\/tunisie\/?s={search_term_string}"},"query-input":{"@type":"PropertyValueSpecification","valueRequired":true,"valueName":"search_term_string"}}],"inLanguage":"fr-FR"},{"@type":"Organization","@id":"https:\/\/kapitalis.com\/tunisie\/#organization","name":"Kapitalis","url":"https:\/\/kapitalis.com\/tunisie\/","logo":{"@type":"ImageObject","inLanguage":"fr-FR","@id":"https:\/\/kapitalis.com\/tunisie\/#\/schema\/logo\/image\/","url":"https:\/\/kapitalis.com\/tunisie\/wp-content\/uploads\/2022\/05\/Kapitalis-big-size.png","contentUrl":"https:\/\/kapitalis.com\/tunisie\/wp-content\/uploads\/2022\/05\/Kapitalis-big-size.png","width":5000,"height":1500,"caption":"Kapitalis"},"image":{"@id":"https:\/\/kapitalis.com\/tunisie\/#\/schema\/logo\/image\/"},"sameAs":["https:\/\/www.facebook.com\/KapitalisInfo\/","https:\/\/x.com\/KapitalisInfo","https:\/\/www.youtube.com\/channel\/UC-yDYrHyfFBWWZaOw3FPg9Q"]},{"@type":"Person","@id":"https:\/\/kapitalis.com\/tunisie\/#\/schema\/person\/d71f33a9ca44f7bad4698210b480c8e9","name":"webmaster kapitalis","url":"https:\/\/kapitalis.com\/tunisie\/author\/webmaster-kapitalis\/"}]}},"_links":{"self":[{"href":"https:\/\/kapitalis.com\/tunisie\/wp-json\/wp\/v2\/posts\/25438","targetHints":{"allow":["GET"]}}],"collection":[{"href":"https:\/\/kapitalis.com\/tunisie\/wp-json\/wp\/v2\/posts"}],"about":[{"href":"https:\/\/kapitalis.com\/tunisie\/wp-json\/wp\/v2\/types\/post"}],"author":[{"embeddable":true,"href":"https:\/\/kapitalis.com\/tunisie\/wp-json\/wp\/v2\/users\/8"}],"replies":[{"embeddable":true,"href":"https:\/\/kapitalis.com\/tunisie\/wp-json\/wp\/v2\/comments?post=25438"}],"version-history":[{"count":0,"href":"https:\/\/kapitalis.com\/tunisie\/wp-json\/wp\/v2\/posts\/25438\/revisions"}],"wp:attachment":[{"href":"https:\/\/kapitalis.com\/tunisie\/wp-json\/wp\/v2\/media?parent=25438"}],"wp:term":[{"taxonomy":"category","embeddable":true,"href":"https:\/\/kapitalis.com\/tunisie\/wp-json\/wp\/v2\/categories?post=25438"},{"taxonomy":"post_tag","embeddable":true,"href":"https:\/\/kapitalis.com\/tunisie\/wp-json\/wp\/v2\/tags?post=25438"}],"curies":[{"name":"wp","href":"https:\/\/api.w.org\/{rel}","templated":true}]}}