{"id":255129,"date":"2019-11-13T12:46:01","date_gmt":"2019-11-13T11:46:01","guid":{"rendered":"http:\/\/kapitalis.com\/tunisie\/?p=255129"},"modified":"2019-11-13T14:29:48","modified_gmt":"2019-11-13T13:29:48","slug":"lor-pour-raoua-tlili-et-yassine-gharbi-aux-mondiaux-para-athletiques-a-dubai","status":"publish","type":"post","link":"https:\/\/kapitalis.com\/tunisie\/2019\/11\/13\/lor-pour-raoua-tlili-et-yassine-gharbi-aux-mondiaux-para-athletiques-a-dubai\/","title":{"rendered":"L&rsquo;or pour Raoua Tlili et Yassine Gharbi aux Mondiaux para-athl\u00e9tiques \u00e0 Duba\u00ef"},"content":{"rendered":"\n<figure class=\"wp-block-image\"><img decoding=\"async\" src=\"http:\/\/kapitalis.com\/tunisie\/wp-content\/uploads\/2019\/11\/Yassine-Gharbi-Raoua-Tlili.jpg\" alt=\"\" class=\"wp-image-255140\"\/><figcaption><em>Yassine Gharbi\/Raoua Tlili.<\/em><\/figcaption><\/figure>\n\n\n\n<p><strong><em>Raoua Tlili a d\u00e9croch\u00e9 hier, mardi 12 novembre 2019, la m\u00e9daille d&rsquo;or au lancer du disque aux Mondiaux para-athl\u00e9tiques \u00e0 Duba\u00ef, et a battu le record du monde dans cette discipline. Le soir m\u00eame de cette performance, Yassine Gharbi a \u00e9t\u00e9 sacr\u00e9 champion du monde aux 400 m\u00e8tres (T54). <\/em><\/strong><\/p>\n\n\n\n<!--more-->\n\n\n\n<p>A deux jours de la cl\u00f4ture de cette comp\u00e9tition, qui a d\u00e9but\u00e9 le 7 novembre, la Tunisie compte 5 m\u00e9dailles d&rsquo;or, dont 2 pour Walid Katila (100m et 800 m) et une pour Maroua Brahmi (lancer massue).<\/p>\n\n\n\n<p>Dans la foul\u00e9e, la Tunisie a enregistr\u00e9 une autre victoire aujourd\u2019hui, avec une m\u00e9daille d&rsquo;argent au lancer du poids, remport\u00e9e par l&rsquo;athl\u00e8te Yassine Guenichi, pour sa premi\u00e8re comp\u00e9tition internationale. <\/p>\n\n\n\n<div class=\"wp-block-image\"><figure class=\"aligncenter is-resized\"><img loading=\"lazy\" decoding=\"async\" src=\"http:\/\/kapitalis.com\/tunisie\/wp-content\/uploads\/2019\/11\/Yassine-Guenichi.jpg\" alt=\"\" class=\"wp-image-255143\" width=\"500\" height=\"352\"\/><figcaption><em>Yassine Guenichi,<\/em><\/figcaption><\/figure><\/div>\n\n\n\n<p>C&rsquo;est la 2e m\u00e9daille d&rsquo;argent apr\u00e8s celle d&rsquo;Ahmed Ben Moslah (lancer du poids) pour l&rsquo;\u00e9quipe tunisienne qui compte 3 autres en bronze pour Mohamed Farhat Chida (400m) et Hania Aidi (javelot) et Sonia Mansour (400m).<\/p>\n\n\n\n<p style=\"text-align:right\"><strong>Y. N.<\/strong><\/p>\n","protected":false},"excerpt":{"rendered":"<p>Raoua Tlili a d\u00e9croch\u00e9 hier, mardi 12 novembre 2019, la m\u00e9daille d&rsquo;or au lancer du disque aux Mondiaux para-athl\u00e9tiques \u00e0 Duba\u00ef, et a battu le record du monde dans cette discipline. Le soir m\u00eame de cette performance, Yassine Gharbi a \u00e9t\u00e9 sacr\u00e9 champion du monde aux 400 m\u00e8tres (T54).<\/p>\n","protected":false},"author":6,"featured_media":255140,"comment_status":"open","ping_status":"open","sticky":false,"template":"","format":"standard","meta":{"footnotes":""},"categories":[999,2433],"tags":[5109,8182,67145,22539,62643,34286],"class_list":["post-255129","post","type-post","status-publish","format-standard","has-post-thumbnail","hentry","category-sport","category-tunisie","tag-dubai","tag-medaille-or","tag-mondiaux-para-athletiques","tag-raoua-tlili","tag-tunisie","tag-yassine-gharbi"],"yoast_head":"<!-- This site is optimized with the Yoast SEO plugin v26.6 - https:\/\/yoast.com\/wordpress\/plugins\/seo\/ -->\n<title>L&#039;or pour Raoua Tlili et Yassine Gharbi aux Mondiaux para-athl\u00e9tiques \u00e0 Duba\u00ef - Kapitalis<\/title>\n<meta name=\"robots\" content=\"index, follow, max-snippet:-1, max-image-preview:large, max-video-preview:-1\" \/>\n<link rel=\"canonical\" href=\"https:\/\/kapitalis.com\/tunisie\/2019\/11\/13\/lor-pour-raoua-tlili-et-yassine-gharbi-aux-mondiaux-para-athletiques-a-dubai\/\" \/>\n<meta property=\"og:locale\" content=\"fr_FR\" \/>\n<meta property=\"og:type\" content=\"article\" \/>\n<meta property=\"og:title\" content=\"L&#039;or pour Raoua Tlili et Yassine Gharbi aux Mondiaux para-athl\u00e9tiques \u00e0 Duba\u00ef - Kapitalis\" \/>\n<meta property=\"og:description\" content=\"Raoua Tlili a d\u00e9croch\u00e9 hier, mardi 12 novembre 2019, la m\u00e9daille d&rsquo;or au lancer du disque aux Mondiaux para-athl\u00e9tiques \u00e0 Duba\u00ef, et a battu le record du monde dans cette discipline. Le soir m\u00eame de cette performance, Yassine Gharbi a \u00e9t\u00e9 sacr\u00e9 champion du monde aux 400 m\u00e8tres (T54).\" \/>\n<meta property=\"og:url\" content=\"https:\/\/kapitalis.com\/tunisie\/2019\/11\/13\/lor-pour-raoua-tlili-et-yassine-gharbi-aux-mondiaux-para-athletiques-a-dubai\/\" \/>\n<meta property=\"og:site_name\" content=\"Kapitalis\" \/>\n<meta property=\"article:publisher\" content=\"https:\/\/www.facebook.com\/KapitalisInfo\/\" \/>\n<meta property=\"article:published_time\" content=\"2019-11-13T11:46:01+00:00\" \/>\n<meta property=\"article:modified_time\" content=\"2019-11-13T13:29:48+00:00\" \/>\n<meta property=\"og:image\" content=\"https:\/\/kapitalis.com\/tunisie\/wp-content\/uploads\/2022\/05\/kapitalis-logo-fb.png\" \/>\n\t<meta property=\"og:image:width\" content=\"1200\" \/>\n\t<meta property=\"og:image:height\" content=\"630\" \/>\n\t<meta property=\"og:image:type\" content=\"image\/png\" \/>\n<meta name=\"author\" content=\"Yusra NY\" \/>\n<meta name=\"twitter:card\" content=\"summary_large_image\" \/>\n<meta name=\"twitter:creator\" content=\"@KapitalisInfo\" \/>\n<meta name=\"twitter:site\" content=\"@KapitalisInfo\" \/>\n<meta name=\"twitter:label1\" content=\"\u00c9crit par\" \/>\n\t<meta name=\"twitter:data1\" content=\"Yusra NY\" \/>\n\t<meta name=\"twitter:label2\" content=\"Dur\u00e9e de lecture estim\u00e9e\" \/>\n\t<meta name=\"twitter:data2\" content=\"1 minute\" \/>\n<script type=\"application\/ld+json\" class=\"yoast-schema-graph\">{\"@context\":\"https:\/\/schema.org\",\"@graph\":[{\"@type\":\"Article\",\"@id\":\"https:\/\/kapitalis.com\/tunisie\/2019\/11\/13\/lor-pour-raoua-tlili-et-yassine-gharbi-aux-mondiaux-para-athletiques-a-dubai\/#article\",\"isPartOf\":{\"@id\":\"https:\/\/kapitalis.com\/tunisie\/2019\/11\/13\/lor-pour-raoua-tlili-et-yassine-gharbi-aux-mondiaux-para-athletiques-a-dubai\/\"},\"author\":{\"name\":\"Yusra NY\",\"@id\":\"https:\/\/kapitalis.com\/tunisie\/#\/schema\/person\/74bbde0154d49d790a92aaeac5bc01d5\"},\"headline\":\"L&rsquo;or pour Raoua Tlili et Yassine Gharbi aux Mondiaux para-athl\u00e9tiques \u00e0 Duba\u00ef\",\"datePublished\":\"2019-11-13T11:46:01+00:00\",\"dateModified\":\"2019-11-13T13:29:48+00:00\",\"mainEntityOfPage\":{\"@id\":\"https:\/\/kapitalis.com\/tunisie\/2019\/11\/13\/lor-pour-raoua-tlili-et-yassine-gharbi-aux-mondiaux-para-athletiques-a-dubai\/\"},\"wordCount\":180,\"commentCount\":1,\"publisher\":{\"@id\":\"https:\/\/kapitalis.com\/tunisie\/#organization\"},\"image\":{\"@id\":\"https:\/\/kapitalis.com\/tunisie\/2019\/11\/13\/lor-pour-raoua-tlili-et-yassine-gharbi-aux-mondiaux-para-athletiques-a-dubai\/#primaryimage\"},\"thumbnailUrl\":\"\",\"keywords\":[\"Duba\u00ef\",\"m\u00e9daille or\",\"mondiaux para-athl\u00e9tiques\",\"Raoua Tlili\",\"Tunisie\",\"Yassine Gharbi\"],\"articleSection\":[\"SPORT\",\"Tunisie\"],\"inLanguage\":\"fr-FR\",\"potentialAction\":[{\"@type\":\"CommentAction\",\"name\":\"Comment\",\"target\":[\"https:\/\/kapitalis.com\/tunisie\/2019\/11\/13\/lor-pour-raoua-tlili-et-yassine-gharbi-aux-mondiaux-para-athletiques-a-dubai\/#respond\"]}]},{\"@type\":\"WebPage\",\"@id\":\"https:\/\/kapitalis.com\/tunisie\/2019\/11\/13\/lor-pour-raoua-tlili-et-yassine-gharbi-aux-mondiaux-para-athletiques-a-dubai\/\",\"url\":\"https:\/\/kapitalis.com\/tunisie\/2019\/11\/13\/lor-pour-raoua-tlili-et-yassine-gharbi-aux-mondiaux-para-athletiques-a-dubai\/\",\"name\":\"L'or pour Raoua Tlili et Yassine Gharbi aux Mondiaux para-athl\u00e9tiques \u00e0 Duba\u00ef - Kapitalis\",\"isPartOf\":{\"@id\":\"https:\/\/kapitalis.com\/tunisie\/#website\"},\"primaryImageOfPage\":{\"@id\":\"https:\/\/kapitalis.com\/tunisie\/2019\/11\/13\/lor-pour-raoua-tlili-et-yassine-gharbi-aux-mondiaux-para-athletiques-a-dubai\/#primaryimage\"},\"image\":{\"@id\":\"https:\/\/kapitalis.com\/tunisie\/2019\/11\/13\/lor-pour-raoua-tlili-et-yassine-gharbi-aux-mondiaux-para-athletiques-a-dubai\/#primaryimage\"},\"thumbnailUrl\":\"\",\"datePublished\":\"2019-11-13T11:46:01+00:00\",\"dateModified\":\"2019-11-13T13:29:48+00:00\",\"breadcrumb\":{\"@id\":\"https:\/\/kapitalis.com\/tunisie\/2019\/11\/13\/lor-pour-raoua-tlili-et-yassine-gharbi-aux-mondiaux-para-athletiques-a-dubai\/#breadcrumb\"},\"inLanguage\":\"fr-FR\",\"potentialAction\":[{\"@type\":\"ReadAction\",\"target\":[\"https:\/\/kapitalis.com\/tunisie\/2019\/11\/13\/lor-pour-raoua-tlili-et-yassine-gharbi-aux-mondiaux-para-athletiques-a-dubai\/\"]}]},{\"@type\":\"ImageObject\",\"inLanguage\":\"fr-FR\",\"@id\":\"https:\/\/kapitalis.com\/tunisie\/2019\/11\/13\/lor-pour-raoua-tlili-et-yassine-gharbi-aux-mondiaux-para-athletiques-a-dubai\/#primaryimage\",\"url\":\"\",\"contentUrl\":\"\"},{\"@type\":\"BreadcrumbList\",\"@id\":\"https:\/\/kapitalis.com\/tunisie\/2019\/11\/13\/lor-pour-raoua-tlili-et-yassine-gharbi-aux-mondiaux-para-athletiques-a-dubai\/#breadcrumb\",\"itemListElement\":[{\"@type\":\"ListItem\",\"position\":1,\"name\":\"Accueil\",\"item\":\"https:\/\/kapitalis.com\/tunisie\/\"},{\"@type\":\"ListItem\",\"position\":2,\"name\":\"L&rsquo;or pour Raoua Tlili et Yassine Gharbi aux Mondiaux para-athl\u00e9tiques \u00e0 Duba\u00ef\"}]},{\"@type\":\"WebSite\",\"@id\":\"https:\/\/kapitalis.com\/tunisie\/#website\",\"url\":\"https:\/\/kapitalis.com\/tunisie\/\",\"name\":\"Kapitalis\",\"description\":\"L&#039;actualit\u00e9 en Tunisie et dans le monde\",\"publisher\":{\"@id\":\"https:\/\/kapitalis.com\/tunisie\/#organization\"},\"potentialAction\":[{\"@type\":\"SearchAction\",\"target\":{\"@type\":\"EntryPoint\",\"urlTemplate\":\"https:\/\/kapitalis.com\/tunisie\/?s={search_term_string}\"},\"query-input\":{\"@type\":\"PropertyValueSpecification\",\"valueRequired\":true,\"valueName\":\"search_term_string\"}}],\"inLanguage\":\"fr-FR\"},{\"@type\":\"Organization\",\"@id\":\"https:\/\/kapitalis.com\/tunisie\/#organization\",\"name\":\"Kapitalis\",\"url\":\"https:\/\/kapitalis.com\/tunisie\/\",\"logo\":{\"@type\":\"ImageObject\",\"inLanguage\":\"fr-FR\",\"@id\":\"https:\/\/kapitalis.com\/tunisie\/#\/schema\/logo\/image\/\",\"url\":\"https:\/\/kapitalis.com\/tunisie\/wp-content\/uploads\/2022\/05\/Kapitalis-big-size.png\",\"contentUrl\":\"https:\/\/kapitalis.com\/tunisie\/wp-content\/uploads\/2022\/05\/Kapitalis-big-size.png\",\"width\":5000,\"height\":1500,\"caption\":\"Kapitalis\"},\"image\":{\"@id\":\"https:\/\/kapitalis.com\/tunisie\/#\/schema\/logo\/image\/\"},\"sameAs\":[\"https:\/\/www.facebook.com\/KapitalisInfo\/\",\"https:\/\/x.com\/KapitalisInfo\",\"https:\/\/www.youtube.com\/channel\/UC-yDYrHyfFBWWZaOw3FPg9Q\"]},{\"@type\":\"Person\",\"@id\":\"https:\/\/kapitalis.com\/tunisie\/#\/schema\/person\/74bbde0154d49d790a92aaeac5bc01d5\",\"name\":\"Yusra NY\",\"url\":\"https:\/\/kapitalis.com\/tunisie\/author\/yuza_adam\/\"}]}<\/script>\n<!-- \/ Yoast SEO plugin. -->","yoast_head_json":{"title":"L'or pour Raoua Tlili et Yassine Gharbi aux Mondiaux para-athl\u00e9tiques \u00e0 Duba\u00ef - Kapitalis","robots":{"index":"index","follow":"follow","max-snippet":"max-snippet:-1","max-image-preview":"max-image-preview:large","max-video-preview":"max-video-preview:-1"},"canonical":"https:\/\/kapitalis.com\/tunisie\/2019\/11\/13\/lor-pour-raoua-tlili-et-yassine-gharbi-aux-mondiaux-para-athletiques-a-dubai\/","og_locale":"fr_FR","og_type":"article","og_title":"L'or pour Raoua Tlili et Yassine Gharbi aux Mondiaux para-athl\u00e9tiques \u00e0 Duba\u00ef - Kapitalis","og_description":"Raoua Tlili a d\u00e9croch\u00e9 hier, mardi 12 novembre 2019, la m\u00e9daille d&rsquo;or au lancer du disque aux Mondiaux para-athl\u00e9tiques \u00e0 Duba\u00ef, et a battu le record du monde dans cette discipline. Le soir m\u00eame de cette performance, Yassine Gharbi a \u00e9t\u00e9 sacr\u00e9 champion du monde aux 400 m\u00e8tres (T54).","og_url":"https:\/\/kapitalis.com\/tunisie\/2019\/11\/13\/lor-pour-raoua-tlili-et-yassine-gharbi-aux-mondiaux-para-athletiques-a-dubai\/","og_site_name":"Kapitalis","article_publisher":"https:\/\/www.facebook.com\/KapitalisInfo\/","article_published_time":"2019-11-13T11:46:01+00:00","article_modified_time":"2019-11-13T13:29:48+00:00","og_image":[{"width":1200,"height":630,"url":"https:\/\/kapitalis.com\/tunisie\/wp-content\/uploads\/2022\/05\/kapitalis-logo-fb.png","type":"image\/png"}],"author":"Yusra NY","twitter_card":"summary_large_image","twitter_creator":"@KapitalisInfo","twitter_site":"@KapitalisInfo","twitter_misc":{"\u00c9crit par":"Yusra NY","Dur\u00e9e de lecture estim\u00e9e":"1 minute"},"schema":{"@context":"https:\/\/schema.org","@graph":[{"@type":"Article","@id":"https:\/\/kapitalis.com\/tunisie\/2019\/11\/13\/lor-pour-raoua-tlili-et-yassine-gharbi-aux-mondiaux-para-athletiques-a-dubai\/#article","isPartOf":{"@id":"https:\/\/kapitalis.com\/tunisie\/2019\/11\/13\/lor-pour-raoua-tlili-et-yassine-gharbi-aux-mondiaux-para-athletiques-a-dubai\/"},"author":{"name":"Yusra NY","@id":"https:\/\/kapitalis.com\/tunisie\/#\/schema\/person\/74bbde0154d49d790a92aaeac5bc01d5"},"headline":"L&rsquo;or pour Raoua Tlili et Yassine Gharbi aux Mondiaux para-athl\u00e9tiques \u00e0 Duba\u00ef","datePublished":"2019-11-13T11:46:01+00:00","dateModified":"2019-11-13T13:29:48+00:00","mainEntityOfPage":{"@id":"https:\/\/kapitalis.com\/tunisie\/2019\/11\/13\/lor-pour-raoua-tlili-et-yassine-gharbi-aux-mondiaux-para-athletiques-a-dubai\/"},"wordCount":180,"commentCount":1,"publisher":{"@id":"https:\/\/kapitalis.com\/tunisie\/#organization"},"image":{"@id":"https:\/\/kapitalis.com\/tunisie\/2019\/11\/13\/lor-pour-raoua-tlili-et-yassine-gharbi-aux-mondiaux-para-athletiques-a-dubai\/#primaryimage"},"thumbnailUrl":"","keywords":["Duba\u00ef","m\u00e9daille or","mondiaux para-athl\u00e9tiques","Raoua Tlili","Tunisie","Yassine Gharbi"],"articleSection":["SPORT","Tunisie"],"inLanguage":"fr-FR","potentialAction":[{"@type":"CommentAction","name":"Comment","target":["https:\/\/kapitalis.com\/tunisie\/2019\/11\/13\/lor-pour-raoua-tlili-et-yassine-gharbi-aux-mondiaux-para-athletiques-a-dubai\/#respond"]}]},{"@type":"WebPage","@id":"https:\/\/kapitalis.com\/tunisie\/2019\/11\/13\/lor-pour-raoua-tlili-et-yassine-gharbi-aux-mondiaux-para-athletiques-a-dubai\/","url":"https:\/\/kapitalis.com\/tunisie\/2019\/11\/13\/lor-pour-raoua-tlili-et-yassine-gharbi-aux-mondiaux-para-athletiques-a-dubai\/","name":"L'or pour Raoua Tlili et Yassine Gharbi aux Mondiaux para-athl\u00e9tiques \u00e0 Duba\u00ef - Kapitalis","isPartOf":{"@id":"https:\/\/kapitalis.com\/tunisie\/#website"},"primaryImageOfPage":{"@id":"https:\/\/kapitalis.com\/tunisie\/2019\/11\/13\/lor-pour-raoua-tlili-et-yassine-gharbi-aux-mondiaux-para-athletiques-a-dubai\/#primaryimage"},"image":{"@id":"https:\/\/kapitalis.com\/tunisie\/2019\/11\/13\/lor-pour-raoua-tlili-et-yassine-gharbi-aux-mondiaux-para-athletiques-a-dubai\/#primaryimage"},"thumbnailUrl":"","datePublished":"2019-11-13T11:46:01+00:00","dateModified":"2019-11-13T13:29:48+00:00","breadcrumb":{"@id":"https:\/\/kapitalis.com\/tunisie\/2019\/11\/13\/lor-pour-raoua-tlili-et-yassine-gharbi-aux-mondiaux-para-athletiques-a-dubai\/#breadcrumb"},"inLanguage":"fr-FR","potentialAction":[{"@type":"ReadAction","target":["https:\/\/kapitalis.com\/tunisie\/2019\/11\/13\/lor-pour-raoua-tlili-et-yassine-gharbi-aux-mondiaux-para-athletiques-a-dubai\/"]}]},{"@type":"ImageObject","inLanguage":"fr-FR","@id":"https:\/\/kapitalis.com\/tunisie\/2019\/11\/13\/lor-pour-raoua-tlili-et-yassine-gharbi-aux-mondiaux-para-athletiques-a-dubai\/#primaryimage","url":"","contentUrl":""},{"@type":"BreadcrumbList","@id":"https:\/\/kapitalis.com\/tunisie\/2019\/11\/13\/lor-pour-raoua-tlili-et-yassine-gharbi-aux-mondiaux-para-athletiques-a-dubai\/#breadcrumb","itemListElement":[{"@type":"ListItem","position":1,"name":"Accueil","item":"https:\/\/kapitalis.com\/tunisie\/"},{"@type":"ListItem","position":2,"name":"L&rsquo;or pour Raoua Tlili et Yassine Gharbi aux Mondiaux para-athl\u00e9tiques \u00e0 Duba\u00ef"}]},{"@type":"WebSite","@id":"https:\/\/kapitalis.com\/tunisie\/#website","url":"https:\/\/kapitalis.com\/tunisie\/","name":"Kapitalis","description":"L&#039;actualit\u00e9 en Tunisie et dans le monde","publisher":{"@id":"https:\/\/kapitalis.com\/tunisie\/#organization"},"potentialAction":[{"@type":"SearchAction","target":{"@type":"EntryPoint","urlTemplate":"https:\/\/kapitalis.com\/tunisie\/?s={search_term_string}"},"query-input":{"@type":"PropertyValueSpecification","valueRequired":true,"valueName":"search_term_string"}}],"inLanguage":"fr-FR"},{"@type":"Organization","@id":"https:\/\/kapitalis.com\/tunisie\/#organization","name":"Kapitalis","url":"https:\/\/kapitalis.com\/tunisie\/","logo":{"@type":"ImageObject","inLanguage":"fr-FR","@id":"https:\/\/kapitalis.com\/tunisie\/#\/schema\/logo\/image\/","url":"https:\/\/kapitalis.com\/tunisie\/wp-content\/uploads\/2022\/05\/Kapitalis-big-size.png","contentUrl":"https:\/\/kapitalis.com\/tunisie\/wp-content\/uploads\/2022\/05\/Kapitalis-big-size.png","width":5000,"height":1500,"caption":"Kapitalis"},"image":{"@id":"https:\/\/kapitalis.com\/tunisie\/#\/schema\/logo\/image\/"},"sameAs":["https:\/\/www.facebook.com\/KapitalisInfo\/","https:\/\/x.com\/KapitalisInfo","https:\/\/www.youtube.com\/channel\/UC-yDYrHyfFBWWZaOw3FPg9Q"]},{"@type":"Person","@id":"https:\/\/kapitalis.com\/tunisie\/#\/schema\/person\/74bbde0154d49d790a92aaeac5bc01d5","name":"Yusra NY","url":"https:\/\/kapitalis.com\/tunisie\/author\/yuza_adam\/"}]}},"_links":{"self":[{"href":"https:\/\/kapitalis.com\/tunisie\/wp-json\/wp\/v2\/posts\/255129","targetHints":{"allow":["GET"]}}],"collection":[{"href":"https:\/\/kapitalis.com\/tunisie\/wp-json\/wp\/v2\/posts"}],"about":[{"href":"https:\/\/kapitalis.com\/tunisie\/wp-json\/wp\/v2\/types\/post"}],"author":[{"embeddable":true,"href":"https:\/\/kapitalis.com\/tunisie\/wp-json\/wp\/v2\/users\/6"}],"replies":[{"embeddable":true,"href":"https:\/\/kapitalis.com\/tunisie\/wp-json\/wp\/v2\/comments?post=255129"}],"version-history":[{"count":0,"href":"https:\/\/kapitalis.com\/tunisie\/wp-json\/wp\/v2\/posts\/255129\/revisions"}],"wp:featuredmedia":[{"embeddable":true,"href":"https:\/\/kapitalis.com\/tunisie\/wp-json\/wp\/v2\/media\/255140"}],"wp:attachment":[{"href":"https:\/\/kapitalis.com\/tunisie\/wp-json\/wp\/v2\/media?parent=255129"}],"wp:term":[{"taxonomy":"category","embeddable":true,"href":"https:\/\/kapitalis.com\/tunisie\/wp-json\/wp\/v2\/categories?post=255129"},{"taxonomy":"post_tag","embeddable":true,"href":"https:\/\/kapitalis.com\/tunisie\/wp-json\/wp\/v2\/tags?post=255129"}],"curies":[{"name":"wp","href":"https:\/\/api.w.org\/{rel}","templated":true}]}}