{"id":25513,"date":"2015-11-17T10:09:02","date_gmt":"2015-11-17T09:09:02","guid":{"rendered":"http:\/\/kapitalis.com\/tunisie\/?p=25513"},"modified":"2015-11-17T10:31:18","modified_gmt":"2015-11-17T09:31:18","slug":"hommages-aux-victimes-a-paris-mabrouk-soltani-etait-aussi-present","status":"publish","type":"post","link":"https:\/\/kapitalis.com\/tunisie\/2015\/11\/17\/hommages-aux-victimes-a-paris-mabrouk-soltani-etait-aussi-present\/","title":{"rendered":"Hommages aux victimes \u00e0 Paris : Mabrouk Soltani \u00e9tait aussi pr\u00e9sent (vid\u00e9o)"},"content":{"rendered":"<p><img loading=\"lazy\" decoding=\"async\" class=\"alignnone size-full wp-image-25529 aligncenter\" src=\"http:\/\/kapitalis.com\/tunisie\/wp-content\/uploads\/2015\/11\/soltani-paris-3.jpg\" alt=\"soltani paris 3\" width=\"626\" height=\"380\" \/><\/p>\n<p><em><strong>Des Tunisiens vivant en France ont rendu hommage aux victimes de l\u2019attaque de Paris et au jeune berger tunisien d\u00e9capit\u00e9 \u00e0 Sidi Bouzid.<\/strong> <\/em><br \/>\n<!--more--><\/p>\n<p>L\u2019ambassadeur de Tunisie en France, Mohamed Ali Chihi, a \u00e9galement pris part \u00e0 ce rassemblement \u00e0 la rue de Charonne dans le 11e arrondissement de Paris.<\/p>\n<p>Une gerbe de fleurs a \u00e9t\u00e9 d\u00e9pos\u00e9e au n\u00b0 92, devant le restaurant La Belle Equipe, o\u00f9 des terroristes ont ouvert le feu vendredi dernier. Une minute de silence a \u00e9t\u00e9 observ\u00e9e \u00e0 la m\u00e9moire des victimes de l\u2019attaque de Paris (plus de 130 morts et plus de 300 bless\u00e9s) et les pr\u00e9sents brandissaient des pancartes de soutien aux familles des d\u00e9funts, appelant \u00e0 l\u2019union contre le terrorisme: \u00ab<em>De Paris \u00e0 Tunis, tous unis contre le terrorisme<\/em>\u00bb.<\/p>\n<div class=\"embed\">\n<div class=\"video\"><iframe loading=\"lazy\" id=\"div1\" src=\"https:\/\/www.youtube.com\/embed\/7VqVW6cVFAc?rel=0&amp;iv_load_policy=3&amp;showinfo=0&amp;modestbranding=1&amp;fs=1\" width=\"560\" height=\"315\" frameborder=\"0\" allowfullscreen=\"allowfullscreen\"><\/iframe><\/div>\n<\/div>\n<p>&nbsp;<br \/>\nRappelons que 2 s\u0153urs tunisiennes Halima (35 ans) et Hodda Saadi (34 ans) ont p\u00e9ri dans ce drame.<\/p>\n<p><img loading=\"lazy\" decoding=\"async\" class=\"alignnone size-full wp-image-25527 aligncenter\" src=\"http:\/\/kapitalis.com\/tunisie\/wp-content\/uploads\/2015\/11\/soltani-paris-2.jpg\" alt=\"soltani paris 2\" width=\"500\" height=\"300\" \/><\/p>\n<p>Les participants ont \u00e9galement rendu hommage \u00e0 Mabrouk Soltani, le berger de 16 ans d\u00e9capit\u00e9 le m\u00eame jour, \u00e0 Jebel Mghila \u00e0 Sidi Bouzid, par des terroristes retranch\u00e9s dans les montagnes.<\/p>\n<p style=\"text-align: right;\"><strong>Y. N.<\/strong><\/p>\n","protected":false},"excerpt":{"rendered":"<p>Des Tunisiens vivant en France ont rendu hommage aux victimes de l\u2019attaque de Paris et au jeune berger tunisien d\u00e9capit\u00e9 \u00e0 Sidi Bouzid.<\/p>\n","protected":false},"author":11,"featured_media":25526,"comment_status":"open","ping_status":"open","sticky":false,"template":"","format":"standard","meta":{"footnotes":""},"categories":[998,2433],"tags":[3659,395,1364,828,2726],"class_list":["post-25513","post","type-post","status-publish","format-standard","has-post-thumbnail","hentry","category-societe","category-tunisie","tag-attaques","tag-france","tag-paris","tag-sidi-bouzid","tag-victimes"],"yoast_head":"<!-- This site is optimized with the Yoast SEO plugin v26.6 - https:\/\/yoast.com\/wordpress\/plugins\/seo\/ -->\n<title>Hommages aux victimes \u00e0 Paris : Mabrouk Soltani \u00e9tait aussi pr\u00e9sent (vid\u00e9o) - Kapitalis<\/title>\n<meta name=\"robots\" content=\"index, follow, max-snippet:-1, max-image-preview:large, max-video-preview:-1\" \/>\n<link rel=\"canonical\" href=\"https:\/\/kapitalis.com\/tunisie\/2015\/11\/17\/hommages-aux-victimes-a-paris-mabrouk-soltani-etait-aussi-present\/\" \/>\n<meta property=\"og:locale\" content=\"fr_FR\" \/>\n<meta property=\"og:type\" content=\"article\" \/>\n<meta property=\"og:title\" content=\"Hommages aux victimes \u00e0 Paris : Mabrouk Soltani \u00e9tait aussi pr\u00e9sent (vid\u00e9o) - Kapitalis\" \/>\n<meta property=\"og:description\" content=\"Des Tunisiens vivant en France ont rendu hommage aux victimes de l\u2019attaque de Paris et au jeune berger tunisien d\u00e9capit\u00e9 \u00e0 Sidi Bouzid.\" \/>\n<meta property=\"og:url\" content=\"https:\/\/kapitalis.com\/tunisie\/2015\/11\/17\/hommages-aux-victimes-a-paris-mabrouk-soltani-etait-aussi-present\/\" \/>\n<meta property=\"og:site_name\" content=\"Kapitalis\" \/>\n<meta property=\"article:publisher\" content=\"https:\/\/www.facebook.com\/KapitalisInfo\/\" \/>\n<meta property=\"article:published_time\" content=\"2015-11-17T09:09:02+00:00\" \/>\n<meta property=\"article:modified_time\" content=\"2015-11-17T09:31:18+00:00\" \/>\n<meta property=\"og:image\" content=\"https:\/\/kapitalis.com\/tunisie\/wp-content\/uploads\/2022\/05\/kapitalis-logo-fb.png\" \/>\n\t<meta property=\"og:image:width\" content=\"1200\" \/>\n\t<meta property=\"og:image:height\" content=\"630\" \/>\n\t<meta property=\"og:image:type\" content=\"image\/png\" \/>\n<meta name=\"author\" content=\"benmansour3 benmansour\" \/>\n<meta name=\"twitter:card\" content=\"summary_large_image\" \/>\n<meta name=\"twitter:creator\" content=\"@KapitalisInfo\" \/>\n<meta name=\"twitter:site\" content=\"@KapitalisInfo\" \/>\n<meta name=\"twitter:label1\" content=\"\u00c9crit par\" \/>\n\t<meta name=\"twitter:data1\" content=\"benmansour3 benmansour\" \/>\n\t<meta name=\"twitter:label2\" content=\"Dur\u00e9e de lecture estim\u00e9e\" \/>\n\t<meta name=\"twitter:data2\" content=\"1 minute\" \/>\n<script type=\"application\/ld+json\" class=\"yoast-schema-graph\">{\"@context\":\"https:\/\/schema.org\",\"@graph\":[{\"@type\":\"Article\",\"@id\":\"https:\/\/kapitalis.com\/tunisie\/2015\/11\/17\/hommages-aux-victimes-a-paris-mabrouk-soltani-etait-aussi-present\/#article\",\"isPartOf\":{\"@id\":\"https:\/\/kapitalis.com\/tunisie\/2015\/11\/17\/hommages-aux-victimes-a-paris-mabrouk-soltani-etait-aussi-present\/\"},\"author\":{\"name\":\"benmansour3 benmansour\",\"@id\":\"https:\/\/kapitalis.com\/tunisie\/#\/schema\/person\/035372e645ad321edc01006468cd4c8b\"},\"headline\":\"Hommages aux victimes \u00e0 Paris : Mabrouk Soltani \u00e9tait aussi pr\u00e9sent (vid\u00e9o)\",\"datePublished\":\"2015-11-17T09:09:02+00:00\",\"dateModified\":\"2015-11-17T09:31:18+00:00\",\"mainEntityOfPage\":{\"@id\":\"https:\/\/kapitalis.com\/tunisie\/2015\/11\/17\/hommages-aux-victimes-a-paris-mabrouk-soltani-etait-aussi-present\/\"},\"wordCount\":191,\"commentCount\":0,\"publisher\":{\"@id\":\"https:\/\/kapitalis.com\/tunisie\/#organization\"},\"image\":{\"@id\":\"https:\/\/kapitalis.com\/tunisie\/2015\/11\/17\/hommages-aux-victimes-a-paris-mabrouk-soltani-etait-aussi-present\/#primaryimage\"},\"thumbnailUrl\":\"\",\"keywords\":[\"attaques\",\"France\",\"Paris\",\"Sidi Bouzid\",\"victimes\"],\"articleSection\":[\"SOCIETE\",\"Tunisie\"],\"inLanguage\":\"fr-FR\",\"potentialAction\":[{\"@type\":\"CommentAction\",\"name\":\"Comment\",\"target\":[\"https:\/\/kapitalis.com\/tunisie\/2015\/11\/17\/hommages-aux-victimes-a-paris-mabrouk-soltani-etait-aussi-present\/#respond\"]}]},{\"@type\":\"WebPage\",\"@id\":\"https:\/\/kapitalis.com\/tunisie\/2015\/11\/17\/hommages-aux-victimes-a-paris-mabrouk-soltani-etait-aussi-present\/\",\"url\":\"https:\/\/kapitalis.com\/tunisie\/2015\/11\/17\/hommages-aux-victimes-a-paris-mabrouk-soltani-etait-aussi-present\/\",\"name\":\"Hommages aux victimes \u00e0 Paris : Mabrouk Soltani \u00e9tait aussi pr\u00e9sent (vid\u00e9o) - Kapitalis\",\"isPartOf\":{\"@id\":\"https:\/\/kapitalis.com\/tunisie\/#website\"},\"primaryImageOfPage\":{\"@id\":\"https:\/\/kapitalis.com\/tunisie\/2015\/11\/17\/hommages-aux-victimes-a-paris-mabrouk-soltani-etait-aussi-present\/#primaryimage\"},\"image\":{\"@id\":\"https:\/\/kapitalis.com\/tunisie\/2015\/11\/17\/hommages-aux-victimes-a-paris-mabrouk-soltani-etait-aussi-present\/#primaryimage\"},\"thumbnailUrl\":\"\",\"datePublished\":\"2015-11-17T09:09:02+00:00\",\"dateModified\":\"2015-11-17T09:31:18+00:00\",\"breadcrumb\":{\"@id\":\"https:\/\/kapitalis.com\/tunisie\/2015\/11\/17\/hommages-aux-victimes-a-paris-mabrouk-soltani-etait-aussi-present\/#breadcrumb\"},\"inLanguage\":\"fr-FR\",\"potentialAction\":[{\"@type\":\"ReadAction\",\"target\":[\"https:\/\/kapitalis.com\/tunisie\/2015\/11\/17\/hommages-aux-victimes-a-paris-mabrouk-soltani-etait-aussi-present\/\"]}]},{\"@type\":\"ImageObject\",\"inLanguage\":\"fr-FR\",\"@id\":\"https:\/\/kapitalis.com\/tunisie\/2015\/11\/17\/hommages-aux-victimes-a-paris-mabrouk-soltani-etait-aussi-present\/#primaryimage\",\"url\":\"\",\"contentUrl\":\"\"},{\"@type\":\"BreadcrumbList\",\"@id\":\"https:\/\/kapitalis.com\/tunisie\/2015\/11\/17\/hommages-aux-victimes-a-paris-mabrouk-soltani-etait-aussi-present\/#breadcrumb\",\"itemListElement\":[{\"@type\":\"ListItem\",\"position\":1,\"name\":\"Accueil\",\"item\":\"https:\/\/kapitalis.com\/tunisie\/\"},{\"@type\":\"ListItem\",\"position\":2,\"name\":\"Hommages aux victimes \u00e0 Paris : Mabrouk Soltani \u00e9tait aussi pr\u00e9sent (vid\u00e9o)\"}]},{\"@type\":\"WebSite\",\"@id\":\"https:\/\/kapitalis.com\/tunisie\/#website\",\"url\":\"https:\/\/kapitalis.com\/tunisie\/\",\"name\":\"Kapitalis\",\"description\":\"L&#039;actualit\u00e9 en Tunisie et dans le monde\",\"publisher\":{\"@id\":\"https:\/\/kapitalis.com\/tunisie\/#organization\"},\"potentialAction\":[{\"@type\":\"SearchAction\",\"target\":{\"@type\":\"EntryPoint\",\"urlTemplate\":\"https:\/\/kapitalis.com\/tunisie\/?s={search_term_string}\"},\"query-input\":{\"@type\":\"PropertyValueSpecification\",\"valueRequired\":true,\"valueName\":\"search_term_string\"}}],\"inLanguage\":\"fr-FR\"},{\"@type\":\"Organization\",\"@id\":\"https:\/\/kapitalis.com\/tunisie\/#organization\",\"name\":\"Kapitalis\",\"url\":\"https:\/\/kapitalis.com\/tunisie\/\",\"logo\":{\"@type\":\"ImageObject\",\"inLanguage\":\"fr-FR\",\"@id\":\"https:\/\/kapitalis.com\/tunisie\/#\/schema\/logo\/image\/\",\"url\":\"https:\/\/kapitalis.com\/tunisie\/wp-content\/uploads\/2022\/05\/Kapitalis-big-size.png\",\"contentUrl\":\"https:\/\/kapitalis.com\/tunisie\/wp-content\/uploads\/2022\/05\/Kapitalis-big-size.png\",\"width\":5000,\"height\":1500,\"caption\":\"Kapitalis\"},\"image\":{\"@id\":\"https:\/\/kapitalis.com\/tunisie\/#\/schema\/logo\/image\/\"},\"sameAs\":[\"https:\/\/www.facebook.com\/KapitalisInfo\/\",\"https:\/\/x.com\/KapitalisInfo\",\"https:\/\/www.youtube.com\/channel\/UC-yDYrHyfFBWWZaOw3FPg9Q\"]},{\"@type\":\"Person\",\"@id\":\"https:\/\/kapitalis.com\/tunisie\/#\/schema\/person\/035372e645ad321edc01006468cd4c8b\",\"name\":\"benmansour3 benmansour\",\"url\":\"https:\/\/kapitalis.com\/tunisie\/author\/benmansour3\/\"}]}<\/script>\n<!-- \/ Yoast SEO plugin. -->","yoast_head_json":{"title":"Hommages aux victimes \u00e0 Paris : Mabrouk Soltani \u00e9tait aussi pr\u00e9sent (vid\u00e9o) - Kapitalis","robots":{"index":"index","follow":"follow","max-snippet":"max-snippet:-1","max-image-preview":"max-image-preview:large","max-video-preview":"max-video-preview:-1"},"canonical":"https:\/\/kapitalis.com\/tunisie\/2015\/11\/17\/hommages-aux-victimes-a-paris-mabrouk-soltani-etait-aussi-present\/","og_locale":"fr_FR","og_type":"article","og_title":"Hommages aux victimes \u00e0 Paris : Mabrouk Soltani \u00e9tait aussi pr\u00e9sent (vid\u00e9o) - Kapitalis","og_description":"Des Tunisiens vivant en France ont rendu hommage aux victimes de l\u2019attaque de Paris et au jeune berger tunisien d\u00e9capit\u00e9 \u00e0 Sidi Bouzid.","og_url":"https:\/\/kapitalis.com\/tunisie\/2015\/11\/17\/hommages-aux-victimes-a-paris-mabrouk-soltani-etait-aussi-present\/","og_site_name":"Kapitalis","article_publisher":"https:\/\/www.facebook.com\/KapitalisInfo\/","article_published_time":"2015-11-17T09:09:02+00:00","article_modified_time":"2015-11-17T09:31:18+00:00","og_image":[{"width":1200,"height":630,"url":"https:\/\/kapitalis.com\/tunisie\/wp-content\/uploads\/2022\/05\/kapitalis-logo-fb.png","type":"image\/png"}],"author":"benmansour3 benmansour","twitter_card":"summary_large_image","twitter_creator":"@KapitalisInfo","twitter_site":"@KapitalisInfo","twitter_misc":{"\u00c9crit par":"benmansour3 benmansour","Dur\u00e9e de lecture estim\u00e9e":"1 minute"},"schema":{"@context":"https:\/\/schema.org","@graph":[{"@type":"Article","@id":"https:\/\/kapitalis.com\/tunisie\/2015\/11\/17\/hommages-aux-victimes-a-paris-mabrouk-soltani-etait-aussi-present\/#article","isPartOf":{"@id":"https:\/\/kapitalis.com\/tunisie\/2015\/11\/17\/hommages-aux-victimes-a-paris-mabrouk-soltani-etait-aussi-present\/"},"author":{"name":"benmansour3 benmansour","@id":"https:\/\/kapitalis.com\/tunisie\/#\/schema\/person\/035372e645ad321edc01006468cd4c8b"},"headline":"Hommages aux victimes \u00e0 Paris : Mabrouk Soltani \u00e9tait aussi pr\u00e9sent (vid\u00e9o)","datePublished":"2015-11-17T09:09:02+00:00","dateModified":"2015-11-17T09:31:18+00:00","mainEntityOfPage":{"@id":"https:\/\/kapitalis.com\/tunisie\/2015\/11\/17\/hommages-aux-victimes-a-paris-mabrouk-soltani-etait-aussi-present\/"},"wordCount":191,"commentCount":0,"publisher":{"@id":"https:\/\/kapitalis.com\/tunisie\/#organization"},"image":{"@id":"https:\/\/kapitalis.com\/tunisie\/2015\/11\/17\/hommages-aux-victimes-a-paris-mabrouk-soltani-etait-aussi-present\/#primaryimage"},"thumbnailUrl":"","keywords":["attaques","France","Paris","Sidi Bouzid","victimes"],"articleSection":["SOCIETE","Tunisie"],"inLanguage":"fr-FR","potentialAction":[{"@type":"CommentAction","name":"Comment","target":["https:\/\/kapitalis.com\/tunisie\/2015\/11\/17\/hommages-aux-victimes-a-paris-mabrouk-soltani-etait-aussi-present\/#respond"]}]},{"@type":"WebPage","@id":"https:\/\/kapitalis.com\/tunisie\/2015\/11\/17\/hommages-aux-victimes-a-paris-mabrouk-soltani-etait-aussi-present\/","url":"https:\/\/kapitalis.com\/tunisie\/2015\/11\/17\/hommages-aux-victimes-a-paris-mabrouk-soltani-etait-aussi-present\/","name":"Hommages aux victimes \u00e0 Paris : Mabrouk Soltani \u00e9tait aussi pr\u00e9sent (vid\u00e9o) - Kapitalis","isPartOf":{"@id":"https:\/\/kapitalis.com\/tunisie\/#website"},"primaryImageOfPage":{"@id":"https:\/\/kapitalis.com\/tunisie\/2015\/11\/17\/hommages-aux-victimes-a-paris-mabrouk-soltani-etait-aussi-present\/#primaryimage"},"image":{"@id":"https:\/\/kapitalis.com\/tunisie\/2015\/11\/17\/hommages-aux-victimes-a-paris-mabrouk-soltani-etait-aussi-present\/#primaryimage"},"thumbnailUrl":"","datePublished":"2015-11-17T09:09:02+00:00","dateModified":"2015-11-17T09:31:18+00:00","breadcrumb":{"@id":"https:\/\/kapitalis.com\/tunisie\/2015\/11\/17\/hommages-aux-victimes-a-paris-mabrouk-soltani-etait-aussi-present\/#breadcrumb"},"inLanguage":"fr-FR","potentialAction":[{"@type":"ReadAction","target":["https:\/\/kapitalis.com\/tunisie\/2015\/11\/17\/hommages-aux-victimes-a-paris-mabrouk-soltani-etait-aussi-present\/"]}]},{"@type":"ImageObject","inLanguage":"fr-FR","@id":"https:\/\/kapitalis.com\/tunisie\/2015\/11\/17\/hommages-aux-victimes-a-paris-mabrouk-soltani-etait-aussi-present\/#primaryimage","url":"","contentUrl":""},{"@type":"BreadcrumbList","@id":"https:\/\/kapitalis.com\/tunisie\/2015\/11\/17\/hommages-aux-victimes-a-paris-mabrouk-soltani-etait-aussi-present\/#breadcrumb","itemListElement":[{"@type":"ListItem","position":1,"name":"Accueil","item":"https:\/\/kapitalis.com\/tunisie\/"},{"@type":"ListItem","position":2,"name":"Hommages aux victimes \u00e0 Paris : Mabrouk Soltani \u00e9tait aussi pr\u00e9sent (vid\u00e9o)"}]},{"@type":"WebSite","@id":"https:\/\/kapitalis.com\/tunisie\/#website","url":"https:\/\/kapitalis.com\/tunisie\/","name":"Kapitalis","description":"L&#039;actualit\u00e9 en Tunisie et dans le monde","publisher":{"@id":"https:\/\/kapitalis.com\/tunisie\/#organization"},"potentialAction":[{"@type":"SearchAction","target":{"@type":"EntryPoint","urlTemplate":"https:\/\/kapitalis.com\/tunisie\/?s={search_term_string}"},"query-input":{"@type":"PropertyValueSpecification","valueRequired":true,"valueName":"search_term_string"}}],"inLanguage":"fr-FR"},{"@type":"Organization","@id":"https:\/\/kapitalis.com\/tunisie\/#organization","name":"Kapitalis","url":"https:\/\/kapitalis.com\/tunisie\/","logo":{"@type":"ImageObject","inLanguage":"fr-FR","@id":"https:\/\/kapitalis.com\/tunisie\/#\/schema\/logo\/image\/","url":"https:\/\/kapitalis.com\/tunisie\/wp-content\/uploads\/2022\/05\/Kapitalis-big-size.png","contentUrl":"https:\/\/kapitalis.com\/tunisie\/wp-content\/uploads\/2022\/05\/Kapitalis-big-size.png","width":5000,"height":1500,"caption":"Kapitalis"},"image":{"@id":"https:\/\/kapitalis.com\/tunisie\/#\/schema\/logo\/image\/"},"sameAs":["https:\/\/www.facebook.com\/KapitalisInfo\/","https:\/\/x.com\/KapitalisInfo","https:\/\/www.youtube.com\/channel\/UC-yDYrHyfFBWWZaOw3FPg9Q"]},{"@type":"Person","@id":"https:\/\/kapitalis.com\/tunisie\/#\/schema\/person\/035372e645ad321edc01006468cd4c8b","name":"benmansour3 benmansour","url":"https:\/\/kapitalis.com\/tunisie\/author\/benmansour3\/"}]}},"_links":{"self":[{"href":"https:\/\/kapitalis.com\/tunisie\/wp-json\/wp\/v2\/posts\/25513","targetHints":{"allow":["GET"]}}],"collection":[{"href":"https:\/\/kapitalis.com\/tunisie\/wp-json\/wp\/v2\/posts"}],"about":[{"href":"https:\/\/kapitalis.com\/tunisie\/wp-json\/wp\/v2\/types\/post"}],"author":[{"embeddable":true,"href":"https:\/\/kapitalis.com\/tunisie\/wp-json\/wp\/v2\/users\/11"}],"replies":[{"embeddable":true,"href":"https:\/\/kapitalis.com\/tunisie\/wp-json\/wp\/v2\/comments?post=25513"}],"version-history":[{"count":0,"href":"https:\/\/kapitalis.com\/tunisie\/wp-json\/wp\/v2\/posts\/25513\/revisions"}],"wp:featuredmedia":[{"embeddable":true,"href":"https:\/\/kapitalis.com\/tunisie\/wp-json\/wp\/v2\/media\/25526"}],"wp:attachment":[{"href":"https:\/\/kapitalis.com\/tunisie\/wp-json\/wp\/v2\/media?parent=25513"}],"wp:term":[{"taxonomy":"category","embeddable":true,"href":"https:\/\/kapitalis.com\/tunisie\/wp-json\/wp\/v2\/categories?post=25513"},{"taxonomy":"post_tag","embeddable":true,"href":"https:\/\/kapitalis.com\/tunisie\/wp-json\/wp\/v2\/tags?post=25513"}],"curies":[{"name":"wp","href":"https:\/\/api.w.org\/{rel}","templated":true}]}}